{"id":11928,"date":"2025-06-16T15:21:16","date_gmt":"2025-06-16T18:21:16","guid":{"rendered":"https:\/\/www.padreeustaquio.com.br\/?p=11928"},"modified":"2025-06-16T15:22:18","modified_gmt":"2025-06-16T18:22:18","slug":"pilgrims-from-the-parish-of-santana-visit-the-father-eustaquio-memorial-sanctuary-and-museum","status":"publish","type":"post","link":"https:\/\/www.padreeustaquio.com.br\/en\/pilgrims-from-the-parish-of-santana-visit-the-father-eustaquio-memorial-sanctuary-and-museum\/","title":{"rendered":"Pilgrims from the Parish of Santana visit the Padre Eust\u00e1quio Museum and celebrate at the Sanctuary."},"content":{"rendered":"<p>Last Saturday, June 14th, about 40 faithful from the Apostolate of Prayer of the Parish of Santana (BH) made a jubilee pilgrimage to the Sanctuary of Health and Peace \u2013 Church of Blessed Father Eust\u00e1quio.<\/p>\n<p>In keeping with the Jubilee of the Holy Year of Hope, the faithful experienced profound moments of prayer, reflection, and learning about the life of the Blessed, guided by the words of Fr. Vin\u00edcius Maciel, SS.CC, vice-postulator of the Cause of Canonization of the Blessed.<\/p>\n<p>The visit to the memorial and museum of the Blessed moved the pilgrims, and the Jubilee Celebration followed by Holy Mass, presided over by Fr. Reginaldo and with the presence of Fr. Danilo, sealed this encounter with faith and gratitude.<\/p>\n<p>The entire time of learning and prayer was accompanied by the researcher of the Cause of Canonization, Leandro Castro, who guided the pilgrims in moments of reflection on the life and holiness of Blessed Father Eust\u00e1quio.<\/p>\n\n\t\t<style type=\"text\/css\">\n\t\t\t#gallery-1 {\n\t\t\t\tmargin: auto;\n\t\t\t}\n\t\t\t#gallery-1 .gallery-item {\n\t\t\t\tfloat: left;\n\t\t\t\tmargin-top: 10px;\n\t\t\t\ttext-align: center;\n\t\t\t\twidth: 25%;\n\t\t\t}\n\t\t\t#gallery-1 img {\n\t\t\t\tborder: 2px solid #cfcfcf;\n\t\t\t}\n\t\t\t#gallery-1 .gallery-caption {\n\t\t\t\tmargin-left: 0;\n\t\t\t}\n\t\t\t\/* see gallery_shortcode() in wp-includes\/media.php *\/\n\t\t<\/style>\n\t\t<div id='gallery-1' class='gallery galleryid-11928 gallery-columns-4 gallery-size-thumbnail'><dl class='gallery-item'>\n\t\t\t<dt class='gallery-icon landscape'>\n\t\t\t\t<a href='https:\/\/www.padreeustaquio.com.br\/en\/pilgrims-from-the-parish-of-santana-visit-the-father-eustaquio-memorial-sanctuary-and-museum\/visita-memorial-2\/'><img decoding=\"async\" width=\"150\" height=\"150\" src=\"https:\/\/www.padreeustaquio.com.br\/wp-content\/uploads\/2025\/06\/visita-memorial-2-150x150.jpeg\" class=\"attachment-thumbnail size-thumbnail\" alt=\"\" srcset=\"https:\/\/www.padreeustaquio.com.br\/wp-content\/uploads\/2025\/06\/visita-memorial-2-150x150.jpeg 150w, https:\/\/www.padreeustaquio.com.br\/wp-content\/uploads\/2025\/06\/visita-memorial-2-300x300.jpeg 300w, https:\/\/www.padreeustaquio.com.br\/wp-content\/uploads\/2025\/06\/visita-memorial-2-1024x1024.jpeg 1024w, https:\/\/www.padreeustaquio.com.br\/wp-content\/uploads\/2025\/06\/visita-memorial-2-768x768.jpeg 768w, https:\/\/www.padreeustaquio.com.br\/wp-content\/uploads\/2025\/06\/visita-memorial-2-75x75.jpeg 75w, https:\/\/www.padreeustaquio.com.br\/wp-content\/uploads\/2025\/06\/visita-memorial-2-180x180.jpeg 180w, https:\/\/www.padreeustaquio.com.br\/wp-content\/uploads\/2025\/06\/visita-memorial-2-400x400.jpeg 400w, https:\/\/www.padreeustaquio.com.br\/wp-content\/uploads\/2025\/06\/visita-memorial-2-600x600.jpeg 600w, https:\/\/www.padreeustaquio.com.br\/wp-content\/uploads\/2025\/06\/visita-memorial-2.jpeg 1080w\" sizes=\"(max-width: 150px) 100vw, 150px\" \/><\/a>\n\t\t\t<\/dt><\/dl><dl class='gallery-item'>\n\t\t\t<dt class='gallery-icon landscape'>\n\t\t\t\t<a href='https:\/\/www.padreeustaquio.com.br\/en\/pilgrims-from-the-parish-of-santana-visit-the-father-eustaquio-memorial-sanctuary-and-museum\/visita-memorial-4\/'><img decoding=\"async\" width=\"150\" height=\"150\" src=\"https:\/\/www.padreeustaquio.com.br\/wp-content\/uploads\/2025\/06\/visita-memorial-4-150x150.jpeg\" class=\"attachment-thumbnail size-thumbnail\" alt=\"\" srcset=\"https:\/\/www.padreeustaquio.com.br\/wp-content\/uploads\/2025\/06\/visita-memorial-4-150x150.jpeg 150w, https:\/\/www.padreeustaquio.com.br\/wp-content\/uploads\/2025\/06\/visita-memorial-4-300x300.jpeg 300w, https:\/\/www.padreeustaquio.com.br\/wp-content\/uploads\/2025\/06\/visita-memorial-4-1024x1024.jpeg 1024w, https:\/\/www.padreeustaquio.com.br\/wp-content\/uploads\/2025\/06\/visita-memorial-4-768x768.jpeg 768w, https:\/\/www.padreeustaquio.com.br\/wp-content\/uploads\/2025\/06\/visita-memorial-4-75x75.jpeg 75w, https:\/\/www.padreeustaquio.com.br\/wp-content\/uploads\/2025\/06\/visita-memorial-4-180x180.jpeg 180w, https:\/\/www.padreeustaquio.com.br\/wp-content\/uploads\/2025\/06\/visita-memorial-4-400x400.jpeg 400w, https:\/\/www.padreeustaquio.com.br\/wp-content\/uploads\/2025\/06\/visita-memorial-4-600x600.jpeg 600w, https:\/\/www.padreeustaquio.com.br\/wp-content\/uploads\/2025\/06\/visita-memorial-4.jpeg 1080w\" sizes=\"(max-width: 150px) 100vw, 150px\" \/><\/a>\n\t\t\t<\/dt><\/dl><dl class='gallery-item'>\n\t\t\t<dt class='gallery-icon landscape'>\n\t\t\t\t<a href='https:\/\/www.padreeustaquio.com.br\/en\/pilgrims-from-the-parish-of-santana-visit-the-father-eustaquio-memorial-sanctuary-and-museum\/visita-memorial-3\/'><img decoding=\"async\" width=\"150\" height=\"150\" src=\"https:\/\/www.padreeustaquio.com.br\/wp-content\/uploads\/2025\/06\/visita-memorial-3-150x150.jpeg\" class=\"attachment-thumbnail size-thumbnail\" alt=\"\" srcset=\"https:\/\/www.padreeustaquio.com.br\/wp-content\/uploads\/2025\/06\/visita-memorial-3-150x150.jpeg 150w, https:\/\/www.padreeustaquio.com.br\/wp-content\/uploads\/2025\/06\/visita-memorial-3-300x300.jpeg 300w, https:\/\/www.padreeustaquio.com.br\/wp-content\/uploads\/2025\/06\/visita-memorial-3-1024x1024.jpeg 1024w, https:\/\/www.padreeustaquio.com.br\/wp-content\/uploads\/2025\/06\/visita-memorial-3-768x768.jpeg 768w, https:\/\/www.padreeustaquio.com.br\/wp-content\/uploads\/2025\/06\/visita-memorial-3-75x75.jpeg 75w, https:\/\/www.padreeustaquio.com.br\/wp-content\/uploads\/2025\/06\/visita-memorial-3-180x180.jpeg 180w, https:\/\/www.padreeustaquio.com.br\/wp-content\/uploads\/2025\/06\/visita-memorial-3-400x400.jpeg 400w, https:\/\/www.padreeustaquio.com.br\/wp-content\/uploads\/2025\/06\/visita-memorial-3-600x600.jpeg 600w, https:\/\/www.padreeustaquio.com.br\/wp-content\/uploads\/2025\/06\/visita-memorial-3.jpeg 1080w\" sizes=\"(max-width: 150px) 100vw, 150px\" \/><\/a>\n\t\t\t<\/dt><\/dl><dl class='gallery-item'>\n\t\t\t<dt class='gallery-icon landscape'>\n\t\t\t\t<a href='https:\/\/www.padreeustaquio.com.br\/en\/pilgrims-from-the-parish-of-santana-visit-the-father-eustaquio-memorial-sanctuary-and-museum\/visita-memorial-1\/'><img loading=\"lazy\" decoding=\"async\" width=\"150\" height=\"150\" src=\"https:\/\/www.padreeustaquio.com.br\/wp-content\/uploads\/2025\/06\/visita-memorial-1-150x150.jpeg\" class=\"attachment-thumbnail size-thumbnail\" alt=\"\" srcset=\"https:\/\/www.padreeustaquio.com.br\/wp-content\/uploads\/2025\/06\/visita-memorial-1-150x150.jpeg 150w, https:\/\/www.padreeustaquio.com.br\/wp-content\/uploads\/2025\/06\/visita-memorial-1-300x300.jpeg 300w, https:\/\/www.padreeustaquio.com.br\/wp-content\/uploads\/2025\/06\/visita-memorial-1-1024x1024.jpeg 1024w, https:\/\/www.padreeustaquio.com.br\/wp-content\/uploads\/2025\/06\/visita-memorial-1-768x768.jpeg 768w, https:\/\/www.padreeustaquio.com.br\/wp-content\/uploads\/2025\/06\/visita-memorial-1-75x75.jpeg 75w, https:\/\/www.padreeustaquio.com.br\/wp-content\/uploads\/2025\/06\/visita-memorial-1-180x180.jpeg 180w, https:\/\/www.padreeustaquio.com.br\/wp-content\/uploads\/2025\/06\/visita-memorial-1-400x400.jpeg 400w, https:\/\/www.padreeustaquio.com.br\/wp-content\/uploads\/2025\/06\/visita-memorial-1-600x600.jpeg 600w, https:\/\/www.padreeustaquio.com.br\/wp-content\/uploads\/2025\/06\/visita-memorial-1.jpeg 1080w\" sizes=\"(max-width: 150px) 100vw, 150px\" \/><\/a>\n\t\t\t<\/dt><\/dl><br style=\"clear: both\" \/>\n\t\t<\/div>","protected":false},"excerpt":{"rendered":"<p>No \u00faltimo s\u00e1bado, 14 de junho, cerca de 40 fi\u00e9is do Apostolado da Ora\u00e7\u00e3o da Par\u00f3quia de Santana (BH) fizeram uma peregrina\u00e7\u00e3o jubilar ao Santu\u00e1rio da Sa\u00fade e da Paz \u2013 Igreja do Beato Padre Eust\u00e1quio. Em sintonia com o Jubileu do Ano Santo da Esperan\u00e7a, os fi\u00e9is viveram momentos profundos de ora\u00e7\u00e3o, reflex\u00e3o e aprendizado sobre a vida do Bem-aventurado, conduzidos pelas palavras do Pe. Vin\u00edcius Maciel, SS.CC, vice-postulador da Causa de Canoniza\u00e7\u00e3o do Bem-aventurado. A visita ao memorial e ao Museu do Beato emocionou os peregrinos, e a Celebra\u00e7\u00e3o Jubilar seguida da Santa Missa, presidida pelo Pe. Reginaldo [&hellip;]<\/p>\n","protected":false},"author":2,"featured_media":11929,"comment_status":"open","ping_status":"closed","sticky":false,"template":"","format":"standard","meta":{"_acf_changed":false,"footnotes":""},"categories":[611],"tags":[],"class_list":["post-11928","post","type-post","status-publish","format-standard","has-post-thumbnail","hentry","category-noticias"],"acf":[],"yoast_head":"<!-- This site is optimized with the Yoast SEO plugin v27.2 - https:\/\/yoast.com\/product\/yoast-seo-wordpress\/ -->\n<title>Peregrinos da Par\u00f3quia de Santana visitam Museu Padre Eust\u00e1quio e celebram no Santu\u00e1rio<\/title>\n<meta name=\"description\" content=\"No \u00faltimo s\u00e1bado, 14 de junho, cerca de 40 fi\u00e9is do Apostolado da Ora\u00e7\u00e3o da Par\u00f3quia de Santana (BH) fizeram uma peregrina\u00e7\u00e3o jubilar ao Santu\u00e1rio da Sa\u00fade e da Paz \u2013 Igreja do Beato Padre Eust\u00e1quio.\" \/>\n<meta name=\"robots\" content=\"index, follow, max-snippet:-1, max-image-preview:large, max-video-preview:-1\" \/>\n<link rel=\"canonical\" href=\"https:\/\/www.padreeustaquio.com.br\/en\/pilgrims-from-the-parish-of-santana-visit-the-father-eustaquio-memorial-sanctuary-and-museum\/\" \/>\n<meta property=\"og:locale\" content=\"en_US\" \/>\n<meta property=\"og:type\" content=\"article\" \/>\n<meta property=\"og:title\" content=\"Peregrinos da Par\u00f3quia de Santana visitam Museu Padre Eust\u00e1quio e celebram no Santu\u00e1rio\" \/>\n<meta property=\"og:description\" content=\"No \u00faltimo s\u00e1bado, 14 de junho, cerca de 40 fi\u00e9is do Apostolado da Ora\u00e7\u00e3o da Par\u00f3quia de Santana (BH) fizeram uma peregrina\u00e7\u00e3o jubilar ao Santu\u00e1rio da Sa\u00fade e da Paz \u2013 Igreja do Beato Padre Eust\u00e1quio.\" \/>\n<meta property=\"og:url\" content=\"https:\/\/www.padreeustaquio.com.br\/en\/pilgrims-from-the-parish-of-santana-visit-the-father-eustaquio-memorial-sanctuary-and-museum\/\" \/>\n<meta property=\"og:site_name\" content=\"Padre Eust\u00e1quio\" \/>\n<meta property=\"article:publisher\" content=\"https:\/\/www.facebook.com\/beatopadreeustaquio\/\" \/>\n<meta property=\"article:published_time\" content=\"2025-06-16T18:21:16+00:00\" \/>\n<meta property=\"article:modified_time\" content=\"2025-06-16T18:22:18+00:00\" \/>\n<meta property=\"og:image\" content=\"https:\/\/www.padreeustaquio.com.br\/wp-content\/uploads\/2025\/06\/visita-memorial-5-e1750098003166.jpeg\" \/>\n\t<meta property=\"og:image:width\" content=\"1080\" \/>\n\t<meta property=\"og:image:height\" content=\"634\" \/>\n\t<meta property=\"og:image:type\" content=\"image\/jpeg\" \/>\n<meta name=\"author\" content=\"@sscc\" \/>\n<meta name=\"twitter:card\" content=\"summary_large_image\" \/>\n<meta name=\"twitter:creator\" content=\"@beatopeustaquio\" \/>\n<meta name=\"twitter:site\" content=\"@beatopeustaquio\" \/>\n<meta name=\"twitter:label1\" content=\"Written by\" \/>\n\t<meta name=\"twitter:data1\" content=\"@sscc\" \/>\n\t<meta name=\"twitter:label2\" content=\"Est. reading time\" \/>\n\t<meta name=\"twitter:data2\" content=\"2 minutes\" \/>\n<script type=\"application\/ld+json\" class=\"yoast-schema-graph\">{\"@context\":\"https:\/\/schema.org\",\"@graph\":[{\"@type\":\"Article\",\"@id\":\"https:\/\/www.padreeustaquio.com.br\/peregrinos-da-paroquia-de-santana-visitam-santuario-memorial-e-museu-padre-eustaquio\/#article\",\"isPartOf\":{\"@id\":\"https:\/\/www.padreeustaquio.com.br\/peregrinos-da-paroquia-de-santana-visitam-santuario-memorial-e-museu-padre-eustaquio\/\"},\"author\":{\"name\":\"@sscc\",\"@id\":\"https:\/\/www.padreeustaquio.com.br\/#\/schema\/person\/a2a51db1d00f1a7af0204a0f1ddb1566\"},\"headline\":\"Peregrinos da Par\u00f3quia de Santana visitam Museu Padre Eust\u00e1quio e celebram no Santu\u00e1rio\",\"datePublished\":\"2025-06-16T18:21:16+00:00\",\"dateModified\":\"2025-06-16T18:22:18+00:00\",\"mainEntityOfPage\":{\"@id\":\"https:\/\/www.padreeustaquio.com.br\/peregrinos-da-paroquia-de-santana-visitam-santuario-memorial-e-museu-padre-eustaquio\/\"},\"wordCount\":188,\"commentCount\":0,\"publisher\":{\"@id\":\"https:\/\/www.padreeustaquio.com.br\/#organization\"},\"image\":{\"@id\":\"https:\/\/www.padreeustaquio.com.br\/peregrinos-da-paroquia-de-santana-visitam-santuario-memorial-e-museu-padre-eustaquio\/#primaryimage\"},\"thumbnailUrl\":\"https:\/\/www.padreeustaquio.com.br\/wp-content\/uploads\/2025\/06\/visita-memorial-5-e1750098003166.jpeg\",\"articleSection\":[\"Not\u00edcias\"],\"inLanguage\":\"en-US\",\"potentialAction\":[{\"@type\":\"CommentAction\",\"name\":\"Comment\",\"target\":[\"https:\/\/www.padreeustaquio.com.br\/peregrinos-da-paroquia-de-santana-visitam-santuario-memorial-e-museu-padre-eustaquio\/#respond\"]}]},{\"@type\":\"WebPage\",\"@id\":\"https:\/\/www.padreeustaquio.com.br\/peregrinos-da-paroquia-de-santana-visitam-santuario-memorial-e-museu-padre-eustaquio\/\",\"url\":\"https:\/\/www.padreeustaquio.com.br\/peregrinos-da-paroquia-de-santana-visitam-santuario-memorial-e-museu-padre-eustaquio\/\",\"name\":\"Peregrinos da Par\u00f3quia de Santana visitam Museu Padre Eust\u00e1quio e celebram no Santu\u00e1rio\",\"isPartOf\":{\"@id\":\"https:\/\/www.padreeustaquio.com.br\/#website\"},\"primaryImageOfPage\":{\"@id\":\"https:\/\/www.padreeustaquio.com.br\/peregrinos-da-paroquia-de-santana-visitam-santuario-memorial-e-museu-padre-eustaquio\/#primaryimage\"},\"image\":{\"@id\":\"https:\/\/www.padreeustaquio.com.br\/peregrinos-da-paroquia-de-santana-visitam-santuario-memorial-e-museu-padre-eustaquio\/#primaryimage\"},\"thumbnailUrl\":\"https:\/\/www.padreeustaquio.com.br\/wp-content\/uploads\/2025\/06\/visita-memorial-5-e1750098003166.jpeg\",\"datePublished\":\"2025-06-16T18:21:16+00:00\",\"dateModified\":\"2025-06-16T18:22:18+00:00\",\"description\":\"No \u00faltimo s\u00e1bado, 14 de junho, cerca de 40 fi\u00e9is do Apostolado da Ora\u00e7\u00e3o da Par\u00f3quia de Santana (BH) fizeram uma peregrina\u00e7\u00e3o jubilar ao Santu\u00e1rio da Sa\u00fade e da Paz \u2013 Igreja do Beato Padre Eust\u00e1quio.\",\"breadcrumb\":{\"@id\":\"https:\/\/www.padreeustaquio.com.br\/peregrinos-da-paroquia-de-santana-visitam-santuario-memorial-e-museu-padre-eustaquio\/#breadcrumb\"},\"inLanguage\":\"en-US\",\"potentialAction\":[{\"@type\":\"ReadAction\",\"target\":[\"https:\/\/www.padreeustaquio.com.br\/peregrinos-da-paroquia-de-santana-visitam-santuario-memorial-e-museu-padre-eustaquio\/\"]}]},{\"@type\":\"ImageObject\",\"inLanguage\":\"en-US\",\"@id\":\"https:\/\/www.padreeustaquio.com.br\/peregrinos-da-paroquia-de-santana-visitam-santuario-memorial-e-museu-padre-eustaquio\/#primaryimage\",\"url\":\"https:\/\/www.padreeustaquio.com.br\/wp-content\/uploads\/2025\/06\/visita-memorial-5-e1750098003166.jpeg\",\"contentUrl\":\"https:\/\/www.padreeustaquio.com.br\/wp-content\/uploads\/2025\/06\/visita-memorial-5-e1750098003166.jpeg\",\"width\":1080,\"height\":634},{\"@type\":\"BreadcrumbList\",\"@id\":\"https:\/\/www.padreeustaquio.com.br\/peregrinos-da-paroquia-de-santana-visitam-santuario-memorial-e-museu-padre-eustaquio\/#breadcrumb\",\"itemListElement\":[{\"@type\":\"ListItem\",\"position\":1,\"name\":\"In\u00edcio\",\"item\":\"https:\/\/www.padreeustaquio.com.br\/\"},{\"@type\":\"ListItem\",\"position\":2,\"name\":\"Peregrinos da Par\u00f3quia de Santana visitam Museu Padre Eust\u00e1quio e celebram no Santu\u00e1rio\"}]},{\"@type\":\"WebSite\",\"@id\":\"https:\/\/www.padreeustaquio.com.br\/#website\",\"url\":\"https:\/\/www.padreeustaquio.com.br\/\",\"name\":\"Padre Eust\u00e1quio\",\"description\":\"Sa\u00fade e Paz\",\"publisher\":{\"@id\":\"https:\/\/www.padreeustaquio.com.br\/#organization\"},\"potentialAction\":[{\"@type\":\"SearchAction\",\"target\":{\"@type\":\"EntryPoint\",\"urlTemplate\":\"https:\/\/www.padreeustaquio.com.br\/?s={search_term_string}\"},\"query-input\":{\"@type\":\"PropertyValueSpecification\",\"valueRequired\":true,\"valueName\":\"search_term_string\"}}],\"inLanguage\":\"en-US\"},{\"@type\":\"Organization\",\"@id\":\"https:\/\/www.padreeustaquio.com.br\/#organization\",\"name\":\"Padre Eust\u00e1quio\",\"url\":\"https:\/\/www.padreeustaquio.com.br\/\",\"logo\":{\"@type\":\"ImageObject\",\"inLanguage\":\"en-US\",\"@id\":\"https:\/\/www.padreeustaquio.com.br\/#\/schema\/logo\/image\/\",\"url\":\"https:\/\/www.padreeustaquio.com.br\/wp-content\/uploads\/2019\/08\/marca.png\",\"contentUrl\":\"https:\/\/www.padreeustaquio.com.br\/wp-content\/uploads\/2019\/08\/marca.png\",\"width\":350,\"height\":400,\"caption\":\"Padre Eust\u00e1quio\"},\"image\":{\"@id\":\"https:\/\/www.padreeustaquio.com.br\/#\/schema\/logo\/image\/\"},\"sameAs\":[\"https:\/\/www.facebook.com\/beatopadreeustaquio\/\",\"https:\/\/x.com\/beatopeustaquio\",\"https:\/\/www.instagram.com\/beatopadreeustaquio\/\",\"https:\/\/www.youtube.com\/channel\/UCRhw7vfabnajwLxb1ZXMeIw\"]},{\"@type\":\"Person\",\"@id\":\"https:\/\/www.padreeustaquio.com.br\/#\/schema\/person\/a2a51db1d00f1a7af0204a0f1ddb1566\",\"name\":\"@sscc\",\"image\":{\"@type\":\"ImageObject\",\"inLanguage\":\"en-US\",\"@id\":\"https:\/\/secure.gravatar.com\/avatar\/68cfafa5f44617fea54071e215026e0ff06be366c3d54a8425f04fdcb86f8c5f?s=96&d=mm&r=g\",\"url\":\"https:\/\/secure.gravatar.com\/avatar\/68cfafa5f44617fea54071e215026e0ff06be366c3d54a8425f04fdcb86f8c5f?s=96&d=mm&r=g\",\"contentUrl\":\"https:\/\/secure.gravatar.com\/avatar\/68cfafa5f44617fea54071e215026e0ff06be366c3d54a8425f04fdcb86f8c5f?s=96&d=mm&r=g\",\"caption\":\"@sscc\"},\"url\":\"https:\/\/www.padreeustaquio.com.br\/en\/author\/sscc\/\"}]}<\/script>\n<!-- \/ Yoast SEO plugin. -->","yoast_head_json":{"title":"Pilgrims from the Parish of Santana visit the Padre Eust\u00e1quio Museum and celebrate at the Sanctuary.","description":"Last Saturday, June 14th, about 40 faithful from the Apostolate of Prayer of the Parish of Santana (BH) made a jubilee pilgrimage to the Sanctuary of Health and Peace \u2013 Church of Blessed Father Eust\u00e1quio.","robots":{"index":"index","follow":"follow","max-snippet":"max-snippet:-1","max-image-preview":"max-image-preview:large","max-video-preview":"max-video-preview:-1"},"canonical":"https:\/\/www.padreeustaquio.com.br\/en\/pilgrims-from-the-parish-of-santana-visit-the-father-eustaquio-memorial-sanctuary-and-museum\/","og_locale":"en_US","og_type":"article","og_title":"Peregrinos da Par\u00f3quia de Santana visitam Museu Padre Eust\u00e1quio e celebram no Santu\u00e1rio","og_description":"No \u00faltimo s\u00e1bado, 14 de junho, cerca de 40 fi\u00e9is do Apostolado da Ora\u00e7\u00e3o da Par\u00f3quia de Santana (BH) fizeram uma peregrina\u00e7\u00e3o jubilar ao Santu\u00e1rio da Sa\u00fade e da Paz \u2013 Igreja do Beato Padre Eust\u00e1quio.","og_url":"https:\/\/www.padreeustaquio.com.br\/en\/pilgrims-from-the-parish-of-santana-visit-the-father-eustaquio-memorial-sanctuary-and-museum\/","og_site_name":"Padre Eust\u00e1quio","article_publisher":"https:\/\/www.facebook.com\/beatopadreeustaquio\/","article_published_time":"2025-06-16T18:21:16+00:00","article_modified_time":"2025-06-16T18:22:18+00:00","og_image":[{"width":1080,"height":634,"url":"https:\/\/www.padreeustaquio.com.br\/wp-content\/uploads\/2025\/06\/visita-memorial-5-e1750098003166.jpeg","type":"image\/jpeg"}],"author":"@sscc","twitter_card":"summary_large_image","twitter_creator":"@beatopeustaquio","twitter_site":"@beatopeustaquio","twitter_misc":{"Written by":"@sscc","Est. reading time":"2 minutes"},"schema":{"@context":"https:\/\/schema.org","@graph":[{"@type":"Article","@id":"https:\/\/www.padreeustaquio.com.br\/peregrinos-da-paroquia-de-santana-visitam-santuario-memorial-e-museu-padre-eustaquio\/#article","isPartOf":{"@id":"https:\/\/www.padreeustaquio.com.br\/peregrinos-da-paroquia-de-santana-visitam-santuario-memorial-e-museu-padre-eustaquio\/"},"author":{"name":"@sscc","@id":"https:\/\/www.padreeustaquio.com.br\/#\/schema\/person\/a2a51db1d00f1a7af0204a0f1ddb1566"},"headline":"Peregrinos da Par\u00f3quia de Santana visitam Museu Padre Eust\u00e1quio e celebram no Santu\u00e1rio","datePublished":"2025-06-16T18:21:16+00:00","dateModified":"2025-06-16T18:22:18+00:00","mainEntityOfPage":{"@id":"https:\/\/www.padreeustaquio.com.br\/peregrinos-da-paroquia-de-santana-visitam-santuario-memorial-e-museu-padre-eustaquio\/"},"wordCount":188,"commentCount":0,"publisher":{"@id":"https:\/\/www.padreeustaquio.com.br\/#organization"},"image":{"@id":"https:\/\/www.padreeustaquio.com.br\/peregrinos-da-paroquia-de-santana-visitam-santuario-memorial-e-museu-padre-eustaquio\/#primaryimage"},"thumbnailUrl":"https:\/\/www.padreeustaquio.com.br\/wp-content\/uploads\/2025\/06\/visita-memorial-5-e1750098003166.jpeg","articleSection":["Not\u00edcias"],"inLanguage":"en-US","potentialAction":[{"@type":"CommentAction","name":"Comment","target":["https:\/\/www.padreeustaquio.com.br\/peregrinos-da-paroquia-de-santana-visitam-santuario-memorial-e-museu-padre-eustaquio\/#respond"]}]},{"@type":"WebPage","@id":"https:\/\/www.padreeustaquio.com.br\/peregrinos-da-paroquia-de-santana-visitam-santuario-memorial-e-museu-padre-eustaquio\/","url":"https:\/\/www.padreeustaquio.com.br\/peregrinos-da-paroquia-de-santana-visitam-santuario-memorial-e-museu-padre-eustaquio\/","name":"Pilgrims from the Parish of Santana visit the Padre Eust\u00e1quio Museum and celebrate at the Sanctuary.","isPartOf":{"@id":"https:\/\/www.padreeustaquio.com.br\/#website"},"primaryImageOfPage":{"@id":"https:\/\/www.padreeustaquio.com.br\/peregrinos-da-paroquia-de-santana-visitam-santuario-memorial-e-museu-padre-eustaquio\/#primaryimage"},"image":{"@id":"https:\/\/www.padreeustaquio.com.br\/peregrinos-da-paroquia-de-santana-visitam-santuario-memorial-e-museu-padre-eustaquio\/#primaryimage"},"thumbnailUrl":"https:\/\/www.padreeustaquio.com.br\/wp-content\/uploads\/2025\/06\/visita-memorial-5-e1750098003166.jpeg","datePublished":"2025-06-16T18:21:16+00:00","dateModified":"2025-06-16T18:22:18+00:00","description":"Last Saturday, June 14th, about 40 faithful from the Apostolate of Prayer of the Parish of Santana (BH) made a jubilee pilgrimage to the Sanctuary of Health and Peace \u2013 Church of Blessed Father Eust\u00e1quio.","breadcrumb":{"@id":"https:\/\/www.padreeustaquio.com.br\/peregrinos-da-paroquia-de-santana-visitam-santuario-memorial-e-museu-padre-eustaquio\/#breadcrumb"},"inLanguage":"en-US","potentialAction":[{"@type":"ReadAction","target":["https:\/\/www.padreeustaquio.com.br\/peregrinos-da-paroquia-de-santana-visitam-santuario-memorial-e-museu-padre-eustaquio\/"]}]},{"@type":"ImageObject","inLanguage":"en-US","@id":"https:\/\/www.padreeustaquio.com.br\/peregrinos-da-paroquia-de-santana-visitam-santuario-memorial-e-museu-padre-eustaquio\/#primaryimage","url":"https:\/\/www.padreeustaquio.com.br\/wp-content\/uploads\/2025\/06\/visita-memorial-5-e1750098003166.jpeg","contentUrl":"https:\/\/www.padreeustaquio.com.br\/wp-content\/uploads\/2025\/06\/visita-memorial-5-e1750098003166.jpeg","width":1080,"height":634},{"@type":"BreadcrumbList","@id":"https:\/\/www.padreeustaquio.com.br\/peregrinos-da-paroquia-de-santana-visitam-santuario-memorial-e-museu-padre-eustaquio\/#breadcrumb","itemListElement":[{"@type":"ListItem","position":1,"name":"In\u00edcio","item":"https:\/\/www.padreeustaquio.com.br\/"},{"@type":"ListItem","position":2,"name":"Peregrinos da Par\u00f3quia de Santana visitam Museu Padre Eust\u00e1quio e celebram no Santu\u00e1rio"}]},{"@type":"WebSite","@id":"https:\/\/www.padreeustaquio.com.br\/#website","url":"https:\/\/www.padreeustaquio.com.br\/","name":"FATHER EUST\u00c1QUIO","description":"Health and Peace","publisher":{"@id":"https:\/\/www.padreeustaquio.com.br\/#organization"},"potentialAction":[{"@type":"SearchAction","target":{"@type":"EntryPoint","urlTemplate":"https:\/\/www.padreeustaquio.com.br\/?s={search_term_string}"},"query-input":{"@type":"PropertyValueSpecification","valueRequired":true,"valueName":"search_term_string"}}],"inLanguage":"en-US"},{"@type":"Organization","@id":"https:\/\/www.padreeustaquio.com.br\/#organization","name":"FATHER EUST\u00c1QUIO","url":"https:\/\/www.padreeustaquio.com.br\/","logo":{"@type":"ImageObject","inLanguage":"en-US","@id":"https:\/\/www.padreeustaquio.com.br\/#\/schema\/logo\/image\/","url":"https:\/\/www.padreeustaquio.com.br\/wp-content\/uploads\/2019\/08\/marca.png","contentUrl":"https:\/\/www.padreeustaquio.com.br\/wp-content\/uploads\/2019\/08\/marca.png","width":350,"height":400,"caption":"Padre Eust\u00e1quio"},"image":{"@id":"https:\/\/www.padreeustaquio.com.br\/#\/schema\/logo\/image\/"},"sameAs":["https:\/\/www.facebook.com\/beatopadreeustaquio\/","https:\/\/x.com\/beatopeustaquio","https:\/\/www.instagram.com\/beatopadreeustaquio\/","https:\/\/www.youtube.com\/channel\/UCRhw7vfabnajwLxb1ZXMeIw"]},{"@type":"Person","@id":"https:\/\/www.padreeustaquio.com.br\/#\/schema\/person\/a2a51db1d00f1a7af0204a0f1ddb1566","name":"@sscc","image":{"@type":"ImageObject","inLanguage":"en-US","@id":"https:\/\/secure.gravatar.com\/avatar\/68cfafa5f44617fea54071e215026e0ff06be366c3d54a8425f04fdcb86f8c5f?s=96&d=mm&r=g","url":"https:\/\/secure.gravatar.com\/avatar\/68cfafa5f44617fea54071e215026e0ff06be366c3d54a8425f04fdcb86f8c5f?s=96&d=mm&r=g","contentUrl":"https:\/\/secure.gravatar.com\/avatar\/68cfafa5f44617fea54071e215026e0ff06be366c3d54a8425f04fdcb86f8c5f?s=96&d=mm&r=g","caption":"@sscc"},"url":"https:\/\/www.padreeustaquio.com.br\/en\/author\/sscc\/"}]}},"_links":{"self":[{"href":"https:\/\/www.padreeustaquio.com.br\/en\/wp-json\/wp\/v2\/posts\/11928","targetHints":{"allow":["GET"]}}],"collection":[{"href":"https:\/\/www.padreeustaquio.com.br\/en\/wp-json\/wp\/v2\/posts"}],"about":[{"href":"https:\/\/www.padreeustaquio.com.br\/en\/wp-json\/wp\/v2\/types\/post"}],"author":[{"embeddable":true,"href":"https:\/\/www.padreeustaquio.com.br\/en\/wp-json\/wp\/v2\/users\/2"}],"replies":[{"embeddable":true,"href":"https:\/\/www.padreeustaquio.com.br\/en\/wp-json\/wp\/v2\/comments?post=11928"}],"version-history":[{"count":0,"href":"https:\/\/www.padreeustaquio.com.br\/en\/wp-json\/wp\/v2\/posts\/11928\/revisions"}],"wp:featuredmedia":[{"embeddable":true,"href":"https:\/\/www.padreeustaquio.com.br\/en\/wp-json\/wp\/v2\/media\/11929"}],"wp:attachment":[{"href":"https:\/\/www.padreeustaquio.com.br\/en\/wp-json\/wp\/v2\/media?parent=11928"}],"wp:term":[{"taxonomy":"category","embeddable":true,"href":"https:\/\/www.padreeustaquio.com.br\/en\/wp-json\/wp\/v2\/categories?post=11928"},{"taxonomy":"post_tag","embeddable":true,"href":"https:\/\/www.padreeustaquio.com.br\/en\/wp-json\/wp\/v2\/tags?post=11928"}],"curies":[{"name":"wp","href":"https:\/\/api.w.org\/{rel}","templated":true}]}}