{"id":11925,"date":"2025-06-10T11:50:05","date_gmt":"2025-06-10T14:50:05","guid":{"rendered":"https:\/\/www.padreeustaquio.com.br\/?p=11925"},"modified":"2025-06-10T11:50:05","modified_gmt":"2025-06-10T14:50:05","slug":"parish-of-christ-the-rising-sun-makes-a-pilgrimage-to-the-father-eustaquio-memorial-sanctuary-and-museum","status":"publish","type":"post","link":"https:\/\/www.padreeustaquio.com.br\/en\/parish-of-christ-the-rising-sun-makes-a-pilgrimage-to-the-father-eustaquio-memorial-sanctuary-and-museum\/","title":{"rendered":"Christ the Rising Sun Parish makes a pilgrimage to the Sanctuary, Memorial and Museum of Father Eust\u00e1quio."},"content":{"rendered":"<p>Pilgrims from the Cristo Sol Nascente Parish made a pilgrimage to the Sanctuary of Health and Peace, the Church of Blessed Father Eust\u00e1quio, in Belo Horizonte. The visit took place last Friday, on the occasion of the Jubilee of Hope.<\/p>\n<p>The visitors were welcomed by historian and researcher of the Cause for Canonization of Blessed Father Eust\u00e1quio, Leandro Castro. The researcher gave a guided tour of the Sanctuary, conceived by Father Eust\u00e1quio, a visit to the Memorial, and concluded the pilgrimage at the Museum.<\/p>\n<p>Father Wagner Douglas, parish priest of Cristo Sol Nascente Parish, received a first-degree relic of Blessed Father Eust\u00e1quio from the Canonization Cause team. The priest led the pilgrims in the Jubilee prayer to the Memorial, where the mortal remains of the Blessed are located.<\/p>","protected":false},"excerpt":{"rendered":"<p>Peregrinos da Par\u00f3quia Cristo Sol Nascente realizaram uma Peregrina\u00e7\u00e3o ao Santu\u00e1rio da Sa\u00fade e da Paz, a Igreja do Beato Padre Eust\u00e1quio, em Belo Horizonte. A visita aconteceu na \u00faltima sexta-feira, por ocasi\u00e3o do Jubileu da Esperan\u00e7a. Os visitantes foram acolhidos pelo historiador e pesquisador da Causa de Canoniza\u00e7\u00e3o do Beato Pe. Eust\u00e1quio, Leandro Castro. O pesquisador fez uma visita guiada pelo Santu\u00e1rio, idealizado por Pe. Eust\u00e1quio, uma visita ao Memorial e finalizou a peregrina\u00e7\u00e3o no Museu. O padre Wagner Douglas, p\u00e1roco da Par\u00f3quia Cristo Sol Nascente, recebeu das m\u00e3os da equipe da Causa de Canoniza\u00e7\u00e3o, uma rel\u00edquia de primeiro [&hellip;]<\/p>\n","protected":false},"author":2,"featured_media":11926,"comment_status":"open","ping_status":"closed","sticky":false,"template":"","format":"standard","meta":{"_acf_changed":false,"footnotes":""},"categories":[611],"tags":[],"class_list":["post-11925","post","type-post","status-publish","format-standard","has-post-thumbnail","hentry","category-noticias"],"acf":[],"yoast_head":"<!-- This site is optimized with the Yoast SEO plugin v27.2 - https:\/\/yoast.com\/product\/yoast-seo-wordpress\/ -->\n<title>Par\u00f3quia Cristo Sol Nascente faz peregrina\u00e7\u00e3o ao Santu\u00e1rio, Memorial e Museu Padre Eust\u00e1quio<\/title>\n<meta name=\"description\" content=\"Peregrinos da Par\u00f3quia Cristo Sol Nascente realizaram uma Peregrina\u00e7\u00e3o ao Santu\u00e1rio da Sa\u00fade e da Paz, a Igreja do Beato Padre Eust\u00e1quio, em Belo Horizonte. A visita aconteceu na \u00faltima sexta-feira, por ocasi\u00e3o do Jubileu da Esperan\u00e7a.\" \/>\n<meta name=\"robots\" content=\"index, follow, max-snippet:-1, max-image-preview:large, max-video-preview:-1\" \/>\n<link rel=\"canonical\" href=\"https:\/\/www.padreeustaquio.com.br\/en\/parish-of-christ-the-rising-sun-makes-a-pilgrimage-to-the-father-eustaquio-memorial-sanctuary-and-museum\/\" \/>\n<meta property=\"og:locale\" content=\"en_US\" \/>\n<meta property=\"og:type\" content=\"article\" \/>\n<meta property=\"og:title\" content=\"Par\u00f3quia Cristo Sol Nascente faz peregrina\u00e7\u00e3o ao Santu\u00e1rio, Memorial e Museu Padre Eust\u00e1quio\" \/>\n<meta property=\"og:description\" content=\"Peregrinos da Par\u00f3quia Cristo Sol Nascente realizaram uma Peregrina\u00e7\u00e3o ao Santu\u00e1rio da Sa\u00fade e da Paz, a Igreja do Beato Padre Eust\u00e1quio, em Belo Horizonte. A visita aconteceu na \u00faltima sexta-feira, por ocasi\u00e3o do Jubileu da Esperan\u00e7a.\" \/>\n<meta property=\"og:url\" content=\"https:\/\/www.padreeustaquio.com.br\/en\/parish-of-christ-the-rising-sun-makes-a-pilgrimage-to-the-father-eustaquio-memorial-sanctuary-and-museum\/\" \/>\n<meta property=\"og:site_name\" content=\"Padre Eust\u00e1quio\" \/>\n<meta property=\"article:publisher\" content=\"https:\/\/www.facebook.com\/beatopadreeustaquio\/\" \/>\n<meta property=\"article:published_time\" content=\"2025-06-10T14:50:05+00:00\" \/>\n<meta property=\"og:image\" content=\"https:\/\/www.padreeustaquio.com.br\/wp-content\/uploads\/2025\/06\/peregrinacao-Cristo-Sol-Nascente-ao-Santuario-Pe-Eustaquio-e1749566973225.jpg\" \/>\n\t<meta property=\"og:image:width\" content=\"1080\" \/>\n\t<meta property=\"og:image:height\" content=\"890\" \/>\n\t<meta property=\"og:image:type\" content=\"image\/jpeg\" \/>\n<meta name=\"author\" content=\"@sscc\" \/>\n<meta name=\"twitter:card\" content=\"summary_large_image\" \/>\n<meta name=\"twitter:creator\" content=\"@beatopeustaquio\" \/>\n<meta name=\"twitter:site\" content=\"@beatopeustaquio\" \/>\n<meta name=\"twitter:label1\" content=\"Written by\" \/>\n\t<meta name=\"twitter:data1\" content=\"@sscc\" \/>\n\t<meta name=\"twitter:label2\" content=\"Est. reading time\" \/>\n\t<meta name=\"twitter:data2\" content=\"1 minute\" \/>\n<script type=\"application\/ld+json\" class=\"yoast-schema-graph\">{\"@context\":\"https:\/\/schema.org\",\"@graph\":[{\"@type\":\"Article\",\"@id\":\"https:\/\/www.padreeustaquio.com.br\/paroquia-cristo-sol-nascente-faz-peregrinacao-ao-santuario-memorial-e-museu-padre-eustaquio\/#article\",\"isPartOf\":{\"@id\":\"https:\/\/www.padreeustaquio.com.br\/paroquia-cristo-sol-nascente-faz-peregrinacao-ao-santuario-memorial-e-museu-padre-eustaquio\/\"},\"author\":{\"name\":\"@sscc\",\"@id\":\"https:\/\/www.padreeustaquio.com.br\/#\/schema\/person\/a2a51db1d00f1a7af0204a0f1ddb1566\"},\"headline\":\"Par\u00f3quia Cristo Sol Nascente faz peregrina\u00e7\u00e3o ao Santu\u00e1rio, Memorial e Museu Padre Eust\u00e1quio\",\"datePublished\":\"2025-06-10T14:50:05+00:00\",\"mainEntityOfPage\":{\"@id\":\"https:\/\/www.padreeustaquio.com.br\/paroquia-cristo-sol-nascente-faz-peregrinacao-ao-santuario-memorial-e-museu-padre-eustaquio\/\"},\"wordCount\":159,\"commentCount\":0,\"publisher\":{\"@id\":\"https:\/\/www.padreeustaquio.com.br\/#organization\"},\"image\":{\"@id\":\"https:\/\/www.padreeustaquio.com.br\/paroquia-cristo-sol-nascente-faz-peregrinacao-ao-santuario-memorial-e-museu-padre-eustaquio\/#primaryimage\"},\"thumbnailUrl\":\"https:\/\/www.padreeustaquio.com.br\/wp-content\/uploads\/2025\/06\/peregrinacao-Cristo-Sol-Nascente-ao-Santuario-Pe-Eustaquio-e1749566973225.jpg\",\"articleSection\":[\"Not\u00edcias\"],\"inLanguage\":\"en-US\",\"potentialAction\":[{\"@type\":\"CommentAction\",\"name\":\"Comment\",\"target\":[\"https:\/\/www.padreeustaquio.com.br\/paroquia-cristo-sol-nascente-faz-peregrinacao-ao-santuario-memorial-e-museu-padre-eustaquio\/#respond\"]}]},{\"@type\":\"WebPage\",\"@id\":\"https:\/\/www.padreeustaquio.com.br\/paroquia-cristo-sol-nascente-faz-peregrinacao-ao-santuario-memorial-e-museu-padre-eustaquio\/\",\"url\":\"https:\/\/www.padreeustaquio.com.br\/paroquia-cristo-sol-nascente-faz-peregrinacao-ao-santuario-memorial-e-museu-padre-eustaquio\/\",\"name\":\"Par\u00f3quia Cristo Sol Nascente faz peregrina\u00e7\u00e3o ao Santu\u00e1rio, Memorial e Museu Padre Eust\u00e1quio\",\"isPartOf\":{\"@id\":\"https:\/\/www.padreeustaquio.com.br\/#website\"},\"primaryImageOfPage\":{\"@id\":\"https:\/\/www.padreeustaquio.com.br\/paroquia-cristo-sol-nascente-faz-peregrinacao-ao-santuario-memorial-e-museu-padre-eustaquio\/#primaryimage\"},\"image\":{\"@id\":\"https:\/\/www.padreeustaquio.com.br\/paroquia-cristo-sol-nascente-faz-peregrinacao-ao-santuario-memorial-e-museu-padre-eustaquio\/#primaryimage\"},\"thumbnailUrl\":\"https:\/\/www.padreeustaquio.com.br\/wp-content\/uploads\/2025\/06\/peregrinacao-Cristo-Sol-Nascente-ao-Santuario-Pe-Eustaquio-e1749566973225.jpg\",\"datePublished\":\"2025-06-10T14:50:05+00:00\",\"description\":\"Peregrinos da Par\u00f3quia Cristo Sol Nascente realizaram uma Peregrina\u00e7\u00e3o ao Santu\u00e1rio da Sa\u00fade e da Paz, a Igreja do Beato Padre Eust\u00e1quio, em Belo Horizonte. A visita aconteceu na \u00faltima sexta-feira, por ocasi\u00e3o do Jubileu da Esperan\u00e7a.\",\"breadcrumb\":{\"@id\":\"https:\/\/www.padreeustaquio.com.br\/paroquia-cristo-sol-nascente-faz-peregrinacao-ao-santuario-memorial-e-museu-padre-eustaquio\/#breadcrumb\"},\"inLanguage\":\"en-US\",\"potentialAction\":[{\"@type\":\"ReadAction\",\"target\":[\"https:\/\/www.padreeustaquio.com.br\/paroquia-cristo-sol-nascente-faz-peregrinacao-ao-santuario-memorial-e-museu-padre-eustaquio\/\"]}]},{\"@type\":\"ImageObject\",\"inLanguage\":\"en-US\",\"@id\":\"https:\/\/www.padreeustaquio.com.br\/paroquia-cristo-sol-nascente-faz-peregrinacao-ao-santuario-memorial-e-museu-padre-eustaquio\/#primaryimage\",\"url\":\"https:\/\/www.padreeustaquio.com.br\/wp-content\/uploads\/2025\/06\/peregrinacao-Cristo-Sol-Nascente-ao-Santuario-Pe-Eustaquio-e1749566973225.jpg\",\"contentUrl\":\"https:\/\/www.padreeustaquio.com.br\/wp-content\/uploads\/2025\/06\/peregrinacao-Cristo-Sol-Nascente-ao-Santuario-Pe-Eustaquio-e1749566973225.jpg\",\"width\":1080,\"height\":890},{\"@type\":\"BreadcrumbList\",\"@id\":\"https:\/\/www.padreeustaquio.com.br\/paroquia-cristo-sol-nascente-faz-peregrinacao-ao-santuario-memorial-e-museu-padre-eustaquio\/#breadcrumb\",\"itemListElement\":[{\"@type\":\"ListItem\",\"position\":1,\"name\":\"In\u00edcio\",\"item\":\"https:\/\/www.padreeustaquio.com.br\/\"},{\"@type\":\"ListItem\",\"position\":2,\"name\":\"Par\u00f3quia Cristo Sol Nascente faz peregrina\u00e7\u00e3o ao Santu\u00e1rio, Memorial e Museu Padre Eust\u00e1quio\"}]},{\"@type\":\"WebSite\",\"@id\":\"https:\/\/www.padreeustaquio.com.br\/#website\",\"url\":\"https:\/\/www.padreeustaquio.com.br\/\",\"name\":\"Padre Eust\u00e1quio\",\"description\":\"Sa\u00fade e Paz\",\"publisher\":{\"@id\":\"https:\/\/www.padreeustaquio.com.br\/#organization\"},\"potentialAction\":[{\"@type\":\"SearchAction\",\"target\":{\"@type\":\"EntryPoint\",\"urlTemplate\":\"https:\/\/www.padreeustaquio.com.br\/?s={search_term_string}\"},\"query-input\":{\"@type\":\"PropertyValueSpecification\",\"valueRequired\":true,\"valueName\":\"search_term_string\"}}],\"inLanguage\":\"en-US\"},{\"@type\":\"Organization\",\"@id\":\"https:\/\/www.padreeustaquio.com.br\/#organization\",\"name\":\"Padre Eust\u00e1quio\",\"url\":\"https:\/\/www.padreeustaquio.com.br\/\",\"logo\":{\"@type\":\"ImageObject\",\"inLanguage\":\"en-US\",\"@id\":\"https:\/\/www.padreeustaquio.com.br\/#\/schema\/logo\/image\/\",\"url\":\"https:\/\/www.padreeustaquio.com.br\/wp-content\/uploads\/2019\/08\/marca.png\",\"contentUrl\":\"https:\/\/www.padreeustaquio.com.br\/wp-content\/uploads\/2019\/08\/marca.png\",\"width\":350,\"height\":400,\"caption\":\"Padre Eust\u00e1quio\"},\"image\":{\"@id\":\"https:\/\/www.padreeustaquio.com.br\/#\/schema\/logo\/image\/\"},\"sameAs\":[\"https:\/\/www.facebook.com\/beatopadreeustaquio\/\",\"https:\/\/x.com\/beatopeustaquio\",\"https:\/\/www.instagram.com\/beatopadreeustaquio\/\",\"https:\/\/www.youtube.com\/channel\/UCRhw7vfabnajwLxb1ZXMeIw\"]},{\"@type\":\"Person\",\"@id\":\"https:\/\/www.padreeustaquio.com.br\/#\/schema\/person\/a2a51db1d00f1a7af0204a0f1ddb1566\",\"name\":\"@sscc\",\"image\":{\"@type\":\"ImageObject\",\"inLanguage\":\"en-US\",\"@id\":\"https:\/\/secure.gravatar.com\/avatar\/68cfafa5f44617fea54071e215026e0ff06be366c3d54a8425f04fdcb86f8c5f?s=96&d=mm&r=g\",\"url\":\"https:\/\/secure.gravatar.com\/avatar\/68cfafa5f44617fea54071e215026e0ff06be366c3d54a8425f04fdcb86f8c5f?s=96&d=mm&r=g\",\"contentUrl\":\"https:\/\/secure.gravatar.com\/avatar\/68cfafa5f44617fea54071e215026e0ff06be366c3d54a8425f04fdcb86f8c5f?s=96&d=mm&r=g\",\"caption\":\"@sscc\"},\"url\":\"https:\/\/www.padreeustaquio.com.br\/en\/author\/sscc\/\"}]}<\/script>\n<!-- \/ Yoast SEO plugin. -->","yoast_head_json":{"title":"Christ the Rising Sun Parish makes a pilgrimage to the Sanctuary, Memorial and Museum of Father Eust\u00e1quio.","description":"Pilgrims from the Cristo Sol Nascente Parish made a pilgrimage to the Sanctuary of Health and Peace, the Church of Blessed Father Eust\u00e1quio, in Belo Horizonte. The visit took place last Friday, on the occasion of the Jubilee of Hope.","robots":{"index":"index","follow":"follow","max-snippet":"max-snippet:-1","max-image-preview":"max-image-preview:large","max-video-preview":"max-video-preview:-1"},"canonical":"https:\/\/www.padreeustaquio.com.br\/en\/parish-of-christ-the-rising-sun-makes-a-pilgrimage-to-the-father-eustaquio-memorial-sanctuary-and-museum\/","og_locale":"en_US","og_type":"article","og_title":"Par\u00f3quia Cristo Sol Nascente faz peregrina\u00e7\u00e3o ao Santu\u00e1rio, Memorial e Museu Padre Eust\u00e1quio","og_description":"Peregrinos da Par\u00f3quia Cristo Sol Nascente realizaram uma Peregrina\u00e7\u00e3o ao Santu\u00e1rio da Sa\u00fade e da Paz, a Igreja do Beato Padre Eust\u00e1quio, em Belo Horizonte. A visita aconteceu na \u00faltima sexta-feira, por ocasi\u00e3o do Jubileu da Esperan\u00e7a.","og_url":"https:\/\/www.padreeustaquio.com.br\/en\/parish-of-christ-the-rising-sun-makes-a-pilgrimage-to-the-father-eustaquio-memorial-sanctuary-and-museum\/","og_site_name":"Padre Eust\u00e1quio","article_publisher":"https:\/\/www.facebook.com\/beatopadreeustaquio\/","article_published_time":"2025-06-10T14:50:05+00:00","og_image":[{"width":1080,"height":890,"url":"https:\/\/www.padreeustaquio.com.br\/wp-content\/uploads\/2025\/06\/peregrinacao-Cristo-Sol-Nascente-ao-Santuario-Pe-Eustaquio-e1749566973225.jpg","type":"image\/jpeg"}],"author":"@sscc","twitter_card":"summary_large_image","twitter_creator":"@beatopeustaquio","twitter_site":"@beatopeustaquio","twitter_misc":{"Written by":"@sscc","Est. reading time":"1 minute"},"schema":{"@context":"https:\/\/schema.org","@graph":[{"@type":"Article","@id":"https:\/\/www.padreeustaquio.com.br\/paroquia-cristo-sol-nascente-faz-peregrinacao-ao-santuario-memorial-e-museu-padre-eustaquio\/#article","isPartOf":{"@id":"https:\/\/www.padreeustaquio.com.br\/paroquia-cristo-sol-nascente-faz-peregrinacao-ao-santuario-memorial-e-museu-padre-eustaquio\/"},"author":{"name":"@sscc","@id":"https:\/\/www.padreeustaquio.com.br\/#\/schema\/person\/a2a51db1d00f1a7af0204a0f1ddb1566"},"headline":"Par\u00f3quia Cristo Sol Nascente faz peregrina\u00e7\u00e3o ao Santu\u00e1rio, Memorial e Museu Padre Eust\u00e1quio","datePublished":"2025-06-10T14:50:05+00:00","mainEntityOfPage":{"@id":"https:\/\/www.padreeustaquio.com.br\/paroquia-cristo-sol-nascente-faz-peregrinacao-ao-santuario-memorial-e-museu-padre-eustaquio\/"},"wordCount":159,"commentCount":0,"publisher":{"@id":"https:\/\/www.padreeustaquio.com.br\/#organization"},"image":{"@id":"https:\/\/www.padreeustaquio.com.br\/paroquia-cristo-sol-nascente-faz-peregrinacao-ao-santuario-memorial-e-museu-padre-eustaquio\/#primaryimage"},"thumbnailUrl":"https:\/\/www.padreeustaquio.com.br\/wp-content\/uploads\/2025\/06\/peregrinacao-Cristo-Sol-Nascente-ao-Santuario-Pe-Eustaquio-e1749566973225.jpg","articleSection":["Not\u00edcias"],"inLanguage":"en-US","potentialAction":[{"@type":"CommentAction","name":"Comment","target":["https:\/\/www.padreeustaquio.com.br\/paroquia-cristo-sol-nascente-faz-peregrinacao-ao-santuario-memorial-e-museu-padre-eustaquio\/#respond"]}]},{"@type":"WebPage","@id":"https:\/\/www.padreeustaquio.com.br\/paroquia-cristo-sol-nascente-faz-peregrinacao-ao-santuario-memorial-e-museu-padre-eustaquio\/","url":"https:\/\/www.padreeustaquio.com.br\/paroquia-cristo-sol-nascente-faz-peregrinacao-ao-santuario-memorial-e-museu-padre-eustaquio\/","name":"Christ the Rising Sun Parish makes a pilgrimage to the Sanctuary, Memorial and Museum of Father Eust\u00e1quio.","isPartOf":{"@id":"https:\/\/www.padreeustaquio.com.br\/#website"},"primaryImageOfPage":{"@id":"https:\/\/www.padreeustaquio.com.br\/paroquia-cristo-sol-nascente-faz-peregrinacao-ao-santuario-memorial-e-museu-padre-eustaquio\/#primaryimage"},"image":{"@id":"https:\/\/www.padreeustaquio.com.br\/paroquia-cristo-sol-nascente-faz-peregrinacao-ao-santuario-memorial-e-museu-padre-eustaquio\/#primaryimage"},"thumbnailUrl":"https:\/\/www.padreeustaquio.com.br\/wp-content\/uploads\/2025\/06\/peregrinacao-Cristo-Sol-Nascente-ao-Santuario-Pe-Eustaquio-e1749566973225.jpg","datePublished":"2025-06-10T14:50:05+00:00","description":"Pilgrims from the Cristo Sol Nascente Parish made a pilgrimage to the Sanctuary of Health and Peace, the Church of Blessed Father Eust\u00e1quio, in Belo Horizonte. The visit took place last Friday, on the occasion of the Jubilee of Hope.","breadcrumb":{"@id":"https:\/\/www.padreeustaquio.com.br\/paroquia-cristo-sol-nascente-faz-peregrinacao-ao-santuario-memorial-e-museu-padre-eustaquio\/#breadcrumb"},"inLanguage":"en-US","potentialAction":[{"@type":"ReadAction","target":["https:\/\/www.padreeustaquio.com.br\/paroquia-cristo-sol-nascente-faz-peregrinacao-ao-santuario-memorial-e-museu-padre-eustaquio\/"]}]},{"@type":"ImageObject","inLanguage":"en-US","@id":"https:\/\/www.padreeustaquio.com.br\/paroquia-cristo-sol-nascente-faz-peregrinacao-ao-santuario-memorial-e-museu-padre-eustaquio\/#primaryimage","url":"https:\/\/www.padreeustaquio.com.br\/wp-content\/uploads\/2025\/06\/peregrinacao-Cristo-Sol-Nascente-ao-Santuario-Pe-Eustaquio-e1749566973225.jpg","contentUrl":"https:\/\/www.padreeustaquio.com.br\/wp-content\/uploads\/2025\/06\/peregrinacao-Cristo-Sol-Nascente-ao-Santuario-Pe-Eustaquio-e1749566973225.jpg","width":1080,"height":890},{"@type":"BreadcrumbList","@id":"https:\/\/www.padreeustaquio.com.br\/paroquia-cristo-sol-nascente-faz-peregrinacao-ao-santuario-memorial-e-museu-padre-eustaquio\/#breadcrumb","itemListElement":[{"@type":"ListItem","position":1,"name":"In\u00edcio","item":"https:\/\/www.padreeustaquio.com.br\/"},{"@type":"ListItem","position":2,"name":"Par\u00f3quia Cristo Sol Nascente faz peregrina\u00e7\u00e3o ao Santu\u00e1rio, Memorial e Museu Padre Eust\u00e1quio"}]},{"@type":"WebSite","@id":"https:\/\/www.padreeustaquio.com.br\/#website","url":"https:\/\/www.padreeustaquio.com.br\/","name":"FATHER EUST\u00c1QUIO","description":"Health and Peace","publisher":{"@id":"https:\/\/www.padreeustaquio.com.br\/#organization"},"potentialAction":[{"@type":"SearchAction","target":{"@type":"EntryPoint","urlTemplate":"https:\/\/www.padreeustaquio.com.br\/?s={search_term_string}"},"query-input":{"@type":"PropertyValueSpecification","valueRequired":true,"valueName":"search_term_string"}}],"inLanguage":"en-US"},{"@type":"Organization","@id":"https:\/\/www.padreeustaquio.com.br\/#organization","name":"FATHER EUST\u00c1QUIO","url":"https:\/\/www.padreeustaquio.com.br\/","logo":{"@type":"ImageObject","inLanguage":"en-US","@id":"https:\/\/www.padreeustaquio.com.br\/#\/schema\/logo\/image\/","url":"https:\/\/www.padreeustaquio.com.br\/wp-content\/uploads\/2019\/08\/marca.png","contentUrl":"https:\/\/www.padreeustaquio.com.br\/wp-content\/uploads\/2019\/08\/marca.png","width":350,"height":400,"caption":"Padre Eust\u00e1quio"},"image":{"@id":"https:\/\/www.padreeustaquio.com.br\/#\/schema\/logo\/image\/"},"sameAs":["https:\/\/www.facebook.com\/beatopadreeustaquio\/","https:\/\/x.com\/beatopeustaquio","https:\/\/www.instagram.com\/beatopadreeustaquio\/","https:\/\/www.youtube.com\/channel\/UCRhw7vfabnajwLxb1ZXMeIw"]},{"@type":"Person","@id":"https:\/\/www.padreeustaquio.com.br\/#\/schema\/person\/a2a51db1d00f1a7af0204a0f1ddb1566","name":"@sscc","image":{"@type":"ImageObject","inLanguage":"en-US","@id":"https:\/\/secure.gravatar.com\/avatar\/68cfafa5f44617fea54071e215026e0ff06be366c3d54a8425f04fdcb86f8c5f?s=96&d=mm&r=g","url":"https:\/\/secure.gravatar.com\/avatar\/68cfafa5f44617fea54071e215026e0ff06be366c3d54a8425f04fdcb86f8c5f?s=96&d=mm&r=g","contentUrl":"https:\/\/secure.gravatar.com\/avatar\/68cfafa5f44617fea54071e215026e0ff06be366c3d54a8425f04fdcb86f8c5f?s=96&d=mm&r=g","caption":"@sscc"},"url":"https:\/\/www.padreeustaquio.com.br\/en\/author\/sscc\/"}]}},"_links":{"self":[{"href":"https:\/\/www.padreeustaquio.com.br\/en\/wp-json\/wp\/v2\/posts\/11925","targetHints":{"allow":["GET"]}}],"collection":[{"href":"https:\/\/www.padreeustaquio.com.br\/en\/wp-json\/wp\/v2\/posts"}],"about":[{"href":"https:\/\/www.padreeustaquio.com.br\/en\/wp-json\/wp\/v2\/types\/post"}],"author":[{"embeddable":true,"href":"https:\/\/www.padreeustaquio.com.br\/en\/wp-json\/wp\/v2\/users\/2"}],"replies":[{"embeddable":true,"href":"https:\/\/www.padreeustaquio.com.br\/en\/wp-json\/wp\/v2\/comments?post=11925"}],"version-history":[{"count":0,"href":"https:\/\/www.padreeustaquio.com.br\/en\/wp-json\/wp\/v2\/posts\/11925\/revisions"}],"wp:featuredmedia":[{"embeddable":true,"href":"https:\/\/www.padreeustaquio.com.br\/en\/wp-json\/wp\/v2\/media\/11926"}],"wp:attachment":[{"href":"https:\/\/www.padreeustaquio.com.br\/en\/wp-json\/wp\/v2\/media?parent=11925"}],"wp:term":[{"taxonomy":"category","embeddable":true,"href":"https:\/\/www.padreeustaquio.com.br\/en\/wp-json\/wp\/v2\/categories?post=11925"},{"taxonomy":"post_tag","embeddable":true,"href":"https:\/\/www.padreeustaquio.com.br\/en\/wp-json\/wp\/v2\/tags?post=11925"}],"curies":[{"name":"wp","href":"https:\/\/api.w.org\/{rel}","templated":true}]}}