{"id":11757,"date":"2024-11-22T07:40:33","date_gmt":"2024-11-22T10:40:33","guid":{"rendered":"https:\/\/www.padreeustaquio.com.br\/?p=11757"},"modified":"2024-11-22T14:52:57","modified_gmt":"2024-11-22T17:52:57","slug":"the-spirituality-of-father-eustaquio-and-the-theme-of-a-meeting-in-the-jequitinhonha-valley","status":"publish","type":"post","link":"https:\/\/www.padreeustaquio.com.br\/en\/the-spirituality-of-father-eustaquio-and-the-theme-of-a-meeting-in-the-jequitinhonha-valley\/","title":{"rendered":"The spirituality of Father Eust\u00e1quio is the theme of a meeting in the Jequitinhonha Valley."},"content":{"rendered":"<p>Last Saturday, November 16th, the Spirituality of Blessed Father Eust\u00e1quio was the theme of a meeting at the S\u00e3o Sebasti\u00e3o Parish, located in the municipality of \u00c1guas Vermelhas, in the Jequitinhonha Valley. Approximately 40 people participated in the \u201cMorning of Spirituality,\u201d which presented the life and history of the Blessed.<\/p>\n<p>Led by the vice-postulator of the Cause of Canonization, Father Vin\u00edcius Maciel, SS.CC, the meeting highlighted the steps of Father Eust\u00e1quio and how he intensely lived his apostolate in the Netherlands, Belgium, and especially in Brazil. Those present were able to learn about the Blessed&#039;s history and deepen their prayer and pursuit of holiness.<\/p>\n<p>The parish priest, Father Francisco Gleison, SS.CC, responsible for promoting the prayer and learning session, also participated in the meeting. In addition, Father Jorge Campos, SS.CC, from the Nossa Senhora do Carmo parish (in neighboring Divisa Alegre), was also present during the spiritual reflection. All are members of the Congregation of the Sacred Hearts and seek to spread the life, history, and spirituality of the Blessed, making Father Eust\u00e1quio&#039;s example more widely known among Brazilians.<\/p>\n\n\t\t<style type=\"text\/css\">\n\t\t\t#gallery-1 {\n\t\t\t\tmargin: auto;\n\t\t\t}\n\t\t\t#gallery-1 .gallery-item {\n\t\t\t\tfloat: left;\n\t\t\t\tmargin-top: 10px;\n\t\t\t\ttext-align: center;\n\t\t\t\twidth: 50%;\n\t\t\t}\n\t\t\t#gallery-1 img {\n\t\t\t\tborder: 2px solid #cfcfcf;\n\t\t\t}\n\t\t\t#gallery-1 .gallery-caption {\n\t\t\t\tmargin-left: 0;\n\t\t\t}\n\t\t\t\/* see gallery_shortcode() in wp-includes\/media.php *\/\n\t\t<\/style>\n\t\t<div id='gallery-1' class='gallery galleryid-11757 gallery-columns-2 gallery-size-thumbnail'><dl class='gallery-item'>\n\t\t\t<dt class='gallery-icon landscape'>\n\t\t\t\t<a href='https:\/\/www.padreeustaquio.com.br\/en\/the-spirituality-of-father-eustaquio-and-the-theme-of-a-meeting-in-the-jequitinhonha-valley\/manha-espiritualidade-aguas-vermelhas-mg-2\/'><img decoding=\"async\" width=\"150\" height=\"150\" src=\"https:\/\/www.padreeustaquio.com.br\/wp-content\/uploads\/2024\/11\/Manha-espiritualidade-aguas-vermelhas-mg-2-150x150.jpeg\" class=\"attachment-thumbnail size-thumbnail\" alt=\"\" srcset=\"https:\/\/www.padreeustaquio.com.br\/wp-content\/uploads\/2024\/11\/Manha-espiritualidade-aguas-vermelhas-mg-2-150x150.jpeg 150w, https:\/\/www.padreeustaquio.com.br\/wp-content\/uploads\/2024\/11\/Manha-espiritualidade-aguas-vermelhas-mg-2-75x75.jpeg 75w, https:\/\/www.padreeustaquio.com.br\/wp-content\/uploads\/2024\/11\/Manha-espiritualidade-aguas-vermelhas-mg-2-180x180.jpeg 180w, https:\/\/www.padreeustaquio.com.br\/wp-content\/uploads\/2024\/11\/Manha-espiritualidade-aguas-vermelhas-mg-2-400x400.jpeg 400w, https:\/\/www.padreeustaquio.com.br\/wp-content\/uploads\/2024\/11\/Manha-espiritualidade-aguas-vermelhas-mg-2-600x600.jpeg 600w\" sizes=\"(max-width: 150px) 100vw, 150px\" \/><\/a>\n\t\t\t<\/dt><\/dl><dl class='gallery-item'>\n\t\t\t<dt class='gallery-icon landscape'>\n\t\t\t\t<a href='https:\/\/www.padreeustaquio.com.br\/en\/the-spirituality-of-father-eustaquio-and-the-theme-of-a-meeting-in-the-jequitinhonha-valley\/manha-espiritualidade-aguas-vermelhas-mg-1\/'><img decoding=\"async\" width=\"150\" height=\"150\" src=\"https:\/\/www.padreeustaquio.com.br\/wp-content\/uploads\/2024\/11\/Manha-espiritualidade-aguas-vermelhas-mg-1-150x150.jpeg\" class=\"attachment-thumbnail size-thumbnail\" alt=\"\" srcset=\"https:\/\/www.padreeustaquio.com.br\/wp-content\/uploads\/2024\/11\/Manha-espiritualidade-aguas-vermelhas-mg-1-150x150.jpeg 150w, https:\/\/www.padreeustaquio.com.br\/wp-content\/uploads\/2024\/11\/Manha-espiritualidade-aguas-vermelhas-mg-1-75x75.jpeg 75w, https:\/\/www.padreeustaquio.com.br\/wp-content\/uploads\/2024\/11\/Manha-espiritualidade-aguas-vermelhas-mg-1-180x180.jpeg 180w, https:\/\/www.padreeustaquio.com.br\/wp-content\/uploads\/2024\/11\/Manha-espiritualidade-aguas-vermelhas-mg-1-400x400.jpeg 400w, https:\/\/www.padreeustaquio.com.br\/wp-content\/uploads\/2024\/11\/Manha-espiritualidade-aguas-vermelhas-mg-1-600x600.jpeg 600w\" sizes=\"(max-width: 150px) 100vw, 150px\" \/><\/a>\n\t\t\t<\/dt><\/dl><br style=\"clear: both\" \/><dl class='gallery-item'>\n\t\t\t<dt class='gallery-icon landscape'>\n\t\t\t\t<a href='https:\/\/www.padreeustaquio.com.br\/en\/the-spirituality-of-father-eustaquio-and-the-theme-of-a-meeting-in-the-jequitinhonha-valley\/manha-espiritualidade-aguas-vermelhas-mg-5\/'><img decoding=\"async\" width=\"150\" height=\"150\" src=\"https:\/\/www.padreeustaquio.com.br\/wp-content\/uploads\/2024\/11\/Manha-espiritualidade-aguas-vermelhas-mg-5-150x150.jpeg\" class=\"attachment-thumbnail size-thumbnail\" alt=\"\" srcset=\"https:\/\/www.padreeustaquio.com.br\/wp-content\/uploads\/2024\/11\/Manha-espiritualidade-aguas-vermelhas-mg-5-150x150.jpeg 150w, https:\/\/www.padreeustaquio.com.br\/wp-content\/uploads\/2024\/11\/Manha-espiritualidade-aguas-vermelhas-mg-5-75x75.jpeg 75w, https:\/\/www.padreeustaquio.com.br\/wp-content\/uploads\/2024\/11\/Manha-espiritualidade-aguas-vermelhas-mg-5-180x180.jpeg 180w, https:\/\/www.padreeustaquio.com.br\/wp-content\/uploads\/2024\/11\/Manha-espiritualidade-aguas-vermelhas-mg-5-400x400.jpeg 400w, https:\/\/www.padreeustaquio.com.br\/wp-content\/uploads\/2024\/11\/Manha-espiritualidade-aguas-vermelhas-mg-5-600x600.jpeg 600w\" sizes=\"(max-width: 150px) 100vw, 150px\" \/><\/a>\n\t\t\t<\/dt><\/dl><dl class='gallery-item'>\n\t\t\t<dt class='gallery-icon landscape'>\n\t\t\t\t<a href='https:\/\/www.padreeustaquio.com.br\/en\/the-spirituality-of-father-eustaquio-and-the-theme-of-a-meeting-in-the-jequitinhonha-valley\/manha-espiritualidade-aguas-vermelhas-mg-4\/'><img loading=\"lazy\" decoding=\"async\" width=\"150\" height=\"150\" src=\"https:\/\/www.padreeustaquio.com.br\/wp-content\/uploads\/2024\/11\/Manha-espiritualidade-aguas-vermelhas-mg-4-150x150.jpeg\" class=\"attachment-thumbnail size-thumbnail\" alt=\"\" srcset=\"https:\/\/www.padreeustaquio.com.br\/wp-content\/uploads\/2024\/11\/Manha-espiritualidade-aguas-vermelhas-mg-4-150x150.jpeg 150w, https:\/\/www.padreeustaquio.com.br\/wp-content\/uploads\/2024\/11\/Manha-espiritualidade-aguas-vermelhas-mg-4-75x75.jpeg 75w, https:\/\/www.padreeustaquio.com.br\/wp-content\/uploads\/2024\/11\/Manha-espiritualidade-aguas-vermelhas-mg-4-180x180.jpeg 180w, https:\/\/www.padreeustaquio.com.br\/wp-content\/uploads\/2024\/11\/Manha-espiritualidade-aguas-vermelhas-mg-4-400x400.jpeg 400w, https:\/\/www.padreeustaquio.com.br\/wp-content\/uploads\/2024\/11\/Manha-espiritualidade-aguas-vermelhas-mg-4-600x600.jpeg 600w\" sizes=\"(max-width: 150px) 100vw, 150px\" \/><\/a>\n\t\t\t<\/dt><\/dl><br style=\"clear: both\" \/>\n\t\t<\/div>\n\n<p>&nbsp;<\/p>","protected":false},"excerpt":{"rendered":"<p>No \u00faltimo s\u00e1bado, 16 de novembro, a Espiritualidade do Beato Padre Eust\u00e1quio foi o tema de um encontro na Par\u00f3quia S\u00e3o Sebasti\u00e3o, localizada no munic\u00edpio de \u00c1guas Vermelhas, no Vale do Jequitinhonha. Cerca de 40 pessoas participaram da &#8220;Manh\u00e3 de Espiritualidade&#8221; que apresentou a vida e a hist\u00f3ria do Bem-Aventurado. Ministrado pelo vice-postulador da Causa de Canoniza\u00e7\u00e3o, padre Vin\u00edcius Maciel, SS.CC, o encontro apontou os passos de Padre Eust\u00e1quio e como ele viveu intensamente seu apostolado na Holanda, B\u00e9lgica e, principalmente, no Brasil. Os presentes puderam conhecer a hist\u00f3ria do Beato e se aprofundarem na ora\u00e7\u00e3o e na busca pela [&hellip;]<\/p>\n","protected":false},"author":2,"featured_media":11758,"comment_status":"open","ping_status":"closed","sticky":false,"template":"","format":"standard","meta":{"_acf_changed":false,"footnotes":""},"categories":[611],"tags":[],"class_list":["post-11757","post","type-post","status-publish","format-standard","has-post-thumbnail","hentry","category-noticias"],"acf":[],"yoast_head":"<!-- This site is optimized with the Yoast SEO plugin v27.2 - https:\/\/yoast.com\/product\/yoast-seo-wordpress\/ -->\n<title>Espiritualidade de Padre Eust\u00e1quio \u00e9 tema de encontro no Vale do Jequitinhonha<\/title>\n<meta name=\"description\" content=\"No \u00faltimo s\u00e1bado, 16 de novembro, a Espiritualidade do Beato Padre Eust\u00e1quio foi o tema de um encontro na Par\u00f3quia S\u00e3o Sebasti\u00e3o, localizada no munic\u00edpio de \u00c1guas Vermelhas, no Vale do Jequitinhonha. Cerca de 40 pessoas participaram da &quot;Manh\u00e3 de Espiritualidade&quot; que apresentou a vida e a hist\u00f3ria do Bem-Aventurado.\" \/>\n<meta name=\"robots\" content=\"index, follow, max-snippet:-1, max-image-preview:large, max-video-preview:-1\" \/>\n<link rel=\"canonical\" href=\"https:\/\/www.padreeustaquio.com.br\/en\/the-spirituality-of-father-eustaquio-and-the-theme-of-a-meeting-in-the-jequitinhonha-valley\/\" \/>\n<meta property=\"og:locale\" content=\"en_US\" \/>\n<meta property=\"og:type\" content=\"article\" \/>\n<meta property=\"og:title\" content=\"Espiritualidade de Padre Eust\u00e1quio \u00e9 tema de encontro no Vale do Jequitinhonha\" \/>\n<meta property=\"og:description\" content=\"No \u00faltimo s\u00e1bado, 16 de novembro, a Espiritualidade do Beato Padre Eust\u00e1quio foi o tema de um encontro na Par\u00f3quia S\u00e3o Sebasti\u00e3o, localizada no munic\u00edpio de \u00c1guas Vermelhas, no Vale do Jequitinhonha. Cerca de 40 pessoas participaram da &quot;Manh\u00e3 de Espiritualidade&quot; que apresentou a vida e a hist\u00f3ria do Bem-Aventurado.\" \/>\n<meta property=\"og:url\" content=\"https:\/\/www.padreeustaquio.com.br\/en\/the-spirituality-of-father-eustaquio-and-the-theme-of-a-meeting-in-the-jequitinhonha-valley\/\" \/>\n<meta property=\"og:site_name\" content=\"Padre Eust\u00e1quio\" \/>\n<meta property=\"article:publisher\" content=\"https:\/\/www.facebook.com\/beatopadreeustaquio\/\" \/>\n<meta property=\"article:published_time\" content=\"2024-11-22T10:40:33+00:00\" \/>\n<meta property=\"article:modified_time\" content=\"2024-11-22T17:52:57+00:00\" \/>\n<meta property=\"og:image\" content=\"https:\/\/www.padreeustaquio.com.br\/wp-content\/uploads\/2024\/11\/Manha-espiritualidade-aguas-vermelhas-mg-3.jpeg\" \/>\n\t<meta property=\"og:image:width\" content=\"1600\" \/>\n\t<meta property=\"og:image:height\" content=\"1200\" \/>\n\t<meta property=\"og:image:type\" content=\"image\/jpeg\" \/>\n<meta name=\"author\" content=\"@sscc\" \/>\n<meta name=\"twitter:card\" content=\"summary_large_image\" \/>\n<meta name=\"twitter:creator\" content=\"@beatopeustaquio\" \/>\n<meta name=\"twitter:site\" content=\"@beatopeustaquio\" \/>\n<meta name=\"twitter:label1\" content=\"Written by\" \/>\n\t<meta name=\"twitter:data1\" content=\"@sscc\" \/>\n\t<meta name=\"twitter:label2\" content=\"Est. reading time\" \/>\n\t<meta name=\"twitter:data2\" content=\"2 minutes\" \/>\n<script type=\"application\/ld+json\" class=\"yoast-schema-graph\">{\"@context\":\"https:\/\/schema.org\",\"@graph\":[{\"@type\":\"Article\",\"@id\":\"https:\/\/www.padreeustaquio.com.br\/espiritualidade-de-padre-eustaquio-e-tema-de-encontro-no-vale-do-jequitinhonha\/#article\",\"isPartOf\":{\"@id\":\"https:\/\/www.padreeustaquio.com.br\/espiritualidade-de-padre-eustaquio-e-tema-de-encontro-no-vale-do-jequitinhonha\/\"},\"author\":{\"name\":\"@sscc\",\"@id\":\"https:\/\/www.padreeustaquio.com.br\/#\/schema\/person\/a2a51db1d00f1a7af0204a0f1ddb1566\"},\"headline\":\"Espiritualidade de Padre Eust\u00e1quio \u00e9 tema de encontro no Vale do Jequitinhonha\",\"datePublished\":\"2024-11-22T10:40:33+00:00\",\"dateModified\":\"2024-11-22T17:52:57+00:00\",\"mainEntityOfPage\":{\"@id\":\"https:\/\/www.padreeustaquio.com.br\/espiritualidade-de-padre-eustaquio-e-tema-de-encontro-no-vale-do-jequitinhonha\/\"},\"wordCount\":213,\"commentCount\":0,\"publisher\":{\"@id\":\"https:\/\/www.padreeustaquio.com.br\/#organization\"},\"image\":{\"@id\":\"https:\/\/www.padreeustaquio.com.br\/espiritualidade-de-padre-eustaquio-e-tema-de-encontro-no-vale-do-jequitinhonha\/#primaryimage\"},\"thumbnailUrl\":\"https:\/\/www.padreeustaquio.com.br\/wp-content\/uploads\/2024\/11\/Manha-espiritualidade-aguas-vermelhas-mg-3.jpeg\",\"articleSection\":[\"Not\u00edcias\"],\"inLanguage\":\"en-US\",\"potentialAction\":[{\"@type\":\"CommentAction\",\"name\":\"Comment\",\"target\":[\"https:\/\/www.padreeustaquio.com.br\/espiritualidade-de-padre-eustaquio-e-tema-de-encontro-no-vale-do-jequitinhonha\/#respond\"]}]},{\"@type\":\"WebPage\",\"@id\":\"https:\/\/www.padreeustaquio.com.br\/espiritualidade-de-padre-eustaquio-e-tema-de-encontro-no-vale-do-jequitinhonha\/\",\"url\":\"https:\/\/www.padreeustaquio.com.br\/espiritualidade-de-padre-eustaquio-e-tema-de-encontro-no-vale-do-jequitinhonha\/\",\"name\":\"Espiritualidade de Padre Eust\u00e1quio \u00e9 tema de encontro no Vale do Jequitinhonha\",\"isPartOf\":{\"@id\":\"https:\/\/www.padreeustaquio.com.br\/#website\"},\"primaryImageOfPage\":{\"@id\":\"https:\/\/www.padreeustaquio.com.br\/espiritualidade-de-padre-eustaquio-e-tema-de-encontro-no-vale-do-jequitinhonha\/#primaryimage\"},\"image\":{\"@id\":\"https:\/\/www.padreeustaquio.com.br\/espiritualidade-de-padre-eustaquio-e-tema-de-encontro-no-vale-do-jequitinhonha\/#primaryimage\"},\"thumbnailUrl\":\"https:\/\/www.padreeustaquio.com.br\/wp-content\/uploads\/2024\/11\/Manha-espiritualidade-aguas-vermelhas-mg-3.jpeg\",\"datePublished\":\"2024-11-22T10:40:33+00:00\",\"dateModified\":\"2024-11-22T17:52:57+00:00\",\"description\":\"No \u00faltimo s\u00e1bado, 16 de novembro, a Espiritualidade do Beato Padre Eust\u00e1quio foi o tema de um encontro na Par\u00f3quia S\u00e3o Sebasti\u00e3o, localizada no munic\u00edpio de \u00c1guas Vermelhas, no Vale do Jequitinhonha. Cerca de 40 pessoas participaram da \\\"Manh\u00e3 de Espiritualidade\\\" que apresentou a vida e a hist\u00f3ria do Bem-Aventurado.\",\"breadcrumb\":{\"@id\":\"https:\/\/www.padreeustaquio.com.br\/espiritualidade-de-padre-eustaquio-e-tema-de-encontro-no-vale-do-jequitinhonha\/#breadcrumb\"},\"inLanguage\":\"en-US\",\"potentialAction\":[{\"@type\":\"ReadAction\",\"target\":[\"https:\/\/www.padreeustaquio.com.br\/espiritualidade-de-padre-eustaquio-e-tema-de-encontro-no-vale-do-jequitinhonha\/\"]}]},{\"@type\":\"ImageObject\",\"inLanguage\":\"en-US\",\"@id\":\"https:\/\/www.padreeustaquio.com.br\/espiritualidade-de-padre-eustaquio-e-tema-de-encontro-no-vale-do-jequitinhonha\/#primaryimage\",\"url\":\"https:\/\/www.padreeustaquio.com.br\/wp-content\/uploads\/2024\/11\/Manha-espiritualidade-aguas-vermelhas-mg-3.jpeg\",\"contentUrl\":\"https:\/\/www.padreeustaquio.com.br\/wp-content\/uploads\/2024\/11\/Manha-espiritualidade-aguas-vermelhas-mg-3.jpeg\",\"width\":1600,\"height\":1200},{\"@type\":\"BreadcrumbList\",\"@id\":\"https:\/\/www.padreeustaquio.com.br\/espiritualidade-de-padre-eustaquio-e-tema-de-encontro-no-vale-do-jequitinhonha\/#breadcrumb\",\"itemListElement\":[{\"@type\":\"ListItem\",\"position\":1,\"name\":\"In\u00edcio\",\"item\":\"https:\/\/www.padreeustaquio.com.br\/\"},{\"@type\":\"ListItem\",\"position\":2,\"name\":\"Espiritualidade de Padre Eust\u00e1quio \u00e9 tema de encontro no Vale do Jequitinhonha\"}]},{\"@type\":\"WebSite\",\"@id\":\"https:\/\/www.padreeustaquio.com.br\/#website\",\"url\":\"https:\/\/www.padreeustaquio.com.br\/\",\"name\":\"Padre Eust\u00e1quio\",\"description\":\"Sa\u00fade e Paz\",\"publisher\":{\"@id\":\"https:\/\/www.padreeustaquio.com.br\/#organization\"},\"potentialAction\":[{\"@type\":\"SearchAction\",\"target\":{\"@type\":\"EntryPoint\",\"urlTemplate\":\"https:\/\/www.padreeustaquio.com.br\/?s={search_term_string}\"},\"query-input\":{\"@type\":\"PropertyValueSpecification\",\"valueRequired\":true,\"valueName\":\"search_term_string\"}}],\"inLanguage\":\"en-US\"},{\"@type\":\"Organization\",\"@id\":\"https:\/\/www.padreeustaquio.com.br\/#organization\",\"name\":\"Padre Eust\u00e1quio\",\"url\":\"https:\/\/www.padreeustaquio.com.br\/\",\"logo\":{\"@type\":\"ImageObject\",\"inLanguage\":\"en-US\",\"@id\":\"https:\/\/www.padreeustaquio.com.br\/#\/schema\/logo\/image\/\",\"url\":\"https:\/\/www.padreeustaquio.com.br\/wp-content\/uploads\/2019\/08\/marca.png\",\"contentUrl\":\"https:\/\/www.padreeustaquio.com.br\/wp-content\/uploads\/2019\/08\/marca.png\",\"width\":350,\"height\":400,\"caption\":\"Padre Eust\u00e1quio\"},\"image\":{\"@id\":\"https:\/\/www.padreeustaquio.com.br\/#\/schema\/logo\/image\/\"},\"sameAs\":[\"https:\/\/www.facebook.com\/beatopadreeustaquio\/\",\"https:\/\/x.com\/beatopeustaquio\",\"https:\/\/www.instagram.com\/beatopadreeustaquio\/\",\"https:\/\/www.youtube.com\/channel\/UCRhw7vfabnajwLxb1ZXMeIw\"]},{\"@type\":\"Person\",\"@id\":\"https:\/\/www.padreeustaquio.com.br\/#\/schema\/person\/a2a51db1d00f1a7af0204a0f1ddb1566\",\"name\":\"@sscc\",\"image\":{\"@type\":\"ImageObject\",\"inLanguage\":\"en-US\",\"@id\":\"https:\/\/secure.gravatar.com\/avatar\/68cfafa5f44617fea54071e215026e0ff06be366c3d54a8425f04fdcb86f8c5f?s=96&d=mm&r=g\",\"url\":\"https:\/\/secure.gravatar.com\/avatar\/68cfafa5f44617fea54071e215026e0ff06be366c3d54a8425f04fdcb86f8c5f?s=96&d=mm&r=g\",\"contentUrl\":\"https:\/\/secure.gravatar.com\/avatar\/68cfafa5f44617fea54071e215026e0ff06be366c3d54a8425f04fdcb86f8c5f?s=96&d=mm&r=g\",\"caption\":\"@sscc\"},\"url\":\"https:\/\/www.padreeustaquio.com.br\/en\/author\/sscc\/\"}]}<\/script>\n<!-- \/ Yoast SEO plugin. -->","yoast_head_json":{"title":"The spirituality of Father Eust\u00e1quio is the theme of a meeting in the Jequitinhonha Valley.","description":"Last Saturday, November 16th, the Spirituality of Blessed Father Eustace was the theme of a meeting at the S\u00e3o Sebasti\u00e3o Parish, located in the municipality of \u00c1guas Vermelhas, in the Jequitinhonha Valley. Approximately 40 people participated in the &quot;Morning of Spirituality,&quot; which presented the life and history of the Blessed.","robots":{"index":"index","follow":"follow","max-snippet":"max-snippet:-1","max-image-preview":"max-image-preview:large","max-video-preview":"max-video-preview:-1"},"canonical":"https:\/\/www.padreeustaquio.com.br\/en\/the-spirituality-of-father-eustaquio-and-the-theme-of-a-meeting-in-the-jequitinhonha-valley\/","og_locale":"en_US","og_type":"article","og_title":"Espiritualidade de Padre Eust\u00e1quio \u00e9 tema de encontro no Vale do Jequitinhonha","og_description":"No \u00faltimo s\u00e1bado, 16 de novembro, a Espiritualidade do Beato Padre Eust\u00e1quio foi o tema de um encontro na Par\u00f3quia S\u00e3o Sebasti\u00e3o, localizada no munic\u00edpio de \u00c1guas Vermelhas, no Vale do Jequitinhonha. Cerca de 40 pessoas participaram da \"Manh\u00e3 de Espiritualidade\" que apresentou a vida e a hist\u00f3ria do Bem-Aventurado.","og_url":"https:\/\/www.padreeustaquio.com.br\/en\/the-spirituality-of-father-eustaquio-and-the-theme-of-a-meeting-in-the-jequitinhonha-valley\/","og_site_name":"Padre Eust\u00e1quio","article_publisher":"https:\/\/www.facebook.com\/beatopadreeustaquio\/","article_published_time":"2024-11-22T10:40:33+00:00","article_modified_time":"2024-11-22T17:52:57+00:00","og_image":[{"width":1600,"height":1200,"url":"https:\/\/www.padreeustaquio.com.br\/wp-content\/uploads\/2024\/11\/Manha-espiritualidade-aguas-vermelhas-mg-3.jpeg","type":"image\/jpeg"}],"author":"@sscc","twitter_card":"summary_large_image","twitter_creator":"@beatopeustaquio","twitter_site":"@beatopeustaquio","twitter_misc":{"Written by":"@sscc","Est. reading time":"2 minutes"},"schema":{"@context":"https:\/\/schema.org","@graph":[{"@type":"Article","@id":"https:\/\/www.padreeustaquio.com.br\/espiritualidade-de-padre-eustaquio-e-tema-de-encontro-no-vale-do-jequitinhonha\/#article","isPartOf":{"@id":"https:\/\/www.padreeustaquio.com.br\/espiritualidade-de-padre-eustaquio-e-tema-de-encontro-no-vale-do-jequitinhonha\/"},"author":{"name":"@sscc","@id":"https:\/\/www.padreeustaquio.com.br\/#\/schema\/person\/a2a51db1d00f1a7af0204a0f1ddb1566"},"headline":"Espiritualidade de Padre Eust\u00e1quio \u00e9 tema de encontro no Vale do Jequitinhonha","datePublished":"2024-11-22T10:40:33+00:00","dateModified":"2024-11-22T17:52:57+00:00","mainEntityOfPage":{"@id":"https:\/\/www.padreeustaquio.com.br\/espiritualidade-de-padre-eustaquio-e-tema-de-encontro-no-vale-do-jequitinhonha\/"},"wordCount":213,"commentCount":0,"publisher":{"@id":"https:\/\/www.padreeustaquio.com.br\/#organization"},"image":{"@id":"https:\/\/www.padreeustaquio.com.br\/espiritualidade-de-padre-eustaquio-e-tema-de-encontro-no-vale-do-jequitinhonha\/#primaryimage"},"thumbnailUrl":"https:\/\/www.padreeustaquio.com.br\/wp-content\/uploads\/2024\/11\/Manha-espiritualidade-aguas-vermelhas-mg-3.jpeg","articleSection":["Not\u00edcias"],"inLanguage":"en-US","potentialAction":[{"@type":"CommentAction","name":"Comment","target":["https:\/\/www.padreeustaquio.com.br\/espiritualidade-de-padre-eustaquio-e-tema-de-encontro-no-vale-do-jequitinhonha\/#respond"]}]},{"@type":"WebPage","@id":"https:\/\/www.padreeustaquio.com.br\/espiritualidade-de-padre-eustaquio-e-tema-de-encontro-no-vale-do-jequitinhonha\/","url":"https:\/\/www.padreeustaquio.com.br\/espiritualidade-de-padre-eustaquio-e-tema-de-encontro-no-vale-do-jequitinhonha\/","name":"The spirituality of Father Eust\u00e1quio is the theme of a meeting in the Jequitinhonha Valley.","isPartOf":{"@id":"https:\/\/www.padreeustaquio.com.br\/#website"},"primaryImageOfPage":{"@id":"https:\/\/www.padreeustaquio.com.br\/espiritualidade-de-padre-eustaquio-e-tema-de-encontro-no-vale-do-jequitinhonha\/#primaryimage"},"image":{"@id":"https:\/\/www.padreeustaquio.com.br\/espiritualidade-de-padre-eustaquio-e-tema-de-encontro-no-vale-do-jequitinhonha\/#primaryimage"},"thumbnailUrl":"https:\/\/www.padreeustaquio.com.br\/wp-content\/uploads\/2024\/11\/Manha-espiritualidade-aguas-vermelhas-mg-3.jpeg","datePublished":"2024-11-22T10:40:33+00:00","dateModified":"2024-11-22T17:52:57+00:00","description":"Last Saturday, November 16th, the Spirituality of Blessed Father Eustace was the theme of a meeting at the S\u00e3o Sebasti\u00e3o Parish, located in the municipality of \u00c1guas Vermelhas, in the Jequitinhonha Valley. Approximately 40 people participated in the &quot;Morning of Spirituality,&quot; which presented the life and history of the Blessed.","breadcrumb":{"@id":"https:\/\/www.padreeustaquio.com.br\/espiritualidade-de-padre-eustaquio-e-tema-de-encontro-no-vale-do-jequitinhonha\/#breadcrumb"},"inLanguage":"en-US","potentialAction":[{"@type":"ReadAction","target":["https:\/\/www.padreeustaquio.com.br\/espiritualidade-de-padre-eustaquio-e-tema-de-encontro-no-vale-do-jequitinhonha\/"]}]},{"@type":"ImageObject","inLanguage":"en-US","@id":"https:\/\/www.padreeustaquio.com.br\/espiritualidade-de-padre-eustaquio-e-tema-de-encontro-no-vale-do-jequitinhonha\/#primaryimage","url":"https:\/\/www.padreeustaquio.com.br\/wp-content\/uploads\/2024\/11\/Manha-espiritualidade-aguas-vermelhas-mg-3.jpeg","contentUrl":"https:\/\/www.padreeustaquio.com.br\/wp-content\/uploads\/2024\/11\/Manha-espiritualidade-aguas-vermelhas-mg-3.jpeg","width":1600,"height":1200},{"@type":"BreadcrumbList","@id":"https:\/\/www.padreeustaquio.com.br\/espiritualidade-de-padre-eustaquio-e-tema-de-encontro-no-vale-do-jequitinhonha\/#breadcrumb","itemListElement":[{"@type":"ListItem","position":1,"name":"In\u00edcio","item":"https:\/\/www.padreeustaquio.com.br\/"},{"@type":"ListItem","position":2,"name":"Espiritualidade de Padre Eust\u00e1quio \u00e9 tema de encontro no Vale do Jequitinhonha"}]},{"@type":"WebSite","@id":"https:\/\/www.padreeustaquio.com.br\/#website","url":"https:\/\/www.padreeustaquio.com.br\/","name":"FATHER EUST\u00c1QUIO","description":"Health and Peace","publisher":{"@id":"https:\/\/www.padreeustaquio.com.br\/#organization"},"potentialAction":[{"@type":"SearchAction","target":{"@type":"EntryPoint","urlTemplate":"https:\/\/www.padreeustaquio.com.br\/?s={search_term_string}"},"query-input":{"@type":"PropertyValueSpecification","valueRequired":true,"valueName":"search_term_string"}}],"inLanguage":"en-US"},{"@type":"Organization","@id":"https:\/\/www.padreeustaquio.com.br\/#organization","name":"FATHER EUST\u00c1QUIO","url":"https:\/\/www.padreeustaquio.com.br\/","logo":{"@type":"ImageObject","inLanguage":"en-US","@id":"https:\/\/www.padreeustaquio.com.br\/#\/schema\/logo\/image\/","url":"https:\/\/www.padreeustaquio.com.br\/wp-content\/uploads\/2019\/08\/marca.png","contentUrl":"https:\/\/www.padreeustaquio.com.br\/wp-content\/uploads\/2019\/08\/marca.png","width":350,"height":400,"caption":"Padre Eust\u00e1quio"},"image":{"@id":"https:\/\/www.padreeustaquio.com.br\/#\/schema\/logo\/image\/"},"sameAs":["https:\/\/www.facebook.com\/beatopadreeustaquio\/","https:\/\/x.com\/beatopeustaquio","https:\/\/www.instagram.com\/beatopadreeustaquio\/","https:\/\/www.youtube.com\/channel\/UCRhw7vfabnajwLxb1ZXMeIw"]},{"@type":"Person","@id":"https:\/\/www.padreeustaquio.com.br\/#\/schema\/person\/a2a51db1d00f1a7af0204a0f1ddb1566","name":"@sscc","image":{"@type":"ImageObject","inLanguage":"en-US","@id":"https:\/\/secure.gravatar.com\/avatar\/68cfafa5f44617fea54071e215026e0ff06be366c3d54a8425f04fdcb86f8c5f?s=96&d=mm&r=g","url":"https:\/\/secure.gravatar.com\/avatar\/68cfafa5f44617fea54071e215026e0ff06be366c3d54a8425f04fdcb86f8c5f?s=96&d=mm&r=g","contentUrl":"https:\/\/secure.gravatar.com\/avatar\/68cfafa5f44617fea54071e215026e0ff06be366c3d54a8425f04fdcb86f8c5f?s=96&d=mm&r=g","caption":"@sscc"},"url":"https:\/\/www.padreeustaquio.com.br\/en\/author\/sscc\/"}]}},"_links":{"self":[{"href":"https:\/\/www.padreeustaquio.com.br\/en\/wp-json\/wp\/v2\/posts\/11757","targetHints":{"allow":["GET"]}}],"collection":[{"href":"https:\/\/www.padreeustaquio.com.br\/en\/wp-json\/wp\/v2\/posts"}],"about":[{"href":"https:\/\/www.padreeustaquio.com.br\/en\/wp-json\/wp\/v2\/types\/post"}],"author":[{"embeddable":true,"href":"https:\/\/www.padreeustaquio.com.br\/en\/wp-json\/wp\/v2\/users\/2"}],"replies":[{"embeddable":true,"href":"https:\/\/www.padreeustaquio.com.br\/en\/wp-json\/wp\/v2\/comments?post=11757"}],"version-history":[{"count":0,"href":"https:\/\/www.padreeustaquio.com.br\/en\/wp-json\/wp\/v2\/posts\/11757\/revisions"}],"wp:featuredmedia":[{"embeddable":true,"href":"https:\/\/www.padreeustaquio.com.br\/en\/wp-json\/wp\/v2\/media\/11758"}],"wp:attachment":[{"href":"https:\/\/www.padreeustaquio.com.br\/en\/wp-json\/wp\/v2\/media?parent=11757"}],"wp:term":[{"taxonomy":"category","embeddable":true,"href":"https:\/\/www.padreeustaquio.com.br\/en\/wp-json\/wp\/v2\/categories?post=11757"},{"taxonomy":"post_tag","embeddable":true,"href":"https:\/\/www.padreeustaquio.com.br\/en\/wp-json\/wp\/v2\/tags?post=11757"}],"curies":[{"name":"wp","href":"https:\/\/api.w.org\/{rel}","templated":true}]}}