{"id":11738,"date":"2024-11-18T10:01:17","date_gmt":"2024-11-18T13:01:17","guid":{"rendered":"https:\/\/www.padreeustaquio.com.br\/?p=11738"},"modified":"2024-11-22T14:53:29","modified_gmt":"2024-11-22T17:53:29","slug":"pilgrims-from-porto-alegre-sao-paulo-visit-places-where-father-eustaquio-worked-in-the-triangulo-mineiro-region","status":"publish","type":"post","link":"https:\/\/www.padreeustaquio.com.br\/en\/pilgrims-from-porto-alegre-sao-paulo-visit-places-where-father-eustaquio-worked-in-the-triangulo-mineiro-region\/","title":{"rendered":"Pilgrims from Po\u00e1-SP visit places where Father Eust\u00e1quio worked in the Tri\u00e2ngulo Mineiro region."},"content":{"rendered":"<p>About 30 pilgrims from the city of Po\u00e1-SP visited the cities of Patroc\u00ednio and Romaria, in the Tri\u00e2ngulo Mineiro region, last weekend. The devotees had a faith-based and historical experience in the places where Blessed Father Eust\u00e1quio worked.<\/p>\n<p>Among the places visited in Patroc\u00ednio, the pilgrims went to the church of Santa Luzia, in the city center (photo). This was one of the places where Father Eust\u00e1quio served on a mission from October 1941 to February 1942.<\/p>\n<p>During the pilgrimage, participants were able to visit places of great historical and spiritual importance that marked the mission of Blessed Father Eustace, such as churches, chapels, and places that hold relics and stories about the life and legacy of the Blessed.<\/p>\n<p>The itinerary deepened the devotees&#039; knowledge of the life and mission of Father Eust\u00e1quio, in addition to providing moments of reflection and renewal of faith in sacred places. The pilgrimage was planned to spiritually enrich the faithful and bring them even closer to the example and teachings of the Blessed. The pilgrims also visited the city of Uberl\u00e2ndia, where they visited the Museum of Sacred Art of Uberl\u00e2ndia.<\/p>","protected":false},"excerpt":{"rendered":"<p>Cerca de 30 peregrinos da cidade de Po\u00e1-SP, visitaram, no \u00faltimo final de semana, as cidades de Patroc\u00ednio e Romaria, no Tri\u00e2ngulo Mineiro. Os devotos tiveram uma experi\u00eancia de f\u00e9 e hist\u00f3rica nos lugares por onde trabalhou o Beato Padre Eust\u00e1quio. Dentre os lugares visitados em Patroc\u00ednio, os romeiros foram \u00e0 igreja de Santa Luzia, no centro da cidade (foto). O local foi um dos lugares onde Padre Eust\u00e1quio serviu em miss\u00e3o de outubro de 1941 a fevereiro de 1942. Durante a peregrina\u00e7\u00e3o, os participantes puderam conhecer locais de grande import\u00e2ncia hist\u00f3rica e espiritual que marcaram a miss\u00e3o do Beato [&hellip;]<\/p>\n","protected":false},"author":2,"featured_media":11739,"comment_status":"open","ping_status":"closed","sticky":false,"template":"","format":"standard","meta":{"_acf_changed":false,"footnotes":""},"categories":[611],"tags":[],"class_list":["post-11738","post","type-post","status-publish","format-standard","has-post-thumbnail","hentry","category-noticias"],"acf":[],"yoast_head":"<!-- This site is optimized with the Yoast SEO plugin v27.2 - https:\/\/yoast.com\/product\/yoast-seo-wordpress\/ -->\n<title>Peregrinos de Po\u00e1-SP visitam locais onde Pe Eust\u00e1quio trabalhou no Tri\u00e2ngulo Mineiro<\/title>\n<meta name=\"description\" content=\"Cerca de 30 peregrinos da cidade de Po\u00e1-SP, visitaram, no \u00faltimo final de semana, as cidades de Patroc\u00ednio e Romaria, no Tri\u00e2ngulo Mineiro. Os devotos tiveram uma experi\u00eancia de f\u00e9 e hist\u00f3rica nos lugares por onde trabalhou o Beato Padre Eust\u00e1quio.\" \/>\n<meta name=\"robots\" content=\"index, follow, max-snippet:-1, max-image-preview:large, max-video-preview:-1\" \/>\n<link rel=\"canonical\" href=\"https:\/\/www.padreeustaquio.com.br\/en\/pilgrims-from-porto-alegre-sao-paulo-visit-places-where-father-eustaquio-worked-in-the-triangulo-mineiro-region\/\" \/>\n<meta property=\"og:locale\" content=\"en_US\" \/>\n<meta property=\"og:type\" content=\"article\" \/>\n<meta property=\"og:title\" content=\"Peregrinos de Po\u00e1-SP visitam locais onde Pe Eust\u00e1quio trabalhou no Tri\u00e2ngulo Mineiro\" \/>\n<meta property=\"og:description\" content=\"Cerca de 30 peregrinos da cidade de Po\u00e1-SP, visitaram, no \u00faltimo final de semana, as cidades de Patroc\u00ednio e Romaria, no Tri\u00e2ngulo Mineiro. Os devotos tiveram uma experi\u00eancia de f\u00e9 e hist\u00f3rica nos lugares por onde trabalhou o Beato Padre Eust\u00e1quio.\" \/>\n<meta property=\"og:url\" content=\"https:\/\/www.padreeustaquio.com.br\/en\/pilgrims-from-porto-alegre-sao-paulo-visit-places-where-father-eustaquio-worked-in-the-triangulo-mineiro-region\/\" \/>\n<meta property=\"og:site_name\" content=\"Padre Eust\u00e1quio\" \/>\n<meta property=\"article:publisher\" content=\"https:\/\/www.facebook.com\/beatopadreeustaquio\/\" \/>\n<meta property=\"article:published_time\" content=\"2024-11-18T13:01:17+00:00\" \/>\n<meta property=\"article:modified_time\" content=\"2024-11-22T17:53:29+00:00\" \/>\n<meta property=\"og:image\" content=\"https:\/\/www.padreeustaquio.com.br\/wp-content\/uploads\/2024\/11\/Poa-em-Patrocinio.jpeg\" \/>\n\t<meta property=\"og:image:width\" content=\"1600\" \/>\n\t<meta property=\"og:image:height\" content=\"1200\" \/>\n\t<meta property=\"og:image:type\" content=\"image\/jpeg\" \/>\n<meta name=\"author\" content=\"@sscc\" \/>\n<meta name=\"twitter:card\" content=\"summary_large_image\" \/>\n<meta name=\"twitter:creator\" content=\"@beatopeustaquio\" \/>\n<meta name=\"twitter:site\" content=\"@beatopeustaquio\" \/>\n<meta name=\"twitter:label1\" content=\"Written by\" \/>\n\t<meta name=\"twitter:data1\" content=\"@sscc\" \/>\n\t<meta name=\"twitter:label2\" content=\"Est. reading time\" \/>\n\t<meta name=\"twitter:data2\" content=\"2 minutes\" \/>\n<script type=\"application\/ld+json\" class=\"yoast-schema-graph\">{\"@context\":\"https:\/\/schema.org\",\"@graph\":[{\"@type\":\"Article\",\"@id\":\"https:\/\/www.padreeustaquio.com.br\/peregrinos-de-poa-sp-visitam-locais-onde-pe-eustaquio-trabalhou-no-triangulo-mineiro\/#article\",\"isPartOf\":{\"@id\":\"https:\/\/www.padreeustaquio.com.br\/peregrinos-de-poa-sp-visitam-locais-onde-pe-eustaquio-trabalhou-no-triangulo-mineiro\/\"},\"author\":{\"name\":\"@sscc\",\"@id\":\"https:\/\/www.padreeustaquio.com.br\/#\/schema\/person\/a2a51db1d00f1a7af0204a0f1ddb1566\"},\"headline\":\"Peregrinos de Po\u00e1-SP visitam locais onde Pe Eust\u00e1quio trabalhou no Tri\u00e2ngulo Mineiro\",\"datePublished\":\"2024-11-18T13:01:17+00:00\",\"dateModified\":\"2024-11-22T17:53:29+00:00\",\"mainEntityOfPage\":{\"@id\":\"https:\/\/www.padreeustaquio.com.br\/peregrinos-de-poa-sp-visitam-locais-onde-pe-eustaquio-trabalhou-no-triangulo-mineiro\/\"},\"wordCount\":224,\"commentCount\":0,\"publisher\":{\"@id\":\"https:\/\/www.padreeustaquio.com.br\/#organization\"},\"image\":{\"@id\":\"https:\/\/www.padreeustaquio.com.br\/peregrinos-de-poa-sp-visitam-locais-onde-pe-eustaquio-trabalhou-no-triangulo-mineiro\/#primaryimage\"},\"thumbnailUrl\":\"https:\/\/www.padreeustaquio.com.br\/wp-content\/uploads\/2024\/11\/Poa-em-Patrocinio.jpeg\",\"articleSection\":[\"Not\u00edcias\"],\"inLanguage\":\"en-US\",\"potentialAction\":[{\"@type\":\"CommentAction\",\"name\":\"Comment\",\"target\":[\"https:\/\/www.padreeustaquio.com.br\/peregrinos-de-poa-sp-visitam-locais-onde-pe-eustaquio-trabalhou-no-triangulo-mineiro\/#respond\"]}]},{\"@type\":\"WebPage\",\"@id\":\"https:\/\/www.padreeustaquio.com.br\/peregrinos-de-poa-sp-visitam-locais-onde-pe-eustaquio-trabalhou-no-triangulo-mineiro\/\",\"url\":\"https:\/\/www.padreeustaquio.com.br\/peregrinos-de-poa-sp-visitam-locais-onde-pe-eustaquio-trabalhou-no-triangulo-mineiro\/\",\"name\":\"Peregrinos de Po\u00e1-SP visitam locais onde Pe Eust\u00e1quio trabalhou no Tri\u00e2ngulo Mineiro\",\"isPartOf\":{\"@id\":\"https:\/\/www.padreeustaquio.com.br\/#website\"},\"primaryImageOfPage\":{\"@id\":\"https:\/\/www.padreeustaquio.com.br\/peregrinos-de-poa-sp-visitam-locais-onde-pe-eustaquio-trabalhou-no-triangulo-mineiro\/#primaryimage\"},\"image\":{\"@id\":\"https:\/\/www.padreeustaquio.com.br\/peregrinos-de-poa-sp-visitam-locais-onde-pe-eustaquio-trabalhou-no-triangulo-mineiro\/#primaryimage\"},\"thumbnailUrl\":\"https:\/\/www.padreeustaquio.com.br\/wp-content\/uploads\/2024\/11\/Poa-em-Patrocinio.jpeg\",\"datePublished\":\"2024-11-18T13:01:17+00:00\",\"dateModified\":\"2024-11-22T17:53:29+00:00\",\"description\":\"Cerca de 30 peregrinos da cidade de Po\u00e1-SP, visitaram, no \u00faltimo final de semana, as cidades de Patroc\u00ednio e Romaria, no Tri\u00e2ngulo Mineiro. Os devotos tiveram uma experi\u00eancia de f\u00e9 e hist\u00f3rica nos lugares por onde trabalhou o Beato Padre Eust\u00e1quio.\",\"breadcrumb\":{\"@id\":\"https:\/\/www.padreeustaquio.com.br\/peregrinos-de-poa-sp-visitam-locais-onde-pe-eustaquio-trabalhou-no-triangulo-mineiro\/#breadcrumb\"},\"inLanguage\":\"en-US\",\"potentialAction\":[{\"@type\":\"ReadAction\",\"target\":[\"https:\/\/www.padreeustaquio.com.br\/peregrinos-de-poa-sp-visitam-locais-onde-pe-eustaquio-trabalhou-no-triangulo-mineiro\/\"]}]},{\"@type\":\"ImageObject\",\"inLanguage\":\"en-US\",\"@id\":\"https:\/\/www.padreeustaquio.com.br\/peregrinos-de-poa-sp-visitam-locais-onde-pe-eustaquio-trabalhou-no-triangulo-mineiro\/#primaryimage\",\"url\":\"https:\/\/www.padreeustaquio.com.br\/wp-content\/uploads\/2024\/11\/Poa-em-Patrocinio.jpeg\",\"contentUrl\":\"https:\/\/www.padreeustaquio.com.br\/wp-content\/uploads\/2024\/11\/Poa-em-Patrocinio.jpeg\",\"width\":1600,\"height\":1200},{\"@type\":\"BreadcrumbList\",\"@id\":\"https:\/\/www.padreeustaquio.com.br\/peregrinos-de-poa-sp-visitam-locais-onde-pe-eustaquio-trabalhou-no-triangulo-mineiro\/#breadcrumb\",\"itemListElement\":[{\"@type\":\"ListItem\",\"position\":1,\"name\":\"In\u00edcio\",\"item\":\"https:\/\/www.padreeustaquio.com.br\/\"},{\"@type\":\"ListItem\",\"position\":2,\"name\":\"Peregrinos de Po\u00e1-SP visitam locais onde Pe Eust\u00e1quio trabalhou no Tri\u00e2ngulo Mineiro\"}]},{\"@type\":\"WebSite\",\"@id\":\"https:\/\/www.padreeustaquio.com.br\/#website\",\"url\":\"https:\/\/www.padreeustaquio.com.br\/\",\"name\":\"Padre Eust\u00e1quio\",\"description\":\"Sa\u00fade e Paz\",\"publisher\":{\"@id\":\"https:\/\/www.padreeustaquio.com.br\/#organization\"},\"potentialAction\":[{\"@type\":\"SearchAction\",\"target\":{\"@type\":\"EntryPoint\",\"urlTemplate\":\"https:\/\/www.padreeustaquio.com.br\/?s={search_term_string}\"},\"query-input\":{\"@type\":\"PropertyValueSpecification\",\"valueRequired\":true,\"valueName\":\"search_term_string\"}}],\"inLanguage\":\"en-US\"},{\"@type\":\"Organization\",\"@id\":\"https:\/\/www.padreeustaquio.com.br\/#organization\",\"name\":\"Padre Eust\u00e1quio\",\"url\":\"https:\/\/www.padreeustaquio.com.br\/\",\"logo\":{\"@type\":\"ImageObject\",\"inLanguage\":\"en-US\",\"@id\":\"https:\/\/www.padreeustaquio.com.br\/#\/schema\/logo\/image\/\",\"url\":\"https:\/\/www.padreeustaquio.com.br\/wp-content\/uploads\/2019\/08\/marca.png\",\"contentUrl\":\"https:\/\/www.padreeustaquio.com.br\/wp-content\/uploads\/2019\/08\/marca.png\",\"width\":350,\"height\":400,\"caption\":\"Padre Eust\u00e1quio\"},\"image\":{\"@id\":\"https:\/\/www.padreeustaquio.com.br\/#\/schema\/logo\/image\/\"},\"sameAs\":[\"https:\/\/www.facebook.com\/beatopadreeustaquio\/\",\"https:\/\/x.com\/beatopeustaquio\",\"https:\/\/www.instagram.com\/beatopadreeustaquio\/\",\"https:\/\/www.youtube.com\/channel\/UCRhw7vfabnajwLxb1ZXMeIw\"]},{\"@type\":\"Person\",\"@id\":\"https:\/\/www.padreeustaquio.com.br\/#\/schema\/person\/a2a51db1d00f1a7af0204a0f1ddb1566\",\"name\":\"@sscc\",\"image\":{\"@type\":\"ImageObject\",\"inLanguage\":\"en-US\",\"@id\":\"https:\/\/secure.gravatar.com\/avatar\/68cfafa5f44617fea54071e215026e0ff06be366c3d54a8425f04fdcb86f8c5f?s=96&d=mm&r=g\",\"url\":\"https:\/\/secure.gravatar.com\/avatar\/68cfafa5f44617fea54071e215026e0ff06be366c3d54a8425f04fdcb86f8c5f?s=96&d=mm&r=g\",\"contentUrl\":\"https:\/\/secure.gravatar.com\/avatar\/68cfafa5f44617fea54071e215026e0ff06be366c3d54a8425f04fdcb86f8c5f?s=96&d=mm&r=g\",\"caption\":\"@sscc\"},\"url\":\"https:\/\/www.padreeustaquio.com.br\/en\/author\/sscc\/\"}]}<\/script>\n<!-- \/ Yoast SEO plugin. -->","yoast_head_json":{"title":"Pilgrims from Po\u00e1-SP visit places where Father Eust\u00e1quio worked in the Tri\u00e2ngulo Mineiro region.","description":"About 30 pilgrims from the city of Po\u00e1-SP visited the cities of Patroc\u00ednio and Romaria, in the Tri\u00e2ngulo Mineiro region, last weekend. The devotees had a faith-based and historical experience in the places where Blessed Father Eust\u00e1quio worked.","robots":{"index":"index","follow":"follow","max-snippet":"max-snippet:-1","max-image-preview":"max-image-preview:large","max-video-preview":"max-video-preview:-1"},"canonical":"https:\/\/www.padreeustaquio.com.br\/en\/pilgrims-from-porto-alegre-sao-paulo-visit-places-where-father-eustaquio-worked-in-the-triangulo-mineiro-region\/","og_locale":"en_US","og_type":"article","og_title":"Peregrinos de Po\u00e1-SP visitam locais onde Pe Eust\u00e1quio trabalhou no Tri\u00e2ngulo Mineiro","og_description":"Cerca de 30 peregrinos da cidade de Po\u00e1-SP, visitaram, no \u00faltimo final de semana, as cidades de Patroc\u00ednio e Romaria, no Tri\u00e2ngulo Mineiro. Os devotos tiveram uma experi\u00eancia de f\u00e9 e hist\u00f3rica nos lugares por onde trabalhou o Beato Padre Eust\u00e1quio.","og_url":"https:\/\/www.padreeustaquio.com.br\/en\/pilgrims-from-porto-alegre-sao-paulo-visit-places-where-father-eustaquio-worked-in-the-triangulo-mineiro-region\/","og_site_name":"Padre Eust\u00e1quio","article_publisher":"https:\/\/www.facebook.com\/beatopadreeustaquio\/","article_published_time":"2024-11-18T13:01:17+00:00","article_modified_time":"2024-11-22T17:53:29+00:00","og_image":[{"width":1600,"height":1200,"url":"https:\/\/www.padreeustaquio.com.br\/wp-content\/uploads\/2024\/11\/Poa-em-Patrocinio.jpeg","type":"image\/jpeg"}],"author":"@sscc","twitter_card":"summary_large_image","twitter_creator":"@beatopeustaquio","twitter_site":"@beatopeustaquio","twitter_misc":{"Written by":"@sscc","Est. reading time":"2 minutes"},"schema":{"@context":"https:\/\/schema.org","@graph":[{"@type":"Article","@id":"https:\/\/www.padreeustaquio.com.br\/peregrinos-de-poa-sp-visitam-locais-onde-pe-eustaquio-trabalhou-no-triangulo-mineiro\/#article","isPartOf":{"@id":"https:\/\/www.padreeustaquio.com.br\/peregrinos-de-poa-sp-visitam-locais-onde-pe-eustaquio-trabalhou-no-triangulo-mineiro\/"},"author":{"name":"@sscc","@id":"https:\/\/www.padreeustaquio.com.br\/#\/schema\/person\/a2a51db1d00f1a7af0204a0f1ddb1566"},"headline":"Peregrinos de Po\u00e1-SP visitam locais onde Pe Eust\u00e1quio trabalhou no Tri\u00e2ngulo Mineiro","datePublished":"2024-11-18T13:01:17+00:00","dateModified":"2024-11-22T17:53:29+00:00","mainEntityOfPage":{"@id":"https:\/\/www.padreeustaquio.com.br\/peregrinos-de-poa-sp-visitam-locais-onde-pe-eustaquio-trabalhou-no-triangulo-mineiro\/"},"wordCount":224,"commentCount":0,"publisher":{"@id":"https:\/\/www.padreeustaquio.com.br\/#organization"},"image":{"@id":"https:\/\/www.padreeustaquio.com.br\/peregrinos-de-poa-sp-visitam-locais-onde-pe-eustaquio-trabalhou-no-triangulo-mineiro\/#primaryimage"},"thumbnailUrl":"https:\/\/www.padreeustaquio.com.br\/wp-content\/uploads\/2024\/11\/Poa-em-Patrocinio.jpeg","articleSection":["Not\u00edcias"],"inLanguage":"en-US","potentialAction":[{"@type":"CommentAction","name":"Comment","target":["https:\/\/www.padreeustaquio.com.br\/peregrinos-de-poa-sp-visitam-locais-onde-pe-eustaquio-trabalhou-no-triangulo-mineiro\/#respond"]}]},{"@type":"WebPage","@id":"https:\/\/www.padreeustaquio.com.br\/peregrinos-de-poa-sp-visitam-locais-onde-pe-eustaquio-trabalhou-no-triangulo-mineiro\/","url":"https:\/\/www.padreeustaquio.com.br\/peregrinos-de-poa-sp-visitam-locais-onde-pe-eustaquio-trabalhou-no-triangulo-mineiro\/","name":"Pilgrims from Po\u00e1-SP visit places where Father Eust\u00e1quio worked in the Tri\u00e2ngulo Mineiro region.","isPartOf":{"@id":"https:\/\/www.padreeustaquio.com.br\/#website"},"primaryImageOfPage":{"@id":"https:\/\/www.padreeustaquio.com.br\/peregrinos-de-poa-sp-visitam-locais-onde-pe-eustaquio-trabalhou-no-triangulo-mineiro\/#primaryimage"},"image":{"@id":"https:\/\/www.padreeustaquio.com.br\/peregrinos-de-poa-sp-visitam-locais-onde-pe-eustaquio-trabalhou-no-triangulo-mineiro\/#primaryimage"},"thumbnailUrl":"https:\/\/www.padreeustaquio.com.br\/wp-content\/uploads\/2024\/11\/Poa-em-Patrocinio.jpeg","datePublished":"2024-11-18T13:01:17+00:00","dateModified":"2024-11-22T17:53:29+00:00","description":"About 30 pilgrims from the city of Po\u00e1-SP visited the cities of Patroc\u00ednio and Romaria, in the Tri\u00e2ngulo Mineiro region, last weekend. The devotees had a faith-based and historical experience in the places where Blessed Father Eust\u00e1quio worked.","breadcrumb":{"@id":"https:\/\/www.padreeustaquio.com.br\/peregrinos-de-poa-sp-visitam-locais-onde-pe-eustaquio-trabalhou-no-triangulo-mineiro\/#breadcrumb"},"inLanguage":"en-US","potentialAction":[{"@type":"ReadAction","target":["https:\/\/www.padreeustaquio.com.br\/peregrinos-de-poa-sp-visitam-locais-onde-pe-eustaquio-trabalhou-no-triangulo-mineiro\/"]}]},{"@type":"ImageObject","inLanguage":"en-US","@id":"https:\/\/www.padreeustaquio.com.br\/peregrinos-de-poa-sp-visitam-locais-onde-pe-eustaquio-trabalhou-no-triangulo-mineiro\/#primaryimage","url":"https:\/\/www.padreeustaquio.com.br\/wp-content\/uploads\/2024\/11\/Poa-em-Patrocinio.jpeg","contentUrl":"https:\/\/www.padreeustaquio.com.br\/wp-content\/uploads\/2024\/11\/Poa-em-Patrocinio.jpeg","width":1600,"height":1200},{"@type":"BreadcrumbList","@id":"https:\/\/www.padreeustaquio.com.br\/peregrinos-de-poa-sp-visitam-locais-onde-pe-eustaquio-trabalhou-no-triangulo-mineiro\/#breadcrumb","itemListElement":[{"@type":"ListItem","position":1,"name":"In\u00edcio","item":"https:\/\/www.padreeustaquio.com.br\/"},{"@type":"ListItem","position":2,"name":"Peregrinos de Po\u00e1-SP visitam locais onde Pe Eust\u00e1quio trabalhou no Tri\u00e2ngulo Mineiro"}]},{"@type":"WebSite","@id":"https:\/\/www.padreeustaquio.com.br\/#website","url":"https:\/\/www.padreeustaquio.com.br\/","name":"FATHER EUST\u00c1QUIO","description":"Health and Peace","publisher":{"@id":"https:\/\/www.padreeustaquio.com.br\/#organization"},"potentialAction":[{"@type":"SearchAction","target":{"@type":"EntryPoint","urlTemplate":"https:\/\/www.padreeustaquio.com.br\/?s={search_term_string}"},"query-input":{"@type":"PropertyValueSpecification","valueRequired":true,"valueName":"search_term_string"}}],"inLanguage":"en-US"},{"@type":"Organization","@id":"https:\/\/www.padreeustaquio.com.br\/#organization","name":"FATHER EUST\u00c1QUIO","url":"https:\/\/www.padreeustaquio.com.br\/","logo":{"@type":"ImageObject","inLanguage":"en-US","@id":"https:\/\/www.padreeustaquio.com.br\/#\/schema\/logo\/image\/","url":"https:\/\/www.padreeustaquio.com.br\/wp-content\/uploads\/2019\/08\/marca.png","contentUrl":"https:\/\/www.padreeustaquio.com.br\/wp-content\/uploads\/2019\/08\/marca.png","width":350,"height":400,"caption":"Padre Eust\u00e1quio"},"image":{"@id":"https:\/\/www.padreeustaquio.com.br\/#\/schema\/logo\/image\/"},"sameAs":["https:\/\/www.facebook.com\/beatopadreeustaquio\/","https:\/\/x.com\/beatopeustaquio","https:\/\/www.instagram.com\/beatopadreeustaquio\/","https:\/\/www.youtube.com\/channel\/UCRhw7vfabnajwLxb1ZXMeIw"]},{"@type":"Person","@id":"https:\/\/www.padreeustaquio.com.br\/#\/schema\/person\/a2a51db1d00f1a7af0204a0f1ddb1566","name":"@sscc","image":{"@type":"ImageObject","inLanguage":"en-US","@id":"https:\/\/secure.gravatar.com\/avatar\/68cfafa5f44617fea54071e215026e0ff06be366c3d54a8425f04fdcb86f8c5f?s=96&d=mm&r=g","url":"https:\/\/secure.gravatar.com\/avatar\/68cfafa5f44617fea54071e215026e0ff06be366c3d54a8425f04fdcb86f8c5f?s=96&d=mm&r=g","contentUrl":"https:\/\/secure.gravatar.com\/avatar\/68cfafa5f44617fea54071e215026e0ff06be366c3d54a8425f04fdcb86f8c5f?s=96&d=mm&r=g","caption":"@sscc"},"url":"https:\/\/www.padreeustaquio.com.br\/en\/author\/sscc\/"}]}},"_links":{"self":[{"href":"https:\/\/www.padreeustaquio.com.br\/en\/wp-json\/wp\/v2\/posts\/11738","targetHints":{"allow":["GET"]}}],"collection":[{"href":"https:\/\/www.padreeustaquio.com.br\/en\/wp-json\/wp\/v2\/posts"}],"about":[{"href":"https:\/\/www.padreeustaquio.com.br\/en\/wp-json\/wp\/v2\/types\/post"}],"author":[{"embeddable":true,"href":"https:\/\/www.padreeustaquio.com.br\/en\/wp-json\/wp\/v2\/users\/2"}],"replies":[{"embeddable":true,"href":"https:\/\/www.padreeustaquio.com.br\/en\/wp-json\/wp\/v2\/comments?post=11738"}],"version-history":[{"count":0,"href":"https:\/\/www.padreeustaquio.com.br\/en\/wp-json\/wp\/v2\/posts\/11738\/revisions"}],"wp:featuredmedia":[{"embeddable":true,"href":"https:\/\/www.padreeustaquio.com.br\/en\/wp-json\/wp\/v2\/media\/11739"}],"wp:attachment":[{"href":"https:\/\/www.padreeustaquio.com.br\/en\/wp-json\/wp\/v2\/media?parent=11738"}],"wp:term":[{"taxonomy":"category","embeddable":true,"href":"https:\/\/www.padreeustaquio.com.br\/en\/wp-json\/wp\/v2\/categories?post=11738"},{"taxonomy":"post_tag","embeddable":true,"href":"https:\/\/www.padreeustaquio.com.br\/en\/wp-json\/wp\/v2\/tags?post=11738"}],"curies":[{"name":"wp","href":"https:\/\/api.w.org\/{rel}","templated":true}]}}