{"id":11733,"date":"2024-11-12T09:06:39","date_gmt":"2024-11-12T12:06:39","guid":{"rendered":"https:\/\/www.padreeustaquio.com.br\/?p=11733"},"modified":"2024-11-12T09:36:09","modified_gmt":"2024-11-12T12:36:09","slug":"divisa-alegre-and-aguas-vermelhas-in-jequitinhonha-receive-a-visit-from-the-relics-of-father-eustaquio","status":"publish","type":"post","link":"https:\/\/www.padreeustaquio.com.br\/en\/divisa-alegre-and-aguas-vermelhas-in-jequitinhonha-receive-a-visit-from-the-relics-of-father-eustaquio\/","title":{"rendered":"Divisa Alegre and \u00c1guas Vermelhas, in Jequitinhonha, receive a visit from the relics of Father Eust\u00e1quio."},"content":{"rendered":"<p>Next weekend, the cities of Divisa Alegre and \u00c1guas Vermelhas, located in the Jequitinhonha Valley, Minas Gerais, will receive a visit from the pilgrim relic of Blessed Father Eust\u00e1quio. The municipalities, which have parishes administered by the Congregation of the Sacred Hearts, are preparing a program of prayer and celebration.<\/p>\n<p>On Saturday, November 16th, the S\u00e3o Sebasti\u00e3o Parish in the city of \u00c1guas Vermelhas will hold a morning of spirituality dedicated to Blessed Father Eust\u00e1quio. The program will feature the special presence of Father Vinicius Maciel, SSSCC, vice-postulator of the Cause of Canonization of the Blessed. During the event, the relics of the Missionary of Health and Peace will be presented. At the end of the meeting, Father Vinicius will give a blessing to the sick.<\/p>\n<p>At 7:00 PM, the vice-postulator will celebrate Holy Mass at the Nossa Senhora Aparecida community. The ceremony will be concelebrated by Father Francisco Gleison, SS.CC, concluding the day of prayers and tributes in this liturgical act in honor of the Blessed.<\/p>\n<p>In the city of Divisa Alegre, also in the Jequitinhonha Valley in Minas Gerais, a three-day preparatory period will be held at the Nossa Senhora do Carmo Parish to await the arrival of the relics. The three-day period will begin this Thursday, November 14th, with Holy Mass at 7 pm. Eucharistic Celebrations will also be held on the 15th and 16th at the same time.<\/p>\n<p>The program in Divisa Alegre will conclude on Sunday, November 17th, at 10:00 AM, with the arrival of the relics in the city and a solemn mass celebrating the life and legacy of Blessed Father Eust\u00e1quio, recognized for his apostolate dedicated to welcoming and promoting health and peace. The Eucharistic Celebration will be presided over by Father Vin\u00edcius Maciel, SS.CC, and concelebrated by the local parish priest, Father Jorge Felipe Campos, SS.CC. The ceremony will also be attended by the Sisters of the Sacred Hearts who maintain a mission in the Minas Gerais city.<\/p>","protected":false},"excerpt":{"rendered":"<p>No pr\u00f3ximo fim de semana, as cidades de Divisa Alegre e \u00c1guas Vermelhas, localizadas no Vale do Jequitinhonha, Minas Gerais ir\u00e3o receber a visita da rel\u00edquia peregrina do Beato Padre Eust\u00e1quio. Os munic\u00edpios, que t\u00eam par\u00f3quias administradas pela Congrega\u00e7\u00e3o dos Sagrados Cora\u00e7\u00f5es, est\u00e3o preparando uma programa\u00e7\u00e3o de ora\u00e7\u00e3o e festa. No s\u00e1bado, 16 de novembro, a Par\u00f3quia S\u00e3o Sebasti\u00e3o, da cidade de \u00c1guas Vermelhas ter\u00e1 uma manh\u00e3 de espiritualidade dedicada ao Beato Padre Eust\u00e1quio. A programa\u00e7\u00e3o contar\u00e1 com a presen\u00e7a especial do padre Vinicius Maciel, SSSCC, vice-postulador da Causa de Canoniza\u00e7\u00e3o do Beato. Durante o evento, ser\u00e3o apresentadas as rel\u00edquias [&hellip;]<\/p>\n","protected":false},"author":2,"featured_media":11734,"comment_status":"open","ping_status":"closed","sticky":false,"template":"","format":"standard","meta":{"_acf_changed":false,"footnotes":""},"categories":[611],"tags":[],"class_list":["post-11733","post","type-post","status-publish","format-standard","has-post-thumbnail","hentry","category-noticias"],"acf":[],"yoast_head":"<!-- This site is optimized with the Yoast SEO plugin v27.2 - https:\/\/yoast.com\/product\/yoast-seo-wordpress\/ -->\n<title>Divisa Alegre e \u00c1guas Vermelhas, no Jequitinhonha recebem visita das rel\u00edquias de Padre Eust\u00e1quio<\/title>\n<meta name=\"description\" content=\"No pr\u00f3ximo fim de semana, as cidades de Divisa Alegre e \u00c1guas Vermelhas, localizadas no Vale do Jequitinhonha, Minas Gerais ir\u00e3o receber a visita da rel\u00edquia peregrina do Beato Padre Eust\u00e1quio. Os munic\u00edpios, que t\u00eam par\u00f3quias administradas pela Congrega\u00e7\u00e3o dos Sagrados Cora\u00e7\u00f5es, est\u00e3o preparando uma programa\u00e7\u00e3o de ora\u00e7\u00e3o e festa.\" \/>\n<meta name=\"robots\" content=\"index, follow, max-snippet:-1, max-image-preview:large, max-video-preview:-1\" \/>\n<link rel=\"canonical\" href=\"https:\/\/www.padreeustaquio.com.br\/en\/divisa-alegre-and-aguas-vermelhas-in-jequitinhonha-receive-a-visit-from-the-relics-of-father-eustaquio\/\" \/>\n<meta property=\"og:locale\" content=\"en_US\" \/>\n<meta property=\"og:type\" content=\"article\" \/>\n<meta property=\"og:title\" content=\"Divisa Alegre e \u00c1guas Vermelhas, no Jequitinhonha recebem visita das rel\u00edquias de Padre Eust\u00e1quio\" \/>\n<meta property=\"og:description\" content=\"No pr\u00f3ximo fim de semana, as cidades de Divisa Alegre e \u00c1guas Vermelhas, localizadas no Vale do Jequitinhonha, Minas Gerais ir\u00e3o receber a visita da rel\u00edquia peregrina do Beato Padre Eust\u00e1quio. Os munic\u00edpios, que t\u00eam par\u00f3quias administradas pela Congrega\u00e7\u00e3o dos Sagrados Cora\u00e7\u00f5es, est\u00e3o preparando uma programa\u00e7\u00e3o de ora\u00e7\u00e3o e festa.\" \/>\n<meta property=\"og:url\" content=\"https:\/\/www.padreeustaquio.com.br\/en\/divisa-alegre-and-aguas-vermelhas-in-jequitinhonha-receive-a-visit-from-the-relics-of-father-eustaquio\/\" \/>\n<meta property=\"og:site_name\" content=\"Padre Eust\u00e1quio\" \/>\n<meta property=\"article:publisher\" content=\"https:\/\/www.facebook.com\/beatopadreeustaquio\/\" \/>\n<meta property=\"article:published_time\" content=\"2024-11-12T12:06:39+00:00\" \/>\n<meta property=\"article:modified_time\" content=\"2024-11-12T12:36:09+00:00\" \/>\n<meta property=\"og:image\" content=\"https:\/\/www.padreeustaquio.com.br\/wp-content\/uploads\/2024\/11\/igreja-nossa-senhora-do-carmo-divisa-alegre-e1731412948269.jpg\" \/>\n\t<meta property=\"og:image:width\" content=\"500\" \/>\n\t<meta property=\"og:image:height\" content=\"311\" \/>\n\t<meta property=\"og:image:type\" content=\"image\/jpeg\" \/>\n<meta name=\"author\" content=\"@sscc\" \/>\n<meta name=\"twitter:card\" content=\"summary_large_image\" \/>\n<meta name=\"twitter:creator\" content=\"@beatopeustaquio\" \/>\n<meta name=\"twitter:site\" content=\"@beatopeustaquio\" \/>\n<meta name=\"twitter:label1\" content=\"Written by\" \/>\n\t<meta name=\"twitter:data1\" content=\"@sscc\" \/>\n\t<meta name=\"twitter:label2\" content=\"Est. reading time\" \/>\n\t<meta name=\"twitter:data2\" content=\"2 minutes\" \/>\n<script type=\"application\/ld+json\" class=\"yoast-schema-graph\">{\"@context\":\"https:\/\/schema.org\",\"@graph\":[{\"@type\":\"Article\",\"@id\":\"https:\/\/www.padreeustaquio.com.br\/divisa-alegre-e-aguas-vermelhas-no-jequitinhonha-recebem-visita-das-reliquias-de-padre-eustaquio\/#article\",\"isPartOf\":{\"@id\":\"https:\/\/www.padreeustaquio.com.br\/divisa-alegre-e-aguas-vermelhas-no-jequitinhonha-recebem-visita-das-reliquias-de-padre-eustaquio\/\"},\"author\":{\"name\":\"@sscc\",\"@id\":\"https:\/\/www.padreeustaquio.com.br\/#\/schema\/person\/a2a51db1d00f1a7af0204a0f1ddb1566\"},\"headline\":\"Divisa Alegre e \u00c1guas Vermelhas, no Jequitinhonha recebem visita das rel\u00edquias de Padre Eust\u00e1quio\",\"datePublished\":\"2024-11-12T12:06:39+00:00\",\"dateModified\":\"2024-11-12T12:36:09+00:00\",\"mainEntityOfPage\":{\"@id\":\"https:\/\/www.padreeustaquio.com.br\/divisa-alegre-e-aguas-vermelhas-no-jequitinhonha-recebem-visita-das-reliquias-de-padre-eustaquio\/\"},\"wordCount\":364,\"commentCount\":0,\"publisher\":{\"@id\":\"https:\/\/www.padreeustaquio.com.br\/#organization\"},\"image\":{\"@id\":\"https:\/\/www.padreeustaquio.com.br\/divisa-alegre-e-aguas-vermelhas-no-jequitinhonha-recebem-visita-das-reliquias-de-padre-eustaquio\/#primaryimage\"},\"thumbnailUrl\":\"https:\/\/www.padreeustaquio.com.br\/wp-content\/uploads\/2024\/11\/igreja-nossa-senhora-do-carmo-divisa-alegre-e1731412948269.jpg\",\"articleSection\":[\"Not\u00edcias\"],\"inLanguage\":\"en-US\",\"potentialAction\":[{\"@type\":\"CommentAction\",\"name\":\"Comment\",\"target\":[\"https:\/\/www.padreeustaquio.com.br\/divisa-alegre-e-aguas-vermelhas-no-jequitinhonha-recebem-visita-das-reliquias-de-padre-eustaquio\/#respond\"]}]},{\"@type\":\"WebPage\",\"@id\":\"https:\/\/www.padreeustaquio.com.br\/divisa-alegre-e-aguas-vermelhas-no-jequitinhonha-recebem-visita-das-reliquias-de-padre-eustaquio\/\",\"url\":\"https:\/\/www.padreeustaquio.com.br\/divisa-alegre-e-aguas-vermelhas-no-jequitinhonha-recebem-visita-das-reliquias-de-padre-eustaquio\/\",\"name\":\"Divisa Alegre e \u00c1guas Vermelhas, no Jequitinhonha recebem visita das rel\u00edquias de Padre Eust\u00e1quio\",\"isPartOf\":{\"@id\":\"https:\/\/www.padreeustaquio.com.br\/#website\"},\"primaryImageOfPage\":{\"@id\":\"https:\/\/www.padreeustaquio.com.br\/divisa-alegre-e-aguas-vermelhas-no-jequitinhonha-recebem-visita-das-reliquias-de-padre-eustaquio\/#primaryimage\"},\"image\":{\"@id\":\"https:\/\/www.padreeustaquio.com.br\/divisa-alegre-e-aguas-vermelhas-no-jequitinhonha-recebem-visita-das-reliquias-de-padre-eustaquio\/#primaryimage\"},\"thumbnailUrl\":\"https:\/\/www.padreeustaquio.com.br\/wp-content\/uploads\/2024\/11\/igreja-nossa-senhora-do-carmo-divisa-alegre-e1731412948269.jpg\",\"datePublished\":\"2024-11-12T12:06:39+00:00\",\"dateModified\":\"2024-11-12T12:36:09+00:00\",\"description\":\"No pr\u00f3ximo fim de semana, as cidades de Divisa Alegre e \u00c1guas Vermelhas, localizadas no Vale do Jequitinhonha, Minas Gerais ir\u00e3o receber a visita da rel\u00edquia peregrina do Beato Padre Eust\u00e1quio. Os munic\u00edpios, que t\u00eam par\u00f3quias administradas pela Congrega\u00e7\u00e3o dos Sagrados Cora\u00e7\u00f5es, est\u00e3o preparando uma programa\u00e7\u00e3o de ora\u00e7\u00e3o e festa.\",\"breadcrumb\":{\"@id\":\"https:\/\/www.padreeustaquio.com.br\/divisa-alegre-e-aguas-vermelhas-no-jequitinhonha-recebem-visita-das-reliquias-de-padre-eustaquio\/#breadcrumb\"},\"inLanguage\":\"en-US\",\"potentialAction\":[{\"@type\":\"ReadAction\",\"target\":[\"https:\/\/www.padreeustaquio.com.br\/divisa-alegre-e-aguas-vermelhas-no-jequitinhonha-recebem-visita-das-reliquias-de-padre-eustaquio\/\"]}]},{\"@type\":\"ImageObject\",\"inLanguage\":\"en-US\",\"@id\":\"https:\/\/www.padreeustaquio.com.br\/divisa-alegre-e-aguas-vermelhas-no-jequitinhonha-recebem-visita-das-reliquias-de-padre-eustaquio\/#primaryimage\",\"url\":\"https:\/\/www.padreeustaquio.com.br\/wp-content\/uploads\/2024\/11\/igreja-nossa-senhora-do-carmo-divisa-alegre-e1731412948269.jpg\",\"contentUrl\":\"https:\/\/www.padreeustaquio.com.br\/wp-content\/uploads\/2024\/11\/igreja-nossa-senhora-do-carmo-divisa-alegre-e1731412948269.jpg\",\"width\":500,\"height\":311,\"caption\":\"Igreja Nossa Sra do Carmo, Divisa Alegre-MG\"},{\"@type\":\"BreadcrumbList\",\"@id\":\"https:\/\/www.padreeustaquio.com.br\/divisa-alegre-e-aguas-vermelhas-no-jequitinhonha-recebem-visita-das-reliquias-de-padre-eustaquio\/#breadcrumb\",\"itemListElement\":[{\"@type\":\"ListItem\",\"position\":1,\"name\":\"In\u00edcio\",\"item\":\"https:\/\/www.padreeustaquio.com.br\/\"},{\"@type\":\"ListItem\",\"position\":2,\"name\":\"Divisa Alegre e \u00c1guas Vermelhas, no Jequitinhonha recebem visita das rel\u00edquias de Padre Eust\u00e1quio\"}]},{\"@type\":\"WebSite\",\"@id\":\"https:\/\/www.padreeustaquio.com.br\/#website\",\"url\":\"https:\/\/www.padreeustaquio.com.br\/\",\"name\":\"Padre Eust\u00e1quio\",\"description\":\"Sa\u00fade e Paz\",\"publisher\":{\"@id\":\"https:\/\/www.padreeustaquio.com.br\/#organization\"},\"potentialAction\":[{\"@type\":\"SearchAction\",\"target\":{\"@type\":\"EntryPoint\",\"urlTemplate\":\"https:\/\/www.padreeustaquio.com.br\/?s={search_term_string}\"},\"query-input\":{\"@type\":\"PropertyValueSpecification\",\"valueRequired\":true,\"valueName\":\"search_term_string\"}}],\"inLanguage\":\"en-US\"},{\"@type\":\"Organization\",\"@id\":\"https:\/\/www.padreeustaquio.com.br\/#organization\",\"name\":\"Padre Eust\u00e1quio\",\"url\":\"https:\/\/www.padreeustaquio.com.br\/\",\"logo\":{\"@type\":\"ImageObject\",\"inLanguage\":\"en-US\",\"@id\":\"https:\/\/www.padreeustaquio.com.br\/#\/schema\/logo\/image\/\",\"url\":\"https:\/\/www.padreeustaquio.com.br\/wp-content\/uploads\/2019\/08\/marca.png\",\"contentUrl\":\"https:\/\/www.padreeustaquio.com.br\/wp-content\/uploads\/2019\/08\/marca.png\",\"width\":350,\"height\":400,\"caption\":\"Padre Eust\u00e1quio\"},\"image\":{\"@id\":\"https:\/\/www.padreeustaquio.com.br\/#\/schema\/logo\/image\/\"},\"sameAs\":[\"https:\/\/www.facebook.com\/beatopadreeustaquio\/\",\"https:\/\/x.com\/beatopeustaquio\",\"https:\/\/www.instagram.com\/beatopadreeustaquio\/\",\"https:\/\/www.youtube.com\/channel\/UCRhw7vfabnajwLxb1ZXMeIw\"]},{\"@type\":\"Person\",\"@id\":\"https:\/\/www.padreeustaquio.com.br\/#\/schema\/person\/a2a51db1d00f1a7af0204a0f1ddb1566\",\"name\":\"@sscc\",\"image\":{\"@type\":\"ImageObject\",\"inLanguage\":\"en-US\",\"@id\":\"https:\/\/secure.gravatar.com\/avatar\/68cfafa5f44617fea54071e215026e0ff06be366c3d54a8425f04fdcb86f8c5f?s=96&d=mm&r=g\",\"url\":\"https:\/\/secure.gravatar.com\/avatar\/68cfafa5f44617fea54071e215026e0ff06be366c3d54a8425f04fdcb86f8c5f?s=96&d=mm&r=g\",\"contentUrl\":\"https:\/\/secure.gravatar.com\/avatar\/68cfafa5f44617fea54071e215026e0ff06be366c3d54a8425f04fdcb86f8c5f?s=96&d=mm&r=g\",\"caption\":\"@sscc\"},\"url\":\"https:\/\/www.padreeustaquio.com.br\/en\/author\/sscc\/\"}]}<\/script>\n<!-- \/ Yoast SEO plugin. -->","yoast_head_json":{"title":"Divisa Alegre and \u00c1guas Vermelhas, in Jequitinhonha, receive a visit from the relics of Father Eust\u00e1quio.","description":"Next weekend, the cities of Divisa Alegre and \u00c1guas Vermelhas, located in the Jequitinhonha Valley, Minas Gerais, will receive a visit from the pilgrim relic of Blessed Father Eust\u00e1quio. The municipalities, which have parishes administered by the Congregation of the Sacred Hearts, are preparing a program of prayer and celebration.","robots":{"index":"index","follow":"follow","max-snippet":"max-snippet:-1","max-image-preview":"max-image-preview:large","max-video-preview":"max-video-preview:-1"},"canonical":"https:\/\/www.padreeustaquio.com.br\/en\/divisa-alegre-and-aguas-vermelhas-in-jequitinhonha-receive-a-visit-from-the-relics-of-father-eustaquio\/","og_locale":"en_US","og_type":"article","og_title":"Divisa Alegre e \u00c1guas Vermelhas, no Jequitinhonha recebem visita das rel\u00edquias de Padre Eust\u00e1quio","og_description":"No pr\u00f3ximo fim de semana, as cidades de Divisa Alegre e \u00c1guas Vermelhas, localizadas no Vale do Jequitinhonha, Minas Gerais ir\u00e3o receber a visita da rel\u00edquia peregrina do Beato Padre Eust\u00e1quio. Os munic\u00edpios, que t\u00eam par\u00f3quias administradas pela Congrega\u00e7\u00e3o dos Sagrados Cora\u00e7\u00f5es, est\u00e3o preparando uma programa\u00e7\u00e3o de ora\u00e7\u00e3o e festa.","og_url":"https:\/\/www.padreeustaquio.com.br\/en\/divisa-alegre-and-aguas-vermelhas-in-jequitinhonha-receive-a-visit-from-the-relics-of-father-eustaquio\/","og_site_name":"Padre Eust\u00e1quio","article_publisher":"https:\/\/www.facebook.com\/beatopadreeustaquio\/","article_published_time":"2024-11-12T12:06:39+00:00","article_modified_time":"2024-11-12T12:36:09+00:00","og_image":[{"width":500,"height":311,"url":"https:\/\/www.padreeustaquio.com.br\/wp-content\/uploads\/2024\/11\/igreja-nossa-senhora-do-carmo-divisa-alegre-e1731412948269.jpg","type":"image\/jpeg"}],"author":"@sscc","twitter_card":"summary_large_image","twitter_creator":"@beatopeustaquio","twitter_site":"@beatopeustaquio","twitter_misc":{"Written by":"@sscc","Est. reading time":"2 minutes"},"schema":{"@context":"https:\/\/schema.org","@graph":[{"@type":"Article","@id":"https:\/\/www.padreeustaquio.com.br\/divisa-alegre-e-aguas-vermelhas-no-jequitinhonha-recebem-visita-das-reliquias-de-padre-eustaquio\/#article","isPartOf":{"@id":"https:\/\/www.padreeustaquio.com.br\/divisa-alegre-e-aguas-vermelhas-no-jequitinhonha-recebem-visita-das-reliquias-de-padre-eustaquio\/"},"author":{"name":"@sscc","@id":"https:\/\/www.padreeustaquio.com.br\/#\/schema\/person\/a2a51db1d00f1a7af0204a0f1ddb1566"},"headline":"Divisa Alegre e \u00c1guas Vermelhas, no Jequitinhonha recebem visita das rel\u00edquias de Padre Eust\u00e1quio","datePublished":"2024-11-12T12:06:39+00:00","dateModified":"2024-11-12T12:36:09+00:00","mainEntityOfPage":{"@id":"https:\/\/www.padreeustaquio.com.br\/divisa-alegre-e-aguas-vermelhas-no-jequitinhonha-recebem-visita-das-reliquias-de-padre-eustaquio\/"},"wordCount":364,"commentCount":0,"publisher":{"@id":"https:\/\/www.padreeustaquio.com.br\/#organization"},"image":{"@id":"https:\/\/www.padreeustaquio.com.br\/divisa-alegre-e-aguas-vermelhas-no-jequitinhonha-recebem-visita-das-reliquias-de-padre-eustaquio\/#primaryimage"},"thumbnailUrl":"https:\/\/www.padreeustaquio.com.br\/wp-content\/uploads\/2024\/11\/igreja-nossa-senhora-do-carmo-divisa-alegre-e1731412948269.jpg","articleSection":["Not\u00edcias"],"inLanguage":"en-US","potentialAction":[{"@type":"CommentAction","name":"Comment","target":["https:\/\/www.padreeustaquio.com.br\/divisa-alegre-e-aguas-vermelhas-no-jequitinhonha-recebem-visita-das-reliquias-de-padre-eustaquio\/#respond"]}]},{"@type":"WebPage","@id":"https:\/\/www.padreeustaquio.com.br\/divisa-alegre-e-aguas-vermelhas-no-jequitinhonha-recebem-visita-das-reliquias-de-padre-eustaquio\/","url":"https:\/\/www.padreeustaquio.com.br\/divisa-alegre-e-aguas-vermelhas-no-jequitinhonha-recebem-visita-das-reliquias-de-padre-eustaquio\/","name":"Divisa Alegre and \u00c1guas Vermelhas, in Jequitinhonha, receive a visit from the relics of Father Eust\u00e1quio.","isPartOf":{"@id":"https:\/\/www.padreeustaquio.com.br\/#website"},"primaryImageOfPage":{"@id":"https:\/\/www.padreeustaquio.com.br\/divisa-alegre-e-aguas-vermelhas-no-jequitinhonha-recebem-visita-das-reliquias-de-padre-eustaquio\/#primaryimage"},"image":{"@id":"https:\/\/www.padreeustaquio.com.br\/divisa-alegre-e-aguas-vermelhas-no-jequitinhonha-recebem-visita-das-reliquias-de-padre-eustaquio\/#primaryimage"},"thumbnailUrl":"https:\/\/www.padreeustaquio.com.br\/wp-content\/uploads\/2024\/11\/igreja-nossa-senhora-do-carmo-divisa-alegre-e1731412948269.jpg","datePublished":"2024-11-12T12:06:39+00:00","dateModified":"2024-11-12T12:36:09+00:00","description":"Next weekend, the cities of Divisa Alegre and \u00c1guas Vermelhas, located in the Jequitinhonha Valley, Minas Gerais, will receive a visit from the pilgrim relic of Blessed Father Eust\u00e1quio. The municipalities, which have parishes administered by the Congregation of the Sacred Hearts, are preparing a program of prayer and celebration.","breadcrumb":{"@id":"https:\/\/www.padreeustaquio.com.br\/divisa-alegre-e-aguas-vermelhas-no-jequitinhonha-recebem-visita-das-reliquias-de-padre-eustaquio\/#breadcrumb"},"inLanguage":"en-US","potentialAction":[{"@type":"ReadAction","target":["https:\/\/www.padreeustaquio.com.br\/divisa-alegre-e-aguas-vermelhas-no-jequitinhonha-recebem-visita-das-reliquias-de-padre-eustaquio\/"]}]},{"@type":"ImageObject","inLanguage":"en-US","@id":"https:\/\/www.padreeustaquio.com.br\/divisa-alegre-e-aguas-vermelhas-no-jequitinhonha-recebem-visita-das-reliquias-de-padre-eustaquio\/#primaryimage","url":"https:\/\/www.padreeustaquio.com.br\/wp-content\/uploads\/2024\/11\/igreja-nossa-senhora-do-carmo-divisa-alegre-e1731412948269.jpg","contentUrl":"https:\/\/www.padreeustaquio.com.br\/wp-content\/uploads\/2024\/11\/igreja-nossa-senhora-do-carmo-divisa-alegre-e1731412948269.jpg","width":500,"height":311,"caption":"Igreja Nossa Sra do Carmo, Divisa Alegre-MG"},{"@type":"BreadcrumbList","@id":"https:\/\/www.padreeustaquio.com.br\/divisa-alegre-e-aguas-vermelhas-no-jequitinhonha-recebem-visita-das-reliquias-de-padre-eustaquio\/#breadcrumb","itemListElement":[{"@type":"ListItem","position":1,"name":"In\u00edcio","item":"https:\/\/www.padreeustaquio.com.br\/"},{"@type":"ListItem","position":2,"name":"Divisa Alegre e \u00c1guas Vermelhas, no Jequitinhonha recebem visita das rel\u00edquias de Padre Eust\u00e1quio"}]},{"@type":"WebSite","@id":"https:\/\/www.padreeustaquio.com.br\/#website","url":"https:\/\/www.padreeustaquio.com.br\/","name":"FATHER EUST\u00c1QUIO","description":"Health and Peace","publisher":{"@id":"https:\/\/www.padreeustaquio.com.br\/#organization"},"potentialAction":[{"@type":"SearchAction","target":{"@type":"EntryPoint","urlTemplate":"https:\/\/www.padreeustaquio.com.br\/?s={search_term_string}"},"query-input":{"@type":"PropertyValueSpecification","valueRequired":true,"valueName":"search_term_string"}}],"inLanguage":"en-US"},{"@type":"Organization","@id":"https:\/\/www.padreeustaquio.com.br\/#organization","name":"FATHER EUST\u00c1QUIO","url":"https:\/\/www.padreeustaquio.com.br\/","logo":{"@type":"ImageObject","inLanguage":"en-US","@id":"https:\/\/www.padreeustaquio.com.br\/#\/schema\/logo\/image\/","url":"https:\/\/www.padreeustaquio.com.br\/wp-content\/uploads\/2019\/08\/marca.png","contentUrl":"https:\/\/www.padreeustaquio.com.br\/wp-content\/uploads\/2019\/08\/marca.png","width":350,"height":400,"caption":"Padre Eust\u00e1quio"},"image":{"@id":"https:\/\/www.padreeustaquio.com.br\/#\/schema\/logo\/image\/"},"sameAs":["https:\/\/www.facebook.com\/beatopadreeustaquio\/","https:\/\/x.com\/beatopeustaquio","https:\/\/www.instagram.com\/beatopadreeustaquio\/","https:\/\/www.youtube.com\/channel\/UCRhw7vfabnajwLxb1ZXMeIw"]},{"@type":"Person","@id":"https:\/\/www.padreeustaquio.com.br\/#\/schema\/person\/a2a51db1d00f1a7af0204a0f1ddb1566","name":"@sscc","image":{"@type":"ImageObject","inLanguage":"en-US","@id":"https:\/\/secure.gravatar.com\/avatar\/68cfafa5f44617fea54071e215026e0ff06be366c3d54a8425f04fdcb86f8c5f?s=96&d=mm&r=g","url":"https:\/\/secure.gravatar.com\/avatar\/68cfafa5f44617fea54071e215026e0ff06be366c3d54a8425f04fdcb86f8c5f?s=96&d=mm&r=g","contentUrl":"https:\/\/secure.gravatar.com\/avatar\/68cfafa5f44617fea54071e215026e0ff06be366c3d54a8425f04fdcb86f8c5f?s=96&d=mm&r=g","caption":"@sscc"},"url":"https:\/\/www.padreeustaquio.com.br\/en\/author\/sscc\/"}]}},"_links":{"self":[{"href":"https:\/\/www.padreeustaquio.com.br\/en\/wp-json\/wp\/v2\/posts\/11733","targetHints":{"allow":["GET"]}}],"collection":[{"href":"https:\/\/www.padreeustaquio.com.br\/en\/wp-json\/wp\/v2\/posts"}],"about":[{"href":"https:\/\/www.padreeustaquio.com.br\/en\/wp-json\/wp\/v2\/types\/post"}],"author":[{"embeddable":true,"href":"https:\/\/www.padreeustaquio.com.br\/en\/wp-json\/wp\/v2\/users\/2"}],"replies":[{"embeddable":true,"href":"https:\/\/www.padreeustaquio.com.br\/en\/wp-json\/wp\/v2\/comments?post=11733"}],"version-history":[{"count":0,"href":"https:\/\/www.padreeustaquio.com.br\/en\/wp-json\/wp\/v2\/posts\/11733\/revisions"}],"wp:featuredmedia":[{"embeddable":true,"href":"https:\/\/www.padreeustaquio.com.br\/en\/wp-json\/wp\/v2\/media\/11734"}],"wp:attachment":[{"href":"https:\/\/www.padreeustaquio.com.br\/en\/wp-json\/wp\/v2\/media?parent=11733"}],"wp:term":[{"taxonomy":"category","embeddable":true,"href":"https:\/\/www.padreeustaquio.com.br\/en\/wp-json\/wp\/v2\/categories?post=11733"},{"taxonomy":"post_tag","embeddable":true,"href":"https:\/\/www.padreeustaquio.com.br\/en\/wp-json\/wp\/v2\/tags?post=11733"}],"curies":[{"name":"wp","href":"https:\/\/api.w.org\/{rel}","templated":true}]}}