{"id":11709,"date":"2024-11-04T12:06:20","date_gmt":"2024-11-04T15:06:20","guid":{"rendered":"https:\/\/www.padreeustaquio.com.br\/?p=11709"},"modified":"2024-11-04T12:10:54","modified_gmt":"2024-11-04T15:10:54","slug":"tributes-mark-the-closing-of-the-festival-of-blessed-father-eustaquio-in-romaria-mg","status":"publish","type":"post","link":"https:\/\/www.padreeustaquio.com.br\/en\/tributes-mark-the-closing-of-the-festival-of-blessed-father-eustaquio-in-romaria-mg\/","title":{"rendered":"Tributes mark the closing of the Feast of Blessed Father Eust\u00e1quio in Romaria-MG"},"content":{"rendered":"<p>Last weekend was filled with prayers and tributes to Blessed Father Eust\u00e1quio in the city of Romaria, in the Tri\u00e2ngulo Mineiro region. Hundreds of devotees gathered at the Chapel of Peace in the Basilica Sanctuary of Our Lady of the Abbey of \u00c1gua Suja to celebrate Holy Mass and participate in the procession in honor of the Blessed.<\/p>\n<p>At 10:00 AM, Holy Mass was celebrated by the vice-postulator of the Cause of Canonization of Blessed Father Eust\u00e1quio, Father Vin\u00edcius Maciel, SS.CC, in the Chapel of Peace, attached to the Sanctuary-Basilica. The ceremony was broadcast on the Padre Eust\u00e1quio Channel on YouTube (<a href=\"https:\/\/www.youtube.com\/watch?v=2RZ5A8mIX04\">SEE HERE<\/a>).<\/p>\n<p><img fetchpriority=\"high\" decoding=\"async\" class=\"size-medium wp-image-11711 alignleft\" src=\"https:\/\/www.padreeustaquio.com.br\/wp-content\/uploads\/2024\/11\/encerramento-festa-pe-em-romaria-mg-1-300x169.jpg\" alt=\"\" width=\"300\" height=\"169\" srcset=\"https:\/\/www.padreeustaquio.com.br\/wp-content\/uploads\/2024\/11\/encerramento-festa-pe-em-romaria-mg-1-300x169.jpg 300w, https:\/\/www.padreeustaquio.com.br\/wp-content\/uploads\/2024\/11\/encerramento-festa-pe-em-romaria-mg-1-1024x576.jpg 1024w, https:\/\/www.padreeustaquio.com.br\/wp-content\/uploads\/2024\/11\/encerramento-festa-pe-em-romaria-mg-1-768x432.jpg 768w, https:\/\/www.padreeustaquio.com.br\/wp-content\/uploads\/2024\/11\/encerramento-festa-pe-em-romaria-mg-1-400x225.jpg 400w, https:\/\/www.padreeustaquio.com.br\/wp-content\/uploads\/2024\/11\/encerramento-festa-pe-em-romaria-mg-1-600x338.jpg 600w, https:\/\/www.padreeustaquio.com.br\/wp-content\/uploads\/2024\/11\/encerramento-festa-pe-em-romaria-mg-1-800x450.jpg 800w, https:\/\/www.padreeustaquio.com.br\/wp-content\/uploads\/2024\/11\/encerramento-festa-pe-em-romaria-mg-1.jpg 1080w\" sizes=\"(max-width: 300px) 100vw, 300px\" \/>At 7 pm, the Solemn Closing Mass of the festival was held, also presided over by Father Vin\u00edcius Maciel, who highlighted the Blessed One&#039;s journey through that region, recalling the 100th anniversary of Father Eust\u00e1quio&#039;s arrival in \u00c1gua Suja (present-day Romaria-MG).<\/p>\n<p>Immediately after Holy Mass, the devotees went in procession with the image and a relic of the Blessed One through the streets of the city, towards the Basilica. Upon arrival, there was a tribute from the children of Romaria, as well as a blessing of Health and Peace, administered by Father Vinicius. A moment of profound faith and gratitude, where the faithful united to honor the legacy of Father Eust\u00e1quio and renew their hope in his intercession.<\/p>\n<p>November 3rd is commemorated in Romaria because it is the birthdate of Father Eust\u00e1quio. The Missionary of Health and Peace was born in 1890 in the city of Aarle Rixtel, in the Netherlands. Father Eust\u00e1quio arrived in Brazil on May 12, 1925, and soon after settled in \u00c1gua Suja, his first field of apostolate in the country, where he remained for 10 years.<\/p>\n\n\t\t<style type=\"text\/css\">\n\t\t\t#gallery-1 {\n\t\t\t\tmargin: auto;\n\t\t\t}\n\t\t\t#gallery-1 .gallery-item {\n\t\t\t\tfloat: left;\n\t\t\t\tmargin-top: 10px;\n\t\t\t\ttext-align: center;\n\t\t\t\twidth: 33%;\n\t\t\t}\n\t\t\t#gallery-1 img {\n\t\t\t\tborder: 2px solid #cfcfcf;\n\t\t\t}\n\t\t\t#gallery-1 .gallery-caption {\n\t\t\t\tmargin-left: 0;\n\t\t\t}\n\t\t\t\/* see gallery_shortcode() in wp-includes\/media.php *\/\n\t\t<\/style>\n\t\t<div id='gallery-1' class='gallery galleryid-11709 gallery-columns-3 gallery-size-thumbnail'><dl class='gallery-item'>\n\t\t\t<dt class='gallery-icon landscape'>\n\t\t\t\t<a href='https:\/\/www.padreeustaquio.com.br\/en\/tributes-mark-the-closing-of-the-festival-of-blessed-father-eustaquio-in-romaria-mg\/encerramento-festa-pe-em-romaria-mg-6-2\/'><img decoding=\"async\" width=\"150\" height=\"150\" src=\"https:\/\/www.padreeustaquio.com.br\/wp-content\/uploads\/2024\/11\/encerramento-festa-pe-em-romaria-mg-6-1-150x150.jpg\" class=\"attachment-thumbnail size-thumbnail\" alt=\"\" srcset=\"https:\/\/www.padreeustaquio.com.br\/wp-content\/uploads\/2024\/11\/encerramento-festa-pe-em-romaria-mg-6-1-150x150.jpg 150w, https:\/\/www.padreeustaquio.com.br\/wp-content\/uploads\/2024\/11\/encerramento-festa-pe-em-romaria-mg-6-1-75x75.jpg 75w, https:\/\/www.padreeustaquio.com.br\/wp-content\/uploads\/2024\/11\/encerramento-festa-pe-em-romaria-mg-6-1-180x180.jpg 180w, https:\/\/www.padreeustaquio.com.br\/wp-content\/uploads\/2024\/11\/encerramento-festa-pe-em-romaria-mg-6-1-400x400.jpg 400w, https:\/\/www.padreeustaquio.com.br\/wp-content\/uploads\/2024\/11\/encerramento-festa-pe-em-romaria-mg-6-1-600x600.jpg 600w\" sizes=\"(max-width: 150px) 100vw, 150px\" \/><\/a>\n\t\t\t<\/dt><\/dl><dl class='gallery-item'>\n\t\t\t<dt class='gallery-icon landscape'>\n\t\t\t\t<a href='https:\/\/www.padreeustaquio.com.br\/en\/tributes-mark-the-closing-of-the-festival-of-blessed-father-eustaquio-in-romaria-mg\/encerramento-festa-pe-em-romaria-mg-3\/'><img decoding=\"async\" width=\"150\" height=\"150\" src=\"https:\/\/www.padreeustaquio.com.br\/wp-content\/uploads\/2024\/11\/encerramento-festa-pe-em-romaria-mg-3-150x150.jpg\" class=\"attachment-thumbnail size-thumbnail\" alt=\"\" srcset=\"https:\/\/www.padreeustaquio.com.br\/wp-content\/uploads\/2024\/11\/encerramento-festa-pe-em-romaria-mg-3-150x150.jpg 150w, https:\/\/www.padreeustaquio.com.br\/wp-content\/uploads\/2024\/11\/encerramento-festa-pe-em-romaria-mg-3-75x75.jpg 75w, https:\/\/www.padreeustaquio.com.br\/wp-content\/uploads\/2024\/11\/encerramento-festa-pe-em-romaria-mg-3-180x180.jpg 180w, https:\/\/www.padreeustaquio.com.br\/wp-content\/uploads\/2024\/11\/encerramento-festa-pe-em-romaria-mg-3-400x400.jpg 400w, https:\/\/www.padreeustaquio.com.br\/wp-content\/uploads\/2024\/11\/encerramento-festa-pe-em-romaria-mg-3-600x600.jpg 600w\" sizes=\"(max-width: 150px) 100vw, 150px\" \/><\/a>\n\t\t\t<\/dt><\/dl><dl class='gallery-item'>\n\t\t\t<dt class='gallery-icon landscape'>\n\t\t\t\t<a href='https:\/\/www.padreeustaquio.com.br\/en\/tributes-mark-the-closing-of-the-festival-of-blessed-father-eustaquio-in-romaria-mg\/encerramento-festa-pe-em-romaria-mg-7\/'><img loading=\"lazy\" decoding=\"async\" width=\"150\" height=\"150\" src=\"https:\/\/www.padreeustaquio.com.br\/wp-content\/uploads\/2024\/11\/encerramento-festa-pe-em-romaria-mg-7-150x150.jpg\" class=\"attachment-thumbnail size-thumbnail\" alt=\"\" srcset=\"https:\/\/www.padreeustaquio.com.br\/wp-content\/uploads\/2024\/11\/encerramento-festa-pe-em-romaria-mg-7-150x150.jpg 150w, https:\/\/www.padreeustaquio.com.br\/wp-content\/uploads\/2024\/11\/encerramento-festa-pe-em-romaria-mg-7-75x75.jpg 75w, https:\/\/www.padreeustaquio.com.br\/wp-content\/uploads\/2024\/11\/encerramento-festa-pe-em-romaria-mg-7-180x180.jpg 180w, https:\/\/www.padreeustaquio.com.br\/wp-content\/uploads\/2024\/11\/encerramento-festa-pe-em-romaria-mg-7-400x400.jpg 400w, https:\/\/www.padreeustaquio.com.br\/wp-content\/uploads\/2024\/11\/encerramento-festa-pe-em-romaria-mg-7-600x600.jpg 600w\" sizes=\"(max-width: 150px) 100vw, 150px\" \/><\/a>\n\t\t\t<\/dt><\/dl><br style=\"clear: both\" \/><dl class='gallery-item'>\n\t\t\t<dt class='gallery-icon landscape'>\n\t\t\t\t<a href='https:\/\/www.padreeustaquio.com.br\/en\/tributes-mark-the-closing-of-the-festival-of-blessed-father-eustaquio-in-romaria-mg\/encerramento-festa-pe-em-romaria-mg-2\/'><img loading=\"lazy\" decoding=\"async\" width=\"150\" height=\"150\" src=\"https:\/\/www.padreeustaquio.com.br\/wp-content\/uploads\/2024\/11\/encerramento-festa-pe-em-romaria-mg-2-150x150.jpg\" class=\"attachment-thumbnail size-thumbnail\" alt=\"\" srcset=\"https:\/\/www.padreeustaquio.com.br\/wp-content\/uploads\/2024\/11\/encerramento-festa-pe-em-romaria-mg-2-150x150.jpg 150w, https:\/\/www.padreeustaquio.com.br\/wp-content\/uploads\/2024\/11\/encerramento-festa-pe-em-romaria-mg-2-75x75.jpg 75w, https:\/\/www.padreeustaquio.com.br\/wp-content\/uploads\/2024\/11\/encerramento-festa-pe-em-romaria-mg-2-180x180.jpg 180w, https:\/\/www.padreeustaquio.com.br\/wp-content\/uploads\/2024\/11\/encerramento-festa-pe-em-romaria-mg-2-400x400.jpg 400w, https:\/\/www.padreeustaquio.com.br\/wp-content\/uploads\/2024\/11\/encerramento-festa-pe-em-romaria-mg-2-600x600.jpg 600w\" sizes=\"(max-width: 150px) 100vw, 150px\" \/><\/a>\n\t\t\t<\/dt><\/dl><dl class='gallery-item'>\n\t\t\t<dt class='gallery-icon landscape'>\n\t\t\t\t<a href='https:\/\/www.padreeustaquio.com.br\/en\/tributes-mark-the-closing-of-the-festival-of-blessed-father-eustaquio-in-romaria-mg\/encerramento-festa-pe-em-romaria-mg-5\/'><img loading=\"lazy\" decoding=\"async\" width=\"150\" height=\"150\" src=\"https:\/\/www.padreeustaquio.com.br\/wp-content\/uploads\/2024\/11\/encerramento-festa-pe-em-romaria-mg-5-150x150.jpg\" class=\"attachment-thumbnail size-thumbnail\" alt=\"\" srcset=\"https:\/\/www.padreeustaquio.com.br\/wp-content\/uploads\/2024\/11\/encerramento-festa-pe-em-romaria-mg-5-150x150.jpg 150w, https:\/\/www.padreeustaquio.com.br\/wp-content\/uploads\/2024\/11\/encerramento-festa-pe-em-romaria-mg-5-75x75.jpg 75w, https:\/\/www.padreeustaquio.com.br\/wp-content\/uploads\/2024\/11\/encerramento-festa-pe-em-romaria-mg-5-180x180.jpg 180w, https:\/\/www.padreeustaquio.com.br\/wp-content\/uploads\/2024\/11\/encerramento-festa-pe-em-romaria-mg-5-400x400.jpg 400w, https:\/\/www.padreeustaquio.com.br\/wp-content\/uploads\/2024\/11\/encerramento-festa-pe-em-romaria-mg-5-600x600.jpg 600w\" sizes=\"(max-width: 150px) 100vw, 150px\" \/><\/a>\n\t\t\t<\/dt><\/dl><dl class='gallery-item'>\n\t\t\t<dt class='gallery-icon landscape'>\n\t\t\t\t<a href='https:\/\/www.padreeustaquio.com.br\/en\/tributes-mark-the-closing-of-the-festival-of-blessed-father-eustaquio-in-romaria-mg\/encerramento-festa-pe-em-romaria-mg-1\/'><img loading=\"lazy\" decoding=\"async\" width=\"150\" height=\"150\" src=\"https:\/\/www.padreeustaquio.com.br\/wp-content\/uploads\/2024\/11\/encerramento-festa-pe-em-romaria-mg-1-150x150.jpg\" class=\"attachment-thumbnail size-thumbnail\" alt=\"\" srcset=\"https:\/\/www.padreeustaquio.com.br\/wp-content\/uploads\/2024\/11\/encerramento-festa-pe-em-romaria-mg-1-150x150.jpg 150w, https:\/\/www.padreeustaquio.com.br\/wp-content\/uploads\/2024\/11\/encerramento-festa-pe-em-romaria-mg-1-75x75.jpg 75w, https:\/\/www.padreeustaquio.com.br\/wp-content\/uploads\/2024\/11\/encerramento-festa-pe-em-romaria-mg-1-180x180.jpg 180w, https:\/\/www.padreeustaquio.com.br\/wp-content\/uploads\/2024\/11\/encerramento-festa-pe-em-romaria-mg-1-400x400.jpg 400w, https:\/\/www.padreeustaquio.com.br\/wp-content\/uploads\/2024\/11\/encerramento-festa-pe-em-romaria-mg-1-600x600.jpg 600w\" sizes=\"(max-width: 150px) 100vw, 150px\" \/><\/a>\n\t\t\t<\/dt><\/dl><br style=\"clear: both\" \/>\n\t\t<\/div>","protected":false},"excerpt":{"rendered":"<p>O \u00faltimo final de semana foi de ora\u00e7\u00f5es e homenagens ao Beato Padre Eust\u00e1quio, na cidade de Romaria, no Tri\u00e2ngulo Mineiro. Centenas de devotos se reuniram na Capela da Paz do Santu\u00e1rio Bas\u00edlica Nossa Senhora da Abadia da \u00c1gua Suja para celebrar a Santa Missa e participar da prociss\u00e3o em honra ao Beato. \u00c0s 10h a Santa Missa foi celebrada pelo vice-postulador da Causa de Canonia\u00e7\u00e3o do Beato Padre Eust\u00e1quio, padre Vin\u00edcius Maciel, SS.CC, na Ca pela da Paz, anexa ao Santu\u00e1rio-Bas\u00edlica. A cerim\u00f4nia foi transmitida pelo Canal Padre Eust\u00e1quio no YouTube (VEJA AQUI). \u00c0s 19h houve a Missa Solene [&hellip;]<\/p>\n","protected":false},"author":2,"featured_media":11710,"comment_status":"open","ping_status":"closed","sticky":false,"template":"","format":"standard","meta":{"_acf_changed":false,"footnotes":""},"categories":[611],"tags":[],"class_list":["post-11709","post","type-post","status-publish","format-standard","has-post-thumbnail","hentry","category-noticias"],"acf":[],"yoast_head":"<!-- This site is optimized with the Yoast SEO plugin v27.2 - https:\/\/yoast.com\/product\/yoast-seo-wordpress\/ -->\n<title>Homenagens marcam encerramento da Festa do Beato Padre Eust\u00e1quio em Romaria-MG<\/title>\n<meta name=\"description\" content=\"O \u00faltimo final de semana foi de ora\u00e7\u00f5es e homenagens ao Beato Padre Eust\u00e1quio, na cidade de Romaria, no Tri\u00e2ngulo Mineiro. Centenas de devotos se reuniram na Capela da Paz do Santu\u00e1rio Bas\u00edlica Nossa Senhora da Abadia da \u00c1gua Suja para celebrar a Santa Missa e participar da prociss\u00e3o em honra ao Beato.\" \/>\n<meta name=\"robots\" content=\"index, follow, max-snippet:-1, max-image-preview:large, max-video-preview:-1\" \/>\n<link rel=\"canonical\" href=\"https:\/\/www.padreeustaquio.com.br\/en\/tributes-mark-the-closing-of-the-festival-of-blessed-father-eustaquio-in-romaria-mg\/\" \/>\n<meta property=\"og:locale\" content=\"en_US\" \/>\n<meta property=\"og:type\" content=\"article\" \/>\n<meta property=\"og:title\" content=\"Homenagens marcam encerramento da Festa do Beato Padre Eust\u00e1quio em Romaria-MG\" \/>\n<meta property=\"og:description\" content=\"O \u00faltimo final de semana foi de ora\u00e7\u00f5es e homenagens ao Beato Padre Eust\u00e1quio, na cidade de Romaria, no Tri\u00e2ngulo Mineiro. Centenas de devotos se reuniram na Capela da Paz do Santu\u00e1rio Bas\u00edlica Nossa Senhora da Abadia da \u00c1gua Suja para celebrar a Santa Missa e participar da prociss\u00e3o em honra ao Beato.\" \/>\n<meta property=\"og:url\" content=\"https:\/\/www.padreeustaquio.com.br\/en\/tributes-mark-the-closing-of-the-festival-of-blessed-father-eustaquio-in-romaria-mg\/\" \/>\n<meta property=\"og:site_name\" content=\"Padre Eust\u00e1quio\" \/>\n<meta property=\"article:publisher\" content=\"https:\/\/www.facebook.com\/beatopadreeustaquio\/\" \/>\n<meta property=\"article:published_time\" content=\"2024-11-04T15:06:20+00:00\" \/>\n<meta property=\"article:modified_time\" content=\"2024-11-04T15:10:54+00:00\" \/>\n<meta property=\"og:image\" content=\"https:\/\/www.padreeustaquio.com.br\/wp-content\/uploads\/2024\/11\/encerramento-festa-pe-em-romaria-mg-6.jpg\" \/>\n\t<meta property=\"og:image:width\" content=\"1080\" \/>\n\t<meta property=\"og:image:height\" content=\"607\" \/>\n\t<meta property=\"og:image:type\" content=\"image\/jpeg\" \/>\n<meta name=\"author\" content=\"@sscc\" \/>\n<meta name=\"twitter:card\" content=\"summary_large_image\" \/>\n<meta name=\"twitter:creator\" content=\"@beatopeustaquio\" \/>\n<meta name=\"twitter:site\" content=\"@beatopeustaquio\" \/>\n<meta name=\"twitter:label1\" content=\"Written by\" \/>\n\t<meta name=\"twitter:data1\" content=\"@sscc\" \/>\n\t<meta name=\"twitter:label2\" content=\"Est. reading time\" \/>\n\t<meta name=\"twitter:data2\" content=\"2 minutes\" \/>\n<script type=\"application\/ld+json\" class=\"yoast-schema-graph\">{\"@context\":\"https:\/\/schema.org\",\"@graph\":[{\"@type\":\"Article\",\"@id\":\"https:\/\/www.padreeustaquio.com.br\/homenagens-marcam-encerramento-da-festa-do-beato-padre-eustaquio-em-romaria-mg\/#article\",\"isPartOf\":{\"@id\":\"https:\/\/www.padreeustaquio.com.br\/homenagens-marcam-encerramento-da-festa-do-beato-padre-eustaquio-em-romaria-mg\/\"},\"author\":{\"name\":\"@sscc\",\"@id\":\"https:\/\/www.padreeustaquio.com.br\/#\/schema\/person\/a2a51db1d00f1a7af0204a0f1ddb1566\"},\"headline\":\"Homenagens marcam encerramento da Festa do Beato Padre Eust\u00e1quio em Romaria-MG\",\"datePublished\":\"2024-11-04T15:06:20+00:00\",\"dateModified\":\"2024-11-04T15:10:54+00:00\",\"mainEntityOfPage\":{\"@id\":\"https:\/\/www.padreeustaquio.com.br\/homenagens-marcam-encerramento-da-festa-do-beato-padre-eustaquio-em-romaria-mg\/\"},\"wordCount\":317,\"commentCount\":0,\"publisher\":{\"@id\":\"https:\/\/www.padreeustaquio.com.br\/#organization\"},\"image\":{\"@id\":\"https:\/\/www.padreeustaquio.com.br\/homenagens-marcam-encerramento-da-festa-do-beato-padre-eustaquio-em-romaria-mg\/#primaryimage\"},\"thumbnailUrl\":\"https:\/\/www.padreeustaquio.com.br\/wp-content\/uploads\/2024\/11\/encerramento-festa-pe-em-romaria-mg-6.jpg\",\"articleSection\":[\"Not\u00edcias\"],\"inLanguage\":\"en-US\",\"potentialAction\":[{\"@type\":\"CommentAction\",\"name\":\"Comment\",\"target\":[\"https:\/\/www.padreeustaquio.com.br\/homenagens-marcam-encerramento-da-festa-do-beato-padre-eustaquio-em-romaria-mg\/#respond\"]}]},{\"@type\":\"WebPage\",\"@id\":\"https:\/\/www.padreeustaquio.com.br\/homenagens-marcam-encerramento-da-festa-do-beato-padre-eustaquio-em-romaria-mg\/\",\"url\":\"https:\/\/www.padreeustaquio.com.br\/homenagens-marcam-encerramento-da-festa-do-beato-padre-eustaquio-em-romaria-mg\/\",\"name\":\"Homenagens marcam encerramento da Festa do Beato Padre Eust\u00e1quio em Romaria-MG\",\"isPartOf\":{\"@id\":\"https:\/\/www.padreeustaquio.com.br\/#website\"},\"primaryImageOfPage\":{\"@id\":\"https:\/\/www.padreeustaquio.com.br\/homenagens-marcam-encerramento-da-festa-do-beato-padre-eustaquio-em-romaria-mg\/#primaryimage\"},\"image\":{\"@id\":\"https:\/\/www.padreeustaquio.com.br\/homenagens-marcam-encerramento-da-festa-do-beato-padre-eustaquio-em-romaria-mg\/#primaryimage\"},\"thumbnailUrl\":\"https:\/\/www.padreeustaquio.com.br\/wp-content\/uploads\/2024\/11\/encerramento-festa-pe-em-romaria-mg-6.jpg\",\"datePublished\":\"2024-11-04T15:06:20+00:00\",\"dateModified\":\"2024-11-04T15:10:54+00:00\",\"description\":\"O \u00faltimo final de semana foi de ora\u00e7\u00f5es e homenagens ao Beato Padre Eust\u00e1quio, na cidade de Romaria, no Tri\u00e2ngulo Mineiro. Centenas de devotos se reuniram na Capela da Paz do Santu\u00e1rio Bas\u00edlica Nossa Senhora da Abadia da \u00c1gua Suja para celebrar a Santa Missa e participar da prociss\u00e3o em honra ao Beato.\",\"breadcrumb\":{\"@id\":\"https:\/\/www.padreeustaquio.com.br\/homenagens-marcam-encerramento-da-festa-do-beato-padre-eustaquio-em-romaria-mg\/#breadcrumb\"},\"inLanguage\":\"en-US\",\"potentialAction\":[{\"@type\":\"ReadAction\",\"target\":[\"https:\/\/www.padreeustaquio.com.br\/homenagens-marcam-encerramento-da-festa-do-beato-padre-eustaquio-em-romaria-mg\/\"]}]},{\"@type\":\"ImageObject\",\"inLanguage\":\"en-US\",\"@id\":\"https:\/\/www.padreeustaquio.com.br\/homenagens-marcam-encerramento-da-festa-do-beato-padre-eustaquio-em-romaria-mg\/#primaryimage\",\"url\":\"https:\/\/www.padreeustaquio.com.br\/wp-content\/uploads\/2024\/11\/encerramento-festa-pe-em-romaria-mg-6.jpg\",\"contentUrl\":\"https:\/\/www.padreeustaquio.com.br\/wp-content\/uploads\/2024\/11\/encerramento-festa-pe-em-romaria-mg-6.jpg\",\"width\":1080,\"height\":607},{\"@type\":\"BreadcrumbList\",\"@id\":\"https:\/\/www.padreeustaquio.com.br\/homenagens-marcam-encerramento-da-festa-do-beato-padre-eustaquio-em-romaria-mg\/#breadcrumb\",\"itemListElement\":[{\"@type\":\"ListItem\",\"position\":1,\"name\":\"In\u00edcio\",\"item\":\"https:\/\/www.padreeustaquio.com.br\/\"},{\"@type\":\"ListItem\",\"position\":2,\"name\":\"Homenagens marcam encerramento da Festa do Beato Padre Eust\u00e1quio em Romaria-MG\"}]},{\"@type\":\"WebSite\",\"@id\":\"https:\/\/www.padreeustaquio.com.br\/#website\",\"url\":\"https:\/\/www.padreeustaquio.com.br\/\",\"name\":\"Padre Eust\u00e1quio\",\"description\":\"Sa\u00fade e Paz\",\"publisher\":{\"@id\":\"https:\/\/www.padreeustaquio.com.br\/#organization\"},\"potentialAction\":[{\"@type\":\"SearchAction\",\"target\":{\"@type\":\"EntryPoint\",\"urlTemplate\":\"https:\/\/www.padreeustaquio.com.br\/?s={search_term_string}\"},\"query-input\":{\"@type\":\"PropertyValueSpecification\",\"valueRequired\":true,\"valueName\":\"search_term_string\"}}],\"inLanguage\":\"en-US\"},{\"@type\":\"Organization\",\"@id\":\"https:\/\/www.padreeustaquio.com.br\/#organization\",\"name\":\"Padre Eust\u00e1quio\",\"url\":\"https:\/\/www.padreeustaquio.com.br\/\",\"logo\":{\"@type\":\"ImageObject\",\"inLanguage\":\"en-US\",\"@id\":\"https:\/\/www.padreeustaquio.com.br\/#\/schema\/logo\/image\/\",\"url\":\"https:\/\/www.padreeustaquio.com.br\/wp-content\/uploads\/2019\/08\/marca.png\",\"contentUrl\":\"https:\/\/www.padreeustaquio.com.br\/wp-content\/uploads\/2019\/08\/marca.png\",\"width\":350,\"height\":400,\"caption\":\"Padre Eust\u00e1quio\"},\"image\":{\"@id\":\"https:\/\/www.padreeustaquio.com.br\/#\/schema\/logo\/image\/\"},\"sameAs\":[\"https:\/\/www.facebook.com\/beatopadreeustaquio\/\",\"https:\/\/x.com\/beatopeustaquio\",\"https:\/\/www.instagram.com\/beatopadreeustaquio\/\",\"https:\/\/www.youtube.com\/channel\/UCRhw7vfabnajwLxb1ZXMeIw\"]},{\"@type\":\"Person\",\"@id\":\"https:\/\/www.padreeustaquio.com.br\/#\/schema\/person\/a2a51db1d00f1a7af0204a0f1ddb1566\",\"name\":\"@sscc\",\"image\":{\"@type\":\"ImageObject\",\"inLanguage\":\"en-US\",\"@id\":\"https:\/\/secure.gravatar.com\/avatar\/68cfafa5f44617fea54071e215026e0ff06be366c3d54a8425f04fdcb86f8c5f?s=96&d=mm&r=g\",\"url\":\"https:\/\/secure.gravatar.com\/avatar\/68cfafa5f44617fea54071e215026e0ff06be366c3d54a8425f04fdcb86f8c5f?s=96&d=mm&r=g\",\"contentUrl\":\"https:\/\/secure.gravatar.com\/avatar\/68cfafa5f44617fea54071e215026e0ff06be366c3d54a8425f04fdcb86f8c5f?s=96&d=mm&r=g\",\"caption\":\"@sscc\"},\"url\":\"https:\/\/www.padreeustaquio.com.br\/en\/author\/sscc\/\"}]}<\/script>\n<!-- \/ Yoast SEO plugin. -->","yoast_head_json":{"title":"Tributes mark the closing of the Feast of Blessed Father Eust\u00e1quio in Romaria-MG","description":"Last weekend was filled with prayers and tributes to Blessed Father Eust\u00e1quio in the city of Romaria, in the Tri\u00e2ngulo Mineiro region. Hundreds of devotees gathered at the Chapel of Peace in the Basilica Sanctuary of Our Lady of the Abbey of \u00c1gua Suja to celebrate Holy Mass and participate in the procession in honor of the Blessed.","robots":{"index":"index","follow":"follow","max-snippet":"max-snippet:-1","max-image-preview":"max-image-preview:large","max-video-preview":"max-video-preview:-1"},"canonical":"https:\/\/www.padreeustaquio.com.br\/en\/tributes-mark-the-closing-of-the-festival-of-blessed-father-eustaquio-in-romaria-mg\/","og_locale":"en_US","og_type":"article","og_title":"Homenagens marcam encerramento da Festa do Beato Padre Eust\u00e1quio em Romaria-MG","og_description":"O \u00faltimo final de semana foi de ora\u00e7\u00f5es e homenagens ao Beato Padre Eust\u00e1quio, na cidade de Romaria, no Tri\u00e2ngulo Mineiro. Centenas de devotos se reuniram na Capela da Paz do Santu\u00e1rio Bas\u00edlica Nossa Senhora da Abadia da \u00c1gua Suja para celebrar a Santa Missa e participar da prociss\u00e3o em honra ao Beato.","og_url":"https:\/\/www.padreeustaquio.com.br\/en\/tributes-mark-the-closing-of-the-festival-of-blessed-father-eustaquio-in-romaria-mg\/","og_site_name":"Padre Eust\u00e1quio","article_publisher":"https:\/\/www.facebook.com\/beatopadreeustaquio\/","article_published_time":"2024-11-04T15:06:20+00:00","article_modified_time":"2024-11-04T15:10:54+00:00","og_image":[{"width":1080,"height":607,"url":"https:\/\/www.padreeustaquio.com.br\/wp-content\/uploads\/2024\/11\/encerramento-festa-pe-em-romaria-mg-6.jpg","type":"image\/jpeg"}],"author":"@sscc","twitter_card":"summary_large_image","twitter_creator":"@beatopeustaquio","twitter_site":"@beatopeustaquio","twitter_misc":{"Written by":"@sscc","Est. reading time":"2 minutes"},"schema":{"@context":"https:\/\/schema.org","@graph":[{"@type":"Article","@id":"https:\/\/www.padreeustaquio.com.br\/homenagens-marcam-encerramento-da-festa-do-beato-padre-eustaquio-em-romaria-mg\/#article","isPartOf":{"@id":"https:\/\/www.padreeustaquio.com.br\/homenagens-marcam-encerramento-da-festa-do-beato-padre-eustaquio-em-romaria-mg\/"},"author":{"name":"@sscc","@id":"https:\/\/www.padreeustaquio.com.br\/#\/schema\/person\/a2a51db1d00f1a7af0204a0f1ddb1566"},"headline":"Homenagens marcam encerramento da Festa do Beato Padre Eust\u00e1quio em Romaria-MG","datePublished":"2024-11-04T15:06:20+00:00","dateModified":"2024-11-04T15:10:54+00:00","mainEntityOfPage":{"@id":"https:\/\/www.padreeustaquio.com.br\/homenagens-marcam-encerramento-da-festa-do-beato-padre-eustaquio-em-romaria-mg\/"},"wordCount":317,"commentCount":0,"publisher":{"@id":"https:\/\/www.padreeustaquio.com.br\/#organization"},"image":{"@id":"https:\/\/www.padreeustaquio.com.br\/homenagens-marcam-encerramento-da-festa-do-beato-padre-eustaquio-em-romaria-mg\/#primaryimage"},"thumbnailUrl":"https:\/\/www.padreeustaquio.com.br\/wp-content\/uploads\/2024\/11\/encerramento-festa-pe-em-romaria-mg-6.jpg","articleSection":["Not\u00edcias"],"inLanguage":"en-US","potentialAction":[{"@type":"CommentAction","name":"Comment","target":["https:\/\/www.padreeustaquio.com.br\/homenagens-marcam-encerramento-da-festa-do-beato-padre-eustaquio-em-romaria-mg\/#respond"]}]},{"@type":"WebPage","@id":"https:\/\/www.padreeustaquio.com.br\/homenagens-marcam-encerramento-da-festa-do-beato-padre-eustaquio-em-romaria-mg\/","url":"https:\/\/www.padreeustaquio.com.br\/homenagens-marcam-encerramento-da-festa-do-beato-padre-eustaquio-em-romaria-mg\/","name":"Tributes mark the closing of the Feast of Blessed Father Eust\u00e1quio in Romaria-MG","isPartOf":{"@id":"https:\/\/www.padreeustaquio.com.br\/#website"},"primaryImageOfPage":{"@id":"https:\/\/www.padreeustaquio.com.br\/homenagens-marcam-encerramento-da-festa-do-beato-padre-eustaquio-em-romaria-mg\/#primaryimage"},"image":{"@id":"https:\/\/www.padreeustaquio.com.br\/homenagens-marcam-encerramento-da-festa-do-beato-padre-eustaquio-em-romaria-mg\/#primaryimage"},"thumbnailUrl":"https:\/\/www.padreeustaquio.com.br\/wp-content\/uploads\/2024\/11\/encerramento-festa-pe-em-romaria-mg-6.jpg","datePublished":"2024-11-04T15:06:20+00:00","dateModified":"2024-11-04T15:10:54+00:00","description":"Last weekend was filled with prayers and tributes to Blessed Father Eust\u00e1quio in the city of Romaria, in the Tri\u00e2ngulo Mineiro region. Hundreds of devotees gathered at the Chapel of Peace in the Basilica Sanctuary of Our Lady of the Abbey of \u00c1gua Suja to celebrate Holy Mass and participate in the procession in honor of the Blessed.","breadcrumb":{"@id":"https:\/\/www.padreeustaquio.com.br\/homenagens-marcam-encerramento-da-festa-do-beato-padre-eustaquio-em-romaria-mg\/#breadcrumb"},"inLanguage":"en-US","potentialAction":[{"@type":"ReadAction","target":["https:\/\/www.padreeustaquio.com.br\/homenagens-marcam-encerramento-da-festa-do-beato-padre-eustaquio-em-romaria-mg\/"]}]},{"@type":"ImageObject","inLanguage":"en-US","@id":"https:\/\/www.padreeustaquio.com.br\/homenagens-marcam-encerramento-da-festa-do-beato-padre-eustaquio-em-romaria-mg\/#primaryimage","url":"https:\/\/www.padreeustaquio.com.br\/wp-content\/uploads\/2024\/11\/encerramento-festa-pe-em-romaria-mg-6.jpg","contentUrl":"https:\/\/www.padreeustaquio.com.br\/wp-content\/uploads\/2024\/11\/encerramento-festa-pe-em-romaria-mg-6.jpg","width":1080,"height":607},{"@type":"BreadcrumbList","@id":"https:\/\/www.padreeustaquio.com.br\/homenagens-marcam-encerramento-da-festa-do-beato-padre-eustaquio-em-romaria-mg\/#breadcrumb","itemListElement":[{"@type":"ListItem","position":1,"name":"In\u00edcio","item":"https:\/\/www.padreeustaquio.com.br\/"},{"@type":"ListItem","position":2,"name":"Homenagens marcam encerramento da Festa do Beato Padre Eust\u00e1quio em Romaria-MG"}]},{"@type":"WebSite","@id":"https:\/\/www.padreeustaquio.com.br\/#website","url":"https:\/\/www.padreeustaquio.com.br\/","name":"FATHER EUST\u00c1QUIO","description":"Health and Peace","publisher":{"@id":"https:\/\/www.padreeustaquio.com.br\/#organization"},"potentialAction":[{"@type":"SearchAction","target":{"@type":"EntryPoint","urlTemplate":"https:\/\/www.padreeustaquio.com.br\/?s={search_term_string}"},"query-input":{"@type":"PropertyValueSpecification","valueRequired":true,"valueName":"search_term_string"}}],"inLanguage":"en-US"},{"@type":"Organization","@id":"https:\/\/www.padreeustaquio.com.br\/#organization","name":"FATHER EUST\u00c1QUIO","url":"https:\/\/www.padreeustaquio.com.br\/","logo":{"@type":"ImageObject","inLanguage":"en-US","@id":"https:\/\/www.padreeustaquio.com.br\/#\/schema\/logo\/image\/","url":"https:\/\/www.padreeustaquio.com.br\/wp-content\/uploads\/2019\/08\/marca.png","contentUrl":"https:\/\/www.padreeustaquio.com.br\/wp-content\/uploads\/2019\/08\/marca.png","width":350,"height":400,"caption":"Padre Eust\u00e1quio"},"image":{"@id":"https:\/\/www.padreeustaquio.com.br\/#\/schema\/logo\/image\/"},"sameAs":["https:\/\/www.facebook.com\/beatopadreeustaquio\/","https:\/\/x.com\/beatopeustaquio","https:\/\/www.instagram.com\/beatopadreeustaquio\/","https:\/\/www.youtube.com\/channel\/UCRhw7vfabnajwLxb1ZXMeIw"]},{"@type":"Person","@id":"https:\/\/www.padreeustaquio.com.br\/#\/schema\/person\/a2a51db1d00f1a7af0204a0f1ddb1566","name":"@sscc","image":{"@type":"ImageObject","inLanguage":"en-US","@id":"https:\/\/secure.gravatar.com\/avatar\/68cfafa5f44617fea54071e215026e0ff06be366c3d54a8425f04fdcb86f8c5f?s=96&d=mm&r=g","url":"https:\/\/secure.gravatar.com\/avatar\/68cfafa5f44617fea54071e215026e0ff06be366c3d54a8425f04fdcb86f8c5f?s=96&d=mm&r=g","contentUrl":"https:\/\/secure.gravatar.com\/avatar\/68cfafa5f44617fea54071e215026e0ff06be366c3d54a8425f04fdcb86f8c5f?s=96&d=mm&r=g","caption":"@sscc"},"url":"https:\/\/www.padreeustaquio.com.br\/en\/author\/sscc\/"}]}},"_links":{"self":[{"href":"https:\/\/www.padreeustaquio.com.br\/en\/wp-json\/wp\/v2\/posts\/11709","targetHints":{"allow":["GET"]}}],"collection":[{"href":"https:\/\/www.padreeustaquio.com.br\/en\/wp-json\/wp\/v2\/posts"}],"about":[{"href":"https:\/\/www.padreeustaquio.com.br\/en\/wp-json\/wp\/v2\/types\/post"}],"author":[{"embeddable":true,"href":"https:\/\/www.padreeustaquio.com.br\/en\/wp-json\/wp\/v2\/users\/2"}],"replies":[{"embeddable":true,"href":"https:\/\/www.padreeustaquio.com.br\/en\/wp-json\/wp\/v2\/comments?post=11709"}],"version-history":[{"count":0,"href":"https:\/\/www.padreeustaquio.com.br\/en\/wp-json\/wp\/v2\/posts\/11709\/revisions"}],"wp:featuredmedia":[{"embeddable":true,"href":"https:\/\/www.padreeustaquio.com.br\/en\/wp-json\/wp\/v2\/media\/11710"}],"wp:attachment":[{"href":"https:\/\/www.padreeustaquio.com.br\/en\/wp-json\/wp\/v2\/media?parent=11709"}],"wp:term":[{"taxonomy":"category","embeddable":true,"href":"https:\/\/www.padreeustaquio.com.br\/en\/wp-json\/wp\/v2\/categories?post=11709"},{"taxonomy":"post_tag","embeddable":true,"href":"https:\/\/www.padreeustaquio.com.br\/en\/wp-json\/wp\/v2\/tags?post=11709"}],"curies":[{"name":"wp","href":"https:\/\/api.w.org\/{rel}","templated":true}]}}