{"id":11652,"date":"2024-10-11T06:52:53","date_gmt":"2024-10-11T09:52:53","guid":{"rendered":"https:\/\/www.padreeustaquio.com.br\/?p=11652"},"modified":"2024-10-10T10:10:24","modified_gmt":"2024-10-10T13:10:24","slug":"see-father-eustaquios-text-about-christ-the-redeemer-inaugurated-on-october-12-1931","status":"publish","type":"post","link":"https:\/\/www.padreeustaquio.com.br\/en\/see-father-eustaquios-text-about-christ-the-redeemer-inaugurated-on-october-12-1931\/","title":{"rendered":"See Father Eust\u00e1quio&#039;s text about Christ the Redeemer, inaugurated on October 12, 1931."},"content":{"rendered":"<p>Inaugurated on October 12, 1931, Christ the Redeemer in Rio de Janeiro is one of the greatest Christian symbols in the world. Standing 30 meters tall, the statue is considered one of the 7 wonders of the modern world.<\/p>\n<p>At the time of its inauguration, Father Eust\u00e1quio, attentive to the news, while in \u00c1gua Suja (present-day Romaria), in the Tri\u00e2ngulo Mineiro region where he carried out his mission, wrote an article that was published in the Jornal Romeiro on October 25, 1931.<\/p>\n<p>Read the full text below:<\/p>\n<p><em><img fetchpriority=\"high\" decoding=\"async\" class=\"size-medium wp-image-11654 alignleft\" src=\"https:\/\/www.padreeustaquio.com.br\/wp-content\/uploads\/2024\/10\/pe-no-rj-225x300.jpg\" alt=\"\" width=\"225\" height=\"300\" srcset=\"https:\/\/www.padreeustaquio.com.br\/wp-content\/uploads\/2024\/10\/pe-no-rj-225x300.jpg 225w, https:\/\/www.padreeustaquio.com.br\/wp-content\/uploads\/2024\/10\/pe-no-rj-768x1024.jpg 768w, https:\/\/www.padreeustaquio.com.br\/wp-content\/uploads\/2024\/10\/pe-no-rj-1152x1536.jpg 1152w, https:\/\/www.padreeustaquio.com.br\/wp-content\/uploads\/2024\/10\/pe-no-rj.jpg 1200w\" sizes=\"(max-width: 225px) 100vw, 225px\" \/>On the 12th of this month, what every Brazilian Catholic heart had longed for was realized \u2013 a fact that will be written in golden letters in the history of Brazil \u2013 the inauguration of the gigantic statue atop Corcovado, the highest point rising from the heart of Rio de Janeiro to the blue sky of our beloved Brazil.<br \/>\n<\/em><br \/>\n<em>Yes, Brazil can write this unforgettable, indelible fact in the human heart with golden letters in its Catholic history; there is, therefore, no equal fact in times past, no more evident proof, no more valuable tribute, with which the Brazilian people, with all human respect at their feet, raising their heads only to the King of Kings, showed themselves to be a people of God, a people who grew up under the blessed arms of the Holy Cross.<\/em><\/p>\n<p><em>Oh Brazil! May your example spread throughout the world. May the prayer of the great Cardinal Dom Leme reach the benevolent ears of divine Mercy: Oh Christ the Redeemer, may your open arms over the city, over Brazil, and over the whole world welcome in your mercy not only Catholics, but Protestants, followers of all religions, and unbelievers, so that all may return to their beliefs and their faith.<\/em><\/p>\n<p><em>And the great Bishop D. Jo\u00e3o Becker, standing before the image of Christ the Redeemer, could not help but address his supplicating words to the whole of Brazil, saying: &quot;I ask, I beg, I implore all the living forces of the country, all social classes, that, alongside the good and meritorious Provisional Government, they dedicate their noblest efforts to collaborating in the moral and political reconstruction of the Republic, to consolidate and establish, in the laws and teachings of Christ the Redeemer, the integrity, progress, and happiness of our great homeland.&quot;.<\/em><\/p>\n<p><em>And having finished this article, I cannot offer better words to conclude it than those of the Reverend Canon Dr. Henrique de Magalh\u00e3es:<\/em><\/p>\n<p><em>Christ the Redeemer, Brazil is yours. <\/em><br \/>\n<em>Christ the King saves our people.<\/em><br \/>\n<em>Christ the Redeemer, have mercy on your people.<\/em><br \/>\n<em>Christ the Redeemer, Brazil expects everything from you.<\/em><br \/>\n<em>Christ the King, Brazil acclaims you.<\/p>\n<p><\/em><\/p>","protected":false},"excerpt":{"rendered":"<p>Inaugurado no dia 12 de outubro de 1931, o Cristo Redentor, no Rio de Janeiro \u00e9 um dos maiores s\u00edmbolos crist\u00e3os do mundo. Com 30 metros de altura, a est\u00e1tua \u00e9 considerada uma das 7 maravilhas do mundo moderno. Na \u00e9poca de sua inaugura\u00e7\u00e3o, Padre Eust\u00e1quio, atento \u00e0s not\u00edcias, estando em \u00c1gua Suja (atual Romaria), no Tri\u00e2ngulo Mineiro onde exercia sua miss\u00e3o, escreve um artigo, que foi publicado no Jornal Romeiro, em 25 de outubro de 1931. Leia, abaixo, o texto na \u00edntegra: Realizou se no dia 12 deste m\u00eas o que cada cora\u00e7\u00e3o brasileiro cat\u00f3lico, com o maior anelo [&hellip;]<\/p>\n","protected":false},"author":2,"featured_media":11653,"comment_status":"open","ping_status":"closed","sticky":false,"template":"","format":"standard","meta":{"_acf_changed":false,"footnotes":""},"categories":[611],"tags":[],"class_list":["post-11652","post","type-post","status-publish","format-standard","has-post-thumbnail","hentry","category-noticias"],"acf":[],"yoast_head":"<!-- This site is optimized with the Yoast SEO plugin v27.2 - https:\/\/yoast.com\/product\/yoast-seo-wordpress\/ -->\n<title>Veja texto de Padre Eust\u00e1quio sobre Cristo Redentor, inaugurado em 12 de outubro de 1931<\/title>\n<meta name=\"description\" content=\"Inaugurado no dia 12 de outubro de 1931, o Cristo Redentor, no Rio de Janeiro \u00e9 um dos maiores s\u00edmbolos crist\u00e3os do mundo. Com 30 metros de altura, a est\u00e1tua \u00e9 considerada uma das 7 maravilhas do mundo moderno. Na \u00e9poca de sua inaugura\u00e7\u00e3o, Padre Eust\u00e1quio, atento \u00e0s not\u00edcias, estando em \u00c1gua Suja (atual Romaria), no Tri\u00e2ngulo Mineiro onde exercia sua miss\u00e3o, escreve um artigo, que foi publicado no Jornal Romeiro, em 25 de outubro de 1931.\" \/>\n<meta name=\"robots\" content=\"index, follow, max-snippet:-1, max-image-preview:large, max-video-preview:-1\" \/>\n<link rel=\"canonical\" href=\"https:\/\/www.padreeustaquio.com.br\/en\/see-father-eustaquios-text-about-christ-the-redeemer-inaugurated-on-october-12-1931\/\" \/>\n<meta property=\"og:locale\" content=\"en_US\" \/>\n<meta property=\"og:type\" content=\"article\" \/>\n<meta property=\"og:title\" content=\"Veja texto de Padre Eust\u00e1quio sobre Cristo Redentor, inaugurado em 12 de outubro de 1931\" \/>\n<meta property=\"og:description\" content=\"Inaugurado no dia 12 de outubro de 1931, o Cristo Redentor, no Rio de Janeiro \u00e9 um dos maiores s\u00edmbolos crist\u00e3os do mundo. Com 30 metros de altura, a est\u00e1tua \u00e9 considerada uma das 7 maravilhas do mundo moderno. Na \u00e9poca de sua inaugura\u00e7\u00e3o, Padre Eust\u00e1quio, atento \u00e0s not\u00edcias, estando em \u00c1gua Suja (atual Romaria), no Tri\u00e2ngulo Mineiro onde exercia sua miss\u00e3o, escreve um artigo, que foi publicado no Jornal Romeiro, em 25 de outubro de 1931.\" \/>\n<meta property=\"og:url\" content=\"https:\/\/www.padreeustaquio.com.br\/en\/see-father-eustaquios-text-about-christ-the-redeemer-inaugurated-on-october-12-1931\/\" \/>\n<meta property=\"og:site_name\" content=\"Padre Eust\u00e1quio\" \/>\n<meta property=\"article:publisher\" content=\"https:\/\/www.facebook.com\/beatopadreeustaquio\/\" \/>\n<meta property=\"article:published_time\" content=\"2024-10-11T09:52:53+00:00\" \/>\n<meta property=\"og:image\" content=\"https:\/\/www.padreeustaquio.com.br\/wp-content\/uploads\/2024\/10\/cristo-redentor-17-10-1931.jpeg\" \/>\n\t<meta property=\"og:image:width\" content=\"1099\" \/>\n\t<meta property=\"og:image:height\" content=\"837\" \/>\n\t<meta property=\"og:image:type\" content=\"image\/jpeg\" \/>\n<meta name=\"author\" content=\"@sscc\" \/>\n<meta name=\"twitter:card\" content=\"summary_large_image\" \/>\n<meta name=\"twitter:creator\" content=\"@beatopeustaquio\" \/>\n<meta name=\"twitter:site\" content=\"@beatopeustaquio\" \/>\n<meta name=\"twitter:label1\" content=\"Written by\" \/>\n\t<meta name=\"twitter:data1\" content=\"@sscc\" \/>\n\t<meta name=\"twitter:label2\" content=\"Est. reading time\" \/>\n\t<meta name=\"twitter:data2\" content=\"3 minutes\" \/>\n<script type=\"application\/ld+json\" class=\"yoast-schema-graph\">{\"@context\":\"https:\/\/schema.org\",\"@graph\":[{\"@type\":\"Article\",\"@id\":\"https:\/\/www.padreeustaquio.com.br\/veja-texto-de-padre-eustaquio-sobre-cristo-redentor-inaugurado-em-12-de-outubro-de-1931\/#article\",\"isPartOf\":{\"@id\":\"https:\/\/www.padreeustaquio.com.br\/veja-texto-de-padre-eustaquio-sobre-cristo-redentor-inaugurado-em-12-de-outubro-de-1931\/\"},\"author\":{\"name\":\"@sscc\",\"@id\":\"https:\/\/www.padreeustaquio.com.br\/#\/schema\/person\/a2a51db1d00f1a7af0204a0f1ddb1566\"},\"headline\":\"Veja texto de Padre Eust\u00e1quio sobre Cristo Redentor, inaugurado em 12 de outubro de 1931\",\"datePublished\":\"2024-10-11T09:52:53+00:00\",\"mainEntityOfPage\":{\"@id\":\"https:\/\/www.padreeustaquio.com.br\/veja-texto-de-padre-eustaquio-sobre-cristo-redentor-inaugurado-em-12-de-outubro-de-1931\/\"},\"wordCount\":494,\"commentCount\":0,\"publisher\":{\"@id\":\"https:\/\/www.padreeustaquio.com.br\/#organization\"},\"image\":{\"@id\":\"https:\/\/www.padreeustaquio.com.br\/veja-texto-de-padre-eustaquio-sobre-cristo-redentor-inaugurado-em-12-de-outubro-de-1931\/#primaryimage\"},\"thumbnailUrl\":\"https:\/\/www.padreeustaquio.com.br\/wp-content\/uploads\/2024\/10\/cristo-redentor-17-10-1931.jpeg\",\"articleSection\":[\"Not\u00edcias\"],\"inLanguage\":\"en-US\",\"potentialAction\":[{\"@type\":\"CommentAction\",\"name\":\"Comment\",\"target\":[\"https:\/\/www.padreeustaquio.com.br\/veja-texto-de-padre-eustaquio-sobre-cristo-redentor-inaugurado-em-12-de-outubro-de-1931\/#respond\"]}]},{\"@type\":\"WebPage\",\"@id\":\"https:\/\/www.padreeustaquio.com.br\/veja-texto-de-padre-eustaquio-sobre-cristo-redentor-inaugurado-em-12-de-outubro-de-1931\/\",\"url\":\"https:\/\/www.padreeustaquio.com.br\/veja-texto-de-padre-eustaquio-sobre-cristo-redentor-inaugurado-em-12-de-outubro-de-1931\/\",\"name\":\"Veja texto de Padre Eust\u00e1quio sobre Cristo Redentor, inaugurado em 12 de outubro de 1931\",\"isPartOf\":{\"@id\":\"https:\/\/www.padreeustaquio.com.br\/#website\"},\"primaryImageOfPage\":{\"@id\":\"https:\/\/www.padreeustaquio.com.br\/veja-texto-de-padre-eustaquio-sobre-cristo-redentor-inaugurado-em-12-de-outubro-de-1931\/#primaryimage\"},\"image\":{\"@id\":\"https:\/\/www.padreeustaquio.com.br\/veja-texto-de-padre-eustaquio-sobre-cristo-redentor-inaugurado-em-12-de-outubro-de-1931\/#primaryimage\"},\"thumbnailUrl\":\"https:\/\/www.padreeustaquio.com.br\/wp-content\/uploads\/2024\/10\/cristo-redentor-17-10-1931.jpeg\",\"datePublished\":\"2024-10-11T09:52:53+00:00\",\"description\":\"Inaugurado no dia 12 de outubro de 1931, o Cristo Redentor, no Rio de Janeiro \u00e9 um dos maiores s\u00edmbolos crist\u00e3os do mundo. Com 30 metros de altura, a est\u00e1tua \u00e9 considerada uma das 7 maravilhas do mundo moderno. Na \u00e9poca de sua inaugura\u00e7\u00e3o, Padre Eust\u00e1quio, atento \u00e0s not\u00edcias, estando em \u00c1gua Suja (atual Romaria), no Tri\u00e2ngulo Mineiro onde exercia sua miss\u00e3o, escreve um artigo, que foi publicado no Jornal Romeiro, em 25 de outubro de 1931.\",\"breadcrumb\":{\"@id\":\"https:\/\/www.padreeustaquio.com.br\/veja-texto-de-padre-eustaquio-sobre-cristo-redentor-inaugurado-em-12-de-outubro-de-1931\/#breadcrumb\"},\"inLanguage\":\"en-US\",\"potentialAction\":[{\"@type\":\"ReadAction\",\"target\":[\"https:\/\/www.padreeustaquio.com.br\/veja-texto-de-padre-eustaquio-sobre-cristo-redentor-inaugurado-em-12-de-outubro-de-1931\/\"]}]},{\"@type\":\"ImageObject\",\"inLanguage\":\"en-US\",\"@id\":\"https:\/\/www.padreeustaquio.com.br\/veja-texto-de-padre-eustaquio-sobre-cristo-redentor-inaugurado-em-12-de-outubro-de-1931\/#primaryimage\",\"url\":\"https:\/\/www.padreeustaquio.com.br\/wp-content\/uploads\/2024\/10\/cristo-redentor-17-10-1931.jpeg\",\"contentUrl\":\"https:\/\/www.padreeustaquio.com.br\/wp-content\/uploads\/2024\/10\/cristo-redentor-17-10-1931.jpeg\",\"width\":1099,\"height\":837,\"caption\":\"Fonte: Revista FonFon: (RJ) - Ano 1931\\\\Edi\u00e7\u00e3o 00042\"},{\"@type\":\"BreadcrumbList\",\"@id\":\"https:\/\/www.padreeustaquio.com.br\/veja-texto-de-padre-eustaquio-sobre-cristo-redentor-inaugurado-em-12-de-outubro-de-1931\/#breadcrumb\",\"itemListElement\":[{\"@type\":\"ListItem\",\"position\":1,\"name\":\"In\u00edcio\",\"item\":\"https:\/\/www.padreeustaquio.com.br\/\"},{\"@type\":\"ListItem\",\"position\":2,\"name\":\"Veja texto de Padre Eust\u00e1quio sobre Cristo Redentor, inaugurado em 12 de outubro de 1931\"}]},{\"@type\":\"WebSite\",\"@id\":\"https:\/\/www.padreeustaquio.com.br\/#website\",\"url\":\"https:\/\/www.padreeustaquio.com.br\/\",\"name\":\"Padre Eust\u00e1quio\",\"description\":\"Sa\u00fade e Paz\",\"publisher\":{\"@id\":\"https:\/\/www.padreeustaquio.com.br\/#organization\"},\"potentialAction\":[{\"@type\":\"SearchAction\",\"target\":{\"@type\":\"EntryPoint\",\"urlTemplate\":\"https:\/\/www.padreeustaquio.com.br\/?s={search_term_string}\"},\"query-input\":{\"@type\":\"PropertyValueSpecification\",\"valueRequired\":true,\"valueName\":\"search_term_string\"}}],\"inLanguage\":\"en-US\"},{\"@type\":\"Organization\",\"@id\":\"https:\/\/www.padreeustaquio.com.br\/#organization\",\"name\":\"Padre Eust\u00e1quio\",\"url\":\"https:\/\/www.padreeustaquio.com.br\/\",\"logo\":{\"@type\":\"ImageObject\",\"inLanguage\":\"en-US\",\"@id\":\"https:\/\/www.padreeustaquio.com.br\/#\/schema\/logo\/image\/\",\"url\":\"https:\/\/www.padreeustaquio.com.br\/wp-content\/uploads\/2019\/08\/marca.png\",\"contentUrl\":\"https:\/\/www.padreeustaquio.com.br\/wp-content\/uploads\/2019\/08\/marca.png\",\"width\":350,\"height\":400,\"caption\":\"Padre Eust\u00e1quio\"},\"image\":{\"@id\":\"https:\/\/www.padreeustaquio.com.br\/#\/schema\/logo\/image\/\"},\"sameAs\":[\"https:\/\/www.facebook.com\/beatopadreeustaquio\/\",\"https:\/\/x.com\/beatopeustaquio\",\"https:\/\/www.instagram.com\/beatopadreeustaquio\/\",\"https:\/\/www.youtube.com\/channel\/UCRhw7vfabnajwLxb1ZXMeIw\"]},{\"@type\":\"Person\",\"@id\":\"https:\/\/www.padreeustaquio.com.br\/#\/schema\/person\/a2a51db1d00f1a7af0204a0f1ddb1566\",\"name\":\"@sscc\",\"image\":{\"@type\":\"ImageObject\",\"inLanguage\":\"en-US\",\"@id\":\"https:\/\/secure.gravatar.com\/avatar\/68cfafa5f44617fea54071e215026e0ff06be366c3d54a8425f04fdcb86f8c5f?s=96&d=mm&r=g\",\"url\":\"https:\/\/secure.gravatar.com\/avatar\/68cfafa5f44617fea54071e215026e0ff06be366c3d54a8425f04fdcb86f8c5f?s=96&d=mm&r=g\",\"contentUrl\":\"https:\/\/secure.gravatar.com\/avatar\/68cfafa5f44617fea54071e215026e0ff06be366c3d54a8425f04fdcb86f8c5f?s=96&d=mm&r=g\",\"caption\":\"@sscc\"},\"url\":\"https:\/\/www.padreeustaquio.com.br\/en\/author\/sscc\/\"}]}<\/script>\n<!-- \/ Yoast SEO plugin. -->","yoast_head_json":{"title":"See Father Eust\u00e1quio&#039;s text about Christ the Redeemer, inaugurated on October 12, 1931.","description":"Inaugurated on October 12, 1931, Christ the Redeemer in Rio de Janeiro is one of the greatest Christian symbols in the world. Standing 30 meters tall, the statue is considered one of the 7 wonders of the modern world. At the time of its inauguration, Father Eust\u00e1quio, attentive to the news while in \u00c1gua Suja (present-day Romaria), in the Tri\u00e2ngulo Mineiro region where he carried out his mission, wrote an article that was published in the Jornal Romeiro on October 25, 1931.","robots":{"index":"index","follow":"follow","max-snippet":"max-snippet:-1","max-image-preview":"max-image-preview:large","max-video-preview":"max-video-preview:-1"},"canonical":"https:\/\/www.padreeustaquio.com.br\/en\/see-father-eustaquios-text-about-christ-the-redeemer-inaugurated-on-october-12-1931\/","og_locale":"en_US","og_type":"article","og_title":"Veja texto de Padre Eust\u00e1quio sobre Cristo Redentor, inaugurado em 12 de outubro de 1931","og_description":"Inaugurado no dia 12 de outubro de 1931, o Cristo Redentor, no Rio de Janeiro \u00e9 um dos maiores s\u00edmbolos crist\u00e3os do mundo. Com 30 metros de altura, a est\u00e1tua \u00e9 considerada uma das 7 maravilhas do mundo moderno. Na \u00e9poca de sua inaugura\u00e7\u00e3o, Padre Eust\u00e1quio, atento \u00e0s not\u00edcias, estando em \u00c1gua Suja (atual Romaria), no Tri\u00e2ngulo Mineiro onde exercia sua miss\u00e3o, escreve um artigo, que foi publicado no Jornal Romeiro, em 25 de outubro de 1931.","og_url":"https:\/\/www.padreeustaquio.com.br\/en\/see-father-eustaquios-text-about-christ-the-redeemer-inaugurated-on-october-12-1931\/","og_site_name":"Padre Eust\u00e1quio","article_publisher":"https:\/\/www.facebook.com\/beatopadreeustaquio\/","article_published_time":"2024-10-11T09:52:53+00:00","og_image":[{"width":1099,"height":837,"url":"https:\/\/www.padreeustaquio.com.br\/wp-content\/uploads\/2024\/10\/cristo-redentor-17-10-1931.jpeg","type":"image\/jpeg"}],"author":"@sscc","twitter_card":"summary_large_image","twitter_creator":"@beatopeustaquio","twitter_site":"@beatopeustaquio","twitter_misc":{"Written by":"@sscc","Est. reading time":"3 minutes"},"schema":{"@context":"https:\/\/schema.org","@graph":[{"@type":"Article","@id":"https:\/\/www.padreeustaquio.com.br\/veja-texto-de-padre-eustaquio-sobre-cristo-redentor-inaugurado-em-12-de-outubro-de-1931\/#article","isPartOf":{"@id":"https:\/\/www.padreeustaquio.com.br\/veja-texto-de-padre-eustaquio-sobre-cristo-redentor-inaugurado-em-12-de-outubro-de-1931\/"},"author":{"name":"@sscc","@id":"https:\/\/www.padreeustaquio.com.br\/#\/schema\/person\/a2a51db1d00f1a7af0204a0f1ddb1566"},"headline":"Veja texto de Padre Eust\u00e1quio sobre Cristo Redentor, inaugurado em 12 de outubro de 1931","datePublished":"2024-10-11T09:52:53+00:00","mainEntityOfPage":{"@id":"https:\/\/www.padreeustaquio.com.br\/veja-texto-de-padre-eustaquio-sobre-cristo-redentor-inaugurado-em-12-de-outubro-de-1931\/"},"wordCount":494,"commentCount":0,"publisher":{"@id":"https:\/\/www.padreeustaquio.com.br\/#organization"},"image":{"@id":"https:\/\/www.padreeustaquio.com.br\/veja-texto-de-padre-eustaquio-sobre-cristo-redentor-inaugurado-em-12-de-outubro-de-1931\/#primaryimage"},"thumbnailUrl":"https:\/\/www.padreeustaquio.com.br\/wp-content\/uploads\/2024\/10\/cristo-redentor-17-10-1931.jpeg","articleSection":["Not\u00edcias"],"inLanguage":"en-US","potentialAction":[{"@type":"CommentAction","name":"Comment","target":["https:\/\/www.padreeustaquio.com.br\/veja-texto-de-padre-eustaquio-sobre-cristo-redentor-inaugurado-em-12-de-outubro-de-1931\/#respond"]}]},{"@type":"WebPage","@id":"https:\/\/www.padreeustaquio.com.br\/veja-texto-de-padre-eustaquio-sobre-cristo-redentor-inaugurado-em-12-de-outubro-de-1931\/","url":"https:\/\/www.padreeustaquio.com.br\/veja-texto-de-padre-eustaquio-sobre-cristo-redentor-inaugurado-em-12-de-outubro-de-1931\/","name":"See Father Eust\u00e1quio&#039;s text about Christ the Redeemer, inaugurated on October 12, 1931.","isPartOf":{"@id":"https:\/\/www.padreeustaquio.com.br\/#website"},"primaryImageOfPage":{"@id":"https:\/\/www.padreeustaquio.com.br\/veja-texto-de-padre-eustaquio-sobre-cristo-redentor-inaugurado-em-12-de-outubro-de-1931\/#primaryimage"},"image":{"@id":"https:\/\/www.padreeustaquio.com.br\/veja-texto-de-padre-eustaquio-sobre-cristo-redentor-inaugurado-em-12-de-outubro-de-1931\/#primaryimage"},"thumbnailUrl":"https:\/\/www.padreeustaquio.com.br\/wp-content\/uploads\/2024\/10\/cristo-redentor-17-10-1931.jpeg","datePublished":"2024-10-11T09:52:53+00:00","description":"Inaugurated on October 12, 1931, Christ the Redeemer in Rio de Janeiro is one of the greatest Christian symbols in the world. Standing 30 meters tall, the statue is considered one of the 7 wonders of the modern world. At the time of its inauguration, Father Eust\u00e1quio, attentive to the news while in \u00c1gua Suja (present-day Romaria), in the Tri\u00e2ngulo Mineiro region where he carried out his mission, wrote an article that was published in the Jornal Romeiro on October 25, 1931.","breadcrumb":{"@id":"https:\/\/www.padreeustaquio.com.br\/veja-texto-de-padre-eustaquio-sobre-cristo-redentor-inaugurado-em-12-de-outubro-de-1931\/#breadcrumb"},"inLanguage":"en-US","potentialAction":[{"@type":"ReadAction","target":["https:\/\/www.padreeustaquio.com.br\/veja-texto-de-padre-eustaquio-sobre-cristo-redentor-inaugurado-em-12-de-outubro-de-1931\/"]}]},{"@type":"ImageObject","inLanguage":"en-US","@id":"https:\/\/www.padreeustaquio.com.br\/veja-texto-de-padre-eustaquio-sobre-cristo-redentor-inaugurado-em-12-de-outubro-de-1931\/#primaryimage","url":"https:\/\/www.padreeustaquio.com.br\/wp-content\/uploads\/2024\/10\/cristo-redentor-17-10-1931.jpeg","contentUrl":"https:\/\/www.padreeustaquio.com.br\/wp-content\/uploads\/2024\/10\/cristo-redentor-17-10-1931.jpeg","width":1099,"height":837,"caption":"Fonte: Revista FonFon: (RJ) - Ano 1931\\Edi\u00e7\u00e3o 00042"},{"@type":"BreadcrumbList","@id":"https:\/\/www.padreeustaquio.com.br\/veja-texto-de-padre-eustaquio-sobre-cristo-redentor-inaugurado-em-12-de-outubro-de-1931\/#breadcrumb","itemListElement":[{"@type":"ListItem","position":1,"name":"In\u00edcio","item":"https:\/\/www.padreeustaquio.com.br\/"},{"@type":"ListItem","position":2,"name":"Veja texto de Padre Eust\u00e1quio sobre Cristo Redentor, inaugurado em 12 de outubro de 1931"}]},{"@type":"WebSite","@id":"https:\/\/www.padreeustaquio.com.br\/#website","url":"https:\/\/www.padreeustaquio.com.br\/","name":"FATHER EUST\u00c1QUIO","description":"Health and Peace","publisher":{"@id":"https:\/\/www.padreeustaquio.com.br\/#organization"},"potentialAction":[{"@type":"SearchAction","target":{"@type":"EntryPoint","urlTemplate":"https:\/\/www.padreeustaquio.com.br\/?s={search_term_string}"},"query-input":{"@type":"PropertyValueSpecification","valueRequired":true,"valueName":"search_term_string"}}],"inLanguage":"en-US"},{"@type":"Organization","@id":"https:\/\/www.padreeustaquio.com.br\/#organization","name":"FATHER EUST\u00c1QUIO","url":"https:\/\/www.padreeustaquio.com.br\/","logo":{"@type":"ImageObject","inLanguage":"en-US","@id":"https:\/\/www.padreeustaquio.com.br\/#\/schema\/logo\/image\/","url":"https:\/\/www.padreeustaquio.com.br\/wp-content\/uploads\/2019\/08\/marca.png","contentUrl":"https:\/\/www.padreeustaquio.com.br\/wp-content\/uploads\/2019\/08\/marca.png","width":350,"height":400,"caption":"Padre Eust\u00e1quio"},"image":{"@id":"https:\/\/www.padreeustaquio.com.br\/#\/schema\/logo\/image\/"},"sameAs":["https:\/\/www.facebook.com\/beatopadreeustaquio\/","https:\/\/x.com\/beatopeustaquio","https:\/\/www.instagram.com\/beatopadreeustaquio\/","https:\/\/www.youtube.com\/channel\/UCRhw7vfabnajwLxb1ZXMeIw"]},{"@type":"Person","@id":"https:\/\/www.padreeustaquio.com.br\/#\/schema\/person\/a2a51db1d00f1a7af0204a0f1ddb1566","name":"@sscc","image":{"@type":"ImageObject","inLanguage":"en-US","@id":"https:\/\/secure.gravatar.com\/avatar\/68cfafa5f44617fea54071e215026e0ff06be366c3d54a8425f04fdcb86f8c5f?s=96&d=mm&r=g","url":"https:\/\/secure.gravatar.com\/avatar\/68cfafa5f44617fea54071e215026e0ff06be366c3d54a8425f04fdcb86f8c5f?s=96&d=mm&r=g","contentUrl":"https:\/\/secure.gravatar.com\/avatar\/68cfafa5f44617fea54071e215026e0ff06be366c3d54a8425f04fdcb86f8c5f?s=96&d=mm&r=g","caption":"@sscc"},"url":"https:\/\/www.padreeustaquio.com.br\/en\/author\/sscc\/"}]}},"_links":{"self":[{"href":"https:\/\/www.padreeustaquio.com.br\/en\/wp-json\/wp\/v2\/posts\/11652","targetHints":{"allow":["GET"]}}],"collection":[{"href":"https:\/\/www.padreeustaquio.com.br\/en\/wp-json\/wp\/v2\/posts"}],"about":[{"href":"https:\/\/www.padreeustaquio.com.br\/en\/wp-json\/wp\/v2\/types\/post"}],"author":[{"embeddable":true,"href":"https:\/\/www.padreeustaquio.com.br\/en\/wp-json\/wp\/v2\/users\/2"}],"replies":[{"embeddable":true,"href":"https:\/\/www.padreeustaquio.com.br\/en\/wp-json\/wp\/v2\/comments?post=11652"}],"version-history":[{"count":0,"href":"https:\/\/www.padreeustaquio.com.br\/en\/wp-json\/wp\/v2\/posts\/11652\/revisions"}],"wp:featuredmedia":[{"embeddable":true,"href":"https:\/\/www.padreeustaquio.com.br\/en\/wp-json\/wp\/v2\/media\/11653"}],"wp:attachment":[{"href":"https:\/\/www.padreeustaquio.com.br\/en\/wp-json\/wp\/v2\/media?parent=11652"}],"wp:term":[{"taxonomy":"category","embeddable":true,"href":"https:\/\/www.padreeustaquio.com.br\/en\/wp-json\/wp\/v2\/categories?post=11652"},{"taxonomy":"post_tag","embeddable":true,"href":"https:\/\/www.padreeustaquio.com.br\/en\/wp-json\/wp\/v2\/tags?post=11652"}],"curies":[{"name":"wp","href":"https:\/\/api.w.org\/{rel}","templated":true}]}}