{"id":11636,"date":"2024-10-03T06:00:25","date_gmt":"2024-10-03T09:00:25","guid":{"rendered":"https:\/\/www.padreeustaquio.com.br\/?p=11636"},"modified":"2024-10-04T09:12:35","modified_gmt":"2024-10-04T12:12:35","slug":"the-blessed-father-eustace-community-in-lagoa-santa-mg-celebrates-mass-in-honor-of-the-blessed-father-eustace","status":"publish","type":"post","link":"https:\/\/www.padreeustaquio.com.br\/en\/the-blessed-father-eustace-community-in-lagoa-santa-mg-celebrates-mass-in-honor-of-the-blessed-father-eustace\/","title":{"rendered":"The Blessed Father Eustace Community in Lagoa Santa-MG celebrates Mass in honor of the Blessed."},"content":{"rendered":"<p>The Blessed Father Eustace Community, linked to the S\u00e3o Paulo Mission\u00e1rio Parish in Lagoa Santa, Minas Gerais, has taken a new step in its journey of faith. Since the community&#039;s creation a few years ago, monthly masses have been held, always on the 30th of each month, in honor of Blessed Father Eustace. In addition, a three-day period of prayer was celebrated during the month of August in homage to the Blessed.<\/p>\n<p>Until recently, the celebrations were held in the homes of the faithful, creating an intimate and welcoming atmosphere. However, the community has grown, and from September 30th onwards, masses began to be celebrated in the neighborhood Residents&#039; Association building.<\/p>\n<p>This new location marks an important step forward for the community, which still does not have its own chapel, but remains steadfast in faith and in the intercession of Blessed Father Eustace so that this dream may soon come true.<\/p>\n<p>During the celebrations, devotees use a leaflet of the Blessed One, a simple way to keep his presence present during prayers, since the community does not yet have an image.<\/p>\n<p>Devotion to the Blessed is evident among the members of the community, who hope to continue growing spiritually and materially under the protection and inspiration of Blessed Father Eustace.<\/p>\n\n\t\t<style type=\"text\/css\">\n\t\t\t#gallery-1 {\n\t\t\t\tmargin: auto;\n\t\t\t}\n\t\t\t#gallery-1 .gallery-item {\n\t\t\t\tfloat: left;\n\t\t\t\tmargin-top: 10px;\n\t\t\t\ttext-align: center;\n\t\t\t\twidth: 33%;\n\t\t\t}\n\t\t\t#gallery-1 img {\n\t\t\t\tborder: 2px solid #cfcfcf;\n\t\t\t}\n\t\t\t#gallery-1 .gallery-caption {\n\t\t\t\tmargin-left: 0;\n\t\t\t}\n\t\t\t\/* see gallery_shortcode() in wp-includes\/media.php *\/\n\t\t<\/style>\n\t\t<div id='gallery-1' class='gallery galleryid-11636 gallery-columns-3 gallery-size-thumbnail'><dl class='gallery-item'>\n\t\t\t<dt class='gallery-icon portrait'>\n\t\t\t\t<a href='https:\/\/www.padreeustaquio.com.br\/en\/the-blessed-father-eustace-community-in-lagoa-santa-mg-celebrates-mass-in-honor-of-the-blessed-father-eustace\/padre-eustaquio-em-lagoa-santa-mg-1\/'><img decoding=\"async\" width=\"150\" height=\"150\" src=\"https:\/\/www.padreeustaquio.com.br\/wp-content\/uploads\/2024\/10\/Padre-Eustaquio-em-Lagoa-Santa-MG-1-150x150.jpeg\" class=\"attachment-thumbnail size-thumbnail\" alt=\"\" srcset=\"https:\/\/www.padreeustaquio.com.br\/wp-content\/uploads\/2024\/10\/Padre-Eustaquio-em-Lagoa-Santa-MG-1-150x150.jpeg 150w, https:\/\/www.padreeustaquio.com.br\/wp-content\/uploads\/2024\/10\/Padre-Eustaquio-em-Lagoa-Santa-MG-1-75x75.jpeg 75w, https:\/\/www.padreeustaquio.com.br\/wp-content\/uploads\/2024\/10\/Padre-Eustaquio-em-Lagoa-Santa-MG-1-180x180.jpeg 180w, https:\/\/www.padreeustaquio.com.br\/wp-content\/uploads\/2024\/10\/Padre-Eustaquio-em-Lagoa-Santa-MG-1-400x400.jpeg 400w, https:\/\/www.padreeustaquio.com.br\/wp-content\/uploads\/2024\/10\/Padre-Eustaquio-em-Lagoa-Santa-MG-1-600x600.jpeg 600w, https:\/\/www.padreeustaquio.com.br\/wp-content\/uploads\/2024\/10\/Padre-Eustaquio-em-Lagoa-Santa-MG-1-1200x1200.jpeg 1200w\" sizes=\"(max-width: 150px) 100vw, 150px\" \/><\/a>\n\t\t\t<\/dt><\/dl><dl class='gallery-item'>\n\t\t\t<dt class='gallery-icon landscape'>\n\t\t\t\t<a href='https:\/\/www.padreeustaquio.com.br\/en\/the-blessed-father-eustace-community-in-lagoa-santa-mg-celebrates-mass-in-honor-of-the-blessed-father-eustace\/padre-eustaquio-em-lagoa-santa-mg-2\/'><img decoding=\"async\" width=\"150\" height=\"150\" src=\"https:\/\/www.padreeustaquio.com.br\/wp-content\/uploads\/2024\/10\/Padre-Eustaquio-em-Lagoa-Santa-MG-2-150x150.jpeg\" class=\"attachment-thumbnail size-thumbnail\" alt=\"\" srcset=\"https:\/\/www.padreeustaquio.com.br\/wp-content\/uploads\/2024\/10\/Padre-Eustaquio-em-Lagoa-Santa-MG-2-150x150.jpeg 150w, https:\/\/www.padreeustaquio.com.br\/wp-content\/uploads\/2024\/10\/Padre-Eustaquio-em-Lagoa-Santa-MG-2-75x75.jpeg 75w, https:\/\/www.padreeustaquio.com.br\/wp-content\/uploads\/2024\/10\/Padre-Eustaquio-em-Lagoa-Santa-MG-2-180x180.jpeg 180w, https:\/\/www.padreeustaquio.com.br\/wp-content\/uploads\/2024\/10\/Padre-Eustaquio-em-Lagoa-Santa-MG-2-400x400.jpeg 400w, https:\/\/www.padreeustaquio.com.br\/wp-content\/uploads\/2024\/10\/Padre-Eustaquio-em-Lagoa-Santa-MG-2-600x600.jpeg 600w\" sizes=\"(max-width: 150px) 100vw, 150px\" \/><\/a>\n\t\t\t<\/dt><\/dl><dl class='gallery-item'>\n\t\t\t<dt class='gallery-icon landscape'>\n\t\t\t\t<a href='https:\/\/www.padreeustaquio.com.br\/en\/the-blessed-father-eustace-community-in-lagoa-santa-mg-celebrates-mass-in-honor-of-the-blessed-father-eustace\/padre-eustaquio-em-lagoa-santa-mg-3\/'><img decoding=\"async\" width=\"150\" height=\"150\" src=\"https:\/\/www.padreeustaquio.com.br\/wp-content\/uploads\/2024\/10\/Padre-Eustaquio-em-Lagoa-Santa-MG-3-150x150.jpeg\" class=\"attachment-thumbnail size-thumbnail\" alt=\"\" srcset=\"https:\/\/www.padreeustaquio.com.br\/wp-content\/uploads\/2024\/10\/Padre-Eustaquio-em-Lagoa-Santa-MG-3-150x150.jpeg 150w, https:\/\/www.padreeustaquio.com.br\/wp-content\/uploads\/2024\/10\/Padre-Eustaquio-em-Lagoa-Santa-MG-3-75x75.jpeg 75w, https:\/\/www.padreeustaquio.com.br\/wp-content\/uploads\/2024\/10\/Padre-Eustaquio-em-Lagoa-Santa-MG-3-180x180.jpeg 180w, https:\/\/www.padreeustaquio.com.br\/wp-content\/uploads\/2024\/10\/Padre-Eustaquio-em-Lagoa-Santa-MG-3-400x400.jpeg 400w, https:\/\/www.padreeustaquio.com.br\/wp-content\/uploads\/2024\/10\/Padre-Eustaquio-em-Lagoa-Santa-MG-3-600x600.jpeg 600w\" sizes=\"(max-width: 150px) 100vw, 150px\" \/><\/a>\n\t\t\t<\/dt><\/dl><br style=\"clear: both\" \/><dl class='gallery-item'>\n\t\t\t<dt class='gallery-icon landscape'>\n\t\t\t\t<a href='https:\/\/www.padreeustaquio.com.br\/en\/the-blessed-father-eustace-community-in-lagoa-santa-mg-celebrates-mass-in-honor-of-the-blessed-father-eustace\/padre-eustaquio-em-lagoa-santa-mg-4-2\/'><img loading=\"lazy\" decoding=\"async\" width=\"150\" height=\"150\" src=\"https:\/\/www.padreeustaquio.com.br\/wp-content\/uploads\/2024\/10\/Padre-Eustaquio-em-Lagoa-Santa-MG-4-1-150x150.jpeg\" class=\"attachment-thumbnail size-thumbnail\" alt=\"\" srcset=\"https:\/\/www.padreeustaquio.com.br\/wp-content\/uploads\/2024\/10\/Padre-Eustaquio-em-Lagoa-Santa-MG-4-1-150x150.jpeg 150w, https:\/\/www.padreeustaquio.com.br\/wp-content\/uploads\/2024\/10\/Padre-Eustaquio-em-Lagoa-Santa-MG-4-1-75x75.jpeg 75w, https:\/\/www.padreeustaquio.com.br\/wp-content\/uploads\/2024\/10\/Padre-Eustaquio-em-Lagoa-Santa-MG-4-1-180x180.jpeg 180w, https:\/\/www.padreeustaquio.com.br\/wp-content\/uploads\/2024\/10\/Padre-Eustaquio-em-Lagoa-Santa-MG-4-1-400x400.jpeg 400w, https:\/\/www.padreeustaquio.com.br\/wp-content\/uploads\/2024\/10\/Padre-Eustaquio-em-Lagoa-Santa-MG-4-1-600x600.jpeg 600w\" sizes=\"(max-width: 150px) 100vw, 150px\" \/><\/a>\n\t\t\t<\/dt><\/dl>\n\t\t\t<br style='clear: both' \/>\n\t\t<\/div>","protected":false},"excerpt":{"rendered":"<p>A Comunidade Beato Padre Eust\u00e1quio, ligada \u00e0 Par\u00f3quia S\u00e3o Paulo Mission\u00e1rio, em Lagoa Santa, Minas Gerais, deu um novo passo em sua trajet\u00f3ria de f\u00e9. Com a cria\u00e7\u00e3o da comunidade h\u00e1 alguns anos, foram iniciadas missas mensais, sempre no dia 30 de cada m\u00eas, em honra ao Beato Padre Eust\u00e1quio. Al\u00e9m disso, durante o m\u00eas de agosto, foi celebrado um tr\u00edduo em homenagem ao Beato. At\u00e9 recentemente, as celebra\u00e7\u00f5es eram realizadas nas casas dos fi\u00e9is, criando uma atmosfera \u00edntima e acolhedora. No entanto, a comunidade cresceu, e a partir do dia 30 de setembro, as missas come\u00e7aram a ser celebradas [&hellip;]<\/p>\n","protected":false},"author":2,"featured_media":11637,"comment_status":"open","ping_status":"closed","sticky":false,"template":"","format":"standard","meta":{"_acf_changed":false,"footnotes":""},"categories":[611],"tags":[],"class_list":["post-11636","post","type-post","status-publish","format-standard","has-post-thumbnail","hentry","category-noticias"],"acf":[],"yoast_head":"<!-- This site is optimized with the Yoast SEO plugin v27.2 - https:\/\/yoast.com\/product\/yoast-seo-wordpress\/ -->\n<title>Comunidade Beato Padre Eust\u00e1quio em Lagoa Santa-MG celebra missa em honra ao Bem-aventurado<\/title>\n<meta name=\"description\" content=\"A Comunidade Beato Padre Eust\u00e1quio, ligada \u00e0 Par\u00f3quia S\u00e3o Paulo Mission\u00e1rio, em Lagoa Santa, Minas Gerais, deu um novo passo em sua trajet\u00f3ria de f\u00e9. Com a cria\u00e7\u00e3o da comunidade h\u00e1 alguns anos, foram iniciadas missas mensais, sempre no dia 30 de cada m\u00eas, em honra ao Beato Padre Eust\u00e1quio. Al\u00e9m disso, durante o m\u00eas de agosto, foi celebrado um tr\u00edduo em homenagem ao Beato.\" \/>\n<meta name=\"robots\" content=\"index, follow, max-snippet:-1, max-image-preview:large, max-video-preview:-1\" \/>\n<link rel=\"canonical\" href=\"https:\/\/www.padreeustaquio.com.br\/en\/the-blessed-father-eustace-community-in-lagoa-santa-mg-celebrates-mass-in-honor-of-the-blessed-father-eustace\/\" \/>\n<meta property=\"og:locale\" content=\"en_US\" \/>\n<meta property=\"og:type\" content=\"article\" \/>\n<meta property=\"og:title\" content=\"Comunidade Beato Padre Eust\u00e1quio em Lagoa Santa-MG celebra missa em honra ao Bem-aventurado\" \/>\n<meta property=\"og:description\" content=\"A Comunidade Beato Padre Eust\u00e1quio, ligada \u00e0 Par\u00f3quia S\u00e3o Paulo Mission\u00e1rio, em Lagoa Santa, Minas Gerais, deu um novo passo em sua trajet\u00f3ria de f\u00e9. Com a cria\u00e7\u00e3o da comunidade h\u00e1 alguns anos, foram iniciadas missas mensais, sempre no dia 30 de cada m\u00eas, em honra ao Beato Padre Eust\u00e1quio. Al\u00e9m disso, durante o m\u00eas de agosto, foi celebrado um tr\u00edduo em homenagem ao Beato.\" \/>\n<meta property=\"og:url\" content=\"https:\/\/www.padreeustaquio.com.br\/en\/the-blessed-father-eustace-community-in-lagoa-santa-mg-celebrates-mass-in-honor-of-the-blessed-father-eustace\/\" \/>\n<meta property=\"og:site_name\" content=\"Padre Eust\u00e1quio\" \/>\n<meta property=\"article:publisher\" content=\"https:\/\/www.facebook.com\/beatopadreeustaquio\/\" \/>\n<meta property=\"article:published_time\" content=\"2024-10-03T09:00:25+00:00\" \/>\n<meta property=\"article:modified_time\" content=\"2024-10-04T12:12:35+00:00\" \/>\n<meta property=\"og:image\" content=\"https:\/\/www.padreeustaquio.com.br\/wp-content\/uploads\/2024\/10\/Padre-Eustaquio-em-Lagoa-Santa-MG-4.jpeg\" \/>\n\t<meta property=\"og:image:width\" content=\"1600\" \/>\n\t<meta property=\"og:image:height\" content=\"1200\" \/>\n\t<meta property=\"og:image:type\" content=\"image\/jpeg\" \/>\n<meta name=\"author\" content=\"@sscc\" \/>\n<meta name=\"twitter:card\" content=\"summary_large_image\" \/>\n<meta name=\"twitter:creator\" content=\"@beatopeustaquio\" \/>\n<meta name=\"twitter:site\" content=\"@beatopeustaquio\" \/>\n<meta name=\"twitter:label1\" content=\"Written by\" \/>\n\t<meta name=\"twitter:data1\" content=\"@sscc\" \/>\n\t<meta name=\"twitter:label2\" content=\"Est. reading time\" \/>\n\t<meta name=\"twitter:data2\" content=\"2 minutes\" \/>\n<script type=\"application\/ld+json\" class=\"yoast-schema-graph\">{\"@context\":\"https:\/\/schema.org\",\"@graph\":[{\"@type\":\"Article\",\"@id\":\"https:\/\/www.padreeustaquio.com.br\/comunidade-beato-padre-eustaquio-em-lagoa-santa-mg-celebra-missa-em-honra-ao-bem-aventurado\/#article\",\"isPartOf\":{\"@id\":\"https:\/\/www.padreeustaquio.com.br\/comunidade-beato-padre-eustaquio-em-lagoa-santa-mg-celebra-missa-em-honra-ao-bem-aventurado\/\"},\"author\":{\"name\":\"@sscc\",\"@id\":\"https:\/\/www.padreeustaquio.com.br\/#\/schema\/person\/a2a51db1d00f1a7af0204a0f1ddb1566\"},\"headline\":\"Comunidade Beato Padre Eust\u00e1quio em Lagoa Santa-MG celebra missa em honra ao Bem-aventurado\",\"datePublished\":\"2024-10-03T09:00:25+00:00\",\"dateModified\":\"2024-10-04T12:12:35+00:00\",\"mainEntityOfPage\":{\"@id\":\"https:\/\/www.padreeustaquio.com.br\/comunidade-beato-padre-eustaquio-em-lagoa-santa-mg-celebra-missa-em-honra-ao-bem-aventurado\/\"},\"wordCount\":243,\"commentCount\":0,\"publisher\":{\"@id\":\"https:\/\/www.padreeustaquio.com.br\/#organization\"},\"image\":{\"@id\":\"https:\/\/www.padreeustaquio.com.br\/comunidade-beato-padre-eustaquio-em-lagoa-santa-mg-celebra-missa-em-honra-ao-bem-aventurado\/#primaryimage\"},\"thumbnailUrl\":\"https:\/\/www.padreeustaquio.com.br\/wp-content\/uploads\/2024\/10\/Padre-Eustaquio-em-Lagoa-Santa-MG-4.jpeg\",\"articleSection\":[\"Not\u00edcias\"],\"inLanguage\":\"en-US\",\"potentialAction\":[{\"@type\":\"CommentAction\",\"name\":\"Comment\",\"target\":[\"https:\/\/www.padreeustaquio.com.br\/comunidade-beato-padre-eustaquio-em-lagoa-santa-mg-celebra-missa-em-honra-ao-bem-aventurado\/#respond\"]}]},{\"@type\":\"WebPage\",\"@id\":\"https:\/\/www.padreeustaquio.com.br\/comunidade-beato-padre-eustaquio-em-lagoa-santa-mg-celebra-missa-em-honra-ao-bem-aventurado\/\",\"url\":\"https:\/\/www.padreeustaquio.com.br\/comunidade-beato-padre-eustaquio-em-lagoa-santa-mg-celebra-missa-em-honra-ao-bem-aventurado\/\",\"name\":\"Comunidade Beato Padre Eust\u00e1quio em Lagoa Santa-MG celebra missa em honra ao Bem-aventurado\",\"isPartOf\":{\"@id\":\"https:\/\/www.padreeustaquio.com.br\/#website\"},\"primaryImageOfPage\":{\"@id\":\"https:\/\/www.padreeustaquio.com.br\/comunidade-beato-padre-eustaquio-em-lagoa-santa-mg-celebra-missa-em-honra-ao-bem-aventurado\/#primaryimage\"},\"image\":{\"@id\":\"https:\/\/www.padreeustaquio.com.br\/comunidade-beato-padre-eustaquio-em-lagoa-santa-mg-celebra-missa-em-honra-ao-bem-aventurado\/#primaryimage\"},\"thumbnailUrl\":\"https:\/\/www.padreeustaquio.com.br\/wp-content\/uploads\/2024\/10\/Padre-Eustaquio-em-Lagoa-Santa-MG-4.jpeg\",\"datePublished\":\"2024-10-03T09:00:25+00:00\",\"dateModified\":\"2024-10-04T12:12:35+00:00\",\"description\":\"A Comunidade Beato Padre Eust\u00e1quio, ligada \u00e0 Par\u00f3quia S\u00e3o Paulo Mission\u00e1rio, em Lagoa Santa, Minas Gerais, deu um novo passo em sua trajet\u00f3ria de f\u00e9. Com a cria\u00e7\u00e3o da comunidade h\u00e1 alguns anos, foram iniciadas missas mensais, sempre no dia 30 de cada m\u00eas, em honra ao Beato Padre Eust\u00e1quio. Al\u00e9m disso, durante o m\u00eas de agosto, foi celebrado um tr\u00edduo em homenagem ao Beato.\",\"breadcrumb\":{\"@id\":\"https:\/\/www.padreeustaquio.com.br\/comunidade-beato-padre-eustaquio-em-lagoa-santa-mg-celebra-missa-em-honra-ao-bem-aventurado\/#breadcrumb\"},\"inLanguage\":\"en-US\",\"potentialAction\":[{\"@type\":\"ReadAction\",\"target\":[\"https:\/\/www.padreeustaquio.com.br\/comunidade-beato-padre-eustaquio-em-lagoa-santa-mg-celebra-missa-em-honra-ao-bem-aventurado\/\"]}]},{\"@type\":\"ImageObject\",\"inLanguage\":\"en-US\",\"@id\":\"https:\/\/www.padreeustaquio.com.br\/comunidade-beato-padre-eustaquio-em-lagoa-santa-mg-celebra-missa-em-honra-ao-bem-aventurado\/#primaryimage\",\"url\":\"https:\/\/www.padreeustaquio.com.br\/wp-content\/uploads\/2024\/10\/Padre-Eustaquio-em-Lagoa-Santa-MG-4.jpeg\",\"contentUrl\":\"https:\/\/www.padreeustaquio.com.br\/wp-content\/uploads\/2024\/10\/Padre-Eustaquio-em-Lagoa-Santa-MG-4.jpeg\",\"width\":1600,\"height\":1200},{\"@type\":\"BreadcrumbList\",\"@id\":\"https:\/\/www.padreeustaquio.com.br\/comunidade-beato-padre-eustaquio-em-lagoa-santa-mg-celebra-missa-em-honra-ao-bem-aventurado\/#breadcrumb\",\"itemListElement\":[{\"@type\":\"ListItem\",\"position\":1,\"name\":\"In\u00edcio\",\"item\":\"https:\/\/www.padreeustaquio.com.br\/\"},{\"@type\":\"ListItem\",\"position\":2,\"name\":\"Comunidade Beato Padre Eust\u00e1quio em Lagoa Santa-MG celebra missa em honra ao Bem-aventurado\"}]},{\"@type\":\"WebSite\",\"@id\":\"https:\/\/www.padreeustaquio.com.br\/#website\",\"url\":\"https:\/\/www.padreeustaquio.com.br\/\",\"name\":\"Padre Eust\u00e1quio\",\"description\":\"Sa\u00fade e Paz\",\"publisher\":{\"@id\":\"https:\/\/www.padreeustaquio.com.br\/#organization\"},\"potentialAction\":[{\"@type\":\"SearchAction\",\"target\":{\"@type\":\"EntryPoint\",\"urlTemplate\":\"https:\/\/www.padreeustaquio.com.br\/?s={search_term_string}\"},\"query-input\":{\"@type\":\"PropertyValueSpecification\",\"valueRequired\":true,\"valueName\":\"search_term_string\"}}],\"inLanguage\":\"en-US\"},{\"@type\":\"Organization\",\"@id\":\"https:\/\/www.padreeustaquio.com.br\/#organization\",\"name\":\"Padre Eust\u00e1quio\",\"url\":\"https:\/\/www.padreeustaquio.com.br\/\",\"logo\":{\"@type\":\"ImageObject\",\"inLanguage\":\"en-US\",\"@id\":\"https:\/\/www.padreeustaquio.com.br\/#\/schema\/logo\/image\/\",\"url\":\"https:\/\/www.padreeustaquio.com.br\/wp-content\/uploads\/2019\/08\/marca.png\",\"contentUrl\":\"https:\/\/www.padreeustaquio.com.br\/wp-content\/uploads\/2019\/08\/marca.png\",\"width\":350,\"height\":400,\"caption\":\"Padre Eust\u00e1quio\"},\"image\":{\"@id\":\"https:\/\/www.padreeustaquio.com.br\/#\/schema\/logo\/image\/\"},\"sameAs\":[\"https:\/\/www.facebook.com\/beatopadreeustaquio\/\",\"https:\/\/x.com\/beatopeustaquio\",\"https:\/\/www.instagram.com\/beatopadreeustaquio\/\",\"https:\/\/www.youtube.com\/channel\/UCRhw7vfabnajwLxb1ZXMeIw\"]},{\"@type\":\"Person\",\"@id\":\"https:\/\/www.padreeustaquio.com.br\/#\/schema\/person\/a2a51db1d00f1a7af0204a0f1ddb1566\",\"name\":\"@sscc\",\"image\":{\"@type\":\"ImageObject\",\"inLanguage\":\"en-US\",\"@id\":\"https:\/\/secure.gravatar.com\/avatar\/68cfafa5f44617fea54071e215026e0ff06be366c3d54a8425f04fdcb86f8c5f?s=96&d=mm&r=g\",\"url\":\"https:\/\/secure.gravatar.com\/avatar\/68cfafa5f44617fea54071e215026e0ff06be366c3d54a8425f04fdcb86f8c5f?s=96&d=mm&r=g\",\"contentUrl\":\"https:\/\/secure.gravatar.com\/avatar\/68cfafa5f44617fea54071e215026e0ff06be366c3d54a8425f04fdcb86f8c5f?s=96&d=mm&r=g\",\"caption\":\"@sscc\"},\"url\":\"https:\/\/www.padreeustaquio.com.br\/en\/author\/sscc\/\"}]}<\/script>\n<!-- \/ Yoast SEO plugin. -->","yoast_head_json":{"title":"The Blessed Father Eustace Community in Lagoa Santa-MG celebrates Mass in honor of the Blessed.","description":"The Blessed Father Eustace Community, linked to the S\u00e3o Paulo Mission\u00e1rio Parish in Lagoa Santa, Minas Gerais, has taken a new step in its journey of faith. Since the community&#039;s creation a few years ago, monthly masses have been held, always on the 30th of each month, in honor of Blessed Father Eustace. In addition, a three-day period of prayer was celebrated during the month of August in homage to the Blessed.","robots":{"index":"index","follow":"follow","max-snippet":"max-snippet:-1","max-image-preview":"max-image-preview:large","max-video-preview":"max-video-preview:-1"},"canonical":"https:\/\/www.padreeustaquio.com.br\/en\/the-blessed-father-eustace-community-in-lagoa-santa-mg-celebrates-mass-in-honor-of-the-blessed-father-eustace\/","og_locale":"en_US","og_type":"article","og_title":"Comunidade Beato Padre Eust\u00e1quio em Lagoa Santa-MG celebra missa em honra ao Bem-aventurado","og_description":"A Comunidade Beato Padre Eust\u00e1quio, ligada \u00e0 Par\u00f3quia S\u00e3o Paulo Mission\u00e1rio, em Lagoa Santa, Minas Gerais, deu um novo passo em sua trajet\u00f3ria de f\u00e9. Com a cria\u00e7\u00e3o da comunidade h\u00e1 alguns anos, foram iniciadas missas mensais, sempre no dia 30 de cada m\u00eas, em honra ao Beato Padre Eust\u00e1quio. Al\u00e9m disso, durante o m\u00eas de agosto, foi celebrado um tr\u00edduo em homenagem ao Beato.","og_url":"https:\/\/www.padreeustaquio.com.br\/en\/the-blessed-father-eustace-community-in-lagoa-santa-mg-celebrates-mass-in-honor-of-the-blessed-father-eustace\/","og_site_name":"Padre Eust\u00e1quio","article_publisher":"https:\/\/www.facebook.com\/beatopadreeustaquio\/","article_published_time":"2024-10-03T09:00:25+00:00","article_modified_time":"2024-10-04T12:12:35+00:00","og_image":[{"width":1600,"height":1200,"url":"https:\/\/www.padreeustaquio.com.br\/wp-content\/uploads\/2024\/10\/Padre-Eustaquio-em-Lagoa-Santa-MG-4.jpeg","type":"image\/jpeg"}],"author":"@sscc","twitter_card":"summary_large_image","twitter_creator":"@beatopeustaquio","twitter_site":"@beatopeustaquio","twitter_misc":{"Written by":"@sscc","Est. reading time":"2 minutes"},"schema":{"@context":"https:\/\/schema.org","@graph":[{"@type":"Article","@id":"https:\/\/www.padreeustaquio.com.br\/comunidade-beato-padre-eustaquio-em-lagoa-santa-mg-celebra-missa-em-honra-ao-bem-aventurado\/#article","isPartOf":{"@id":"https:\/\/www.padreeustaquio.com.br\/comunidade-beato-padre-eustaquio-em-lagoa-santa-mg-celebra-missa-em-honra-ao-bem-aventurado\/"},"author":{"name":"@sscc","@id":"https:\/\/www.padreeustaquio.com.br\/#\/schema\/person\/a2a51db1d00f1a7af0204a0f1ddb1566"},"headline":"Comunidade Beato Padre Eust\u00e1quio em Lagoa Santa-MG celebra missa em honra ao Bem-aventurado","datePublished":"2024-10-03T09:00:25+00:00","dateModified":"2024-10-04T12:12:35+00:00","mainEntityOfPage":{"@id":"https:\/\/www.padreeustaquio.com.br\/comunidade-beato-padre-eustaquio-em-lagoa-santa-mg-celebra-missa-em-honra-ao-bem-aventurado\/"},"wordCount":243,"commentCount":0,"publisher":{"@id":"https:\/\/www.padreeustaquio.com.br\/#organization"},"image":{"@id":"https:\/\/www.padreeustaquio.com.br\/comunidade-beato-padre-eustaquio-em-lagoa-santa-mg-celebra-missa-em-honra-ao-bem-aventurado\/#primaryimage"},"thumbnailUrl":"https:\/\/www.padreeustaquio.com.br\/wp-content\/uploads\/2024\/10\/Padre-Eustaquio-em-Lagoa-Santa-MG-4.jpeg","articleSection":["Not\u00edcias"],"inLanguage":"en-US","potentialAction":[{"@type":"CommentAction","name":"Comment","target":["https:\/\/www.padreeustaquio.com.br\/comunidade-beato-padre-eustaquio-em-lagoa-santa-mg-celebra-missa-em-honra-ao-bem-aventurado\/#respond"]}]},{"@type":"WebPage","@id":"https:\/\/www.padreeustaquio.com.br\/comunidade-beato-padre-eustaquio-em-lagoa-santa-mg-celebra-missa-em-honra-ao-bem-aventurado\/","url":"https:\/\/www.padreeustaquio.com.br\/comunidade-beato-padre-eustaquio-em-lagoa-santa-mg-celebra-missa-em-honra-ao-bem-aventurado\/","name":"The Blessed Father Eustace Community in Lagoa Santa-MG celebrates Mass in honor of the Blessed.","isPartOf":{"@id":"https:\/\/www.padreeustaquio.com.br\/#website"},"primaryImageOfPage":{"@id":"https:\/\/www.padreeustaquio.com.br\/comunidade-beato-padre-eustaquio-em-lagoa-santa-mg-celebra-missa-em-honra-ao-bem-aventurado\/#primaryimage"},"image":{"@id":"https:\/\/www.padreeustaquio.com.br\/comunidade-beato-padre-eustaquio-em-lagoa-santa-mg-celebra-missa-em-honra-ao-bem-aventurado\/#primaryimage"},"thumbnailUrl":"https:\/\/www.padreeustaquio.com.br\/wp-content\/uploads\/2024\/10\/Padre-Eustaquio-em-Lagoa-Santa-MG-4.jpeg","datePublished":"2024-10-03T09:00:25+00:00","dateModified":"2024-10-04T12:12:35+00:00","description":"The Blessed Father Eustace Community, linked to the S\u00e3o Paulo Mission\u00e1rio Parish in Lagoa Santa, Minas Gerais, has taken a new step in its journey of faith. Since the community&#039;s creation a few years ago, monthly masses have been held, always on the 30th of each month, in honor of Blessed Father Eustace. In addition, a three-day period of prayer was celebrated during the month of August in homage to the Blessed.","breadcrumb":{"@id":"https:\/\/www.padreeustaquio.com.br\/comunidade-beato-padre-eustaquio-em-lagoa-santa-mg-celebra-missa-em-honra-ao-bem-aventurado\/#breadcrumb"},"inLanguage":"en-US","potentialAction":[{"@type":"ReadAction","target":["https:\/\/www.padreeustaquio.com.br\/comunidade-beato-padre-eustaquio-em-lagoa-santa-mg-celebra-missa-em-honra-ao-bem-aventurado\/"]}]},{"@type":"ImageObject","inLanguage":"en-US","@id":"https:\/\/www.padreeustaquio.com.br\/comunidade-beato-padre-eustaquio-em-lagoa-santa-mg-celebra-missa-em-honra-ao-bem-aventurado\/#primaryimage","url":"https:\/\/www.padreeustaquio.com.br\/wp-content\/uploads\/2024\/10\/Padre-Eustaquio-em-Lagoa-Santa-MG-4.jpeg","contentUrl":"https:\/\/www.padreeustaquio.com.br\/wp-content\/uploads\/2024\/10\/Padre-Eustaquio-em-Lagoa-Santa-MG-4.jpeg","width":1600,"height":1200},{"@type":"BreadcrumbList","@id":"https:\/\/www.padreeustaquio.com.br\/comunidade-beato-padre-eustaquio-em-lagoa-santa-mg-celebra-missa-em-honra-ao-bem-aventurado\/#breadcrumb","itemListElement":[{"@type":"ListItem","position":1,"name":"In\u00edcio","item":"https:\/\/www.padreeustaquio.com.br\/"},{"@type":"ListItem","position":2,"name":"Comunidade Beato Padre Eust\u00e1quio em Lagoa Santa-MG celebra missa em honra ao Bem-aventurado"}]},{"@type":"WebSite","@id":"https:\/\/www.padreeustaquio.com.br\/#website","url":"https:\/\/www.padreeustaquio.com.br\/","name":"FATHER EUST\u00c1QUIO","description":"Health and Peace","publisher":{"@id":"https:\/\/www.padreeustaquio.com.br\/#organization"},"potentialAction":[{"@type":"SearchAction","target":{"@type":"EntryPoint","urlTemplate":"https:\/\/www.padreeustaquio.com.br\/?s={search_term_string}"},"query-input":{"@type":"PropertyValueSpecification","valueRequired":true,"valueName":"search_term_string"}}],"inLanguage":"en-US"},{"@type":"Organization","@id":"https:\/\/www.padreeustaquio.com.br\/#organization","name":"FATHER EUST\u00c1QUIO","url":"https:\/\/www.padreeustaquio.com.br\/","logo":{"@type":"ImageObject","inLanguage":"en-US","@id":"https:\/\/www.padreeustaquio.com.br\/#\/schema\/logo\/image\/","url":"https:\/\/www.padreeustaquio.com.br\/wp-content\/uploads\/2019\/08\/marca.png","contentUrl":"https:\/\/www.padreeustaquio.com.br\/wp-content\/uploads\/2019\/08\/marca.png","width":350,"height":400,"caption":"Padre Eust\u00e1quio"},"image":{"@id":"https:\/\/www.padreeustaquio.com.br\/#\/schema\/logo\/image\/"},"sameAs":["https:\/\/www.facebook.com\/beatopadreeustaquio\/","https:\/\/x.com\/beatopeustaquio","https:\/\/www.instagram.com\/beatopadreeustaquio\/","https:\/\/www.youtube.com\/channel\/UCRhw7vfabnajwLxb1ZXMeIw"]},{"@type":"Person","@id":"https:\/\/www.padreeustaquio.com.br\/#\/schema\/person\/a2a51db1d00f1a7af0204a0f1ddb1566","name":"@sscc","image":{"@type":"ImageObject","inLanguage":"en-US","@id":"https:\/\/secure.gravatar.com\/avatar\/68cfafa5f44617fea54071e215026e0ff06be366c3d54a8425f04fdcb86f8c5f?s=96&d=mm&r=g","url":"https:\/\/secure.gravatar.com\/avatar\/68cfafa5f44617fea54071e215026e0ff06be366c3d54a8425f04fdcb86f8c5f?s=96&d=mm&r=g","contentUrl":"https:\/\/secure.gravatar.com\/avatar\/68cfafa5f44617fea54071e215026e0ff06be366c3d54a8425f04fdcb86f8c5f?s=96&d=mm&r=g","caption":"@sscc"},"url":"https:\/\/www.padreeustaquio.com.br\/en\/author\/sscc\/"}]}},"_links":{"self":[{"href":"https:\/\/www.padreeustaquio.com.br\/en\/wp-json\/wp\/v2\/posts\/11636","targetHints":{"allow":["GET"]}}],"collection":[{"href":"https:\/\/www.padreeustaquio.com.br\/en\/wp-json\/wp\/v2\/posts"}],"about":[{"href":"https:\/\/www.padreeustaquio.com.br\/en\/wp-json\/wp\/v2\/types\/post"}],"author":[{"embeddable":true,"href":"https:\/\/www.padreeustaquio.com.br\/en\/wp-json\/wp\/v2\/users\/2"}],"replies":[{"embeddable":true,"href":"https:\/\/www.padreeustaquio.com.br\/en\/wp-json\/wp\/v2\/comments?post=11636"}],"version-history":[{"count":0,"href":"https:\/\/www.padreeustaquio.com.br\/en\/wp-json\/wp\/v2\/posts\/11636\/revisions"}],"wp:featuredmedia":[{"embeddable":true,"href":"https:\/\/www.padreeustaquio.com.br\/en\/wp-json\/wp\/v2\/media\/11637"}],"wp:attachment":[{"href":"https:\/\/www.padreeustaquio.com.br\/en\/wp-json\/wp\/v2\/media?parent=11636"}],"wp:term":[{"taxonomy":"category","embeddable":true,"href":"https:\/\/www.padreeustaquio.com.br\/en\/wp-json\/wp\/v2\/categories?post=11636"},{"taxonomy":"post_tag","embeddable":true,"href":"https:\/\/www.padreeustaquio.com.br\/en\/wp-json\/wp\/v2\/tags?post=11636"}],"curies":[{"name":"wp","href":"https:\/\/api.w.org\/{rel}","templated":true}]}}