{"id":11629,"date":"2024-09-26T15:14:54","date_gmt":"2024-09-26T18:14:54","guid":{"rendered":"https:\/\/www.padreeustaquio.com.br\/?p=11629"},"modified":"2024-09-26T19:35:43","modified_gmt":"2024-09-26T22:35:43","slug":"the-brazilian-house-in-spain-receives-a-relic-of-blessed-father-eustace","status":"publish","type":"post","link":"https:\/\/www.padreeustaquio.com.br\/en\/the-brazilian-house-in-spain-receives-a-relic-of-blessed-father-eustace\/","title":{"rendered":"\u201c&quot;Casa do Brasil&quot; in Spain receives relic of Blessed Father Eust\u00e1quio"},"content":{"rendered":"<p>The vice-postulator of the Cause of Canonization of Blessed Father Eust\u00e1quio, Father Vinicius Maciel, SS.CC, delivered this Wednesday, September 25th, a relic and an image of the Blessed, to be placed in the Chapel of Our Lady of Aparecida, at the Casa do Brasil in Madrid, Spain.<\/p>\n<p><img fetchpriority=\"high\" decoding=\"async\" class=\"size-medium wp-image-11631 alignleft\" src=\"https:\/\/www.padreeustaquio.com.br\/wp-content\/uploads\/2024\/09\/entrega-reliquia-espanha-1-e1727374442205-243x300.jpg\" alt=\"\" width=\"243\" height=\"300\" srcset=\"https:\/\/www.padreeustaquio.com.br\/wp-content\/uploads\/2024\/09\/entrega-reliquia-espanha-1-e1727374442205-243x300.jpg 243w, https:\/\/www.padreeustaquio.com.br\/wp-content\/uploads\/2024\/09\/entrega-reliquia-espanha-1-e1727374442205-831x1024.jpg 831w, https:\/\/www.padreeustaquio.com.br\/wp-content\/uploads\/2024\/09\/entrega-reliquia-espanha-1-e1727374442205-768x946.jpg 768w, https:\/\/www.padreeustaquio.com.br\/wp-content\/uploads\/2024\/09\/entrega-reliquia-espanha-1-e1727374442205.jpg 900w\" sizes=\"(max-width: 243px) 100vw, 243px\" \/>Those in charge of the site aim to have relics of all the Saints and Blessed of Brazil in the Chapel.<\/p>\n<p>In addition to Father Vin\u00edcius, those present at the handover included the Provincial of the Sacred Hearts in Brazil, Father Osv\u00e2nio Mariano, SSCC, the director of the house, C\u00e1ssio Romano, Father Pedro Gordillo Vila, SSCC, Provincial Superior, the Regional Superior of Paraguay, Father Maximino Pe\u00f1a, SSCC, and the Spanish student Tom\u00e1s Esquerdo Estalella.<\/p>\n<p><strong>About the House of Brazil in Madrid<\/strong><\/p>\n<p>The Casa do Brasil in Madrid is a cultural center and public school with almost 60 years of history, dedicated to promoting Brazilian culture in Spain.<\/p>\n<div id=\"attachment_11632\" style=\"width: 235px\" class=\"wp-caption alignright\"><img decoding=\"async\" aria-describedby=\"caption-attachment-11632\" class=\"size-medium wp-image-11632\" src=\"https:\/\/www.padreeustaquio.com.br\/wp-content\/uploads\/2024\/09\/Capela-da-Casa-do-Brasil-Espanha-225x300.jpg\" alt=\"\" width=\"225\" height=\"300\" srcset=\"https:\/\/www.padreeustaquio.com.br\/wp-content\/uploads\/2024\/09\/Capela-da-Casa-do-Brasil-Espanha-225x300.jpg 225w, https:\/\/www.padreeustaquio.com.br\/wp-content\/uploads\/2024\/09\/Capela-da-Casa-do-Brasil-Espanha-768x1024.jpg 768w, https:\/\/www.padreeustaquio.com.br\/wp-content\/uploads\/2024\/09\/Capela-da-Casa-do-Brasil-Espanha-1152x1536.jpg 1152w, https:\/\/www.padreeustaquio.com.br\/wp-content\/uploads\/2024\/09\/Capela-da-Casa-do-Brasil-Espanha.jpg 1200w\" sizes=\"(max-width: 225px) 100vw, 225px\" \/><p id=\"caption-attachment-11632\" class=\"wp-caption-text\">Chapel of the House of Brazil in Spain<\/p><\/div>\n<p>Its creation dates back to 1959, when, during a visit by President Juscelino Kubitschek, the Spanish government offered Brazil land to build the Col\u00e9gio Maior Brasileiro (Brazilian Major College).<\/p>\n<p>Inaugurated in 1962, Casa do Brasil functions as a student residence, promotes cultural activities such as exhibitions and conferences, offers Portuguese language instruction, and houses the Brazil-Spain Chamber of Commerce, strengthening cultural and commercial ties between the two countries.<\/p>","protected":false},"excerpt":{"rendered":"<p>O vice-postulador da Causa de Canoniza\u00e7\u00e3o do Beato Padre Eust\u00e1quio, padre Vinicius Maciel, SS.CC, entregou nessa quarta-feira, 25 de setembro, uma rel\u00edquia e uma imagem do Bem-aventurado, para ser colocada na Capela Nossa Senhora Aparecida, da Casa do Brasil em Madri, na Espanha. Os respons\u00e1veis pelo local t\u00eam como objetivo ter rel\u00edquias de todos os Santos e Beatos do Brasil na Capela. Al\u00e9m do padre Vin\u00edcius, estiveram presentes na entrega o provincial dos Sagrados Cora\u00e7\u00f5es no Brasil, padre Osv\u00e2nio Mariano, SSCC, o diretor da casa, C\u00e1ssio Romano, padre Pedro Gordillo Vila, SSCC, superior provincial, o superior regional do Paraguai padre [&hellip;]<\/p>\n","protected":false},"author":2,"featured_media":11630,"comment_status":"open","ping_status":"closed","sticky":false,"template":"","format":"standard","meta":{"_acf_changed":false,"footnotes":""},"categories":[611],"tags":[],"class_list":["post-11629","post","type-post","status-publish","format-standard","has-post-thumbnail","hentry","category-noticias"],"acf":[],"yoast_head":"<!-- This site is optimized with the Yoast SEO plugin v27.2 - https:\/\/yoast.com\/product\/yoast-seo-wordpress\/ -->\n<title>&quot;Casa do Brasil&quot; na Espanha recebe rel\u00edquia do Beato Padre Eust\u00e1quio<\/title>\n<meta name=\"description\" content=\"O vice-postulador da Causa de Canoniza\u00e7\u00e3o do Beato Padre Eust\u00e1quio, padre Viniciu Maciel, SS.CC, entregou nessa quarta-feira, 25 de setembro, uma rel\u00edquia e uma imagem do Bem-aventurado, para ser colocada na Capela Nossa Senhora Aparecida, da Casa do Brasil em Madri, na Espanha.\" \/>\n<meta name=\"robots\" content=\"index, follow, max-snippet:-1, max-image-preview:large, max-video-preview:-1\" \/>\n<link rel=\"canonical\" href=\"https:\/\/www.padreeustaquio.com.br\/en\/the-brazilian-house-in-spain-receives-a-relic-of-blessed-father-eustace\/\" \/>\n<meta property=\"og:locale\" content=\"en_US\" \/>\n<meta property=\"og:type\" content=\"article\" \/>\n<meta property=\"og:title\" content=\"&quot;Casa do Brasil&quot; na Espanha recebe rel\u00edquia do Beato Padre Eust\u00e1quio\" \/>\n<meta property=\"og:description\" content=\"O vice-postulador da Causa de Canoniza\u00e7\u00e3o do Beato Padre Eust\u00e1quio, padre Viniciu Maciel, SS.CC, entregou nessa quarta-feira, 25 de setembro, uma rel\u00edquia e uma imagem do Bem-aventurado, para ser colocada na Capela Nossa Senhora Aparecida, da Casa do Brasil em Madri, na Espanha.\" \/>\n<meta property=\"og:url\" content=\"https:\/\/www.padreeustaquio.com.br\/en\/the-brazilian-house-in-spain-receives-a-relic-of-blessed-father-eustace\/\" \/>\n<meta property=\"og:site_name\" content=\"Padre Eust\u00e1quio\" \/>\n<meta property=\"article:publisher\" content=\"https:\/\/www.facebook.com\/beatopadreeustaquio\/\" \/>\n<meta property=\"article:published_time\" content=\"2024-09-26T18:14:54+00:00\" \/>\n<meta property=\"article:modified_time\" content=\"2024-09-26T22:35:43+00:00\" \/>\n<meta property=\"og:image\" content=\"https:\/\/www.padreeustaquio.com.br\/wp-content\/uploads\/2024\/09\/entrega-reliquia-espanha.jpg\" \/>\n\t<meta property=\"og:image:width\" content=\"1600\" \/>\n\t<meta property=\"og:image:height\" content=\"1200\" \/>\n\t<meta property=\"og:image:type\" content=\"image\/jpeg\" \/>\n<meta name=\"author\" content=\"@sscc\" \/>\n<meta name=\"twitter:card\" content=\"summary_large_image\" \/>\n<meta name=\"twitter:creator\" content=\"@beatopeustaquio\" \/>\n<meta name=\"twitter:site\" content=\"@beatopeustaquio\" \/>\n<meta name=\"twitter:label1\" content=\"Written by\" \/>\n\t<meta name=\"twitter:data1\" content=\"@sscc\" \/>\n\t<meta name=\"twitter:label2\" content=\"Est. reading time\" \/>\n\t<meta name=\"twitter:data2\" content=\"2 minutes\" \/>\n<script type=\"application\/ld+json\" class=\"yoast-schema-graph\">{\"@context\":\"https:\/\/schema.org\",\"@graph\":[{\"@type\":\"Article\",\"@id\":\"https:\/\/www.padreeustaquio.com.br\/casa-do-brasil-na-espanha-recebe-reliquia-do-beato-padre-eustaquio\/#article\",\"isPartOf\":{\"@id\":\"https:\/\/www.padreeustaquio.com.br\/casa-do-brasil-na-espanha-recebe-reliquia-do-beato-padre-eustaquio\/\"},\"author\":{\"name\":\"@sscc\",\"@id\":\"https:\/\/www.padreeustaquio.com.br\/#\/schema\/person\/a2a51db1d00f1a7af0204a0f1ddb1566\"},\"headline\":\"&#8220;Casa do Brasil&#8221; na Espanha recebe rel\u00edquia do Beato Padre Eust\u00e1quio\",\"datePublished\":\"2024-09-26T18:14:54+00:00\",\"dateModified\":\"2024-09-26T22:35:43+00:00\",\"mainEntityOfPage\":{\"@id\":\"https:\/\/www.padreeustaquio.com.br\/casa-do-brasil-na-espanha-recebe-reliquia-do-beato-padre-eustaquio\/\"},\"wordCount\":258,\"commentCount\":0,\"publisher\":{\"@id\":\"https:\/\/www.padreeustaquio.com.br\/#organization\"},\"image\":{\"@id\":\"https:\/\/www.padreeustaquio.com.br\/casa-do-brasil-na-espanha-recebe-reliquia-do-beato-padre-eustaquio\/#primaryimage\"},\"thumbnailUrl\":\"https:\/\/www.padreeustaquio.com.br\/wp-content\/uploads\/2024\/09\/entrega-reliquia-espanha.jpg\",\"articleSection\":[\"Not\u00edcias\"],\"inLanguage\":\"en-US\",\"potentialAction\":[{\"@type\":\"CommentAction\",\"name\":\"Comment\",\"target\":[\"https:\/\/www.padreeustaquio.com.br\/casa-do-brasil-na-espanha-recebe-reliquia-do-beato-padre-eustaquio\/#respond\"]}]},{\"@type\":\"WebPage\",\"@id\":\"https:\/\/www.padreeustaquio.com.br\/casa-do-brasil-na-espanha-recebe-reliquia-do-beato-padre-eustaquio\/\",\"url\":\"https:\/\/www.padreeustaquio.com.br\/casa-do-brasil-na-espanha-recebe-reliquia-do-beato-padre-eustaquio\/\",\"name\":\"\\\"Casa do Brasil\\\" na Espanha recebe rel\u00edquia do Beato Padre Eust\u00e1quio\",\"isPartOf\":{\"@id\":\"https:\/\/www.padreeustaquio.com.br\/#website\"},\"primaryImageOfPage\":{\"@id\":\"https:\/\/www.padreeustaquio.com.br\/casa-do-brasil-na-espanha-recebe-reliquia-do-beato-padre-eustaquio\/#primaryimage\"},\"image\":{\"@id\":\"https:\/\/www.padreeustaquio.com.br\/casa-do-brasil-na-espanha-recebe-reliquia-do-beato-padre-eustaquio\/#primaryimage\"},\"thumbnailUrl\":\"https:\/\/www.padreeustaquio.com.br\/wp-content\/uploads\/2024\/09\/entrega-reliquia-espanha.jpg\",\"datePublished\":\"2024-09-26T18:14:54+00:00\",\"dateModified\":\"2024-09-26T22:35:43+00:00\",\"description\":\"O vice-postulador da Causa de Canoniza\u00e7\u00e3o do Beato Padre Eust\u00e1quio, padre Viniciu Maciel, SS.CC, entregou nessa quarta-feira, 25 de setembro, uma rel\u00edquia e uma imagem do Bem-aventurado, para ser colocada na Capela Nossa Senhora Aparecida, da Casa do Brasil em Madri, na Espanha.\",\"breadcrumb\":{\"@id\":\"https:\/\/www.padreeustaquio.com.br\/casa-do-brasil-na-espanha-recebe-reliquia-do-beato-padre-eustaquio\/#breadcrumb\"},\"inLanguage\":\"en-US\",\"potentialAction\":[{\"@type\":\"ReadAction\",\"target\":[\"https:\/\/www.padreeustaquio.com.br\/casa-do-brasil-na-espanha-recebe-reliquia-do-beato-padre-eustaquio\/\"]}]},{\"@type\":\"ImageObject\",\"inLanguage\":\"en-US\",\"@id\":\"https:\/\/www.padreeustaquio.com.br\/casa-do-brasil-na-espanha-recebe-reliquia-do-beato-padre-eustaquio\/#primaryimage\",\"url\":\"https:\/\/www.padreeustaquio.com.br\/wp-content\/uploads\/2024\/09\/entrega-reliquia-espanha.jpg\",\"contentUrl\":\"https:\/\/www.padreeustaquio.com.br\/wp-content\/uploads\/2024\/09\/entrega-reliquia-espanha.jpg\",\"width\":1600,\"height\":1200},{\"@type\":\"BreadcrumbList\",\"@id\":\"https:\/\/www.padreeustaquio.com.br\/casa-do-brasil-na-espanha-recebe-reliquia-do-beato-padre-eustaquio\/#breadcrumb\",\"itemListElement\":[{\"@type\":\"ListItem\",\"position\":1,\"name\":\"In\u00edcio\",\"item\":\"https:\/\/www.padreeustaquio.com.br\/\"},{\"@type\":\"ListItem\",\"position\":2,\"name\":\"&#8220;Casa do Brasil&#8221; na Espanha recebe rel\u00edquia do Beato Padre Eust\u00e1quio\"}]},{\"@type\":\"WebSite\",\"@id\":\"https:\/\/www.padreeustaquio.com.br\/#website\",\"url\":\"https:\/\/www.padreeustaquio.com.br\/\",\"name\":\"Padre Eust\u00e1quio\",\"description\":\"Sa\u00fade e Paz\",\"publisher\":{\"@id\":\"https:\/\/www.padreeustaquio.com.br\/#organization\"},\"potentialAction\":[{\"@type\":\"SearchAction\",\"target\":{\"@type\":\"EntryPoint\",\"urlTemplate\":\"https:\/\/www.padreeustaquio.com.br\/?s={search_term_string}\"},\"query-input\":{\"@type\":\"PropertyValueSpecification\",\"valueRequired\":true,\"valueName\":\"search_term_string\"}}],\"inLanguage\":\"en-US\"},{\"@type\":\"Organization\",\"@id\":\"https:\/\/www.padreeustaquio.com.br\/#organization\",\"name\":\"Padre Eust\u00e1quio\",\"url\":\"https:\/\/www.padreeustaquio.com.br\/\",\"logo\":{\"@type\":\"ImageObject\",\"inLanguage\":\"en-US\",\"@id\":\"https:\/\/www.padreeustaquio.com.br\/#\/schema\/logo\/image\/\",\"url\":\"https:\/\/www.padreeustaquio.com.br\/wp-content\/uploads\/2019\/08\/marca.png\",\"contentUrl\":\"https:\/\/www.padreeustaquio.com.br\/wp-content\/uploads\/2019\/08\/marca.png\",\"width\":350,\"height\":400,\"caption\":\"Padre Eust\u00e1quio\"},\"image\":{\"@id\":\"https:\/\/www.padreeustaquio.com.br\/#\/schema\/logo\/image\/\"},\"sameAs\":[\"https:\/\/www.facebook.com\/beatopadreeustaquio\/\",\"https:\/\/x.com\/beatopeustaquio\",\"https:\/\/www.instagram.com\/beatopadreeustaquio\/\",\"https:\/\/www.youtube.com\/channel\/UCRhw7vfabnajwLxb1ZXMeIw\"]},{\"@type\":\"Person\",\"@id\":\"https:\/\/www.padreeustaquio.com.br\/#\/schema\/person\/a2a51db1d00f1a7af0204a0f1ddb1566\",\"name\":\"@sscc\",\"image\":{\"@type\":\"ImageObject\",\"inLanguage\":\"en-US\",\"@id\":\"https:\/\/secure.gravatar.com\/avatar\/68cfafa5f44617fea54071e215026e0ff06be366c3d54a8425f04fdcb86f8c5f?s=96&d=mm&r=g\",\"url\":\"https:\/\/secure.gravatar.com\/avatar\/68cfafa5f44617fea54071e215026e0ff06be366c3d54a8425f04fdcb86f8c5f?s=96&d=mm&r=g\",\"contentUrl\":\"https:\/\/secure.gravatar.com\/avatar\/68cfafa5f44617fea54071e215026e0ff06be366c3d54a8425f04fdcb86f8c5f?s=96&d=mm&r=g\",\"caption\":\"@sscc\"},\"url\":\"https:\/\/www.padreeustaquio.com.br\/en\/author\/sscc\/\"}]}<\/script>\n<!-- \/ Yoast SEO plugin. -->","yoast_head_json":{"title":"\"&quot;Casa do Brasil&quot; in Spain receives relic of Blessed Father Eust\u00e1quio","description":"The vice-postulator of the Cause of Canonization of Blessed Father Eust\u00e1quio, Father Viniciu Maciel, SS.CC, delivered this Wednesday, September 25th, a relic and an image of the Blessed, to be placed in the Chapel of Our Lady of Aparecida, at the Casa do Brasil in Madrid, Spain.","robots":{"index":"index","follow":"follow","max-snippet":"max-snippet:-1","max-image-preview":"max-image-preview:large","max-video-preview":"max-video-preview:-1"},"canonical":"https:\/\/www.padreeustaquio.com.br\/en\/the-brazilian-house-in-spain-receives-a-relic-of-blessed-father-eustace\/","og_locale":"en_US","og_type":"article","og_title":"\"Casa do Brasil\" na Espanha recebe rel\u00edquia do Beato Padre Eust\u00e1quio","og_description":"O vice-postulador da Causa de Canoniza\u00e7\u00e3o do Beato Padre Eust\u00e1quio, padre Viniciu Maciel, SS.CC, entregou nessa quarta-feira, 25 de setembro, uma rel\u00edquia e uma imagem do Bem-aventurado, para ser colocada na Capela Nossa Senhora Aparecida, da Casa do Brasil em Madri, na Espanha.","og_url":"https:\/\/www.padreeustaquio.com.br\/en\/the-brazilian-house-in-spain-receives-a-relic-of-blessed-father-eustace\/","og_site_name":"Padre Eust\u00e1quio","article_publisher":"https:\/\/www.facebook.com\/beatopadreeustaquio\/","article_published_time":"2024-09-26T18:14:54+00:00","article_modified_time":"2024-09-26T22:35:43+00:00","og_image":[{"width":1600,"height":1200,"url":"https:\/\/www.padreeustaquio.com.br\/wp-content\/uploads\/2024\/09\/entrega-reliquia-espanha.jpg","type":"image\/jpeg"}],"author":"@sscc","twitter_card":"summary_large_image","twitter_creator":"@beatopeustaquio","twitter_site":"@beatopeustaquio","twitter_misc":{"Written by":"@sscc","Est. reading time":"2 minutes"},"schema":{"@context":"https:\/\/schema.org","@graph":[{"@type":"Article","@id":"https:\/\/www.padreeustaquio.com.br\/casa-do-brasil-na-espanha-recebe-reliquia-do-beato-padre-eustaquio\/#article","isPartOf":{"@id":"https:\/\/www.padreeustaquio.com.br\/casa-do-brasil-na-espanha-recebe-reliquia-do-beato-padre-eustaquio\/"},"author":{"name":"@sscc","@id":"https:\/\/www.padreeustaquio.com.br\/#\/schema\/person\/a2a51db1d00f1a7af0204a0f1ddb1566"},"headline":"&#8220;Casa do Brasil&#8221; na Espanha recebe rel\u00edquia do Beato Padre Eust\u00e1quio","datePublished":"2024-09-26T18:14:54+00:00","dateModified":"2024-09-26T22:35:43+00:00","mainEntityOfPage":{"@id":"https:\/\/www.padreeustaquio.com.br\/casa-do-brasil-na-espanha-recebe-reliquia-do-beato-padre-eustaquio\/"},"wordCount":258,"commentCount":0,"publisher":{"@id":"https:\/\/www.padreeustaquio.com.br\/#organization"},"image":{"@id":"https:\/\/www.padreeustaquio.com.br\/casa-do-brasil-na-espanha-recebe-reliquia-do-beato-padre-eustaquio\/#primaryimage"},"thumbnailUrl":"https:\/\/www.padreeustaquio.com.br\/wp-content\/uploads\/2024\/09\/entrega-reliquia-espanha.jpg","articleSection":["Not\u00edcias"],"inLanguage":"en-US","potentialAction":[{"@type":"CommentAction","name":"Comment","target":["https:\/\/www.padreeustaquio.com.br\/casa-do-brasil-na-espanha-recebe-reliquia-do-beato-padre-eustaquio\/#respond"]}]},{"@type":"WebPage","@id":"https:\/\/www.padreeustaquio.com.br\/casa-do-brasil-na-espanha-recebe-reliquia-do-beato-padre-eustaquio\/","url":"https:\/\/www.padreeustaquio.com.br\/casa-do-brasil-na-espanha-recebe-reliquia-do-beato-padre-eustaquio\/","name":"\"&quot;Casa do Brasil&quot; in Spain receives relic of Blessed Father Eust\u00e1quio","isPartOf":{"@id":"https:\/\/www.padreeustaquio.com.br\/#website"},"primaryImageOfPage":{"@id":"https:\/\/www.padreeustaquio.com.br\/casa-do-brasil-na-espanha-recebe-reliquia-do-beato-padre-eustaquio\/#primaryimage"},"image":{"@id":"https:\/\/www.padreeustaquio.com.br\/casa-do-brasil-na-espanha-recebe-reliquia-do-beato-padre-eustaquio\/#primaryimage"},"thumbnailUrl":"https:\/\/www.padreeustaquio.com.br\/wp-content\/uploads\/2024\/09\/entrega-reliquia-espanha.jpg","datePublished":"2024-09-26T18:14:54+00:00","dateModified":"2024-09-26T22:35:43+00:00","description":"The vice-postulator of the Cause of Canonization of Blessed Father Eust\u00e1quio, Father Viniciu Maciel, SS.CC, delivered this Wednesday, September 25th, a relic and an image of the Blessed, to be placed in the Chapel of Our Lady of Aparecida, at the Casa do Brasil in Madrid, Spain.","breadcrumb":{"@id":"https:\/\/www.padreeustaquio.com.br\/casa-do-brasil-na-espanha-recebe-reliquia-do-beato-padre-eustaquio\/#breadcrumb"},"inLanguage":"en-US","potentialAction":[{"@type":"ReadAction","target":["https:\/\/www.padreeustaquio.com.br\/casa-do-brasil-na-espanha-recebe-reliquia-do-beato-padre-eustaquio\/"]}]},{"@type":"ImageObject","inLanguage":"en-US","@id":"https:\/\/www.padreeustaquio.com.br\/casa-do-brasil-na-espanha-recebe-reliquia-do-beato-padre-eustaquio\/#primaryimage","url":"https:\/\/www.padreeustaquio.com.br\/wp-content\/uploads\/2024\/09\/entrega-reliquia-espanha.jpg","contentUrl":"https:\/\/www.padreeustaquio.com.br\/wp-content\/uploads\/2024\/09\/entrega-reliquia-espanha.jpg","width":1600,"height":1200},{"@type":"BreadcrumbList","@id":"https:\/\/www.padreeustaquio.com.br\/casa-do-brasil-na-espanha-recebe-reliquia-do-beato-padre-eustaquio\/#breadcrumb","itemListElement":[{"@type":"ListItem","position":1,"name":"In\u00edcio","item":"https:\/\/www.padreeustaquio.com.br\/"},{"@type":"ListItem","position":2,"name":"&#8220;Casa do Brasil&#8221; na Espanha recebe rel\u00edquia do Beato Padre Eust\u00e1quio"}]},{"@type":"WebSite","@id":"https:\/\/www.padreeustaquio.com.br\/#website","url":"https:\/\/www.padreeustaquio.com.br\/","name":"FATHER EUST\u00c1QUIO","description":"Health and Peace","publisher":{"@id":"https:\/\/www.padreeustaquio.com.br\/#organization"},"potentialAction":[{"@type":"SearchAction","target":{"@type":"EntryPoint","urlTemplate":"https:\/\/www.padreeustaquio.com.br\/?s={search_term_string}"},"query-input":{"@type":"PropertyValueSpecification","valueRequired":true,"valueName":"search_term_string"}}],"inLanguage":"en-US"},{"@type":"Organization","@id":"https:\/\/www.padreeustaquio.com.br\/#organization","name":"FATHER EUST\u00c1QUIO","url":"https:\/\/www.padreeustaquio.com.br\/","logo":{"@type":"ImageObject","inLanguage":"en-US","@id":"https:\/\/www.padreeustaquio.com.br\/#\/schema\/logo\/image\/","url":"https:\/\/www.padreeustaquio.com.br\/wp-content\/uploads\/2019\/08\/marca.png","contentUrl":"https:\/\/www.padreeustaquio.com.br\/wp-content\/uploads\/2019\/08\/marca.png","width":350,"height":400,"caption":"Padre Eust\u00e1quio"},"image":{"@id":"https:\/\/www.padreeustaquio.com.br\/#\/schema\/logo\/image\/"},"sameAs":["https:\/\/www.facebook.com\/beatopadreeustaquio\/","https:\/\/x.com\/beatopeustaquio","https:\/\/www.instagram.com\/beatopadreeustaquio\/","https:\/\/www.youtube.com\/channel\/UCRhw7vfabnajwLxb1ZXMeIw"]},{"@type":"Person","@id":"https:\/\/www.padreeustaquio.com.br\/#\/schema\/person\/a2a51db1d00f1a7af0204a0f1ddb1566","name":"@sscc","image":{"@type":"ImageObject","inLanguage":"en-US","@id":"https:\/\/secure.gravatar.com\/avatar\/68cfafa5f44617fea54071e215026e0ff06be366c3d54a8425f04fdcb86f8c5f?s=96&d=mm&r=g","url":"https:\/\/secure.gravatar.com\/avatar\/68cfafa5f44617fea54071e215026e0ff06be366c3d54a8425f04fdcb86f8c5f?s=96&d=mm&r=g","contentUrl":"https:\/\/secure.gravatar.com\/avatar\/68cfafa5f44617fea54071e215026e0ff06be366c3d54a8425f04fdcb86f8c5f?s=96&d=mm&r=g","caption":"@sscc"},"url":"https:\/\/www.padreeustaquio.com.br\/en\/author\/sscc\/"}]}},"_links":{"self":[{"href":"https:\/\/www.padreeustaquio.com.br\/en\/wp-json\/wp\/v2\/posts\/11629","targetHints":{"allow":["GET"]}}],"collection":[{"href":"https:\/\/www.padreeustaquio.com.br\/en\/wp-json\/wp\/v2\/posts"}],"about":[{"href":"https:\/\/www.padreeustaquio.com.br\/en\/wp-json\/wp\/v2\/types\/post"}],"author":[{"embeddable":true,"href":"https:\/\/www.padreeustaquio.com.br\/en\/wp-json\/wp\/v2\/users\/2"}],"replies":[{"embeddable":true,"href":"https:\/\/www.padreeustaquio.com.br\/en\/wp-json\/wp\/v2\/comments?post=11629"}],"version-history":[{"count":0,"href":"https:\/\/www.padreeustaquio.com.br\/en\/wp-json\/wp\/v2\/posts\/11629\/revisions"}],"wp:featuredmedia":[{"embeddable":true,"href":"https:\/\/www.padreeustaquio.com.br\/en\/wp-json\/wp\/v2\/media\/11630"}],"wp:attachment":[{"href":"https:\/\/www.padreeustaquio.com.br\/en\/wp-json\/wp\/v2\/media?parent=11629"}],"wp:term":[{"taxonomy":"category","embeddable":true,"href":"https:\/\/www.padreeustaquio.com.br\/en\/wp-json\/wp\/v2\/categories?post=11629"},{"taxonomy":"post_tag","embeddable":true,"href":"https:\/\/www.padreeustaquio.com.br\/en\/wp-json\/wp\/v2\/tags?post=11629"}],"curies":[{"name":"wp","href":"https:\/\/api.w.org\/{rel}","templated":true}]}}