{"id":11624,"date":"2024-09-21T11:37:41","date_gmt":"2024-09-21T14:37:41","guid":{"rendered":"https:\/\/www.padreeustaquio.com.br\/?p=11624"},"modified":"2024-09-20T22:08:47","modified_gmt":"2024-09-21T01:08:47","slug":"pope-francis-blesses-image-of-blessed-father-eustace-in-rome","status":"publish","type":"post","link":"https:\/\/www.padreeustaquio.com.br\/en\/pope-francis-blesses-image-of-blessed-father-eustace-in-rome\/","title":{"rendered":"Pope Francis blesses image of Blessed Father Eustace in Rome"},"content":{"rendered":"<p>Father Vin\u00edcius Maciel, SS.CC, vice-postulator of the Cause of Canonization of Blessed Father Eust\u00e1quio, met with Pope Francis at the Pontifical Palace, in the Vatican, the audience took place this Thursday (19).<\/p>\n<p>On that occasion, Father Vin\u00edcius brought an image of Blessed Father Eust\u00e1quio and asked the Pope to give a special blessing to all devotees of the Blessed in Brazil and around the world, especially those who suffer and are in pain. The image blessed by the Pope returns to Belo Horizonte with Father Vin\u00edcius and will become part of the relic and pilgrim objects of the Blessed.<\/p>\n<p><img fetchpriority=\"high\" decoding=\"async\" class=\"size-medium wp-image-11626 alignleft\" src=\"https:\/\/www.padreeustaquio.com.br\/wp-content\/uploads\/2024\/09\/irmaos-sscc-no-vaticano-300x233.jpeg\" alt=\"\" width=\"300\" height=\"233\" srcset=\"https:\/\/www.padreeustaquio.com.br\/wp-content\/uploads\/2024\/09\/irmaos-sscc-no-vaticano-300x233.jpeg 300w, https:\/\/www.padreeustaquio.com.br\/wp-content\/uploads\/2024\/09\/irmaos-sscc-no-vaticano-1024x794.jpeg 1024w, https:\/\/www.padreeustaquio.com.br\/wp-content\/uploads\/2024\/09\/irmaos-sscc-no-vaticano-768x595.jpeg 768w, https:\/\/www.padreeustaquio.com.br\/wp-content\/uploads\/2024\/09\/irmaos-sscc-no-vaticano-1536x1190.jpeg 1536w, https:\/\/www.padreeustaquio.com.br\/wp-content\/uploads\/2024\/09\/irmaos-sscc-no-vaticano.jpeg 1600w\" sizes=\"(max-width: 300px) 100vw, 300px\" \/>The private audience with Pope Francis took place during the general meeting of the Congregation of the Sacred Hearts, which was attended by approximately 40 sisters and brothers from various countries around the world and aimed to chart the congregation&#039;s course for the next six years.<\/p>\n<p>Before his speech, Francis asked the superiors about vocations, hearing a variety of countries in response. In his greeting, he recalled that holding a Chapter does not respond to human logic or an institutional need, but to a requirement of following Christ. <em>\u201c&quot;This always implies following, listening attentively to what the Holy Spirit suggests in order to live faithfully the identity and mission proper to the Congregation.&quot;\u201d<\/em><\/p>\n<p>Just like the disciples, the capitulars are called to listen to the voice of Jesus, to deepen their contemplation, and to be able to live and proclaim the love of God incarnate in Him, especially through service to the most needy and also through Eucharistic and reparative prayer.<\/p>\n<p>Only by following Christ with fidelity and docility will the Congregation be able to enjoy a &quot;renewed springtime,&quot; which will make its charism shine forth in the present moment of human history. &quot;May the Sacred Hearts of Jesus and Mary impel you to find ever new ways of witnessing to your brothers and sisters and of collaborating with the work of God that is being carried out in the Church,&quot; were the Pope&#039;s wishes.<\/p>","protected":false},"excerpt":{"rendered":"<p>O padre Vin\u00edcius Maciel, SS.CC, vice-postulador da Causa de Canoniza\u00e7\u00e3o do Beato Padre Eust\u00e1quio, esteve com o Papa Francisco no Pal\u00e1cio Pontif\u00edcio, no Vaticano, a audi\u00eancia aconteceu nessa quinta-feira (19). Na ocasi\u00e3o, padre Vin\u00edcius levou uma imagem do Bem-aventurado Padre Eust\u00e1quio e pediu que o Papa desse uma b\u00ean\u00e7\u00e3o especial a todos os devotos do Beato no Brasil e no mundo, principalmente \u00e0queles que sofrem e padecem. A imagem aben\u00e7oada pelo Papa volta para Belo Horizonte com o Padre Vin\u00edcius e far\u00e1 parte da rel\u00edquia e objetos peregrinos do Beato. A audi\u00eancia particular com o Papa Francisco ocorreu durante a [&hellip;]<\/p>\n","protected":false},"author":2,"featured_media":11625,"comment_status":"open","ping_status":"closed","sticky":false,"template":"","format":"standard","meta":{"_acf_changed":false,"footnotes":""},"categories":[611],"tags":[],"class_list":["post-11624","post","type-post","status-publish","format-standard","has-post-thumbnail","hentry","category-noticias"],"acf":[],"yoast_head":"<!-- This site is optimized with the Yoast SEO plugin v27.2 - https:\/\/yoast.com\/product\/yoast-seo-wordpress\/ -->\n<title>Papa Francisco aben\u00e7oa imagem do Beato Padre Eust\u00e1quio em Roma<\/title>\n<meta name=\"description\" content=\"O padre Vin\u00edcius Maciel, SS.CC, vice-postulador da Causa de Canoniza\u00e7\u00e3o do Beato Padre Eust\u00e1quio, esteve com o Papa Francisco no Pal\u00e1cio Pontif\u00edcio, no Vaticano, a audi\u00eancia aconteceu nessa quinta-feira (19).\" \/>\n<meta name=\"robots\" content=\"index, follow, max-snippet:-1, max-image-preview:large, max-video-preview:-1\" \/>\n<link rel=\"canonical\" href=\"https:\/\/www.padreeustaquio.com.br\/en\/pope-francis-blesses-image-of-blessed-father-eustace-in-rome\/\" \/>\n<meta property=\"og:locale\" content=\"en_US\" \/>\n<meta property=\"og:type\" content=\"article\" \/>\n<meta property=\"og:title\" content=\"Papa Francisco aben\u00e7oa imagem do Beato Padre Eust\u00e1quio em Roma\" \/>\n<meta property=\"og:description\" content=\"O padre Vin\u00edcius Maciel, SS.CC, vice-postulador da Causa de Canoniza\u00e7\u00e3o do Beato Padre Eust\u00e1quio, esteve com o Papa Francisco no Pal\u00e1cio Pontif\u00edcio, no Vaticano, a audi\u00eancia aconteceu nessa quinta-feira (19).\" \/>\n<meta property=\"og:url\" content=\"https:\/\/www.padreeustaquio.com.br\/en\/pope-francis-blesses-image-of-blessed-father-eustace-in-rome\/\" \/>\n<meta property=\"og:site_name\" content=\"Padre Eust\u00e1quio\" \/>\n<meta property=\"article:publisher\" content=\"https:\/\/www.facebook.com\/beatopadreeustaquio\/\" \/>\n<meta property=\"article:published_time\" content=\"2024-09-21T14:37:41+00:00\" \/>\n<meta property=\"og:image\" content=\"https:\/\/www.padreeustaquio.com.br\/wp-content\/uploads\/2024\/09\/papa-e-vinicius.jpg\" \/>\n\t<meta property=\"og:image:width\" content=\"748\" \/>\n\t<meta property=\"og:image:height\" content=\"394\" \/>\n\t<meta property=\"og:image:type\" content=\"image\/jpeg\" \/>\n<meta name=\"author\" content=\"@sscc\" \/>\n<meta name=\"twitter:card\" content=\"summary_large_image\" \/>\n<meta name=\"twitter:creator\" content=\"@beatopeustaquio\" \/>\n<meta name=\"twitter:site\" content=\"@beatopeustaquio\" \/>\n<meta name=\"twitter:label1\" content=\"Written by\" \/>\n\t<meta name=\"twitter:data1\" content=\"@sscc\" \/>\n\t<meta name=\"twitter:label2\" content=\"Est. reading time\" \/>\n\t<meta name=\"twitter:data2\" content=\"3 minutes\" \/>\n<script type=\"application\/ld+json\" class=\"yoast-schema-graph\">{\"@context\":\"https:\/\/schema.org\",\"@graph\":[{\"@type\":\"Article\",\"@id\":\"https:\/\/www.padreeustaquio.com.br\/papa-francisco-abencoa-imagem-do-beato-padre-eustaquio-em-roma\/#article\",\"isPartOf\":{\"@id\":\"https:\/\/www.padreeustaquio.com.br\/papa-francisco-abencoa-imagem-do-beato-padre-eustaquio-em-roma\/\"},\"author\":{\"name\":\"@sscc\",\"@id\":\"https:\/\/www.padreeustaquio.com.br\/#\/schema\/person\/a2a51db1d00f1a7af0204a0f1ddb1566\"},\"headline\":\"Papa Francisco aben\u00e7oa imagem do Beato Padre Eust\u00e1quio em Roma\",\"datePublished\":\"2024-09-21T14:37:41+00:00\",\"mainEntityOfPage\":{\"@id\":\"https:\/\/www.padreeustaquio.com.br\/papa-francisco-abencoa-imagem-do-beato-padre-eustaquio-em-roma\/\"},\"wordCount\":390,\"commentCount\":0,\"publisher\":{\"@id\":\"https:\/\/www.padreeustaquio.com.br\/#organization\"},\"image\":{\"@id\":\"https:\/\/www.padreeustaquio.com.br\/papa-francisco-abencoa-imagem-do-beato-padre-eustaquio-em-roma\/#primaryimage\"},\"thumbnailUrl\":\"https:\/\/www.padreeustaquio.com.br\/wp-content\/uploads\/2024\/09\/papa-e-vinicius.jpg\",\"articleSection\":[\"Not\u00edcias\"],\"inLanguage\":\"en-US\",\"potentialAction\":[{\"@type\":\"CommentAction\",\"name\":\"Comment\",\"target\":[\"https:\/\/www.padreeustaquio.com.br\/papa-francisco-abencoa-imagem-do-beato-padre-eustaquio-em-roma\/#respond\"]}]},{\"@type\":\"WebPage\",\"@id\":\"https:\/\/www.padreeustaquio.com.br\/papa-francisco-abencoa-imagem-do-beato-padre-eustaquio-em-roma\/\",\"url\":\"https:\/\/www.padreeustaquio.com.br\/papa-francisco-abencoa-imagem-do-beato-padre-eustaquio-em-roma\/\",\"name\":\"Papa Francisco aben\u00e7oa imagem do Beato Padre Eust\u00e1quio em Roma\",\"isPartOf\":{\"@id\":\"https:\/\/www.padreeustaquio.com.br\/#website\"},\"primaryImageOfPage\":{\"@id\":\"https:\/\/www.padreeustaquio.com.br\/papa-francisco-abencoa-imagem-do-beato-padre-eustaquio-em-roma\/#primaryimage\"},\"image\":{\"@id\":\"https:\/\/www.padreeustaquio.com.br\/papa-francisco-abencoa-imagem-do-beato-padre-eustaquio-em-roma\/#primaryimage\"},\"thumbnailUrl\":\"https:\/\/www.padreeustaquio.com.br\/wp-content\/uploads\/2024\/09\/papa-e-vinicius.jpg\",\"datePublished\":\"2024-09-21T14:37:41+00:00\",\"description\":\"O padre Vin\u00edcius Maciel, SS.CC, vice-postulador da Causa de Canoniza\u00e7\u00e3o do Beato Padre Eust\u00e1quio, esteve com o Papa Francisco no Pal\u00e1cio Pontif\u00edcio, no Vaticano, a audi\u00eancia aconteceu nessa quinta-feira (19).\",\"breadcrumb\":{\"@id\":\"https:\/\/www.padreeustaquio.com.br\/papa-francisco-abencoa-imagem-do-beato-padre-eustaquio-em-roma\/#breadcrumb\"},\"inLanguage\":\"en-US\",\"potentialAction\":[{\"@type\":\"ReadAction\",\"target\":[\"https:\/\/www.padreeustaquio.com.br\/papa-francisco-abencoa-imagem-do-beato-padre-eustaquio-em-roma\/\"]}]},{\"@type\":\"ImageObject\",\"inLanguage\":\"en-US\",\"@id\":\"https:\/\/www.padreeustaquio.com.br\/papa-francisco-abencoa-imagem-do-beato-padre-eustaquio-em-roma\/#primaryimage\",\"url\":\"https:\/\/www.padreeustaquio.com.br\/wp-content\/uploads\/2024\/09\/papa-e-vinicius.jpg\",\"contentUrl\":\"https:\/\/www.padreeustaquio.com.br\/wp-content\/uploads\/2024\/09\/papa-e-vinicius.jpg\",\"width\":748,\"height\":394},{\"@type\":\"BreadcrumbList\",\"@id\":\"https:\/\/www.padreeustaquio.com.br\/papa-francisco-abencoa-imagem-do-beato-padre-eustaquio-em-roma\/#breadcrumb\",\"itemListElement\":[{\"@type\":\"ListItem\",\"position\":1,\"name\":\"In\u00edcio\",\"item\":\"https:\/\/www.padreeustaquio.com.br\/\"},{\"@type\":\"ListItem\",\"position\":2,\"name\":\"Papa Francisco aben\u00e7oa imagem do Beato Padre Eust\u00e1quio em Roma\"}]},{\"@type\":\"WebSite\",\"@id\":\"https:\/\/www.padreeustaquio.com.br\/#website\",\"url\":\"https:\/\/www.padreeustaquio.com.br\/\",\"name\":\"Padre Eust\u00e1quio\",\"description\":\"Sa\u00fade e Paz\",\"publisher\":{\"@id\":\"https:\/\/www.padreeustaquio.com.br\/#organization\"},\"potentialAction\":[{\"@type\":\"SearchAction\",\"target\":{\"@type\":\"EntryPoint\",\"urlTemplate\":\"https:\/\/www.padreeustaquio.com.br\/?s={search_term_string}\"},\"query-input\":{\"@type\":\"PropertyValueSpecification\",\"valueRequired\":true,\"valueName\":\"search_term_string\"}}],\"inLanguage\":\"en-US\"},{\"@type\":\"Organization\",\"@id\":\"https:\/\/www.padreeustaquio.com.br\/#organization\",\"name\":\"Padre Eust\u00e1quio\",\"url\":\"https:\/\/www.padreeustaquio.com.br\/\",\"logo\":{\"@type\":\"ImageObject\",\"inLanguage\":\"en-US\",\"@id\":\"https:\/\/www.padreeustaquio.com.br\/#\/schema\/logo\/image\/\",\"url\":\"https:\/\/www.padreeustaquio.com.br\/wp-content\/uploads\/2019\/08\/marca.png\",\"contentUrl\":\"https:\/\/www.padreeustaquio.com.br\/wp-content\/uploads\/2019\/08\/marca.png\",\"width\":350,\"height\":400,\"caption\":\"Padre Eust\u00e1quio\"},\"image\":{\"@id\":\"https:\/\/www.padreeustaquio.com.br\/#\/schema\/logo\/image\/\"},\"sameAs\":[\"https:\/\/www.facebook.com\/beatopadreeustaquio\/\",\"https:\/\/x.com\/beatopeustaquio\",\"https:\/\/www.instagram.com\/beatopadreeustaquio\/\",\"https:\/\/www.youtube.com\/channel\/UCRhw7vfabnajwLxb1ZXMeIw\"]},{\"@type\":\"Person\",\"@id\":\"https:\/\/www.padreeustaquio.com.br\/#\/schema\/person\/a2a51db1d00f1a7af0204a0f1ddb1566\",\"name\":\"@sscc\",\"image\":{\"@type\":\"ImageObject\",\"inLanguage\":\"en-US\",\"@id\":\"https:\/\/secure.gravatar.com\/avatar\/68cfafa5f44617fea54071e215026e0ff06be366c3d54a8425f04fdcb86f8c5f?s=96&d=mm&r=g\",\"url\":\"https:\/\/secure.gravatar.com\/avatar\/68cfafa5f44617fea54071e215026e0ff06be366c3d54a8425f04fdcb86f8c5f?s=96&d=mm&r=g\",\"contentUrl\":\"https:\/\/secure.gravatar.com\/avatar\/68cfafa5f44617fea54071e215026e0ff06be366c3d54a8425f04fdcb86f8c5f?s=96&d=mm&r=g\",\"caption\":\"@sscc\"},\"url\":\"https:\/\/www.padreeustaquio.com.br\/en\/author\/sscc\/\"}]}<\/script>\n<!-- \/ Yoast SEO plugin. -->","yoast_head_json":{"title":"Pope Francis blesses image of Blessed Father Eustace in Rome","description":"Father Vin\u00edcius Maciel, SS.CC, vice-postulator of the Cause of Canonization of Blessed Father Eust\u00e1quio, met with Pope Francis at the Pontifical Palace, in the Vatican, the audience took place this Thursday (19).","robots":{"index":"index","follow":"follow","max-snippet":"max-snippet:-1","max-image-preview":"max-image-preview:large","max-video-preview":"max-video-preview:-1"},"canonical":"https:\/\/www.padreeustaquio.com.br\/en\/pope-francis-blesses-image-of-blessed-father-eustace-in-rome\/","og_locale":"en_US","og_type":"article","og_title":"Papa Francisco aben\u00e7oa imagem do Beato Padre Eust\u00e1quio em Roma","og_description":"O padre Vin\u00edcius Maciel, SS.CC, vice-postulador da Causa de Canoniza\u00e7\u00e3o do Beato Padre Eust\u00e1quio, esteve com o Papa Francisco no Pal\u00e1cio Pontif\u00edcio, no Vaticano, a audi\u00eancia aconteceu nessa quinta-feira (19).","og_url":"https:\/\/www.padreeustaquio.com.br\/en\/pope-francis-blesses-image-of-blessed-father-eustace-in-rome\/","og_site_name":"Padre Eust\u00e1quio","article_publisher":"https:\/\/www.facebook.com\/beatopadreeustaquio\/","article_published_time":"2024-09-21T14:37:41+00:00","og_image":[{"width":748,"height":394,"url":"https:\/\/www.padreeustaquio.com.br\/wp-content\/uploads\/2024\/09\/papa-e-vinicius.jpg","type":"image\/jpeg"}],"author":"@sscc","twitter_card":"summary_large_image","twitter_creator":"@beatopeustaquio","twitter_site":"@beatopeustaquio","twitter_misc":{"Written by":"@sscc","Est. reading time":"3 minutes"},"schema":{"@context":"https:\/\/schema.org","@graph":[{"@type":"Article","@id":"https:\/\/www.padreeustaquio.com.br\/papa-francisco-abencoa-imagem-do-beato-padre-eustaquio-em-roma\/#article","isPartOf":{"@id":"https:\/\/www.padreeustaquio.com.br\/papa-francisco-abencoa-imagem-do-beato-padre-eustaquio-em-roma\/"},"author":{"name":"@sscc","@id":"https:\/\/www.padreeustaquio.com.br\/#\/schema\/person\/a2a51db1d00f1a7af0204a0f1ddb1566"},"headline":"Papa Francisco aben\u00e7oa imagem do Beato Padre Eust\u00e1quio em Roma","datePublished":"2024-09-21T14:37:41+00:00","mainEntityOfPage":{"@id":"https:\/\/www.padreeustaquio.com.br\/papa-francisco-abencoa-imagem-do-beato-padre-eustaquio-em-roma\/"},"wordCount":390,"commentCount":0,"publisher":{"@id":"https:\/\/www.padreeustaquio.com.br\/#organization"},"image":{"@id":"https:\/\/www.padreeustaquio.com.br\/papa-francisco-abencoa-imagem-do-beato-padre-eustaquio-em-roma\/#primaryimage"},"thumbnailUrl":"https:\/\/www.padreeustaquio.com.br\/wp-content\/uploads\/2024\/09\/papa-e-vinicius.jpg","articleSection":["Not\u00edcias"],"inLanguage":"en-US","potentialAction":[{"@type":"CommentAction","name":"Comment","target":["https:\/\/www.padreeustaquio.com.br\/papa-francisco-abencoa-imagem-do-beato-padre-eustaquio-em-roma\/#respond"]}]},{"@type":"WebPage","@id":"https:\/\/www.padreeustaquio.com.br\/papa-francisco-abencoa-imagem-do-beato-padre-eustaquio-em-roma\/","url":"https:\/\/www.padreeustaquio.com.br\/papa-francisco-abencoa-imagem-do-beato-padre-eustaquio-em-roma\/","name":"Pope Francis blesses image of Blessed Father Eustace in Rome","isPartOf":{"@id":"https:\/\/www.padreeustaquio.com.br\/#website"},"primaryImageOfPage":{"@id":"https:\/\/www.padreeustaquio.com.br\/papa-francisco-abencoa-imagem-do-beato-padre-eustaquio-em-roma\/#primaryimage"},"image":{"@id":"https:\/\/www.padreeustaquio.com.br\/papa-francisco-abencoa-imagem-do-beato-padre-eustaquio-em-roma\/#primaryimage"},"thumbnailUrl":"https:\/\/www.padreeustaquio.com.br\/wp-content\/uploads\/2024\/09\/papa-e-vinicius.jpg","datePublished":"2024-09-21T14:37:41+00:00","description":"Father Vin\u00edcius Maciel, SS.CC, vice-postulator of the Cause of Canonization of Blessed Father Eust\u00e1quio, met with Pope Francis at the Pontifical Palace, in the Vatican, the audience took place this Thursday (19).","breadcrumb":{"@id":"https:\/\/www.padreeustaquio.com.br\/papa-francisco-abencoa-imagem-do-beato-padre-eustaquio-em-roma\/#breadcrumb"},"inLanguage":"en-US","potentialAction":[{"@type":"ReadAction","target":["https:\/\/www.padreeustaquio.com.br\/papa-francisco-abencoa-imagem-do-beato-padre-eustaquio-em-roma\/"]}]},{"@type":"ImageObject","inLanguage":"en-US","@id":"https:\/\/www.padreeustaquio.com.br\/papa-francisco-abencoa-imagem-do-beato-padre-eustaquio-em-roma\/#primaryimage","url":"https:\/\/www.padreeustaquio.com.br\/wp-content\/uploads\/2024\/09\/papa-e-vinicius.jpg","contentUrl":"https:\/\/www.padreeustaquio.com.br\/wp-content\/uploads\/2024\/09\/papa-e-vinicius.jpg","width":748,"height":394},{"@type":"BreadcrumbList","@id":"https:\/\/www.padreeustaquio.com.br\/papa-francisco-abencoa-imagem-do-beato-padre-eustaquio-em-roma\/#breadcrumb","itemListElement":[{"@type":"ListItem","position":1,"name":"In\u00edcio","item":"https:\/\/www.padreeustaquio.com.br\/"},{"@type":"ListItem","position":2,"name":"Papa Francisco aben\u00e7oa imagem do Beato Padre Eust\u00e1quio em Roma"}]},{"@type":"WebSite","@id":"https:\/\/www.padreeustaquio.com.br\/#website","url":"https:\/\/www.padreeustaquio.com.br\/","name":"FATHER EUST\u00c1QUIO","description":"Health and Peace","publisher":{"@id":"https:\/\/www.padreeustaquio.com.br\/#organization"},"potentialAction":[{"@type":"SearchAction","target":{"@type":"EntryPoint","urlTemplate":"https:\/\/www.padreeustaquio.com.br\/?s={search_term_string}"},"query-input":{"@type":"PropertyValueSpecification","valueRequired":true,"valueName":"search_term_string"}}],"inLanguage":"en-US"},{"@type":"Organization","@id":"https:\/\/www.padreeustaquio.com.br\/#organization","name":"FATHER EUST\u00c1QUIO","url":"https:\/\/www.padreeustaquio.com.br\/","logo":{"@type":"ImageObject","inLanguage":"en-US","@id":"https:\/\/www.padreeustaquio.com.br\/#\/schema\/logo\/image\/","url":"https:\/\/www.padreeustaquio.com.br\/wp-content\/uploads\/2019\/08\/marca.png","contentUrl":"https:\/\/www.padreeustaquio.com.br\/wp-content\/uploads\/2019\/08\/marca.png","width":350,"height":400,"caption":"Padre Eust\u00e1quio"},"image":{"@id":"https:\/\/www.padreeustaquio.com.br\/#\/schema\/logo\/image\/"},"sameAs":["https:\/\/www.facebook.com\/beatopadreeustaquio\/","https:\/\/x.com\/beatopeustaquio","https:\/\/www.instagram.com\/beatopadreeustaquio\/","https:\/\/www.youtube.com\/channel\/UCRhw7vfabnajwLxb1ZXMeIw"]},{"@type":"Person","@id":"https:\/\/www.padreeustaquio.com.br\/#\/schema\/person\/a2a51db1d00f1a7af0204a0f1ddb1566","name":"@sscc","image":{"@type":"ImageObject","inLanguage":"en-US","@id":"https:\/\/secure.gravatar.com\/avatar\/68cfafa5f44617fea54071e215026e0ff06be366c3d54a8425f04fdcb86f8c5f?s=96&d=mm&r=g","url":"https:\/\/secure.gravatar.com\/avatar\/68cfafa5f44617fea54071e215026e0ff06be366c3d54a8425f04fdcb86f8c5f?s=96&d=mm&r=g","contentUrl":"https:\/\/secure.gravatar.com\/avatar\/68cfafa5f44617fea54071e215026e0ff06be366c3d54a8425f04fdcb86f8c5f?s=96&d=mm&r=g","caption":"@sscc"},"url":"https:\/\/www.padreeustaquio.com.br\/en\/author\/sscc\/"}]}},"_links":{"self":[{"href":"https:\/\/www.padreeustaquio.com.br\/en\/wp-json\/wp\/v2\/posts\/11624","targetHints":{"allow":["GET"]}}],"collection":[{"href":"https:\/\/www.padreeustaquio.com.br\/en\/wp-json\/wp\/v2\/posts"}],"about":[{"href":"https:\/\/www.padreeustaquio.com.br\/en\/wp-json\/wp\/v2\/types\/post"}],"author":[{"embeddable":true,"href":"https:\/\/www.padreeustaquio.com.br\/en\/wp-json\/wp\/v2\/users\/2"}],"replies":[{"embeddable":true,"href":"https:\/\/www.padreeustaquio.com.br\/en\/wp-json\/wp\/v2\/comments?post=11624"}],"version-history":[{"count":0,"href":"https:\/\/www.padreeustaquio.com.br\/en\/wp-json\/wp\/v2\/posts\/11624\/revisions"}],"wp:featuredmedia":[{"embeddable":true,"href":"https:\/\/www.padreeustaquio.com.br\/en\/wp-json\/wp\/v2\/media\/11625"}],"wp:attachment":[{"href":"https:\/\/www.padreeustaquio.com.br\/en\/wp-json\/wp\/v2\/media?parent=11624"}],"wp:term":[{"taxonomy":"category","embeddable":true,"href":"https:\/\/www.padreeustaquio.com.br\/en\/wp-json\/wp\/v2\/categories?post=11624"},{"taxonomy":"post_tag","embeddable":true,"href":"https:\/\/www.padreeustaquio.com.br\/en\/wp-json\/wp\/v2\/tags?post=11624"}],"curies":[{"name":"wp","href":"https:\/\/api.w.org\/{rel}","templated":true}]}}