{"id":11619,"date":"2024-10-01T06:31:23","date_gmt":"2024-10-01T09:31:23","guid":{"rendered":"https:\/\/www.padreeustaquio.com.br\/?p=11619"},"modified":"2024-09-18T14:41:18","modified_gmt":"2024-09-18T17:41:18","slug":"writings-of-blessed-father-eustace-devotion-to-saint-therese","status":"publish","type":"post","link":"https:\/\/www.padreeustaquio.com.br\/en\/writings-of-blessed-father-eustace-devotion-to-saint-therese\/","title":{"rendered":"Writings of Blessed Father Eustace: Devotion to Saint Th\u00e9r\u00e8se"},"content":{"rendered":"<p>Father Eust\u00e1quio had a special affection for Saint Th\u00e9r\u00e8se of the Child Jesus, canonized in 1925. In one of the writings left by the Blessed, he speaks a little about devotion to Saint Th\u00e9r\u00e8se. Read below:<\/p>\n<p><strong>Devotion to Saint Therese<\/strong><\/p>\n<p><em>Just as a new star is discovered from time to time, so our Mother Church shows us from time to time a new Saint \u2013 a new Holy Woman \u2013 who not only serves as our guide in this vale of tears but also as an intercessor and helper.<\/em><\/p>\n<p><em>This new Saint is Saint Th\u00e9r\u00e8se of the Child Jesus. This Saint we can call so miraculous that in a short time she filled the world with miracles, and these miracles are so convincing that they leave no one in doubt; on the contrary, they are so attractive that they leave no one, except the most determined, unable to seek her powerful protection.<\/p>\n<p>And everyone needs protection, because man in all his weakness is not capable of protecting himself, nor is the protection of his neighbor of any use to him; he must ask for help, for more valuable protection, namely from a Saint, who represents God.<\/p>\n<p>So let us turn to Th\u00e9r\u00e8se, the great miracle worker. Let us turn to Th\u00e9r\u00e8se, the Saint of Roses. Let us turn to Th\u00e9r\u00e8se, who is ready to help us!<\/em><\/p>","protected":false},"excerpt":{"rendered":"<p>Padre Eust\u00e1quio tinha um especial carinho por Santa Teresinha do Menino Jesus, canonizada em 1925. Em um dos escritos deixados pelo Bem-aventurado, ele fala um pouco sobre a devo\u00e7\u00e3o \u00e0 Santa Teresinha. Leia a seguir: A devo\u00e7\u00e3o \u00e0 Santa Teresinha Como se descobre de vez em quando uma nova estrela, assim a nossa madre igreja nos mostra de tempos em tempos um novo Santo &#8211; uma nova Santa &#8211; que n\u00e3o somente nos serve de guia neste vale de l\u00e1grimas como tamb\u00e9m de intercessor e auxiliador. Essa nova Santa \u00e9 Santa Teresinha do Menino Jesus. Essa Santa podemos chamar t\u00e3o [&hellip;]<\/p>\n","protected":false},"author":2,"featured_media":11620,"comment_status":"open","ping_status":"closed","sticky":false,"template":"","format":"standard","meta":{"_acf_changed":false,"footnotes":""},"categories":[611],"tags":[],"class_list":["post-11619","post","type-post","status-publish","format-standard","has-post-thumbnail","hentry","category-noticias"],"acf":[],"yoast_head":"<!-- This site is optimized with the Yoast SEO plugin v27.2 - https:\/\/yoast.com\/product\/yoast-seo-wordpress\/ -->\n<title>Escritos do Beato Padre Eust\u00e1quio: Devo\u00e7\u00e3o \u00e0 Santa Teresinha<\/title>\n<meta name=\"description\" content=\"Padre Eust\u00e1quio tinha um especial carinho por Santa Teresinha do Menino Jesus, canonizada em 1925. Em um dos escritos deixados pelo Bem-aventurado, ele fala um pouco sobre a devo\u00e7\u00e3o \u00e0 Santa Teresinha. Leia a mat\u00e9ria o texto completo.\" \/>\n<meta name=\"robots\" content=\"index, follow, max-snippet:-1, max-image-preview:large, max-video-preview:-1\" \/>\n<link rel=\"canonical\" href=\"https:\/\/www.padreeustaquio.com.br\/en\/writings-of-blessed-father-eustace-devotion-to-saint-therese\/\" \/>\n<meta property=\"og:locale\" content=\"en_US\" \/>\n<meta property=\"og:type\" content=\"article\" \/>\n<meta property=\"og:title\" content=\"Escritos do Beato Padre Eust\u00e1quio: Devo\u00e7\u00e3o \u00e0 Santa Teresinha\" \/>\n<meta property=\"og:description\" content=\"Padre Eust\u00e1quio tinha um especial carinho por Santa Teresinha do Menino Jesus, canonizada em 1925. Em um dos escritos deixados pelo Bem-aventurado, ele fala um pouco sobre a devo\u00e7\u00e3o \u00e0 Santa Teresinha. Leia a mat\u00e9ria o texto completo.\" \/>\n<meta property=\"og:url\" content=\"https:\/\/www.padreeustaquio.com.br\/en\/writings-of-blessed-father-eustace-devotion-to-saint-therese\/\" \/>\n<meta property=\"og:site_name\" content=\"Padre Eust\u00e1quio\" \/>\n<meta property=\"article:publisher\" content=\"https:\/\/www.facebook.com\/beatopadreeustaquio\/\" \/>\n<meta property=\"article:published_time\" content=\"2024-10-01T09:31:23+00:00\" \/>\n<meta property=\"og:image\" content=\"https:\/\/www.padreeustaquio.com.br\/wp-content\/uploads\/2024\/09\/pe-em-poa.jpg\" \/>\n\t<meta property=\"og:image:width\" content=\"748\" \/>\n\t<meta property=\"og:image:height\" content=\"394\" \/>\n\t<meta property=\"og:image:type\" content=\"image\/jpeg\" \/>\n<meta name=\"author\" content=\"@sscc\" \/>\n<meta name=\"twitter:card\" content=\"summary_large_image\" \/>\n<meta name=\"twitter:creator\" content=\"@beatopeustaquio\" \/>\n<meta name=\"twitter:site\" content=\"@beatopeustaquio\" \/>\n<meta name=\"twitter:label1\" content=\"Written by\" \/>\n\t<meta name=\"twitter:data1\" content=\"@sscc\" \/>\n\t<meta name=\"twitter:label2\" content=\"Est. reading time\" \/>\n\t<meta name=\"twitter:data2\" content=\"2 minutes\" \/>\n<script type=\"application\/ld+json\" class=\"yoast-schema-graph\">{\"@context\":\"https:\/\/schema.org\",\"@graph\":[{\"@type\":\"Article\",\"@id\":\"https:\/\/www.padreeustaquio.com.br\/escritos-do-beato-padre-eustaquio-devocao-a-santa-teresinha\/#article\",\"isPartOf\":{\"@id\":\"https:\/\/www.padreeustaquio.com.br\/escritos-do-beato-padre-eustaquio-devocao-a-santa-teresinha\/\"},\"author\":{\"name\":\"@sscc\",\"@id\":\"https:\/\/www.padreeustaquio.com.br\/#\/schema\/person\/a2a51db1d00f1a7af0204a0f1ddb1566\"},\"headline\":\"Escritos do Beato Padre Eust\u00e1quio: Devo\u00e7\u00e3o \u00e0 Santa Teresinha\",\"datePublished\":\"2024-10-01T09:31:23+00:00\",\"mainEntityOfPage\":{\"@id\":\"https:\/\/www.padreeustaquio.com.br\/escritos-do-beato-padre-eustaquio-devocao-a-santa-teresinha\/\"},\"wordCount\":242,\"commentCount\":0,\"publisher\":{\"@id\":\"https:\/\/www.padreeustaquio.com.br\/#organization\"},\"image\":{\"@id\":\"https:\/\/www.padreeustaquio.com.br\/escritos-do-beato-padre-eustaquio-devocao-a-santa-teresinha\/#primaryimage\"},\"thumbnailUrl\":\"https:\/\/www.padreeustaquio.com.br\/wp-content\/uploads\/2024\/09\/pe-em-poa.jpg\",\"articleSection\":[\"Not\u00edcias\"],\"inLanguage\":\"en-US\",\"potentialAction\":[{\"@type\":\"CommentAction\",\"name\":\"Comment\",\"target\":[\"https:\/\/www.padreeustaquio.com.br\/escritos-do-beato-padre-eustaquio-devocao-a-santa-teresinha\/#respond\"]}]},{\"@type\":\"WebPage\",\"@id\":\"https:\/\/www.padreeustaquio.com.br\/escritos-do-beato-padre-eustaquio-devocao-a-santa-teresinha\/\",\"url\":\"https:\/\/www.padreeustaquio.com.br\/escritos-do-beato-padre-eustaquio-devocao-a-santa-teresinha\/\",\"name\":\"Escritos do Beato Padre Eust\u00e1quio: Devo\u00e7\u00e3o \u00e0 Santa Teresinha\",\"isPartOf\":{\"@id\":\"https:\/\/www.padreeustaquio.com.br\/#website\"},\"primaryImageOfPage\":{\"@id\":\"https:\/\/www.padreeustaquio.com.br\/escritos-do-beato-padre-eustaquio-devocao-a-santa-teresinha\/#primaryimage\"},\"image\":{\"@id\":\"https:\/\/www.padreeustaquio.com.br\/escritos-do-beato-padre-eustaquio-devocao-a-santa-teresinha\/#primaryimage\"},\"thumbnailUrl\":\"https:\/\/www.padreeustaquio.com.br\/wp-content\/uploads\/2024\/09\/pe-em-poa.jpg\",\"datePublished\":\"2024-10-01T09:31:23+00:00\",\"description\":\"Padre Eust\u00e1quio tinha um especial carinho por Santa Teresinha do Menino Jesus, canonizada em 1925. Em um dos escritos deixados pelo Bem-aventurado, ele fala um pouco sobre a devo\u00e7\u00e3o \u00e0 Santa Teresinha. Leia a mat\u00e9ria o texto completo.\",\"breadcrumb\":{\"@id\":\"https:\/\/www.padreeustaquio.com.br\/escritos-do-beato-padre-eustaquio-devocao-a-santa-teresinha\/#breadcrumb\"},\"inLanguage\":\"en-US\",\"potentialAction\":[{\"@type\":\"ReadAction\",\"target\":[\"https:\/\/www.padreeustaquio.com.br\/escritos-do-beato-padre-eustaquio-devocao-a-santa-teresinha\/\"]}]},{\"@type\":\"ImageObject\",\"inLanguage\":\"en-US\",\"@id\":\"https:\/\/www.padreeustaquio.com.br\/escritos-do-beato-padre-eustaquio-devocao-a-santa-teresinha\/#primaryimage\",\"url\":\"https:\/\/www.padreeustaquio.com.br\/wp-content\/uploads\/2024\/09\/pe-em-poa.jpg\",\"contentUrl\":\"https:\/\/www.padreeustaquio.com.br\/wp-content\/uploads\/2024\/09\/pe-em-poa.jpg\",\"width\":748,\"height\":394},{\"@type\":\"BreadcrumbList\",\"@id\":\"https:\/\/www.padreeustaquio.com.br\/escritos-do-beato-padre-eustaquio-devocao-a-santa-teresinha\/#breadcrumb\",\"itemListElement\":[{\"@type\":\"ListItem\",\"position\":1,\"name\":\"In\u00edcio\",\"item\":\"https:\/\/www.padreeustaquio.com.br\/\"},{\"@type\":\"ListItem\",\"position\":2,\"name\":\"Escritos do Beato Padre Eust\u00e1quio: Devo\u00e7\u00e3o \u00e0 Santa Teresinha\"}]},{\"@type\":\"WebSite\",\"@id\":\"https:\/\/www.padreeustaquio.com.br\/#website\",\"url\":\"https:\/\/www.padreeustaquio.com.br\/\",\"name\":\"Padre Eust\u00e1quio\",\"description\":\"Sa\u00fade e Paz\",\"publisher\":{\"@id\":\"https:\/\/www.padreeustaquio.com.br\/#organization\"},\"potentialAction\":[{\"@type\":\"SearchAction\",\"target\":{\"@type\":\"EntryPoint\",\"urlTemplate\":\"https:\/\/www.padreeustaquio.com.br\/?s={search_term_string}\"},\"query-input\":{\"@type\":\"PropertyValueSpecification\",\"valueRequired\":true,\"valueName\":\"search_term_string\"}}],\"inLanguage\":\"en-US\"},{\"@type\":\"Organization\",\"@id\":\"https:\/\/www.padreeustaquio.com.br\/#organization\",\"name\":\"Padre Eust\u00e1quio\",\"url\":\"https:\/\/www.padreeustaquio.com.br\/\",\"logo\":{\"@type\":\"ImageObject\",\"inLanguage\":\"en-US\",\"@id\":\"https:\/\/www.padreeustaquio.com.br\/#\/schema\/logo\/image\/\",\"url\":\"https:\/\/www.padreeustaquio.com.br\/wp-content\/uploads\/2019\/08\/marca.png\",\"contentUrl\":\"https:\/\/www.padreeustaquio.com.br\/wp-content\/uploads\/2019\/08\/marca.png\",\"width\":350,\"height\":400,\"caption\":\"Padre Eust\u00e1quio\"},\"image\":{\"@id\":\"https:\/\/www.padreeustaquio.com.br\/#\/schema\/logo\/image\/\"},\"sameAs\":[\"https:\/\/www.facebook.com\/beatopadreeustaquio\/\",\"https:\/\/x.com\/beatopeustaquio\",\"https:\/\/www.instagram.com\/beatopadreeustaquio\/\",\"https:\/\/www.youtube.com\/channel\/UCRhw7vfabnajwLxb1ZXMeIw\"]},{\"@type\":\"Person\",\"@id\":\"https:\/\/www.padreeustaquio.com.br\/#\/schema\/person\/a2a51db1d00f1a7af0204a0f1ddb1566\",\"name\":\"@sscc\",\"image\":{\"@type\":\"ImageObject\",\"inLanguage\":\"en-US\",\"@id\":\"https:\/\/secure.gravatar.com\/avatar\/68cfafa5f44617fea54071e215026e0ff06be366c3d54a8425f04fdcb86f8c5f?s=96&d=mm&r=g\",\"url\":\"https:\/\/secure.gravatar.com\/avatar\/68cfafa5f44617fea54071e215026e0ff06be366c3d54a8425f04fdcb86f8c5f?s=96&d=mm&r=g\",\"contentUrl\":\"https:\/\/secure.gravatar.com\/avatar\/68cfafa5f44617fea54071e215026e0ff06be366c3d54a8425f04fdcb86f8c5f?s=96&d=mm&r=g\",\"caption\":\"@sscc\"},\"url\":\"https:\/\/www.padreeustaquio.com.br\/en\/author\/sscc\/\"}]}<\/script>\n<!-- \/ Yoast SEO plugin. -->","yoast_head_json":{"title":"Writings of Blessed Father Eustace: Devotion to Saint Th\u00e9r\u00e8se","description":"Father Eust\u00e1quio had a special affection for Saint Th\u00e9r\u00e8se of the Child Jesus, canonized in 1925. In one of the writings left by the Blessed, he speaks a little about devotion to Saint Th\u00e9r\u00e8se. Read the full text in the article.","robots":{"index":"index","follow":"follow","max-snippet":"max-snippet:-1","max-image-preview":"max-image-preview:large","max-video-preview":"max-video-preview:-1"},"canonical":"https:\/\/www.padreeustaquio.com.br\/en\/writings-of-blessed-father-eustace-devotion-to-saint-therese\/","og_locale":"en_US","og_type":"article","og_title":"Escritos do Beato Padre Eust\u00e1quio: Devo\u00e7\u00e3o \u00e0 Santa Teresinha","og_description":"Padre Eust\u00e1quio tinha um especial carinho por Santa Teresinha do Menino Jesus, canonizada em 1925. Em um dos escritos deixados pelo Bem-aventurado, ele fala um pouco sobre a devo\u00e7\u00e3o \u00e0 Santa Teresinha. Leia a mat\u00e9ria o texto completo.","og_url":"https:\/\/www.padreeustaquio.com.br\/en\/writings-of-blessed-father-eustace-devotion-to-saint-therese\/","og_site_name":"Padre Eust\u00e1quio","article_publisher":"https:\/\/www.facebook.com\/beatopadreeustaquio\/","article_published_time":"2024-10-01T09:31:23+00:00","og_image":[{"width":748,"height":394,"url":"https:\/\/www.padreeustaquio.com.br\/wp-content\/uploads\/2024\/09\/pe-em-poa.jpg","type":"image\/jpeg"}],"author":"@sscc","twitter_card":"summary_large_image","twitter_creator":"@beatopeustaquio","twitter_site":"@beatopeustaquio","twitter_misc":{"Written by":"@sscc","Est. reading time":"2 minutes"},"schema":{"@context":"https:\/\/schema.org","@graph":[{"@type":"Article","@id":"https:\/\/www.padreeustaquio.com.br\/escritos-do-beato-padre-eustaquio-devocao-a-santa-teresinha\/#article","isPartOf":{"@id":"https:\/\/www.padreeustaquio.com.br\/escritos-do-beato-padre-eustaquio-devocao-a-santa-teresinha\/"},"author":{"name":"@sscc","@id":"https:\/\/www.padreeustaquio.com.br\/#\/schema\/person\/a2a51db1d00f1a7af0204a0f1ddb1566"},"headline":"Escritos do Beato Padre Eust\u00e1quio: Devo\u00e7\u00e3o \u00e0 Santa Teresinha","datePublished":"2024-10-01T09:31:23+00:00","mainEntityOfPage":{"@id":"https:\/\/www.padreeustaquio.com.br\/escritos-do-beato-padre-eustaquio-devocao-a-santa-teresinha\/"},"wordCount":242,"commentCount":0,"publisher":{"@id":"https:\/\/www.padreeustaquio.com.br\/#organization"},"image":{"@id":"https:\/\/www.padreeustaquio.com.br\/escritos-do-beato-padre-eustaquio-devocao-a-santa-teresinha\/#primaryimage"},"thumbnailUrl":"https:\/\/www.padreeustaquio.com.br\/wp-content\/uploads\/2024\/09\/pe-em-poa.jpg","articleSection":["Not\u00edcias"],"inLanguage":"en-US","potentialAction":[{"@type":"CommentAction","name":"Comment","target":["https:\/\/www.padreeustaquio.com.br\/escritos-do-beato-padre-eustaquio-devocao-a-santa-teresinha\/#respond"]}]},{"@type":"WebPage","@id":"https:\/\/www.padreeustaquio.com.br\/escritos-do-beato-padre-eustaquio-devocao-a-santa-teresinha\/","url":"https:\/\/www.padreeustaquio.com.br\/escritos-do-beato-padre-eustaquio-devocao-a-santa-teresinha\/","name":"Writings of Blessed Father Eustace: Devotion to Saint Th\u00e9r\u00e8se","isPartOf":{"@id":"https:\/\/www.padreeustaquio.com.br\/#website"},"primaryImageOfPage":{"@id":"https:\/\/www.padreeustaquio.com.br\/escritos-do-beato-padre-eustaquio-devocao-a-santa-teresinha\/#primaryimage"},"image":{"@id":"https:\/\/www.padreeustaquio.com.br\/escritos-do-beato-padre-eustaquio-devocao-a-santa-teresinha\/#primaryimage"},"thumbnailUrl":"https:\/\/www.padreeustaquio.com.br\/wp-content\/uploads\/2024\/09\/pe-em-poa.jpg","datePublished":"2024-10-01T09:31:23+00:00","description":"Father Eust\u00e1quio had a special affection for Saint Th\u00e9r\u00e8se of the Child Jesus, canonized in 1925. In one of the writings left by the Blessed, he speaks a little about devotion to Saint Th\u00e9r\u00e8se. Read the full text in the article.","breadcrumb":{"@id":"https:\/\/www.padreeustaquio.com.br\/escritos-do-beato-padre-eustaquio-devocao-a-santa-teresinha\/#breadcrumb"},"inLanguage":"en-US","potentialAction":[{"@type":"ReadAction","target":["https:\/\/www.padreeustaquio.com.br\/escritos-do-beato-padre-eustaquio-devocao-a-santa-teresinha\/"]}]},{"@type":"ImageObject","inLanguage":"en-US","@id":"https:\/\/www.padreeustaquio.com.br\/escritos-do-beato-padre-eustaquio-devocao-a-santa-teresinha\/#primaryimage","url":"https:\/\/www.padreeustaquio.com.br\/wp-content\/uploads\/2024\/09\/pe-em-poa.jpg","contentUrl":"https:\/\/www.padreeustaquio.com.br\/wp-content\/uploads\/2024\/09\/pe-em-poa.jpg","width":748,"height":394},{"@type":"BreadcrumbList","@id":"https:\/\/www.padreeustaquio.com.br\/escritos-do-beato-padre-eustaquio-devocao-a-santa-teresinha\/#breadcrumb","itemListElement":[{"@type":"ListItem","position":1,"name":"In\u00edcio","item":"https:\/\/www.padreeustaquio.com.br\/"},{"@type":"ListItem","position":2,"name":"Escritos do Beato Padre Eust\u00e1quio: Devo\u00e7\u00e3o \u00e0 Santa Teresinha"}]},{"@type":"WebSite","@id":"https:\/\/www.padreeustaquio.com.br\/#website","url":"https:\/\/www.padreeustaquio.com.br\/","name":"FATHER EUST\u00c1QUIO","description":"Health and Peace","publisher":{"@id":"https:\/\/www.padreeustaquio.com.br\/#organization"},"potentialAction":[{"@type":"SearchAction","target":{"@type":"EntryPoint","urlTemplate":"https:\/\/www.padreeustaquio.com.br\/?s={search_term_string}"},"query-input":{"@type":"PropertyValueSpecification","valueRequired":true,"valueName":"search_term_string"}}],"inLanguage":"en-US"},{"@type":"Organization","@id":"https:\/\/www.padreeustaquio.com.br\/#organization","name":"FATHER EUST\u00c1QUIO","url":"https:\/\/www.padreeustaquio.com.br\/","logo":{"@type":"ImageObject","inLanguage":"en-US","@id":"https:\/\/www.padreeustaquio.com.br\/#\/schema\/logo\/image\/","url":"https:\/\/www.padreeustaquio.com.br\/wp-content\/uploads\/2019\/08\/marca.png","contentUrl":"https:\/\/www.padreeustaquio.com.br\/wp-content\/uploads\/2019\/08\/marca.png","width":350,"height":400,"caption":"Padre Eust\u00e1quio"},"image":{"@id":"https:\/\/www.padreeustaquio.com.br\/#\/schema\/logo\/image\/"},"sameAs":["https:\/\/www.facebook.com\/beatopadreeustaquio\/","https:\/\/x.com\/beatopeustaquio","https:\/\/www.instagram.com\/beatopadreeustaquio\/","https:\/\/www.youtube.com\/channel\/UCRhw7vfabnajwLxb1ZXMeIw"]},{"@type":"Person","@id":"https:\/\/www.padreeustaquio.com.br\/#\/schema\/person\/a2a51db1d00f1a7af0204a0f1ddb1566","name":"@sscc","image":{"@type":"ImageObject","inLanguage":"en-US","@id":"https:\/\/secure.gravatar.com\/avatar\/68cfafa5f44617fea54071e215026e0ff06be366c3d54a8425f04fdcb86f8c5f?s=96&d=mm&r=g","url":"https:\/\/secure.gravatar.com\/avatar\/68cfafa5f44617fea54071e215026e0ff06be366c3d54a8425f04fdcb86f8c5f?s=96&d=mm&r=g","contentUrl":"https:\/\/secure.gravatar.com\/avatar\/68cfafa5f44617fea54071e215026e0ff06be366c3d54a8425f04fdcb86f8c5f?s=96&d=mm&r=g","caption":"@sscc"},"url":"https:\/\/www.padreeustaquio.com.br\/en\/author\/sscc\/"}]}},"_links":{"self":[{"href":"https:\/\/www.padreeustaquio.com.br\/en\/wp-json\/wp\/v2\/posts\/11619","targetHints":{"allow":["GET"]}}],"collection":[{"href":"https:\/\/www.padreeustaquio.com.br\/en\/wp-json\/wp\/v2\/posts"}],"about":[{"href":"https:\/\/www.padreeustaquio.com.br\/en\/wp-json\/wp\/v2\/types\/post"}],"author":[{"embeddable":true,"href":"https:\/\/www.padreeustaquio.com.br\/en\/wp-json\/wp\/v2\/users\/2"}],"replies":[{"embeddable":true,"href":"https:\/\/www.padreeustaquio.com.br\/en\/wp-json\/wp\/v2\/comments?post=11619"}],"version-history":[{"count":0,"href":"https:\/\/www.padreeustaquio.com.br\/en\/wp-json\/wp\/v2\/posts\/11619\/revisions"}],"wp:featuredmedia":[{"embeddable":true,"href":"https:\/\/www.padreeustaquio.com.br\/en\/wp-json\/wp\/v2\/media\/11620"}],"wp:attachment":[{"href":"https:\/\/www.padreeustaquio.com.br\/en\/wp-json\/wp\/v2\/media?parent=11619"}],"wp:term":[{"taxonomy":"category","embeddable":true,"href":"https:\/\/www.padreeustaquio.com.br\/en\/wp-json\/wp\/v2\/categories?post=11619"},{"taxonomy":"post_tag","embeddable":true,"href":"https:\/\/www.padreeustaquio.com.br\/en\/wp-json\/wp\/v2\/tags?post=11619"}],"curies":[{"name":"wp","href":"https:\/\/api.w.org\/{rel}","templated":true}]}}