{"id":11617,"date":"2024-09-24T05:23:41","date_gmt":"2024-09-24T08:23:41","guid":{"rendered":"https:\/\/www.padreeustaquio.com.br\/?p=11617"},"modified":"2024-09-20T21:37:25","modified_gmt":"2024-09-21T00:37:25","slug":"father-eustace-the-vicar-of-porto-alegre","status":"publish","type":"post","link":"https:\/\/www.padreeustaquio.com.br\/en\/father-eustace-the-vicar-of-porto-alegre\/","title":{"rendered":"Father Eust\u00e1quio: The Vicar of Po\u00e1"},"content":{"rendered":"<p>Father Eust\u00e1quio, the Missionary of Health and Peace, also became very well known, especially in S\u00e3o Paulo, as &quot;The Vicar of Po\u00e1&quot;. But do you know why he has this title?<\/p>\n<p>Father Eust\u00e1quio dedicated a large part of his missionary life in Brazil to the Parish of Our Lady of Lourdes in Po\u00e1, S\u00e3o Paulo, staying in the city from 1935 to 1941. He lovingly cared for the sick and suffering, leaving a legacy of faith and hope in the community.<\/p>\n<p>The kindness and compassion of the Blessed One attracted pilgrims from all over to Po\u00e1, seeking words of comfort and personal blessings.<\/p>\n<p>The city of Po\u00e1 witnessed reports of &quot;miraculous&quot; healings through the intercession of Father Eust\u00e1quio, elevating the reputation of the Vicar of Po\u00e1 to a symbol of faith and love for one&#039;s neighbor.<\/p>\n<p>May the memory of Father Eust\u00e1quio inspire us to follow in his footsteps, serving those in need and spreading the love of Christ in our communities.<\/p>","protected":false},"excerpt":{"rendered":"<p>Padre Eust\u00e1quio, o Mission\u00e1rio da Sa\u00fade e da Paz, tamb\u00e9m ficou muito conhecido, Principalmente em S\u00e3o Paulo, como &#8220;O Vig\u00e1rio de Po\u00e1&#8221;. Mas voc\u00ea sabe o porqu\u00ea deste t\u00edtulo? Padre Eust\u00e1quio dedicou grande parte da sua vida mission\u00e1ria no Brasil, \u00e0 Par\u00f3quia Nossa Senhora de Lourdes, em Po\u00e1\/SP, ficando na cidade de 1935 a 1941. Ele cuidou amorosamente dos doentes e dos que sofriam, deixando um legado de f\u00e9 e esperan\u00e7a na comunidade. A bondade e a compaix\u00e3o do Bem-aventurado atra\u00edram peregrinos de todos os lugares \u00e0 Po\u00e1, em busca de palavras de conforto e b\u00ean\u00e7\u00e3os pessoais. A cidade de [&hellip;]<\/p>\n","protected":false},"author":2,"featured_media":8769,"comment_status":"open","ping_status":"closed","sticky":false,"template":"","format":"standard","meta":{"_acf_changed":false,"footnotes":""},"categories":[611],"tags":[],"class_list":["post-11617","post","type-post","status-publish","format-standard","has-post-thumbnail","hentry","category-noticias"],"acf":[],"yoast_head":"<!-- This site is optimized with the Yoast SEO plugin v27.2 - https:\/\/yoast.com\/product\/yoast-seo-wordpress\/ -->\n<title>Padre Eust\u00e1quio: O Vig\u00e1rio de Po\u00e1<\/title>\n<meta name=\"description\" content=\"Padre Eust\u00e1quio, o Mission\u00e1rio da Sa\u00fade e da Paz, tamb\u00e9m ficou muito conhecido, Principalmente em S\u00e3o Paulo, como &quot;O Vig\u00e1rio de Po\u00e1&quot;. Mas voc\u00ea sabe o porqu\u00ea deste t\u00edtulo?\" \/>\n<meta name=\"robots\" content=\"index, follow, max-snippet:-1, max-image-preview:large, max-video-preview:-1\" \/>\n<link rel=\"canonical\" href=\"https:\/\/www.padreeustaquio.com.br\/en\/father-eustace-the-vicar-of-porto-alegre\/\" \/>\n<meta property=\"og:locale\" content=\"en_US\" \/>\n<meta property=\"og:type\" content=\"article\" \/>\n<meta property=\"og:title\" content=\"Padre Eust\u00e1quio: O Vig\u00e1rio de Po\u00e1\" \/>\n<meta property=\"og:description\" content=\"Padre Eust\u00e1quio, o Mission\u00e1rio da Sa\u00fade e da Paz, tamb\u00e9m ficou muito conhecido, Principalmente em S\u00e3o Paulo, como &quot;O Vig\u00e1rio de Po\u00e1&quot;. Mas voc\u00ea sabe o porqu\u00ea deste t\u00edtulo?\" \/>\n<meta property=\"og:url\" content=\"https:\/\/www.padreeustaquio.com.br\/en\/father-eustace-the-vicar-of-porto-alegre\/\" \/>\n<meta property=\"og:site_name\" content=\"Padre Eust\u00e1quio\" \/>\n<meta property=\"article:publisher\" content=\"https:\/\/www.facebook.com\/beatopadreeustaquio\/\" \/>\n<meta property=\"article:published_time\" content=\"2024-09-24T08:23:41+00:00\" \/>\n<meta property=\"og:image\" content=\"https:\/\/www.padreeustaquio.com.br\/wp-content\/uploads\/2022\/06\/WhatsApp-Image-2022-05-24-at-19.12.57.jpeg\" \/>\n\t<meta property=\"og:image:width\" content=\"942\" \/>\n\t<meta property=\"og:image:height\" content=\"804\" \/>\n\t<meta property=\"og:image:type\" content=\"image\/jpeg\" \/>\n<meta name=\"author\" content=\"@sscc\" \/>\n<meta name=\"twitter:card\" content=\"summary_large_image\" \/>\n<meta name=\"twitter:creator\" content=\"@beatopeustaquio\" \/>\n<meta name=\"twitter:site\" content=\"@beatopeustaquio\" \/>\n<meta name=\"twitter:label1\" content=\"Written by\" \/>\n\t<meta name=\"twitter:data1\" content=\"@sscc\" \/>\n\t<meta name=\"twitter:label2\" content=\"Est. reading time\" \/>\n\t<meta name=\"twitter:data2\" content=\"2 minutes\" \/>\n<script type=\"application\/ld+json\" class=\"yoast-schema-graph\">{\"@context\":\"https:\/\/schema.org\",\"@graph\":[{\"@type\":\"Article\",\"@id\":\"https:\/\/www.padreeustaquio.com.br\/padre-eustaquio-o-vigario-de-poa\/#article\",\"isPartOf\":{\"@id\":\"https:\/\/www.padreeustaquio.com.br\/padre-eustaquio-o-vigario-de-poa\/\"},\"author\":{\"name\":\"@sscc\",\"@id\":\"https:\/\/www.padreeustaquio.com.br\/#\/schema\/person\/a2a51db1d00f1a7af0204a0f1ddb1566\"},\"headline\":\"Padre Eust\u00e1quio: O Vig\u00e1rio de Po\u00e1\",\"datePublished\":\"2024-09-24T08:23:41+00:00\",\"mainEntityOfPage\":{\"@id\":\"https:\/\/www.padreeustaquio.com.br\/padre-eustaquio-o-vigario-de-poa\/\"},\"wordCount\":179,\"commentCount\":0,\"publisher\":{\"@id\":\"https:\/\/www.padreeustaquio.com.br\/#organization\"},\"image\":{\"@id\":\"https:\/\/www.padreeustaquio.com.br\/padre-eustaquio-o-vigario-de-poa\/#primaryimage\"},\"thumbnailUrl\":\"https:\/\/www.padreeustaquio.com.br\/wp-content\/uploads\/2022\/06\/WhatsApp-Image-2022-05-24-at-19.12.57.jpeg\",\"articleSection\":[\"Not\u00edcias\"],\"inLanguage\":\"en-US\",\"potentialAction\":[{\"@type\":\"CommentAction\",\"name\":\"Comment\",\"target\":[\"https:\/\/www.padreeustaquio.com.br\/padre-eustaquio-o-vigario-de-poa\/#respond\"]}]},{\"@type\":\"WebPage\",\"@id\":\"https:\/\/www.padreeustaquio.com.br\/padre-eustaquio-o-vigario-de-poa\/\",\"url\":\"https:\/\/www.padreeustaquio.com.br\/padre-eustaquio-o-vigario-de-poa\/\",\"name\":\"Padre Eust\u00e1quio: O Vig\u00e1rio de Po\u00e1\",\"isPartOf\":{\"@id\":\"https:\/\/www.padreeustaquio.com.br\/#website\"},\"primaryImageOfPage\":{\"@id\":\"https:\/\/www.padreeustaquio.com.br\/padre-eustaquio-o-vigario-de-poa\/#primaryimage\"},\"image\":{\"@id\":\"https:\/\/www.padreeustaquio.com.br\/padre-eustaquio-o-vigario-de-poa\/#primaryimage\"},\"thumbnailUrl\":\"https:\/\/www.padreeustaquio.com.br\/wp-content\/uploads\/2022\/06\/WhatsApp-Image-2022-05-24-at-19.12.57.jpeg\",\"datePublished\":\"2024-09-24T08:23:41+00:00\",\"description\":\"Padre Eust\u00e1quio, o Mission\u00e1rio da Sa\u00fade e da Paz, tamb\u00e9m ficou muito conhecido, Principalmente em S\u00e3o Paulo, como \\\"O Vig\u00e1rio de Po\u00e1\\\". Mas voc\u00ea sabe o porqu\u00ea deste t\u00edtulo?\",\"breadcrumb\":{\"@id\":\"https:\/\/www.padreeustaquio.com.br\/padre-eustaquio-o-vigario-de-poa\/#breadcrumb\"},\"inLanguage\":\"en-US\",\"potentialAction\":[{\"@type\":\"ReadAction\",\"target\":[\"https:\/\/www.padreeustaquio.com.br\/padre-eustaquio-o-vigario-de-poa\/\"]}]},{\"@type\":\"ImageObject\",\"inLanguage\":\"en-US\",\"@id\":\"https:\/\/www.padreeustaquio.com.br\/padre-eustaquio-o-vigario-de-poa\/#primaryimage\",\"url\":\"https:\/\/www.padreeustaquio.com.br\/wp-content\/uploads\/2022\/06\/WhatsApp-Image-2022-05-24-at-19.12.57.jpeg\",\"contentUrl\":\"https:\/\/www.padreeustaquio.com.br\/wp-content\/uploads\/2022\/06\/WhatsApp-Image-2022-05-24-at-19.12.57.jpeg\",\"width\":942,\"height\":804},{\"@type\":\"BreadcrumbList\",\"@id\":\"https:\/\/www.padreeustaquio.com.br\/padre-eustaquio-o-vigario-de-poa\/#breadcrumb\",\"itemListElement\":[{\"@type\":\"ListItem\",\"position\":1,\"name\":\"In\u00edcio\",\"item\":\"https:\/\/www.padreeustaquio.com.br\/\"},{\"@type\":\"ListItem\",\"position\":2,\"name\":\"Padre Eust\u00e1quio: O Vig\u00e1rio de Po\u00e1\"}]},{\"@type\":\"WebSite\",\"@id\":\"https:\/\/www.padreeustaquio.com.br\/#website\",\"url\":\"https:\/\/www.padreeustaquio.com.br\/\",\"name\":\"Padre Eust\u00e1quio\",\"description\":\"Sa\u00fade e Paz\",\"publisher\":{\"@id\":\"https:\/\/www.padreeustaquio.com.br\/#organization\"},\"potentialAction\":[{\"@type\":\"SearchAction\",\"target\":{\"@type\":\"EntryPoint\",\"urlTemplate\":\"https:\/\/www.padreeustaquio.com.br\/?s={search_term_string}\"},\"query-input\":{\"@type\":\"PropertyValueSpecification\",\"valueRequired\":true,\"valueName\":\"search_term_string\"}}],\"inLanguage\":\"en-US\"},{\"@type\":\"Organization\",\"@id\":\"https:\/\/www.padreeustaquio.com.br\/#organization\",\"name\":\"Padre Eust\u00e1quio\",\"url\":\"https:\/\/www.padreeustaquio.com.br\/\",\"logo\":{\"@type\":\"ImageObject\",\"inLanguage\":\"en-US\",\"@id\":\"https:\/\/www.padreeustaquio.com.br\/#\/schema\/logo\/image\/\",\"url\":\"https:\/\/www.padreeustaquio.com.br\/wp-content\/uploads\/2019\/08\/marca.png\",\"contentUrl\":\"https:\/\/www.padreeustaquio.com.br\/wp-content\/uploads\/2019\/08\/marca.png\",\"width\":350,\"height\":400,\"caption\":\"Padre Eust\u00e1quio\"},\"image\":{\"@id\":\"https:\/\/www.padreeustaquio.com.br\/#\/schema\/logo\/image\/\"},\"sameAs\":[\"https:\/\/www.facebook.com\/beatopadreeustaquio\/\",\"https:\/\/x.com\/beatopeustaquio\",\"https:\/\/www.instagram.com\/beatopadreeustaquio\/\",\"https:\/\/www.youtube.com\/channel\/UCRhw7vfabnajwLxb1ZXMeIw\"]},{\"@type\":\"Person\",\"@id\":\"https:\/\/www.padreeustaquio.com.br\/#\/schema\/person\/a2a51db1d00f1a7af0204a0f1ddb1566\",\"name\":\"@sscc\",\"image\":{\"@type\":\"ImageObject\",\"inLanguage\":\"en-US\",\"@id\":\"https:\/\/secure.gravatar.com\/avatar\/68cfafa5f44617fea54071e215026e0ff06be366c3d54a8425f04fdcb86f8c5f?s=96&d=mm&r=g\",\"url\":\"https:\/\/secure.gravatar.com\/avatar\/68cfafa5f44617fea54071e215026e0ff06be366c3d54a8425f04fdcb86f8c5f?s=96&d=mm&r=g\",\"contentUrl\":\"https:\/\/secure.gravatar.com\/avatar\/68cfafa5f44617fea54071e215026e0ff06be366c3d54a8425f04fdcb86f8c5f?s=96&d=mm&r=g\",\"caption\":\"@sscc\"},\"url\":\"https:\/\/www.padreeustaquio.com.br\/en\/author\/sscc\/\"}]}<\/script>\n<!-- \/ Yoast SEO plugin. -->","yoast_head_json":{"title":"Father Eust\u00e1quio: The Vicar of Po\u00e1","description":"Father Eust\u00e1quio, the Missionary of Health and Peace, also became very well known, especially in S\u00e3o Paulo, as &quot;The Vicar of Po\u00e1&quot;. But do you know why he has this title?","robots":{"index":"index","follow":"follow","max-snippet":"max-snippet:-1","max-image-preview":"max-image-preview:large","max-video-preview":"max-video-preview:-1"},"canonical":"https:\/\/www.padreeustaquio.com.br\/en\/father-eustace-the-vicar-of-porto-alegre\/","og_locale":"en_US","og_type":"article","og_title":"Padre Eust\u00e1quio: O Vig\u00e1rio de Po\u00e1","og_description":"Padre Eust\u00e1quio, o Mission\u00e1rio da Sa\u00fade e da Paz, tamb\u00e9m ficou muito conhecido, Principalmente em S\u00e3o Paulo, como \"O Vig\u00e1rio de Po\u00e1\". Mas voc\u00ea sabe o porqu\u00ea deste t\u00edtulo?","og_url":"https:\/\/www.padreeustaquio.com.br\/en\/father-eustace-the-vicar-of-porto-alegre\/","og_site_name":"Padre Eust\u00e1quio","article_publisher":"https:\/\/www.facebook.com\/beatopadreeustaquio\/","article_published_time":"2024-09-24T08:23:41+00:00","og_image":[{"width":942,"height":804,"url":"https:\/\/www.padreeustaquio.com.br\/wp-content\/uploads\/2022\/06\/WhatsApp-Image-2022-05-24-at-19.12.57.jpeg","type":"image\/jpeg"}],"author":"@sscc","twitter_card":"summary_large_image","twitter_creator":"@beatopeustaquio","twitter_site":"@beatopeustaquio","twitter_misc":{"Written by":"@sscc","Est. reading time":"2 minutes"},"schema":{"@context":"https:\/\/schema.org","@graph":[{"@type":"Article","@id":"https:\/\/www.padreeustaquio.com.br\/padre-eustaquio-o-vigario-de-poa\/#article","isPartOf":{"@id":"https:\/\/www.padreeustaquio.com.br\/padre-eustaquio-o-vigario-de-poa\/"},"author":{"name":"@sscc","@id":"https:\/\/www.padreeustaquio.com.br\/#\/schema\/person\/a2a51db1d00f1a7af0204a0f1ddb1566"},"headline":"Padre Eust\u00e1quio: O Vig\u00e1rio de Po\u00e1","datePublished":"2024-09-24T08:23:41+00:00","mainEntityOfPage":{"@id":"https:\/\/www.padreeustaquio.com.br\/padre-eustaquio-o-vigario-de-poa\/"},"wordCount":179,"commentCount":0,"publisher":{"@id":"https:\/\/www.padreeustaquio.com.br\/#organization"},"image":{"@id":"https:\/\/www.padreeustaquio.com.br\/padre-eustaquio-o-vigario-de-poa\/#primaryimage"},"thumbnailUrl":"https:\/\/www.padreeustaquio.com.br\/wp-content\/uploads\/2022\/06\/WhatsApp-Image-2022-05-24-at-19.12.57.jpeg","articleSection":["Not\u00edcias"],"inLanguage":"en-US","potentialAction":[{"@type":"CommentAction","name":"Comment","target":["https:\/\/www.padreeustaquio.com.br\/padre-eustaquio-o-vigario-de-poa\/#respond"]}]},{"@type":"WebPage","@id":"https:\/\/www.padreeustaquio.com.br\/padre-eustaquio-o-vigario-de-poa\/","url":"https:\/\/www.padreeustaquio.com.br\/padre-eustaquio-o-vigario-de-poa\/","name":"Father Eust\u00e1quio: The Vicar of Po\u00e1","isPartOf":{"@id":"https:\/\/www.padreeustaquio.com.br\/#website"},"primaryImageOfPage":{"@id":"https:\/\/www.padreeustaquio.com.br\/padre-eustaquio-o-vigario-de-poa\/#primaryimage"},"image":{"@id":"https:\/\/www.padreeustaquio.com.br\/padre-eustaquio-o-vigario-de-poa\/#primaryimage"},"thumbnailUrl":"https:\/\/www.padreeustaquio.com.br\/wp-content\/uploads\/2022\/06\/WhatsApp-Image-2022-05-24-at-19.12.57.jpeg","datePublished":"2024-09-24T08:23:41+00:00","description":"Father Eust\u00e1quio, the Missionary of Health and Peace, also became very well known, especially in S\u00e3o Paulo, as &quot;The Vicar of Po\u00e1&quot;. But do you know why he has this title?","breadcrumb":{"@id":"https:\/\/www.padreeustaquio.com.br\/padre-eustaquio-o-vigario-de-poa\/#breadcrumb"},"inLanguage":"en-US","potentialAction":[{"@type":"ReadAction","target":["https:\/\/www.padreeustaquio.com.br\/padre-eustaquio-o-vigario-de-poa\/"]}]},{"@type":"ImageObject","inLanguage":"en-US","@id":"https:\/\/www.padreeustaquio.com.br\/padre-eustaquio-o-vigario-de-poa\/#primaryimage","url":"https:\/\/www.padreeustaquio.com.br\/wp-content\/uploads\/2022\/06\/WhatsApp-Image-2022-05-24-at-19.12.57.jpeg","contentUrl":"https:\/\/www.padreeustaquio.com.br\/wp-content\/uploads\/2022\/06\/WhatsApp-Image-2022-05-24-at-19.12.57.jpeg","width":942,"height":804},{"@type":"BreadcrumbList","@id":"https:\/\/www.padreeustaquio.com.br\/padre-eustaquio-o-vigario-de-poa\/#breadcrumb","itemListElement":[{"@type":"ListItem","position":1,"name":"In\u00edcio","item":"https:\/\/www.padreeustaquio.com.br\/"},{"@type":"ListItem","position":2,"name":"Padre Eust\u00e1quio: O Vig\u00e1rio de Po\u00e1"}]},{"@type":"WebSite","@id":"https:\/\/www.padreeustaquio.com.br\/#website","url":"https:\/\/www.padreeustaquio.com.br\/","name":"FATHER EUST\u00c1QUIO","description":"Health and Peace","publisher":{"@id":"https:\/\/www.padreeustaquio.com.br\/#organization"},"potentialAction":[{"@type":"SearchAction","target":{"@type":"EntryPoint","urlTemplate":"https:\/\/www.padreeustaquio.com.br\/?s={search_term_string}"},"query-input":{"@type":"PropertyValueSpecification","valueRequired":true,"valueName":"search_term_string"}}],"inLanguage":"en-US"},{"@type":"Organization","@id":"https:\/\/www.padreeustaquio.com.br\/#organization","name":"FATHER EUST\u00c1QUIO","url":"https:\/\/www.padreeustaquio.com.br\/","logo":{"@type":"ImageObject","inLanguage":"en-US","@id":"https:\/\/www.padreeustaquio.com.br\/#\/schema\/logo\/image\/","url":"https:\/\/www.padreeustaquio.com.br\/wp-content\/uploads\/2019\/08\/marca.png","contentUrl":"https:\/\/www.padreeustaquio.com.br\/wp-content\/uploads\/2019\/08\/marca.png","width":350,"height":400,"caption":"Padre Eust\u00e1quio"},"image":{"@id":"https:\/\/www.padreeustaquio.com.br\/#\/schema\/logo\/image\/"},"sameAs":["https:\/\/www.facebook.com\/beatopadreeustaquio\/","https:\/\/x.com\/beatopeustaquio","https:\/\/www.instagram.com\/beatopadreeustaquio\/","https:\/\/www.youtube.com\/channel\/UCRhw7vfabnajwLxb1ZXMeIw"]},{"@type":"Person","@id":"https:\/\/www.padreeustaquio.com.br\/#\/schema\/person\/a2a51db1d00f1a7af0204a0f1ddb1566","name":"@sscc","image":{"@type":"ImageObject","inLanguage":"en-US","@id":"https:\/\/secure.gravatar.com\/avatar\/68cfafa5f44617fea54071e215026e0ff06be366c3d54a8425f04fdcb86f8c5f?s=96&d=mm&r=g","url":"https:\/\/secure.gravatar.com\/avatar\/68cfafa5f44617fea54071e215026e0ff06be366c3d54a8425f04fdcb86f8c5f?s=96&d=mm&r=g","contentUrl":"https:\/\/secure.gravatar.com\/avatar\/68cfafa5f44617fea54071e215026e0ff06be366c3d54a8425f04fdcb86f8c5f?s=96&d=mm&r=g","caption":"@sscc"},"url":"https:\/\/www.padreeustaquio.com.br\/en\/author\/sscc\/"}]}},"_links":{"self":[{"href":"https:\/\/www.padreeustaquio.com.br\/en\/wp-json\/wp\/v2\/posts\/11617","targetHints":{"allow":["GET"]}}],"collection":[{"href":"https:\/\/www.padreeustaquio.com.br\/en\/wp-json\/wp\/v2\/posts"}],"about":[{"href":"https:\/\/www.padreeustaquio.com.br\/en\/wp-json\/wp\/v2\/types\/post"}],"author":[{"embeddable":true,"href":"https:\/\/www.padreeustaquio.com.br\/en\/wp-json\/wp\/v2\/users\/2"}],"replies":[{"embeddable":true,"href":"https:\/\/www.padreeustaquio.com.br\/en\/wp-json\/wp\/v2\/comments?post=11617"}],"version-history":[{"count":0,"href":"https:\/\/www.padreeustaquio.com.br\/en\/wp-json\/wp\/v2\/posts\/11617\/revisions"}],"wp:featuredmedia":[{"embeddable":true,"href":"https:\/\/www.padreeustaquio.com.br\/en\/wp-json\/wp\/v2\/media\/8769"}],"wp:attachment":[{"href":"https:\/\/www.padreeustaquio.com.br\/en\/wp-json\/wp\/v2\/media?parent=11617"}],"wp:term":[{"taxonomy":"category","embeddable":true,"href":"https:\/\/www.padreeustaquio.com.br\/en\/wp-json\/wp\/v2\/categories?post=11617"},{"taxonomy":"post_tag","embeddable":true,"href":"https:\/\/www.padreeustaquio.com.br\/en\/wp-json\/wp\/v2\/tags?post=11617"}],"curies":[{"name":"wp","href":"https:\/\/api.w.org\/{rel}","templated":true}]}}