{"id":11608,"date":"2024-09-18T12:25:00","date_gmt":"2024-09-18T15:25:00","guid":{"rendered":"https:\/\/www.padreeustaquio.com.br\/?p=11608"},"modified":"2024-09-18T12:25:00","modified_gmt":"2024-09-18T15:25:00","slug":"the-general-government-of-the-sacred-hearts-was-re-elected-in-a-chapter-held-in-rome-italy","status":"publish","type":"post","link":"https:\/\/www.padreeustaquio.com.br\/en\/the-general-government-of-the-sacred-hearts-was-re-elected-in-a-chapter-held-in-rome-italy\/","title":{"rendered":"The General Government of the Sacred Hearts is re-elected at a Chapter held in Rome, Italy."},"content":{"rendered":"<p>The current Superior General, Alberto Toutin, SS.CC, was re-elected on Monday, September 16th, for another term as head of the Congregation of the Sacred Hearts. The re-election took place during the 40th General Chapter, which is being held until the end of this week in Rome, Italy.<\/p>\n<div id=\"attachment_11610\" style=\"width: 330px\" class=\"wp-caption alignleft\"><img fetchpriority=\"high\" decoding=\"async\" aria-describedby=\"caption-attachment-11610\" class=\"wp-image-11610\" src=\"https:\/\/www.padreeustaquio.com.br\/wp-content\/uploads\/2024\/09\/Toutin-e-Patricia-300x169.jpeg\" alt=\"The Superiors General: Fr. Alberto Toutin, SSCC (brothers) and Patricial Villarroel, SSCC (sisters)\" width=\"320\" height=\"180\" srcset=\"https:\/\/www.padreeustaquio.com.br\/wp-content\/uploads\/2024\/09\/Toutin-e-Patricia-300x169.jpeg 300w, https:\/\/www.padreeustaquio.com.br\/wp-content\/uploads\/2024\/09\/Toutin-e-Patricia-1024x576.jpeg 1024w, https:\/\/www.padreeustaquio.com.br\/wp-content\/uploads\/2024\/09\/Toutin-e-Patricia-768x432.jpeg 768w, https:\/\/www.padreeustaquio.com.br\/wp-content\/uploads\/2024\/09\/Toutin-e-Patricia-1536x864.jpeg 1536w, https:\/\/www.padreeustaquio.com.br\/wp-content\/uploads\/2024\/09\/Toutin-e-Patricia-400x225.jpeg 400w, https:\/\/www.padreeustaquio.com.br\/wp-content\/uploads\/2024\/09\/Toutin-e-Patricia-600x338.jpeg 600w, https:\/\/www.padreeustaquio.com.br\/wp-content\/uploads\/2024\/09\/Toutin-e-Patricia-800x450.jpeg 800w, https:\/\/www.padreeustaquio.com.br\/wp-content\/uploads\/2024\/09\/Toutin-e-Patricia-1200x675.jpeg 1200w, https:\/\/www.padreeustaquio.com.br\/wp-content\/uploads\/2024\/09\/Toutin-e-Patricia-1600x900.jpeg 1600w, https:\/\/www.padreeustaquio.com.br\/wp-content\/uploads\/2024\/09\/Toutin-e-Patricia.jpeg 1920w\" sizes=\"(max-width: 320px) 100vw, 320px\" \/><p id=\"caption-attachment-11610\" class=\"wp-caption-text\">The Superiors General: Fr. Alberto Toutin, SSCC (brothers) and Patricial Villarroel, SSCC (sisters)<\/p><\/div>\n<p>In addition to Fr. Alberto Toutin, SS.CC, the following members of the General Council were elected on the 17th: Fernando Cordero, Jean Blaise Mwanda, Stephen Banjare and Enrique Ram\u00edrez.<\/p>\n<p>The General Chapter, which brings together about 80 representatives of the Sacred Hearts worldwide, also included the election of the Sisters: Patricia Villarroel, Noem\u00ed Garc\u00eda, Susana Villarreal, and Pushpa Rani.<\/p>\n<p>Let us give thanks to God for the availability and service of each of these brothers and sisters who, as missionaries, bring us the Kingdom of God every day and in every place.<\/p>\n<p><strong>The General Chapter<\/strong><\/p>\n<p>The 40th General Chapter of the Religious of the Sacred Hearts is taking place in Rome, from September 1st to next Sunday, the 22nd. The meeting develops the main theme of the Sacred Hearts: identity and mission, which permeates and guides the structures, leadership, economy and solidarity, as well as the formation and the spiritual and historical heritage of the Congregation. Representing Brazil are the provincial superior, Fr. Osv\u00e2nio Humberto Mariano, SS.CC., and the vice-postulator of the Cause of Father Eust\u00e1quio, Fr. Vin\u00edcius Maciel, SS.CC.<\/p>\n<p>A fundamental aspect of the Congregation of the Sacred Hearts is that it is a single family of brothers and sisters, to which lay spirituality and mission are associated. In this context, and at the same time as the religious, the nuns of the SS.CC. also celebrated in Rome the 37th General Chapter of the Sisters, under the motto &quot;Walking together in fidelity and hope&quot;. During its development...<\/p>\n<p>&nbsp;<\/p>","protected":false},"excerpt":{"rendered":"<p>O atual Superior Geral, Alberto Toutin, SS.CC, foi reeleito, nessa segunda-feira, dia 16 de setembro, para mais um mandato \u00e0 frente da Congrega\u00e7\u00e3o dos Sagrados Cora\u00e7\u00f5es. A reelei\u00e7\u00e3o foi realizada durante o 40\u00ba Cap\u00edtulo Geral que acontece at\u00e9 o fim desta semana em Roma, na It\u00e1lia. Al\u00e9m de Pe. Alberto Toutin, SS.CC, no dia 17 foram eleitos os membros do Conselho Geral: Fernando Cordero, Jean Blaise Mwanda, Stephen Banjare e Enrique Ram\u00edrez. O Cap\u00edtulo Geral, que re\u00fane cerca de 80 representantes dos Sagrados Cora\u00e7\u00f5es no mundo todo, tamb\u00e9m teve a elei\u00e7\u00e3o das Irm\u00e3s:\u00a0Patricia Villarroel, Noem\u00ed Garc\u00eda, Susana Villarreal\u00a0e Pushpa Rani. [&hellip;]<\/p>\n","protected":false},"author":2,"featured_media":11609,"comment_status":"open","ping_status":"closed","sticky":false,"template":"","format":"standard","meta":{"_acf_changed":false,"footnotes":""},"categories":[611],"tags":[],"class_list":["post-11608","post","type-post","status-publish","format-standard","has-post-thumbnail","hentry","category-noticias"],"acf":[],"yoast_head":"<!-- This site is optimized with the Yoast SEO plugin v27.2 - https:\/\/yoast.com\/product\/yoast-seo-wordpress\/ -->\n<title>Governo Geral dos Sagrados Cora\u00e7\u00f5es \u00e9 reeleito em Cap\u00edtulo realizado em Roma, It\u00e1lia<\/title>\n<meta name=\"description\" content=\"O atual Superior Geral, Alberto Toutin, SS.CC, foi reeleito, nessa segunda-feira, dia 16 de setembro, para mais um mandato \u00e0 frente da Congrega\u00e7\u00e3o dos Sagrados Cora\u00e7\u00f5es. A reelei\u00e7\u00e3o foi realizada durante o 40\u00ba Cap\u00edtulo Geral que acontece at\u00e9 o fim desta semana em Roma, na It\u00e1lia.\" \/>\n<meta name=\"robots\" content=\"index, follow, max-snippet:-1, max-image-preview:large, max-video-preview:-1\" \/>\n<link rel=\"canonical\" href=\"https:\/\/www.padreeustaquio.com.br\/en\/the-general-government-of-the-sacred-hearts-was-re-elected-in-a-chapter-held-in-rome-italy\/\" \/>\n<meta property=\"og:locale\" content=\"en_US\" \/>\n<meta property=\"og:type\" content=\"article\" \/>\n<meta property=\"og:title\" content=\"Governo Geral dos Sagrados Cora\u00e7\u00f5es \u00e9 reeleito em Cap\u00edtulo realizado em Roma, It\u00e1lia\" \/>\n<meta property=\"og:description\" content=\"O atual Superior Geral, Alberto Toutin, SS.CC, foi reeleito, nessa segunda-feira, dia 16 de setembro, para mais um mandato \u00e0 frente da Congrega\u00e7\u00e3o dos Sagrados Cora\u00e7\u00f5es. A reelei\u00e7\u00e3o foi realizada durante o 40\u00ba Cap\u00edtulo Geral que acontece at\u00e9 o fim desta semana em Roma, na It\u00e1lia.\" \/>\n<meta property=\"og:url\" content=\"https:\/\/www.padreeustaquio.com.br\/en\/the-general-government-of-the-sacred-hearts-was-re-elected-in-a-chapter-held-in-rome-italy\/\" \/>\n<meta property=\"og:site_name\" content=\"Padre Eust\u00e1quio\" \/>\n<meta property=\"article:publisher\" content=\"https:\/\/www.facebook.com\/beatopadreeustaquio\/\" \/>\n<meta property=\"article:published_time\" content=\"2024-09-18T15:25:00+00:00\" \/>\n<meta property=\"og:image\" content=\"https:\/\/www.padreeustaquio.com.br\/wp-content\/uploads\/2024\/09\/reeleicao-dos-governos-gerais-irmaos-e-irmas-SSCC.jpeg\" \/>\n\t<meta property=\"og:image:width\" content=\"2048\" \/>\n\t<meta property=\"og:image:height\" content=\"1536\" \/>\n\t<meta property=\"og:image:type\" content=\"image\/jpeg\" \/>\n<meta name=\"author\" content=\"@sscc\" \/>\n<meta name=\"twitter:card\" content=\"summary_large_image\" \/>\n<meta name=\"twitter:creator\" content=\"@beatopeustaquio\" \/>\n<meta name=\"twitter:site\" content=\"@beatopeustaquio\" \/>\n<meta name=\"twitter:label1\" content=\"Written by\" \/>\n\t<meta name=\"twitter:data1\" content=\"@sscc\" \/>\n\t<meta name=\"twitter:label2\" content=\"Est. reading time\" \/>\n\t<meta name=\"twitter:data2\" content=\"3 minutes\" \/>\n<script type=\"application\/ld+json\" class=\"yoast-schema-graph\">{\"@context\":\"https:\/\/schema.org\",\"@graph\":[{\"@type\":\"Article\",\"@id\":\"https:\/\/www.padreeustaquio.com.br\/governo-geral-dos-sagrados-coracoes-e-reeleito-em-capitulo-realizado-em-roma-italia\/#article\",\"isPartOf\":{\"@id\":\"https:\/\/www.padreeustaquio.com.br\/governo-geral-dos-sagrados-coracoes-e-reeleito-em-capitulo-realizado-em-roma-italia\/\"},\"author\":{\"name\":\"@sscc\",\"@id\":\"https:\/\/www.padreeustaquio.com.br\/#\/schema\/person\/a2a51db1d00f1a7af0204a0f1ddb1566\"},\"headline\":\"Governo Geral dos Sagrados Cora\u00e7\u00f5es \u00e9 reeleito em Cap\u00edtulo realizado em Roma, It\u00e1lia\",\"datePublished\":\"2024-09-18T15:25:00+00:00\",\"mainEntityOfPage\":{\"@id\":\"https:\/\/www.padreeustaquio.com.br\/governo-geral-dos-sagrados-coracoes-e-reeleito-em-capitulo-realizado-em-roma-italia\/\"},\"wordCount\":364,\"commentCount\":0,\"publisher\":{\"@id\":\"https:\/\/www.padreeustaquio.com.br\/#organization\"},\"image\":{\"@id\":\"https:\/\/www.padreeustaquio.com.br\/governo-geral-dos-sagrados-coracoes-e-reeleito-em-capitulo-realizado-em-roma-italia\/#primaryimage\"},\"thumbnailUrl\":\"https:\/\/www.padreeustaquio.com.br\/wp-content\/uploads\/2024\/09\/reeleicao-dos-governos-gerais-irmaos-e-irmas-SSCC.jpeg\",\"articleSection\":[\"Not\u00edcias\"],\"inLanguage\":\"en-US\",\"potentialAction\":[{\"@type\":\"CommentAction\",\"name\":\"Comment\",\"target\":[\"https:\/\/www.padreeustaquio.com.br\/governo-geral-dos-sagrados-coracoes-e-reeleito-em-capitulo-realizado-em-roma-italia\/#respond\"]}]},{\"@type\":\"WebPage\",\"@id\":\"https:\/\/www.padreeustaquio.com.br\/governo-geral-dos-sagrados-coracoes-e-reeleito-em-capitulo-realizado-em-roma-italia\/\",\"url\":\"https:\/\/www.padreeustaquio.com.br\/governo-geral-dos-sagrados-coracoes-e-reeleito-em-capitulo-realizado-em-roma-italia\/\",\"name\":\"Governo Geral dos Sagrados Cora\u00e7\u00f5es \u00e9 reeleito em Cap\u00edtulo realizado em Roma, It\u00e1lia\",\"isPartOf\":{\"@id\":\"https:\/\/www.padreeustaquio.com.br\/#website\"},\"primaryImageOfPage\":{\"@id\":\"https:\/\/www.padreeustaquio.com.br\/governo-geral-dos-sagrados-coracoes-e-reeleito-em-capitulo-realizado-em-roma-italia\/#primaryimage\"},\"image\":{\"@id\":\"https:\/\/www.padreeustaquio.com.br\/governo-geral-dos-sagrados-coracoes-e-reeleito-em-capitulo-realizado-em-roma-italia\/#primaryimage\"},\"thumbnailUrl\":\"https:\/\/www.padreeustaquio.com.br\/wp-content\/uploads\/2024\/09\/reeleicao-dos-governos-gerais-irmaos-e-irmas-SSCC.jpeg\",\"datePublished\":\"2024-09-18T15:25:00+00:00\",\"description\":\"O atual Superior Geral, Alberto Toutin, SS.CC, foi reeleito, nessa segunda-feira, dia 16 de setembro, para mais um mandato \u00e0 frente da Congrega\u00e7\u00e3o dos Sagrados Cora\u00e7\u00f5es. A reelei\u00e7\u00e3o foi realizada durante o 40\u00ba Cap\u00edtulo Geral que acontece at\u00e9 o fim desta semana em Roma, na It\u00e1lia.\",\"breadcrumb\":{\"@id\":\"https:\/\/www.padreeustaquio.com.br\/governo-geral-dos-sagrados-coracoes-e-reeleito-em-capitulo-realizado-em-roma-italia\/#breadcrumb\"},\"inLanguage\":\"en-US\",\"potentialAction\":[{\"@type\":\"ReadAction\",\"target\":[\"https:\/\/www.padreeustaquio.com.br\/governo-geral-dos-sagrados-coracoes-e-reeleito-em-capitulo-realizado-em-roma-italia\/\"]}]},{\"@type\":\"ImageObject\",\"inLanguage\":\"en-US\",\"@id\":\"https:\/\/www.padreeustaquio.com.br\/governo-geral-dos-sagrados-coracoes-e-reeleito-em-capitulo-realizado-em-roma-italia\/#primaryimage\",\"url\":\"https:\/\/www.padreeustaquio.com.br\/wp-content\/uploads\/2024\/09\/reeleicao-dos-governos-gerais-irmaos-e-irmas-SSCC.jpeg\",\"contentUrl\":\"https:\/\/www.padreeustaquio.com.br\/wp-content\/uploads\/2024\/09\/reeleicao-dos-governos-gerais-irmaos-e-irmas-SSCC.jpeg\",\"width\":2048,\"height\":1536},{\"@type\":\"BreadcrumbList\",\"@id\":\"https:\/\/www.padreeustaquio.com.br\/governo-geral-dos-sagrados-coracoes-e-reeleito-em-capitulo-realizado-em-roma-italia\/#breadcrumb\",\"itemListElement\":[{\"@type\":\"ListItem\",\"position\":1,\"name\":\"In\u00edcio\",\"item\":\"https:\/\/www.padreeustaquio.com.br\/\"},{\"@type\":\"ListItem\",\"position\":2,\"name\":\"Governo Geral dos Sagrados Cora\u00e7\u00f5es \u00e9 reeleito em Cap\u00edtulo realizado em Roma, It\u00e1lia\"}]},{\"@type\":\"WebSite\",\"@id\":\"https:\/\/www.padreeustaquio.com.br\/#website\",\"url\":\"https:\/\/www.padreeustaquio.com.br\/\",\"name\":\"Padre Eust\u00e1quio\",\"description\":\"Sa\u00fade e Paz\",\"publisher\":{\"@id\":\"https:\/\/www.padreeustaquio.com.br\/#organization\"},\"potentialAction\":[{\"@type\":\"SearchAction\",\"target\":{\"@type\":\"EntryPoint\",\"urlTemplate\":\"https:\/\/www.padreeustaquio.com.br\/?s={search_term_string}\"},\"query-input\":{\"@type\":\"PropertyValueSpecification\",\"valueRequired\":true,\"valueName\":\"search_term_string\"}}],\"inLanguage\":\"en-US\"},{\"@type\":\"Organization\",\"@id\":\"https:\/\/www.padreeustaquio.com.br\/#organization\",\"name\":\"Padre Eust\u00e1quio\",\"url\":\"https:\/\/www.padreeustaquio.com.br\/\",\"logo\":{\"@type\":\"ImageObject\",\"inLanguage\":\"en-US\",\"@id\":\"https:\/\/www.padreeustaquio.com.br\/#\/schema\/logo\/image\/\",\"url\":\"https:\/\/www.padreeustaquio.com.br\/wp-content\/uploads\/2019\/08\/marca.png\",\"contentUrl\":\"https:\/\/www.padreeustaquio.com.br\/wp-content\/uploads\/2019\/08\/marca.png\",\"width\":350,\"height\":400,\"caption\":\"Padre Eust\u00e1quio\"},\"image\":{\"@id\":\"https:\/\/www.padreeustaquio.com.br\/#\/schema\/logo\/image\/\"},\"sameAs\":[\"https:\/\/www.facebook.com\/beatopadreeustaquio\/\",\"https:\/\/x.com\/beatopeustaquio\",\"https:\/\/www.instagram.com\/beatopadreeustaquio\/\",\"https:\/\/www.youtube.com\/channel\/UCRhw7vfabnajwLxb1ZXMeIw\"]},{\"@type\":\"Person\",\"@id\":\"https:\/\/www.padreeustaquio.com.br\/#\/schema\/person\/a2a51db1d00f1a7af0204a0f1ddb1566\",\"name\":\"@sscc\",\"image\":{\"@type\":\"ImageObject\",\"inLanguage\":\"en-US\",\"@id\":\"https:\/\/secure.gravatar.com\/avatar\/68cfafa5f44617fea54071e215026e0ff06be366c3d54a8425f04fdcb86f8c5f?s=96&d=mm&r=g\",\"url\":\"https:\/\/secure.gravatar.com\/avatar\/68cfafa5f44617fea54071e215026e0ff06be366c3d54a8425f04fdcb86f8c5f?s=96&d=mm&r=g\",\"contentUrl\":\"https:\/\/secure.gravatar.com\/avatar\/68cfafa5f44617fea54071e215026e0ff06be366c3d54a8425f04fdcb86f8c5f?s=96&d=mm&r=g\",\"caption\":\"@sscc\"},\"url\":\"https:\/\/www.padreeustaquio.com.br\/en\/author\/sscc\/\"}]}<\/script>\n<!-- \/ Yoast SEO plugin. -->","yoast_head_json":{"title":"The General Government of the Sacred Hearts is re-elected at a Chapter held in Rome, Italy.","description":"The current Superior General, Alberto Toutin, SS.CC, was re-elected on Monday, September 16th, for another term as head of the Congregation of the Sacred Hearts. The re-election took place during the 40th General Chapter, which is being held until the end of this week in Rome, Italy.","robots":{"index":"index","follow":"follow","max-snippet":"max-snippet:-1","max-image-preview":"max-image-preview:large","max-video-preview":"max-video-preview:-1"},"canonical":"https:\/\/www.padreeustaquio.com.br\/en\/the-general-government-of-the-sacred-hearts-was-re-elected-in-a-chapter-held-in-rome-italy\/","og_locale":"en_US","og_type":"article","og_title":"Governo Geral dos Sagrados Cora\u00e7\u00f5es \u00e9 reeleito em Cap\u00edtulo realizado em Roma, It\u00e1lia","og_description":"O atual Superior Geral, Alberto Toutin, SS.CC, foi reeleito, nessa segunda-feira, dia 16 de setembro, para mais um mandato \u00e0 frente da Congrega\u00e7\u00e3o dos Sagrados Cora\u00e7\u00f5es. A reelei\u00e7\u00e3o foi realizada durante o 40\u00ba Cap\u00edtulo Geral que acontece at\u00e9 o fim desta semana em Roma, na It\u00e1lia.","og_url":"https:\/\/www.padreeustaquio.com.br\/en\/the-general-government-of-the-sacred-hearts-was-re-elected-in-a-chapter-held-in-rome-italy\/","og_site_name":"Padre Eust\u00e1quio","article_publisher":"https:\/\/www.facebook.com\/beatopadreeustaquio\/","article_published_time":"2024-09-18T15:25:00+00:00","og_image":[{"width":2048,"height":1536,"url":"https:\/\/www.padreeustaquio.com.br\/wp-content\/uploads\/2024\/09\/reeleicao-dos-governos-gerais-irmaos-e-irmas-SSCC.jpeg","type":"image\/jpeg"}],"author":"@sscc","twitter_card":"summary_large_image","twitter_creator":"@beatopeustaquio","twitter_site":"@beatopeustaquio","twitter_misc":{"Written by":"@sscc","Est. reading time":"3 minutes"},"schema":{"@context":"https:\/\/schema.org","@graph":[{"@type":"Article","@id":"https:\/\/www.padreeustaquio.com.br\/governo-geral-dos-sagrados-coracoes-e-reeleito-em-capitulo-realizado-em-roma-italia\/#article","isPartOf":{"@id":"https:\/\/www.padreeustaquio.com.br\/governo-geral-dos-sagrados-coracoes-e-reeleito-em-capitulo-realizado-em-roma-italia\/"},"author":{"name":"@sscc","@id":"https:\/\/www.padreeustaquio.com.br\/#\/schema\/person\/a2a51db1d00f1a7af0204a0f1ddb1566"},"headline":"Governo Geral dos Sagrados Cora\u00e7\u00f5es \u00e9 reeleito em Cap\u00edtulo realizado em Roma, It\u00e1lia","datePublished":"2024-09-18T15:25:00+00:00","mainEntityOfPage":{"@id":"https:\/\/www.padreeustaquio.com.br\/governo-geral-dos-sagrados-coracoes-e-reeleito-em-capitulo-realizado-em-roma-italia\/"},"wordCount":364,"commentCount":0,"publisher":{"@id":"https:\/\/www.padreeustaquio.com.br\/#organization"},"image":{"@id":"https:\/\/www.padreeustaquio.com.br\/governo-geral-dos-sagrados-coracoes-e-reeleito-em-capitulo-realizado-em-roma-italia\/#primaryimage"},"thumbnailUrl":"https:\/\/www.padreeustaquio.com.br\/wp-content\/uploads\/2024\/09\/reeleicao-dos-governos-gerais-irmaos-e-irmas-SSCC.jpeg","articleSection":["Not\u00edcias"],"inLanguage":"en-US","potentialAction":[{"@type":"CommentAction","name":"Comment","target":["https:\/\/www.padreeustaquio.com.br\/governo-geral-dos-sagrados-coracoes-e-reeleito-em-capitulo-realizado-em-roma-italia\/#respond"]}]},{"@type":"WebPage","@id":"https:\/\/www.padreeustaquio.com.br\/governo-geral-dos-sagrados-coracoes-e-reeleito-em-capitulo-realizado-em-roma-italia\/","url":"https:\/\/www.padreeustaquio.com.br\/governo-geral-dos-sagrados-coracoes-e-reeleito-em-capitulo-realizado-em-roma-italia\/","name":"The General Government of the Sacred Hearts is re-elected at a Chapter held in Rome, Italy.","isPartOf":{"@id":"https:\/\/www.padreeustaquio.com.br\/#website"},"primaryImageOfPage":{"@id":"https:\/\/www.padreeustaquio.com.br\/governo-geral-dos-sagrados-coracoes-e-reeleito-em-capitulo-realizado-em-roma-italia\/#primaryimage"},"image":{"@id":"https:\/\/www.padreeustaquio.com.br\/governo-geral-dos-sagrados-coracoes-e-reeleito-em-capitulo-realizado-em-roma-italia\/#primaryimage"},"thumbnailUrl":"https:\/\/www.padreeustaquio.com.br\/wp-content\/uploads\/2024\/09\/reeleicao-dos-governos-gerais-irmaos-e-irmas-SSCC.jpeg","datePublished":"2024-09-18T15:25:00+00:00","description":"The current Superior General, Alberto Toutin, SS.CC, was re-elected on Monday, September 16th, for another term as head of the Congregation of the Sacred Hearts. The re-election took place during the 40th General Chapter, which is being held until the end of this week in Rome, Italy.","breadcrumb":{"@id":"https:\/\/www.padreeustaquio.com.br\/governo-geral-dos-sagrados-coracoes-e-reeleito-em-capitulo-realizado-em-roma-italia\/#breadcrumb"},"inLanguage":"en-US","potentialAction":[{"@type":"ReadAction","target":["https:\/\/www.padreeustaquio.com.br\/governo-geral-dos-sagrados-coracoes-e-reeleito-em-capitulo-realizado-em-roma-italia\/"]}]},{"@type":"ImageObject","inLanguage":"en-US","@id":"https:\/\/www.padreeustaquio.com.br\/governo-geral-dos-sagrados-coracoes-e-reeleito-em-capitulo-realizado-em-roma-italia\/#primaryimage","url":"https:\/\/www.padreeustaquio.com.br\/wp-content\/uploads\/2024\/09\/reeleicao-dos-governos-gerais-irmaos-e-irmas-SSCC.jpeg","contentUrl":"https:\/\/www.padreeustaquio.com.br\/wp-content\/uploads\/2024\/09\/reeleicao-dos-governos-gerais-irmaos-e-irmas-SSCC.jpeg","width":2048,"height":1536},{"@type":"BreadcrumbList","@id":"https:\/\/www.padreeustaquio.com.br\/governo-geral-dos-sagrados-coracoes-e-reeleito-em-capitulo-realizado-em-roma-italia\/#breadcrumb","itemListElement":[{"@type":"ListItem","position":1,"name":"In\u00edcio","item":"https:\/\/www.padreeustaquio.com.br\/"},{"@type":"ListItem","position":2,"name":"Governo Geral dos Sagrados Cora\u00e7\u00f5es \u00e9 reeleito em Cap\u00edtulo realizado em Roma, It\u00e1lia"}]},{"@type":"WebSite","@id":"https:\/\/www.padreeustaquio.com.br\/#website","url":"https:\/\/www.padreeustaquio.com.br\/","name":"FATHER EUST\u00c1QUIO","description":"Health and Peace","publisher":{"@id":"https:\/\/www.padreeustaquio.com.br\/#organization"},"potentialAction":[{"@type":"SearchAction","target":{"@type":"EntryPoint","urlTemplate":"https:\/\/www.padreeustaquio.com.br\/?s={search_term_string}"},"query-input":{"@type":"PropertyValueSpecification","valueRequired":true,"valueName":"search_term_string"}}],"inLanguage":"en-US"},{"@type":"Organization","@id":"https:\/\/www.padreeustaquio.com.br\/#organization","name":"FATHER EUST\u00c1QUIO","url":"https:\/\/www.padreeustaquio.com.br\/","logo":{"@type":"ImageObject","inLanguage":"en-US","@id":"https:\/\/www.padreeustaquio.com.br\/#\/schema\/logo\/image\/","url":"https:\/\/www.padreeustaquio.com.br\/wp-content\/uploads\/2019\/08\/marca.png","contentUrl":"https:\/\/www.padreeustaquio.com.br\/wp-content\/uploads\/2019\/08\/marca.png","width":350,"height":400,"caption":"Padre Eust\u00e1quio"},"image":{"@id":"https:\/\/www.padreeustaquio.com.br\/#\/schema\/logo\/image\/"},"sameAs":["https:\/\/www.facebook.com\/beatopadreeustaquio\/","https:\/\/x.com\/beatopeustaquio","https:\/\/www.instagram.com\/beatopadreeustaquio\/","https:\/\/www.youtube.com\/channel\/UCRhw7vfabnajwLxb1ZXMeIw"]},{"@type":"Person","@id":"https:\/\/www.padreeustaquio.com.br\/#\/schema\/person\/a2a51db1d00f1a7af0204a0f1ddb1566","name":"@sscc","image":{"@type":"ImageObject","inLanguage":"en-US","@id":"https:\/\/secure.gravatar.com\/avatar\/68cfafa5f44617fea54071e215026e0ff06be366c3d54a8425f04fdcb86f8c5f?s=96&d=mm&r=g","url":"https:\/\/secure.gravatar.com\/avatar\/68cfafa5f44617fea54071e215026e0ff06be366c3d54a8425f04fdcb86f8c5f?s=96&d=mm&r=g","contentUrl":"https:\/\/secure.gravatar.com\/avatar\/68cfafa5f44617fea54071e215026e0ff06be366c3d54a8425f04fdcb86f8c5f?s=96&d=mm&r=g","caption":"@sscc"},"url":"https:\/\/www.padreeustaquio.com.br\/en\/author\/sscc\/"}]}},"_links":{"self":[{"href":"https:\/\/www.padreeustaquio.com.br\/en\/wp-json\/wp\/v2\/posts\/11608","targetHints":{"allow":["GET"]}}],"collection":[{"href":"https:\/\/www.padreeustaquio.com.br\/en\/wp-json\/wp\/v2\/posts"}],"about":[{"href":"https:\/\/www.padreeustaquio.com.br\/en\/wp-json\/wp\/v2\/types\/post"}],"author":[{"embeddable":true,"href":"https:\/\/www.padreeustaquio.com.br\/en\/wp-json\/wp\/v2\/users\/2"}],"replies":[{"embeddable":true,"href":"https:\/\/www.padreeustaquio.com.br\/en\/wp-json\/wp\/v2\/comments?post=11608"}],"version-history":[{"count":0,"href":"https:\/\/www.padreeustaquio.com.br\/en\/wp-json\/wp\/v2\/posts\/11608\/revisions"}],"wp:featuredmedia":[{"embeddable":true,"href":"https:\/\/www.padreeustaquio.com.br\/en\/wp-json\/wp\/v2\/media\/11609"}],"wp:attachment":[{"href":"https:\/\/www.padreeustaquio.com.br\/en\/wp-json\/wp\/v2\/media?parent=11608"}],"wp:term":[{"taxonomy":"category","embeddable":true,"href":"https:\/\/www.padreeustaquio.com.br\/en\/wp-json\/wp\/v2\/categories?post=11608"},{"taxonomy":"post_tag","embeddable":true,"href":"https:\/\/www.padreeustaquio.com.br\/en\/wp-json\/wp\/v2\/tags?post=11608"}],"curies":[{"name":"wp","href":"https:\/\/api.w.org\/{rel}","templated":true}]}}