{"id":11594,"date":"2024-09-12T06:05:36","date_gmt":"2024-09-12T09:05:36","guid":{"rendered":"https:\/\/www.padreeustaquio.com.br\/?p=11594"},"modified":"2024-09-12T09:31:25","modified_gmt":"2024-09-12T12:31:25","slug":"unpublished-text-by-father-eustaquio-shows-the-blessed-mans-care-for-the-sick","status":"publish","type":"post","link":"https:\/\/www.padreeustaquio.com.br\/en\/unpublished-text-by-father-eustaquio-shows-the-blessed-mans-care-for-the-sick\/","title":{"rendered":"An unpublished text by Father Eust\u00e1quio reveals the Blessed One&#039;s care for the sick."},"content":{"rendered":"<p>Father Eust\u00e1quio dedicated his life to serving the sick and suffering, leaving a legacy of compassion and care that resonates to this day. In Brazil, his missionary work was entirely dedicated to serving others.<\/p>\n<p>There are many stories of people who, upon seeking out the Dutch priest, received not only spiritual comfort but also practical care and medical assistance. With his teas and herbs, he was able to care for his parishioners when the shortage of doctors and healthcare professionals was very severe.<\/p>\n<p>His unwavering commitment to the most vulnerable made him a figure remembered for his humility and unconditional dedication to the well-being of others. This dedication can be seen in many accounts and writings left by the Blessed.<\/p>\n<p>One of the texts, previously unpublished and written in Romaria, recounts the care that Father Eust\u00e1quio provided for a child abandoned by its family.<\/p>\n<p><em>\u201cOn the last day of the past year, a sick 13-year-old child died. For more than three months I cared for him twice a day. The boy was accidentally wounded by a revolver fired by his playmate. His wounds were incurable, and he was completely paralyzed from the waist down. How much suffering that boy endured, yes, what suffering. He was poor and, moreover, abandoned by his parents. I want to put on the cross for his tomb: Abandoned by my parents, but God took care of me.\u201d<\/em><\/p>\n<p>Because of this and many other stories, Father Eust\u00e1quio became known as the Missionary of Health and Peace.<\/p>","protected":false},"excerpt":{"rendered":"<p>Padre Eust\u00e1quio dedicou sua vida ao servi\u00e7o dos enfermos e sofredores, deixando um legado de compaix\u00e3o e cuidado que ecoa at\u00e9 os dias de hoje. No Brasil, seu trabalho mission\u00e1rio foi todo dedicado ao pr\u00f3ximo. S\u00e3o muitas as hist\u00f3rias de pessoas que, ao procurar o padre holand\u00eas, recebia, al\u00e9m do conforto espiritual, cuidados pr\u00e1ticos e assist\u00eancia m\u00e9dica. Com seus ch\u00e1s e ervas, ele conseguia cuidar de seus paroquianos, quando a falta de m\u00e9dicos e profissionais da sa\u00fade era muito grande. Seu compromisso inabal\u00e1vel com os mais vulner\u00e1veis o tornou uma figura lembrada por sua humildade e dedica\u00e7\u00e3o incondicional ao bem-estar [&hellip;]<\/p>\n","protected":false},"author":2,"featured_media":11599,"comment_status":"open","ping_status":"closed","sticky":false,"template":"","format":"standard","meta":{"_acf_changed":false,"footnotes":""},"categories":[611],"tags":[],"class_list":["post-11594","post","type-post","status-publish","format-standard","has-post-thumbnail","hentry","category-noticias"],"acf":[],"yoast_head":"<!-- This site is optimized with the Yoast SEO plugin v27.2 - https:\/\/yoast.com\/product\/yoast-seo-wordpress\/ -->\n<title>Texto in\u00e9dito de Padre Eust\u00e1quio mostra o cuidado do Beato com os enfermos<\/title>\n<meta name=\"description\" content=\"S\u00e3o muitas as hist\u00f3rias de pessoas que, ao procurar Padre Eust\u00e1quio, recebia, al\u00e9m do conforto espiritual, cuidados pr\u00e1ticos e assist\u00eancia m\u00e9dica. Com seus ch\u00e1s e ervas, ele conseguia cuidar de seus paroquianos, quando a falta de m\u00e9dicos e profissionais da sa\u00fade era muito grande. Um dos textos, in\u00e9dito, escrito em Romaria, narra o cuidado que Padre Eust\u00e1quio teve com uma crian\u00e7a abandonada pela fam\u00edlia.\" \/>\n<meta name=\"robots\" content=\"index, follow, max-snippet:-1, max-image-preview:large, max-video-preview:-1\" \/>\n<link rel=\"canonical\" href=\"https:\/\/www.padreeustaquio.com.br\/en\/unpublished-text-by-father-eustaquio-shows-the-blessed-mans-care-for-the-sick\/\" \/>\n<meta property=\"og:locale\" content=\"en_US\" \/>\n<meta property=\"og:type\" content=\"article\" \/>\n<meta property=\"og:title\" content=\"Texto in\u00e9dito de Padre Eust\u00e1quio mostra o cuidado do Beato com os enfermos\" \/>\n<meta property=\"og:description\" content=\"S\u00e3o muitas as hist\u00f3rias de pessoas que, ao procurar Padre Eust\u00e1quio, recebia, al\u00e9m do conforto espiritual, cuidados pr\u00e1ticos e assist\u00eancia m\u00e9dica. Com seus ch\u00e1s e ervas, ele conseguia cuidar de seus paroquianos, quando a falta de m\u00e9dicos e profissionais da sa\u00fade era muito grande. Um dos textos, in\u00e9dito, escrito em Romaria, narra o cuidado que Padre Eust\u00e1quio teve com uma crian\u00e7a abandonada pela fam\u00edlia.\" \/>\n<meta property=\"og:url\" content=\"https:\/\/www.padreeustaquio.com.br\/en\/unpublished-text-by-father-eustaquio-shows-the-blessed-mans-care-for-the-sick\/\" \/>\n<meta property=\"og:site_name\" content=\"Padre Eust\u00e1quio\" \/>\n<meta property=\"article:publisher\" content=\"https:\/\/www.facebook.com\/beatopadreeustaquio\/\" \/>\n<meta property=\"article:published_time\" content=\"2024-09-12T09:05:36+00:00\" \/>\n<meta property=\"article:modified_time\" content=\"2024-09-12T12:31:25+00:00\" \/>\n<meta property=\"og:image\" content=\"https:\/\/www.padreeustaquio.com.br\/wp-content\/uploads\/2024\/09\/PE-em-romaria.jpg\" \/>\n\t<meta property=\"og:image:width\" content=\"748\" \/>\n\t<meta property=\"og:image:height\" content=\"394\" \/>\n\t<meta property=\"og:image:type\" content=\"image\/jpeg\" \/>\n<meta name=\"author\" content=\"@sscc\" \/>\n<meta name=\"twitter:card\" content=\"summary_large_image\" \/>\n<meta name=\"twitter:creator\" content=\"@beatopeustaquio\" \/>\n<meta name=\"twitter:site\" content=\"@beatopeustaquio\" \/>\n<meta name=\"twitter:label1\" content=\"Written by\" \/>\n\t<meta name=\"twitter:data1\" content=\"@sscc\" \/>\n\t<meta name=\"twitter:label2\" content=\"Est. reading time\" \/>\n\t<meta name=\"twitter:data2\" content=\"2 minutes\" \/>\n<script type=\"application\/ld+json\" class=\"yoast-schema-graph\">{\"@context\":\"https:\/\/schema.org\",\"@graph\":[{\"@type\":\"Article\",\"@id\":\"https:\/\/www.padreeustaquio.com.br\/texto-inedito-de-padre-eustaquio-mostra-o-cuidado-do-beato-com-os-enfermos\/#article\",\"isPartOf\":{\"@id\":\"https:\/\/www.padreeustaquio.com.br\/texto-inedito-de-padre-eustaquio-mostra-o-cuidado-do-beato-com-os-enfermos\/\"},\"author\":{\"name\":\"@sscc\",\"@id\":\"https:\/\/www.padreeustaquio.com.br\/#\/schema\/person\/a2a51db1d00f1a7af0204a0f1ddb1566\"},\"headline\":\"Texto in\u00e9dito de Padre Eust\u00e1quio mostra o cuidado do Beato com os enfermos\",\"datePublished\":\"2024-09-12T09:05:36+00:00\",\"dateModified\":\"2024-09-12T12:31:25+00:00\",\"mainEntityOfPage\":{\"@id\":\"https:\/\/www.padreeustaquio.com.br\/texto-inedito-de-padre-eustaquio-mostra-o-cuidado-do-beato-com-os-enfermos\/\"},\"wordCount\":287,\"commentCount\":0,\"publisher\":{\"@id\":\"https:\/\/www.padreeustaquio.com.br\/#organization\"},\"image\":{\"@id\":\"https:\/\/www.padreeustaquio.com.br\/texto-inedito-de-padre-eustaquio-mostra-o-cuidado-do-beato-com-os-enfermos\/#primaryimage\"},\"thumbnailUrl\":\"https:\/\/www.padreeustaquio.com.br\/wp-content\/uploads\/2024\/09\/PE-em-romaria.jpg\",\"articleSection\":[\"Not\u00edcias\"],\"inLanguage\":\"en-US\",\"potentialAction\":[{\"@type\":\"CommentAction\",\"name\":\"Comment\",\"target\":[\"https:\/\/www.padreeustaquio.com.br\/texto-inedito-de-padre-eustaquio-mostra-o-cuidado-do-beato-com-os-enfermos\/#respond\"]}]},{\"@type\":\"WebPage\",\"@id\":\"https:\/\/www.padreeustaquio.com.br\/texto-inedito-de-padre-eustaquio-mostra-o-cuidado-do-beato-com-os-enfermos\/\",\"url\":\"https:\/\/www.padreeustaquio.com.br\/texto-inedito-de-padre-eustaquio-mostra-o-cuidado-do-beato-com-os-enfermos\/\",\"name\":\"Texto in\u00e9dito de Padre Eust\u00e1quio mostra o cuidado do Beato com os enfermos\",\"isPartOf\":{\"@id\":\"https:\/\/www.padreeustaquio.com.br\/#website\"},\"primaryImageOfPage\":{\"@id\":\"https:\/\/www.padreeustaquio.com.br\/texto-inedito-de-padre-eustaquio-mostra-o-cuidado-do-beato-com-os-enfermos\/#primaryimage\"},\"image\":{\"@id\":\"https:\/\/www.padreeustaquio.com.br\/texto-inedito-de-padre-eustaquio-mostra-o-cuidado-do-beato-com-os-enfermos\/#primaryimage\"},\"thumbnailUrl\":\"https:\/\/www.padreeustaquio.com.br\/wp-content\/uploads\/2024\/09\/PE-em-romaria.jpg\",\"datePublished\":\"2024-09-12T09:05:36+00:00\",\"dateModified\":\"2024-09-12T12:31:25+00:00\",\"description\":\"S\u00e3o muitas as hist\u00f3rias de pessoas que, ao procurar Padre Eust\u00e1quio, recebia, al\u00e9m do conforto espiritual, cuidados pr\u00e1ticos e assist\u00eancia m\u00e9dica. Com seus ch\u00e1s e ervas, ele conseguia cuidar de seus paroquianos, quando a falta de m\u00e9dicos e profissionais da sa\u00fade era muito grande. Um dos textos, in\u00e9dito, escrito em Romaria, narra o cuidado que Padre Eust\u00e1quio teve com uma crian\u00e7a abandonada pela fam\u00edlia.\",\"breadcrumb\":{\"@id\":\"https:\/\/www.padreeustaquio.com.br\/texto-inedito-de-padre-eustaquio-mostra-o-cuidado-do-beato-com-os-enfermos\/#breadcrumb\"},\"inLanguage\":\"en-US\",\"potentialAction\":[{\"@type\":\"ReadAction\",\"target\":[\"https:\/\/www.padreeustaquio.com.br\/texto-inedito-de-padre-eustaquio-mostra-o-cuidado-do-beato-com-os-enfermos\/\"]}]},{\"@type\":\"ImageObject\",\"inLanguage\":\"en-US\",\"@id\":\"https:\/\/www.padreeustaquio.com.br\/texto-inedito-de-padre-eustaquio-mostra-o-cuidado-do-beato-com-os-enfermos\/#primaryimage\",\"url\":\"https:\/\/www.padreeustaquio.com.br\/wp-content\/uploads\/2024\/09\/PE-em-romaria.jpg\",\"contentUrl\":\"https:\/\/www.padreeustaquio.com.br\/wp-content\/uploads\/2024\/09\/PE-em-romaria.jpg\",\"width\":748,\"height\":394},{\"@type\":\"BreadcrumbList\",\"@id\":\"https:\/\/www.padreeustaquio.com.br\/texto-inedito-de-padre-eustaquio-mostra-o-cuidado-do-beato-com-os-enfermos\/#breadcrumb\",\"itemListElement\":[{\"@type\":\"ListItem\",\"position\":1,\"name\":\"In\u00edcio\",\"item\":\"https:\/\/www.padreeustaquio.com.br\/\"},{\"@type\":\"ListItem\",\"position\":2,\"name\":\"Texto in\u00e9dito de Padre Eust\u00e1quio mostra o cuidado do Beato com os enfermos\"}]},{\"@type\":\"WebSite\",\"@id\":\"https:\/\/www.padreeustaquio.com.br\/#website\",\"url\":\"https:\/\/www.padreeustaquio.com.br\/\",\"name\":\"Padre Eust\u00e1quio\",\"description\":\"Sa\u00fade e Paz\",\"publisher\":{\"@id\":\"https:\/\/www.padreeustaquio.com.br\/#organization\"},\"potentialAction\":[{\"@type\":\"SearchAction\",\"target\":{\"@type\":\"EntryPoint\",\"urlTemplate\":\"https:\/\/www.padreeustaquio.com.br\/?s={search_term_string}\"},\"query-input\":{\"@type\":\"PropertyValueSpecification\",\"valueRequired\":true,\"valueName\":\"search_term_string\"}}],\"inLanguage\":\"en-US\"},{\"@type\":\"Organization\",\"@id\":\"https:\/\/www.padreeustaquio.com.br\/#organization\",\"name\":\"Padre Eust\u00e1quio\",\"url\":\"https:\/\/www.padreeustaquio.com.br\/\",\"logo\":{\"@type\":\"ImageObject\",\"inLanguage\":\"en-US\",\"@id\":\"https:\/\/www.padreeustaquio.com.br\/#\/schema\/logo\/image\/\",\"url\":\"https:\/\/www.padreeustaquio.com.br\/wp-content\/uploads\/2019\/08\/marca.png\",\"contentUrl\":\"https:\/\/www.padreeustaquio.com.br\/wp-content\/uploads\/2019\/08\/marca.png\",\"width\":350,\"height\":400,\"caption\":\"Padre Eust\u00e1quio\"},\"image\":{\"@id\":\"https:\/\/www.padreeustaquio.com.br\/#\/schema\/logo\/image\/\"},\"sameAs\":[\"https:\/\/www.facebook.com\/beatopadreeustaquio\/\",\"https:\/\/x.com\/beatopeustaquio\",\"https:\/\/www.instagram.com\/beatopadreeustaquio\/\",\"https:\/\/www.youtube.com\/channel\/UCRhw7vfabnajwLxb1ZXMeIw\"]},{\"@type\":\"Person\",\"@id\":\"https:\/\/www.padreeustaquio.com.br\/#\/schema\/person\/a2a51db1d00f1a7af0204a0f1ddb1566\",\"name\":\"@sscc\",\"image\":{\"@type\":\"ImageObject\",\"inLanguage\":\"en-US\",\"@id\":\"https:\/\/secure.gravatar.com\/avatar\/68cfafa5f44617fea54071e215026e0ff06be366c3d54a8425f04fdcb86f8c5f?s=96&d=mm&r=g\",\"url\":\"https:\/\/secure.gravatar.com\/avatar\/68cfafa5f44617fea54071e215026e0ff06be366c3d54a8425f04fdcb86f8c5f?s=96&d=mm&r=g\",\"contentUrl\":\"https:\/\/secure.gravatar.com\/avatar\/68cfafa5f44617fea54071e215026e0ff06be366c3d54a8425f04fdcb86f8c5f?s=96&d=mm&r=g\",\"caption\":\"@sscc\"},\"url\":\"https:\/\/www.padreeustaquio.com.br\/en\/author\/sscc\/\"}]}<\/script>\n<!-- \/ Yoast SEO plugin. -->","yoast_head_json":{"title":"An unpublished text by Father Eust\u00e1quio reveals the Blessed One&#039;s care for the sick.","description":"There are many stories of people who, upon seeking out Father Eust\u00e1quio, received not only spiritual comfort but also practical care and medical assistance. With his teas and herbs, he was able to care for his parishioners when the lack of doctors and healthcare professionals was very significant. One of the unpublished texts, written during his pilgrimage, recounts the care that Father Eust\u00e1quio provided for a child abandoned by their family.","robots":{"index":"index","follow":"follow","max-snippet":"max-snippet:-1","max-image-preview":"max-image-preview:large","max-video-preview":"max-video-preview:-1"},"canonical":"https:\/\/www.padreeustaquio.com.br\/en\/unpublished-text-by-father-eustaquio-shows-the-blessed-mans-care-for-the-sick\/","og_locale":"en_US","og_type":"article","og_title":"Texto in\u00e9dito de Padre Eust\u00e1quio mostra o cuidado do Beato com os enfermos","og_description":"S\u00e3o muitas as hist\u00f3rias de pessoas que, ao procurar Padre Eust\u00e1quio, recebia, al\u00e9m do conforto espiritual, cuidados pr\u00e1ticos e assist\u00eancia m\u00e9dica. Com seus ch\u00e1s e ervas, ele conseguia cuidar de seus paroquianos, quando a falta de m\u00e9dicos e profissionais da sa\u00fade era muito grande. Um dos textos, in\u00e9dito, escrito em Romaria, narra o cuidado que Padre Eust\u00e1quio teve com uma crian\u00e7a abandonada pela fam\u00edlia.","og_url":"https:\/\/www.padreeustaquio.com.br\/en\/unpublished-text-by-father-eustaquio-shows-the-blessed-mans-care-for-the-sick\/","og_site_name":"Padre Eust\u00e1quio","article_publisher":"https:\/\/www.facebook.com\/beatopadreeustaquio\/","article_published_time":"2024-09-12T09:05:36+00:00","article_modified_time":"2024-09-12T12:31:25+00:00","og_image":[{"width":748,"height":394,"url":"https:\/\/www.padreeustaquio.com.br\/wp-content\/uploads\/2024\/09\/PE-em-romaria.jpg","type":"image\/jpeg"}],"author":"@sscc","twitter_card":"summary_large_image","twitter_creator":"@beatopeustaquio","twitter_site":"@beatopeustaquio","twitter_misc":{"Written by":"@sscc","Est. reading time":"2 minutes"},"schema":{"@context":"https:\/\/schema.org","@graph":[{"@type":"Article","@id":"https:\/\/www.padreeustaquio.com.br\/texto-inedito-de-padre-eustaquio-mostra-o-cuidado-do-beato-com-os-enfermos\/#article","isPartOf":{"@id":"https:\/\/www.padreeustaquio.com.br\/texto-inedito-de-padre-eustaquio-mostra-o-cuidado-do-beato-com-os-enfermos\/"},"author":{"name":"@sscc","@id":"https:\/\/www.padreeustaquio.com.br\/#\/schema\/person\/a2a51db1d00f1a7af0204a0f1ddb1566"},"headline":"Texto in\u00e9dito de Padre Eust\u00e1quio mostra o cuidado do Beato com os enfermos","datePublished":"2024-09-12T09:05:36+00:00","dateModified":"2024-09-12T12:31:25+00:00","mainEntityOfPage":{"@id":"https:\/\/www.padreeustaquio.com.br\/texto-inedito-de-padre-eustaquio-mostra-o-cuidado-do-beato-com-os-enfermos\/"},"wordCount":287,"commentCount":0,"publisher":{"@id":"https:\/\/www.padreeustaquio.com.br\/#organization"},"image":{"@id":"https:\/\/www.padreeustaquio.com.br\/texto-inedito-de-padre-eustaquio-mostra-o-cuidado-do-beato-com-os-enfermos\/#primaryimage"},"thumbnailUrl":"https:\/\/www.padreeustaquio.com.br\/wp-content\/uploads\/2024\/09\/PE-em-romaria.jpg","articleSection":["Not\u00edcias"],"inLanguage":"en-US","potentialAction":[{"@type":"CommentAction","name":"Comment","target":["https:\/\/www.padreeustaquio.com.br\/texto-inedito-de-padre-eustaquio-mostra-o-cuidado-do-beato-com-os-enfermos\/#respond"]}]},{"@type":"WebPage","@id":"https:\/\/www.padreeustaquio.com.br\/texto-inedito-de-padre-eustaquio-mostra-o-cuidado-do-beato-com-os-enfermos\/","url":"https:\/\/www.padreeustaquio.com.br\/texto-inedito-de-padre-eustaquio-mostra-o-cuidado-do-beato-com-os-enfermos\/","name":"An unpublished text by Father Eust\u00e1quio reveals the Blessed One&#039;s care for the sick.","isPartOf":{"@id":"https:\/\/www.padreeustaquio.com.br\/#website"},"primaryImageOfPage":{"@id":"https:\/\/www.padreeustaquio.com.br\/texto-inedito-de-padre-eustaquio-mostra-o-cuidado-do-beato-com-os-enfermos\/#primaryimage"},"image":{"@id":"https:\/\/www.padreeustaquio.com.br\/texto-inedito-de-padre-eustaquio-mostra-o-cuidado-do-beato-com-os-enfermos\/#primaryimage"},"thumbnailUrl":"https:\/\/www.padreeustaquio.com.br\/wp-content\/uploads\/2024\/09\/PE-em-romaria.jpg","datePublished":"2024-09-12T09:05:36+00:00","dateModified":"2024-09-12T12:31:25+00:00","description":"There are many stories of people who, upon seeking out Father Eust\u00e1quio, received not only spiritual comfort but also practical care and medical assistance. With his teas and herbs, he was able to care for his parishioners when the lack of doctors and healthcare professionals was very significant. One of the unpublished texts, written during his pilgrimage, recounts the care that Father Eust\u00e1quio provided for a child abandoned by their family.","breadcrumb":{"@id":"https:\/\/www.padreeustaquio.com.br\/texto-inedito-de-padre-eustaquio-mostra-o-cuidado-do-beato-com-os-enfermos\/#breadcrumb"},"inLanguage":"en-US","potentialAction":[{"@type":"ReadAction","target":["https:\/\/www.padreeustaquio.com.br\/texto-inedito-de-padre-eustaquio-mostra-o-cuidado-do-beato-com-os-enfermos\/"]}]},{"@type":"ImageObject","inLanguage":"en-US","@id":"https:\/\/www.padreeustaquio.com.br\/texto-inedito-de-padre-eustaquio-mostra-o-cuidado-do-beato-com-os-enfermos\/#primaryimage","url":"https:\/\/www.padreeustaquio.com.br\/wp-content\/uploads\/2024\/09\/PE-em-romaria.jpg","contentUrl":"https:\/\/www.padreeustaquio.com.br\/wp-content\/uploads\/2024\/09\/PE-em-romaria.jpg","width":748,"height":394},{"@type":"BreadcrumbList","@id":"https:\/\/www.padreeustaquio.com.br\/texto-inedito-de-padre-eustaquio-mostra-o-cuidado-do-beato-com-os-enfermos\/#breadcrumb","itemListElement":[{"@type":"ListItem","position":1,"name":"In\u00edcio","item":"https:\/\/www.padreeustaquio.com.br\/"},{"@type":"ListItem","position":2,"name":"Texto in\u00e9dito de Padre Eust\u00e1quio mostra o cuidado do Beato com os enfermos"}]},{"@type":"WebSite","@id":"https:\/\/www.padreeustaquio.com.br\/#website","url":"https:\/\/www.padreeustaquio.com.br\/","name":"FATHER EUST\u00c1QUIO","description":"Health and Peace","publisher":{"@id":"https:\/\/www.padreeustaquio.com.br\/#organization"},"potentialAction":[{"@type":"SearchAction","target":{"@type":"EntryPoint","urlTemplate":"https:\/\/www.padreeustaquio.com.br\/?s={search_term_string}"},"query-input":{"@type":"PropertyValueSpecification","valueRequired":true,"valueName":"search_term_string"}}],"inLanguage":"en-US"},{"@type":"Organization","@id":"https:\/\/www.padreeustaquio.com.br\/#organization","name":"FATHER EUST\u00c1QUIO","url":"https:\/\/www.padreeustaquio.com.br\/","logo":{"@type":"ImageObject","inLanguage":"en-US","@id":"https:\/\/www.padreeustaquio.com.br\/#\/schema\/logo\/image\/","url":"https:\/\/www.padreeustaquio.com.br\/wp-content\/uploads\/2019\/08\/marca.png","contentUrl":"https:\/\/www.padreeustaquio.com.br\/wp-content\/uploads\/2019\/08\/marca.png","width":350,"height":400,"caption":"Padre Eust\u00e1quio"},"image":{"@id":"https:\/\/www.padreeustaquio.com.br\/#\/schema\/logo\/image\/"},"sameAs":["https:\/\/www.facebook.com\/beatopadreeustaquio\/","https:\/\/x.com\/beatopeustaquio","https:\/\/www.instagram.com\/beatopadreeustaquio\/","https:\/\/www.youtube.com\/channel\/UCRhw7vfabnajwLxb1ZXMeIw"]},{"@type":"Person","@id":"https:\/\/www.padreeustaquio.com.br\/#\/schema\/person\/a2a51db1d00f1a7af0204a0f1ddb1566","name":"@sscc","image":{"@type":"ImageObject","inLanguage":"en-US","@id":"https:\/\/secure.gravatar.com\/avatar\/68cfafa5f44617fea54071e215026e0ff06be366c3d54a8425f04fdcb86f8c5f?s=96&d=mm&r=g","url":"https:\/\/secure.gravatar.com\/avatar\/68cfafa5f44617fea54071e215026e0ff06be366c3d54a8425f04fdcb86f8c5f?s=96&d=mm&r=g","contentUrl":"https:\/\/secure.gravatar.com\/avatar\/68cfafa5f44617fea54071e215026e0ff06be366c3d54a8425f04fdcb86f8c5f?s=96&d=mm&r=g","caption":"@sscc"},"url":"https:\/\/www.padreeustaquio.com.br\/en\/author\/sscc\/"}]}},"_links":{"self":[{"href":"https:\/\/www.padreeustaquio.com.br\/en\/wp-json\/wp\/v2\/posts\/11594","targetHints":{"allow":["GET"]}}],"collection":[{"href":"https:\/\/www.padreeustaquio.com.br\/en\/wp-json\/wp\/v2\/posts"}],"about":[{"href":"https:\/\/www.padreeustaquio.com.br\/en\/wp-json\/wp\/v2\/types\/post"}],"author":[{"embeddable":true,"href":"https:\/\/www.padreeustaquio.com.br\/en\/wp-json\/wp\/v2\/users\/2"}],"replies":[{"embeddable":true,"href":"https:\/\/www.padreeustaquio.com.br\/en\/wp-json\/wp\/v2\/comments?post=11594"}],"version-history":[{"count":0,"href":"https:\/\/www.padreeustaquio.com.br\/en\/wp-json\/wp\/v2\/posts\/11594\/revisions"}],"wp:featuredmedia":[{"embeddable":true,"href":"https:\/\/www.padreeustaquio.com.br\/en\/wp-json\/wp\/v2\/media\/11599"}],"wp:attachment":[{"href":"https:\/\/www.padreeustaquio.com.br\/en\/wp-json\/wp\/v2\/media?parent=11594"}],"wp:term":[{"taxonomy":"category","embeddable":true,"href":"https:\/\/www.padreeustaquio.com.br\/en\/wp-json\/wp\/v2\/categories?post=11594"},{"taxonomy":"post_tag","embeddable":true,"href":"https:\/\/www.padreeustaquio.com.br\/en\/wp-json\/wp\/v2\/tags?post=11594"}],"curies":[{"name":"wp","href":"https:\/\/api.w.org\/{rel}","templated":true}]}}