{"id":11585,"date":"2024-09-02T16:47:55","date_gmt":"2024-09-02T19:47:55","guid":{"rendered":"https:\/\/www.padreeustaquio.com.br\/?p=11585"},"modified":"2024-09-02T16:53:26","modified_gmt":"2024-09-02T19:53:26","slug":"church-dedicated-to-saint-joseph-in-brasilia-de-minas-receives-relic-of-father-eustaquio","status":"publish","type":"post","link":"https:\/\/www.padreeustaquio.com.br\/en\/church-dedicated-to-saint-joseph-in-brasilia-de-minas-receives-relic-of-father-eustaquio\/","title":{"rendered":"Church dedicated to Saint Joseph, in Bras\u00edlia de Minas, receives relic of Father Eust\u00e1quio."},"content":{"rendered":"<p>An emotional ceremony marked the dedication of a new church to Saint Joseph in Bras\u00edlia de Minas, in the Rio Doce Valley region of Minas Gerais. The altar received the relic of Blessed Father Eust\u00e1quio.<\/p>\n<p><img decoding=\"async\" class=\"size-medium wp-image-11588 alignleft\" src=\"https:\/\/www.padreeustaquio.com.br\/wp-content\/uploads\/2024\/09\/dedica-igreja-brasilia-de-minas-3-135x300.jpeg\" alt=\"\" width=\"135\" height=\"300\" srcset=\"https:\/\/www.padreeustaquio.com.br\/wp-content\/uploads\/2024\/09\/dedica-igreja-brasilia-de-minas-3-135x300.jpeg 135w, https:\/\/www.padreeustaquio.com.br\/wp-content\/uploads\/2024\/09\/dedica-igreja-brasilia-de-minas-3-460x1024.jpeg 460w, https:\/\/www.padreeustaquio.com.br\/wp-content\/uploads\/2024\/09\/dedica-igreja-brasilia-de-minas-3.jpeg 575w\" sizes=\"(max-width: 135px) 100vw, 135px\" \/>The Metropolitan Archbishop of Montes Claros, Dom Jos\u00e9 Carlos de Souza Campos, presided over the celebration, which was attended by various members of the ecclesiastical community and the faithful.<\/p>\n<p>The event, held at the Senhora Sant&#039;Ana parish, was attended by Father J\u00fanior de Oliveira Bento, parish administrator, and Father George Lu\u00eds Cardoso Silva, parish vicar and responsible for the renovation and adaptation of the church.<\/p>\n<p>The renovation not only transformed the physical structure, but also revitalized the spiritual space of the community.<\/p>\n<p><img fetchpriority=\"high\" decoding=\"async\" class=\"size-medium wp-image-11589 alignright\" src=\"https:\/\/www.padreeustaquio.com.br\/wp-content\/uploads\/2024\/09\/dedica-igreja-brasilia-de-minas-2-e1725306601125-253x300.jpeg\" alt=\"\" width=\"253\" height=\"300\" srcset=\"https:\/\/www.padreeustaquio.com.br\/wp-content\/uploads\/2024\/09\/dedica-igreja-brasilia-de-minas-2-e1725306601125-253x300.jpeg 253w, https:\/\/www.padreeustaquio.com.br\/wp-content\/uploads\/2024\/09\/dedica-igreja-brasilia-de-minas-2-e1725306601125.jpeg 575w\" sizes=\"(max-width: 253px) 100vw, 253px\" \/>One of the most touching moments of the ceremony was the deposition of the relics of saints and blessed figures on the altar. In addition to the relics of Blessed Father Eustace, there were relics of Saint Anthony of Sant&#039;Ana Galv\u00e3o, Saint Dulce Lopes Pontes, Saint Paulina of the Agonizing Heart of Jesus, Saint Ludovico Pavoni, Saint Mary Crucified, Saint Archangel Tadini, and Blessed James Alberione. The presence of these relics symbolizes the continuity of Catholic tradition and the intercession of the saints in the lives of the faithful.<\/p>\n<p>The church&#039;s dedication to Saint Joseph, patron saint of families and an example of faith and obedience, reinforces the importance of a life centered on spirituality and service to the community.<\/p>\n<p>The celebration was a milestone in the history of the local community, bringing together people of different ages and backgrounds in a demonstration of unity and faith.<\/p>\n\n\t\t<style type=\"text\/css\">\n\t\t\t#gallery-1 {\n\t\t\t\tmargin: auto;\n\t\t\t}\n\t\t\t#gallery-1 .gallery-item {\n\t\t\t\tfloat: left;\n\t\t\t\tmargin-top: 10px;\n\t\t\t\ttext-align: center;\n\t\t\t\twidth: 33%;\n\t\t\t}\n\t\t\t#gallery-1 img {\n\t\t\t\tborder: 2px solid #cfcfcf;\n\t\t\t}\n\t\t\t#gallery-1 .gallery-caption {\n\t\t\t\tmargin-left: 0;\n\t\t\t}\n\t\t\t\/* see gallery_shortcode() in wp-includes\/media.php *\/\n\t\t<\/style>\n\t\t<div id='gallery-1' class='gallery galleryid-11585 gallery-columns-3 gallery-size-thumbnail'><dl class='gallery-item'>\n\t\t\t<dt class='gallery-icon portrait'>\n\t\t\t\t<a href='https:\/\/www.padreeustaquio.com.br\/en\/church-dedicated-to-saint-joseph-in-brasilia-de-minas-receives-relic-of-father-eustaquio\/dedica-igreja-brasilia-de-minas-4-2\/'><img decoding=\"async\" width=\"150\" height=\"150\" src=\"https:\/\/www.padreeustaquio.com.br\/wp-content\/uploads\/2024\/09\/dedica-igreja-brasilia-de-minas-4-1-e1725306725934-150x150.jpeg\" class=\"attachment-thumbnail size-thumbnail\" alt=\"\" srcset=\"https:\/\/www.padreeustaquio.com.br\/wp-content\/uploads\/2024\/09\/dedica-igreja-brasilia-de-minas-4-1-e1725306725934-150x150.jpeg 150w, https:\/\/www.padreeustaquio.com.br\/wp-content\/uploads\/2024\/09\/dedica-igreja-brasilia-de-minas-4-1-e1725306725934-75x75.jpeg 75w, https:\/\/www.padreeustaquio.com.br\/wp-content\/uploads\/2024\/09\/dedica-igreja-brasilia-de-minas-4-1-e1725306725934-180x180.jpeg 180w, https:\/\/www.padreeustaquio.com.br\/wp-content\/uploads\/2024\/09\/dedica-igreja-brasilia-de-minas-4-1-e1725306725934-400x400.jpeg 400w\" sizes=\"(max-width: 150px) 100vw, 150px\" \/><\/a>\n\t\t\t<\/dt><\/dl><dl class='gallery-item'>\n\t\t\t<dt class='gallery-icon portrait'>\n\t\t\t\t<a href='https:\/\/www.padreeustaquio.com.br\/en\/church-dedicated-to-saint-joseph-in-brasilia-de-minas-receives-relic-of-father-eustaquio\/dedica-igreja-brasilia-de-minas-1\/'><img loading=\"lazy\" decoding=\"async\" width=\"150\" height=\"150\" src=\"https:\/\/www.padreeustaquio.com.br\/wp-content\/uploads\/2024\/09\/dedica-igreja-brasilia-de-minas-1-e1725306781955-150x150.jpeg\" class=\"attachment-thumbnail size-thumbnail\" alt=\"\" srcset=\"https:\/\/www.padreeustaquio.com.br\/wp-content\/uploads\/2024\/09\/dedica-igreja-brasilia-de-minas-1-e1725306781955-150x150.jpeg 150w, https:\/\/www.padreeustaquio.com.br\/wp-content\/uploads\/2024\/09\/dedica-igreja-brasilia-de-minas-1-e1725306781955-75x75.jpeg 75w, https:\/\/www.padreeustaquio.com.br\/wp-content\/uploads\/2024\/09\/dedica-igreja-brasilia-de-minas-1-e1725306781955-180x180.jpeg 180w, https:\/\/www.padreeustaquio.com.br\/wp-content\/uploads\/2024\/09\/dedica-igreja-brasilia-de-minas-1-e1725306781955-400x400.jpeg 400w\" sizes=\"(max-width: 150px) 100vw, 150px\" \/><\/a>\n\t\t\t<\/dt><\/dl>\n\t\t\t<br style='clear: both' \/>\n\t\t<\/div>","protected":false},"excerpt":{"rendered":"<p>Uma cerim\u00f4nia emocionante marcou a dedica\u00e7\u00e3o de uma nova igreja a S\u00e3o Jos\u00e9, em Bras\u00edlia de Minas, na regi\u00e3o do Vale do Rio Doce, em Minas Gerais. O altar recebeu a rel\u00edquia do Beato Padre Eust\u00e1quio. O arcebispo metropolitano de Montes Claros, Dom Jos\u00e9 Carlos de Souza Campos, presidiu a celebra\u00e7\u00e3o, que contou com a participa\u00e7\u00e3o de diversos membros da comunidade eclesi\u00e1stica e fi\u00e9is. O evento, realizado na par\u00f3quia Senhora Sant&#8217;Ana, teve a presen\u00e7a do padre J\u00fanior de Oliveira Bento, administrador paroquial, e do padre George Lu\u00eds Cardoso Silva, vig\u00e1rio paroquial e respons\u00e1vel pela reforma e adequa\u00e7\u00e3o da igreja. A [&hellip;]<\/p>\n","protected":false},"author":2,"featured_media":11586,"comment_status":"open","ping_status":"closed","sticky":false,"template":"","format":"standard","meta":{"_acf_changed":false,"footnotes":""},"categories":[611],"tags":[],"class_list":["post-11585","post","type-post","status-publish","format-standard","has-post-thumbnail","hentry","category-noticias"],"acf":[],"yoast_head":"<!-- This site is optimized with the Yoast SEO plugin v27.2 - https:\/\/yoast.com\/product\/yoast-seo-wordpress\/ -->\n<title>Igreja dedicada a S\u00e3o Jos\u00e9, em Bras\u00edlia de Minas, recebe rel\u00edquia de Padre Eust\u00e1quio<\/title>\n<meta name=\"description\" content=\"Uma cerim\u00f4nia emocionante marcou a dedica\u00e7\u00e3o de uma nova igreja a S\u00e3o Jos\u00e9, em Bras\u00edlia de Minas, na regi\u00e3o do Vale do Rio Doce, em Minas Gerais. O altar recebeu a rel\u00edquia do Beato Padre Eust\u00e1quio.\" \/>\n<meta name=\"robots\" content=\"index, follow, max-snippet:-1, max-image-preview:large, max-video-preview:-1\" \/>\n<link rel=\"canonical\" href=\"https:\/\/www.padreeustaquio.com.br\/en\/church-dedicated-to-saint-joseph-in-brasilia-de-minas-receives-relic-of-father-eustaquio\/\" \/>\n<meta property=\"og:locale\" content=\"en_US\" \/>\n<meta property=\"og:type\" content=\"article\" \/>\n<meta property=\"og:title\" content=\"Igreja dedicada a S\u00e3o Jos\u00e9, em Bras\u00edlia de Minas, recebe rel\u00edquia de Padre Eust\u00e1quio\" \/>\n<meta property=\"og:description\" content=\"Uma cerim\u00f4nia emocionante marcou a dedica\u00e7\u00e3o de uma nova igreja a S\u00e3o Jos\u00e9, em Bras\u00edlia de Minas, na regi\u00e3o do Vale do Rio Doce, em Minas Gerais. O altar recebeu a rel\u00edquia do Beato Padre Eust\u00e1quio.\" \/>\n<meta property=\"og:url\" content=\"https:\/\/www.padreeustaquio.com.br\/en\/church-dedicated-to-saint-joseph-in-brasilia-de-minas-receives-relic-of-father-eustaquio\/\" \/>\n<meta property=\"og:site_name\" content=\"Padre Eust\u00e1quio\" \/>\n<meta property=\"article:publisher\" content=\"https:\/\/www.facebook.com\/beatopadreeustaquio\/\" \/>\n<meta property=\"article:published_time\" content=\"2024-09-02T19:47:55+00:00\" \/>\n<meta property=\"article:modified_time\" content=\"2024-09-02T19:53:26+00:00\" \/>\n<meta property=\"og:image\" content=\"https:\/\/www.padreeustaquio.com.br\/wp-content\/uploads\/2024\/09\/dedica-igreja-brasilia-de-minas-4-e1725306535139.jpeg\" \/>\n\t<meta property=\"og:image:width\" content=\"573\" \/>\n\t<meta property=\"og:image:height\" content=\"295\" \/>\n\t<meta property=\"og:image:type\" content=\"image\/jpeg\" \/>\n<meta name=\"author\" content=\"@sscc\" \/>\n<meta name=\"twitter:card\" content=\"summary_large_image\" \/>\n<meta name=\"twitter:creator\" content=\"@beatopeustaquio\" \/>\n<meta name=\"twitter:site\" content=\"@beatopeustaquio\" \/>\n<meta name=\"twitter:label1\" content=\"Written by\" \/>\n\t<meta name=\"twitter:data1\" content=\"@sscc\" \/>\n\t<meta name=\"twitter:label2\" content=\"Est. reading time\" \/>\n\t<meta name=\"twitter:data2\" content=\"2 minutes\" \/>\n<script type=\"application\/ld+json\" class=\"yoast-schema-graph\">{\"@context\":\"https:\/\/schema.org\",\"@graph\":[{\"@type\":\"Article\",\"@id\":\"https:\/\/www.padreeustaquio.com.br\/igreja-dedicada-a-sao-jose-em-brasilia-de-minas-recebe-reliquia-de-padre-eustaquio\/#article\",\"isPartOf\":{\"@id\":\"https:\/\/www.padreeustaquio.com.br\/igreja-dedicada-a-sao-jose-em-brasilia-de-minas-recebe-reliquia-de-padre-eustaquio\/\"},\"author\":{\"name\":\"@sscc\",\"@id\":\"https:\/\/www.padreeustaquio.com.br\/#\/schema\/person\/a2a51db1d00f1a7af0204a0f1ddb1566\"},\"headline\":\"Igreja dedicada a S\u00e3o Jos\u00e9, em Bras\u00edlia de Minas, recebe rel\u00edquia de Padre Eust\u00e1quio\",\"datePublished\":\"2024-09-02T19:47:55+00:00\",\"dateModified\":\"2024-09-02T19:53:26+00:00\",\"mainEntityOfPage\":{\"@id\":\"https:\/\/www.padreeustaquio.com.br\/igreja-dedicada-a-sao-jose-em-brasilia-de-minas-recebe-reliquia-de-padre-eustaquio\/\"},\"wordCount\":318,\"commentCount\":0,\"publisher\":{\"@id\":\"https:\/\/www.padreeustaquio.com.br\/#organization\"},\"image\":{\"@id\":\"https:\/\/www.padreeustaquio.com.br\/igreja-dedicada-a-sao-jose-em-brasilia-de-minas-recebe-reliquia-de-padre-eustaquio\/#primaryimage\"},\"thumbnailUrl\":\"https:\/\/www.padreeustaquio.com.br\/wp-content\/uploads\/2024\/09\/dedica-igreja-brasilia-de-minas-4-e1725306535139.jpeg\",\"articleSection\":[\"Not\u00edcias\"],\"inLanguage\":\"en-US\",\"potentialAction\":[{\"@type\":\"CommentAction\",\"name\":\"Comment\",\"target\":[\"https:\/\/www.padreeustaquio.com.br\/igreja-dedicada-a-sao-jose-em-brasilia-de-minas-recebe-reliquia-de-padre-eustaquio\/#respond\"]}]},{\"@type\":\"WebPage\",\"@id\":\"https:\/\/www.padreeustaquio.com.br\/igreja-dedicada-a-sao-jose-em-brasilia-de-minas-recebe-reliquia-de-padre-eustaquio\/\",\"url\":\"https:\/\/www.padreeustaquio.com.br\/igreja-dedicada-a-sao-jose-em-brasilia-de-minas-recebe-reliquia-de-padre-eustaquio\/\",\"name\":\"Igreja dedicada a S\u00e3o Jos\u00e9, em Bras\u00edlia de Minas, recebe rel\u00edquia de Padre Eust\u00e1quio\",\"isPartOf\":{\"@id\":\"https:\/\/www.padreeustaquio.com.br\/#website\"},\"primaryImageOfPage\":{\"@id\":\"https:\/\/www.padreeustaquio.com.br\/igreja-dedicada-a-sao-jose-em-brasilia-de-minas-recebe-reliquia-de-padre-eustaquio\/#primaryimage\"},\"image\":{\"@id\":\"https:\/\/www.padreeustaquio.com.br\/igreja-dedicada-a-sao-jose-em-brasilia-de-minas-recebe-reliquia-de-padre-eustaquio\/#primaryimage\"},\"thumbnailUrl\":\"https:\/\/www.padreeustaquio.com.br\/wp-content\/uploads\/2024\/09\/dedica-igreja-brasilia-de-minas-4-e1725306535139.jpeg\",\"datePublished\":\"2024-09-02T19:47:55+00:00\",\"dateModified\":\"2024-09-02T19:53:26+00:00\",\"description\":\"Uma cerim\u00f4nia emocionante marcou a dedica\u00e7\u00e3o de uma nova igreja a S\u00e3o Jos\u00e9, em Bras\u00edlia de Minas, na regi\u00e3o do Vale do Rio Doce, em Minas Gerais. O altar recebeu a rel\u00edquia do Beato Padre Eust\u00e1quio.\",\"breadcrumb\":{\"@id\":\"https:\/\/www.padreeustaquio.com.br\/igreja-dedicada-a-sao-jose-em-brasilia-de-minas-recebe-reliquia-de-padre-eustaquio\/#breadcrumb\"},\"inLanguage\":\"en-US\",\"potentialAction\":[{\"@type\":\"ReadAction\",\"target\":[\"https:\/\/www.padreeustaquio.com.br\/igreja-dedicada-a-sao-jose-em-brasilia-de-minas-recebe-reliquia-de-padre-eustaquio\/\"]}]},{\"@type\":\"ImageObject\",\"inLanguage\":\"en-US\",\"@id\":\"https:\/\/www.padreeustaquio.com.br\/igreja-dedicada-a-sao-jose-em-brasilia-de-minas-recebe-reliquia-de-padre-eustaquio\/#primaryimage\",\"url\":\"https:\/\/www.padreeustaquio.com.br\/wp-content\/uploads\/2024\/09\/dedica-igreja-brasilia-de-minas-4-e1725306535139.jpeg\",\"contentUrl\":\"https:\/\/www.padreeustaquio.com.br\/wp-content\/uploads\/2024\/09\/dedica-igreja-brasilia-de-minas-4-e1725306535139.jpeg\",\"width\":573,\"height\":295},{\"@type\":\"BreadcrumbList\",\"@id\":\"https:\/\/www.padreeustaquio.com.br\/igreja-dedicada-a-sao-jose-em-brasilia-de-minas-recebe-reliquia-de-padre-eustaquio\/#breadcrumb\",\"itemListElement\":[{\"@type\":\"ListItem\",\"position\":1,\"name\":\"In\u00edcio\",\"item\":\"https:\/\/www.padreeustaquio.com.br\/\"},{\"@type\":\"ListItem\",\"position\":2,\"name\":\"Igreja dedicada a S\u00e3o Jos\u00e9, em Bras\u00edlia de Minas, recebe rel\u00edquia de Padre Eust\u00e1quio\"}]},{\"@type\":\"WebSite\",\"@id\":\"https:\/\/www.padreeustaquio.com.br\/#website\",\"url\":\"https:\/\/www.padreeustaquio.com.br\/\",\"name\":\"Padre Eust\u00e1quio\",\"description\":\"Sa\u00fade e Paz\",\"publisher\":{\"@id\":\"https:\/\/www.padreeustaquio.com.br\/#organization\"},\"potentialAction\":[{\"@type\":\"SearchAction\",\"target\":{\"@type\":\"EntryPoint\",\"urlTemplate\":\"https:\/\/www.padreeustaquio.com.br\/?s={search_term_string}\"},\"query-input\":{\"@type\":\"PropertyValueSpecification\",\"valueRequired\":true,\"valueName\":\"search_term_string\"}}],\"inLanguage\":\"en-US\"},{\"@type\":\"Organization\",\"@id\":\"https:\/\/www.padreeustaquio.com.br\/#organization\",\"name\":\"Padre Eust\u00e1quio\",\"url\":\"https:\/\/www.padreeustaquio.com.br\/\",\"logo\":{\"@type\":\"ImageObject\",\"inLanguage\":\"en-US\",\"@id\":\"https:\/\/www.padreeustaquio.com.br\/#\/schema\/logo\/image\/\",\"url\":\"https:\/\/www.padreeustaquio.com.br\/wp-content\/uploads\/2019\/08\/marca.png\",\"contentUrl\":\"https:\/\/www.padreeustaquio.com.br\/wp-content\/uploads\/2019\/08\/marca.png\",\"width\":350,\"height\":400,\"caption\":\"Padre Eust\u00e1quio\"},\"image\":{\"@id\":\"https:\/\/www.padreeustaquio.com.br\/#\/schema\/logo\/image\/\"},\"sameAs\":[\"https:\/\/www.facebook.com\/beatopadreeustaquio\/\",\"https:\/\/x.com\/beatopeustaquio\",\"https:\/\/www.instagram.com\/beatopadreeustaquio\/\",\"https:\/\/www.youtube.com\/channel\/UCRhw7vfabnajwLxb1ZXMeIw\"]},{\"@type\":\"Person\",\"@id\":\"https:\/\/www.padreeustaquio.com.br\/#\/schema\/person\/a2a51db1d00f1a7af0204a0f1ddb1566\",\"name\":\"@sscc\",\"image\":{\"@type\":\"ImageObject\",\"inLanguage\":\"en-US\",\"@id\":\"https:\/\/secure.gravatar.com\/avatar\/68cfafa5f44617fea54071e215026e0ff06be366c3d54a8425f04fdcb86f8c5f?s=96&d=mm&r=g\",\"url\":\"https:\/\/secure.gravatar.com\/avatar\/68cfafa5f44617fea54071e215026e0ff06be366c3d54a8425f04fdcb86f8c5f?s=96&d=mm&r=g\",\"contentUrl\":\"https:\/\/secure.gravatar.com\/avatar\/68cfafa5f44617fea54071e215026e0ff06be366c3d54a8425f04fdcb86f8c5f?s=96&d=mm&r=g\",\"caption\":\"@sscc\"},\"url\":\"https:\/\/www.padreeustaquio.com.br\/en\/author\/sscc\/\"}]}<\/script>\n<!-- \/ Yoast SEO plugin. -->","yoast_head_json":{"title":"Church dedicated to Saint Joseph, in Bras\u00edlia de Minas, receives relic of Father Eust\u00e1quio.","description":"An emotional ceremony marked the dedication of a new church to Saint Joseph in Bras\u00edlia de Minas, in the Rio Doce Valley region of Minas Gerais. The altar received the relic of Blessed Father Eust\u00e1quio.","robots":{"index":"index","follow":"follow","max-snippet":"max-snippet:-1","max-image-preview":"max-image-preview:large","max-video-preview":"max-video-preview:-1"},"canonical":"https:\/\/www.padreeustaquio.com.br\/en\/church-dedicated-to-saint-joseph-in-brasilia-de-minas-receives-relic-of-father-eustaquio\/","og_locale":"en_US","og_type":"article","og_title":"Igreja dedicada a S\u00e3o Jos\u00e9, em Bras\u00edlia de Minas, recebe rel\u00edquia de Padre Eust\u00e1quio","og_description":"Uma cerim\u00f4nia emocionante marcou a dedica\u00e7\u00e3o de uma nova igreja a S\u00e3o Jos\u00e9, em Bras\u00edlia de Minas, na regi\u00e3o do Vale do Rio Doce, em Minas Gerais. O altar recebeu a rel\u00edquia do Beato Padre Eust\u00e1quio.","og_url":"https:\/\/www.padreeustaquio.com.br\/en\/church-dedicated-to-saint-joseph-in-brasilia-de-minas-receives-relic-of-father-eustaquio\/","og_site_name":"Padre Eust\u00e1quio","article_publisher":"https:\/\/www.facebook.com\/beatopadreeustaquio\/","article_published_time":"2024-09-02T19:47:55+00:00","article_modified_time":"2024-09-02T19:53:26+00:00","og_image":[{"width":573,"height":295,"url":"https:\/\/www.padreeustaquio.com.br\/wp-content\/uploads\/2024\/09\/dedica-igreja-brasilia-de-minas-4-e1725306535139.jpeg","type":"image\/jpeg"}],"author":"@sscc","twitter_card":"summary_large_image","twitter_creator":"@beatopeustaquio","twitter_site":"@beatopeustaquio","twitter_misc":{"Written by":"@sscc","Est. reading time":"2 minutes"},"schema":{"@context":"https:\/\/schema.org","@graph":[{"@type":"Article","@id":"https:\/\/www.padreeustaquio.com.br\/igreja-dedicada-a-sao-jose-em-brasilia-de-minas-recebe-reliquia-de-padre-eustaquio\/#article","isPartOf":{"@id":"https:\/\/www.padreeustaquio.com.br\/igreja-dedicada-a-sao-jose-em-brasilia-de-minas-recebe-reliquia-de-padre-eustaquio\/"},"author":{"name":"@sscc","@id":"https:\/\/www.padreeustaquio.com.br\/#\/schema\/person\/a2a51db1d00f1a7af0204a0f1ddb1566"},"headline":"Igreja dedicada a S\u00e3o Jos\u00e9, em Bras\u00edlia de Minas, recebe rel\u00edquia de Padre Eust\u00e1quio","datePublished":"2024-09-02T19:47:55+00:00","dateModified":"2024-09-02T19:53:26+00:00","mainEntityOfPage":{"@id":"https:\/\/www.padreeustaquio.com.br\/igreja-dedicada-a-sao-jose-em-brasilia-de-minas-recebe-reliquia-de-padre-eustaquio\/"},"wordCount":318,"commentCount":0,"publisher":{"@id":"https:\/\/www.padreeustaquio.com.br\/#organization"},"image":{"@id":"https:\/\/www.padreeustaquio.com.br\/igreja-dedicada-a-sao-jose-em-brasilia-de-minas-recebe-reliquia-de-padre-eustaquio\/#primaryimage"},"thumbnailUrl":"https:\/\/www.padreeustaquio.com.br\/wp-content\/uploads\/2024\/09\/dedica-igreja-brasilia-de-minas-4-e1725306535139.jpeg","articleSection":["Not\u00edcias"],"inLanguage":"en-US","potentialAction":[{"@type":"CommentAction","name":"Comment","target":["https:\/\/www.padreeustaquio.com.br\/igreja-dedicada-a-sao-jose-em-brasilia-de-minas-recebe-reliquia-de-padre-eustaquio\/#respond"]}]},{"@type":"WebPage","@id":"https:\/\/www.padreeustaquio.com.br\/igreja-dedicada-a-sao-jose-em-brasilia-de-minas-recebe-reliquia-de-padre-eustaquio\/","url":"https:\/\/www.padreeustaquio.com.br\/igreja-dedicada-a-sao-jose-em-brasilia-de-minas-recebe-reliquia-de-padre-eustaquio\/","name":"Church dedicated to Saint Joseph, in Bras\u00edlia de Minas, receives relic of Father Eust\u00e1quio.","isPartOf":{"@id":"https:\/\/www.padreeustaquio.com.br\/#website"},"primaryImageOfPage":{"@id":"https:\/\/www.padreeustaquio.com.br\/igreja-dedicada-a-sao-jose-em-brasilia-de-minas-recebe-reliquia-de-padre-eustaquio\/#primaryimage"},"image":{"@id":"https:\/\/www.padreeustaquio.com.br\/igreja-dedicada-a-sao-jose-em-brasilia-de-minas-recebe-reliquia-de-padre-eustaquio\/#primaryimage"},"thumbnailUrl":"https:\/\/www.padreeustaquio.com.br\/wp-content\/uploads\/2024\/09\/dedica-igreja-brasilia-de-minas-4-e1725306535139.jpeg","datePublished":"2024-09-02T19:47:55+00:00","dateModified":"2024-09-02T19:53:26+00:00","description":"An emotional ceremony marked the dedication of a new church to Saint Joseph in Bras\u00edlia de Minas, in the Rio Doce Valley region of Minas Gerais. The altar received the relic of Blessed Father Eust\u00e1quio.","breadcrumb":{"@id":"https:\/\/www.padreeustaquio.com.br\/igreja-dedicada-a-sao-jose-em-brasilia-de-minas-recebe-reliquia-de-padre-eustaquio\/#breadcrumb"},"inLanguage":"en-US","potentialAction":[{"@type":"ReadAction","target":["https:\/\/www.padreeustaquio.com.br\/igreja-dedicada-a-sao-jose-em-brasilia-de-minas-recebe-reliquia-de-padre-eustaquio\/"]}]},{"@type":"ImageObject","inLanguage":"en-US","@id":"https:\/\/www.padreeustaquio.com.br\/igreja-dedicada-a-sao-jose-em-brasilia-de-minas-recebe-reliquia-de-padre-eustaquio\/#primaryimage","url":"https:\/\/www.padreeustaquio.com.br\/wp-content\/uploads\/2024\/09\/dedica-igreja-brasilia-de-minas-4-e1725306535139.jpeg","contentUrl":"https:\/\/www.padreeustaquio.com.br\/wp-content\/uploads\/2024\/09\/dedica-igreja-brasilia-de-minas-4-e1725306535139.jpeg","width":573,"height":295},{"@type":"BreadcrumbList","@id":"https:\/\/www.padreeustaquio.com.br\/igreja-dedicada-a-sao-jose-em-brasilia-de-minas-recebe-reliquia-de-padre-eustaquio\/#breadcrumb","itemListElement":[{"@type":"ListItem","position":1,"name":"In\u00edcio","item":"https:\/\/www.padreeustaquio.com.br\/"},{"@type":"ListItem","position":2,"name":"Igreja dedicada a S\u00e3o Jos\u00e9, em Bras\u00edlia de Minas, recebe rel\u00edquia de Padre Eust\u00e1quio"}]},{"@type":"WebSite","@id":"https:\/\/www.padreeustaquio.com.br\/#website","url":"https:\/\/www.padreeustaquio.com.br\/","name":"FATHER EUST\u00c1QUIO","description":"Health and Peace","publisher":{"@id":"https:\/\/www.padreeustaquio.com.br\/#organization"},"potentialAction":[{"@type":"SearchAction","target":{"@type":"EntryPoint","urlTemplate":"https:\/\/www.padreeustaquio.com.br\/?s={search_term_string}"},"query-input":{"@type":"PropertyValueSpecification","valueRequired":true,"valueName":"search_term_string"}}],"inLanguage":"en-US"},{"@type":"Organization","@id":"https:\/\/www.padreeustaquio.com.br\/#organization","name":"FATHER EUST\u00c1QUIO","url":"https:\/\/www.padreeustaquio.com.br\/","logo":{"@type":"ImageObject","inLanguage":"en-US","@id":"https:\/\/www.padreeustaquio.com.br\/#\/schema\/logo\/image\/","url":"https:\/\/www.padreeustaquio.com.br\/wp-content\/uploads\/2019\/08\/marca.png","contentUrl":"https:\/\/www.padreeustaquio.com.br\/wp-content\/uploads\/2019\/08\/marca.png","width":350,"height":400,"caption":"Padre Eust\u00e1quio"},"image":{"@id":"https:\/\/www.padreeustaquio.com.br\/#\/schema\/logo\/image\/"},"sameAs":["https:\/\/www.facebook.com\/beatopadreeustaquio\/","https:\/\/x.com\/beatopeustaquio","https:\/\/www.instagram.com\/beatopadreeustaquio\/","https:\/\/www.youtube.com\/channel\/UCRhw7vfabnajwLxb1ZXMeIw"]},{"@type":"Person","@id":"https:\/\/www.padreeustaquio.com.br\/#\/schema\/person\/a2a51db1d00f1a7af0204a0f1ddb1566","name":"@sscc","image":{"@type":"ImageObject","inLanguage":"en-US","@id":"https:\/\/secure.gravatar.com\/avatar\/68cfafa5f44617fea54071e215026e0ff06be366c3d54a8425f04fdcb86f8c5f?s=96&d=mm&r=g","url":"https:\/\/secure.gravatar.com\/avatar\/68cfafa5f44617fea54071e215026e0ff06be366c3d54a8425f04fdcb86f8c5f?s=96&d=mm&r=g","contentUrl":"https:\/\/secure.gravatar.com\/avatar\/68cfafa5f44617fea54071e215026e0ff06be366c3d54a8425f04fdcb86f8c5f?s=96&d=mm&r=g","caption":"@sscc"},"url":"https:\/\/www.padreeustaquio.com.br\/en\/author\/sscc\/"}]}},"_links":{"self":[{"href":"https:\/\/www.padreeustaquio.com.br\/en\/wp-json\/wp\/v2\/posts\/11585","targetHints":{"allow":["GET"]}}],"collection":[{"href":"https:\/\/www.padreeustaquio.com.br\/en\/wp-json\/wp\/v2\/posts"}],"about":[{"href":"https:\/\/www.padreeustaquio.com.br\/en\/wp-json\/wp\/v2\/types\/post"}],"author":[{"embeddable":true,"href":"https:\/\/www.padreeustaquio.com.br\/en\/wp-json\/wp\/v2\/users\/2"}],"replies":[{"embeddable":true,"href":"https:\/\/www.padreeustaquio.com.br\/en\/wp-json\/wp\/v2\/comments?post=11585"}],"version-history":[{"count":0,"href":"https:\/\/www.padreeustaquio.com.br\/en\/wp-json\/wp\/v2\/posts\/11585\/revisions"}],"wp:featuredmedia":[{"embeddable":true,"href":"https:\/\/www.padreeustaquio.com.br\/en\/wp-json\/wp\/v2\/media\/11586"}],"wp:attachment":[{"href":"https:\/\/www.padreeustaquio.com.br\/en\/wp-json\/wp\/v2\/media?parent=11585"}],"wp:term":[{"taxonomy":"category","embeddable":true,"href":"https:\/\/www.padreeustaquio.com.br\/en\/wp-json\/wp\/v2\/categories?post=11585"},{"taxonomy":"post_tag","embeddable":true,"href":"https:\/\/www.padreeustaquio.com.br\/en\/wp-json\/wp\/v2\/tags?post=11585"}],"curies":[{"name":"wp","href":"https:\/\/api.w.org\/{rel}","templated":true}]}}