{"id":11582,"date":"2024-08-30T07:28:18","date_gmt":"2024-08-30T10:28:18","guid":{"rendered":"https:\/\/www.padreeustaquio.com.br\/?p=11582"},"modified":"2024-08-30T07:28:18","modified_gmt":"2024-08-30T10:28:18","slug":"on-the-day-of-blessed-father-eustace-join-us-in-the-celebrations","status":"publish","type":"post","link":"https:\/\/www.padreeustaquio.com.br\/en\/on-the-day-of-blessed-father-eustace-join-us-in-the-celebrations\/","title":{"rendered":"On the Feast Day of Blessed Father Eustace, join us in the celebrations."},"content":{"rendered":"<p>August 30th is the liturgical date on which we celebrate Blessed Father Eustace, the missionary of Health and Peace. In various parts of Brazil and the world, devotees commemorate the blessed and pray for his canonization. In Belo Horizonte, nine masses, rosaries, adoration, and confession are part of the program at the Sanctuary of Health and Peace.<\/p>\n<p>Throughout the day, the faithful also visit the Memorial where the remains of the Blessed are kept, and the Museum, which now has a lift platform, making it easier for those with mobility issues to enter.<\/p>\n<p>All programming is being broadcast by <a href=\"https:\/\/www.youtube.com\/c\/CanalPadreEust%C3%A1quio\">FATHER EUST\u00c1QUIO CHANNEL<\/a>. If you are unable to attend in person, please follow along and pray with us.<\/p>\n<p>Health and Peace<\/p>","protected":false},"excerpt":{"rendered":"<p>Dia 30 de agosto \u00e9 a data lit\u00fargica em que celebramos o Bem-Aventurado Padre Eust\u00e1quio, o mission\u00e1rio da Sa\u00fade e da Paz. Em v\u00e1rias partes do Brasil e do mundo, devotos fazem mem\u00f3ria ao beato e rezam pela sua canoniza\u00e7\u00e3o. Em Belo Horizonte, nove missas, ter\u00e7os, adora\u00e7\u00e3o e confiss\u00e3o fazem parte da programa\u00e7\u00e3o do Santu\u00e1rio da Sa\u00fade e da Paz. Durante todo o dia os fi\u00e9is tamb\u00e9m visitam o Memorial onde est\u00e3o os restos mortais do beato e o Museu, que agora conta com uma plataforma elevat\u00f3ria, facilitando a entrada de quem tem algum problema de mobilidade. Toda a programa\u00e7\u00e3o [&hellip;]<\/p>\n","protected":false},"author":2,"featured_media":11583,"comment_status":"open","ping_status":"closed","sticky":false,"template":"","format":"standard","meta":{"_acf_changed":false,"footnotes":""},"categories":[611],"tags":[],"class_list":["post-11582","post","type-post","status-publish","format-standard","has-post-thumbnail","hentry","category-noticias"],"acf":[],"yoast_head":"<!-- This site is optimized with the Yoast SEO plugin v27.2 - https:\/\/yoast.com\/product\/yoast-seo-wordpress\/ -->\n<title>Dia do Beato Padre Eust\u00e1quio participe conosco das celebra\u00e7\u00f5es<\/title>\n<meta name=\"description\" content=\"Dia 30 de agosto \u00e9 a data lit\u00fargica em que celebramos o Bem-Aventurado Padre Eust\u00e1quio, o mission\u00e1rio da Sa\u00fade e da Paz. Em v\u00e1rias partes do Brasil e do mundo, devotos fazem mem\u00f3ria ao beato e rezam pela sua canoniza\u00e7\u00e3o. Em Belo Horizonte, nove missas, ter\u00e7os, adora\u00e7\u00e3o e confiss\u00e3o fazem parte da programa\u00e7\u00e3o do Santu\u00e1rio da Sa\u00fade e da Paz.\" \/>\n<meta name=\"robots\" content=\"index, follow, max-snippet:-1, max-image-preview:large, max-video-preview:-1\" \/>\n<link rel=\"canonical\" href=\"https:\/\/www.padreeustaquio.com.br\/en\/on-the-day-of-blessed-father-eustace-join-us-in-the-celebrations\/\" \/>\n<meta property=\"og:locale\" content=\"en_US\" \/>\n<meta property=\"og:type\" content=\"article\" \/>\n<meta property=\"og:title\" content=\"Dia do Beato Padre Eust\u00e1quio participe conosco das celebra\u00e7\u00f5es\" \/>\n<meta property=\"og:description\" content=\"Dia 30 de agosto \u00e9 a data lit\u00fargica em que celebramos o Bem-Aventurado Padre Eust\u00e1quio, o mission\u00e1rio da Sa\u00fade e da Paz. Em v\u00e1rias partes do Brasil e do mundo, devotos fazem mem\u00f3ria ao beato e rezam pela sua canoniza\u00e7\u00e3o. Em Belo Horizonte, nove missas, ter\u00e7os, adora\u00e7\u00e3o e confiss\u00e3o fazem parte da programa\u00e7\u00e3o do Santu\u00e1rio da Sa\u00fade e da Paz.\" \/>\n<meta property=\"og:url\" content=\"https:\/\/www.padreeustaquio.com.br\/en\/on-the-day-of-blessed-father-eustace-join-us-in-the-celebrations\/\" \/>\n<meta property=\"og:site_name\" content=\"Padre Eust\u00e1quio\" \/>\n<meta property=\"article:publisher\" content=\"https:\/\/www.facebook.com\/beatopadreeustaquio\/\" \/>\n<meta property=\"article:published_time\" content=\"2024-08-30T10:28:18+00:00\" \/>\n<meta property=\"og:image\" content=\"https:\/\/www.padreeustaquio.com.br\/wp-content\/uploads\/2024\/08\/dia-do-padre-eustaquio-e1725013659213.jpeg\" \/>\n\t<meta property=\"og:image:width\" content=\"1200\" \/>\n\t<meta property=\"og:image:height\" content=\"717\" \/>\n\t<meta property=\"og:image:type\" content=\"image\/jpeg\" \/>\n<meta name=\"author\" content=\"@sscc\" \/>\n<meta name=\"twitter:card\" content=\"summary_large_image\" \/>\n<meta name=\"twitter:creator\" content=\"@beatopeustaquio\" \/>\n<meta name=\"twitter:site\" content=\"@beatopeustaquio\" \/>\n<meta name=\"twitter:label1\" content=\"Written by\" \/>\n\t<meta name=\"twitter:data1\" content=\"@sscc\" \/>\n\t<meta name=\"twitter:label2\" content=\"Est. reading time\" \/>\n\t<meta name=\"twitter:data2\" content=\"1 minute\" \/>\n<script type=\"application\/ld+json\" class=\"yoast-schema-graph\">{\"@context\":\"https:\/\/schema.org\",\"@graph\":[{\"@type\":\"Article\",\"@id\":\"https:\/\/www.padreeustaquio.com.br\/dia-do-beato-padre-eustaquio-participe-conosco-das-celebracoes\/#article\",\"isPartOf\":{\"@id\":\"https:\/\/www.padreeustaquio.com.br\/dia-do-beato-padre-eustaquio-participe-conosco-das-celebracoes\/\"},\"author\":{\"name\":\"@sscc\",\"@id\":\"https:\/\/www.padreeustaquio.com.br\/#\/schema\/person\/a2a51db1d00f1a7af0204a0f1ddb1566\"},\"headline\":\"Dia do Beato Padre Eust\u00e1quio participe conosco das celebra\u00e7\u00f5es\",\"datePublished\":\"2024-08-30T10:28:18+00:00\",\"mainEntityOfPage\":{\"@id\":\"https:\/\/www.padreeustaquio.com.br\/dia-do-beato-padre-eustaquio-participe-conosco-das-celebracoes\/\"},\"wordCount\":150,\"commentCount\":0,\"publisher\":{\"@id\":\"https:\/\/www.padreeustaquio.com.br\/#organization\"},\"image\":{\"@id\":\"https:\/\/www.padreeustaquio.com.br\/dia-do-beato-padre-eustaquio-participe-conosco-das-celebracoes\/#primaryimage\"},\"thumbnailUrl\":\"https:\/\/www.padreeustaquio.com.br\/wp-content\/uploads\/2024\/08\/dia-do-padre-eustaquio-e1725013659213.jpeg\",\"articleSection\":[\"Not\u00edcias\"],\"inLanguage\":\"en-US\",\"potentialAction\":[{\"@type\":\"CommentAction\",\"name\":\"Comment\",\"target\":[\"https:\/\/www.padreeustaquio.com.br\/dia-do-beato-padre-eustaquio-participe-conosco-das-celebracoes\/#respond\"]}]},{\"@type\":\"WebPage\",\"@id\":\"https:\/\/www.padreeustaquio.com.br\/dia-do-beato-padre-eustaquio-participe-conosco-das-celebracoes\/\",\"url\":\"https:\/\/www.padreeustaquio.com.br\/dia-do-beato-padre-eustaquio-participe-conosco-das-celebracoes\/\",\"name\":\"Dia do Beato Padre Eust\u00e1quio participe conosco das celebra\u00e7\u00f5es\",\"isPartOf\":{\"@id\":\"https:\/\/www.padreeustaquio.com.br\/#website\"},\"primaryImageOfPage\":{\"@id\":\"https:\/\/www.padreeustaquio.com.br\/dia-do-beato-padre-eustaquio-participe-conosco-das-celebracoes\/#primaryimage\"},\"image\":{\"@id\":\"https:\/\/www.padreeustaquio.com.br\/dia-do-beato-padre-eustaquio-participe-conosco-das-celebracoes\/#primaryimage\"},\"thumbnailUrl\":\"https:\/\/www.padreeustaquio.com.br\/wp-content\/uploads\/2024\/08\/dia-do-padre-eustaquio-e1725013659213.jpeg\",\"datePublished\":\"2024-08-30T10:28:18+00:00\",\"description\":\"Dia 30 de agosto \u00e9 a data lit\u00fargica em que celebramos o Bem-Aventurado Padre Eust\u00e1quio, o mission\u00e1rio da Sa\u00fade e da Paz. Em v\u00e1rias partes do Brasil e do mundo, devotos fazem mem\u00f3ria ao beato e rezam pela sua canoniza\u00e7\u00e3o. Em Belo Horizonte, nove missas, ter\u00e7os, adora\u00e7\u00e3o e confiss\u00e3o fazem parte da programa\u00e7\u00e3o do Santu\u00e1rio da Sa\u00fade e da Paz.\",\"breadcrumb\":{\"@id\":\"https:\/\/www.padreeustaquio.com.br\/dia-do-beato-padre-eustaquio-participe-conosco-das-celebracoes\/#breadcrumb\"},\"inLanguage\":\"en-US\",\"potentialAction\":[{\"@type\":\"ReadAction\",\"target\":[\"https:\/\/www.padreeustaquio.com.br\/dia-do-beato-padre-eustaquio-participe-conosco-das-celebracoes\/\"]}]},{\"@type\":\"ImageObject\",\"inLanguage\":\"en-US\",\"@id\":\"https:\/\/www.padreeustaquio.com.br\/dia-do-beato-padre-eustaquio-participe-conosco-das-celebracoes\/#primaryimage\",\"url\":\"https:\/\/www.padreeustaquio.com.br\/wp-content\/uploads\/2024\/08\/dia-do-padre-eustaquio-e1725013659213.jpeg\",\"contentUrl\":\"https:\/\/www.padreeustaquio.com.br\/wp-content\/uploads\/2024\/08\/dia-do-padre-eustaquio-e1725013659213.jpeg\",\"width\":1200,\"height\":717},{\"@type\":\"BreadcrumbList\",\"@id\":\"https:\/\/www.padreeustaquio.com.br\/dia-do-beato-padre-eustaquio-participe-conosco-das-celebracoes\/#breadcrumb\",\"itemListElement\":[{\"@type\":\"ListItem\",\"position\":1,\"name\":\"In\u00edcio\",\"item\":\"https:\/\/www.padreeustaquio.com.br\/\"},{\"@type\":\"ListItem\",\"position\":2,\"name\":\"Dia do Beato Padre Eust\u00e1quio participe conosco das celebra\u00e7\u00f5es\"}]},{\"@type\":\"WebSite\",\"@id\":\"https:\/\/www.padreeustaquio.com.br\/#website\",\"url\":\"https:\/\/www.padreeustaquio.com.br\/\",\"name\":\"Padre Eust\u00e1quio\",\"description\":\"Sa\u00fade e Paz\",\"publisher\":{\"@id\":\"https:\/\/www.padreeustaquio.com.br\/#organization\"},\"potentialAction\":[{\"@type\":\"SearchAction\",\"target\":{\"@type\":\"EntryPoint\",\"urlTemplate\":\"https:\/\/www.padreeustaquio.com.br\/?s={search_term_string}\"},\"query-input\":{\"@type\":\"PropertyValueSpecification\",\"valueRequired\":true,\"valueName\":\"search_term_string\"}}],\"inLanguage\":\"en-US\"},{\"@type\":\"Organization\",\"@id\":\"https:\/\/www.padreeustaquio.com.br\/#organization\",\"name\":\"Padre Eust\u00e1quio\",\"url\":\"https:\/\/www.padreeustaquio.com.br\/\",\"logo\":{\"@type\":\"ImageObject\",\"inLanguage\":\"en-US\",\"@id\":\"https:\/\/www.padreeustaquio.com.br\/#\/schema\/logo\/image\/\",\"url\":\"https:\/\/www.padreeustaquio.com.br\/wp-content\/uploads\/2019\/08\/marca.png\",\"contentUrl\":\"https:\/\/www.padreeustaquio.com.br\/wp-content\/uploads\/2019\/08\/marca.png\",\"width\":350,\"height\":400,\"caption\":\"Padre Eust\u00e1quio\"},\"image\":{\"@id\":\"https:\/\/www.padreeustaquio.com.br\/#\/schema\/logo\/image\/\"},\"sameAs\":[\"https:\/\/www.facebook.com\/beatopadreeustaquio\/\",\"https:\/\/x.com\/beatopeustaquio\",\"https:\/\/www.instagram.com\/beatopadreeustaquio\/\",\"https:\/\/www.youtube.com\/channel\/UCRhw7vfabnajwLxb1ZXMeIw\"]},{\"@type\":\"Person\",\"@id\":\"https:\/\/www.padreeustaquio.com.br\/#\/schema\/person\/a2a51db1d00f1a7af0204a0f1ddb1566\",\"name\":\"@sscc\",\"image\":{\"@type\":\"ImageObject\",\"inLanguage\":\"en-US\",\"@id\":\"https:\/\/secure.gravatar.com\/avatar\/68cfafa5f44617fea54071e215026e0ff06be366c3d54a8425f04fdcb86f8c5f?s=96&d=mm&r=g\",\"url\":\"https:\/\/secure.gravatar.com\/avatar\/68cfafa5f44617fea54071e215026e0ff06be366c3d54a8425f04fdcb86f8c5f?s=96&d=mm&r=g\",\"contentUrl\":\"https:\/\/secure.gravatar.com\/avatar\/68cfafa5f44617fea54071e215026e0ff06be366c3d54a8425f04fdcb86f8c5f?s=96&d=mm&r=g\",\"caption\":\"@sscc\"},\"url\":\"https:\/\/www.padreeustaquio.com.br\/en\/author\/sscc\/\"}]}<\/script>\n<!-- \/ Yoast SEO plugin. -->","yoast_head_json":{"title":"On the Feast Day of Blessed Father Eustace, join us in the celebrations.","description":"August 30th is the liturgical date on which we celebrate Blessed Father Eustace, the missionary of Health and Peace. In various parts of Brazil and the world, devotees commemorate the blessed and pray for his canonization. In Belo Horizonte, nine masses, rosaries, adoration, and confession are part of the program at the Sanctuary of Health and Peace.","robots":{"index":"index","follow":"follow","max-snippet":"max-snippet:-1","max-image-preview":"max-image-preview:large","max-video-preview":"max-video-preview:-1"},"canonical":"https:\/\/www.padreeustaquio.com.br\/en\/on-the-day-of-blessed-father-eustace-join-us-in-the-celebrations\/","og_locale":"en_US","og_type":"article","og_title":"Dia do Beato Padre Eust\u00e1quio participe conosco das celebra\u00e7\u00f5es","og_description":"Dia 30 de agosto \u00e9 a data lit\u00fargica em que celebramos o Bem-Aventurado Padre Eust\u00e1quio, o mission\u00e1rio da Sa\u00fade e da Paz. Em v\u00e1rias partes do Brasil e do mundo, devotos fazem mem\u00f3ria ao beato e rezam pela sua canoniza\u00e7\u00e3o. Em Belo Horizonte, nove missas, ter\u00e7os, adora\u00e7\u00e3o e confiss\u00e3o fazem parte da programa\u00e7\u00e3o do Santu\u00e1rio da Sa\u00fade e da Paz.","og_url":"https:\/\/www.padreeustaquio.com.br\/en\/on-the-day-of-blessed-father-eustace-join-us-in-the-celebrations\/","og_site_name":"Padre Eust\u00e1quio","article_publisher":"https:\/\/www.facebook.com\/beatopadreeustaquio\/","article_published_time":"2024-08-30T10:28:18+00:00","og_image":[{"width":1200,"height":717,"url":"https:\/\/www.padreeustaquio.com.br\/wp-content\/uploads\/2024\/08\/dia-do-padre-eustaquio-e1725013659213.jpeg","type":"image\/jpeg"}],"author":"@sscc","twitter_card":"summary_large_image","twitter_creator":"@beatopeustaquio","twitter_site":"@beatopeustaquio","twitter_misc":{"Written by":"@sscc","Est. reading time":"1 minute"},"schema":{"@context":"https:\/\/schema.org","@graph":[{"@type":"Article","@id":"https:\/\/www.padreeustaquio.com.br\/dia-do-beato-padre-eustaquio-participe-conosco-das-celebracoes\/#article","isPartOf":{"@id":"https:\/\/www.padreeustaquio.com.br\/dia-do-beato-padre-eustaquio-participe-conosco-das-celebracoes\/"},"author":{"name":"@sscc","@id":"https:\/\/www.padreeustaquio.com.br\/#\/schema\/person\/a2a51db1d00f1a7af0204a0f1ddb1566"},"headline":"Dia do Beato Padre Eust\u00e1quio participe conosco das celebra\u00e7\u00f5es","datePublished":"2024-08-30T10:28:18+00:00","mainEntityOfPage":{"@id":"https:\/\/www.padreeustaquio.com.br\/dia-do-beato-padre-eustaquio-participe-conosco-das-celebracoes\/"},"wordCount":150,"commentCount":0,"publisher":{"@id":"https:\/\/www.padreeustaquio.com.br\/#organization"},"image":{"@id":"https:\/\/www.padreeustaquio.com.br\/dia-do-beato-padre-eustaquio-participe-conosco-das-celebracoes\/#primaryimage"},"thumbnailUrl":"https:\/\/www.padreeustaquio.com.br\/wp-content\/uploads\/2024\/08\/dia-do-padre-eustaquio-e1725013659213.jpeg","articleSection":["Not\u00edcias"],"inLanguage":"en-US","potentialAction":[{"@type":"CommentAction","name":"Comment","target":["https:\/\/www.padreeustaquio.com.br\/dia-do-beato-padre-eustaquio-participe-conosco-das-celebracoes\/#respond"]}]},{"@type":"WebPage","@id":"https:\/\/www.padreeustaquio.com.br\/dia-do-beato-padre-eustaquio-participe-conosco-das-celebracoes\/","url":"https:\/\/www.padreeustaquio.com.br\/dia-do-beato-padre-eustaquio-participe-conosco-das-celebracoes\/","name":"On the Feast Day of Blessed Father Eustace, join us in the celebrations.","isPartOf":{"@id":"https:\/\/www.padreeustaquio.com.br\/#website"},"primaryImageOfPage":{"@id":"https:\/\/www.padreeustaquio.com.br\/dia-do-beato-padre-eustaquio-participe-conosco-das-celebracoes\/#primaryimage"},"image":{"@id":"https:\/\/www.padreeustaquio.com.br\/dia-do-beato-padre-eustaquio-participe-conosco-das-celebracoes\/#primaryimage"},"thumbnailUrl":"https:\/\/www.padreeustaquio.com.br\/wp-content\/uploads\/2024\/08\/dia-do-padre-eustaquio-e1725013659213.jpeg","datePublished":"2024-08-30T10:28:18+00:00","description":"August 30th is the liturgical date on which we celebrate Blessed Father Eustace, the missionary of Health and Peace. In various parts of Brazil and the world, devotees commemorate the blessed and pray for his canonization. In Belo Horizonte, nine masses, rosaries, adoration, and confession are part of the program at the Sanctuary of Health and Peace.","breadcrumb":{"@id":"https:\/\/www.padreeustaquio.com.br\/dia-do-beato-padre-eustaquio-participe-conosco-das-celebracoes\/#breadcrumb"},"inLanguage":"en-US","potentialAction":[{"@type":"ReadAction","target":["https:\/\/www.padreeustaquio.com.br\/dia-do-beato-padre-eustaquio-participe-conosco-das-celebracoes\/"]}]},{"@type":"ImageObject","inLanguage":"en-US","@id":"https:\/\/www.padreeustaquio.com.br\/dia-do-beato-padre-eustaquio-participe-conosco-das-celebracoes\/#primaryimage","url":"https:\/\/www.padreeustaquio.com.br\/wp-content\/uploads\/2024\/08\/dia-do-padre-eustaquio-e1725013659213.jpeg","contentUrl":"https:\/\/www.padreeustaquio.com.br\/wp-content\/uploads\/2024\/08\/dia-do-padre-eustaquio-e1725013659213.jpeg","width":1200,"height":717},{"@type":"BreadcrumbList","@id":"https:\/\/www.padreeustaquio.com.br\/dia-do-beato-padre-eustaquio-participe-conosco-das-celebracoes\/#breadcrumb","itemListElement":[{"@type":"ListItem","position":1,"name":"In\u00edcio","item":"https:\/\/www.padreeustaquio.com.br\/"},{"@type":"ListItem","position":2,"name":"Dia do Beato Padre Eust\u00e1quio participe conosco das celebra\u00e7\u00f5es"}]},{"@type":"WebSite","@id":"https:\/\/www.padreeustaquio.com.br\/#website","url":"https:\/\/www.padreeustaquio.com.br\/","name":"FATHER EUST\u00c1QUIO","description":"Health and Peace","publisher":{"@id":"https:\/\/www.padreeustaquio.com.br\/#organization"},"potentialAction":[{"@type":"SearchAction","target":{"@type":"EntryPoint","urlTemplate":"https:\/\/www.padreeustaquio.com.br\/?s={search_term_string}"},"query-input":{"@type":"PropertyValueSpecification","valueRequired":true,"valueName":"search_term_string"}}],"inLanguage":"en-US"},{"@type":"Organization","@id":"https:\/\/www.padreeustaquio.com.br\/#organization","name":"FATHER EUST\u00c1QUIO","url":"https:\/\/www.padreeustaquio.com.br\/","logo":{"@type":"ImageObject","inLanguage":"en-US","@id":"https:\/\/www.padreeustaquio.com.br\/#\/schema\/logo\/image\/","url":"https:\/\/www.padreeustaquio.com.br\/wp-content\/uploads\/2019\/08\/marca.png","contentUrl":"https:\/\/www.padreeustaquio.com.br\/wp-content\/uploads\/2019\/08\/marca.png","width":350,"height":400,"caption":"Padre Eust\u00e1quio"},"image":{"@id":"https:\/\/www.padreeustaquio.com.br\/#\/schema\/logo\/image\/"},"sameAs":["https:\/\/www.facebook.com\/beatopadreeustaquio\/","https:\/\/x.com\/beatopeustaquio","https:\/\/www.instagram.com\/beatopadreeustaquio\/","https:\/\/www.youtube.com\/channel\/UCRhw7vfabnajwLxb1ZXMeIw"]},{"@type":"Person","@id":"https:\/\/www.padreeustaquio.com.br\/#\/schema\/person\/a2a51db1d00f1a7af0204a0f1ddb1566","name":"@sscc","image":{"@type":"ImageObject","inLanguage":"en-US","@id":"https:\/\/secure.gravatar.com\/avatar\/68cfafa5f44617fea54071e215026e0ff06be366c3d54a8425f04fdcb86f8c5f?s=96&d=mm&r=g","url":"https:\/\/secure.gravatar.com\/avatar\/68cfafa5f44617fea54071e215026e0ff06be366c3d54a8425f04fdcb86f8c5f?s=96&d=mm&r=g","contentUrl":"https:\/\/secure.gravatar.com\/avatar\/68cfafa5f44617fea54071e215026e0ff06be366c3d54a8425f04fdcb86f8c5f?s=96&d=mm&r=g","caption":"@sscc"},"url":"https:\/\/www.padreeustaquio.com.br\/en\/author\/sscc\/"}]}},"_links":{"self":[{"href":"https:\/\/www.padreeustaquio.com.br\/en\/wp-json\/wp\/v2\/posts\/11582","targetHints":{"allow":["GET"]}}],"collection":[{"href":"https:\/\/www.padreeustaquio.com.br\/en\/wp-json\/wp\/v2\/posts"}],"about":[{"href":"https:\/\/www.padreeustaquio.com.br\/en\/wp-json\/wp\/v2\/types\/post"}],"author":[{"embeddable":true,"href":"https:\/\/www.padreeustaquio.com.br\/en\/wp-json\/wp\/v2\/users\/2"}],"replies":[{"embeddable":true,"href":"https:\/\/www.padreeustaquio.com.br\/en\/wp-json\/wp\/v2\/comments?post=11582"}],"version-history":[{"count":0,"href":"https:\/\/www.padreeustaquio.com.br\/en\/wp-json\/wp\/v2\/posts\/11582\/revisions"}],"wp:featuredmedia":[{"embeddable":true,"href":"https:\/\/www.padreeustaquio.com.br\/en\/wp-json\/wp\/v2\/media\/11583"}],"wp:attachment":[{"href":"https:\/\/www.padreeustaquio.com.br\/en\/wp-json\/wp\/v2\/media?parent=11582"}],"wp:term":[{"taxonomy":"category","embeddable":true,"href":"https:\/\/www.padreeustaquio.com.br\/en\/wp-json\/wp\/v2\/categories?post=11582"},{"taxonomy":"post_tag","embeddable":true,"href":"https:\/\/www.padreeustaquio.com.br\/en\/wp-json\/wp\/v2\/tags?post=11582"}],"curies":[{"name":"wp","href":"https:\/\/api.w.org\/{rel}","templated":true}]}}