{"id":11576,"date":"2024-08-28T06:06:05","date_gmt":"2024-08-28T09:06:05","guid":{"rendered":"https:\/\/www.padreeustaquio.com.br\/?p=11576"},"modified":"2024-08-27T21:49:46","modified_gmt":"2024-08-28T00:49:46","slug":"rare-images-of-father-eustaquio-in-brazil-are-presented-in-support-of-his-canonization-campaign","status":"publish","type":"post","link":"https:\/\/www.padreeustaquio.com.br\/en\/rare-images-of-father-eustaquio-in-brazil-are-presented-in-support-of-his-canonization-campaign\/","title":{"rendered":"Rare images of Father Eust\u00e1quio in Brazil are presented by the Cause for Canonization."},"content":{"rendered":"<p>An email received by Father Vin\u00edcius Maciel, SSCC, vice-postulator of the Cause of Canonization of Blessed Father Eust\u00e1quio in Brazil, surprised and moved the team researching details of the priest&#039;s life. The message, sent by the Blessed&#039;s nephew, Will van den Boomem, contained three videos recorded in Brazil in the mid-1930s, which were stored in the Netherlands.<\/p>\n<p>In total, ten minutes of material were obtained, in which just over three minutes there are images of Father Eust\u00e1quio working in cities in S\u00e3o Paulo and Minas Gerais. The videos (16mm films) were at the Institute for Image &amp; Sound (an audiovisual museum) in the city of Hilversum, in the north of the Netherlands. They were discovered and digitized at the request of the nephew who assists the Cause of Canonization in the research work.<\/p>\n<p><img fetchpriority=\"high\" decoding=\"async\" class=\"size-medium wp-image-11578 alignleft\" src=\"https:\/\/www.padreeustaquio.com.br\/wp-content\/uploads\/2024\/08\/apresenta-videos-3-300x225.jpeg\" alt=\"\" width=\"300\" height=\"225\" srcset=\"https:\/\/www.padreeustaquio.com.br\/wp-content\/uploads\/2024\/08\/apresenta-videos-3-300x225.jpeg 300w, https:\/\/www.padreeustaquio.com.br\/wp-content\/uploads\/2024\/08\/apresenta-videos-3-1024x768.jpeg 1024w, https:\/\/www.padreeustaquio.com.br\/wp-content\/uploads\/2024\/08\/apresenta-videos-3-768x576.jpeg 768w, https:\/\/www.padreeustaquio.com.br\/wp-content\/uploads\/2024\/08\/apresenta-videos-3-1536x1152.jpeg 1536w, https:\/\/www.padreeustaquio.com.br\/wp-content\/uploads\/2024\/08\/apresenta-videos-3-180x135.jpeg 180w, https:\/\/www.padreeustaquio.com.br\/wp-content\/uploads\/2024\/08\/apresenta-videos-3-400x300.jpeg 400w, https:\/\/www.padreeustaquio.com.br\/wp-content\/uploads\/2024\/08\/apresenta-videos-3-600x450.jpeg 600w, https:\/\/www.padreeustaquio.com.br\/wp-content\/uploads\/2024\/08\/apresenta-videos-3-800x600.jpeg 800w, https:\/\/www.padreeustaquio.com.br\/wp-content\/uploads\/2024\/08\/apresenta-videos-3-1200x900.jpeg 1200w, https:\/\/www.padreeustaquio.com.br\/wp-content\/uploads\/2024\/08\/apresenta-videos-3.jpeg 1600w\" sizes=\"(max-width: 300px) 100vw, 300px\" \/>The videos (<a href=\"https:\/\/youtu.be\/F0HxEAJoQNA\">WATCH HERE<\/a>) were presented to the community and the press, this Tuesday (27) at the Padre Eust\u00e1quio Museum, attached to the Health and Peace Sanctuary, in Belo Horizonte-MG, with the presence of Padre Eust\u00e1quio&#039;s nephews, Ian van den Boomen and Will van den Boomen, as well as the Provincial Superior, Fr. Osv\u00e2nio Mariano, SS.CC. and the representative of the Cause in Brazil, Fr. Vin\u00edcius Maciel, SSCC.<\/p>\n<p><strong>THE VIDEOS<br \/>\n<\/strong><br \/>\nIn one of the videos, Father Eust\u00e1quio briefly appears on the steps of the Nossa Senhora do Carmo Church in Itaquera-SP, alongside children, posing for the camera; in another segment, Father Eust\u00e1quio is visiting the S\u00e3o Miguel Paulista Church. He appears seated, flanked by a parishioner and a priest, talking to a child.<\/p>\n<p>At another point, the images show the Blessed in Po\u00e1-SP, where the main church he served as parish priest is located (Our Lady of Lourdes Church). Initially, he appears standing in the gardens of the Parish House (which he built) alongside other brothers of the Congregation. They seem to be conversing during a moment of leisure. Later, the film shows a funeral procession, apparently the burial of a humble person. Father Eust\u00e1quio follows the cortege in his own vestments (pieces that are in the Father Eust\u00e1quio Museum in Belo Horizonte), stops at the gate of the Po\u00e1 Cemetery, gives a short sermon, and then immediately appears giving the blessing at the tomb.<\/p>\n<p>Finally, there are images of \u00c1gua Suja (present-day Romaria) in the Tri\u00e2ngulo Mineiro region. On one of the dirt roads in the area, the car carrying the priests gets stuck in a mudhole, and Father Eust\u00e1quio quickly appears beside the vehicle while the situation is resolved.<\/p>\n<p><strong>IMPACT AND CENTENARY<br \/>\n<\/strong><br \/>\n<img decoding=\"async\" class=\"size-medium wp-image-11579 alignright\" src=\"https:\/\/www.padreeustaquio.com.br\/wp-content\/uploads\/2024\/08\/apresenta-videos-2-300x225.jpeg\" alt=\"\" width=\"300\" height=\"225\" srcset=\"https:\/\/www.padreeustaquio.com.br\/wp-content\/uploads\/2024\/08\/apresenta-videos-2-300x225.jpeg 300w, https:\/\/www.padreeustaquio.com.br\/wp-content\/uploads\/2024\/08\/apresenta-videos-2-1024x768.jpeg 1024w, https:\/\/www.padreeustaquio.com.br\/wp-content\/uploads\/2024\/08\/apresenta-videos-2-768x576.jpeg 768w, https:\/\/www.padreeustaquio.com.br\/wp-content\/uploads\/2024\/08\/apresenta-videos-2-1536x1152.jpeg 1536w, https:\/\/www.padreeustaquio.com.br\/wp-content\/uploads\/2024\/08\/apresenta-videos-2-180x135.jpeg 180w, https:\/\/www.padreeustaquio.com.br\/wp-content\/uploads\/2024\/08\/apresenta-videos-2-400x300.jpeg 400w, https:\/\/www.padreeustaquio.com.br\/wp-content\/uploads\/2024\/08\/apresenta-videos-2-600x450.jpeg 600w, https:\/\/www.padreeustaquio.com.br\/wp-content\/uploads\/2024\/08\/apresenta-videos-2-800x600.jpeg 800w, https:\/\/www.padreeustaquio.com.br\/wp-content\/uploads\/2024\/08\/apresenta-videos-2-1200x900.jpeg 1200w, https:\/\/www.padreeustaquio.com.br\/wp-content\/uploads\/2024\/08\/apresenta-videos-2.jpeg 1600w\" sizes=\"(max-width: 300px) 100vw, 300px\" \/>Father Vin\u00edcius Maciel, SSCC, representing the process overseeing the Canonization Cause of Father Eust\u00e1quio in Brazil, highlighted two important points: <em>\u201c&quot;I highlight the historical aspect, because until now there was no record of Father Eust\u00e1quio&#039;s work, showing his gestures and pious actions at the wake and in his care for the children; and the emotional dimension. It&#039;s impossible to describe the emotion of seeing Father Eust\u00e1quio at work; anyone who is devout is deeply moved.&quot;.<\/em><\/p>\n<p>This year, the Cause for Canonization launches the logo commemorating the 100th anniversary of Father Eust\u00e1quio&#039;s arrival in Brazil. The logo combines striking images of the places the Blessed Father visited, always doing good and healing people. The exact date is May 12, 1925, when the ship Flandria docked in Rio de Janeiro, bringing Father Eust\u00e1quio and two other companions (Father Gil and Father Mathias) from Holland.<\/p>\n<p><strong>HISTORICAL CONTEXT<\/strong><\/p>\n<p>The launch of the Centenary and the videos will take place at the Padre Eust\u00e1quio Museum, which is being reopened to devotees, especially after the installation of the elevator platform, which will allow visits by elderly people and those with reduced mobility.<\/p>\n<p>The community&#039;s achievement was made possible with the help of many devotees and also the public authorities to create this new space for art and culture, showcasing the deep-rooted devotion of the people of Belo Horizonte to this man who, God willing, will soon be proclaimed a Saint by our Church.<\/p>\n<p>With meticulous and tireless work, the Canonization Cause team, led by the vice-postulator, Fr. Vin\u00edcius Maciel, SSCC, has been developing various fronts in search of documents, letters, objects, newspaper clippings, photos, and videos that can help tell details of the story of Father Eust\u00e1quio, a Dutch priest of the Congregation of the Sacred Hearts, who lived his mission in Brazil. Recently, Father Vin\u00edcius Maciel was in Rome, Italy, researching the Congregation&#039;s archives, and also in the Netherlands, in contact with the archives of Father Eust\u00e1quio&#039;s family and documents related to religious life in the country.<\/p>\n<p>The videos found now will be added to the other materials already separated and cataloged that are being gradually made available for research and public appreciation at the Padre Eust\u00e1quio Museum, fulfilling the Church&#039;s commitment to Christian values, to devotees, and to the culture of all our people.<\/p>","protected":false},"excerpt":{"rendered":"<p>Um e-mail recebido pelo padre Vin\u00edcius Maciel, SSCC, vice-postulador da Causa de Canoniza\u00e7\u00e3o do Beato Padre Eust\u00e1quio no Brasil, deixou a equipe que pesquisa detalhes da vida do sacerdote surpresa e emocionada. A mensagem, enviada pelo sobrinho do Beato, Will van den Boomem, continha tr\u00eas v\u00eddeos gravados no Brasil, em meados da d\u00e9cada de 1930, que estavam guardados no Holanda. Ao todo vieram dez minutos de material, na qual em pouco mais de tr\u00eas minutos h\u00e1 imagens de Padre Eust\u00e1quio trabalhando em cidades paulistas e mineira. Os v\u00eddeos (filmes de 16mm) estavam no Institute for Image &amp; Sound (um museu [&hellip;]<\/p>\n","protected":false},"author":2,"featured_media":11577,"comment_status":"open","ping_status":"closed","sticky":false,"template":"","format":"standard","meta":{"_acf_changed":false,"footnotes":""},"categories":[611],"tags":[],"class_list":["post-11576","post","type-post","status-publish","format-standard","has-post-thumbnail","hentry","category-noticias"],"acf":[],"yoast_head":"<!-- This site is optimized with the Yoast SEO plugin v27.2 - https:\/\/yoast.com\/product\/yoast-seo-wordpress\/ -->\n<title>Imagens raras de Padre Eust\u00e1quio no Brasil s\u00e3o apresentadas pela Causa de Canoniza\u00e7\u00e3o<\/title>\n<meta name=\"description\" content=\"Um e-mail recebido pelo padre Vin\u00edcius Maciel, SSCC, vice-postulador da Causa de Canoniza\u00e7\u00e3o do Beato Padre Eust\u00e1quio no Brasil, deixou a equipe que pesquisa detalhes da vida do sacerdote surpresa e emocionada. A mensagem, enviada pelo sobrinho do Beato, Will van den Boomem, continha tr\u00eas v\u00eddeos gravados no Brasil, em meados da d\u00e9cada de 1930, que estavam guardados no Holanda.\" \/>\n<meta name=\"robots\" content=\"index, follow, max-snippet:-1, max-image-preview:large, max-video-preview:-1\" \/>\n<link rel=\"canonical\" href=\"https:\/\/www.padreeustaquio.com.br\/en\/rare-images-of-father-eustaquio-in-brazil-are-presented-in-support-of-his-canonization-campaign\/\" \/>\n<meta property=\"og:locale\" content=\"en_US\" \/>\n<meta property=\"og:type\" content=\"article\" \/>\n<meta property=\"og:title\" content=\"Imagens raras de Padre Eust\u00e1quio no Brasil s\u00e3o apresentadas pela Causa de Canoniza\u00e7\u00e3o\" \/>\n<meta property=\"og:description\" content=\"Um e-mail recebido pelo padre Vin\u00edcius Maciel, SSCC, vice-postulador da Causa de Canoniza\u00e7\u00e3o do Beato Padre Eust\u00e1quio no Brasil, deixou a equipe que pesquisa detalhes da vida do sacerdote surpresa e emocionada. A mensagem, enviada pelo sobrinho do Beato, Will van den Boomem, continha tr\u00eas v\u00eddeos gravados no Brasil, em meados da d\u00e9cada de 1930, que estavam guardados no Holanda.\" \/>\n<meta property=\"og:url\" content=\"https:\/\/www.padreeustaquio.com.br\/en\/rare-images-of-father-eustaquio-in-brazil-are-presented-in-support-of-his-canonization-campaign\/\" \/>\n<meta property=\"og:site_name\" content=\"Padre Eust\u00e1quio\" \/>\n<meta property=\"article:publisher\" content=\"https:\/\/www.facebook.com\/beatopadreeustaquio\/\" \/>\n<meta property=\"article:published_time\" content=\"2024-08-28T09:06:05+00:00\" \/>\n<meta property=\"og:image\" content=\"https:\/\/www.padreeustaquio.com.br\/wp-content\/uploads\/2024\/08\/apresenta-videos-1.jpeg\" \/>\n\t<meta property=\"og:image:width\" content=\"1280\" \/>\n\t<meta property=\"og:image:height\" content=\"960\" \/>\n\t<meta property=\"og:image:type\" content=\"image\/jpeg\" \/>\n<meta name=\"author\" content=\"@sscc\" \/>\n<meta name=\"twitter:card\" content=\"summary_large_image\" \/>\n<meta name=\"twitter:creator\" content=\"@beatopeustaquio\" \/>\n<meta name=\"twitter:site\" content=\"@beatopeustaquio\" \/>\n<meta name=\"twitter:label1\" content=\"Written by\" \/>\n\t<meta name=\"twitter:data1\" content=\"@sscc\" \/>\n\t<meta name=\"twitter:label2\" content=\"Est. reading time\" \/>\n\t<meta name=\"twitter:data2\" content=\"5 minutes\" \/>\n<script type=\"application\/ld+json\" class=\"yoast-schema-graph\">{\"@context\":\"https:\/\/schema.org\",\"@graph\":[{\"@type\":\"Article\",\"@id\":\"https:\/\/www.padreeustaquio.com.br\/imagens-raras-de-padre-eustaquio-no-brasil-sao-apresentadas-pela-causa-de-canonizacao\/#article\",\"isPartOf\":{\"@id\":\"https:\/\/www.padreeustaquio.com.br\/imagens-raras-de-padre-eustaquio-no-brasil-sao-apresentadas-pela-causa-de-canonizacao\/\"},\"author\":{\"name\":\"@sscc\",\"@id\":\"https:\/\/www.padreeustaquio.com.br\/#\/schema\/person\/a2a51db1d00f1a7af0204a0f1ddb1566\"},\"headline\":\"Imagens raras de Padre Eust\u00e1quio no Brasil s\u00e3o apresentadas pela Causa de Canoniza\u00e7\u00e3o\",\"datePublished\":\"2024-08-28T09:06:05+00:00\",\"mainEntityOfPage\":{\"@id\":\"https:\/\/www.padreeustaquio.com.br\/imagens-raras-de-padre-eustaquio-no-brasil-sao-apresentadas-pela-causa-de-canonizacao\/\"},\"wordCount\":898,\"commentCount\":0,\"publisher\":{\"@id\":\"https:\/\/www.padreeustaquio.com.br\/#organization\"},\"image\":{\"@id\":\"https:\/\/www.padreeustaquio.com.br\/imagens-raras-de-padre-eustaquio-no-brasil-sao-apresentadas-pela-causa-de-canonizacao\/#primaryimage\"},\"thumbnailUrl\":\"https:\/\/www.padreeustaquio.com.br\/wp-content\/uploads\/2024\/08\/apresenta-videos-1.jpeg\",\"articleSection\":[\"Not\u00edcias\"],\"inLanguage\":\"en-US\",\"potentialAction\":[{\"@type\":\"CommentAction\",\"name\":\"Comment\",\"target\":[\"https:\/\/www.padreeustaquio.com.br\/imagens-raras-de-padre-eustaquio-no-brasil-sao-apresentadas-pela-causa-de-canonizacao\/#respond\"]}]},{\"@type\":\"WebPage\",\"@id\":\"https:\/\/www.padreeustaquio.com.br\/imagens-raras-de-padre-eustaquio-no-brasil-sao-apresentadas-pela-causa-de-canonizacao\/\",\"url\":\"https:\/\/www.padreeustaquio.com.br\/imagens-raras-de-padre-eustaquio-no-brasil-sao-apresentadas-pela-causa-de-canonizacao\/\",\"name\":\"Imagens raras de Padre Eust\u00e1quio no Brasil s\u00e3o apresentadas pela Causa de Canoniza\u00e7\u00e3o\",\"isPartOf\":{\"@id\":\"https:\/\/www.padreeustaquio.com.br\/#website\"},\"primaryImageOfPage\":{\"@id\":\"https:\/\/www.padreeustaquio.com.br\/imagens-raras-de-padre-eustaquio-no-brasil-sao-apresentadas-pela-causa-de-canonizacao\/#primaryimage\"},\"image\":{\"@id\":\"https:\/\/www.padreeustaquio.com.br\/imagens-raras-de-padre-eustaquio-no-brasil-sao-apresentadas-pela-causa-de-canonizacao\/#primaryimage\"},\"thumbnailUrl\":\"https:\/\/www.padreeustaquio.com.br\/wp-content\/uploads\/2024\/08\/apresenta-videos-1.jpeg\",\"datePublished\":\"2024-08-28T09:06:05+00:00\",\"description\":\"Um e-mail recebido pelo padre Vin\u00edcius Maciel, SSCC, vice-postulador da Causa de Canoniza\u00e7\u00e3o do Beato Padre Eust\u00e1quio no Brasil, deixou a equipe que pesquisa detalhes da vida do sacerdote surpresa e emocionada. A mensagem, enviada pelo sobrinho do Beato, Will van den Boomem, continha tr\u00eas v\u00eddeos gravados no Brasil, em meados da d\u00e9cada de 1930, que estavam guardados no Holanda.\",\"breadcrumb\":{\"@id\":\"https:\/\/www.padreeustaquio.com.br\/imagens-raras-de-padre-eustaquio-no-brasil-sao-apresentadas-pela-causa-de-canonizacao\/#breadcrumb\"},\"inLanguage\":\"en-US\",\"potentialAction\":[{\"@type\":\"ReadAction\",\"target\":[\"https:\/\/www.padreeustaquio.com.br\/imagens-raras-de-padre-eustaquio-no-brasil-sao-apresentadas-pela-causa-de-canonizacao\/\"]}]},{\"@type\":\"ImageObject\",\"inLanguage\":\"en-US\",\"@id\":\"https:\/\/www.padreeustaquio.com.br\/imagens-raras-de-padre-eustaquio-no-brasil-sao-apresentadas-pela-causa-de-canonizacao\/#primaryimage\",\"url\":\"https:\/\/www.padreeustaquio.com.br\/wp-content\/uploads\/2024\/08\/apresenta-videos-1.jpeg\",\"contentUrl\":\"https:\/\/www.padreeustaquio.com.br\/wp-content\/uploads\/2024\/08\/apresenta-videos-1.jpeg\",\"width\":1280,\"height\":960},{\"@type\":\"BreadcrumbList\",\"@id\":\"https:\/\/www.padreeustaquio.com.br\/imagens-raras-de-padre-eustaquio-no-brasil-sao-apresentadas-pela-causa-de-canonizacao\/#breadcrumb\",\"itemListElement\":[{\"@type\":\"ListItem\",\"position\":1,\"name\":\"In\u00edcio\",\"item\":\"https:\/\/www.padreeustaquio.com.br\/\"},{\"@type\":\"ListItem\",\"position\":2,\"name\":\"Imagens raras de Padre Eust\u00e1quio no Brasil s\u00e3o apresentadas pela Causa de Canoniza\u00e7\u00e3o\"}]},{\"@type\":\"WebSite\",\"@id\":\"https:\/\/www.padreeustaquio.com.br\/#website\",\"url\":\"https:\/\/www.padreeustaquio.com.br\/\",\"name\":\"Padre Eust\u00e1quio\",\"description\":\"Sa\u00fade e Paz\",\"publisher\":{\"@id\":\"https:\/\/www.padreeustaquio.com.br\/#organization\"},\"potentialAction\":[{\"@type\":\"SearchAction\",\"target\":{\"@type\":\"EntryPoint\",\"urlTemplate\":\"https:\/\/www.padreeustaquio.com.br\/?s={search_term_string}\"},\"query-input\":{\"@type\":\"PropertyValueSpecification\",\"valueRequired\":true,\"valueName\":\"search_term_string\"}}],\"inLanguage\":\"en-US\"},{\"@type\":\"Organization\",\"@id\":\"https:\/\/www.padreeustaquio.com.br\/#organization\",\"name\":\"Padre Eust\u00e1quio\",\"url\":\"https:\/\/www.padreeustaquio.com.br\/\",\"logo\":{\"@type\":\"ImageObject\",\"inLanguage\":\"en-US\",\"@id\":\"https:\/\/www.padreeustaquio.com.br\/#\/schema\/logo\/image\/\",\"url\":\"https:\/\/www.padreeustaquio.com.br\/wp-content\/uploads\/2019\/08\/marca.png\",\"contentUrl\":\"https:\/\/www.padreeustaquio.com.br\/wp-content\/uploads\/2019\/08\/marca.png\",\"width\":350,\"height\":400,\"caption\":\"Padre Eust\u00e1quio\"},\"image\":{\"@id\":\"https:\/\/www.padreeustaquio.com.br\/#\/schema\/logo\/image\/\"},\"sameAs\":[\"https:\/\/www.facebook.com\/beatopadreeustaquio\/\",\"https:\/\/x.com\/beatopeustaquio\",\"https:\/\/www.instagram.com\/beatopadreeustaquio\/\",\"https:\/\/www.youtube.com\/channel\/UCRhw7vfabnajwLxb1ZXMeIw\"]},{\"@type\":\"Person\",\"@id\":\"https:\/\/www.padreeustaquio.com.br\/#\/schema\/person\/a2a51db1d00f1a7af0204a0f1ddb1566\",\"name\":\"@sscc\",\"image\":{\"@type\":\"ImageObject\",\"inLanguage\":\"en-US\",\"@id\":\"https:\/\/secure.gravatar.com\/avatar\/68cfafa5f44617fea54071e215026e0ff06be366c3d54a8425f04fdcb86f8c5f?s=96&d=mm&r=g\",\"url\":\"https:\/\/secure.gravatar.com\/avatar\/68cfafa5f44617fea54071e215026e0ff06be366c3d54a8425f04fdcb86f8c5f?s=96&d=mm&r=g\",\"contentUrl\":\"https:\/\/secure.gravatar.com\/avatar\/68cfafa5f44617fea54071e215026e0ff06be366c3d54a8425f04fdcb86f8c5f?s=96&d=mm&r=g\",\"caption\":\"@sscc\"},\"url\":\"https:\/\/www.padreeustaquio.com.br\/en\/author\/sscc\/\"}]}<\/script>\n<!-- \/ Yoast SEO plugin. -->","yoast_head_json":{"title":"Rare images of Father Eust\u00e1quio in Brazil are presented by the Cause for Canonization.","description":"An email received by Father Vin\u00edcius Maciel, SSCC, vice-postulator of the Cause of Canonization of Blessed Father Eust\u00e1quio in Brazil, surprised and moved the team researching details of the priest&#039;s life. The message, sent by the Blessed&#039;s nephew, Will van den Boomem, contained three videos recorded in Brazil in the mid-1930s, which were stored in the Netherlands.","robots":{"index":"index","follow":"follow","max-snippet":"max-snippet:-1","max-image-preview":"max-image-preview:large","max-video-preview":"max-video-preview:-1"},"canonical":"https:\/\/www.padreeustaquio.com.br\/en\/rare-images-of-father-eustaquio-in-brazil-are-presented-in-support-of-his-canonization-campaign\/","og_locale":"en_US","og_type":"article","og_title":"Imagens raras de Padre Eust\u00e1quio no Brasil s\u00e3o apresentadas pela Causa de Canoniza\u00e7\u00e3o","og_description":"Um e-mail recebido pelo padre Vin\u00edcius Maciel, SSCC, vice-postulador da Causa de Canoniza\u00e7\u00e3o do Beato Padre Eust\u00e1quio no Brasil, deixou a equipe que pesquisa detalhes da vida do sacerdote surpresa e emocionada. A mensagem, enviada pelo sobrinho do Beato, Will van den Boomem, continha tr\u00eas v\u00eddeos gravados no Brasil, em meados da d\u00e9cada de 1930, que estavam guardados no Holanda.","og_url":"https:\/\/www.padreeustaquio.com.br\/en\/rare-images-of-father-eustaquio-in-brazil-are-presented-in-support-of-his-canonization-campaign\/","og_site_name":"Padre Eust\u00e1quio","article_publisher":"https:\/\/www.facebook.com\/beatopadreeustaquio\/","article_published_time":"2024-08-28T09:06:05+00:00","og_image":[{"width":1280,"height":960,"url":"https:\/\/www.padreeustaquio.com.br\/wp-content\/uploads\/2024\/08\/apresenta-videos-1.jpeg","type":"image\/jpeg"}],"author":"@sscc","twitter_card":"summary_large_image","twitter_creator":"@beatopeustaquio","twitter_site":"@beatopeustaquio","twitter_misc":{"Written by":"@sscc","Est. reading time":"5 minutes"},"schema":{"@context":"https:\/\/schema.org","@graph":[{"@type":"Article","@id":"https:\/\/www.padreeustaquio.com.br\/imagens-raras-de-padre-eustaquio-no-brasil-sao-apresentadas-pela-causa-de-canonizacao\/#article","isPartOf":{"@id":"https:\/\/www.padreeustaquio.com.br\/imagens-raras-de-padre-eustaquio-no-brasil-sao-apresentadas-pela-causa-de-canonizacao\/"},"author":{"name":"@sscc","@id":"https:\/\/www.padreeustaquio.com.br\/#\/schema\/person\/a2a51db1d00f1a7af0204a0f1ddb1566"},"headline":"Imagens raras de Padre Eust\u00e1quio no Brasil s\u00e3o apresentadas pela Causa de Canoniza\u00e7\u00e3o","datePublished":"2024-08-28T09:06:05+00:00","mainEntityOfPage":{"@id":"https:\/\/www.padreeustaquio.com.br\/imagens-raras-de-padre-eustaquio-no-brasil-sao-apresentadas-pela-causa-de-canonizacao\/"},"wordCount":898,"commentCount":0,"publisher":{"@id":"https:\/\/www.padreeustaquio.com.br\/#organization"},"image":{"@id":"https:\/\/www.padreeustaquio.com.br\/imagens-raras-de-padre-eustaquio-no-brasil-sao-apresentadas-pela-causa-de-canonizacao\/#primaryimage"},"thumbnailUrl":"https:\/\/www.padreeustaquio.com.br\/wp-content\/uploads\/2024\/08\/apresenta-videos-1.jpeg","articleSection":["Not\u00edcias"],"inLanguage":"en-US","potentialAction":[{"@type":"CommentAction","name":"Comment","target":["https:\/\/www.padreeustaquio.com.br\/imagens-raras-de-padre-eustaquio-no-brasil-sao-apresentadas-pela-causa-de-canonizacao\/#respond"]}]},{"@type":"WebPage","@id":"https:\/\/www.padreeustaquio.com.br\/imagens-raras-de-padre-eustaquio-no-brasil-sao-apresentadas-pela-causa-de-canonizacao\/","url":"https:\/\/www.padreeustaquio.com.br\/imagens-raras-de-padre-eustaquio-no-brasil-sao-apresentadas-pela-causa-de-canonizacao\/","name":"Rare images of Father Eust\u00e1quio in Brazil are presented by the Cause for Canonization.","isPartOf":{"@id":"https:\/\/www.padreeustaquio.com.br\/#website"},"primaryImageOfPage":{"@id":"https:\/\/www.padreeustaquio.com.br\/imagens-raras-de-padre-eustaquio-no-brasil-sao-apresentadas-pela-causa-de-canonizacao\/#primaryimage"},"image":{"@id":"https:\/\/www.padreeustaquio.com.br\/imagens-raras-de-padre-eustaquio-no-brasil-sao-apresentadas-pela-causa-de-canonizacao\/#primaryimage"},"thumbnailUrl":"https:\/\/www.padreeustaquio.com.br\/wp-content\/uploads\/2024\/08\/apresenta-videos-1.jpeg","datePublished":"2024-08-28T09:06:05+00:00","description":"An email received by Father Vin\u00edcius Maciel, SSCC, vice-postulator of the Cause of Canonization of Blessed Father Eust\u00e1quio in Brazil, surprised and moved the team researching details of the priest&#039;s life. The message, sent by the Blessed&#039;s nephew, Will van den Boomem, contained three videos recorded in Brazil in the mid-1930s, which were stored in the Netherlands.","breadcrumb":{"@id":"https:\/\/www.padreeustaquio.com.br\/imagens-raras-de-padre-eustaquio-no-brasil-sao-apresentadas-pela-causa-de-canonizacao\/#breadcrumb"},"inLanguage":"en-US","potentialAction":[{"@type":"ReadAction","target":["https:\/\/www.padreeustaquio.com.br\/imagens-raras-de-padre-eustaquio-no-brasil-sao-apresentadas-pela-causa-de-canonizacao\/"]}]},{"@type":"ImageObject","inLanguage":"en-US","@id":"https:\/\/www.padreeustaquio.com.br\/imagens-raras-de-padre-eustaquio-no-brasil-sao-apresentadas-pela-causa-de-canonizacao\/#primaryimage","url":"https:\/\/www.padreeustaquio.com.br\/wp-content\/uploads\/2024\/08\/apresenta-videos-1.jpeg","contentUrl":"https:\/\/www.padreeustaquio.com.br\/wp-content\/uploads\/2024\/08\/apresenta-videos-1.jpeg","width":1280,"height":960},{"@type":"BreadcrumbList","@id":"https:\/\/www.padreeustaquio.com.br\/imagens-raras-de-padre-eustaquio-no-brasil-sao-apresentadas-pela-causa-de-canonizacao\/#breadcrumb","itemListElement":[{"@type":"ListItem","position":1,"name":"In\u00edcio","item":"https:\/\/www.padreeustaquio.com.br\/"},{"@type":"ListItem","position":2,"name":"Imagens raras de Padre Eust\u00e1quio no Brasil s\u00e3o apresentadas pela Causa de Canoniza\u00e7\u00e3o"}]},{"@type":"WebSite","@id":"https:\/\/www.padreeustaquio.com.br\/#website","url":"https:\/\/www.padreeustaquio.com.br\/","name":"FATHER EUST\u00c1QUIO","description":"Health and Peace","publisher":{"@id":"https:\/\/www.padreeustaquio.com.br\/#organization"},"potentialAction":[{"@type":"SearchAction","target":{"@type":"EntryPoint","urlTemplate":"https:\/\/www.padreeustaquio.com.br\/?s={search_term_string}"},"query-input":{"@type":"PropertyValueSpecification","valueRequired":true,"valueName":"search_term_string"}}],"inLanguage":"en-US"},{"@type":"Organization","@id":"https:\/\/www.padreeustaquio.com.br\/#organization","name":"FATHER EUST\u00c1QUIO","url":"https:\/\/www.padreeustaquio.com.br\/","logo":{"@type":"ImageObject","inLanguage":"en-US","@id":"https:\/\/www.padreeustaquio.com.br\/#\/schema\/logo\/image\/","url":"https:\/\/www.padreeustaquio.com.br\/wp-content\/uploads\/2019\/08\/marca.png","contentUrl":"https:\/\/www.padreeustaquio.com.br\/wp-content\/uploads\/2019\/08\/marca.png","width":350,"height":400,"caption":"Padre Eust\u00e1quio"},"image":{"@id":"https:\/\/www.padreeustaquio.com.br\/#\/schema\/logo\/image\/"},"sameAs":["https:\/\/www.facebook.com\/beatopadreeustaquio\/","https:\/\/x.com\/beatopeustaquio","https:\/\/www.instagram.com\/beatopadreeustaquio\/","https:\/\/www.youtube.com\/channel\/UCRhw7vfabnajwLxb1ZXMeIw"]},{"@type":"Person","@id":"https:\/\/www.padreeustaquio.com.br\/#\/schema\/person\/a2a51db1d00f1a7af0204a0f1ddb1566","name":"@sscc","image":{"@type":"ImageObject","inLanguage":"en-US","@id":"https:\/\/secure.gravatar.com\/avatar\/68cfafa5f44617fea54071e215026e0ff06be366c3d54a8425f04fdcb86f8c5f?s=96&d=mm&r=g","url":"https:\/\/secure.gravatar.com\/avatar\/68cfafa5f44617fea54071e215026e0ff06be366c3d54a8425f04fdcb86f8c5f?s=96&d=mm&r=g","contentUrl":"https:\/\/secure.gravatar.com\/avatar\/68cfafa5f44617fea54071e215026e0ff06be366c3d54a8425f04fdcb86f8c5f?s=96&d=mm&r=g","caption":"@sscc"},"url":"https:\/\/www.padreeustaquio.com.br\/en\/author\/sscc\/"}]}},"_links":{"self":[{"href":"https:\/\/www.padreeustaquio.com.br\/en\/wp-json\/wp\/v2\/posts\/11576","targetHints":{"allow":["GET"]}}],"collection":[{"href":"https:\/\/www.padreeustaquio.com.br\/en\/wp-json\/wp\/v2\/posts"}],"about":[{"href":"https:\/\/www.padreeustaquio.com.br\/en\/wp-json\/wp\/v2\/types\/post"}],"author":[{"embeddable":true,"href":"https:\/\/www.padreeustaquio.com.br\/en\/wp-json\/wp\/v2\/users\/2"}],"replies":[{"embeddable":true,"href":"https:\/\/www.padreeustaquio.com.br\/en\/wp-json\/wp\/v2\/comments?post=11576"}],"version-history":[{"count":0,"href":"https:\/\/www.padreeustaquio.com.br\/en\/wp-json\/wp\/v2\/posts\/11576\/revisions"}],"wp:featuredmedia":[{"embeddable":true,"href":"https:\/\/www.padreeustaquio.com.br\/en\/wp-json\/wp\/v2\/media\/11577"}],"wp:attachment":[{"href":"https:\/\/www.padreeustaquio.com.br\/en\/wp-json\/wp\/v2\/media?parent=11576"}],"wp:term":[{"taxonomy":"category","embeddable":true,"href":"https:\/\/www.padreeustaquio.com.br\/en\/wp-json\/wp\/v2\/categories?post=11576"},{"taxonomy":"post_tag","embeddable":true,"href":"https:\/\/www.padreeustaquio.com.br\/en\/wp-json\/wp\/v2\/tags?post=11576"}],"curies":[{"name":"wp","href":"https:\/\/api.w.org\/{rel}","templated":true}]}}