{"id":11564,"date":"2024-08-26T09:06:23","date_gmt":"2024-08-26T12:06:23","guid":{"rendered":"https:\/\/www.padreeustaquio.com.br\/?p=11564"},"modified":"2024-08-25T19:49:26","modified_gmt":"2024-08-25T22:49:26","slug":"the-5th-day-of-the-novena-is-marked-by-masses-and-devotion-throughout-sunday-in-belo-horizonte","status":"publish","type":"post","link":"https:\/\/www.padreeustaquio.com.br\/en\/the-5th-day-of-the-novena-is-marked-by-masses-and-devotion-throughout-sunday-in-belo-horizonte\/","title":{"rendered":"The 5th day of the Novena is marked by masses and devotion throughout Sunday in Belo Horizonte."},"content":{"rendered":"<p>Before the gates of the Padre Eust\u00e1quio Church opened in the capital of Minas Gerais, a crowd of young people waited in a long line for the start of registrations for the Encounter of Young People with Christ (EJC), which will be held in October. Meanwhile, thousands of people participated in Sunday&#039;s celebrations at the Sanctuary of Health and Peace, the Church of Blessed Padre Eust\u00e1quio, in Belo Horizonte.<\/p>\n<p><img fetchpriority=\"high\" decoding=\"async\" class=\"wp-image-11567 alignleft\" src=\"https:\/\/www.padreeustaquio.com.br\/wp-content\/uploads\/2024\/08\/quinto-dia-alexandre-3-300x169.jpeg\" alt=\"\" width=\"359\" height=\"202\" srcset=\"https:\/\/www.padreeustaquio.com.br\/wp-content\/uploads\/2024\/08\/quinto-dia-alexandre-3-300x169.jpeg 300w, https:\/\/www.padreeustaquio.com.br\/wp-content\/uploads\/2024\/08\/quinto-dia-alexandre-3-1024x577.jpeg 1024w, https:\/\/www.padreeustaquio.com.br\/wp-content\/uploads\/2024\/08\/quinto-dia-alexandre-3-768x432.jpeg 768w, https:\/\/www.padreeustaquio.com.br\/wp-content\/uploads\/2024\/08\/quinto-dia-alexandre-3-400x225.jpeg 400w, https:\/\/www.padreeustaquio.com.br\/wp-content\/uploads\/2024\/08\/quinto-dia-alexandre-3-600x338.jpeg 600w, https:\/\/www.padreeustaquio.com.br\/wp-content\/uploads\/2024\/08\/quinto-dia-alexandre-3-800x450.jpeg 800w, https:\/\/www.padreeustaquio.com.br\/wp-content\/uploads\/2024\/08\/quinto-dia-alexandre-3.jpeg 1156w\" sizes=\"(max-width: 359px) 100vw, 359px\" \/>The first Mass, at 7:00 AM, was attended by parishioners and visitors who came early to receive a blessing of Health and Peace. At 8:30 AM, the Eucharistic Celebration also included meditation on the 5th day of the Novena, as well as a tribute to catechists in celebration of their day.<\/p>\n<p>In the morning, there was also a coffee break organized by the young people of the EJC (Youth Encounter with Christ), which further united the community with the visitors. At 10 am, 5 pm, and 7 pm, there was also the celebration of Holy Mass with meditation on the 5th day of the Novena. The last Mass of the day was presided over by Father Alexandre Campos Leite, SS.CC, parish vicar.<\/p>\n<p><img decoding=\"async\" class=\"size-medium wp-image-11568 alignright\" src=\"https:\/\/www.padreeustaquio.com.br\/wp-content\/uploads\/2024\/08\/quinto-dia-alexandre-2-300x169.jpeg\" alt=\"\" width=\"300\" height=\"169\" srcset=\"https:\/\/www.padreeustaquio.com.br\/wp-content\/uploads\/2024\/08\/quinto-dia-alexandre-2-300x169.jpeg 300w, https:\/\/www.padreeustaquio.com.br\/wp-content\/uploads\/2024\/08\/quinto-dia-alexandre-2-1024x577.jpeg 1024w, https:\/\/www.padreeustaquio.com.br\/wp-content\/uploads\/2024\/08\/quinto-dia-alexandre-2-768x432.jpeg 768w, https:\/\/www.padreeustaquio.com.br\/wp-content\/uploads\/2024\/08\/quinto-dia-alexandre-2-400x225.jpeg 400w, https:\/\/www.padreeustaquio.com.br\/wp-content\/uploads\/2024\/08\/quinto-dia-alexandre-2-600x338.jpeg 600w, https:\/\/www.padreeustaquio.com.br\/wp-content\/uploads\/2024\/08\/quinto-dia-alexandre-2-800x450.jpeg 800w, https:\/\/www.padreeustaquio.com.br\/wp-content\/uploads\/2024\/08\/quinto-dia-alexandre-2.jpeg 1156w\" sizes=\"(max-width: 300px) 100vw, 300px\" \/>All the pastoral groups and movements participated in the celebrations, such as novenas, and welcomed devotees from various parts of the state and even the country. In the evening, the food stalls brought the festivities to a close with plenty of food, drink, and joy.<\/p>","protected":false},"excerpt":{"rendered":"<p>Antes que os port\u00f5es da Igreja Padre Eust\u00e1quio abrissem na capital mineira, uma multid\u00e3o de jovens aguardavam numa fila extensa, o in\u00edcio das inscri\u00e7\u00f5es para o Encontro de Jovens com Cristo (EJC) que ser\u00e1 realizado em outubro. Paralelo a isso, milhares de pessoas participaram das celebra\u00e7\u00f5es desse domingo no Santu\u00e1rio da Sa\u00fade e da Paz, a Igreja do Beato Padre Eust\u00e1quio, em Belo Horizonte. A primeira missa, \u00e0s 7h, contou com a participa\u00e7\u00e3o de paroquianos e visitantes que, logo cedo, vieram receber a b\u00ean\u00e7\u00e3o de Sa\u00fade e Paz. \u00c0s 8h30, a Celebra\u00e7\u00e3o Eucar\u00edstica, tamb\u00e9m teve a medita\u00e7\u00e3o do 5\u00ba dia [&hellip;]<\/p>\n","protected":false},"author":2,"featured_media":11566,"comment_status":"open","ping_status":"closed","sticky":false,"template":"","format":"standard","meta":{"_acf_changed":false,"footnotes":""},"categories":[611],"tags":[],"class_list":["post-11564","post","type-post","status-publish","format-standard","has-post-thumbnail","hentry","category-noticias"],"acf":[],"yoast_head":"<!-- This site is optimized with the Yoast SEO plugin v27.2 - https:\/\/yoast.com\/product\/yoast-seo-wordpress\/ -->\n<title>5\u00ba dia da Novena \u00e9 marcado por missas e devo\u00e7\u00e3o ao longo do Domingo, em BH<\/title>\n<meta name=\"description\" content=\"Antes que os port\u00f5es da Igreja Padre Eust\u00e1quio abrissem na capital mineira, uma multid\u00e3o de jovens aguardavam numa fila extensa, o in\u00edcio das inscri\u00e7\u00f5es para o Encontro de Jovens com Cristo (EJC) que ser\u00e1 realizado em outubro. Paralelo a isso, milhares de pessoas participaram das celebra\u00e7\u00f5es desse domingo no Santu\u00e1rio da Sa\u00fade e da Paz, a Igreja do Beato Padre Eust\u00e1quio, em Belo Horizonte.\" \/>\n<meta name=\"robots\" content=\"index, follow, max-snippet:-1, max-image-preview:large, max-video-preview:-1\" \/>\n<link rel=\"canonical\" href=\"https:\/\/www.padreeustaquio.com.br\/en\/the-5th-day-of-the-novena-is-marked-by-masses-and-devotion-throughout-sunday-in-belo-horizonte\/\" \/>\n<meta property=\"og:locale\" content=\"en_US\" \/>\n<meta property=\"og:type\" content=\"article\" \/>\n<meta property=\"og:title\" content=\"5\u00ba dia da Novena \u00e9 marcado por missas e devo\u00e7\u00e3o ao longo do Domingo, em BH\" \/>\n<meta property=\"og:description\" content=\"Antes que os port\u00f5es da Igreja Padre Eust\u00e1quio abrissem na capital mineira, uma multid\u00e3o de jovens aguardavam numa fila extensa, o in\u00edcio das inscri\u00e7\u00f5es para o Encontro de Jovens com Cristo (EJC) que ser\u00e1 realizado em outubro. Paralelo a isso, milhares de pessoas participaram das celebra\u00e7\u00f5es desse domingo no Santu\u00e1rio da Sa\u00fade e da Paz, a Igreja do Beato Padre Eust\u00e1quio, em Belo Horizonte.\" \/>\n<meta property=\"og:url\" content=\"https:\/\/www.padreeustaquio.com.br\/en\/the-5th-day-of-the-novena-is-marked-by-masses-and-devotion-throughout-sunday-in-belo-horizonte\/\" \/>\n<meta property=\"og:site_name\" content=\"Padre Eust\u00e1quio\" \/>\n<meta property=\"article:publisher\" content=\"https:\/\/www.facebook.com\/beatopadreeustaquio\/\" \/>\n<meta property=\"article:published_time\" content=\"2024-08-26T12:06:23+00:00\" \/>\n<meta property=\"og:image\" content=\"https:\/\/www.padreeustaquio.com.br\/wp-content\/uploads\/2024\/08\/quinto-dia-alexandre-1.jpeg\" \/>\n\t<meta property=\"og:image:width\" content=\"1156\" \/>\n\t<meta property=\"og:image:height\" content=\"651\" \/>\n\t<meta property=\"og:image:type\" content=\"image\/jpeg\" \/>\n<meta name=\"author\" content=\"@sscc\" \/>\n<meta name=\"twitter:card\" content=\"summary_large_image\" \/>\n<meta name=\"twitter:creator\" content=\"@beatopeustaquio\" \/>\n<meta name=\"twitter:site\" content=\"@beatopeustaquio\" \/>\n<meta name=\"twitter:label1\" content=\"Written by\" \/>\n\t<meta name=\"twitter:data1\" content=\"@sscc\" \/>\n\t<meta name=\"twitter:label2\" content=\"Est. reading time\" \/>\n\t<meta name=\"twitter:data2\" content=\"2 minutes\" \/>\n<script type=\"application\/ld+json\" class=\"yoast-schema-graph\">{\"@context\":\"https:\/\/schema.org\",\"@graph\":[{\"@type\":\"Article\",\"@id\":\"https:\/\/www.padreeustaquio.com.br\/5o-dia-da-novena-e-marcado-por-missas-e-devocao-ao-longo-do-domingo-em-bh\/#article\",\"isPartOf\":{\"@id\":\"https:\/\/www.padreeustaquio.com.br\/5o-dia-da-novena-e-marcado-por-missas-e-devocao-ao-longo-do-domingo-em-bh\/\"},\"author\":{\"name\":\"@sscc\",\"@id\":\"https:\/\/www.padreeustaquio.com.br\/#\/schema\/person\/a2a51db1d00f1a7af0204a0f1ddb1566\"},\"headline\":\"5\u00ba dia da Novena \u00e9 marcado por missas e devo\u00e7\u00e3o ao longo do Domingo, em BH\",\"datePublished\":\"2024-08-26T12:06:23+00:00\",\"mainEntityOfPage\":{\"@id\":\"https:\/\/www.padreeustaquio.com.br\/5o-dia-da-novena-e-marcado-por-missas-e-devocao-ao-longo-do-domingo-em-bh\/\"},\"wordCount\":244,\"commentCount\":0,\"publisher\":{\"@id\":\"https:\/\/www.padreeustaquio.com.br\/#organization\"},\"image\":{\"@id\":\"https:\/\/www.padreeustaquio.com.br\/5o-dia-da-novena-e-marcado-por-missas-e-devocao-ao-longo-do-domingo-em-bh\/#primaryimage\"},\"thumbnailUrl\":\"https:\/\/www.padreeustaquio.com.br\/wp-content\/uploads\/2024\/08\/quinto-dia-alexandre-1.jpeg\",\"articleSection\":[\"Not\u00edcias\"],\"inLanguage\":\"en-US\",\"potentialAction\":[{\"@type\":\"CommentAction\",\"name\":\"Comment\",\"target\":[\"https:\/\/www.padreeustaquio.com.br\/5o-dia-da-novena-e-marcado-por-missas-e-devocao-ao-longo-do-domingo-em-bh\/#respond\"]}]},{\"@type\":\"WebPage\",\"@id\":\"https:\/\/www.padreeustaquio.com.br\/5o-dia-da-novena-e-marcado-por-missas-e-devocao-ao-longo-do-domingo-em-bh\/\",\"url\":\"https:\/\/www.padreeustaquio.com.br\/5o-dia-da-novena-e-marcado-por-missas-e-devocao-ao-longo-do-domingo-em-bh\/\",\"name\":\"5\u00ba dia da Novena \u00e9 marcado por missas e devo\u00e7\u00e3o ao longo do Domingo, em BH\",\"isPartOf\":{\"@id\":\"https:\/\/www.padreeustaquio.com.br\/#website\"},\"primaryImageOfPage\":{\"@id\":\"https:\/\/www.padreeustaquio.com.br\/5o-dia-da-novena-e-marcado-por-missas-e-devocao-ao-longo-do-domingo-em-bh\/#primaryimage\"},\"image\":{\"@id\":\"https:\/\/www.padreeustaquio.com.br\/5o-dia-da-novena-e-marcado-por-missas-e-devocao-ao-longo-do-domingo-em-bh\/#primaryimage\"},\"thumbnailUrl\":\"https:\/\/www.padreeustaquio.com.br\/wp-content\/uploads\/2024\/08\/quinto-dia-alexandre-1.jpeg\",\"datePublished\":\"2024-08-26T12:06:23+00:00\",\"description\":\"Antes que os port\u00f5es da Igreja Padre Eust\u00e1quio abrissem na capital mineira, uma multid\u00e3o de jovens aguardavam numa fila extensa, o in\u00edcio das inscri\u00e7\u00f5es para o Encontro de Jovens com Cristo (EJC) que ser\u00e1 realizado em outubro. Paralelo a isso, milhares de pessoas participaram das celebra\u00e7\u00f5es desse domingo no Santu\u00e1rio da Sa\u00fade e da Paz, a Igreja do Beato Padre Eust\u00e1quio, em Belo Horizonte.\",\"breadcrumb\":{\"@id\":\"https:\/\/www.padreeustaquio.com.br\/5o-dia-da-novena-e-marcado-por-missas-e-devocao-ao-longo-do-domingo-em-bh\/#breadcrumb\"},\"inLanguage\":\"en-US\",\"potentialAction\":[{\"@type\":\"ReadAction\",\"target\":[\"https:\/\/www.padreeustaquio.com.br\/5o-dia-da-novena-e-marcado-por-missas-e-devocao-ao-longo-do-domingo-em-bh\/\"]}]},{\"@type\":\"ImageObject\",\"inLanguage\":\"en-US\",\"@id\":\"https:\/\/www.padreeustaquio.com.br\/5o-dia-da-novena-e-marcado-por-missas-e-devocao-ao-longo-do-domingo-em-bh\/#primaryimage\",\"url\":\"https:\/\/www.padreeustaquio.com.br\/wp-content\/uploads\/2024\/08\/quinto-dia-alexandre-1.jpeg\",\"contentUrl\":\"https:\/\/www.padreeustaquio.com.br\/wp-content\/uploads\/2024\/08\/quinto-dia-alexandre-1.jpeg\",\"width\":1156,\"height\":651},{\"@type\":\"BreadcrumbList\",\"@id\":\"https:\/\/www.padreeustaquio.com.br\/5o-dia-da-novena-e-marcado-por-missas-e-devocao-ao-longo-do-domingo-em-bh\/#breadcrumb\",\"itemListElement\":[{\"@type\":\"ListItem\",\"position\":1,\"name\":\"In\u00edcio\",\"item\":\"https:\/\/www.padreeustaquio.com.br\/\"},{\"@type\":\"ListItem\",\"position\":2,\"name\":\"5\u00ba dia da Novena \u00e9 marcado por missas e devo\u00e7\u00e3o ao longo do Domingo, em BH\"}]},{\"@type\":\"WebSite\",\"@id\":\"https:\/\/www.padreeustaquio.com.br\/#website\",\"url\":\"https:\/\/www.padreeustaquio.com.br\/\",\"name\":\"Padre Eust\u00e1quio\",\"description\":\"Sa\u00fade e Paz\",\"publisher\":{\"@id\":\"https:\/\/www.padreeustaquio.com.br\/#organization\"},\"potentialAction\":[{\"@type\":\"SearchAction\",\"target\":{\"@type\":\"EntryPoint\",\"urlTemplate\":\"https:\/\/www.padreeustaquio.com.br\/?s={search_term_string}\"},\"query-input\":{\"@type\":\"PropertyValueSpecification\",\"valueRequired\":true,\"valueName\":\"search_term_string\"}}],\"inLanguage\":\"en-US\"},{\"@type\":\"Organization\",\"@id\":\"https:\/\/www.padreeustaquio.com.br\/#organization\",\"name\":\"Padre Eust\u00e1quio\",\"url\":\"https:\/\/www.padreeustaquio.com.br\/\",\"logo\":{\"@type\":\"ImageObject\",\"inLanguage\":\"en-US\",\"@id\":\"https:\/\/www.padreeustaquio.com.br\/#\/schema\/logo\/image\/\",\"url\":\"https:\/\/www.padreeustaquio.com.br\/wp-content\/uploads\/2019\/08\/marca.png\",\"contentUrl\":\"https:\/\/www.padreeustaquio.com.br\/wp-content\/uploads\/2019\/08\/marca.png\",\"width\":350,\"height\":400,\"caption\":\"Padre Eust\u00e1quio\"},\"image\":{\"@id\":\"https:\/\/www.padreeustaquio.com.br\/#\/schema\/logo\/image\/\"},\"sameAs\":[\"https:\/\/www.facebook.com\/beatopadreeustaquio\/\",\"https:\/\/x.com\/beatopeustaquio\",\"https:\/\/www.instagram.com\/beatopadreeustaquio\/\",\"https:\/\/www.youtube.com\/channel\/UCRhw7vfabnajwLxb1ZXMeIw\"]},{\"@type\":\"Person\",\"@id\":\"https:\/\/www.padreeustaquio.com.br\/#\/schema\/person\/a2a51db1d00f1a7af0204a0f1ddb1566\",\"name\":\"@sscc\",\"image\":{\"@type\":\"ImageObject\",\"inLanguage\":\"en-US\",\"@id\":\"https:\/\/secure.gravatar.com\/avatar\/68cfafa5f44617fea54071e215026e0ff06be366c3d54a8425f04fdcb86f8c5f?s=96&d=mm&r=g\",\"url\":\"https:\/\/secure.gravatar.com\/avatar\/68cfafa5f44617fea54071e215026e0ff06be366c3d54a8425f04fdcb86f8c5f?s=96&d=mm&r=g\",\"contentUrl\":\"https:\/\/secure.gravatar.com\/avatar\/68cfafa5f44617fea54071e215026e0ff06be366c3d54a8425f04fdcb86f8c5f?s=96&d=mm&r=g\",\"caption\":\"@sscc\"},\"url\":\"https:\/\/www.padreeustaquio.com.br\/en\/author\/sscc\/\"}]}<\/script>\n<!-- \/ Yoast SEO plugin. -->","yoast_head_json":{"title":"The 5th day of the Novena is marked by masses and devotion throughout Sunday in Belo Horizonte.","description":"Before the gates of the Padre Eust\u00e1quio Church opened in the capital of Minas Gerais, a crowd of young people waited in a long line for the start of registrations for the Encounter of Young People with Christ (EJC), which will be held in October. Meanwhile, thousands of people participated in Sunday&#039;s celebrations at the Sanctuary of Health and Peace, the Church of Blessed Padre Eust\u00e1quio, in Belo Horizonte.","robots":{"index":"index","follow":"follow","max-snippet":"max-snippet:-1","max-image-preview":"max-image-preview:large","max-video-preview":"max-video-preview:-1"},"canonical":"https:\/\/www.padreeustaquio.com.br\/en\/the-5th-day-of-the-novena-is-marked-by-masses-and-devotion-throughout-sunday-in-belo-horizonte\/","og_locale":"en_US","og_type":"article","og_title":"5\u00ba dia da Novena \u00e9 marcado por missas e devo\u00e7\u00e3o ao longo do Domingo, em BH","og_description":"Antes que os port\u00f5es da Igreja Padre Eust\u00e1quio abrissem na capital mineira, uma multid\u00e3o de jovens aguardavam numa fila extensa, o in\u00edcio das inscri\u00e7\u00f5es para o Encontro de Jovens com Cristo (EJC) que ser\u00e1 realizado em outubro. Paralelo a isso, milhares de pessoas participaram das celebra\u00e7\u00f5es desse domingo no Santu\u00e1rio da Sa\u00fade e da Paz, a Igreja do Beato Padre Eust\u00e1quio, em Belo Horizonte.","og_url":"https:\/\/www.padreeustaquio.com.br\/en\/the-5th-day-of-the-novena-is-marked-by-masses-and-devotion-throughout-sunday-in-belo-horizonte\/","og_site_name":"Padre Eust\u00e1quio","article_publisher":"https:\/\/www.facebook.com\/beatopadreeustaquio\/","article_published_time":"2024-08-26T12:06:23+00:00","og_image":[{"width":1156,"height":651,"url":"https:\/\/www.padreeustaquio.com.br\/wp-content\/uploads\/2024\/08\/quinto-dia-alexandre-1.jpeg","type":"image\/jpeg"}],"author":"@sscc","twitter_card":"summary_large_image","twitter_creator":"@beatopeustaquio","twitter_site":"@beatopeustaquio","twitter_misc":{"Written by":"@sscc","Est. reading time":"2 minutes"},"schema":{"@context":"https:\/\/schema.org","@graph":[{"@type":"Article","@id":"https:\/\/www.padreeustaquio.com.br\/5o-dia-da-novena-e-marcado-por-missas-e-devocao-ao-longo-do-domingo-em-bh\/#article","isPartOf":{"@id":"https:\/\/www.padreeustaquio.com.br\/5o-dia-da-novena-e-marcado-por-missas-e-devocao-ao-longo-do-domingo-em-bh\/"},"author":{"name":"@sscc","@id":"https:\/\/www.padreeustaquio.com.br\/#\/schema\/person\/a2a51db1d00f1a7af0204a0f1ddb1566"},"headline":"5\u00ba dia da Novena \u00e9 marcado por missas e devo\u00e7\u00e3o ao longo do Domingo, em BH","datePublished":"2024-08-26T12:06:23+00:00","mainEntityOfPage":{"@id":"https:\/\/www.padreeustaquio.com.br\/5o-dia-da-novena-e-marcado-por-missas-e-devocao-ao-longo-do-domingo-em-bh\/"},"wordCount":244,"commentCount":0,"publisher":{"@id":"https:\/\/www.padreeustaquio.com.br\/#organization"},"image":{"@id":"https:\/\/www.padreeustaquio.com.br\/5o-dia-da-novena-e-marcado-por-missas-e-devocao-ao-longo-do-domingo-em-bh\/#primaryimage"},"thumbnailUrl":"https:\/\/www.padreeustaquio.com.br\/wp-content\/uploads\/2024\/08\/quinto-dia-alexandre-1.jpeg","articleSection":["Not\u00edcias"],"inLanguage":"en-US","potentialAction":[{"@type":"CommentAction","name":"Comment","target":["https:\/\/www.padreeustaquio.com.br\/5o-dia-da-novena-e-marcado-por-missas-e-devocao-ao-longo-do-domingo-em-bh\/#respond"]}]},{"@type":"WebPage","@id":"https:\/\/www.padreeustaquio.com.br\/5o-dia-da-novena-e-marcado-por-missas-e-devocao-ao-longo-do-domingo-em-bh\/","url":"https:\/\/www.padreeustaquio.com.br\/5o-dia-da-novena-e-marcado-por-missas-e-devocao-ao-longo-do-domingo-em-bh\/","name":"The 5th day of the Novena is marked by masses and devotion throughout Sunday in Belo Horizonte.","isPartOf":{"@id":"https:\/\/www.padreeustaquio.com.br\/#website"},"primaryImageOfPage":{"@id":"https:\/\/www.padreeustaquio.com.br\/5o-dia-da-novena-e-marcado-por-missas-e-devocao-ao-longo-do-domingo-em-bh\/#primaryimage"},"image":{"@id":"https:\/\/www.padreeustaquio.com.br\/5o-dia-da-novena-e-marcado-por-missas-e-devocao-ao-longo-do-domingo-em-bh\/#primaryimage"},"thumbnailUrl":"https:\/\/www.padreeustaquio.com.br\/wp-content\/uploads\/2024\/08\/quinto-dia-alexandre-1.jpeg","datePublished":"2024-08-26T12:06:23+00:00","description":"Before the gates of the Padre Eust\u00e1quio Church opened in the capital of Minas Gerais, a crowd of young people waited in a long line for the start of registrations for the Encounter of Young People with Christ (EJC), which will be held in October. Meanwhile, thousands of people participated in Sunday&#039;s celebrations at the Sanctuary of Health and Peace, the Church of Blessed Padre Eust\u00e1quio, in Belo Horizonte.","breadcrumb":{"@id":"https:\/\/www.padreeustaquio.com.br\/5o-dia-da-novena-e-marcado-por-missas-e-devocao-ao-longo-do-domingo-em-bh\/#breadcrumb"},"inLanguage":"en-US","potentialAction":[{"@type":"ReadAction","target":["https:\/\/www.padreeustaquio.com.br\/5o-dia-da-novena-e-marcado-por-missas-e-devocao-ao-longo-do-domingo-em-bh\/"]}]},{"@type":"ImageObject","inLanguage":"en-US","@id":"https:\/\/www.padreeustaquio.com.br\/5o-dia-da-novena-e-marcado-por-missas-e-devocao-ao-longo-do-domingo-em-bh\/#primaryimage","url":"https:\/\/www.padreeustaquio.com.br\/wp-content\/uploads\/2024\/08\/quinto-dia-alexandre-1.jpeg","contentUrl":"https:\/\/www.padreeustaquio.com.br\/wp-content\/uploads\/2024\/08\/quinto-dia-alexandre-1.jpeg","width":1156,"height":651},{"@type":"BreadcrumbList","@id":"https:\/\/www.padreeustaquio.com.br\/5o-dia-da-novena-e-marcado-por-missas-e-devocao-ao-longo-do-domingo-em-bh\/#breadcrumb","itemListElement":[{"@type":"ListItem","position":1,"name":"In\u00edcio","item":"https:\/\/www.padreeustaquio.com.br\/"},{"@type":"ListItem","position":2,"name":"5\u00ba dia da Novena \u00e9 marcado por missas e devo\u00e7\u00e3o ao longo do Domingo, em BH"}]},{"@type":"WebSite","@id":"https:\/\/www.padreeustaquio.com.br\/#website","url":"https:\/\/www.padreeustaquio.com.br\/","name":"FATHER EUST\u00c1QUIO","description":"Health and Peace","publisher":{"@id":"https:\/\/www.padreeustaquio.com.br\/#organization"},"potentialAction":[{"@type":"SearchAction","target":{"@type":"EntryPoint","urlTemplate":"https:\/\/www.padreeustaquio.com.br\/?s={search_term_string}"},"query-input":{"@type":"PropertyValueSpecification","valueRequired":true,"valueName":"search_term_string"}}],"inLanguage":"en-US"},{"@type":"Organization","@id":"https:\/\/www.padreeustaquio.com.br\/#organization","name":"FATHER EUST\u00c1QUIO","url":"https:\/\/www.padreeustaquio.com.br\/","logo":{"@type":"ImageObject","inLanguage":"en-US","@id":"https:\/\/www.padreeustaquio.com.br\/#\/schema\/logo\/image\/","url":"https:\/\/www.padreeustaquio.com.br\/wp-content\/uploads\/2019\/08\/marca.png","contentUrl":"https:\/\/www.padreeustaquio.com.br\/wp-content\/uploads\/2019\/08\/marca.png","width":350,"height":400,"caption":"Padre Eust\u00e1quio"},"image":{"@id":"https:\/\/www.padreeustaquio.com.br\/#\/schema\/logo\/image\/"},"sameAs":["https:\/\/www.facebook.com\/beatopadreeustaquio\/","https:\/\/x.com\/beatopeustaquio","https:\/\/www.instagram.com\/beatopadreeustaquio\/","https:\/\/www.youtube.com\/channel\/UCRhw7vfabnajwLxb1ZXMeIw"]},{"@type":"Person","@id":"https:\/\/www.padreeustaquio.com.br\/#\/schema\/person\/a2a51db1d00f1a7af0204a0f1ddb1566","name":"@sscc","image":{"@type":"ImageObject","inLanguage":"en-US","@id":"https:\/\/secure.gravatar.com\/avatar\/68cfafa5f44617fea54071e215026e0ff06be366c3d54a8425f04fdcb86f8c5f?s=96&d=mm&r=g","url":"https:\/\/secure.gravatar.com\/avatar\/68cfafa5f44617fea54071e215026e0ff06be366c3d54a8425f04fdcb86f8c5f?s=96&d=mm&r=g","contentUrl":"https:\/\/secure.gravatar.com\/avatar\/68cfafa5f44617fea54071e215026e0ff06be366c3d54a8425f04fdcb86f8c5f?s=96&d=mm&r=g","caption":"@sscc"},"url":"https:\/\/www.padreeustaquio.com.br\/en\/author\/sscc\/"}]}},"_links":{"self":[{"href":"https:\/\/www.padreeustaquio.com.br\/en\/wp-json\/wp\/v2\/posts\/11564","targetHints":{"allow":["GET"]}}],"collection":[{"href":"https:\/\/www.padreeustaquio.com.br\/en\/wp-json\/wp\/v2\/posts"}],"about":[{"href":"https:\/\/www.padreeustaquio.com.br\/en\/wp-json\/wp\/v2\/types\/post"}],"author":[{"embeddable":true,"href":"https:\/\/www.padreeustaquio.com.br\/en\/wp-json\/wp\/v2\/users\/2"}],"replies":[{"embeddable":true,"href":"https:\/\/www.padreeustaquio.com.br\/en\/wp-json\/wp\/v2\/comments?post=11564"}],"version-history":[{"count":0,"href":"https:\/\/www.padreeustaquio.com.br\/en\/wp-json\/wp\/v2\/posts\/11564\/revisions"}],"wp:featuredmedia":[{"embeddable":true,"href":"https:\/\/www.padreeustaquio.com.br\/en\/wp-json\/wp\/v2\/media\/11566"}],"wp:attachment":[{"href":"https:\/\/www.padreeustaquio.com.br\/en\/wp-json\/wp\/v2\/media?parent=11564"}],"wp:term":[{"taxonomy":"category","embeddable":true,"href":"https:\/\/www.padreeustaquio.com.br\/en\/wp-json\/wp\/v2\/categories?post=11564"},{"taxonomy":"post_tag","embeddable":true,"href":"https:\/\/www.padreeustaquio.com.br\/en\/wp-json\/wp\/v2\/tags?post=11564"}],"curies":[{"name":"wp","href":"https:\/\/api.w.org\/{rel}","templated":true}]}}