{"id":11558,"date":"2024-08-25T19:04:48","date_gmt":"2024-08-25T22:04:48","guid":{"rendered":"https:\/\/www.padreeustaquio.com.br\/?p=11558"},"modified":"2024-08-25T19:05:42","modified_gmt":"2024-08-25T22:05:42","slug":"father-eustaquios-nephews-arrive-in-belo-horizonte-on-the-4th-day-of-the-novena-at-the-sanctuary-of-health-and-peace","status":"publish","type":"post","link":"https:\/\/www.padreeustaquio.com.br\/en\/father-eustaquios-nephews-arrive-in-belo-horizonte-on-the-4th-day-of-the-novena-at-the-sanctuary-of-health-and-peace\/","title":{"rendered":"Father Eust\u00e1quio&#039;s nephews arrive in Belo Horizonte on the 4th day of the Novena at the Sanctuary of Health and Peace."},"content":{"rendered":"<p>Will van den Boomen and Ian van den Boomen are already in the capital of Minas Gerais for the 2024 Feast of Blessed Father Eust\u00e1quio. The nephews of the Dutch priest arrived yesterday from the Netherlands and have already participated in the Holy Mass with the 4th day of the Novena.<\/p>\n<p style=\"font-size: 19.4286px;\"><img fetchpriority=\"high\" decoding=\"async\" class=\"size-medium wp-image-11560 alignleft\" style=\"font-size: 19.4286px;\" src=\"https:\/\/www.padreeustaquio.com.br\/wp-content\/uploads\/2024\/08\/novena-4o-dia-will-e-ian-2-300x169.jpeg\" alt=\"\" width=\"300\" height=\"169\" srcset=\"https:\/\/www.padreeustaquio.com.br\/wp-content\/uploads\/2024\/08\/novena-4o-dia-will-e-ian-2-300x169.jpeg 300w, https:\/\/www.padreeustaquio.com.br\/wp-content\/uploads\/2024\/08\/novena-4o-dia-will-e-ian-2-1024x576.jpeg 1024w, https:\/\/www.padreeustaquio.com.br\/wp-content\/uploads\/2024\/08\/novena-4o-dia-will-e-ian-2-768x432.jpeg 768w, https:\/\/www.padreeustaquio.com.br\/wp-content\/uploads\/2024\/08\/novena-4o-dia-will-e-ian-2-1536x864.jpeg 1536w, https:\/\/www.padreeustaquio.com.br\/wp-content\/uploads\/2024\/08\/novena-4o-dia-will-e-ian-2-400x225.jpeg 400w, https:\/\/www.padreeustaquio.com.br\/wp-content\/uploads\/2024\/08\/novena-4o-dia-will-e-ian-2-600x338.jpeg 600w, https:\/\/www.padreeustaquio.com.br\/wp-content\/uploads\/2024\/08\/novena-4o-dia-will-e-ian-2-800x450.jpeg 800w, https:\/\/www.padreeustaquio.com.br\/wp-content\/uploads\/2024\/08\/novena-4o-dia-will-e-ian-2-1200x675.jpeg 1200w, https:\/\/www.padreeustaquio.com.br\/wp-content\/uploads\/2024\/08\/novena-4o-dia-will-e-ian-2.jpeg 1599w\" sizes=\"(max-width: 300px) 100vw, 300px\" \/><\/p>\n<p><span style=\"font-size: 1.21429rem;\">As is tradition in the family, at least one of Dona Adriana&#039;s (Father Eust\u00e1quio&#039;s younger sister) children attends the celebration in Brazil annually. Will and Ian have always been present to celebrate their uncle&#039;s memory, and this time they brought something new. Will found rare videos in the Netherlands showing Father Eust\u00e1quio on a mission in \u00c1gua Suja (now Romaria-MG) and cities in S\u00e3o Paulo state. Excerpts from the videos will be presented next Tuesday at 10 am at the Father Eust\u00e1quio Museum, attached to the church in Belo Horizonte.<\/span><\/p>\n<p><img decoding=\"async\" class=\"size-medium wp-image-11561 alignright\" src=\"https:\/\/www.padreeustaquio.com.br\/wp-content\/uploads\/2024\/08\/novena-4o-dia-will-e-ian-3-e1724623442759-184x300.jpeg\" alt=\"\" width=\"184\" height=\"300\" srcset=\"https:\/\/www.padreeustaquio.com.br\/wp-content\/uploads\/2024\/08\/novena-4o-dia-will-e-ian-3-e1724623442759-184x300.jpeg 184w, https:\/\/www.padreeustaquio.com.br\/wp-content\/uploads\/2024\/08\/novena-4o-dia-will-e-ian-3-e1724623442759.jpeg 628w\" sizes=\"(max-width: 184px) 100vw, 184px\" \/>This Saturday, the Ministers of Holy Communion, members of the Liturgy Team and the Vocation Ministry of the Sanctuary prayed the Holy Rosary for the Canonization at around 4 pm, then participated in the Holy Mass, which was presided over by the rector of the Sanctuary, Father Edmar Oliveira, SSCC, and was attended by the Dutch.<\/p>\n<p>Throughout the weekend, food stalls are being set up in the square with more food and drink options and more space for parishioners and visitors celebrating this year&#039;s novena.<\/p>\n<p>All programming is being broadcast live by <a href=\"https:\/\/www.youtube.com\/channel\/UCRhw7vfabnajwLxb1ZXMeIw\">Padre Eust\u00e1quio Channel, on YouTube<\/a>, which has just reached the milestone of 20,000 subscribers.<\/p>","protected":false},"excerpt":{"rendered":"<p>Will van den Boomen e Ian van den Boomen j\u00e1 est\u00e3o na capital mineira para a Festa do Beato Padre Eust\u00e1quio 2024. Os sobrinhos do sacerdote holand\u00eas chegaram ontem dos Pa\u00edses Baixos e j\u00e1 participaram da Santa Missa com o 4\u00ba dia da Novena. Como j\u00e1 \u00e9 tradi\u00e7\u00e3o na fam\u00edlia, pelo menos um dos filhos de D. Adriana (irm\u00e3 mais nova de padre Eust\u00e1quio) comparece \u00e0 festa no Brasil, anualmente. Will e Ian sempre se fizeram presentes para celebrar a mem\u00f3ria do tio e dessa vez trouxeram uma novidade. Will encontrou v\u00eddeos raros na Holanda, na qual Padre Eust\u00e1quio aparece [&hellip;]<\/p>\n","protected":false},"author":2,"featured_media":11559,"comment_status":"open","ping_status":"closed","sticky":false,"template":"","format":"standard","meta":{"_acf_changed":false,"footnotes":""},"categories":[611],"tags":[],"class_list":["post-11558","post","type-post","status-publish","format-standard","has-post-thumbnail","hentry","category-noticias"],"acf":[],"yoast_head":"<!-- This site is optimized with the Yoast SEO plugin v27.2 - https:\/\/yoast.com\/product\/yoast-seo-wordpress\/ -->\n<title>Sobrinhos do Padre Eust\u00e1quio chegam a BH no 4\u00ba dia da Novena no Santu\u00e1rio da Sa\u00fade e da Paz<\/title>\n<meta name=\"description\" content=\"Will van den Boomen e Ian van den Boomen j\u00e1 est\u00e3o na capital mineira para a Festa do Beato Padre Eust\u00e1quio 2024. Os sobrinhos do sacerdote holand\u00eas chegaram ontem dos Pa\u00edses Baixos e j\u00e1 participaram da Santa Missa com o 4\u00ba dia da Novena.\" \/>\n<meta name=\"robots\" content=\"index, follow, max-snippet:-1, max-image-preview:large, max-video-preview:-1\" \/>\n<link rel=\"canonical\" href=\"https:\/\/www.padreeustaquio.com.br\/en\/father-eustaquios-nephews-arrive-in-belo-horizonte-on-the-4th-day-of-the-novena-at-the-sanctuary-of-health-and-peace\/\" \/>\n<meta property=\"og:locale\" content=\"en_US\" \/>\n<meta property=\"og:type\" content=\"article\" \/>\n<meta property=\"og:title\" content=\"Sobrinhos do Padre Eust\u00e1quio chegam a BH no 4\u00ba dia da Novena no Santu\u00e1rio da Sa\u00fade e da Paz\" \/>\n<meta property=\"og:description\" content=\"Will van den Boomen e Ian van den Boomen j\u00e1 est\u00e3o na capital mineira para a Festa do Beato Padre Eust\u00e1quio 2024. Os sobrinhos do sacerdote holand\u00eas chegaram ontem dos Pa\u00edses Baixos e j\u00e1 participaram da Santa Missa com o 4\u00ba dia da Novena.\" \/>\n<meta property=\"og:url\" content=\"https:\/\/www.padreeustaquio.com.br\/en\/father-eustaquios-nephews-arrive-in-belo-horizonte-on-the-4th-day-of-the-novena-at-the-sanctuary-of-health-and-peace\/\" \/>\n<meta property=\"og:site_name\" content=\"Padre Eust\u00e1quio\" \/>\n<meta property=\"article:publisher\" content=\"https:\/\/www.facebook.com\/beatopadreeustaquio\/\" \/>\n<meta property=\"article:published_time\" content=\"2024-08-25T22:04:48+00:00\" \/>\n<meta property=\"article:modified_time\" content=\"2024-08-25T22:05:42+00:00\" \/>\n<meta property=\"og:image\" content=\"https:\/\/www.padreeustaquio.com.br\/wp-content\/uploads\/2024\/08\/novena-4o-dia-will-e-ian-1-e1724623319417.jpeg\" \/>\n\t<meta property=\"og:image:width\" content=\"1042\" \/>\n\t<meta property=\"og:image:height\" content=\"511\" \/>\n\t<meta property=\"og:image:type\" content=\"image\/jpeg\" \/>\n<meta name=\"author\" content=\"@sscc\" \/>\n<meta name=\"twitter:card\" content=\"summary_large_image\" \/>\n<meta name=\"twitter:creator\" content=\"@beatopeustaquio\" \/>\n<meta name=\"twitter:site\" content=\"@beatopeustaquio\" \/>\n<meta name=\"twitter:label1\" content=\"Written by\" \/>\n\t<meta name=\"twitter:data1\" content=\"@sscc\" \/>\n\t<meta name=\"twitter:label2\" content=\"Est. reading time\" \/>\n\t<meta name=\"twitter:data2\" content=\"2 minutes\" \/>\n<script type=\"application\/ld+json\" class=\"yoast-schema-graph\">{\"@context\":\"https:\/\/schema.org\",\"@graph\":[{\"@type\":\"Article\",\"@id\":\"https:\/\/www.padreeustaquio.com.br\/sobrinhos-do-padre-eustaquio-chegam-a-bh-no-4o-dia-da-novena-no-santuario-da-saude-e-da-paz\/#article\",\"isPartOf\":{\"@id\":\"https:\/\/www.padreeustaquio.com.br\/sobrinhos-do-padre-eustaquio-chegam-a-bh-no-4o-dia-da-novena-no-santuario-da-saude-e-da-paz\/\"},\"author\":{\"name\":\"@sscc\",\"@id\":\"https:\/\/www.padreeustaquio.com.br\/#\/schema\/person\/a2a51db1d00f1a7af0204a0f1ddb1566\"},\"headline\":\"Sobrinhos do Padre Eust\u00e1quio chegam a BH no 4\u00ba dia da Novena no Santu\u00e1rio da Sa\u00fade e da Paz\",\"datePublished\":\"2024-08-25T22:04:48+00:00\",\"dateModified\":\"2024-08-25T22:05:42+00:00\",\"mainEntityOfPage\":{\"@id\":\"https:\/\/www.padreeustaquio.com.br\/sobrinhos-do-padre-eustaquio-chegam-a-bh-no-4o-dia-da-novena-no-santuario-da-saude-e-da-paz\/\"},\"wordCount\":285,\"commentCount\":0,\"publisher\":{\"@id\":\"https:\/\/www.padreeustaquio.com.br\/#organization\"},\"image\":{\"@id\":\"https:\/\/www.padreeustaquio.com.br\/sobrinhos-do-padre-eustaquio-chegam-a-bh-no-4o-dia-da-novena-no-santuario-da-saude-e-da-paz\/#primaryimage\"},\"thumbnailUrl\":\"https:\/\/www.padreeustaquio.com.br\/wp-content\/uploads\/2024\/08\/novena-4o-dia-will-e-ian-1-e1724623319417.jpeg\",\"articleSection\":[\"Not\u00edcias\"],\"inLanguage\":\"en-US\",\"potentialAction\":[{\"@type\":\"CommentAction\",\"name\":\"Comment\",\"target\":[\"https:\/\/www.padreeustaquio.com.br\/sobrinhos-do-padre-eustaquio-chegam-a-bh-no-4o-dia-da-novena-no-santuario-da-saude-e-da-paz\/#respond\"]}]},{\"@type\":\"WebPage\",\"@id\":\"https:\/\/www.padreeustaquio.com.br\/sobrinhos-do-padre-eustaquio-chegam-a-bh-no-4o-dia-da-novena-no-santuario-da-saude-e-da-paz\/\",\"url\":\"https:\/\/www.padreeustaquio.com.br\/sobrinhos-do-padre-eustaquio-chegam-a-bh-no-4o-dia-da-novena-no-santuario-da-saude-e-da-paz\/\",\"name\":\"Sobrinhos do Padre Eust\u00e1quio chegam a BH no 4\u00ba dia da Novena no Santu\u00e1rio da Sa\u00fade e da Paz\",\"isPartOf\":{\"@id\":\"https:\/\/www.padreeustaquio.com.br\/#website\"},\"primaryImageOfPage\":{\"@id\":\"https:\/\/www.padreeustaquio.com.br\/sobrinhos-do-padre-eustaquio-chegam-a-bh-no-4o-dia-da-novena-no-santuario-da-saude-e-da-paz\/#primaryimage\"},\"image\":{\"@id\":\"https:\/\/www.padreeustaquio.com.br\/sobrinhos-do-padre-eustaquio-chegam-a-bh-no-4o-dia-da-novena-no-santuario-da-saude-e-da-paz\/#primaryimage\"},\"thumbnailUrl\":\"https:\/\/www.padreeustaquio.com.br\/wp-content\/uploads\/2024\/08\/novena-4o-dia-will-e-ian-1-e1724623319417.jpeg\",\"datePublished\":\"2024-08-25T22:04:48+00:00\",\"dateModified\":\"2024-08-25T22:05:42+00:00\",\"description\":\"Will van den Boomen e Ian van den Boomen j\u00e1 est\u00e3o na capital mineira para a Festa do Beato Padre Eust\u00e1quio 2024. Os sobrinhos do sacerdote holand\u00eas chegaram ontem dos Pa\u00edses Baixos e j\u00e1 participaram da Santa Missa com o 4\u00ba dia da Novena.\",\"breadcrumb\":{\"@id\":\"https:\/\/www.padreeustaquio.com.br\/sobrinhos-do-padre-eustaquio-chegam-a-bh-no-4o-dia-da-novena-no-santuario-da-saude-e-da-paz\/#breadcrumb\"},\"inLanguage\":\"en-US\",\"potentialAction\":[{\"@type\":\"ReadAction\",\"target\":[\"https:\/\/www.padreeustaquio.com.br\/sobrinhos-do-padre-eustaquio-chegam-a-bh-no-4o-dia-da-novena-no-santuario-da-saude-e-da-paz\/\"]}]},{\"@type\":\"ImageObject\",\"inLanguage\":\"en-US\",\"@id\":\"https:\/\/www.padreeustaquio.com.br\/sobrinhos-do-padre-eustaquio-chegam-a-bh-no-4o-dia-da-novena-no-santuario-da-saude-e-da-paz\/#primaryimage\",\"url\":\"https:\/\/www.padreeustaquio.com.br\/wp-content\/uploads\/2024\/08\/novena-4o-dia-will-e-ian-1-e1724623319417.jpeg\",\"contentUrl\":\"https:\/\/www.padreeustaquio.com.br\/wp-content\/uploads\/2024\/08\/novena-4o-dia-will-e-ian-1-e1724623319417.jpeg\",\"width\":1042,\"height\":511},{\"@type\":\"BreadcrumbList\",\"@id\":\"https:\/\/www.padreeustaquio.com.br\/sobrinhos-do-padre-eustaquio-chegam-a-bh-no-4o-dia-da-novena-no-santuario-da-saude-e-da-paz\/#breadcrumb\",\"itemListElement\":[{\"@type\":\"ListItem\",\"position\":1,\"name\":\"In\u00edcio\",\"item\":\"https:\/\/www.padreeustaquio.com.br\/\"},{\"@type\":\"ListItem\",\"position\":2,\"name\":\"Sobrinhos do Padre Eust\u00e1quio chegam a BH no 4\u00ba dia da Novena no Santu\u00e1rio da Sa\u00fade e da Paz\"}]},{\"@type\":\"WebSite\",\"@id\":\"https:\/\/www.padreeustaquio.com.br\/#website\",\"url\":\"https:\/\/www.padreeustaquio.com.br\/\",\"name\":\"Padre Eust\u00e1quio\",\"description\":\"Sa\u00fade e Paz\",\"publisher\":{\"@id\":\"https:\/\/www.padreeustaquio.com.br\/#organization\"},\"potentialAction\":[{\"@type\":\"SearchAction\",\"target\":{\"@type\":\"EntryPoint\",\"urlTemplate\":\"https:\/\/www.padreeustaquio.com.br\/?s={search_term_string}\"},\"query-input\":{\"@type\":\"PropertyValueSpecification\",\"valueRequired\":true,\"valueName\":\"search_term_string\"}}],\"inLanguage\":\"en-US\"},{\"@type\":\"Organization\",\"@id\":\"https:\/\/www.padreeustaquio.com.br\/#organization\",\"name\":\"Padre Eust\u00e1quio\",\"url\":\"https:\/\/www.padreeustaquio.com.br\/\",\"logo\":{\"@type\":\"ImageObject\",\"inLanguage\":\"en-US\",\"@id\":\"https:\/\/www.padreeustaquio.com.br\/#\/schema\/logo\/image\/\",\"url\":\"https:\/\/www.padreeustaquio.com.br\/wp-content\/uploads\/2019\/08\/marca.png\",\"contentUrl\":\"https:\/\/www.padreeustaquio.com.br\/wp-content\/uploads\/2019\/08\/marca.png\",\"width\":350,\"height\":400,\"caption\":\"Padre Eust\u00e1quio\"},\"image\":{\"@id\":\"https:\/\/www.padreeustaquio.com.br\/#\/schema\/logo\/image\/\"},\"sameAs\":[\"https:\/\/www.facebook.com\/beatopadreeustaquio\/\",\"https:\/\/x.com\/beatopeustaquio\",\"https:\/\/www.instagram.com\/beatopadreeustaquio\/\",\"https:\/\/www.youtube.com\/channel\/UCRhw7vfabnajwLxb1ZXMeIw\"]},{\"@type\":\"Person\",\"@id\":\"https:\/\/www.padreeustaquio.com.br\/#\/schema\/person\/a2a51db1d00f1a7af0204a0f1ddb1566\",\"name\":\"@sscc\",\"image\":{\"@type\":\"ImageObject\",\"inLanguage\":\"en-US\",\"@id\":\"https:\/\/secure.gravatar.com\/avatar\/68cfafa5f44617fea54071e215026e0ff06be366c3d54a8425f04fdcb86f8c5f?s=96&d=mm&r=g\",\"url\":\"https:\/\/secure.gravatar.com\/avatar\/68cfafa5f44617fea54071e215026e0ff06be366c3d54a8425f04fdcb86f8c5f?s=96&d=mm&r=g\",\"contentUrl\":\"https:\/\/secure.gravatar.com\/avatar\/68cfafa5f44617fea54071e215026e0ff06be366c3d54a8425f04fdcb86f8c5f?s=96&d=mm&r=g\",\"caption\":\"@sscc\"},\"url\":\"https:\/\/www.padreeustaquio.com.br\/en\/author\/sscc\/\"}]}<\/script>\n<!-- \/ Yoast SEO plugin. -->","yoast_head_json":{"title":"Father Eust\u00e1quio&#039;s nephews arrive in Belo Horizonte on the 4th day of the Novena at the Sanctuary of Health and Peace.","description":"Will van den Boomen and Ian van den Boomen are already in the capital of Minas Gerais for the 2024 Feast of Blessed Father Eust\u00e1quio. The nephews of the Dutch priest arrived yesterday from the Netherlands and have already participated in the Holy Mass with the 4th day of the Novena.","robots":{"index":"index","follow":"follow","max-snippet":"max-snippet:-1","max-image-preview":"max-image-preview:large","max-video-preview":"max-video-preview:-1"},"canonical":"https:\/\/www.padreeustaquio.com.br\/en\/father-eustaquios-nephews-arrive-in-belo-horizonte-on-the-4th-day-of-the-novena-at-the-sanctuary-of-health-and-peace\/","og_locale":"en_US","og_type":"article","og_title":"Sobrinhos do Padre Eust\u00e1quio chegam a BH no 4\u00ba dia da Novena no Santu\u00e1rio da Sa\u00fade e da Paz","og_description":"Will van den Boomen e Ian van den Boomen j\u00e1 est\u00e3o na capital mineira para a Festa do Beato Padre Eust\u00e1quio 2024. Os sobrinhos do sacerdote holand\u00eas chegaram ontem dos Pa\u00edses Baixos e j\u00e1 participaram da Santa Missa com o 4\u00ba dia da Novena.","og_url":"https:\/\/www.padreeustaquio.com.br\/en\/father-eustaquios-nephews-arrive-in-belo-horizonte-on-the-4th-day-of-the-novena-at-the-sanctuary-of-health-and-peace\/","og_site_name":"Padre Eust\u00e1quio","article_publisher":"https:\/\/www.facebook.com\/beatopadreeustaquio\/","article_published_time":"2024-08-25T22:04:48+00:00","article_modified_time":"2024-08-25T22:05:42+00:00","og_image":[{"width":1042,"height":511,"url":"https:\/\/www.padreeustaquio.com.br\/wp-content\/uploads\/2024\/08\/novena-4o-dia-will-e-ian-1-e1724623319417.jpeg","type":"image\/jpeg"}],"author":"@sscc","twitter_card":"summary_large_image","twitter_creator":"@beatopeustaquio","twitter_site":"@beatopeustaquio","twitter_misc":{"Written by":"@sscc","Est. reading time":"2 minutes"},"schema":{"@context":"https:\/\/schema.org","@graph":[{"@type":"Article","@id":"https:\/\/www.padreeustaquio.com.br\/sobrinhos-do-padre-eustaquio-chegam-a-bh-no-4o-dia-da-novena-no-santuario-da-saude-e-da-paz\/#article","isPartOf":{"@id":"https:\/\/www.padreeustaquio.com.br\/sobrinhos-do-padre-eustaquio-chegam-a-bh-no-4o-dia-da-novena-no-santuario-da-saude-e-da-paz\/"},"author":{"name":"@sscc","@id":"https:\/\/www.padreeustaquio.com.br\/#\/schema\/person\/a2a51db1d00f1a7af0204a0f1ddb1566"},"headline":"Sobrinhos do Padre Eust\u00e1quio chegam a BH no 4\u00ba dia da Novena no Santu\u00e1rio da Sa\u00fade e da Paz","datePublished":"2024-08-25T22:04:48+00:00","dateModified":"2024-08-25T22:05:42+00:00","mainEntityOfPage":{"@id":"https:\/\/www.padreeustaquio.com.br\/sobrinhos-do-padre-eustaquio-chegam-a-bh-no-4o-dia-da-novena-no-santuario-da-saude-e-da-paz\/"},"wordCount":285,"commentCount":0,"publisher":{"@id":"https:\/\/www.padreeustaquio.com.br\/#organization"},"image":{"@id":"https:\/\/www.padreeustaquio.com.br\/sobrinhos-do-padre-eustaquio-chegam-a-bh-no-4o-dia-da-novena-no-santuario-da-saude-e-da-paz\/#primaryimage"},"thumbnailUrl":"https:\/\/www.padreeustaquio.com.br\/wp-content\/uploads\/2024\/08\/novena-4o-dia-will-e-ian-1-e1724623319417.jpeg","articleSection":["Not\u00edcias"],"inLanguage":"en-US","potentialAction":[{"@type":"CommentAction","name":"Comment","target":["https:\/\/www.padreeustaquio.com.br\/sobrinhos-do-padre-eustaquio-chegam-a-bh-no-4o-dia-da-novena-no-santuario-da-saude-e-da-paz\/#respond"]}]},{"@type":"WebPage","@id":"https:\/\/www.padreeustaquio.com.br\/sobrinhos-do-padre-eustaquio-chegam-a-bh-no-4o-dia-da-novena-no-santuario-da-saude-e-da-paz\/","url":"https:\/\/www.padreeustaquio.com.br\/sobrinhos-do-padre-eustaquio-chegam-a-bh-no-4o-dia-da-novena-no-santuario-da-saude-e-da-paz\/","name":"Father Eust\u00e1quio&#039;s nephews arrive in Belo Horizonte on the 4th day of the Novena at the Sanctuary of Health and Peace.","isPartOf":{"@id":"https:\/\/www.padreeustaquio.com.br\/#website"},"primaryImageOfPage":{"@id":"https:\/\/www.padreeustaquio.com.br\/sobrinhos-do-padre-eustaquio-chegam-a-bh-no-4o-dia-da-novena-no-santuario-da-saude-e-da-paz\/#primaryimage"},"image":{"@id":"https:\/\/www.padreeustaquio.com.br\/sobrinhos-do-padre-eustaquio-chegam-a-bh-no-4o-dia-da-novena-no-santuario-da-saude-e-da-paz\/#primaryimage"},"thumbnailUrl":"https:\/\/www.padreeustaquio.com.br\/wp-content\/uploads\/2024\/08\/novena-4o-dia-will-e-ian-1-e1724623319417.jpeg","datePublished":"2024-08-25T22:04:48+00:00","dateModified":"2024-08-25T22:05:42+00:00","description":"Will van den Boomen and Ian van den Boomen are already in the capital of Minas Gerais for the 2024 Feast of Blessed Father Eust\u00e1quio. The nephews of the Dutch priest arrived yesterday from the Netherlands and have already participated in the Holy Mass with the 4th day of the Novena.","breadcrumb":{"@id":"https:\/\/www.padreeustaquio.com.br\/sobrinhos-do-padre-eustaquio-chegam-a-bh-no-4o-dia-da-novena-no-santuario-da-saude-e-da-paz\/#breadcrumb"},"inLanguage":"en-US","potentialAction":[{"@type":"ReadAction","target":["https:\/\/www.padreeustaquio.com.br\/sobrinhos-do-padre-eustaquio-chegam-a-bh-no-4o-dia-da-novena-no-santuario-da-saude-e-da-paz\/"]}]},{"@type":"ImageObject","inLanguage":"en-US","@id":"https:\/\/www.padreeustaquio.com.br\/sobrinhos-do-padre-eustaquio-chegam-a-bh-no-4o-dia-da-novena-no-santuario-da-saude-e-da-paz\/#primaryimage","url":"https:\/\/www.padreeustaquio.com.br\/wp-content\/uploads\/2024\/08\/novena-4o-dia-will-e-ian-1-e1724623319417.jpeg","contentUrl":"https:\/\/www.padreeustaquio.com.br\/wp-content\/uploads\/2024\/08\/novena-4o-dia-will-e-ian-1-e1724623319417.jpeg","width":1042,"height":511},{"@type":"BreadcrumbList","@id":"https:\/\/www.padreeustaquio.com.br\/sobrinhos-do-padre-eustaquio-chegam-a-bh-no-4o-dia-da-novena-no-santuario-da-saude-e-da-paz\/#breadcrumb","itemListElement":[{"@type":"ListItem","position":1,"name":"In\u00edcio","item":"https:\/\/www.padreeustaquio.com.br\/"},{"@type":"ListItem","position":2,"name":"Sobrinhos do Padre Eust\u00e1quio chegam a BH no 4\u00ba dia da Novena no Santu\u00e1rio da Sa\u00fade e da Paz"}]},{"@type":"WebSite","@id":"https:\/\/www.padreeustaquio.com.br\/#website","url":"https:\/\/www.padreeustaquio.com.br\/","name":"FATHER EUST\u00c1QUIO","description":"Health and Peace","publisher":{"@id":"https:\/\/www.padreeustaquio.com.br\/#organization"},"potentialAction":[{"@type":"SearchAction","target":{"@type":"EntryPoint","urlTemplate":"https:\/\/www.padreeustaquio.com.br\/?s={search_term_string}"},"query-input":{"@type":"PropertyValueSpecification","valueRequired":true,"valueName":"search_term_string"}}],"inLanguage":"en-US"},{"@type":"Organization","@id":"https:\/\/www.padreeustaquio.com.br\/#organization","name":"FATHER EUST\u00c1QUIO","url":"https:\/\/www.padreeustaquio.com.br\/","logo":{"@type":"ImageObject","inLanguage":"en-US","@id":"https:\/\/www.padreeustaquio.com.br\/#\/schema\/logo\/image\/","url":"https:\/\/www.padreeustaquio.com.br\/wp-content\/uploads\/2019\/08\/marca.png","contentUrl":"https:\/\/www.padreeustaquio.com.br\/wp-content\/uploads\/2019\/08\/marca.png","width":350,"height":400,"caption":"Padre Eust\u00e1quio"},"image":{"@id":"https:\/\/www.padreeustaquio.com.br\/#\/schema\/logo\/image\/"},"sameAs":["https:\/\/www.facebook.com\/beatopadreeustaquio\/","https:\/\/x.com\/beatopeustaquio","https:\/\/www.instagram.com\/beatopadreeustaquio\/","https:\/\/www.youtube.com\/channel\/UCRhw7vfabnajwLxb1ZXMeIw"]},{"@type":"Person","@id":"https:\/\/www.padreeustaquio.com.br\/#\/schema\/person\/a2a51db1d00f1a7af0204a0f1ddb1566","name":"@sscc","image":{"@type":"ImageObject","inLanguage":"en-US","@id":"https:\/\/secure.gravatar.com\/avatar\/68cfafa5f44617fea54071e215026e0ff06be366c3d54a8425f04fdcb86f8c5f?s=96&d=mm&r=g","url":"https:\/\/secure.gravatar.com\/avatar\/68cfafa5f44617fea54071e215026e0ff06be366c3d54a8425f04fdcb86f8c5f?s=96&d=mm&r=g","contentUrl":"https:\/\/secure.gravatar.com\/avatar\/68cfafa5f44617fea54071e215026e0ff06be366c3d54a8425f04fdcb86f8c5f?s=96&d=mm&r=g","caption":"@sscc"},"url":"https:\/\/www.padreeustaquio.com.br\/en\/author\/sscc\/"}]}},"_links":{"self":[{"href":"https:\/\/www.padreeustaquio.com.br\/en\/wp-json\/wp\/v2\/posts\/11558","targetHints":{"allow":["GET"]}}],"collection":[{"href":"https:\/\/www.padreeustaquio.com.br\/en\/wp-json\/wp\/v2\/posts"}],"about":[{"href":"https:\/\/www.padreeustaquio.com.br\/en\/wp-json\/wp\/v2\/types\/post"}],"author":[{"embeddable":true,"href":"https:\/\/www.padreeustaquio.com.br\/en\/wp-json\/wp\/v2\/users\/2"}],"replies":[{"embeddable":true,"href":"https:\/\/www.padreeustaquio.com.br\/en\/wp-json\/wp\/v2\/comments?post=11558"}],"version-history":[{"count":0,"href":"https:\/\/www.padreeustaquio.com.br\/en\/wp-json\/wp\/v2\/posts\/11558\/revisions"}],"wp:featuredmedia":[{"embeddable":true,"href":"https:\/\/www.padreeustaquio.com.br\/en\/wp-json\/wp\/v2\/media\/11559"}],"wp:attachment":[{"href":"https:\/\/www.padreeustaquio.com.br\/en\/wp-json\/wp\/v2\/media?parent=11558"}],"wp:term":[{"taxonomy":"category","embeddable":true,"href":"https:\/\/www.padreeustaquio.com.br\/en\/wp-json\/wp\/v2\/categories?post=11558"},{"taxonomy":"post_tag","embeddable":true,"href":"https:\/\/www.padreeustaquio.com.br\/en\/wp-json\/wp\/v2\/tags?post=11558"}],"curies":[{"name":"wp","href":"https:\/\/api.w.org\/{rel}","templated":true}]}}