{"id":11553,"date":"2024-08-24T13:40:44","date_gmt":"2024-08-24T16:40:44","guid":{"rendered":"https:\/\/www.padreeustaquio.com.br\/?p=11553"},"modified":"2024-08-25T18:51:49","modified_gmt":"2024-08-25T21:51:49","slug":"archdiocesan-seminary-participates-in-the-3rd-day-of-the-novena-to-blessed-father-eustace-in-belo-horizonte","status":"publish","type":"post","link":"https:\/\/www.padreeustaquio.com.br\/en\/archdiocesan-seminary-participates-in-the-3rd-day-of-the-novena-to-blessed-father-eustace-in-belo-horizonte\/","title":{"rendered":"The Archdiocesan Seminary participates in the 3rd day of the Novena to Blessed Father Eust\u00e1quio in Belo Horizonte."},"content":{"rendered":"<p>The celebration of Holy Mass this Friday (23) was presided over by Father Thiago Augusto Lopes, from the Archdiocese of Belo Horizonte. In addition to him, other priests and seminarians from the Archdiocesan Seminary of the Eucharistic Heart of Jesus participated in the ceremony.<\/p>\n<p><img fetchpriority=\"high\" decoding=\"async\" class=\"wp-image-11556 alignleft\" src=\"https:\/\/www.padreeustaquio.com.br\/wp-content\/uploads\/2024\/08\/novena-3o-dia-pe-thiago-2-300x138.jpeg\" alt=\"\" width=\"365\" height=\"168\" srcset=\"https:\/\/www.padreeustaquio.com.br\/wp-content\/uploads\/2024\/08\/novena-3o-dia-pe-thiago-2-300x138.jpeg 300w, https:\/\/www.padreeustaquio.com.br\/wp-content\/uploads\/2024\/08\/novena-3o-dia-pe-thiago-2-1024x472.jpeg 1024w, https:\/\/www.padreeustaquio.com.br\/wp-content\/uploads\/2024\/08\/novena-3o-dia-pe-thiago-2-768x354.jpeg 768w, https:\/\/www.padreeustaquio.com.br\/wp-content\/uploads\/2024\/08\/novena-3o-dia-pe-thiago-2-1536x708.jpeg 1536w, https:\/\/www.padreeustaquio.com.br\/wp-content\/uploads\/2024\/08\/novena-3o-dia-pe-thiago-2.jpeg 1600w\" sizes=\"(max-width: 365px) 100vw, 365px\" \/>As on the two previous days, the Holy Rosary was recited at 6:15 PM, followed immediately by the Eucharistic Celebration. Those who participated in the Mass as part of the novena were members of the Charismatic Renewal (CCR), the Apostleship of Prayer, and the Prayer and Life Workshops of the Sanctuary.<\/p>\n<p>At the end of the celebration, the children from the Missionary Childhood and Adolescence group, and the members of the Apostolate of Prayer and the Prayer and Life Workshops set up stalls outside the church.<\/p>","protected":false},"excerpt":{"rendered":"<p>A celebra\u00e7\u00e3o da Santa Missa dessa sexta-feira (23) foi presidida pelo padre Thiago Augusto Lopes, da Arquidiocese de Belo Horizonte. Al\u00e9m dele, outros padres e seminaristas do Semin\u00e1rio Arquidiocesano Cora\u00e7\u00e3o Eucar\u00edstico de Jesus participaram da cerim\u00f4nia. Assim como nos dois dias anteriores, houve a recita\u00e7\u00e3o do Santo Ter\u00e7o \u00e0s 18h15 e, logo em seguida, a Celebra\u00e7\u00e3o Eucar\u00edstica. Quem participou da missa como noven\u00e1rio foram os membros da Renova\u00e7\u00e3o Carism\u00e1tica (RCC), do Apostolado da\u00a0 Ora\u00e7\u00e3o e das Oficinas de Ora\u00e7\u00e3o e Vida do Santu\u00e1rio. Ao t\u00e9rmino da celebra\u00e7\u00e3o, as crian\u00e7as da Inf\u00e2ncia e Adolesc\u00eancia Mission\u00e1ria, e os integrantes do Apostolado da [&hellip;]<\/p>\n","protected":false},"author":2,"featured_media":11554,"comment_status":"open","ping_status":"closed","sticky":false,"template":"","format":"standard","meta":{"_acf_changed":false,"footnotes":""},"categories":[611],"tags":[],"class_list":["post-11553","post","type-post","status-publish","format-standard","has-post-thumbnail","hentry","category-noticias"],"acf":[],"yoast_head":"<!-- This site is optimized with the Yoast SEO plugin v27.2 - https:\/\/yoast.com\/product\/yoast-seo-wordpress\/ -->\n<title>Semin\u00e1rio Arquidiocesano participa do 3\u00ba dia da Novena ao Beato Padre Eust\u00e1quio em BH<\/title>\n<meta name=\"description\" content=\"A celebra\u00e7\u00e3o da Santa Missa dessa sexta-feira (23) foi presidida pelo padre Thiago Augusto Lopes, da Arquidiocese de Belo Horizonte. Al\u00e9m dele, outros padres e seminaristas do Semin\u00e1rio Arquidiocesano Cora\u00e7\u00e3o Eucar\u00edstico de Jesus participaram da cerim\u00f4nia.\" \/>\n<meta name=\"robots\" content=\"index, follow, max-snippet:-1, max-image-preview:large, max-video-preview:-1\" \/>\n<link rel=\"canonical\" href=\"https:\/\/www.padreeustaquio.com.br\/en\/archdiocesan-seminary-participates-in-the-3rd-day-of-the-novena-to-blessed-father-eustace-in-belo-horizonte\/\" \/>\n<meta property=\"og:locale\" content=\"en_US\" \/>\n<meta property=\"og:type\" content=\"article\" \/>\n<meta property=\"og:title\" content=\"Semin\u00e1rio Arquidiocesano participa do 3\u00ba dia da Novena ao Beato Padre Eust\u00e1quio em BH\" \/>\n<meta property=\"og:description\" content=\"A celebra\u00e7\u00e3o da Santa Missa dessa sexta-feira (23) foi presidida pelo padre Thiago Augusto Lopes, da Arquidiocese de Belo Horizonte. Al\u00e9m dele, outros padres e seminaristas do Semin\u00e1rio Arquidiocesano Cora\u00e7\u00e3o Eucar\u00edstico de Jesus participaram da cerim\u00f4nia.\" \/>\n<meta property=\"og:url\" content=\"https:\/\/www.padreeustaquio.com.br\/en\/archdiocesan-seminary-participates-in-the-3rd-day-of-the-novena-to-blessed-father-eustace-in-belo-horizonte\/\" \/>\n<meta property=\"og:site_name\" content=\"Padre Eust\u00e1quio\" \/>\n<meta property=\"article:publisher\" content=\"https:\/\/www.facebook.com\/beatopadreeustaquio\/\" \/>\n<meta property=\"article:published_time\" content=\"2024-08-24T16:40:44+00:00\" \/>\n<meta property=\"article:modified_time\" content=\"2024-08-25T21:51:49+00:00\" \/>\n<meta property=\"og:image\" content=\"https:\/\/www.padreeustaquio.com.br\/wp-content\/uploads\/2024\/08\/novena-3o-dia-pe-thiago-3.jpeg\" \/>\n\t<meta property=\"og:image:width\" content=\"1600\" \/>\n\t<meta property=\"og:image:height\" content=\"738\" \/>\n\t<meta property=\"og:image:type\" content=\"image\/jpeg\" \/>\n<meta name=\"author\" content=\"@sscc\" \/>\n<meta name=\"twitter:card\" content=\"summary_large_image\" \/>\n<meta name=\"twitter:creator\" content=\"@beatopeustaquio\" \/>\n<meta name=\"twitter:site\" content=\"@beatopeustaquio\" \/>\n<meta name=\"twitter:label1\" content=\"Written by\" \/>\n\t<meta name=\"twitter:data1\" content=\"@sscc\" \/>\n\t<meta name=\"twitter:label2\" content=\"Est. reading time\" \/>\n\t<meta name=\"twitter:data2\" content=\"2 minutes\" \/>\n<script type=\"application\/ld+json\" class=\"yoast-schema-graph\">{\"@context\":\"https:\/\/schema.org\",\"@graph\":[{\"@type\":\"Article\",\"@id\":\"https:\/\/www.padreeustaquio.com.br\/seminario-arquidiocesano-participa-do-3o-dia-da-novena-ao-beato-padre-eustaquio-em-bh\/#article\",\"isPartOf\":{\"@id\":\"https:\/\/www.padreeustaquio.com.br\/seminario-arquidiocesano-participa-do-3o-dia-da-novena-ao-beato-padre-eustaquio-em-bh\/\"},\"author\":{\"name\":\"@sscc\",\"@id\":\"https:\/\/www.padreeustaquio.com.br\/#\/schema\/person\/a2a51db1d00f1a7af0204a0f1ddb1566\"},\"headline\":\"Semin\u00e1rio Arquidiocesano participa do 3\u00ba dia da Novena ao Beato Padre Eust\u00e1quio em BH\",\"datePublished\":\"2024-08-24T16:40:44+00:00\",\"dateModified\":\"2024-08-25T21:51:49+00:00\",\"mainEntityOfPage\":{\"@id\":\"https:\/\/www.padreeustaquio.com.br\/seminario-arquidiocesano-participa-do-3o-dia-da-novena-ao-beato-padre-eustaquio-em-bh\/\"},\"wordCount\":154,\"commentCount\":0,\"publisher\":{\"@id\":\"https:\/\/www.padreeustaquio.com.br\/#organization\"},\"image\":{\"@id\":\"https:\/\/www.padreeustaquio.com.br\/seminario-arquidiocesano-participa-do-3o-dia-da-novena-ao-beato-padre-eustaquio-em-bh\/#primaryimage\"},\"thumbnailUrl\":\"https:\/\/www.padreeustaquio.com.br\/wp-content\/uploads\/2024\/08\/novena-3o-dia-pe-thiago-3.jpeg\",\"articleSection\":[\"Not\u00edcias\"],\"inLanguage\":\"en-US\",\"potentialAction\":[{\"@type\":\"CommentAction\",\"name\":\"Comment\",\"target\":[\"https:\/\/www.padreeustaquio.com.br\/seminario-arquidiocesano-participa-do-3o-dia-da-novena-ao-beato-padre-eustaquio-em-bh\/#respond\"]}]},{\"@type\":\"WebPage\",\"@id\":\"https:\/\/www.padreeustaquio.com.br\/seminario-arquidiocesano-participa-do-3o-dia-da-novena-ao-beato-padre-eustaquio-em-bh\/\",\"url\":\"https:\/\/www.padreeustaquio.com.br\/seminario-arquidiocesano-participa-do-3o-dia-da-novena-ao-beato-padre-eustaquio-em-bh\/\",\"name\":\"Semin\u00e1rio Arquidiocesano participa do 3\u00ba dia da Novena ao Beato Padre Eust\u00e1quio em BH\",\"isPartOf\":{\"@id\":\"https:\/\/www.padreeustaquio.com.br\/#website\"},\"primaryImageOfPage\":{\"@id\":\"https:\/\/www.padreeustaquio.com.br\/seminario-arquidiocesano-participa-do-3o-dia-da-novena-ao-beato-padre-eustaquio-em-bh\/#primaryimage\"},\"image\":{\"@id\":\"https:\/\/www.padreeustaquio.com.br\/seminario-arquidiocesano-participa-do-3o-dia-da-novena-ao-beato-padre-eustaquio-em-bh\/#primaryimage\"},\"thumbnailUrl\":\"https:\/\/www.padreeustaquio.com.br\/wp-content\/uploads\/2024\/08\/novena-3o-dia-pe-thiago-3.jpeg\",\"datePublished\":\"2024-08-24T16:40:44+00:00\",\"dateModified\":\"2024-08-25T21:51:49+00:00\",\"description\":\"A celebra\u00e7\u00e3o da Santa Missa dessa sexta-feira (23) foi presidida pelo padre Thiago Augusto Lopes, da Arquidiocese de Belo Horizonte. Al\u00e9m dele, outros padres e seminaristas do Semin\u00e1rio Arquidiocesano Cora\u00e7\u00e3o Eucar\u00edstico de Jesus participaram da cerim\u00f4nia.\",\"breadcrumb\":{\"@id\":\"https:\/\/www.padreeustaquio.com.br\/seminario-arquidiocesano-participa-do-3o-dia-da-novena-ao-beato-padre-eustaquio-em-bh\/#breadcrumb\"},\"inLanguage\":\"en-US\",\"potentialAction\":[{\"@type\":\"ReadAction\",\"target\":[\"https:\/\/www.padreeustaquio.com.br\/seminario-arquidiocesano-participa-do-3o-dia-da-novena-ao-beato-padre-eustaquio-em-bh\/\"]}]},{\"@type\":\"ImageObject\",\"inLanguage\":\"en-US\",\"@id\":\"https:\/\/www.padreeustaquio.com.br\/seminario-arquidiocesano-participa-do-3o-dia-da-novena-ao-beato-padre-eustaquio-em-bh\/#primaryimage\",\"url\":\"https:\/\/www.padreeustaquio.com.br\/wp-content\/uploads\/2024\/08\/novena-3o-dia-pe-thiago-3.jpeg\",\"contentUrl\":\"https:\/\/www.padreeustaquio.com.br\/wp-content\/uploads\/2024\/08\/novena-3o-dia-pe-thiago-3.jpeg\",\"width\":1600,\"height\":738},{\"@type\":\"BreadcrumbList\",\"@id\":\"https:\/\/www.padreeustaquio.com.br\/seminario-arquidiocesano-participa-do-3o-dia-da-novena-ao-beato-padre-eustaquio-em-bh\/#breadcrumb\",\"itemListElement\":[{\"@type\":\"ListItem\",\"position\":1,\"name\":\"In\u00edcio\",\"item\":\"https:\/\/www.padreeustaquio.com.br\/\"},{\"@type\":\"ListItem\",\"position\":2,\"name\":\"Semin\u00e1rio Arquidiocesano participa do 3\u00ba dia da Novena ao Beato Padre Eust\u00e1quio em BH\"}]},{\"@type\":\"WebSite\",\"@id\":\"https:\/\/www.padreeustaquio.com.br\/#website\",\"url\":\"https:\/\/www.padreeustaquio.com.br\/\",\"name\":\"Padre Eust\u00e1quio\",\"description\":\"Sa\u00fade e Paz\",\"publisher\":{\"@id\":\"https:\/\/www.padreeustaquio.com.br\/#organization\"},\"potentialAction\":[{\"@type\":\"SearchAction\",\"target\":{\"@type\":\"EntryPoint\",\"urlTemplate\":\"https:\/\/www.padreeustaquio.com.br\/?s={search_term_string}\"},\"query-input\":{\"@type\":\"PropertyValueSpecification\",\"valueRequired\":true,\"valueName\":\"search_term_string\"}}],\"inLanguage\":\"en-US\"},{\"@type\":\"Organization\",\"@id\":\"https:\/\/www.padreeustaquio.com.br\/#organization\",\"name\":\"Padre Eust\u00e1quio\",\"url\":\"https:\/\/www.padreeustaquio.com.br\/\",\"logo\":{\"@type\":\"ImageObject\",\"inLanguage\":\"en-US\",\"@id\":\"https:\/\/www.padreeustaquio.com.br\/#\/schema\/logo\/image\/\",\"url\":\"https:\/\/www.padreeustaquio.com.br\/wp-content\/uploads\/2019\/08\/marca.png\",\"contentUrl\":\"https:\/\/www.padreeustaquio.com.br\/wp-content\/uploads\/2019\/08\/marca.png\",\"width\":350,\"height\":400,\"caption\":\"Padre Eust\u00e1quio\"},\"image\":{\"@id\":\"https:\/\/www.padreeustaquio.com.br\/#\/schema\/logo\/image\/\"},\"sameAs\":[\"https:\/\/www.facebook.com\/beatopadreeustaquio\/\",\"https:\/\/x.com\/beatopeustaquio\",\"https:\/\/www.instagram.com\/beatopadreeustaquio\/\",\"https:\/\/www.youtube.com\/channel\/UCRhw7vfabnajwLxb1ZXMeIw\"]},{\"@type\":\"Person\",\"@id\":\"https:\/\/www.padreeustaquio.com.br\/#\/schema\/person\/a2a51db1d00f1a7af0204a0f1ddb1566\",\"name\":\"@sscc\",\"image\":{\"@type\":\"ImageObject\",\"inLanguage\":\"en-US\",\"@id\":\"https:\/\/secure.gravatar.com\/avatar\/68cfafa5f44617fea54071e215026e0ff06be366c3d54a8425f04fdcb86f8c5f?s=96&d=mm&r=g\",\"url\":\"https:\/\/secure.gravatar.com\/avatar\/68cfafa5f44617fea54071e215026e0ff06be366c3d54a8425f04fdcb86f8c5f?s=96&d=mm&r=g\",\"contentUrl\":\"https:\/\/secure.gravatar.com\/avatar\/68cfafa5f44617fea54071e215026e0ff06be366c3d54a8425f04fdcb86f8c5f?s=96&d=mm&r=g\",\"caption\":\"@sscc\"},\"url\":\"https:\/\/www.padreeustaquio.com.br\/en\/author\/sscc\/\"}]}<\/script>\n<!-- \/ Yoast SEO plugin. -->","yoast_head_json":{"title":"The Archdiocesan Seminary participates in the 3rd day of the Novena to Blessed Father Eust\u00e1quio in Belo Horizonte.","description":"The celebration of Holy Mass this Friday (23) was presided over by Father Thiago Augusto Lopes, from the Archdiocese of Belo Horizonte. In addition to him, other priests and seminarians from the Archdiocesan Seminary of the Eucharistic Heart of Jesus participated in the ceremony.","robots":{"index":"index","follow":"follow","max-snippet":"max-snippet:-1","max-image-preview":"max-image-preview:large","max-video-preview":"max-video-preview:-1"},"canonical":"https:\/\/www.padreeustaquio.com.br\/en\/archdiocesan-seminary-participates-in-the-3rd-day-of-the-novena-to-blessed-father-eustace-in-belo-horizonte\/","og_locale":"en_US","og_type":"article","og_title":"Semin\u00e1rio Arquidiocesano participa do 3\u00ba dia da Novena ao Beato Padre Eust\u00e1quio em BH","og_description":"A celebra\u00e7\u00e3o da Santa Missa dessa sexta-feira (23) foi presidida pelo padre Thiago Augusto Lopes, da Arquidiocese de Belo Horizonte. Al\u00e9m dele, outros padres e seminaristas do Semin\u00e1rio Arquidiocesano Cora\u00e7\u00e3o Eucar\u00edstico de Jesus participaram da cerim\u00f4nia.","og_url":"https:\/\/www.padreeustaquio.com.br\/en\/archdiocesan-seminary-participates-in-the-3rd-day-of-the-novena-to-blessed-father-eustace-in-belo-horizonte\/","og_site_name":"Padre Eust\u00e1quio","article_publisher":"https:\/\/www.facebook.com\/beatopadreeustaquio\/","article_published_time":"2024-08-24T16:40:44+00:00","article_modified_time":"2024-08-25T21:51:49+00:00","og_image":[{"width":1600,"height":738,"url":"https:\/\/www.padreeustaquio.com.br\/wp-content\/uploads\/2024\/08\/novena-3o-dia-pe-thiago-3.jpeg","type":"image\/jpeg"}],"author":"@sscc","twitter_card":"summary_large_image","twitter_creator":"@beatopeustaquio","twitter_site":"@beatopeustaquio","twitter_misc":{"Written by":"@sscc","Est. reading time":"2 minutes"},"schema":{"@context":"https:\/\/schema.org","@graph":[{"@type":"Article","@id":"https:\/\/www.padreeustaquio.com.br\/seminario-arquidiocesano-participa-do-3o-dia-da-novena-ao-beato-padre-eustaquio-em-bh\/#article","isPartOf":{"@id":"https:\/\/www.padreeustaquio.com.br\/seminario-arquidiocesano-participa-do-3o-dia-da-novena-ao-beato-padre-eustaquio-em-bh\/"},"author":{"name":"@sscc","@id":"https:\/\/www.padreeustaquio.com.br\/#\/schema\/person\/a2a51db1d00f1a7af0204a0f1ddb1566"},"headline":"Semin\u00e1rio Arquidiocesano participa do 3\u00ba dia da Novena ao Beato Padre Eust\u00e1quio em BH","datePublished":"2024-08-24T16:40:44+00:00","dateModified":"2024-08-25T21:51:49+00:00","mainEntityOfPage":{"@id":"https:\/\/www.padreeustaquio.com.br\/seminario-arquidiocesano-participa-do-3o-dia-da-novena-ao-beato-padre-eustaquio-em-bh\/"},"wordCount":154,"commentCount":0,"publisher":{"@id":"https:\/\/www.padreeustaquio.com.br\/#organization"},"image":{"@id":"https:\/\/www.padreeustaquio.com.br\/seminario-arquidiocesano-participa-do-3o-dia-da-novena-ao-beato-padre-eustaquio-em-bh\/#primaryimage"},"thumbnailUrl":"https:\/\/www.padreeustaquio.com.br\/wp-content\/uploads\/2024\/08\/novena-3o-dia-pe-thiago-3.jpeg","articleSection":["Not\u00edcias"],"inLanguage":"en-US","potentialAction":[{"@type":"CommentAction","name":"Comment","target":["https:\/\/www.padreeustaquio.com.br\/seminario-arquidiocesano-participa-do-3o-dia-da-novena-ao-beato-padre-eustaquio-em-bh\/#respond"]}]},{"@type":"WebPage","@id":"https:\/\/www.padreeustaquio.com.br\/seminario-arquidiocesano-participa-do-3o-dia-da-novena-ao-beato-padre-eustaquio-em-bh\/","url":"https:\/\/www.padreeustaquio.com.br\/seminario-arquidiocesano-participa-do-3o-dia-da-novena-ao-beato-padre-eustaquio-em-bh\/","name":"The Archdiocesan Seminary participates in the 3rd day of the Novena to Blessed Father Eust\u00e1quio in Belo Horizonte.","isPartOf":{"@id":"https:\/\/www.padreeustaquio.com.br\/#website"},"primaryImageOfPage":{"@id":"https:\/\/www.padreeustaquio.com.br\/seminario-arquidiocesano-participa-do-3o-dia-da-novena-ao-beato-padre-eustaquio-em-bh\/#primaryimage"},"image":{"@id":"https:\/\/www.padreeustaquio.com.br\/seminario-arquidiocesano-participa-do-3o-dia-da-novena-ao-beato-padre-eustaquio-em-bh\/#primaryimage"},"thumbnailUrl":"https:\/\/www.padreeustaquio.com.br\/wp-content\/uploads\/2024\/08\/novena-3o-dia-pe-thiago-3.jpeg","datePublished":"2024-08-24T16:40:44+00:00","dateModified":"2024-08-25T21:51:49+00:00","description":"The celebration of Holy Mass this Friday (23) was presided over by Father Thiago Augusto Lopes, from the Archdiocese of Belo Horizonte. In addition to him, other priests and seminarians from the Archdiocesan Seminary of the Eucharistic Heart of Jesus participated in the ceremony.","breadcrumb":{"@id":"https:\/\/www.padreeustaquio.com.br\/seminario-arquidiocesano-participa-do-3o-dia-da-novena-ao-beato-padre-eustaquio-em-bh\/#breadcrumb"},"inLanguage":"en-US","potentialAction":[{"@type":"ReadAction","target":["https:\/\/www.padreeustaquio.com.br\/seminario-arquidiocesano-participa-do-3o-dia-da-novena-ao-beato-padre-eustaquio-em-bh\/"]}]},{"@type":"ImageObject","inLanguage":"en-US","@id":"https:\/\/www.padreeustaquio.com.br\/seminario-arquidiocesano-participa-do-3o-dia-da-novena-ao-beato-padre-eustaquio-em-bh\/#primaryimage","url":"https:\/\/www.padreeustaquio.com.br\/wp-content\/uploads\/2024\/08\/novena-3o-dia-pe-thiago-3.jpeg","contentUrl":"https:\/\/www.padreeustaquio.com.br\/wp-content\/uploads\/2024\/08\/novena-3o-dia-pe-thiago-3.jpeg","width":1600,"height":738},{"@type":"BreadcrumbList","@id":"https:\/\/www.padreeustaquio.com.br\/seminario-arquidiocesano-participa-do-3o-dia-da-novena-ao-beato-padre-eustaquio-em-bh\/#breadcrumb","itemListElement":[{"@type":"ListItem","position":1,"name":"In\u00edcio","item":"https:\/\/www.padreeustaquio.com.br\/"},{"@type":"ListItem","position":2,"name":"Semin\u00e1rio Arquidiocesano participa do 3\u00ba dia da Novena ao Beato Padre Eust\u00e1quio em BH"}]},{"@type":"WebSite","@id":"https:\/\/www.padreeustaquio.com.br\/#website","url":"https:\/\/www.padreeustaquio.com.br\/","name":"FATHER EUST\u00c1QUIO","description":"Health and Peace","publisher":{"@id":"https:\/\/www.padreeustaquio.com.br\/#organization"},"potentialAction":[{"@type":"SearchAction","target":{"@type":"EntryPoint","urlTemplate":"https:\/\/www.padreeustaquio.com.br\/?s={search_term_string}"},"query-input":{"@type":"PropertyValueSpecification","valueRequired":true,"valueName":"search_term_string"}}],"inLanguage":"en-US"},{"@type":"Organization","@id":"https:\/\/www.padreeustaquio.com.br\/#organization","name":"FATHER EUST\u00c1QUIO","url":"https:\/\/www.padreeustaquio.com.br\/","logo":{"@type":"ImageObject","inLanguage":"en-US","@id":"https:\/\/www.padreeustaquio.com.br\/#\/schema\/logo\/image\/","url":"https:\/\/www.padreeustaquio.com.br\/wp-content\/uploads\/2019\/08\/marca.png","contentUrl":"https:\/\/www.padreeustaquio.com.br\/wp-content\/uploads\/2019\/08\/marca.png","width":350,"height":400,"caption":"Padre Eust\u00e1quio"},"image":{"@id":"https:\/\/www.padreeustaquio.com.br\/#\/schema\/logo\/image\/"},"sameAs":["https:\/\/www.facebook.com\/beatopadreeustaquio\/","https:\/\/x.com\/beatopeustaquio","https:\/\/www.instagram.com\/beatopadreeustaquio\/","https:\/\/www.youtube.com\/channel\/UCRhw7vfabnajwLxb1ZXMeIw"]},{"@type":"Person","@id":"https:\/\/www.padreeustaquio.com.br\/#\/schema\/person\/a2a51db1d00f1a7af0204a0f1ddb1566","name":"@sscc","image":{"@type":"ImageObject","inLanguage":"en-US","@id":"https:\/\/secure.gravatar.com\/avatar\/68cfafa5f44617fea54071e215026e0ff06be366c3d54a8425f04fdcb86f8c5f?s=96&d=mm&r=g","url":"https:\/\/secure.gravatar.com\/avatar\/68cfafa5f44617fea54071e215026e0ff06be366c3d54a8425f04fdcb86f8c5f?s=96&d=mm&r=g","contentUrl":"https:\/\/secure.gravatar.com\/avatar\/68cfafa5f44617fea54071e215026e0ff06be366c3d54a8425f04fdcb86f8c5f?s=96&d=mm&r=g","caption":"@sscc"},"url":"https:\/\/www.padreeustaquio.com.br\/en\/author\/sscc\/"}]}},"_links":{"self":[{"href":"https:\/\/www.padreeustaquio.com.br\/en\/wp-json\/wp\/v2\/posts\/11553","targetHints":{"allow":["GET"]}}],"collection":[{"href":"https:\/\/www.padreeustaquio.com.br\/en\/wp-json\/wp\/v2\/posts"}],"about":[{"href":"https:\/\/www.padreeustaquio.com.br\/en\/wp-json\/wp\/v2\/types\/post"}],"author":[{"embeddable":true,"href":"https:\/\/www.padreeustaquio.com.br\/en\/wp-json\/wp\/v2\/users\/2"}],"replies":[{"embeddable":true,"href":"https:\/\/www.padreeustaquio.com.br\/en\/wp-json\/wp\/v2\/comments?post=11553"}],"version-history":[{"count":0,"href":"https:\/\/www.padreeustaquio.com.br\/en\/wp-json\/wp\/v2\/posts\/11553\/revisions"}],"wp:featuredmedia":[{"embeddable":true,"href":"https:\/\/www.padreeustaquio.com.br\/en\/wp-json\/wp\/v2\/media\/11554"}],"wp:attachment":[{"href":"https:\/\/www.padreeustaquio.com.br\/en\/wp-json\/wp\/v2\/media?parent=11553"}],"wp:term":[{"taxonomy":"category","embeddable":true,"href":"https:\/\/www.padreeustaquio.com.br\/en\/wp-json\/wp\/v2\/categories?post=11553"},{"taxonomy":"post_tag","embeddable":true,"href":"https:\/\/www.padreeustaquio.com.br\/en\/wp-json\/wp\/v2\/tags?post=11553"}],"curies":[{"name":"wp","href":"https:\/\/api.w.org\/{rel}","templated":true}]}}