{"id":11548,"date":"2024-08-23T13:32:43","date_gmt":"2024-08-23T16:32:43","guid":{"rendered":"https:\/\/www.padreeustaquio.com.br\/?p=11548"},"modified":"2024-08-23T13:32:43","modified_gmt":"2024-08-23T16:32:43","slug":"episcopal-vicar-in-belo-horizonte-celebrates-the-second-day-of-the-novena-at-the-sanctuary-of-health-and-peace","status":"publish","type":"post","link":"https:\/\/www.padreeustaquio.com.br\/en\/episcopal-vicar-in-belo-horizonte-celebrates-the-second-day-of-the-novena-at-the-sanctuary-of-health-and-peace\/","title":{"rendered":"Episcopal Vicar in Belo Horizonte celebrates the second day of the Novena at the Sanctuary of Health and Peace."},"content":{"rendered":"<p>Father J\u00fanio Vasconcelos, episcopal vicar of the Nossa Senhora da Esperan\u00e7a Region, Archdiocese of Belo Horizonte, presided over the Eucharistic Celebration on the second day of the Novena to Blessed Father Eust\u00e1quio. The Holy Mass was broadcast live on the Padre Eust\u00e1quio Channel on YouTube.<\/p>\n<p><img fetchpriority=\"high\" decoding=\"async\" class=\"size-medium wp-image-11550 alignleft\" src=\"https:\/\/www.padreeustaquio.com.br\/wp-content\/uploads\/2024\/08\/segundo-dia-novena-1-300x169.jpeg\" alt=\"\" width=\"300\" height=\"169\" srcset=\"https:\/\/www.padreeustaquio.com.br\/wp-content\/uploads\/2024\/08\/segundo-dia-novena-1-300x169.jpeg 300w, https:\/\/www.padreeustaquio.com.br\/wp-content\/uploads\/2024\/08\/segundo-dia-novena-1-1024x577.jpeg 1024w, https:\/\/www.padreeustaquio.com.br\/wp-content\/uploads\/2024\/08\/segundo-dia-novena-1-768x432.jpeg 768w, https:\/\/www.padreeustaquio.com.br\/wp-content\/uploads\/2024\/08\/segundo-dia-novena-1-1536x865.jpeg 1536w, https:\/\/www.padreeustaquio.com.br\/wp-content\/uploads\/2024\/08\/segundo-dia-novena-1-400x225.jpeg 400w, https:\/\/www.padreeustaquio.com.br\/wp-content\/uploads\/2024\/08\/segundo-dia-novena-1-600x338.jpeg 600w, https:\/\/www.padreeustaquio.com.br\/wp-content\/uploads\/2024\/08\/segundo-dia-novena-1-800x450.jpeg 800w, https:\/\/www.padreeustaquio.com.br\/wp-content\/uploads\/2024\/08\/segundo-dia-novena-1-1200x675.jpeg 1200w, https:\/\/www.padreeustaquio.com.br\/wp-content\/uploads\/2024\/08\/segundo-dia-novena-1.jpeg 1600w\" sizes=\"(max-width: 300px) 100vw, 300px\" \/>Around 6 PM, devotees were already gathering at the Sanctuary for the recitation of the Holy Rosary, praying for the Canonization of Blessed Father Eustace. Then, at the Eucharistic celebration at 7 PM, Father J\u00fanio presided over the ceremony, which included the special participation of members of the Men&#039;s Rosary, Women&#039;s Rosary, and Divine Mercy Rosary groups\u2014groups that meet weekly at the Sanctuary of Health and Peace.<\/p>\n<p><img decoding=\"async\" class=\"size-medium wp-image-11551 alignright\" src=\"https:\/\/www.padreeustaquio.com.br\/wp-content\/uploads\/2024\/08\/segundo-dia-novena-2-300x169.jpeg\" alt=\"\" width=\"300\" height=\"169\" srcset=\"https:\/\/www.padreeustaquio.com.br\/wp-content\/uploads\/2024\/08\/segundo-dia-novena-2-300x169.jpeg 300w, https:\/\/www.padreeustaquio.com.br\/wp-content\/uploads\/2024\/08\/segundo-dia-novena-2-1024x577.jpeg 1024w, https:\/\/www.padreeustaquio.com.br\/wp-content\/uploads\/2024\/08\/segundo-dia-novena-2-768x432.jpeg 768w, https:\/\/www.padreeustaquio.com.br\/wp-content\/uploads\/2024\/08\/segundo-dia-novena-2-1536x865.jpeg 1536w, https:\/\/www.padreeustaquio.com.br\/wp-content\/uploads\/2024\/08\/segundo-dia-novena-2-400x225.jpeg 400w, https:\/\/www.padreeustaquio.com.br\/wp-content\/uploads\/2024\/08\/segundo-dia-novena-2-600x338.jpeg 600w, https:\/\/www.padreeustaquio.com.br\/wp-content\/uploads\/2024\/08\/segundo-dia-novena-2-800x450.jpeg 800w, https:\/\/www.padreeustaquio.com.br\/wp-content\/uploads\/2024\/08\/segundo-dia-novena-2-1200x675.jpeg 1200w, https:\/\/www.padreeustaquio.com.br\/wp-content\/uploads\/2024\/08\/segundo-dia-novena-2.jpeg 1600w\" sizes=\"(max-width: 300px) 100vw, 300px\" \/>During this second day of the Novena, Father Junio reflected on the virtue of Hope, showing how Father Eustace allowed himself to be guided by the hands of the Heavenly Father with boundless trust.<\/p>\n<p>After the Holy Mass, the festivities continued at Espa\u00e7o Molokai and the Community Center, where the Ministers of Holy Communion served pastries and savory snacks.<\/p>","protected":false},"excerpt":{"rendered":"<p>O padre J\u00fanio Vasconcelos, vig\u00e1rio episcopal da Regi\u00e3o Nossa Senhora da Esperan\u00e7a, arquidiocese de BH, foi o presidente da Celebra\u00e7\u00e3o Eucar\u00edstica no segundo dia da Novena ao Bem-Aventurado Padre Eust\u00e1quio. A Santa Missa foi transmitida, ao vivo, pelo Canal Padre Eust\u00e1quio, no YouTube. Por volta das 18h, os devotos j\u00e1 se reuniam no Santu\u00e1rio para a recita\u00e7\u00e3o do Santo Ter\u00e7o, pedindo pela Canoniza\u00e7\u00e3o do Beato Padre Eust\u00e1quio, em seguida, na celebra\u00e7\u00e3o Eucar\u00edstica \u00e0s 19h, Pe J\u00fanio presidiu a cerim\u00f4nia que contou com a participa\u00e7\u00e3o especial dos integrantes do Ter\u00e7o dos Homens, Ter\u00e7o das Mulheres e do Ter\u00e7o da Miseric\u00f3rdia, grupos [&hellip;]<\/p>\n","protected":false},"author":2,"featured_media":11549,"comment_status":"open","ping_status":"closed","sticky":false,"template":"","format":"standard","meta":{"_acf_changed":false,"footnotes":""},"categories":[611],"tags":[],"class_list":["post-11548","post","type-post","status-publish","format-standard","has-post-thumbnail","hentry","category-noticias"],"acf":[],"yoast_head":"<!-- This site is optimized with the Yoast SEO plugin v27.2 - https:\/\/yoast.com\/product\/yoast-seo-wordpress\/ -->\n<title>Vig\u00e1rio Episcopal em BH celebra segundo dia da Novena no Santu\u00e1rio da Sa\u00fade e da Paz<\/title>\n<meta name=\"description\" content=\"O padre J\u00fanio Vasconcelos, vig\u00e1rio episcopal da Regi\u00e3o Nossa Senhora da Esperan\u00e7a, arquidiocese de BH, foi o presidente da Celebra\u00e7\u00e3o Eucar\u00edstica no segundo dia da Novena ao Bem-Aventurado Padre Eust\u00e1quio. A Santa Missa foi transmitida, ao vivo, pelo Canal Padre Eust\u00e1quio, no YouTube.\" \/>\n<meta name=\"robots\" content=\"index, follow, max-snippet:-1, max-image-preview:large, max-video-preview:-1\" \/>\n<link rel=\"canonical\" href=\"https:\/\/www.padreeustaquio.com.br\/en\/episcopal-vicar-in-belo-horizonte-celebrates-the-second-day-of-the-novena-at-the-sanctuary-of-health-and-peace\/\" \/>\n<meta property=\"og:locale\" content=\"en_US\" \/>\n<meta property=\"og:type\" content=\"article\" \/>\n<meta property=\"og:title\" content=\"Vig\u00e1rio Episcopal em BH celebra segundo dia da Novena no Santu\u00e1rio da Sa\u00fade e da Paz\" \/>\n<meta property=\"og:description\" content=\"O padre J\u00fanio Vasconcelos, vig\u00e1rio episcopal da Regi\u00e3o Nossa Senhora da Esperan\u00e7a, arquidiocese de BH, foi o presidente da Celebra\u00e7\u00e3o Eucar\u00edstica no segundo dia da Novena ao Bem-Aventurado Padre Eust\u00e1quio. A Santa Missa foi transmitida, ao vivo, pelo Canal Padre Eust\u00e1quio, no YouTube.\" \/>\n<meta property=\"og:url\" content=\"https:\/\/www.padreeustaquio.com.br\/en\/episcopal-vicar-in-belo-horizonte-celebrates-the-second-day-of-the-novena-at-the-sanctuary-of-health-and-peace\/\" \/>\n<meta property=\"og:site_name\" content=\"Padre Eust\u00e1quio\" \/>\n<meta property=\"article:publisher\" content=\"https:\/\/www.facebook.com\/beatopadreeustaquio\/\" \/>\n<meta property=\"article:published_time\" content=\"2024-08-23T16:32:43+00:00\" \/>\n<meta property=\"og:image\" content=\"https:\/\/www.padreeustaquio.com.br\/wp-content\/uploads\/2024\/08\/segundo-dia-novena-4.jpeg\" \/>\n\t<meta property=\"og:image:width\" content=\"1600\" \/>\n\t<meta property=\"og:image:height\" content=\"901\" \/>\n\t<meta property=\"og:image:type\" content=\"image\/jpeg\" \/>\n<meta name=\"author\" content=\"@sscc\" \/>\n<meta name=\"twitter:card\" content=\"summary_large_image\" \/>\n<meta name=\"twitter:creator\" content=\"@beatopeustaquio\" \/>\n<meta name=\"twitter:site\" content=\"@beatopeustaquio\" \/>\n<meta name=\"twitter:label1\" content=\"Written by\" \/>\n\t<meta name=\"twitter:data1\" content=\"@sscc\" \/>\n\t<meta name=\"twitter:label2\" content=\"Est. reading time\" \/>\n\t<meta name=\"twitter:data2\" content=\"2 minutes\" \/>\n<script type=\"application\/ld+json\" class=\"yoast-schema-graph\">{\"@context\":\"https:\/\/schema.org\",\"@graph\":[{\"@type\":\"Article\",\"@id\":\"https:\/\/www.padreeustaquio.com.br\/vigario-episcopal-em-bh-celebra-segundo-dia-da-novena-no-santuario-da-saude-e-da-paz\/#article\",\"isPartOf\":{\"@id\":\"https:\/\/www.padreeustaquio.com.br\/vigario-episcopal-em-bh-celebra-segundo-dia-da-novena-no-santuario-da-saude-e-da-paz\/\"},\"author\":{\"name\":\"@sscc\",\"@id\":\"https:\/\/www.padreeustaquio.com.br\/#\/schema\/person\/a2a51db1d00f1a7af0204a0f1ddb1566\"},\"headline\":\"Vig\u00e1rio Episcopal em BH celebra segundo dia da Novena no Santu\u00e1rio da Sa\u00fade e da Paz\",\"datePublished\":\"2024-08-23T16:32:43+00:00\",\"mainEntityOfPage\":{\"@id\":\"https:\/\/www.padreeustaquio.com.br\/vigario-episcopal-em-bh-celebra-segundo-dia-da-novena-no-santuario-da-saude-e-da-paz\/\"},\"wordCount\":217,\"commentCount\":0,\"publisher\":{\"@id\":\"https:\/\/www.padreeustaquio.com.br\/#organization\"},\"image\":{\"@id\":\"https:\/\/www.padreeustaquio.com.br\/vigario-episcopal-em-bh-celebra-segundo-dia-da-novena-no-santuario-da-saude-e-da-paz\/#primaryimage\"},\"thumbnailUrl\":\"https:\/\/www.padreeustaquio.com.br\/wp-content\/uploads\/2024\/08\/segundo-dia-novena-4.jpeg\",\"articleSection\":[\"Not\u00edcias\"],\"inLanguage\":\"en-US\",\"potentialAction\":[{\"@type\":\"CommentAction\",\"name\":\"Comment\",\"target\":[\"https:\/\/www.padreeustaquio.com.br\/vigario-episcopal-em-bh-celebra-segundo-dia-da-novena-no-santuario-da-saude-e-da-paz\/#respond\"]}]},{\"@type\":\"WebPage\",\"@id\":\"https:\/\/www.padreeustaquio.com.br\/vigario-episcopal-em-bh-celebra-segundo-dia-da-novena-no-santuario-da-saude-e-da-paz\/\",\"url\":\"https:\/\/www.padreeustaquio.com.br\/vigario-episcopal-em-bh-celebra-segundo-dia-da-novena-no-santuario-da-saude-e-da-paz\/\",\"name\":\"Vig\u00e1rio Episcopal em BH celebra segundo dia da Novena no Santu\u00e1rio da Sa\u00fade e da Paz\",\"isPartOf\":{\"@id\":\"https:\/\/www.padreeustaquio.com.br\/#website\"},\"primaryImageOfPage\":{\"@id\":\"https:\/\/www.padreeustaquio.com.br\/vigario-episcopal-em-bh-celebra-segundo-dia-da-novena-no-santuario-da-saude-e-da-paz\/#primaryimage\"},\"image\":{\"@id\":\"https:\/\/www.padreeustaquio.com.br\/vigario-episcopal-em-bh-celebra-segundo-dia-da-novena-no-santuario-da-saude-e-da-paz\/#primaryimage\"},\"thumbnailUrl\":\"https:\/\/www.padreeustaquio.com.br\/wp-content\/uploads\/2024\/08\/segundo-dia-novena-4.jpeg\",\"datePublished\":\"2024-08-23T16:32:43+00:00\",\"description\":\"O padre J\u00fanio Vasconcelos, vig\u00e1rio episcopal da Regi\u00e3o Nossa Senhora da Esperan\u00e7a, arquidiocese de BH, foi o presidente da Celebra\u00e7\u00e3o Eucar\u00edstica no segundo dia da Novena ao Bem-Aventurado Padre Eust\u00e1quio. A Santa Missa foi transmitida, ao vivo, pelo Canal Padre Eust\u00e1quio, no YouTube.\",\"breadcrumb\":{\"@id\":\"https:\/\/www.padreeustaquio.com.br\/vigario-episcopal-em-bh-celebra-segundo-dia-da-novena-no-santuario-da-saude-e-da-paz\/#breadcrumb\"},\"inLanguage\":\"en-US\",\"potentialAction\":[{\"@type\":\"ReadAction\",\"target\":[\"https:\/\/www.padreeustaquio.com.br\/vigario-episcopal-em-bh-celebra-segundo-dia-da-novena-no-santuario-da-saude-e-da-paz\/\"]}]},{\"@type\":\"ImageObject\",\"inLanguage\":\"en-US\",\"@id\":\"https:\/\/www.padreeustaquio.com.br\/vigario-episcopal-em-bh-celebra-segundo-dia-da-novena-no-santuario-da-saude-e-da-paz\/#primaryimage\",\"url\":\"https:\/\/www.padreeustaquio.com.br\/wp-content\/uploads\/2024\/08\/segundo-dia-novena-4.jpeg\",\"contentUrl\":\"https:\/\/www.padreeustaquio.com.br\/wp-content\/uploads\/2024\/08\/segundo-dia-novena-4.jpeg\",\"width\":1600,\"height\":901},{\"@type\":\"BreadcrumbList\",\"@id\":\"https:\/\/www.padreeustaquio.com.br\/vigario-episcopal-em-bh-celebra-segundo-dia-da-novena-no-santuario-da-saude-e-da-paz\/#breadcrumb\",\"itemListElement\":[{\"@type\":\"ListItem\",\"position\":1,\"name\":\"In\u00edcio\",\"item\":\"https:\/\/www.padreeustaquio.com.br\/\"},{\"@type\":\"ListItem\",\"position\":2,\"name\":\"Vig\u00e1rio Episcopal em BH celebra segundo dia da Novena no Santu\u00e1rio da Sa\u00fade e da Paz\"}]},{\"@type\":\"WebSite\",\"@id\":\"https:\/\/www.padreeustaquio.com.br\/#website\",\"url\":\"https:\/\/www.padreeustaquio.com.br\/\",\"name\":\"Padre Eust\u00e1quio\",\"description\":\"Sa\u00fade e Paz\",\"publisher\":{\"@id\":\"https:\/\/www.padreeustaquio.com.br\/#organization\"},\"potentialAction\":[{\"@type\":\"SearchAction\",\"target\":{\"@type\":\"EntryPoint\",\"urlTemplate\":\"https:\/\/www.padreeustaquio.com.br\/?s={search_term_string}\"},\"query-input\":{\"@type\":\"PropertyValueSpecification\",\"valueRequired\":true,\"valueName\":\"search_term_string\"}}],\"inLanguage\":\"en-US\"},{\"@type\":\"Organization\",\"@id\":\"https:\/\/www.padreeustaquio.com.br\/#organization\",\"name\":\"Padre Eust\u00e1quio\",\"url\":\"https:\/\/www.padreeustaquio.com.br\/\",\"logo\":{\"@type\":\"ImageObject\",\"inLanguage\":\"en-US\",\"@id\":\"https:\/\/www.padreeustaquio.com.br\/#\/schema\/logo\/image\/\",\"url\":\"https:\/\/www.padreeustaquio.com.br\/wp-content\/uploads\/2019\/08\/marca.png\",\"contentUrl\":\"https:\/\/www.padreeustaquio.com.br\/wp-content\/uploads\/2019\/08\/marca.png\",\"width\":350,\"height\":400,\"caption\":\"Padre Eust\u00e1quio\"},\"image\":{\"@id\":\"https:\/\/www.padreeustaquio.com.br\/#\/schema\/logo\/image\/\"},\"sameAs\":[\"https:\/\/www.facebook.com\/beatopadreeustaquio\/\",\"https:\/\/x.com\/beatopeustaquio\",\"https:\/\/www.instagram.com\/beatopadreeustaquio\/\",\"https:\/\/www.youtube.com\/channel\/UCRhw7vfabnajwLxb1ZXMeIw\"]},{\"@type\":\"Person\",\"@id\":\"https:\/\/www.padreeustaquio.com.br\/#\/schema\/person\/a2a51db1d00f1a7af0204a0f1ddb1566\",\"name\":\"@sscc\",\"image\":{\"@type\":\"ImageObject\",\"inLanguage\":\"en-US\",\"@id\":\"https:\/\/secure.gravatar.com\/avatar\/68cfafa5f44617fea54071e215026e0ff06be366c3d54a8425f04fdcb86f8c5f?s=96&d=mm&r=g\",\"url\":\"https:\/\/secure.gravatar.com\/avatar\/68cfafa5f44617fea54071e215026e0ff06be366c3d54a8425f04fdcb86f8c5f?s=96&d=mm&r=g\",\"contentUrl\":\"https:\/\/secure.gravatar.com\/avatar\/68cfafa5f44617fea54071e215026e0ff06be366c3d54a8425f04fdcb86f8c5f?s=96&d=mm&r=g\",\"caption\":\"@sscc\"},\"url\":\"https:\/\/www.padreeustaquio.com.br\/en\/author\/sscc\/\"}]}<\/script>\n<!-- \/ Yoast SEO plugin. -->","yoast_head_json":{"title":"Episcopal Vicar in Belo Horizonte celebrates the second day of the Novena at the Sanctuary of Health and Peace.","description":"Father J\u00fanio Vasconcelos, episcopal vicar of the Nossa Senhora da Esperan\u00e7a Region, Archdiocese of Belo Horizonte, presided over the Eucharistic Celebration on the second day of the Novena to Blessed Father Eust\u00e1quio. The Holy Mass was broadcast live on the Padre Eust\u00e1quio Channel on YouTube.","robots":{"index":"index","follow":"follow","max-snippet":"max-snippet:-1","max-image-preview":"max-image-preview:large","max-video-preview":"max-video-preview:-1"},"canonical":"https:\/\/www.padreeustaquio.com.br\/en\/episcopal-vicar-in-belo-horizonte-celebrates-the-second-day-of-the-novena-at-the-sanctuary-of-health-and-peace\/","og_locale":"en_US","og_type":"article","og_title":"Vig\u00e1rio Episcopal em BH celebra segundo dia da Novena no Santu\u00e1rio da Sa\u00fade e da Paz","og_description":"O padre J\u00fanio Vasconcelos, vig\u00e1rio episcopal da Regi\u00e3o Nossa Senhora da Esperan\u00e7a, arquidiocese de BH, foi o presidente da Celebra\u00e7\u00e3o Eucar\u00edstica no segundo dia da Novena ao Bem-Aventurado Padre Eust\u00e1quio. A Santa Missa foi transmitida, ao vivo, pelo Canal Padre Eust\u00e1quio, no YouTube.","og_url":"https:\/\/www.padreeustaquio.com.br\/en\/episcopal-vicar-in-belo-horizonte-celebrates-the-second-day-of-the-novena-at-the-sanctuary-of-health-and-peace\/","og_site_name":"Padre Eust\u00e1quio","article_publisher":"https:\/\/www.facebook.com\/beatopadreeustaquio\/","article_published_time":"2024-08-23T16:32:43+00:00","og_image":[{"width":1600,"height":901,"url":"https:\/\/www.padreeustaquio.com.br\/wp-content\/uploads\/2024\/08\/segundo-dia-novena-4.jpeg","type":"image\/jpeg"}],"author":"@sscc","twitter_card":"summary_large_image","twitter_creator":"@beatopeustaquio","twitter_site":"@beatopeustaquio","twitter_misc":{"Written by":"@sscc","Est. reading time":"2 minutes"},"schema":{"@context":"https:\/\/schema.org","@graph":[{"@type":"Article","@id":"https:\/\/www.padreeustaquio.com.br\/vigario-episcopal-em-bh-celebra-segundo-dia-da-novena-no-santuario-da-saude-e-da-paz\/#article","isPartOf":{"@id":"https:\/\/www.padreeustaquio.com.br\/vigario-episcopal-em-bh-celebra-segundo-dia-da-novena-no-santuario-da-saude-e-da-paz\/"},"author":{"name":"@sscc","@id":"https:\/\/www.padreeustaquio.com.br\/#\/schema\/person\/a2a51db1d00f1a7af0204a0f1ddb1566"},"headline":"Vig\u00e1rio Episcopal em BH celebra segundo dia da Novena no Santu\u00e1rio da Sa\u00fade e da Paz","datePublished":"2024-08-23T16:32:43+00:00","mainEntityOfPage":{"@id":"https:\/\/www.padreeustaquio.com.br\/vigario-episcopal-em-bh-celebra-segundo-dia-da-novena-no-santuario-da-saude-e-da-paz\/"},"wordCount":217,"commentCount":0,"publisher":{"@id":"https:\/\/www.padreeustaquio.com.br\/#organization"},"image":{"@id":"https:\/\/www.padreeustaquio.com.br\/vigario-episcopal-em-bh-celebra-segundo-dia-da-novena-no-santuario-da-saude-e-da-paz\/#primaryimage"},"thumbnailUrl":"https:\/\/www.padreeustaquio.com.br\/wp-content\/uploads\/2024\/08\/segundo-dia-novena-4.jpeg","articleSection":["Not\u00edcias"],"inLanguage":"en-US","potentialAction":[{"@type":"CommentAction","name":"Comment","target":["https:\/\/www.padreeustaquio.com.br\/vigario-episcopal-em-bh-celebra-segundo-dia-da-novena-no-santuario-da-saude-e-da-paz\/#respond"]}]},{"@type":"WebPage","@id":"https:\/\/www.padreeustaquio.com.br\/vigario-episcopal-em-bh-celebra-segundo-dia-da-novena-no-santuario-da-saude-e-da-paz\/","url":"https:\/\/www.padreeustaquio.com.br\/vigario-episcopal-em-bh-celebra-segundo-dia-da-novena-no-santuario-da-saude-e-da-paz\/","name":"Episcopal Vicar in Belo Horizonte celebrates the second day of the Novena at the Sanctuary of Health and Peace.","isPartOf":{"@id":"https:\/\/www.padreeustaquio.com.br\/#website"},"primaryImageOfPage":{"@id":"https:\/\/www.padreeustaquio.com.br\/vigario-episcopal-em-bh-celebra-segundo-dia-da-novena-no-santuario-da-saude-e-da-paz\/#primaryimage"},"image":{"@id":"https:\/\/www.padreeustaquio.com.br\/vigario-episcopal-em-bh-celebra-segundo-dia-da-novena-no-santuario-da-saude-e-da-paz\/#primaryimage"},"thumbnailUrl":"https:\/\/www.padreeustaquio.com.br\/wp-content\/uploads\/2024\/08\/segundo-dia-novena-4.jpeg","datePublished":"2024-08-23T16:32:43+00:00","description":"Father J\u00fanio Vasconcelos, episcopal vicar of the Nossa Senhora da Esperan\u00e7a Region, Archdiocese of Belo Horizonte, presided over the Eucharistic Celebration on the second day of the Novena to Blessed Father Eust\u00e1quio. The Holy Mass was broadcast live on the Padre Eust\u00e1quio Channel on YouTube.","breadcrumb":{"@id":"https:\/\/www.padreeustaquio.com.br\/vigario-episcopal-em-bh-celebra-segundo-dia-da-novena-no-santuario-da-saude-e-da-paz\/#breadcrumb"},"inLanguage":"en-US","potentialAction":[{"@type":"ReadAction","target":["https:\/\/www.padreeustaquio.com.br\/vigario-episcopal-em-bh-celebra-segundo-dia-da-novena-no-santuario-da-saude-e-da-paz\/"]}]},{"@type":"ImageObject","inLanguage":"en-US","@id":"https:\/\/www.padreeustaquio.com.br\/vigario-episcopal-em-bh-celebra-segundo-dia-da-novena-no-santuario-da-saude-e-da-paz\/#primaryimage","url":"https:\/\/www.padreeustaquio.com.br\/wp-content\/uploads\/2024\/08\/segundo-dia-novena-4.jpeg","contentUrl":"https:\/\/www.padreeustaquio.com.br\/wp-content\/uploads\/2024\/08\/segundo-dia-novena-4.jpeg","width":1600,"height":901},{"@type":"BreadcrumbList","@id":"https:\/\/www.padreeustaquio.com.br\/vigario-episcopal-em-bh-celebra-segundo-dia-da-novena-no-santuario-da-saude-e-da-paz\/#breadcrumb","itemListElement":[{"@type":"ListItem","position":1,"name":"In\u00edcio","item":"https:\/\/www.padreeustaquio.com.br\/"},{"@type":"ListItem","position":2,"name":"Vig\u00e1rio Episcopal em BH celebra segundo dia da Novena no Santu\u00e1rio da Sa\u00fade e da Paz"}]},{"@type":"WebSite","@id":"https:\/\/www.padreeustaquio.com.br\/#website","url":"https:\/\/www.padreeustaquio.com.br\/","name":"FATHER EUST\u00c1QUIO","description":"Health and Peace","publisher":{"@id":"https:\/\/www.padreeustaquio.com.br\/#organization"},"potentialAction":[{"@type":"SearchAction","target":{"@type":"EntryPoint","urlTemplate":"https:\/\/www.padreeustaquio.com.br\/?s={search_term_string}"},"query-input":{"@type":"PropertyValueSpecification","valueRequired":true,"valueName":"search_term_string"}}],"inLanguage":"en-US"},{"@type":"Organization","@id":"https:\/\/www.padreeustaquio.com.br\/#organization","name":"FATHER EUST\u00c1QUIO","url":"https:\/\/www.padreeustaquio.com.br\/","logo":{"@type":"ImageObject","inLanguage":"en-US","@id":"https:\/\/www.padreeustaquio.com.br\/#\/schema\/logo\/image\/","url":"https:\/\/www.padreeustaquio.com.br\/wp-content\/uploads\/2019\/08\/marca.png","contentUrl":"https:\/\/www.padreeustaquio.com.br\/wp-content\/uploads\/2019\/08\/marca.png","width":350,"height":400,"caption":"Padre Eust\u00e1quio"},"image":{"@id":"https:\/\/www.padreeustaquio.com.br\/#\/schema\/logo\/image\/"},"sameAs":["https:\/\/www.facebook.com\/beatopadreeustaquio\/","https:\/\/x.com\/beatopeustaquio","https:\/\/www.instagram.com\/beatopadreeustaquio\/","https:\/\/www.youtube.com\/channel\/UCRhw7vfabnajwLxb1ZXMeIw"]},{"@type":"Person","@id":"https:\/\/www.padreeustaquio.com.br\/#\/schema\/person\/a2a51db1d00f1a7af0204a0f1ddb1566","name":"@sscc","image":{"@type":"ImageObject","inLanguage":"en-US","@id":"https:\/\/secure.gravatar.com\/avatar\/68cfafa5f44617fea54071e215026e0ff06be366c3d54a8425f04fdcb86f8c5f?s=96&d=mm&r=g","url":"https:\/\/secure.gravatar.com\/avatar\/68cfafa5f44617fea54071e215026e0ff06be366c3d54a8425f04fdcb86f8c5f?s=96&d=mm&r=g","contentUrl":"https:\/\/secure.gravatar.com\/avatar\/68cfafa5f44617fea54071e215026e0ff06be366c3d54a8425f04fdcb86f8c5f?s=96&d=mm&r=g","caption":"@sscc"},"url":"https:\/\/www.padreeustaquio.com.br\/en\/author\/sscc\/"}]}},"_links":{"self":[{"href":"https:\/\/www.padreeustaquio.com.br\/en\/wp-json\/wp\/v2\/posts\/11548","targetHints":{"allow":["GET"]}}],"collection":[{"href":"https:\/\/www.padreeustaquio.com.br\/en\/wp-json\/wp\/v2\/posts"}],"about":[{"href":"https:\/\/www.padreeustaquio.com.br\/en\/wp-json\/wp\/v2\/types\/post"}],"author":[{"embeddable":true,"href":"https:\/\/www.padreeustaquio.com.br\/en\/wp-json\/wp\/v2\/users\/2"}],"replies":[{"embeddable":true,"href":"https:\/\/www.padreeustaquio.com.br\/en\/wp-json\/wp\/v2\/comments?post=11548"}],"version-history":[{"count":0,"href":"https:\/\/www.padreeustaquio.com.br\/en\/wp-json\/wp\/v2\/posts\/11548\/revisions"}],"wp:featuredmedia":[{"embeddable":true,"href":"https:\/\/www.padreeustaquio.com.br\/en\/wp-json\/wp\/v2\/media\/11549"}],"wp:attachment":[{"href":"https:\/\/www.padreeustaquio.com.br\/en\/wp-json\/wp\/v2\/media?parent=11548"}],"wp:term":[{"taxonomy":"category","embeddable":true,"href":"https:\/\/www.padreeustaquio.com.br\/en\/wp-json\/wp\/v2\/categories?post=11548"},{"taxonomy":"post_tag","embeddable":true,"href":"https:\/\/www.padreeustaquio.com.br\/en\/wp-json\/wp\/v2\/tags?post=11548"}],"curies":[{"name":"wp","href":"https:\/\/api.w.org\/{rel}","templated":true}]}}