{"id":11543,"date":"2024-08-22T05:56:24","date_gmt":"2024-08-22T08:56:24","guid":{"rendered":"https:\/\/www.padreeustaquio.com.br\/?p=11543"},"modified":"2024-08-21T22:10:22","modified_gmt":"2024-08-22T01:10:22","slug":"the-first-day-of-the-novena-to-father-eustaquio-brings-together-hundreds-of-devotees-at-the-sanctuary-in-belo-horizonte","status":"publish","type":"post","link":"https:\/\/www.padreeustaquio.com.br\/en\/the-first-day-of-the-novena-to-father-eustaquio-brings-together-hundreds-of-devotees-at-the-sanctuary-in-belo-horizonte\/","title":{"rendered":"First day of the Novena to Father Eust\u00e1quio brings together hundreds of devotees at the Sanctuary in Belo Horizonte."},"content":{"rendered":"<p>The first day of the Novena to Blessed Father Eustace brought together hundreds of faithful at the Sanctuary of Health and Peace in Belo Horizonte. The church, affectionately known as the Church of Blessed Father Eustace, will celebrate the liturgical day of the Blessed Father on the 30th of this month.<\/p>\n<p><img fetchpriority=\"high\" decoding=\"async\" class=\"size-medium wp-image-11545 alignleft\" src=\"https:\/\/www.padreeustaquio.com.br\/wp-content\/uploads\/2024\/08\/primeiro-dia-novena-1-225x300.jpeg\" alt=\"\" width=\"225\" height=\"300\" srcset=\"https:\/\/www.padreeustaquio.com.br\/wp-content\/uploads\/2024\/08\/primeiro-dia-novena-1-225x300.jpeg 225w, https:\/\/www.padreeustaquio.com.br\/wp-content\/uploads\/2024\/08\/primeiro-dia-novena-1-768x1024.jpeg 768w, https:\/\/www.padreeustaquio.com.br\/wp-content\/uploads\/2024\/08\/primeiro-dia-novena-1-1152x1536.jpeg 1152w, https:\/\/www.padreeustaquio.com.br\/wp-content\/uploads\/2024\/08\/primeiro-dia-novena-1.jpeg 1200w\" sizes=\"(max-width: 225px) 100vw, 225px\" \/>On the evening of Wednesday the 21st, members of the Family Ministry, the Events Ministry, and the Encounter of Couples with Christ (ECC) were present as novena participants, leading the prayers from 6:15 pm, when the Holy Rosary for Canonization was recited.<\/p>\n<p>At 7 p.m., the rector of the Sanctuary, Father Edmar Oliveira, SSCC, presided over the Holy Mass to open the novena. Members of the pastoral groups and the ECC carried the banner to the altar at the beginning of the celebration, marking the first moment in preparation for the great feast next week.<\/p>\n<p><img decoding=\"async\" class=\"size-medium wp-image-11546 alignright\" src=\"https:\/\/www.padreeustaquio.com.br\/wp-content\/uploads\/2024\/08\/primeiro-dia-novena-2-300x225.jpeg\" alt=\"\" width=\"300\" height=\"225\" srcset=\"https:\/\/www.padreeustaquio.com.br\/wp-content\/uploads\/2024\/08\/primeiro-dia-novena-2-300x225.jpeg 300w, https:\/\/www.padreeustaquio.com.br\/wp-content\/uploads\/2024\/08\/primeiro-dia-novena-2-1024x768.jpeg 1024w, https:\/\/www.padreeustaquio.com.br\/wp-content\/uploads\/2024\/08\/primeiro-dia-novena-2-768x576.jpeg 768w, https:\/\/www.padreeustaquio.com.br\/wp-content\/uploads\/2024\/08\/primeiro-dia-novena-2-1536x1152.jpeg 1536w, https:\/\/www.padreeustaquio.com.br\/wp-content\/uploads\/2024\/08\/primeiro-dia-novena-2-180x135.jpeg 180w, https:\/\/www.padreeustaquio.com.br\/wp-content\/uploads\/2024\/08\/primeiro-dia-novena-2-400x300.jpeg 400w, https:\/\/www.padreeustaquio.com.br\/wp-content\/uploads\/2024\/08\/primeiro-dia-novena-2-600x450.jpeg 600w, https:\/\/www.padreeustaquio.com.br\/wp-content\/uploads\/2024\/08\/primeiro-dia-novena-2-800x600.jpeg 800w, https:\/\/www.padreeustaquio.com.br\/wp-content\/uploads\/2024\/08\/primeiro-dia-novena-2-1200x900.jpeg 1200w, https:\/\/www.padreeustaquio.com.br\/wp-content\/uploads\/2024\/08\/primeiro-dia-novena-2.jpeg 1600w\" sizes=\"(max-width: 300px) 100vw, 300px\" \/>After the Eucharistic Celebration, there was a meditation on the First Day of the Novena: Father Eustace and the Virtue of Faith. Following this, everyone was invited to socialize at the food stalls run by the parish youth group.<\/p>","protected":false},"excerpt":{"rendered":"<p>O primeiro dia da Novena ao Bem-Aventurado Padre Eust\u00e1quio reuniu centenas de fi\u00e9is no Santu\u00e1rio da Sa\u00fade e da Paz, em Belo Horizonte. A igreja, conhecida carinhosamente como Igreja do Beato Padre Eust\u00e1quio celebrar\u00e1 no pr\u00f3ximo dia 30 o dia lit\u00fargico ao Beato. Na noite dessa quarta-feira, dia 21, integrantes da Pastoral Familiar, da Pastoral de Eventos, e do Encontro de Casais com Cristo (ECC), se fizeram presentes como noven\u00e1rios, conduzindo as ora\u00e7\u00f5es, desde \u00e0s 18h15, quando o Santo Ter\u00e7o pela Canoniza\u00e7\u00e3o foi recitado. \u00c0s 19h, o reitor do Santu\u00e1rio, padre Edmar Oliveira, SSCC, presidiu a Santa Missa de abertura [&hellip;]<\/p>\n","protected":false},"author":2,"featured_media":11544,"comment_status":"open","ping_status":"closed","sticky":false,"template":"","format":"standard","meta":{"_acf_changed":false,"footnotes":""},"categories":[611],"tags":[],"class_list":["post-11543","post","type-post","status-publish","format-standard","has-post-thumbnail","hentry","category-noticias"],"acf":[],"yoast_head":"<!-- This site is optimized with the Yoast SEO plugin v27.2 - https:\/\/yoast.com\/product\/yoast-seo-wordpress\/ -->\n<title>Primeiro dia da Novena a Padre Eust\u00e1quio re\u00fane centenas de devotos no Santu\u00e1rio em BH<\/title>\n<meta name=\"description\" content=\"O primeiro dia da Novena ao Bem-Aventurado Padre Eust\u00e1quio reuniu centenas de fi\u00e9is no Santu\u00e1rio da Sa\u00fade e da Paz, em Belo Horizonte. A igreja, conhecida carinhosamente como Igreja do Beato Padre Eust\u00e1quio celebrar\u00e1 no pr\u00f3ximo dia 30 o dia lit\u00fargico ao Beato.\" \/>\n<meta name=\"robots\" content=\"index, follow, max-snippet:-1, max-image-preview:large, max-video-preview:-1\" \/>\n<link rel=\"canonical\" href=\"https:\/\/www.padreeustaquio.com.br\/en\/the-first-day-of-the-novena-to-father-eustaquio-brings-together-hundreds-of-devotees-at-the-sanctuary-in-belo-horizonte\/\" \/>\n<meta property=\"og:locale\" content=\"en_US\" \/>\n<meta property=\"og:type\" content=\"article\" \/>\n<meta property=\"og:title\" content=\"Primeiro dia da Novena a Padre Eust\u00e1quio re\u00fane centenas de devotos no Santu\u00e1rio em BH\" \/>\n<meta property=\"og:description\" content=\"O primeiro dia da Novena ao Bem-Aventurado Padre Eust\u00e1quio reuniu centenas de fi\u00e9is no Santu\u00e1rio da Sa\u00fade e da Paz, em Belo Horizonte. A igreja, conhecida carinhosamente como Igreja do Beato Padre Eust\u00e1quio celebrar\u00e1 no pr\u00f3ximo dia 30 o dia lit\u00fargico ao Beato.\" \/>\n<meta property=\"og:url\" content=\"https:\/\/www.padreeustaquio.com.br\/en\/the-first-day-of-the-novena-to-father-eustaquio-brings-together-hundreds-of-devotees-at-the-sanctuary-in-belo-horizonte\/\" \/>\n<meta property=\"og:site_name\" content=\"Padre Eust\u00e1quio\" \/>\n<meta property=\"article:publisher\" content=\"https:\/\/www.facebook.com\/beatopadreeustaquio\/\" \/>\n<meta property=\"article:published_time\" content=\"2024-08-22T08:56:24+00:00\" \/>\n<meta property=\"og:image\" content=\"https:\/\/www.padreeustaquio.com.br\/wp-content\/uploads\/2024\/08\/primeiro-dia-novena.jpeg\" \/>\n\t<meta property=\"og:image:width\" content=\"1600\" \/>\n\t<meta property=\"og:image:height\" content=\"1200\" \/>\n\t<meta property=\"og:image:type\" content=\"image\/jpeg\" \/>\n<meta name=\"author\" content=\"@sscc\" \/>\n<meta name=\"twitter:card\" content=\"summary_large_image\" \/>\n<meta name=\"twitter:creator\" content=\"@beatopeustaquio\" \/>\n<meta name=\"twitter:site\" content=\"@beatopeustaquio\" \/>\n<meta name=\"twitter:label1\" content=\"Written by\" \/>\n\t<meta name=\"twitter:data1\" content=\"@sscc\" \/>\n\t<meta name=\"twitter:label2\" content=\"Est. reading time\" \/>\n\t<meta name=\"twitter:data2\" content=\"2 minutes\" \/>\n<script type=\"application\/ld+json\" class=\"yoast-schema-graph\">{\"@context\":\"https:\/\/schema.org\",\"@graph\":[{\"@type\":\"Article\",\"@id\":\"https:\/\/www.padreeustaquio.com.br\/primeiro-dia-da-novena-a-padre-eustaquio-reune-centenas-de-devotos-no-santuario-em-bh\/#article\",\"isPartOf\":{\"@id\":\"https:\/\/www.padreeustaquio.com.br\/primeiro-dia-da-novena-a-padre-eustaquio-reune-centenas-de-devotos-no-santuario-em-bh\/\"},\"author\":{\"name\":\"@sscc\",\"@id\":\"https:\/\/www.padreeustaquio.com.br\/#\/schema\/person\/a2a51db1d00f1a7af0204a0f1ddb1566\"},\"headline\":\"Primeiro dia da Novena a Padre Eust\u00e1quio re\u00fane centenas de devotos no Santu\u00e1rio em BH\",\"datePublished\":\"2024-08-22T08:56:24+00:00\",\"mainEntityOfPage\":{\"@id\":\"https:\/\/www.padreeustaquio.com.br\/primeiro-dia-da-novena-a-padre-eustaquio-reune-centenas-de-devotos-no-santuario-em-bh\/\"},\"wordCount\":203,\"commentCount\":0,\"publisher\":{\"@id\":\"https:\/\/www.padreeustaquio.com.br\/#organization\"},\"image\":{\"@id\":\"https:\/\/www.padreeustaquio.com.br\/primeiro-dia-da-novena-a-padre-eustaquio-reune-centenas-de-devotos-no-santuario-em-bh\/#primaryimage\"},\"thumbnailUrl\":\"https:\/\/www.padreeustaquio.com.br\/wp-content\/uploads\/2024\/08\/primeiro-dia-novena.jpeg\",\"articleSection\":[\"Not\u00edcias\"],\"inLanguage\":\"en-US\",\"potentialAction\":[{\"@type\":\"CommentAction\",\"name\":\"Comment\",\"target\":[\"https:\/\/www.padreeustaquio.com.br\/primeiro-dia-da-novena-a-padre-eustaquio-reune-centenas-de-devotos-no-santuario-em-bh\/#respond\"]}]},{\"@type\":\"WebPage\",\"@id\":\"https:\/\/www.padreeustaquio.com.br\/primeiro-dia-da-novena-a-padre-eustaquio-reune-centenas-de-devotos-no-santuario-em-bh\/\",\"url\":\"https:\/\/www.padreeustaquio.com.br\/primeiro-dia-da-novena-a-padre-eustaquio-reune-centenas-de-devotos-no-santuario-em-bh\/\",\"name\":\"Primeiro dia da Novena a Padre Eust\u00e1quio re\u00fane centenas de devotos no Santu\u00e1rio em BH\",\"isPartOf\":{\"@id\":\"https:\/\/www.padreeustaquio.com.br\/#website\"},\"primaryImageOfPage\":{\"@id\":\"https:\/\/www.padreeustaquio.com.br\/primeiro-dia-da-novena-a-padre-eustaquio-reune-centenas-de-devotos-no-santuario-em-bh\/#primaryimage\"},\"image\":{\"@id\":\"https:\/\/www.padreeustaquio.com.br\/primeiro-dia-da-novena-a-padre-eustaquio-reune-centenas-de-devotos-no-santuario-em-bh\/#primaryimage\"},\"thumbnailUrl\":\"https:\/\/www.padreeustaquio.com.br\/wp-content\/uploads\/2024\/08\/primeiro-dia-novena.jpeg\",\"datePublished\":\"2024-08-22T08:56:24+00:00\",\"description\":\"O primeiro dia da Novena ao Bem-Aventurado Padre Eust\u00e1quio reuniu centenas de fi\u00e9is no Santu\u00e1rio da Sa\u00fade e da Paz, em Belo Horizonte. A igreja, conhecida carinhosamente como Igreja do Beato Padre Eust\u00e1quio celebrar\u00e1 no pr\u00f3ximo dia 30 o dia lit\u00fargico ao Beato.\",\"breadcrumb\":{\"@id\":\"https:\/\/www.padreeustaquio.com.br\/primeiro-dia-da-novena-a-padre-eustaquio-reune-centenas-de-devotos-no-santuario-em-bh\/#breadcrumb\"},\"inLanguage\":\"en-US\",\"potentialAction\":[{\"@type\":\"ReadAction\",\"target\":[\"https:\/\/www.padreeustaquio.com.br\/primeiro-dia-da-novena-a-padre-eustaquio-reune-centenas-de-devotos-no-santuario-em-bh\/\"]}]},{\"@type\":\"ImageObject\",\"inLanguage\":\"en-US\",\"@id\":\"https:\/\/www.padreeustaquio.com.br\/primeiro-dia-da-novena-a-padre-eustaquio-reune-centenas-de-devotos-no-santuario-em-bh\/#primaryimage\",\"url\":\"https:\/\/www.padreeustaquio.com.br\/wp-content\/uploads\/2024\/08\/primeiro-dia-novena.jpeg\",\"contentUrl\":\"https:\/\/www.padreeustaquio.com.br\/wp-content\/uploads\/2024\/08\/primeiro-dia-novena.jpeg\",\"width\":1600,\"height\":1200},{\"@type\":\"BreadcrumbList\",\"@id\":\"https:\/\/www.padreeustaquio.com.br\/primeiro-dia-da-novena-a-padre-eustaquio-reune-centenas-de-devotos-no-santuario-em-bh\/#breadcrumb\",\"itemListElement\":[{\"@type\":\"ListItem\",\"position\":1,\"name\":\"In\u00edcio\",\"item\":\"https:\/\/www.padreeustaquio.com.br\/\"},{\"@type\":\"ListItem\",\"position\":2,\"name\":\"Primeiro dia da Novena a Padre Eust\u00e1quio re\u00fane centenas de devotos no Santu\u00e1rio em BH\"}]},{\"@type\":\"WebSite\",\"@id\":\"https:\/\/www.padreeustaquio.com.br\/#website\",\"url\":\"https:\/\/www.padreeustaquio.com.br\/\",\"name\":\"Padre Eust\u00e1quio\",\"description\":\"Sa\u00fade e Paz\",\"publisher\":{\"@id\":\"https:\/\/www.padreeustaquio.com.br\/#organization\"},\"potentialAction\":[{\"@type\":\"SearchAction\",\"target\":{\"@type\":\"EntryPoint\",\"urlTemplate\":\"https:\/\/www.padreeustaquio.com.br\/?s={search_term_string}\"},\"query-input\":{\"@type\":\"PropertyValueSpecification\",\"valueRequired\":true,\"valueName\":\"search_term_string\"}}],\"inLanguage\":\"en-US\"},{\"@type\":\"Organization\",\"@id\":\"https:\/\/www.padreeustaquio.com.br\/#organization\",\"name\":\"Padre Eust\u00e1quio\",\"url\":\"https:\/\/www.padreeustaquio.com.br\/\",\"logo\":{\"@type\":\"ImageObject\",\"inLanguage\":\"en-US\",\"@id\":\"https:\/\/www.padreeustaquio.com.br\/#\/schema\/logo\/image\/\",\"url\":\"https:\/\/www.padreeustaquio.com.br\/wp-content\/uploads\/2019\/08\/marca.png\",\"contentUrl\":\"https:\/\/www.padreeustaquio.com.br\/wp-content\/uploads\/2019\/08\/marca.png\",\"width\":350,\"height\":400,\"caption\":\"Padre Eust\u00e1quio\"},\"image\":{\"@id\":\"https:\/\/www.padreeustaquio.com.br\/#\/schema\/logo\/image\/\"},\"sameAs\":[\"https:\/\/www.facebook.com\/beatopadreeustaquio\/\",\"https:\/\/x.com\/beatopeustaquio\",\"https:\/\/www.instagram.com\/beatopadreeustaquio\/\",\"https:\/\/www.youtube.com\/channel\/UCRhw7vfabnajwLxb1ZXMeIw\"]},{\"@type\":\"Person\",\"@id\":\"https:\/\/www.padreeustaquio.com.br\/#\/schema\/person\/a2a51db1d00f1a7af0204a0f1ddb1566\",\"name\":\"@sscc\",\"image\":{\"@type\":\"ImageObject\",\"inLanguage\":\"en-US\",\"@id\":\"https:\/\/secure.gravatar.com\/avatar\/68cfafa5f44617fea54071e215026e0ff06be366c3d54a8425f04fdcb86f8c5f?s=96&d=mm&r=g\",\"url\":\"https:\/\/secure.gravatar.com\/avatar\/68cfafa5f44617fea54071e215026e0ff06be366c3d54a8425f04fdcb86f8c5f?s=96&d=mm&r=g\",\"contentUrl\":\"https:\/\/secure.gravatar.com\/avatar\/68cfafa5f44617fea54071e215026e0ff06be366c3d54a8425f04fdcb86f8c5f?s=96&d=mm&r=g\",\"caption\":\"@sscc\"},\"url\":\"https:\/\/www.padreeustaquio.com.br\/en\/author\/sscc\/\"}]}<\/script>\n<!-- \/ Yoast SEO plugin. -->","yoast_head_json":{"title":"First day of the Novena to Father Eust\u00e1quio brings together hundreds of devotees at the Sanctuary in Belo Horizonte.","description":"The first day of the Novena to Blessed Father Eustace brought together hundreds of faithful at the Sanctuary of Health and Peace in Belo Horizonte. The church, affectionately known as the Church of Blessed Father Eustace, will celebrate the liturgical day of the Blessed Father on the 30th of this month.","robots":{"index":"index","follow":"follow","max-snippet":"max-snippet:-1","max-image-preview":"max-image-preview:large","max-video-preview":"max-video-preview:-1"},"canonical":"https:\/\/www.padreeustaquio.com.br\/en\/the-first-day-of-the-novena-to-father-eustaquio-brings-together-hundreds-of-devotees-at-the-sanctuary-in-belo-horizonte\/","og_locale":"en_US","og_type":"article","og_title":"Primeiro dia da Novena a Padre Eust\u00e1quio re\u00fane centenas de devotos no Santu\u00e1rio em BH","og_description":"O primeiro dia da Novena ao Bem-Aventurado Padre Eust\u00e1quio reuniu centenas de fi\u00e9is no Santu\u00e1rio da Sa\u00fade e da Paz, em Belo Horizonte. A igreja, conhecida carinhosamente como Igreja do Beato Padre Eust\u00e1quio celebrar\u00e1 no pr\u00f3ximo dia 30 o dia lit\u00fargico ao Beato.","og_url":"https:\/\/www.padreeustaquio.com.br\/en\/the-first-day-of-the-novena-to-father-eustaquio-brings-together-hundreds-of-devotees-at-the-sanctuary-in-belo-horizonte\/","og_site_name":"Padre Eust\u00e1quio","article_publisher":"https:\/\/www.facebook.com\/beatopadreeustaquio\/","article_published_time":"2024-08-22T08:56:24+00:00","og_image":[{"width":1600,"height":1200,"url":"https:\/\/www.padreeustaquio.com.br\/wp-content\/uploads\/2024\/08\/primeiro-dia-novena.jpeg","type":"image\/jpeg"}],"author":"@sscc","twitter_card":"summary_large_image","twitter_creator":"@beatopeustaquio","twitter_site":"@beatopeustaquio","twitter_misc":{"Written by":"@sscc","Est. reading time":"2 minutes"},"schema":{"@context":"https:\/\/schema.org","@graph":[{"@type":"Article","@id":"https:\/\/www.padreeustaquio.com.br\/primeiro-dia-da-novena-a-padre-eustaquio-reune-centenas-de-devotos-no-santuario-em-bh\/#article","isPartOf":{"@id":"https:\/\/www.padreeustaquio.com.br\/primeiro-dia-da-novena-a-padre-eustaquio-reune-centenas-de-devotos-no-santuario-em-bh\/"},"author":{"name":"@sscc","@id":"https:\/\/www.padreeustaquio.com.br\/#\/schema\/person\/a2a51db1d00f1a7af0204a0f1ddb1566"},"headline":"Primeiro dia da Novena a Padre Eust\u00e1quio re\u00fane centenas de devotos no Santu\u00e1rio em BH","datePublished":"2024-08-22T08:56:24+00:00","mainEntityOfPage":{"@id":"https:\/\/www.padreeustaquio.com.br\/primeiro-dia-da-novena-a-padre-eustaquio-reune-centenas-de-devotos-no-santuario-em-bh\/"},"wordCount":203,"commentCount":0,"publisher":{"@id":"https:\/\/www.padreeustaquio.com.br\/#organization"},"image":{"@id":"https:\/\/www.padreeustaquio.com.br\/primeiro-dia-da-novena-a-padre-eustaquio-reune-centenas-de-devotos-no-santuario-em-bh\/#primaryimage"},"thumbnailUrl":"https:\/\/www.padreeustaquio.com.br\/wp-content\/uploads\/2024\/08\/primeiro-dia-novena.jpeg","articleSection":["Not\u00edcias"],"inLanguage":"en-US","potentialAction":[{"@type":"CommentAction","name":"Comment","target":["https:\/\/www.padreeustaquio.com.br\/primeiro-dia-da-novena-a-padre-eustaquio-reune-centenas-de-devotos-no-santuario-em-bh\/#respond"]}]},{"@type":"WebPage","@id":"https:\/\/www.padreeustaquio.com.br\/primeiro-dia-da-novena-a-padre-eustaquio-reune-centenas-de-devotos-no-santuario-em-bh\/","url":"https:\/\/www.padreeustaquio.com.br\/primeiro-dia-da-novena-a-padre-eustaquio-reune-centenas-de-devotos-no-santuario-em-bh\/","name":"First day of the Novena to Father Eust\u00e1quio brings together hundreds of devotees at the Sanctuary in Belo Horizonte.","isPartOf":{"@id":"https:\/\/www.padreeustaquio.com.br\/#website"},"primaryImageOfPage":{"@id":"https:\/\/www.padreeustaquio.com.br\/primeiro-dia-da-novena-a-padre-eustaquio-reune-centenas-de-devotos-no-santuario-em-bh\/#primaryimage"},"image":{"@id":"https:\/\/www.padreeustaquio.com.br\/primeiro-dia-da-novena-a-padre-eustaquio-reune-centenas-de-devotos-no-santuario-em-bh\/#primaryimage"},"thumbnailUrl":"https:\/\/www.padreeustaquio.com.br\/wp-content\/uploads\/2024\/08\/primeiro-dia-novena.jpeg","datePublished":"2024-08-22T08:56:24+00:00","description":"The first day of the Novena to Blessed Father Eustace brought together hundreds of faithful at the Sanctuary of Health and Peace in Belo Horizonte. The church, affectionately known as the Church of Blessed Father Eustace, will celebrate the liturgical day of the Blessed Father on the 30th of this month.","breadcrumb":{"@id":"https:\/\/www.padreeustaquio.com.br\/primeiro-dia-da-novena-a-padre-eustaquio-reune-centenas-de-devotos-no-santuario-em-bh\/#breadcrumb"},"inLanguage":"en-US","potentialAction":[{"@type":"ReadAction","target":["https:\/\/www.padreeustaquio.com.br\/primeiro-dia-da-novena-a-padre-eustaquio-reune-centenas-de-devotos-no-santuario-em-bh\/"]}]},{"@type":"ImageObject","inLanguage":"en-US","@id":"https:\/\/www.padreeustaquio.com.br\/primeiro-dia-da-novena-a-padre-eustaquio-reune-centenas-de-devotos-no-santuario-em-bh\/#primaryimage","url":"https:\/\/www.padreeustaquio.com.br\/wp-content\/uploads\/2024\/08\/primeiro-dia-novena.jpeg","contentUrl":"https:\/\/www.padreeustaquio.com.br\/wp-content\/uploads\/2024\/08\/primeiro-dia-novena.jpeg","width":1600,"height":1200},{"@type":"BreadcrumbList","@id":"https:\/\/www.padreeustaquio.com.br\/primeiro-dia-da-novena-a-padre-eustaquio-reune-centenas-de-devotos-no-santuario-em-bh\/#breadcrumb","itemListElement":[{"@type":"ListItem","position":1,"name":"In\u00edcio","item":"https:\/\/www.padreeustaquio.com.br\/"},{"@type":"ListItem","position":2,"name":"Primeiro dia da Novena a Padre Eust\u00e1quio re\u00fane centenas de devotos no Santu\u00e1rio em BH"}]},{"@type":"WebSite","@id":"https:\/\/www.padreeustaquio.com.br\/#website","url":"https:\/\/www.padreeustaquio.com.br\/","name":"FATHER EUST\u00c1QUIO","description":"Health and Peace","publisher":{"@id":"https:\/\/www.padreeustaquio.com.br\/#organization"},"potentialAction":[{"@type":"SearchAction","target":{"@type":"EntryPoint","urlTemplate":"https:\/\/www.padreeustaquio.com.br\/?s={search_term_string}"},"query-input":{"@type":"PropertyValueSpecification","valueRequired":true,"valueName":"search_term_string"}}],"inLanguage":"en-US"},{"@type":"Organization","@id":"https:\/\/www.padreeustaquio.com.br\/#organization","name":"FATHER EUST\u00c1QUIO","url":"https:\/\/www.padreeustaquio.com.br\/","logo":{"@type":"ImageObject","inLanguage":"en-US","@id":"https:\/\/www.padreeustaquio.com.br\/#\/schema\/logo\/image\/","url":"https:\/\/www.padreeustaquio.com.br\/wp-content\/uploads\/2019\/08\/marca.png","contentUrl":"https:\/\/www.padreeustaquio.com.br\/wp-content\/uploads\/2019\/08\/marca.png","width":350,"height":400,"caption":"Padre Eust\u00e1quio"},"image":{"@id":"https:\/\/www.padreeustaquio.com.br\/#\/schema\/logo\/image\/"},"sameAs":["https:\/\/www.facebook.com\/beatopadreeustaquio\/","https:\/\/x.com\/beatopeustaquio","https:\/\/www.instagram.com\/beatopadreeustaquio\/","https:\/\/www.youtube.com\/channel\/UCRhw7vfabnajwLxb1ZXMeIw"]},{"@type":"Person","@id":"https:\/\/www.padreeustaquio.com.br\/#\/schema\/person\/a2a51db1d00f1a7af0204a0f1ddb1566","name":"@sscc","image":{"@type":"ImageObject","inLanguage":"en-US","@id":"https:\/\/secure.gravatar.com\/avatar\/68cfafa5f44617fea54071e215026e0ff06be366c3d54a8425f04fdcb86f8c5f?s=96&d=mm&r=g","url":"https:\/\/secure.gravatar.com\/avatar\/68cfafa5f44617fea54071e215026e0ff06be366c3d54a8425f04fdcb86f8c5f?s=96&d=mm&r=g","contentUrl":"https:\/\/secure.gravatar.com\/avatar\/68cfafa5f44617fea54071e215026e0ff06be366c3d54a8425f04fdcb86f8c5f?s=96&d=mm&r=g","caption":"@sscc"},"url":"https:\/\/www.padreeustaquio.com.br\/en\/author\/sscc\/"}]}},"_links":{"self":[{"href":"https:\/\/www.padreeustaquio.com.br\/en\/wp-json\/wp\/v2\/posts\/11543","targetHints":{"allow":["GET"]}}],"collection":[{"href":"https:\/\/www.padreeustaquio.com.br\/en\/wp-json\/wp\/v2\/posts"}],"about":[{"href":"https:\/\/www.padreeustaquio.com.br\/en\/wp-json\/wp\/v2\/types\/post"}],"author":[{"embeddable":true,"href":"https:\/\/www.padreeustaquio.com.br\/en\/wp-json\/wp\/v2\/users\/2"}],"replies":[{"embeddable":true,"href":"https:\/\/www.padreeustaquio.com.br\/en\/wp-json\/wp\/v2\/comments?post=11543"}],"version-history":[{"count":0,"href":"https:\/\/www.padreeustaquio.com.br\/en\/wp-json\/wp\/v2\/posts\/11543\/revisions"}],"wp:featuredmedia":[{"embeddable":true,"href":"https:\/\/www.padreeustaquio.com.br\/en\/wp-json\/wp\/v2\/media\/11544"}],"wp:attachment":[{"href":"https:\/\/www.padreeustaquio.com.br\/en\/wp-json\/wp\/v2\/media?parent=11543"}],"wp:term":[{"taxonomy":"category","embeddable":true,"href":"https:\/\/www.padreeustaquio.com.br\/en\/wp-json\/wp\/v2\/categories?post=11543"},{"taxonomy":"post_tag","embeddable":true,"href":"https:\/\/www.padreeustaquio.com.br\/en\/wp-json\/wp\/v2\/tags?post=11543"}],"curies":[{"name":"wp","href":"https:\/\/api.w.org\/{rel}","templated":true}]}}