{"id":11532,"date":"2024-08-19T06:21:50","date_gmt":"2024-08-19T09:21:50","guid":{"rendered":"https:\/\/www.padreeustaquio.com.br\/?p=11532"},"modified":"2024-08-14T16:48:24","modified_gmt":"2024-08-14T19:48:24","slug":"check-out-the-schedule-for-the-blessed-father-eustaquio-festival-in-belo-horizonte-in-2024","status":"publish","type":"post","link":"https:\/\/www.padreeustaquio.com.br\/en\/check-out-the-schedule-for-the-blessed-father-eustaquio-festival-in-belo-horizonte-in-2024\/","title":{"rendered":"Check out the schedule for the 2024 Blessed Father Eust\u00e1quio Festival in Belo Horizonte."},"content":{"rendered":"<p>In the year in which the Jubilee of the 100th anniversary of Father Eust\u00e1quio&#039;s arrival in Brazil is eagerly awaited, the Archdiocesan Sanctuary of Health and Peace, in partnership with the Cause of Canonization, will be holding a vast program of in-person and online events through the Padre Eust\u00e1quio Channel.<\/p>\n<p>Check out this year&#039;s program at the Sanctuary and join us. If you can&#039;t make it or are far away, follow the broadcasts and training on our YouTube Channel:<\/p>\n<p><strong>August 15th \u2013 Thursday \u2013 Feast of Our Lady of the Abbey<br \/>\n<\/strong>7am \u2013 Holy Mass<br \/>\n4 PM \u2013 Holy Mass and procession, followed by food stalls in the square.<br \/>\n<em>(There will be no celebration at 7pm)<\/em><\/p>\n<p><strong>August 17th \u2013 Saturday<br \/>\n<\/strong>3 PM \u2013 Rosary to welcome the Relics of Blessed Nh\u00e1 Chica<br \/>\n5 PM \u2013 Holy Mass to welcome pilgrims from Po\u00e1-SP<\/p>\n<p><strong>August 21st \u2013 Wednesday \u2013 1st Day of the Novena<br \/>\n<\/strong>6:15 PM \u2013 Rosary for Canonization<br \/>\n7 PM \u2013 Holy Mass and Opening of the Novena<\/p>\n<p><strong>August 22nd \u2013 Thursday \u2013 2nd Day of the Novena<br \/>\n<\/strong>6:15 PM \u2013 Rosary for Canonization<br \/>\n7 PM \u2013 Holy Mass and Novena<\/p>\n<p><strong>August 23rd \u2013 Friday \u2013 3rd Day of the Novena<br \/>\n<\/strong>6:15 PM \u2013 Rosary for Canonization<br \/>\n7 PM \u2013 Holy Mass and Novena<br \/>\n<strong><br \/>\nAugust 24th \u2013 Saturday \u2013 4th Day of the Novena<br \/>\n<\/strong>4:15 PM \u2013 Rosary for Canonization<br \/>\n5 PM \u2013 Holy Mass and Novena<br \/>\n<strong><br \/>\nAugust 25th \u2013 Sunday \u2013 5th Day of the Novena<br \/>\n<\/strong>7am, 8:30am, 10am, 5pm and 7pm \u2013 Holy Mass and Novena<\/p>\n<p><strong>August 26th \u2013 Monday \u2013 6th Day of the Novena<br \/>\n<\/strong>6:15 PM \u2013 Rosary for Canonization<br \/>\n7 PM \u2013 Holy Mass and Novena<\/p>\n<p><strong>August 27th \u2013 Tuesday \u2013 7th Day of the Novena<br \/>\n<\/strong>6:15 PM \u2013 Rosary for Canonization<br \/>\n7 PM \u2013 Holy Mass and Novena<\/p>\n<p><strong>August 28th \u2013 Wednesday \u2013 8th Day of the Novena<br \/>\n<\/strong>6:15 PM \u2013 Rosary for Canonization<br \/>\n7 PM \u2013 Holy Mass and Novena<br \/>\n<strong><br \/>\nAugust 29th \u2013 Thursday \u2013 9th Day of the Novena<br \/>\n<\/strong>6:15 PM \u2013 Rosary for Canonization<br \/>\n7 PM \u2013 Holy Mass and Novena<\/p>\n<p><strong>August 30th \u2013 Friday \u2013 Feast Day of Blessed Father Eustace<\/strong><br \/>\n5am, 6am, 7am, 9am, 11am, 1pm, 3pm, 5pm \u2013 Holy Mass<br \/>\n8am and 6pm \u2013 Rosary for Canonization<br \/>\n12:00 PM \u2013 Adoration of the Blessed Sacrament<br \/>\n7 PM \u2013 Solemn Mass followed by procession<\/p>\n<p>-Confessions at Col\u00e9gio Marista Padre Eust\u00e1quio: 8:30 AM to 10:30 AM \u2013 2:30 PM to 4:00 PM<br \/>\n- Blessing of objects and devotees: At the end of each mass and sprinkling of holy water upon leaving.<br \/>\n-Food stalls open all day<\/p>\n<p><em>*Masses broadcast on the Padre Eust\u00e1quio Channel on YouTube<\/em><br \/>\n<em>The training sessions held at the Sanctuary will be shown on the 30th during the live programming and will then remain posted on the Padre Eust\u00e1quio YouTube Channel.<\/em><\/p>\n<p><strong>Closing of the Festival \u2013 Saturday, August 31st<br \/>\n<\/strong>5 PM \u2013 Holy Mass<\/p>","protected":false},"excerpt":{"rendered":"<p>No ano em que se aguarda, ansiosamente, o Jubileu dos 100 anos da Chegada de Padre Eust\u00e1quio no Brasil, o Santu\u00e1rio Arquidiocesano da Sa\u00fade e da Paz, em parceria com a Causa de Canoniza\u00e7\u00e3o, estar\u00e1 realizando uma vasta programa\u00e7\u00e3o presencial e online, por meio do Canal Padre Eust\u00e1quio. Confira a programa\u00e7\u00e3o deste ano no Santu\u00e1rio e participe conosco. Se n\u00e3o puder ou estiver longe, acompanhe as transmiss\u00f5es e forma\u00e7\u00e3o pelo Canal no YouTube: 15\/08 \u2013 Quinta-feira &#8211; Festa de Nossa Senhora da Abadia 7h \u2013 Santa Missa 16h \u2013 Santa Missa e prociss\u00e3o, seguida de barraquinhas na pra\u00e7a (n\u00e3o haver\u00e1 [&hellip;]<\/p>\n","protected":false},"author":2,"featured_media":11535,"comment_status":"open","ping_status":"closed","sticky":false,"template":"","format":"standard","meta":{"_acf_changed":false,"footnotes":""},"categories":[611],"tags":[],"class_list":["post-11532","post","type-post","status-publish","format-standard","has-post-thumbnail","hentry","category-noticias"],"acf":[],"yoast_head":"<!-- This site is optimized with the Yoast SEO plugin v27.2 - https:\/\/yoast.com\/product\/yoast-seo-wordpress\/ -->\n<title>Confira a programa\u00e7\u00e3o da Festa do Beato Padre Eust\u00e1quio 2024, em BH<\/title>\n<meta name=\"description\" content=\"No ano em que se aguarda, ansiosamente, o Jubileu dos 100 anos da Chegada de Padre Eust\u00e1quio no Brasil, o Santu\u00e1rio Arquidiocesano da Sa\u00fade e da Paz, em parceria com a Causa de Canoniza\u00e7\u00e3o, estar\u00e1 realizando uma vasta programa\u00e7\u00e3o presencial e online, por meio do Canal Padre Eust\u00e1quio.\" \/>\n<meta name=\"robots\" content=\"index, follow, max-snippet:-1, max-image-preview:large, max-video-preview:-1\" \/>\n<link rel=\"canonical\" href=\"https:\/\/www.padreeustaquio.com.br\/en\/check-out-the-schedule-for-the-blessed-father-eustaquio-festival-in-belo-horizonte-in-2024\/\" \/>\n<meta property=\"og:locale\" content=\"en_US\" \/>\n<meta property=\"og:type\" content=\"article\" \/>\n<meta property=\"og:title\" content=\"Confira a programa\u00e7\u00e3o da Festa do Beato Padre Eust\u00e1quio 2024, em BH\" \/>\n<meta property=\"og:description\" content=\"No ano em que se aguarda, ansiosamente, o Jubileu dos 100 anos da Chegada de Padre Eust\u00e1quio no Brasil, o Santu\u00e1rio Arquidiocesano da Sa\u00fade e da Paz, em parceria com a Causa de Canoniza\u00e7\u00e3o, estar\u00e1 realizando uma vasta programa\u00e7\u00e3o presencial e online, por meio do Canal Padre Eust\u00e1quio.\" \/>\n<meta property=\"og:url\" content=\"https:\/\/www.padreeustaquio.com.br\/en\/check-out-the-schedule-for-the-blessed-father-eustaquio-festival-in-belo-horizonte-in-2024\/\" \/>\n<meta property=\"og:site_name\" content=\"Padre Eust\u00e1quio\" \/>\n<meta property=\"article:publisher\" content=\"https:\/\/www.facebook.com\/beatopadreeustaquio\/\" \/>\n<meta property=\"article:published_time\" content=\"2024-08-19T09:21:50+00:00\" \/>\n<meta property=\"og:image\" content=\"https:\/\/www.padreeustaquio.com.br\/wp-content\/uploads\/2024\/08\/30-FESTA.jpg\" \/>\n\t<meta property=\"og:image:width\" content=\"1920\" \/>\n\t<meta property=\"og:image:height\" content=\"1080\" \/>\n\t<meta property=\"og:image:type\" content=\"image\/jpeg\" \/>\n<meta name=\"author\" content=\"@sscc\" \/>\n<meta name=\"twitter:card\" content=\"summary_large_image\" \/>\n<meta name=\"twitter:creator\" content=\"@beatopeustaquio\" \/>\n<meta name=\"twitter:site\" content=\"@beatopeustaquio\" \/>\n<meta name=\"twitter:label1\" content=\"Written by\" \/>\n\t<meta name=\"twitter:data1\" content=\"@sscc\" \/>\n\t<meta name=\"twitter:label2\" content=\"Est. reading time\" \/>\n\t<meta name=\"twitter:data2\" content=\"3 minutes\" \/>\n<script type=\"application\/ld+json\" class=\"yoast-schema-graph\">{\"@context\":\"https:\/\/schema.org\",\"@graph\":[{\"@type\":\"Article\",\"@id\":\"https:\/\/www.padreeustaquio.com.br\/confira-a-programacao-da-festa-do-beato-padre-eustaquio-2024-em-bh\/#article\",\"isPartOf\":{\"@id\":\"https:\/\/www.padreeustaquio.com.br\/confira-a-programacao-da-festa-do-beato-padre-eustaquio-2024-em-bh\/\"},\"author\":{\"name\":\"@sscc\",\"@id\":\"https:\/\/www.padreeustaquio.com.br\/#\/schema\/person\/a2a51db1d00f1a7af0204a0f1ddb1566\"},\"headline\":\"Confira a programa\u00e7\u00e3o da Festa do Beato Padre Eust\u00e1quio 2024, em BH\",\"datePublished\":\"2024-08-19T09:21:50+00:00\",\"mainEntityOfPage\":{\"@id\":\"https:\/\/www.padreeustaquio.com.br\/confira-a-programacao-da-festa-do-beato-padre-eustaquio-2024-em-bh\/\"},\"wordCount\":412,\"commentCount\":0,\"publisher\":{\"@id\":\"https:\/\/www.padreeustaquio.com.br\/#organization\"},\"image\":{\"@id\":\"https:\/\/www.padreeustaquio.com.br\/confira-a-programacao-da-festa-do-beato-padre-eustaquio-2024-em-bh\/#primaryimage\"},\"thumbnailUrl\":\"https:\/\/www.padreeustaquio.com.br\/wp-content\/uploads\/2024\/08\/30-FESTA.jpg\",\"articleSection\":[\"Not\u00edcias\"],\"inLanguage\":\"en-US\",\"potentialAction\":[{\"@type\":\"CommentAction\",\"name\":\"Comment\",\"target\":[\"https:\/\/www.padreeustaquio.com.br\/confira-a-programacao-da-festa-do-beato-padre-eustaquio-2024-em-bh\/#respond\"]}]},{\"@type\":\"WebPage\",\"@id\":\"https:\/\/www.padreeustaquio.com.br\/confira-a-programacao-da-festa-do-beato-padre-eustaquio-2024-em-bh\/\",\"url\":\"https:\/\/www.padreeustaquio.com.br\/confira-a-programacao-da-festa-do-beato-padre-eustaquio-2024-em-bh\/\",\"name\":\"Confira a programa\u00e7\u00e3o da Festa do Beato Padre Eust\u00e1quio 2024, em BH\",\"isPartOf\":{\"@id\":\"https:\/\/www.padreeustaquio.com.br\/#website\"},\"primaryImageOfPage\":{\"@id\":\"https:\/\/www.padreeustaquio.com.br\/confira-a-programacao-da-festa-do-beato-padre-eustaquio-2024-em-bh\/#primaryimage\"},\"image\":{\"@id\":\"https:\/\/www.padreeustaquio.com.br\/confira-a-programacao-da-festa-do-beato-padre-eustaquio-2024-em-bh\/#primaryimage\"},\"thumbnailUrl\":\"https:\/\/www.padreeustaquio.com.br\/wp-content\/uploads\/2024\/08\/30-FESTA.jpg\",\"datePublished\":\"2024-08-19T09:21:50+00:00\",\"description\":\"No ano em que se aguarda, ansiosamente, o Jubileu dos 100 anos da Chegada de Padre Eust\u00e1quio no Brasil, o Santu\u00e1rio Arquidiocesano da Sa\u00fade e da Paz, em parceria com a Causa de Canoniza\u00e7\u00e3o, estar\u00e1 realizando uma vasta programa\u00e7\u00e3o presencial e online, por meio do Canal Padre Eust\u00e1quio.\",\"breadcrumb\":{\"@id\":\"https:\/\/www.padreeustaquio.com.br\/confira-a-programacao-da-festa-do-beato-padre-eustaquio-2024-em-bh\/#breadcrumb\"},\"inLanguage\":\"en-US\",\"potentialAction\":[{\"@type\":\"ReadAction\",\"target\":[\"https:\/\/www.padreeustaquio.com.br\/confira-a-programacao-da-festa-do-beato-padre-eustaquio-2024-em-bh\/\"]}]},{\"@type\":\"ImageObject\",\"inLanguage\":\"en-US\",\"@id\":\"https:\/\/www.padreeustaquio.com.br\/confira-a-programacao-da-festa-do-beato-padre-eustaquio-2024-em-bh\/#primaryimage\",\"url\":\"https:\/\/www.padreeustaquio.com.br\/wp-content\/uploads\/2024\/08\/30-FESTA.jpg\",\"contentUrl\":\"https:\/\/www.padreeustaquio.com.br\/wp-content\/uploads\/2024\/08\/30-FESTA.jpg\",\"width\":1920,\"height\":1080},{\"@type\":\"BreadcrumbList\",\"@id\":\"https:\/\/www.padreeustaquio.com.br\/confira-a-programacao-da-festa-do-beato-padre-eustaquio-2024-em-bh\/#breadcrumb\",\"itemListElement\":[{\"@type\":\"ListItem\",\"position\":1,\"name\":\"In\u00edcio\",\"item\":\"https:\/\/www.padreeustaquio.com.br\/\"},{\"@type\":\"ListItem\",\"position\":2,\"name\":\"Confira a programa\u00e7\u00e3o da Festa do Beato Padre Eust\u00e1quio 2024, em BH\"}]},{\"@type\":\"WebSite\",\"@id\":\"https:\/\/www.padreeustaquio.com.br\/#website\",\"url\":\"https:\/\/www.padreeustaquio.com.br\/\",\"name\":\"Padre Eust\u00e1quio\",\"description\":\"Sa\u00fade e Paz\",\"publisher\":{\"@id\":\"https:\/\/www.padreeustaquio.com.br\/#organization\"},\"potentialAction\":[{\"@type\":\"SearchAction\",\"target\":{\"@type\":\"EntryPoint\",\"urlTemplate\":\"https:\/\/www.padreeustaquio.com.br\/?s={search_term_string}\"},\"query-input\":{\"@type\":\"PropertyValueSpecification\",\"valueRequired\":true,\"valueName\":\"search_term_string\"}}],\"inLanguage\":\"en-US\"},{\"@type\":\"Organization\",\"@id\":\"https:\/\/www.padreeustaquio.com.br\/#organization\",\"name\":\"Padre Eust\u00e1quio\",\"url\":\"https:\/\/www.padreeustaquio.com.br\/\",\"logo\":{\"@type\":\"ImageObject\",\"inLanguage\":\"en-US\",\"@id\":\"https:\/\/www.padreeustaquio.com.br\/#\/schema\/logo\/image\/\",\"url\":\"https:\/\/www.padreeustaquio.com.br\/wp-content\/uploads\/2019\/08\/marca.png\",\"contentUrl\":\"https:\/\/www.padreeustaquio.com.br\/wp-content\/uploads\/2019\/08\/marca.png\",\"width\":350,\"height\":400,\"caption\":\"Padre Eust\u00e1quio\"},\"image\":{\"@id\":\"https:\/\/www.padreeustaquio.com.br\/#\/schema\/logo\/image\/\"},\"sameAs\":[\"https:\/\/www.facebook.com\/beatopadreeustaquio\/\",\"https:\/\/x.com\/beatopeustaquio\",\"https:\/\/www.instagram.com\/beatopadreeustaquio\/\",\"https:\/\/www.youtube.com\/channel\/UCRhw7vfabnajwLxb1ZXMeIw\"]},{\"@type\":\"Person\",\"@id\":\"https:\/\/www.padreeustaquio.com.br\/#\/schema\/person\/a2a51db1d00f1a7af0204a0f1ddb1566\",\"name\":\"@sscc\",\"image\":{\"@type\":\"ImageObject\",\"inLanguage\":\"en-US\",\"@id\":\"https:\/\/secure.gravatar.com\/avatar\/68cfafa5f44617fea54071e215026e0ff06be366c3d54a8425f04fdcb86f8c5f?s=96&d=mm&r=g\",\"url\":\"https:\/\/secure.gravatar.com\/avatar\/68cfafa5f44617fea54071e215026e0ff06be366c3d54a8425f04fdcb86f8c5f?s=96&d=mm&r=g\",\"contentUrl\":\"https:\/\/secure.gravatar.com\/avatar\/68cfafa5f44617fea54071e215026e0ff06be366c3d54a8425f04fdcb86f8c5f?s=96&d=mm&r=g\",\"caption\":\"@sscc\"},\"url\":\"https:\/\/www.padreeustaquio.com.br\/en\/author\/sscc\/\"}]}<\/script>\n<!-- \/ Yoast SEO plugin. -->","yoast_head_json":{"title":"Check out the schedule for the 2024 Blessed Father Eust\u00e1quio Festival in Belo Horizonte.","description":"In the year in which the Jubilee of the 100th anniversary of Father Eust\u00e1quio&#039;s arrival in Brazil is eagerly awaited, the Archdiocesan Sanctuary of Health and Peace, in partnership with the Cause of Canonization, will be holding a vast program of in-person and online events through the Padre Eust\u00e1quio Channel.","robots":{"index":"index","follow":"follow","max-snippet":"max-snippet:-1","max-image-preview":"max-image-preview:large","max-video-preview":"max-video-preview:-1"},"canonical":"https:\/\/www.padreeustaquio.com.br\/en\/check-out-the-schedule-for-the-blessed-father-eustaquio-festival-in-belo-horizonte-in-2024\/","og_locale":"en_US","og_type":"article","og_title":"Confira a programa\u00e7\u00e3o da Festa do Beato Padre Eust\u00e1quio 2024, em BH","og_description":"No ano em que se aguarda, ansiosamente, o Jubileu dos 100 anos da Chegada de Padre Eust\u00e1quio no Brasil, o Santu\u00e1rio Arquidiocesano da Sa\u00fade e da Paz, em parceria com a Causa de Canoniza\u00e7\u00e3o, estar\u00e1 realizando uma vasta programa\u00e7\u00e3o presencial e online, por meio do Canal Padre Eust\u00e1quio.","og_url":"https:\/\/www.padreeustaquio.com.br\/en\/check-out-the-schedule-for-the-blessed-father-eustaquio-festival-in-belo-horizonte-in-2024\/","og_site_name":"Padre Eust\u00e1quio","article_publisher":"https:\/\/www.facebook.com\/beatopadreeustaquio\/","article_published_time":"2024-08-19T09:21:50+00:00","og_image":[{"width":1920,"height":1080,"url":"https:\/\/www.padreeustaquio.com.br\/wp-content\/uploads\/2024\/08\/30-FESTA.jpg","type":"image\/jpeg"}],"author":"@sscc","twitter_card":"summary_large_image","twitter_creator":"@beatopeustaquio","twitter_site":"@beatopeustaquio","twitter_misc":{"Written by":"@sscc","Est. reading time":"3 minutes"},"schema":{"@context":"https:\/\/schema.org","@graph":[{"@type":"Article","@id":"https:\/\/www.padreeustaquio.com.br\/confira-a-programacao-da-festa-do-beato-padre-eustaquio-2024-em-bh\/#article","isPartOf":{"@id":"https:\/\/www.padreeustaquio.com.br\/confira-a-programacao-da-festa-do-beato-padre-eustaquio-2024-em-bh\/"},"author":{"name":"@sscc","@id":"https:\/\/www.padreeustaquio.com.br\/#\/schema\/person\/a2a51db1d00f1a7af0204a0f1ddb1566"},"headline":"Confira a programa\u00e7\u00e3o da Festa do Beato Padre Eust\u00e1quio 2024, em BH","datePublished":"2024-08-19T09:21:50+00:00","mainEntityOfPage":{"@id":"https:\/\/www.padreeustaquio.com.br\/confira-a-programacao-da-festa-do-beato-padre-eustaquio-2024-em-bh\/"},"wordCount":412,"commentCount":0,"publisher":{"@id":"https:\/\/www.padreeustaquio.com.br\/#organization"},"image":{"@id":"https:\/\/www.padreeustaquio.com.br\/confira-a-programacao-da-festa-do-beato-padre-eustaquio-2024-em-bh\/#primaryimage"},"thumbnailUrl":"https:\/\/www.padreeustaquio.com.br\/wp-content\/uploads\/2024\/08\/30-FESTA.jpg","articleSection":["Not\u00edcias"],"inLanguage":"en-US","potentialAction":[{"@type":"CommentAction","name":"Comment","target":["https:\/\/www.padreeustaquio.com.br\/confira-a-programacao-da-festa-do-beato-padre-eustaquio-2024-em-bh\/#respond"]}]},{"@type":"WebPage","@id":"https:\/\/www.padreeustaquio.com.br\/confira-a-programacao-da-festa-do-beato-padre-eustaquio-2024-em-bh\/","url":"https:\/\/www.padreeustaquio.com.br\/confira-a-programacao-da-festa-do-beato-padre-eustaquio-2024-em-bh\/","name":"Check out the schedule for the 2024 Blessed Father Eust\u00e1quio Festival in Belo Horizonte.","isPartOf":{"@id":"https:\/\/www.padreeustaquio.com.br\/#website"},"primaryImageOfPage":{"@id":"https:\/\/www.padreeustaquio.com.br\/confira-a-programacao-da-festa-do-beato-padre-eustaquio-2024-em-bh\/#primaryimage"},"image":{"@id":"https:\/\/www.padreeustaquio.com.br\/confira-a-programacao-da-festa-do-beato-padre-eustaquio-2024-em-bh\/#primaryimage"},"thumbnailUrl":"https:\/\/www.padreeustaquio.com.br\/wp-content\/uploads\/2024\/08\/30-FESTA.jpg","datePublished":"2024-08-19T09:21:50+00:00","description":"In the year in which the Jubilee of the 100th anniversary of Father Eust\u00e1quio&#039;s arrival in Brazil is eagerly awaited, the Archdiocesan Sanctuary of Health and Peace, in partnership with the Cause of Canonization, will be holding a vast program of in-person and online events through the Padre Eust\u00e1quio Channel.","breadcrumb":{"@id":"https:\/\/www.padreeustaquio.com.br\/confira-a-programacao-da-festa-do-beato-padre-eustaquio-2024-em-bh\/#breadcrumb"},"inLanguage":"en-US","potentialAction":[{"@type":"ReadAction","target":["https:\/\/www.padreeustaquio.com.br\/confira-a-programacao-da-festa-do-beato-padre-eustaquio-2024-em-bh\/"]}]},{"@type":"ImageObject","inLanguage":"en-US","@id":"https:\/\/www.padreeustaquio.com.br\/confira-a-programacao-da-festa-do-beato-padre-eustaquio-2024-em-bh\/#primaryimage","url":"https:\/\/www.padreeustaquio.com.br\/wp-content\/uploads\/2024\/08\/30-FESTA.jpg","contentUrl":"https:\/\/www.padreeustaquio.com.br\/wp-content\/uploads\/2024\/08\/30-FESTA.jpg","width":1920,"height":1080},{"@type":"BreadcrumbList","@id":"https:\/\/www.padreeustaquio.com.br\/confira-a-programacao-da-festa-do-beato-padre-eustaquio-2024-em-bh\/#breadcrumb","itemListElement":[{"@type":"ListItem","position":1,"name":"In\u00edcio","item":"https:\/\/www.padreeustaquio.com.br\/"},{"@type":"ListItem","position":2,"name":"Confira a programa\u00e7\u00e3o da Festa do Beato Padre Eust\u00e1quio 2024, em BH"}]},{"@type":"WebSite","@id":"https:\/\/www.padreeustaquio.com.br\/#website","url":"https:\/\/www.padreeustaquio.com.br\/","name":"FATHER EUST\u00c1QUIO","description":"Health and Peace","publisher":{"@id":"https:\/\/www.padreeustaquio.com.br\/#organization"},"potentialAction":[{"@type":"SearchAction","target":{"@type":"EntryPoint","urlTemplate":"https:\/\/www.padreeustaquio.com.br\/?s={search_term_string}"},"query-input":{"@type":"PropertyValueSpecification","valueRequired":true,"valueName":"search_term_string"}}],"inLanguage":"en-US"},{"@type":"Organization","@id":"https:\/\/www.padreeustaquio.com.br\/#organization","name":"FATHER EUST\u00c1QUIO","url":"https:\/\/www.padreeustaquio.com.br\/","logo":{"@type":"ImageObject","inLanguage":"en-US","@id":"https:\/\/www.padreeustaquio.com.br\/#\/schema\/logo\/image\/","url":"https:\/\/www.padreeustaquio.com.br\/wp-content\/uploads\/2019\/08\/marca.png","contentUrl":"https:\/\/www.padreeustaquio.com.br\/wp-content\/uploads\/2019\/08\/marca.png","width":350,"height":400,"caption":"Padre Eust\u00e1quio"},"image":{"@id":"https:\/\/www.padreeustaquio.com.br\/#\/schema\/logo\/image\/"},"sameAs":["https:\/\/www.facebook.com\/beatopadreeustaquio\/","https:\/\/x.com\/beatopeustaquio","https:\/\/www.instagram.com\/beatopadreeustaquio\/","https:\/\/www.youtube.com\/channel\/UCRhw7vfabnajwLxb1ZXMeIw"]},{"@type":"Person","@id":"https:\/\/www.padreeustaquio.com.br\/#\/schema\/person\/a2a51db1d00f1a7af0204a0f1ddb1566","name":"@sscc","image":{"@type":"ImageObject","inLanguage":"en-US","@id":"https:\/\/secure.gravatar.com\/avatar\/68cfafa5f44617fea54071e215026e0ff06be366c3d54a8425f04fdcb86f8c5f?s=96&d=mm&r=g","url":"https:\/\/secure.gravatar.com\/avatar\/68cfafa5f44617fea54071e215026e0ff06be366c3d54a8425f04fdcb86f8c5f?s=96&d=mm&r=g","contentUrl":"https:\/\/secure.gravatar.com\/avatar\/68cfafa5f44617fea54071e215026e0ff06be366c3d54a8425f04fdcb86f8c5f?s=96&d=mm&r=g","caption":"@sscc"},"url":"https:\/\/www.padreeustaquio.com.br\/en\/author\/sscc\/"}]}},"_links":{"self":[{"href":"https:\/\/www.padreeustaquio.com.br\/en\/wp-json\/wp\/v2\/posts\/11532","targetHints":{"allow":["GET"]}}],"collection":[{"href":"https:\/\/www.padreeustaquio.com.br\/en\/wp-json\/wp\/v2\/posts"}],"about":[{"href":"https:\/\/www.padreeustaquio.com.br\/en\/wp-json\/wp\/v2\/types\/post"}],"author":[{"embeddable":true,"href":"https:\/\/www.padreeustaquio.com.br\/en\/wp-json\/wp\/v2\/users\/2"}],"replies":[{"embeddable":true,"href":"https:\/\/www.padreeustaquio.com.br\/en\/wp-json\/wp\/v2\/comments?post=11532"}],"version-history":[{"count":0,"href":"https:\/\/www.padreeustaquio.com.br\/en\/wp-json\/wp\/v2\/posts\/11532\/revisions"}],"wp:featuredmedia":[{"embeddable":true,"href":"https:\/\/www.padreeustaquio.com.br\/en\/wp-json\/wp\/v2\/media\/11535"}],"wp:attachment":[{"href":"https:\/\/www.padreeustaquio.com.br\/en\/wp-json\/wp\/v2\/media?parent=11532"}],"wp:term":[{"taxonomy":"category","embeddable":true,"href":"https:\/\/www.padreeustaquio.com.br\/en\/wp-json\/wp\/v2\/categories?post=11532"},{"taxonomy":"post_tag","embeddable":true,"href":"https:\/\/www.padreeustaquio.com.br\/en\/wp-json\/wp\/v2\/tags?post=11532"}],"curies":[{"name":"wp","href":"https:\/\/api.w.org\/{rel}","templated":true}]}}