{"id":11517,"date":"2024-08-16T06:58:25","date_gmt":"2024-08-16T09:58:25","guid":{"rendered":"https:\/\/www.padreeustaquio.com.br\/?p=11517"},"modified":"2024-08-13T17:08:45","modified_gmt":"2024-08-13T20:08:45","slug":"pilgrimage-of-the-relic-of-blessed-father-eustace-takes-place-in-porto-alegre-sao-paulo","status":"publish","type":"post","link":"https:\/\/www.padreeustaquio.com.br\/en\/pilgrimage-of-the-relic-of-blessed-father-eustace-takes-place-in-porto-alegre-sao-paulo\/","title":{"rendered":"Relic of Blessed Father Eustace visits parishes in Po\u00e1, S\u00e3o Paulo"},"content":{"rendered":"<p>This August, the month of Blessed Father Eustace, the city of Po\u00e1, in S\u00e3o Paulo, is being blessed by the presence of the pilgrimage of the Blessed&#039;s relic, which has been traveling through various parishes, bringing faith and devotion to all the faithful. The pilgrimage of the relic is a highly anticipated event and has gathered a large number of people for the celebrations.<\/p>\n<p>One of the parishes that received the relic was Our Lady of Fatima Parish. With great faith and devotion, the parishioners gathered to venerate and give thanks for the visit, taking the opportunity to deepen their knowledge of the life and legacy of Blessed Father Eustace.<\/p>\n<p>Another community that was graced with the visit was the S\u00e3o Jos\u00e9 Parish, in Vila Varela, where the faithful received the relic with a special celebration, reinforcing the bonds of unity and spirituality. The main church of the Santa Helena Parish, in Jardim Santa Helena, was also the scene of an emotional reception for the relic, which was attended by faithful of all ages.<\/p>\n<p>The pilgrimage of the relic of Blessed Father Eustace is a unique opportunity for devotees to connect with the history and holiness of a man who dedicated his life to charity and the propagation of the faith. It is a time of reflection, prayer, and spiritual renewal for all who participate.<\/p>\n\n\t\t<style type=\"text\/css\">\n\t\t\t#gallery-1 {\n\t\t\t\tmargin: auto;\n\t\t\t}\n\t\t\t#gallery-1 .gallery-item {\n\t\t\t\tfloat: left;\n\t\t\t\tmargin-top: 10px;\n\t\t\t\ttext-align: center;\n\t\t\t\twidth: 33%;\n\t\t\t}\n\t\t\t#gallery-1 img {\n\t\t\t\tborder: 2px solid #cfcfcf;\n\t\t\t}\n\t\t\t#gallery-1 .gallery-caption {\n\t\t\t\tmargin-left: 0;\n\t\t\t}\n\t\t\t\/* see gallery_shortcode() in wp-includes\/media.php *\/\n\t\t<\/style>\n\t\t<div id='gallery-1' class='gallery galleryid-11517 gallery-columns-3 gallery-size-thumbnail'><dl class='gallery-item'>\n\t\t\t<dt class='gallery-icon landscape'>\n\t\t\t\t<a href='https:\/\/www.padreeustaquio.com.br\/en\/pilgrimage-of-the-relic-of-blessed-father-eustace-takes-place-in-porto-alegre-sao-paulo\/peregrinacao-em-poa-3\/'><img decoding=\"async\" width=\"150\" height=\"150\" src=\"https:\/\/www.padreeustaquio.com.br\/wp-content\/uploads\/2024\/08\/peregrinacao-em-poa-3-150x150.jpeg\" class=\"attachment-thumbnail size-thumbnail\" alt=\"\" srcset=\"https:\/\/www.padreeustaquio.com.br\/wp-content\/uploads\/2024\/08\/peregrinacao-em-poa-3-150x150.jpeg 150w, https:\/\/www.padreeustaquio.com.br\/wp-content\/uploads\/2024\/08\/peregrinacao-em-poa-3-300x300.jpeg 300w, https:\/\/www.padreeustaquio.com.br\/wp-content\/uploads\/2024\/08\/peregrinacao-em-poa-3-75x75.jpeg 75w, https:\/\/www.padreeustaquio.com.br\/wp-content\/uploads\/2024\/08\/peregrinacao-em-poa-3-180x180.jpeg 180w, https:\/\/www.padreeustaquio.com.br\/wp-content\/uploads\/2024\/08\/peregrinacao-em-poa-3-400x400.jpeg 400w, https:\/\/www.padreeustaquio.com.br\/wp-content\/uploads\/2024\/08\/peregrinacao-em-poa-3-600x600.jpeg 600w, https:\/\/www.padreeustaquio.com.br\/wp-content\/uploads\/2024\/08\/peregrinacao-em-poa-3.jpeg 719w\" sizes=\"(max-width: 150px) 100vw, 150px\" \/><\/a>\n\t\t\t<\/dt><\/dl><dl class='gallery-item'>\n\t\t\t<dt class='gallery-icon landscape'>\n\t\t\t\t<a href='https:\/\/www.padreeustaquio.com.br\/en\/pilgrimage-of-the-relic-of-blessed-father-eustace-takes-place-in-porto-alegre-sao-paulo\/peregrinacao-em-poa-4\/'><img decoding=\"async\" width=\"150\" height=\"150\" src=\"https:\/\/www.padreeustaquio.com.br\/wp-content\/uploads\/2024\/08\/peregrinacao-em-poa-4-150x150.jpeg\" class=\"attachment-thumbnail size-thumbnail\" alt=\"\" srcset=\"https:\/\/www.padreeustaquio.com.br\/wp-content\/uploads\/2024\/08\/peregrinacao-em-poa-4-150x150.jpeg 150w, https:\/\/www.padreeustaquio.com.br\/wp-content\/uploads\/2024\/08\/peregrinacao-em-poa-4-300x300.jpeg 300w, https:\/\/www.padreeustaquio.com.br\/wp-content\/uploads\/2024\/08\/peregrinacao-em-poa-4-75x75.jpeg 75w, https:\/\/www.padreeustaquio.com.br\/wp-content\/uploads\/2024\/08\/peregrinacao-em-poa-4-180x180.jpeg 180w, https:\/\/www.padreeustaquio.com.br\/wp-content\/uploads\/2024\/08\/peregrinacao-em-poa-4-400x400.jpeg 400w, https:\/\/www.padreeustaquio.com.br\/wp-content\/uploads\/2024\/08\/peregrinacao-em-poa-4-600x600.jpeg 600w, https:\/\/www.padreeustaquio.com.br\/wp-content\/uploads\/2024\/08\/peregrinacao-em-poa-4.jpeg 720w\" sizes=\"(max-width: 150px) 100vw, 150px\" \/><\/a>\n\t\t\t<\/dt><\/dl><dl class='gallery-item'>\n\t\t\t<dt class='gallery-icon landscape'>\n\t\t\t\t<a href='https:\/\/www.padreeustaquio.com.br\/en\/pilgrimage-of-the-relic-of-blessed-father-eustace-takes-place-in-porto-alegre-sao-paulo\/peregrinacao-em-poa-6\/'><img decoding=\"async\" width=\"150\" height=\"150\" src=\"https:\/\/www.padreeustaquio.com.br\/wp-content\/uploads\/2024\/08\/peregrinacao-em-poa-6-150x150.jpeg\" class=\"attachment-thumbnail size-thumbnail\" alt=\"\" srcset=\"https:\/\/www.padreeustaquio.com.br\/wp-content\/uploads\/2024\/08\/peregrinacao-em-poa-6-150x150.jpeg 150w, https:\/\/www.padreeustaquio.com.br\/wp-content\/uploads\/2024\/08\/peregrinacao-em-poa-6-300x300.jpeg 300w, https:\/\/www.padreeustaquio.com.br\/wp-content\/uploads\/2024\/08\/peregrinacao-em-poa-6-75x75.jpeg 75w, https:\/\/www.padreeustaquio.com.br\/wp-content\/uploads\/2024\/08\/peregrinacao-em-poa-6-180x180.jpeg 180w, https:\/\/www.padreeustaquio.com.br\/wp-content\/uploads\/2024\/08\/peregrinacao-em-poa-6-400x400.jpeg 400w, https:\/\/www.padreeustaquio.com.br\/wp-content\/uploads\/2024\/08\/peregrinacao-em-poa-6.jpeg 544w\" sizes=\"(max-width: 150px) 100vw, 150px\" \/><\/a>\n\t\t\t<\/dt><\/dl><br style=\"clear: both\" \/><dl class='gallery-item'>\n\t\t\t<dt class='gallery-icon landscape'>\n\t\t\t\t<a href='https:\/\/www.padreeustaquio.com.br\/en\/pilgrimage-of-the-relic-of-blessed-father-eustace-takes-place-in-porto-alegre-sao-paulo\/peregrinacao-em-poa-7\/'><img loading=\"lazy\" decoding=\"async\" width=\"150\" height=\"150\" src=\"https:\/\/www.padreeustaquio.com.br\/wp-content\/uploads\/2024\/08\/peregrinacao-em-poa-7-150x150.jpeg\" class=\"attachment-thumbnail size-thumbnail\" alt=\"\" srcset=\"https:\/\/www.padreeustaquio.com.br\/wp-content\/uploads\/2024\/08\/peregrinacao-em-poa-7-150x150.jpeg 150w, https:\/\/www.padreeustaquio.com.br\/wp-content\/uploads\/2024\/08\/peregrinacao-em-poa-7-300x300.jpeg 300w, https:\/\/www.padreeustaquio.com.br\/wp-content\/uploads\/2024\/08\/peregrinacao-em-poa-7-75x75.jpeg 75w, https:\/\/www.padreeustaquio.com.br\/wp-content\/uploads\/2024\/08\/peregrinacao-em-poa-7-180x180.jpeg 180w, https:\/\/www.padreeustaquio.com.br\/wp-content\/uploads\/2024\/08\/peregrinacao-em-poa-7-400x400.jpeg 400w, https:\/\/www.padreeustaquio.com.br\/wp-content\/uploads\/2024\/08\/peregrinacao-em-poa-7.jpeg 545w\" sizes=\"(max-width: 150px) 100vw, 150px\" \/><\/a>\n\t\t\t<\/dt><\/dl><dl class='gallery-item'>\n\t\t\t<dt class='gallery-icon landscape'>\n\t\t\t\t<a href='https:\/\/www.padreeustaquio.com.br\/en\/pilgrimage-of-the-relic-of-blessed-father-eustace-takes-place-in-porto-alegre-sao-paulo\/peregrinacao-em-poa-1\/'><img loading=\"lazy\" decoding=\"async\" width=\"150\" height=\"150\" src=\"https:\/\/www.padreeustaquio.com.br\/wp-content\/uploads\/2024\/08\/peregrinacao-em-poa-1-150x150.jpeg\" class=\"attachment-thumbnail size-thumbnail\" alt=\"\" srcset=\"https:\/\/www.padreeustaquio.com.br\/wp-content\/uploads\/2024\/08\/peregrinacao-em-poa-1-150x150.jpeg 150w, https:\/\/www.padreeustaquio.com.br\/wp-content\/uploads\/2024\/08\/peregrinacao-em-poa-1-300x300.jpeg 300w, https:\/\/www.padreeustaquio.com.br\/wp-content\/uploads\/2024\/08\/peregrinacao-em-poa-1-75x75.jpeg 75w, https:\/\/www.padreeustaquio.com.br\/wp-content\/uploads\/2024\/08\/peregrinacao-em-poa-1-180x180.jpeg 180w, https:\/\/www.padreeustaquio.com.br\/wp-content\/uploads\/2024\/08\/peregrinacao-em-poa-1-400x400.jpeg 400w, https:\/\/www.padreeustaquio.com.br\/wp-content\/uploads\/2024\/08\/peregrinacao-em-poa-1-600x600.jpeg 600w, https:\/\/www.padreeustaquio.com.br\/wp-content\/uploads\/2024\/08\/peregrinacao-em-poa-1.jpeg 697w\" sizes=\"(max-width: 150px) 100vw, 150px\" \/><\/a>\n\t\t\t<\/dt><\/dl>\n\t\t\t<br style='clear: both' \/>\n\t\t<\/div>","protected":false},"excerpt":{"rendered":"<p>Neste m\u00eas de agosto, m\u00eas do Beato Padre Eust\u00e1quio, a cidade de Po\u00e1, em S\u00e3o Paulo, est\u00e1 sendo aben\u00e7oada pela presen\u00e7a da peregrina\u00e7\u00e3o da rel\u00edquia do Bem-aventurado, que tem percorrido diversas par\u00f3quias, levando f\u00e9 e devo\u00e7\u00e3o a todos os fi\u00e9is. A peregrina\u00e7\u00e3o da rel\u00edquia \u00e9 um evento muito esperado e tem reunido um grande n\u00famero de pessoas nas celebra\u00e7\u00f5es. Uma das par\u00f3quias que recebeu a rel\u00edquia foi a Par\u00f3quia Nossa Senhora de F\u00e1tima. Com muita f\u00e9 e devo\u00e7\u00e3o, os paroquianos se reuniram para venerar e agradecer pela visita, aproveitando a oportunidade para aprofundar o conhecimento sobre a vida e o [&hellip;]<\/p>\n","protected":false},"author":2,"featured_media":11518,"comment_status":"open","ping_status":"closed","sticky":false,"template":"","format":"standard","meta":{"_acf_changed":false,"footnotes":""},"categories":[611],"tags":[],"class_list":["post-11517","post","type-post","status-publish","format-standard","has-post-thumbnail","hentry","category-noticias"],"acf":[],"yoast_head":"<!-- This site is optimized with the Yoast SEO plugin v27.2 - https:\/\/yoast.com\/product\/yoast-seo-wordpress\/ -->\n<title>Rel\u00edquia do Beato Padre Eust\u00e1quio visita par\u00f3quias em Po\u00e1, S\u00e3o Paulo<\/title>\n<meta name=\"description\" content=\"Neste m\u00eas de agosto, m\u00eas do Beato Padre Eust\u00e1quio, a cidade de Po\u00e1, em S\u00e3o Paulo, est\u00e1 sendo aben\u00e7oada pela presen\u00e7a da peregrina\u00e7\u00e3o da rel\u00edquia do Bem-aventurado, que tem percorrido diversas par\u00f3quias, levando f\u00e9 e devo\u00e7\u00e3o a todos os fi\u00e9is. A peregrina\u00e7\u00e3o da rel\u00edquia \u00e9 um evento muito esperado e tem reunido um grande n\u00famero de pessoas nas celebra\u00e7\u00f5es.\" \/>\n<meta name=\"robots\" content=\"index, follow, max-snippet:-1, max-image-preview:large, max-video-preview:-1\" \/>\n<link rel=\"canonical\" href=\"https:\/\/www.padreeustaquio.com.br\/en\/pilgrimage-of-the-relic-of-blessed-father-eustace-takes-place-in-porto-alegre-sao-paulo\/\" \/>\n<meta property=\"og:locale\" content=\"en_US\" \/>\n<meta property=\"og:type\" content=\"article\" \/>\n<meta property=\"og:title\" content=\"Rel\u00edquia do Beato Padre Eust\u00e1quio visita par\u00f3quias em Po\u00e1, S\u00e3o Paulo\" \/>\n<meta property=\"og:description\" content=\"Neste m\u00eas de agosto, m\u00eas do Beato Padre Eust\u00e1quio, a cidade de Po\u00e1, em S\u00e3o Paulo, est\u00e1 sendo aben\u00e7oada pela presen\u00e7a da peregrina\u00e7\u00e3o da rel\u00edquia do Bem-aventurado, que tem percorrido diversas par\u00f3quias, levando f\u00e9 e devo\u00e7\u00e3o a todos os fi\u00e9is. A peregrina\u00e7\u00e3o da rel\u00edquia \u00e9 um evento muito esperado e tem reunido um grande n\u00famero de pessoas nas celebra\u00e7\u00f5es.\" \/>\n<meta property=\"og:url\" content=\"https:\/\/www.padreeustaquio.com.br\/en\/pilgrimage-of-the-relic-of-blessed-father-eustace-takes-place-in-porto-alegre-sao-paulo\/\" \/>\n<meta property=\"og:site_name\" content=\"Padre Eust\u00e1quio\" \/>\n<meta property=\"article:publisher\" content=\"https:\/\/www.facebook.com\/beatopadreeustaquio\/\" \/>\n<meta property=\"article:published_time\" content=\"2024-08-16T09:58:25+00:00\" \/>\n<meta property=\"og:image\" content=\"https:\/\/www.padreeustaquio.com.br\/wp-content\/uploads\/2024\/08\/peregrinacao-em-poa-2.jpeg\" \/>\n\t<meta property=\"og:image:width\" content=\"953\" \/>\n\t<meta property=\"og:image:height\" content=\"499\" \/>\n\t<meta property=\"og:image:type\" content=\"image\/jpeg\" \/>\n<meta name=\"author\" content=\"@sscc\" \/>\n<meta name=\"twitter:card\" content=\"summary_large_image\" \/>\n<meta name=\"twitter:creator\" content=\"@beatopeustaquio\" \/>\n<meta name=\"twitter:site\" content=\"@beatopeustaquio\" \/>\n<meta name=\"twitter:label1\" content=\"Written by\" \/>\n\t<meta name=\"twitter:data1\" content=\"@sscc\" \/>\n\t<meta name=\"twitter:label2\" content=\"Est. reading time\" \/>\n\t<meta name=\"twitter:data2\" content=\"2 minutes\" \/>\n<script type=\"application\/ld+json\" class=\"yoast-schema-graph\">{\"@context\":\"https:\/\/schema.org\",\"@graph\":[{\"@type\":\"Article\",\"@id\":\"https:\/\/www.padreeustaquio.com.br\/peregrinacao-da-reliquia-do-beato-padre-eustaquio-acontece-em-poa-sao-paulo\/#article\",\"isPartOf\":{\"@id\":\"https:\/\/www.padreeustaquio.com.br\/peregrinacao-da-reliquia-do-beato-padre-eustaquio-acontece-em-poa-sao-paulo\/\"},\"author\":{\"name\":\"@sscc\",\"@id\":\"https:\/\/www.padreeustaquio.com.br\/#\/schema\/person\/a2a51db1d00f1a7af0204a0f1ddb1566\"},\"headline\":\"Rel\u00edquia do Beato Padre Eust\u00e1quio visita par\u00f3quias em Po\u00e1, S\u00e3o Paulo\",\"datePublished\":\"2024-08-16T09:58:25+00:00\",\"mainEntityOfPage\":{\"@id\":\"https:\/\/www.padreeustaquio.com.br\/peregrinacao-da-reliquia-do-beato-padre-eustaquio-acontece-em-poa-sao-paulo\/\"},\"wordCount\":273,\"commentCount\":0,\"publisher\":{\"@id\":\"https:\/\/www.padreeustaquio.com.br\/#organization\"},\"image\":{\"@id\":\"https:\/\/www.padreeustaquio.com.br\/peregrinacao-da-reliquia-do-beato-padre-eustaquio-acontece-em-poa-sao-paulo\/#primaryimage\"},\"thumbnailUrl\":\"https:\/\/www.padreeustaquio.com.br\/wp-content\/uploads\/2024\/08\/peregrinacao-em-poa-2.jpeg\",\"articleSection\":[\"Not\u00edcias\"],\"inLanguage\":\"en-US\",\"potentialAction\":[{\"@type\":\"CommentAction\",\"name\":\"Comment\",\"target\":[\"https:\/\/www.padreeustaquio.com.br\/peregrinacao-da-reliquia-do-beato-padre-eustaquio-acontece-em-poa-sao-paulo\/#respond\"]}]},{\"@type\":\"WebPage\",\"@id\":\"https:\/\/www.padreeustaquio.com.br\/peregrinacao-da-reliquia-do-beato-padre-eustaquio-acontece-em-poa-sao-paulo\/\",\"url\":\"https:\/\/www.padreeustaquio.com.br\/peregrinacao-da-reliquia-do-beato-padre-eustaquio-acontece-em-poa-sao-paulo\/\",\"name\":\"Rel\u00edquia do Beato Padre Eust\u00e1quio visita par\u00f3quias em Po\u00e1, S\u00e3o Paulo\",\"isPartOf\":{\"@id\":\"https:\/\/www.padreeustaquio.com.br\/#website\"},\"primaryImageOfPage\":{\"@id\":\"https:\/\/www.padreeustaquio.com.br\/peregrinacao-da-reliquia-do-beato-padre-eustaquio-acontece-em-poa-sao-paulo\/#primaryimage\"},\"image\":{\"@id\":\"https:\/\/www.padreeustaquio.com.br\/peregrinacao-da-reliquia-do-beato-padre-eustaquio-acontece-em-poa-sao-paulo\/#primaryimage\"},\"thumbnailUrl\":\"https:\/\/www.padreeustaquio.com.br\/wp-content\/uploads\/2024\/08\/peregrinacao-em-poa-2.jpeg\",\"datePublished\":\"2024-08-16T09:58:25+00:00\",\"description\":\"Neste m\u00eas de agosto, m\u00eas do Beato Padre Eust\u00e1quio, a cidade de Po\u00e1, em S\u00e3o Paulo, est\u00e1 sendo aben\u00e7oada pela presen\u00e7a da peregrina\u00e7\u00e3o da rel\u00edquia do Bem-aventurado, que tem percorrido diversas par\u00f3quias, levando f\u00e9 e devo\u00e7\u00e3o a todos os fi\u00e9is. A peregrina\u00e7\u00e3o da rel\u00edquia \u00e9 um evento muito esperado e tem reunido um grande n\u00famero de pessoas nas celebra\u00e7\u00f5es.\",\"breadcrumb\":{\"@id\":\"https:\/\/www.padreeustaquio.com.br\/peregrinacao-da-reliquia-do-beato-padre-eustaquio-acontece-em-poa-sao-paulo\/#breadcrumb\"},\"inLanguage\":\"en-US\",\"potentialAction\":[{\"@type\":\"ReadAction\",\"target\":[\"https:\/\/www.padreeustaquio.com.br\/peregrinacao-da-reliquia-do-beato-padre-eustaquio-acontece-em-poa-sao-paulo\/\"]}]},{\"@type\":\"ImageObject\",\"inLanguage\":\"en-US\",\"@id\":\"https:\/\/www.padreeustaquio.com.br\/peregrinacao-da-reliquia-do-beato-padre-eustaquio-acontece-em-poa-sao-paulo\/#primaryimage\",\"url\":\"https:\/\/www.padreeustaquio.com.br\/wp-content\/uploads\/2024\/08\/peregrinacao-em-poa-2.jpeg\",\"contentUrl\":\"https:\/\/www.padreeustaquio.com.br\/wp-content\/uploads\/2024\/08\/peregrinacao-em-poa-2.jpeg\",\"width\":953,\"height\":499},{\"@type\":\"BreadcrumbList\",\"@id\":\"https:\/\/www.padreeustaquio.com.br\/peregrinacao-da-reliquia-do-beato-padre-eustaquio-acontece-em-poa-sao-paulo\/#breadcrumb\",\"itemListElement\":[{\"@type\":\"ListItem\",\"position\":1,\"name\":\"In\u00edcio\",\"item\":\"https:\/\/www.padreeustaquio.com.br\/\"},{\"@type\":\"ListItem\",\"position\":2,\"name\":\"Rel\u00edquia do Beato Padre Eust\u00e1quio visita par\u00f3quias em Po\u00e1, S\u00e3o Paulo\"}]},{\"@type\":\"WebSite\",\"@id\":\"https:\/\/www.padreeustaquio.com.br\/#website\",\"url\":\"https:\/\/www.padreeustaquio.com.br\/\",\"name\":\"Padre Eust\u00e1quio\",\"description\":\"Sa\u00fade e Paz\",\"publisher\":{\"@id\":\"https:\/\/www.padreeustaquio.com.br\/#organization\"},\"potentialAction\":[{\"@type\":\"SearchAction\",\"target\":{\"@type\":\"EntryPoint\",\"urlTemplate\":\"https:\/\/www.padreeustaquio.com.br\/?s={search_term_string}\"},\"query-input\":{\"@type\":\"PropertyValueSpecification\",\"valueRequired\":true,\"valueName\":\"search_term_string\"}}],\"inLanguage\":\"en-US\"},{\"@type\":\"Organization\",\"@id\":\"https:\/\/www.padreeustaquio.com.br\/#organization\",\"name\":\"Padre Eust\u00e1quio\",\"url\":\"https:\/\/www.padreeustaquio.com.br\/\",\"logo\":{\"@type\":\"ImageObject\",\"inLanguage\":\"en-US\",\"@id\":\"https:\/\/www.padreeustaquio.com.br\/#\/schema\/logo\/image\/\",\"url\":\"https:\/\/www.padreeustaquio.com.br\/wp-content\/uploads\/2019\/08\/marca.png\",\"contentUrl\":\"https:\/\/www.padreeustaquio.com.br\/wp-content\/uploads\/2019\/08\/marca.png\",\"width\":350,\"height\":400,\"caption\":\"Padre Eust\u00e1quio\"},\"image\":{\"@id\":\"https:\/\/www.padreeustaquio.com.br\/#\/schema\/logo\/image\/\"},\"sameAs\":[\"https:\/\/www.facebook.com\/beatopadreeustaquio\/\",\"https:\/\/x.com\/beatopeustaquio\",\"https:\/\/www.instagram.com\/beatopadreeustaquio\/\",\"https:\/\/www.youtube.com\/channel\/UCRhw7vfabnajwLxb1ZXMeIw\"]},{\"@type\":\"Person\",\"@id\":\"https:\/\/www.padreeustaquio.com.br\/#\/schema\/person\/a2a51db1d00f1a7af0204a0f1ddb1566\",\"name\":\"@sscc\",\"image\":{\"@type\":\"ImageObject\",\"inLanguage\":\"en-US\",\"@id\":\"https:\/\/secure.gravatar.com\/avatar\/68cfafa5f44617fea54071e215026e0ff06be366c3d54a8425f04fdcb86f8c5f?s=96&d=mm&r=g\",\"url\":\"https:\/\/secure.gravatar.com\/avatar\/68cfafa5f44617fea54071e215026e0ff06be366c3d54a8425f04fdcb86f8c5f?s=96&d=mm&r=g\",\"contentUrl\":\"https:\/\/secure.gravatar.com\/avatar\/68cfafa5f44617fea54071e215026e0ff06be366c3d54a8425f04fdcb86f8c5f?s=96&d=mm&r=g\",\"caption\":\"@sscc\"},\"url\":\"https:\/\/www.padreeustaquio.com.br\/en\/author\/sscc\/\"}]}<\/script>\n<!-- \/ Yoast SEO plugin. -->","yoast_head_json":{"title":"Relic of Blessed Father Eustace visits parishes in Po\u00e1, S\u00e3o Paulo","description":"This August, the month of Blessed Father Eustace, the city of Po\u00e1, in S\u00e3o Paulo, is being blessed by the presence of the pilgrimage of the Blessed&#039;s relic, which has been traveling through various parishes, bringing faith and devotion to all the faithful. The pilgrimage of the relic is a highly anticipated event and has gathered a large number of people for the celebrations.","robots":{"index":"index","follow":"follow","max-snippet":"max-snippet:-1","max-image-preview":"max-image-preview:large","max-video-preview":"max-video-preview:-1"},"canonical":"https:\/\/www.padreeustaquio.com.br\/en\/pilgrimage-of-the-relic-of-blessed-father-eustace-takes-place-in-porto-alegre-sao-paulo\/","og_locale":"en_US","og_type":"article","og_title":"Rel\u00edquia do Beato Padre Eust\u00e1quio visita par\u00f3quias em Po\u00e1, S\u00e3o Paulo","og_description":"Neste m\u00eas de agosto, m\u00eas do Beato Padre Eust\u00e1quio, a cidade de Po\u00e1, em S\u00e3o Paulo, est\u00e1 sendo aben\u00e7oada pela presen\u00e7a da peregrina\u00e7\u00e3o da rel\u00edquia do Bem-aventurado, que tem percorrido diversas par\u00f3quias, levando f\u00e9 e devo\u00e7\u00e3o a todos os fi\u00e9is. A peregrina\u00e7\u00e3o da rel\u00edquia \u00e9 um evento muito esperado e tem reunido um grande n\u00famero de pessoas nas celebra\u00e7\u00f5es.","og_url":"https:\/\/www.padreeustaquio.com.br\/en\/pilgrimage-of-the-relic-of-blessed-father-eustace-takes-place-in-porto-alegre-sao-paulo\/","og_site_name":"Padre Eust\u00e1quio","article_publisher":"https:\/\/www.facebook.com\/beatopadreeustaquio\/","article_published_time":"2024-08-16T09:58:25+00:00","og_image":[{"width":953,"height":499,"url":"https:\/\/www.padreeustaquio.com.br\/wp-content\/uploads\/2024\/08\/peregrinacao-em-poa-2.jpeg","type":"image\/jpeg"}],"author":"@sscc","twitter_card":"summary_large_image","twitter_creator":"@beatopeustaquio","twitter_site":"@beatopeustaquio","twitter_misc":{"Written by":"@sscc","Est. reading time":"2 minutes"},"schema":{"@context":"https:\/\/schema.org","@graph":[{"@type":"Article","@id":"https:\/\/www.padreeustaquio.com.br\/peregrinacao-da-reliquia-do-beato-padre-eustaquio-acontece-em-poa-sao-paulo\/#article","isPartOf":{"@id":"https:\/\/www.padreeustaquio.com.br\/peregrinacao-da-reliquia-do-beato-padre-eustaquio-acontece-em-poa-sao-paulo\/"},"author":{"name":"@sscc","@id":"https:\/\/www.padreeustaquio.com.br\/#\/schema\/person\/a2a51db1d00f1a7af0204a0f1ddb1566"},"headline":"Rel\u00edquia do Beato Padre Eust\u00e1quio visita par\u00f3quias em Po\u00e1, S\u00e3o Paulo","datePublished":"2024-08-16T09:58:25+00:00","mainEntityOfPage":{"@id":"https:\/\/www.padreeustaquio.com.br\/peregrinacao-da-reliquia-do-beato-padre-eustaquio-acontece-em-poa-sao-paulo\/"},"wordCount":273,"commentCount":0,"publisher":{"@id":"https:\/\/www.padreeustaquio.com.br\/#organization"},"image":{"@id":"https:\/\/www.padreeustaquio.com.br\/peregrinacao-da-reliquia-do-beato-padre-eustaquio-acontece-em-poa-sao-paulo\/#primaryimage"},"thumbnailUrl":"https:\/\/www.padreeustaquio.com.br\/wp-content\/uploads\/2024\/08\/peregrinacao-em-poa-2.jpeg","articleSection":["Not\u00edcias"],"inLanguage":"en-US","potentialAction":[{"@type":"CommentAction","name":"Comment","target":["https:\/\/www.padreeustaquio.com.br\/peregrinacao-da-reliquia-do-beato-padre-eustaquio-acontece-em-poa-sao-paulo\/#respond"]}]},{"@type":"WebPage","@id":"https:\/\/www.padreeustaquio.com.br\/peregrinacao-da-reliquia-do-beato-padre-eustaquio-acontece-em-poa-sao-paulo\/","url":"https:\/\/www.padreeustaquio.com.br\/peregrinacao-da-reliquia-do-beato-padre-eustaquio-acontece-em-poa-sao-paulo\/","name":"Relic of Blessed Father Eustace visits parishes in Po\u00e1, S\u00e3o Paulo","isPartOf":{"@id":"https:\/\/www.padreeustaquio.com.br\/#website"},"primaryImageOfPage":{"@id":"https:\/\/www.padreeustaquio.com.br\/peregrinacao-da-reliquia-do-beato-padre-eustaquio-acontece-em-poa-sao-paulo\/#primaryimage"},"image":{"@id":"https:\/\/www.padreeustaquio.com.br\/peregrinacao-da-reliquia-do-beato-padre-eustaquio-acontece-em-poa-sao-paulo\/#primaryimage"},"thumbnailUrl":"https:\/\/www.padreeustaquio.com.br\/wp-content\/uploads\/2024\/08\/peregrinacao-em-poa-2.jpeg","datePublished":"2024-08-16T09:58:25+00:00","description":"This August, the month of Blessed Father Eustace, the city of Po\u00e1, in S\u00e3o Paulo, is being blessed by the presence of the pilgrimage of the Blessed&#039;s relic, which has been traveling through various parishes, bringing faith and devotion to all the faithful. The pilgrimage of the relic is a highly anticipated event and has gathered a large number of people for the celebrations.","breadcrumb":{"@id":"https:\/\/www.padreeustaquio.com.br\/peregrinacao-da-reliquia-do-beato-padre-eustaquio-acontece-em-poa-sao-paulo\/#breadcrumb"},"inLanguage":"en-US","potentialAction":[{"@type":"ReadAction","target":["https:\/\/www.padreeustaquio.com.br\/peregrinacao-da-reliquia-do-beato-padre-eustaquio-acontece-em-poa-sao-paulo\/"]}]},{"@type":"ImageObject","inLanguage":"en-US","@id":"https:\/\/www.padreeustaquio.com.br\/peregrinacao-da-reliquia-do-beato-padre-eustaquio-acontece-em-poa-sao-paulo\/#primaryimage","url":"https:\/\/www.padreeustaquio.com.br\/wp-content\/uploads\/2024\/08\/peregrinacao-em-poa-2.jpeg","contentUrl":"https:\/\/www.padreeustaquio.com.br\/wp-content\/uploads\/2024\/08\/peregrinacao-em-poa-2.jpeg","width":953,"height":499},{"@type":"BreadcrumbList","@id":"https:\/\/www.padreeustaquio.com.br\/peregrinacao-da-reliquia-do-beato-padre-eustaquio-acontece-em-poa-sao-paulo\/#breadcrumb","itemListElement":[{"@type":"ListItem","position":1,"name":"In\u00edcio","item":"https:\/\/www.padreeustaquio.com.br\/"},{"@type":"ListItem","position":2,"name":"Rel\u00edquia do Beato Padre Eust\u00e1quio visita par\u00f3quias em Po\u00e1, S\u00e3o Paulo"}]},{"@type":"WebSite","@id":"https:\/\/www.padreeustaquio.com.br\/#website","url":"https:\/\/www.padreeustaquio.com.br\/","name":"FATHER EUST\u00c1QUIO","description":"Health and Peace","publisher":{"@id":"https:\/\/www.padreeustaquio.com.br\/#organization"},"potentialAction":[{"@type":"SearchAction","target":{"@type":"EntryPoint","urlTemplate":"https:\/\/www.padreeustaquio.com.br\/?s={search_term_string}"},"query-input":{"@type":"PropertyValueSpecification","valueRequired":true,"valueName":"search_term_string"}}],"inLanguage":"en-US"},{"@type":"Organization","@id":"https:\/\/www.padreeustaquio.com.br\/#organization","name":"FATHER EUST\u00c1QUIO","url":"https:\/\/www.padreeustaquio.com.br\/","logo":{"@type":"ImageObject","inLanguage":"en-US","@id":"https:\/\/www.padreeustaquio.com.br\/#\/schema\/logo\/image\/","url":"https:\/\/www.padreeustaquio.com.br\/wp-content\/uploads\/2019\/08\/marca.png","contentUrl":"https:\/\/www.padreeustaquio.com.br\/wp-content\/uploads\/2019\/08\/marca.png","width":350,"height":400,"caption":"Padre Eust\u00e1quio"},"image":{"@id":"https:\/\/www.padreeustaquio.com.br\/#\/schema\/logo\/image\/"},"sameAs":["https:\/\/www.facebook.com\/beatopadreeustaquio\/","https:\/\/x.com\/beatopeustaquio","https:\/\/www.instagram.com\/beatopadreeustaquio\/","https:\/\/www.youtube.com\/channel\/UCRhw7vfabnajwLxb1ZXMeIw"]},{"@type":"Person","@id":"https:\/\/www.padreeustaquio.com.br\/#\/schema\/person\/a2a51db1d00f1a7af0204a0f1ddb1566","name":"@sscc","image":{"@type":"ImageObject","inLanguage":"en-US","@id":"https:\/\/secure.gravatar.com\/avatar\/68cfafa5f44617fea54071e215026e0ff06be366c3d54a8425f04fdcb86f8c5f?s=96&d=mm&r=g","url":"https:\/\/secure.gravatar.com\/avatar\/68cfafa5f44617fea54071e215026e0ff06be366c3d54a8425f04fdcb86f8c5f?s=96&d=mm&r=g","contentUrl":"https:\/\/secure.gravatar.com\/avatar\/68cfafa5f44617fea54071e215026e0ff06be366c3d54a8425f04fdcb86f8c5f?s=96&d=mm&r=g","caption":"@sscc"},"url":"https:\/\/www.padreeustaquio.com.br\/en\/author\/sscc\/"}]}},"_links":{"self":[{"href":"https:\/\/www.padreeustaquio.com.br\/en\/wp-json\/wp\/v2\/posts\/11517","targetHints":{"allow":["GET"]}}],"collection":[{"href":"https:\/\/www.padreeustaquio.com.br\/en\/wp-json\/wp\/v2\/posts"}],"about":[{"href":"https:\/\/www.padreeustaquio.com.br\/en\/wp-json\/wp\/v2\/types\/post"}],"author":[{"embeddable":true,"href":"https:\/\/www.padreeustaquio.com.br\/en\/wp-json\/wp\/v2\/users\/2"}],"replies":[{"embeddable":true,"href":"https:\/\/www.padreeustaquio.com.br\/en\/wp-json\/wp\/v2\/comments?post=11517"}],"version-history":[{"count":0,"href":"https:\/\/www.padreeustaquio.com.br\/en\/wp-json\/wp\/v2\/posts\/11517\/revisions"}],"wp:featuredmedia":[{"embeddable":true,"href":"https:\/\/www.padreeustaquio.com.br\/en\/wp-json\/wp\/v2\/media\/11518"}],"wp:attachment":[{"href":"https:\/\/www.padreeustaquio.com.br\/en\/wp-json\/wp\/v2\/media?parent=11517"}],"wp:term":[{"taxonomy":"category","embeddable":true,"href":"https:\/\/www.padreeustaquio.com.br\/en\/wp-json\/wp\/v2\/categories?post=11517"},{"taxonomy":"post_tag","embeddable":true,"href":"https:\/\/www.padreeustaquio.com.br\/en\/wp-json\/wp\/v2\/tags?post=11517"}],"curies":[{"name":"wp","href":"https:\/\/api.w.org\/{rel}","templated":true}]}}