{"id":11496,"date":"2024-08-08T09:23:55","date_gmt":"2024-08-08T12:23:55","guid":{"rendered":"https:\/\/www.padreeustaquio.com.br\/?p=11496"},"modified":"2024-08-08T09:48:36","modified_gmt":"2024-08-08T12:48:36","slug":"educational-content-about-father-eustaquio-will-be-shown-on-the-youtube-channel","status":"publish","type":"post","link":"https:\/\/www.padreeustaquio.com.br\/en\/educational-content-about-father-eustaquio-will-be-shown-on-the-youtube-channel\/","title":{"rendered":"Educational content about Father Eust\u00e1quio will be available on the YouTube channel."},"content":{"rendered":"<p>The formative meetings about Blessed Father Eustace, held at the Sanctuary of Health and Peace in recent weeks, were recorded and will be shown on the Father Eustace Channel on YouTube.<\/p>\n<div id=\"attachment_11499\" style=\"width: 321px\" class=\"wp-caption alignleft\"><img fetchpriority=\"high\" decoding=\"async\" aria-describedby=\"caption-attachment-11499\" class=\"wp-image-11499\" src=\"https:\/\/www.padreeustaquio.com.br\/wp-content\/uploads\/2024\/08\/encontro-formativo-primeiro-dia-300x225.jpeg\" alt=\"\" width=\"311\" height=\"233\" srcset=\"https:\/\/www.padreeustaquio.com.br\/wp-content\/uploads\/2024\/08\/encontro-formativo-primeiro-dia-300x225.jpeg 300w, https:\/\/www.padreeustaquio.com.br\/wp-content\/uploads\/2024\/08\/encontro-formativo-primeiro-dia-1024x768.jpeg 1024w, https:\/\/www.padreeustaquio.com.br\/wp-content\/uploads\/2024\/08\/encontro-formativo-primeiro-dia-768x576.jpeg 768w, https:\/\/www.padreeustaquio.com.br\/wp-content\/uploads\/2024\/08\/encontro-formativo-primeiro-dia-1536x1152.jpeg 1536w, https:\/\/www.padreeustaquio.com.br\/wp-content\/uploads\/2024\/08\/encontro-formativo-primeiro-dia-180x135.jpeg 180w, https:\/\/www.padreeustaquio.com.br\/wp-content\/uploads\/2024\/08\/encontro-formativo-primeiro-dia-400x300.jpeg 400w, https:\/\/www.padreeustaquio.com.br\/wp-content\/uploads\/2024\/08\/encontro-formativo-primeiro-dia-600x450.jpeg 600w, https:\/\/www.padreeustaquio.com.br\/wp-content\/uploads\/2024\/08\/encontro-formativo-primeiro-dia-800x600.jpeg 800w, https:\/\/www.padreeustaquio.com.br\/wp-content\/uploads\/2024\/08\/encontro-formativo-primeiro-dia-1200x900.jpeg 1200w, https:\/\/www.padreeustaquio.com.br\/wp-content\/uploads\/2024\/08\/encontro-formativo-primeiro-dia.jpeg 1600w\" sizes=\"(max-width: 311px) 100vw, 311px\" \/><p id=\"caption-attachment-11499\" class=\"wp-caption-text\">First day of the Training Meeting (July 24th)<\/p><\/div>\n<p>On the first day, Wednesday (July 24th), the training covered the entire life and history of Father Eust\u00e1quio, from the creation of the Congregation in France, through the history of San Damiano, to the Blessed&#039;s journey in Europe and Brazil. This day of training was given by the vice-postulator of the Cause of Canonization of Father Eust\u00e1quio, Father Vin\u00edcius Maciel, SS.CC.<\/p>\n<p>The following Wednesday (July 31st), the training session focused on devotion to the Blessed One. Participants gathered for a guided tour of the Padre Eust\u00e1quio Memorial, led by researcher Leandro Castro, and afterwards, everyone was welcomed to the Main Hall by Father Vinicius Maciel, who further explored the theme of the meeting.<\/p>\n<div id=\"attachment_11501\" style=\"width: 310px\" class=\"wp-caption alignright\"><img decoding=\"async\" aria-describedby=\"caption-attachment-11501\" class=\"wp-image-11501 size-medium\" src=\"https:\/\/www.padreeustaquio.com.br\/wp-content\/uploads\/2024\/08\/encontro-formativo-segundo-dia-300x225.jpeg\" alt=\"Visit to the Memorial on the 2nd day of the meeting (July 31st)\" width=\"300\" height=\"225\" srcset=\"https:\/\/www.padreeustaquio.com.br\/wp-content\/uploads\/2024\/08\/encontro-formativo-segundo-dia-300x225.jpeg 300w, https:\/\/www.padreeustaquio.com.br\/wp-content\/uploads\/2024\/08\/encontro-formativo-segundo-dia-1024x768.jpeg 1024w, https:\/\/www.padreeustaquio.com.br\/wp-content\/uploads\/2024\/08\/encontro-formativo-segundo-dia-768x576.jpeg 768w, https:\/\/www.padreeustaquio.com.br\/wp-content\/uploads\/2024\/08\/encontro-formativo-segundo-dia-1536x1152.jpeg 1536w, https:\/\/www.padreeustaquio.com.br\/wp-content\/uploads\/2024\/08\/encontro-formativo-segundo-dia-180x135.jpeg 180w, https:\/\/www.padreeustaquio.com.br\/wp-content\/uploads\/2024\/08\/encontro-formativo-segundo-dia-400x300.jpeg 400w, https:\/\/www.padreeustaquio.com.br\/wp-content\/uploads\/2024\/08\/encontro-formativo-segundo-dia-600x450.jpeg 600w, https:\/\/www.padreeustaquio.com.br\/wp-content\/uploads\/2024\/08\/encontro-formativo-segundo-dia-800x600.jpeg 800w, https:\/\/www.padreeustaquio.com.br\/wp-content\/uploads\/2024\/08\/encontro-formativo-segundo-dia-1200x900.jpeg 1200w, https:\/\/www.padreeustaquio.com.br\/wp-content\/uploads\/2024\/08\/encontro-formativo-segundo-dia.jpeg 1600w\" sizes=\"(max-width: 300px) 100vw, 300px\" \/><p id=\"caption-attachment-11501\" class=\"wp-caption-text\">Visit to the Memorial on the 2nd day of the meeting (July 31st)<\/p><\/div>\n<p>The work, aimed at Church leaders, volunteers for the Feast of Blessed Father Eust\u00e1quio, and the community in general, was fully recorded and is being edited by the Padre Eust\u00e1quio Channel team for broadcast on August 30th, the day of the Feast of the Blessed.<\/p>\n<p>The material will be shown during the interval between the live masses on the 30th, but afterwards, it will also remain posted to be watched whenever you want.<\/p>","protected":false},"excerpt":{"rendered":"<p>Os encontros formativos sobre o Beato Padre Eust\u00e1quio, realizados no Santu\u00e1rio da Sa\u00fade e da Paz, nas \u00faltimas semanas, foi gravado e ser\u00e1 exibido no Canal Padre Eust\u00e1quio, no YouTube. No primeiro dia, quarta-feira (24\/07), a forma\u00e7\u00e3o abrangeu toda a vida e hist\u00f3ria de Padre Eust\u00e1quio, desde a cria\u00e7\u00e3o da Congrega\u00e7\u00e3o na Fran\u00e7a, passando pela hist\u00f3ria de S\u00e3o Dami\u00e3o, at\u00e9 a trajet\u00f3ria do Beato na Europa e no Brasil. Este dia de forma\u00e7\u00e3o foi ministrado pelo vice-postulador da Causa de Canoniza\u00e7\u00e3o de Padre Eust\u00e1quio, o padre Vin\u00edcius Maciel, SS.CC. Na quarta-feira seguinte (31\/07) a forma\u00e7\u00e3o falou sobre devo\u00e7\u00e3o ao Bem-aventurado. [&hellip;]<\/p>\n","protected":false},"author":2,"featured_media":11498,"comment_status":"open","ping_status":"closed","sticky":false,"template":"","format":"standard","meta":{"_acf_changed":false,"footnotes":""},"categories":[611],"tags":[],"class_list":["post-11496","post","type-post","status-publish","format-standard","has-post-thumbnail","hentry","category-noticias"],"acf":[],"yoast_head":"<!-- This site is optimized with the Yoast SEO plugin v27.2 - https:\/\/yoast.com\/product\/yoast-seo-wordpress\/ -->\n<title>Conte\u00fado formativo sobre Padre Eust\u00e1quio ser\u00e1 exibido pelo Canal no YouTube<\/title>\n<meta name=\"description\" content=\"Os encontros formativos sobre o Beato Padre Eust\u00e1quio, realizados no Santu\u00e1rio da Sa\u00fade e da Paz, nas \u00faltimas semanas, foi gravado e ser\u00e1 exibido no Canal Padre Eust\u00e1quio, no YouTube.\" \/>\n<meta name=\"robots\" content=\"index, follow, max-snippet:-1, max-image-preview:large, max-video-preview:-1\" \/>\n<link rel=\"canonical\" href=\"https:\/\/www.padreeustaquio.com.br\/en\/educational-content-about-father-eustaquio-will-be-shown-on-the-youtube-channel\/\" \/>\n<meta property=\"og:locale\" content=\"en_US\" \/>\n<meta property=\"og:type\" content=\"article\" \/>\n<meta property=\"og:title\" content=\"Conte\u00fado formativo sobre Padre Eust\u00e1quio ser\u00e1 exibido pelo Canal no YouTube\" \/>\n<meta property=\"og:description\" content=\"Os encontros formativos sobre o Beato Padre Eust\u00e1quio, realizados no Santu\u00e1rio da Sa\u00fade e da Paz, nas \u00faltimas semanas, foi gravado e ser\u00e1 exibido no Canal Padre Eust\u00e1quio, no YouTube.\" \/>\n<meta property=\"og:url\" content=\"https:\/\/www.padreeustaquio.com.br\/en\/educational-content-about-father-eustaquio-will-be-shown-on-the-youtube-channel\/\" \/>\n<meta property=\"og:site_name\" content=\"Padre Eust\u00e1quio\" \/>\n<meta property=\"article:publisher\" content=\"https:\/\/www.facebook.com\/beatopadreeustaquio\/\" \/>\n<meta property=\"article:published_time\" content=\"2024-08-08T12:23:55+00:00\" \/>\n<meta property=\"article:modified_time\" content=\"2024-08-08T12:48:36+00:00\" \/>\n<meta property=\"og:image\" content=\"https:\/\/www.padreeustaquio.com.br\/wp-content\/uploads\/2024\/08\/encontro-formativo.jpeg\" \/>\n\t<meta property=\"og:image:width\" content=\"1600\" \/>\n\t<meta property=\"og:image:height\" content=\"1200\" \/>\n\t<meta property=\"og:image:type\" content=\"image\/jpeg\" \/>\n<meta name=\"author\" content=\"@sscc\" \/>\n<meta name=\"twitter:card\" content=\"summary_large_image\" \/>\n<meta name=\"twitter:creator\" content=\"@beatopeustaquio\" \/>\n<meta name=\"twitter:site\" content=\"@beatopeustaquio\" \/>\n<meta name=\"twitter:label1\" content=\"Written by\" \/>\n\t<meta name=\"twitter:data1\" content=\"@sscc\" \/>\n\t<meta name=\"twitter:label2\" content=\"Est. reading time\" \/>\n\t<meta name=\"twitter:data2\" content=\"2 minutes\" \/>\n<script type=\"application\/ld+json\" class=\"yoast-schema-graph\">{\"@context\":\"https:\/\/schema.org\",\"@graph\":[{\"@type\":\"Article\",\"@id\":\"https:\/\/www.padreeustaquio.com.br\/conteudo-formativo-sobre-padre-eustaquio-sera-exibido-pelo-canal-no-youtube\/#article\",\"isPartOf\":{\"@id\":\"https:\/\/www.padreeustaquio.com.br\/conteudo-formativo-sobre-padre-eustaquio-sera-exibido-pelo-canal-no-youtube\/\"},\"author\":{\"name\":\"@sscc\",\"@id\":\"https:\/\/www.padreeustaquio.com.br\/#\/schema\/person\/a2a51db1d00f1a7af0204a0f1ddb1566\"},\"headline\":\"Conte\u00fado formativo sobre Padre Eust\u00e1quio ser\u00e1 exibido pelo Canal no YouTube\",\"datePublished\":\"2024-08-08T12:23:55+00:00\",\"dateModified\":\"2024-08-08T12:48:36+00:00\",\"mainEntityOfPage\":{\"@id\":\"https:\/\/www.padreeustaquio.com.br\/conteudo-formativo-sobre-padre-eustaquio-sera-exibido-pelo-canal-no-youtube\/\"},\"wordCount\":266,\"commentCount\":0,\"publisher\":{\"@id\":\"https:\/\/www.padreeustaquio.com.br\/#organization\"},\"image\":{\"@id\":\"https:\/\/www.padreeustaquio.com.br\/conteudo-formativo-sobre-padre-eustaquio-sera-exibido-pelo-canal-no-youtube\/#primaryimage\"},\"thumbnailUrl\":\"https:\/\/www.padreeustaquio.com.br\/wp-content\/uploads\/2024\/08\/encontro-formativo.jpeg\",\"articleSection\":[\"Not\u00edcias\"],\"inLanguage\":\"en-US\",\"potentialAction\":[{\"@type\":\"CommentAction\",\"name\":\"Comment\",\"target\":[\"https:\/\/www.padreeustaquio.com.br\/conteudo-formativo-sobre-padre-eustaquio-sera-exibido-pelo-canal-no-youtube\/#respond\"]}]},{\"@type\":\"WebPage\",\"@id\":\"https:\/\/www.padreeustaquio.com.br\/conteudo-formativo-sobre-padre-eustaquio-sera-exibido-pelo-canal-no-youtube\/\",\"url\":\"https:\/\/www.padreeustaquio.com.br\/conteudo-formativo-sobre-padre-eustaquio-sera-exibido-pelo-canal-no-youtube\/\",\"name\":\"Conte\u00fado formativo sobre Padre Eust\u00e1quio ser\u00e1 exibido pelo Canal no YouTube\",\"isPartOf\":{\"@id\":\"https:\/\/www.padreeustaquio.com.br\/#website\"},\"primaryImageOfPage\":{\"@id\":\"https:\/\/www.padreeustaquio.com.br\/conteudo-formativo-sobre-padre-eustaquio-sera-exibido-pelo-canal-no-youtube\/#primaryimage\"},\"image\":{\"@id\":\"https:\/\/www.padreeustaquio.com.br\/conteudo-formativo-sobre-padre-eustaquio-sera-exibido-pelo-canal-no-youtube\/#primaryimage\"},\"thumbnailUrl\":\"https:\/\/www.padreeustaquio.com.br\/wp-content\/uploads\/2024\/08\/encontro-formativo.jpeg\",\"datePublished\":\"2024-08-08T12:23:55+00:00\",\"dateModified\":\"2024-08-08T12:48:36+00:00\",\"description\":\"Os encontros formativos sobre o Beato Padre Eust\u00e1quio, realizados no Santu\u00e1rio da Sa\u00fade e da Paz, nas \u00faltimas semanas, foi gravado e ser\u00e1 exibido no Canal Padre Eust\u00e1quio, no YouTube.\",\"breadcrumb\":{\"@id\":\"https:\/\/www.padreeustaquio.com.br\/conteudo-formativo-sobre-padre-eustaquio-sera-exibido-pelo-canal-no-youtube\/#breadcrumb\"},\"inLanguage\":\"en-US\",\"potentialAction\":[{\"@type\":\"ReadAction\",\"target\":[\"https:\/\/www.padreeustaquio.com.br\/conteudo-formativo-sobre-padre-eustaquio-sera-exibido-pelo-canal-no-youtube\/\"]}]},{\"@type\":\"ImageObject\",\"inLanguage\":\"en-US\",\"@id\":\"https:\/\/www.padreeustaquio.com.br\/conteudo-formativo-sobre-padre-eustaquio-sera-exibido-pelo-canal-no-youtube\/#primaryimage\",\"url\":\"https:\/\/www.padreeustaquio.com.br\/wp-content\/uploads\/2024\/08\/encontro-formativo.jpeg\",\"contentUrl\":\"https:\/\/www.padreeustaquio.com.br\/wp-content\/uploads\/2024\/08\/encontro-formativo.jpeg\",\"width\":1600,\"height\":1200},{\"@type\":\"BreadcrumbList\",\"@id\":\"https:\/\/www.padreeustaquio.com.br\/conteudo-formativo-sobre-padre-eustaquio-sera-exibido-pelo-canal-no-youtube\/#breadcrumb\",\"itemListElement\":[{\"@type\":\"ListItem\",\"position\":1,\"name\":\"In\u00edcio\",\"item\":\"https:\/\/www.padreeustaquio.com.br\/\"},{\"@type\":\"ListItem\",\"position\":2,\"name\":\"Conte\u00fado formativo sobre Padre Eust\u00e1quio ser\u00e1 exibido pelo Canal no YouTube\"}]},{\"@type\":\"WebSite\",\"@id\":\"https:\/\/www.padreeustaquio.com.br\/#website\",\"url\":\"https:\/\/www.padreeustaquio.com.br\/\",\"name\":\"Padre Eust\u00e1quio\",\"description\":\"Sa\u00fade e Paz\",\"publisher\":{\"@id\":\"https:\/\/www.padreeustaquio.com.br\/#organization\"},\"potentialAction\":[{\"@type\":\"SearchAction\",\"target\":{\"@type\":\"EntryPoint\",\"urlTemplate\":\"https:\/\/www.padreeustaquio.com.br\/?s={search_term_string}\"},\"query-input\":{\"@type\":\"PropertyValueSpecification\",\"valueRequired\":true,\"valueName\":\"search_term_string\"}}],\"inLanguage\":\"en-US\"},{\"@type\":\"Organization\",\"@id\":\"https:\/\/www.padreeustaquio.com.br\/#organization\",\"name\":\"Padre Eust\u00e1quio\",\"url\":\"https:\/\/www.padreeustaquio.com.br\/\",\"logo\":{\"@type\":\"ImageObject\",\"inLanguage\":\"en-US\",\"@id\":\"https:\/\/www.padreeustaquio.com.br\/#\/schema\/logo\/image\/\",\"url\":\"https:\/\/www.padreeustaquio.com.br\/wp-content\/uploads\/2019\/08\/marca.png\",\"contentUrl\":\"https:\/\/www.padreeustaquio.com.br\/wp-content\/uploads\/2019\/08\/marca.png\",\"width\":350,\"height\":400,\"caption\":\"Padre Eust\u00e1quio\"},\"image\":{\"@id\":\"https:\/\/www.padreeustaquio.com.br\/#\/schema\/logo\/image\/\"},\"sameAs\":[\"https:\/\/www.facebook.com\/beatopadreeustaquio\/\",\"https:\/\/x.com\/beatopeustaquio\",\"https:\/\/www.instagram.com\/beatopadreeustaquio\/\",\"https:\/\/www.youtube.com\/channel\/UCRhw7vfabnajwLxb1ZXMeIw\"]},{\"@type\":\"Person\",\"@id\":\"https:\/\/www.padreeustaquio.com.br\/#\/schema\/person\/a2a51db1d00f1a7af0204a0f1ddb1566\",\"name\":\"@sscc\",\"image\":{\"@type\":\"ImageObject\",\"inLanguage\":\"en-US\",\"@id\":\"https:\/\/secure.gravatar.com\/avatar\/68cfafa5f44617fea54071e215026e0ff06be366c3d54a8425f04fdcb86f8c5f?s=96&d=mm&r=g\",\"url\":\"https:\/\/secure.gravatar.com\/avatar\/68cfafa5f44617fea54071e215026e0ff06be366c3d54a8425f04fdcb86f8c5f?s=96&d=mm&r=g\",\"contentUrl\":\"https:\/\/secure.gravatar.com\/avatar\/68cfafa5f44617fea54071e215026e0ff06be366c3d54a8425f04fdcb86f8c5f?s=96&d=mm&r=g\",\"caption\":\"@sscc\"},\"url\":\"https:\/\/www.padreeustaquio.com.br\/en\/author\/sscc\/\"}]}<\/script>\n<!-- \/ Yoast SEO plugin. -->","yoast_head_json":{"title":"Educational content about Father Eust\u00e1quio will be available on the YouTube channel.","description":"The formative meetings about Blessed Father Eustace, held at the Sanctuary of Health and Peace in recent weeks, were recorded and will be shown on the Father Eustace Channel on YouTube.","robots":{"index":"index","follow":"follow","max-snippet":"max-snippet:-1","max-image-preview":"max-image-preview:large","max-video-preview":"max-video-preview:-1"},"canonical":"https:\/\/www.padreeustaquio.com.br\/en\/educational-content-about-father-eustaquio-will-be-shown-on-the-youtube-channel\/","og_locale":"en_US","og_type":"article","og_title":"Conte\u00fado formativo sobre Padre Eust\u00e1quio ser\u00e1 exibido pelo Canal no YouTube","og_description":"Os encontros formativos sobre o Beato Padre Eust\u00e1quio, realizados no Santu\u00e1rio da Sa\u00fade e da Paz, nas \u00faltimas semanas, foi gravado e ser\u00e1 exibido no Canal Padre Eust\u00e1quio, no YouTube.","og_url":"https:\/\/www.padreeustaquio.com.br\/en\/educational-content-about-father-eustaquio-will-be-shown-on-the-youtube-channel\/","og_site_name":"Padre Eust\u00e1quio","article_publisher":"https:\/\/www.facebook.com\/beatopadreeustaquio\/","article_published_time":"2024-08-08T12:23:55+00:00","article_modified_time":"2024-08-08T12:48:36+00:00","og_image":[{"width":1600,"height":1200,"url":"https:\/\/www.padreeustaquio.com.br\/wp-content\/uploads\/2024\/08\/encontro-formativo.jpeg","type":"image\/jpeg"}],"author":"@sscc","twitter_card":"summary_large_image","twitter_creator":"@beatopeustaquio","twitter_site":"@beatopeustaquio","twitter_misc":{"Written by":"@sscc","Est. reading time":"2 minutes"},"schema":{"@context":"https:\/\/schema.org","@graph":[{"@type":"Article","@id":"https:\/\/www.padreeustaquio.com.br\/conteudo-formativo-sobre-padre-eustaquio-sera-exibido-pelo-canal-no-youtube\/#article","isPartOf":{"@id":"https:\/\/www.padreeustaquio.com.br\/conteudo-formativo-sobre-padre-eustaquio-sera-exibido-pelo-canal-no-youtube\/"},"author":{"name":"@sscc","@id":"https:\/\/www.padreeustaquio.com.br\/#\/schema\/person\/a2a51db1d00f1a7af0204a0f1ddb1566"},"headline":"Conte\u00fado formativo sobre Padre Eust\u00e1quio ser\u00e1 exibido pelo Canal no YouTube","datePublished":"2024-08-08T12:23:55+00:00","dateModified":"2024-08-08T12:48:36+00:00","mainEntityOfPage":{"@id":"https:\/\/www.padreeustaquio.com.br\/conteudo-formativo-sobre-padre-eustaquio-sera-exibido-pelo-canal-no-youtube\/"},"wordCount":266,"commentCount":0,"publisher":{"@id":"https:\/\/www.padreeustaquio.com.br\/#organization"},"image":{"@id":"https:\/\/www.padreeustaquio.com.br\/conteudo-formativo-sobre-padre-eustaquio-sera-exibido-pelo-canal-no-youtube\/#primaryimage"},"thumbnailUrl":"https:\/\/www.padreeustaquio.com.br\/wp-content\/uploads\/2024\/08\/encontro-formativo.jpeg","articleSection":["Not\u00edcias"],"inLanguage":"en-US","potentialAction":[{"@type":"CommentAction","name":"Comment","target":["https:\/\/www.padreeustaquio.com.br\/conteudo-formativo-sobre-padre-eustaquio-sera-exibido-pelo-canal-no-youtube\/#respond"]}]},{"@type":"WebPage","@id":"https:\/\/www.padreeustaquio.com.br\/conteudo-formativo-sobre-padre-eustaquio-sera-exibido-pelo-canal-no-youtube\/","url":"https:\/\/www.padreeustaquio.com.br\/conteudo-formativo-sobre-padre-eustaquio-sera-exibido-pelo-canal-no-youtube\/","name":"Educational content about Father Eust\u00e1quio will be available on the YouTube channel.","isPartOf":{"@id":"https:\/\/www.padreeustaquio.com.br\/#website"},"primaryImageOfPage":{"@id":"https:\/\/www.padreeustaquio.com.br\/conteudo-formativo-sobre-padre-eustaquio-sera-exibido-pelo-canal-no-youtube\/#primaryimage"},"image":{"@id":"https:\/\/www.padreeustaquio.com.br\/conteudo-formativo-sobre-padre-eustaquio-sera-exibido-pelo-canal-no-youtube\/#primaryimage"},"thumbnailUrl":"https:\/\/www.padreeustaquio.com.br\/wp-content\/uploads\/2024\/08\/encontro-formativo.jpeg","datePublished":"2024-08-08T12:23:55+00:00","dateModified":"2024-08-08T12:48:36+00:00","description":"The formative meetings about Blessed Father Eustace, held at the Sanctuary of Health and Peace in recent weeks, were recorded and will be shown on the Father Eustace Channel on YouTube.","breadcrumb":{"@id":"https:\/\/www.padreeustaquio.com.br\/conteudo-formativo-sobre-padre-eustaquio-sera-exibido-pelo-canal-no-youtube\/#breadcrumb"},"inLanguage":"en-US","potentialAction":[{"@type":"ReadAction","target":["https:\/\/www.padreeustaquio.com.br\/conteudo-formativo-sobre-padre-eustaquio-sera-exibido-pelo-canal-no-youtube\/"]}]},{"@type":"ImageObject","inLanguage":"en-US","@id":"https:\/\/www.padreeustaquio.com.br\/conteudo-formativo-sobre-padre-eustaquio-sera-exibido-pelo-canal-no-youtube\/#primaryimage","url":"https:\/\/www.padreeustaquio.com.br\/wp-content\/uploads\/2024\/08\/encontro-formativo.jpeg","contentUrl":"https:\/\/www.padreeustaquio.com.br\/wp-content\/uploads\/2024\/08\/encontro-formativo.jpeg","width":1600,"height":1200},{"@type":"BreadcrumbList","@id":"https:\/\/www.padreeustaquio.com.br\/conteudo-formativo-sobre-padre-eustaquio-sera-exibido-pelo-canal-no-youtube\/#breadcrumb","itemListElement":[{"@type":"ListItem","position":1,"name":"In\u00edcio","item":"https:\/\/www.padreeustaquio.com.br\/"},{"@type":"ListItem","position":2,"name":"Conte\u00fado formativo sobre Padre Eust\u00e1quio ser\u00e1 exibido pelo Canal no YouTube"}]},{"@type":"WebSite","@id":"https:\/\/www.padreeustaquio.com.br\/#website","url":"https:\/\/www.padreeustaquio.com.br\/","name":"FATHER EUST\u00c1QUIO","description":"Health and Peace","publisher":{"@id":"https:\/\/www.padreeustaquio.com.br\/#organization"},"potentialAction":[{"@type":"SearchAction","target":{"@type":"EntryPoint","urlTemplate":"https:\/\/www.padreeustaquio.com.br\/?s={search_term_string}"},"query-input":{"@type":"PropertyValueSpecification","valueRequired":true,"valueName":"search_term_string"}}],"inLanguage":"en-US"},{"@type":"Organization","@id":"https:\/\/www.padreeustaquio.com.br\/#organization","name":"FATHER EUST\u00c1QUIO","url":"https:\/\/www.padreeustaquio.com.br\/","logo":{"@type":"ImageObject","inLanguage":"en-US","@id":"https:\/\/www.padreeustaquio.com.br\/#\/schema\/logo\/image\/","url":"https:\/\/www.padreeustaquio.com.br\/wp-content\/uploads\/2019\/08\/marca.png","contentUrl":"https:\/\/www.padreeustaquio.com.br\/wp-content\/uploads\/2019\/08\/marca.png","width":350,"height":400,"caption":"Padre Eust\u00e1quio"},"image":{"@id":"https:\/\/www.padreeustaquio.com.br\/#\/schema\/logo\/image\/"},"sameAs":["https:\/\/www.facebook.com\/beatopadreeustaquio\/","https:\/\/x.com\/beatopeustaquio","https:\/\/www.instagram.com\/beatopadreeustaquio\/","https:\/\/www.youtube.com\/channel\/UCRhw7vfabnajwLxb1ZXMeIw"]},{"@type":"Person","@id":"https:\/\/www.padreeustaquio.com.br\/#\/schema\/person\/a2a51db1d00f1a7af0204a0f1ddb1566","name":"@sscc","image":{"@type":"ImageObject","inLanguage":"en-US","@id":"https:\/\/secure.gravatar.com\/avatar\/68cfafa5f44617fea54071e215026e0ff06be366c3d54a8425f04fdcb86f8c5f?s=96&d=mm&r=g","url":"https:\/\/secure.gravatar.com\/avatar\/68cfafa5f44617fea54071e215026e0ff06be366c3d54a8425f04fdcb86f8c5f?s=96&d=mm&r=g","contentUrl":"https:\/\/secure.gravatar.com\/avatar\/68cfafa5f44617fea54071e215026e0ff06be366c3d54a8425f04fdcb86f8c5f?s=96&d=mm&r=g","caption":"@sscc"},"url":"https:\/\/www.padreeustaquio.com.br\/en\/author\/sscc\/"}]}},"_links":{"self":[{"href":"https:\/\/www.padreeustaquio.com.br\/en\/wp-json\/wp\/v2\/posts\/11496","targetHints":{"allow":["GET"]}}],"collection":[{"href":"https:\/\/www.padreeustaquio.com.br\/en\/wp-json\/wp\/v2\/posts"}],"about":[{"href":"https:\/\/www.padreeustaquio.com.br\/en\/wp-json\/wp\/v2\/types\/post"}],"author":[{"embeddable":true,"href":"https:\/\/www.padreeustaquio.com.br\/en\/wp-json\/wp\/v2\/users\/2"}],"replies":[{"embeddable":true,"href":"https:\/\/www.padreeustaquio.com.br\/en\/wp-json\/wp\/v2\/comments?post=11496"}],"version-history":[{"count":0,"href":"https:\/\/www.padreeustaquio.com.br\/en\/wp-json\/wp\/v2\/posts\/11496\/revisions"}],"wp:featuredmedia":[{"embeddable":true,"href":"https:\/\/www.padreeustaquio.com.br\/en\/wp-json\/wp\/v2\/media\/11498"}],"wp:attachment":[{"href":"https:\/\/www.padreeustaquio.com.br\/en\/wp-json\/wp\/v2\/media?parent=11496"}],"wp:term":[{"taxonomy":"category","embeddable":true,"href":"https:\/\/www.padreeustaquio.com.br\/en\/wp-json\/wp\/v2\/categories?post=11496"},{"taxonomy":"post_tag","embeddable":true,"href":"https:\/\/www.padreeustaquio.com.br\/en\/wp-json\/wp\/v2\/tags?post=11496"}],"curies":[{"name":"wp","href":"https:\/\/api.w.org\/{rel}","templated":true}]}}