{"id":11489,"date":"2024-08-05T06:40:54","date_gmt":"2024-08-05T09:40:54","guid":{"rendered":"https:\/\/www.padreeustaquio.com.br\/?p=11489"},"modified":"2024-07-31T08:52:23","modified_gmt":"2024-07-31T11:52:23","slug":"pilgrims-from-sao-gotardo-minas-gerais-visit-the-father-eustaquio-sanctuary-and-memorial-in-belo-horizonte","status":"publish","type":"post","link":"https:\/\/www.padreeustaquio.com.br\/en\/pilgrims-from-sao-gotardo-minas-gerais-visit-the-father-eustaquio-sanctuary-and-memorial-in-belo-horizonte\/","title":{"rendered":"Pilgrims from S\u00e3o Gotardo-MG visit the Padre Eust\u00e1quio Sanctuary and Memorial in Belo Horizonte."},"content":{"rendered":"<p>This week, approximately 60 devotees of Blessed Father Eust\u00e1quio, from the city of S\u00e3o Gotardo in the Alto Parana\u00edba region of Minas Gerais, made a pilgrimage to the Sanctuary of Health and Peace in Belo Horizonte. The excursion was led by Father Fernando Ant\u00f4nio Coelho, from the Nossa Senhora Aparecida parish in S\u00e3o Gotardo.<\/p>\n<p><img fetchpriority=\"high\" decoding=\"async\" class=\"size-medium wp-image-11492 alignleft\" src=\"https:\/\/www.padreeustaquio.com.br\/wp-content\/uploads\/2024\/08\/visita-romeiros-Sao-gotardo-300x225.jpeg\" alt=\"\" width=\"300\" height=\"225\" srcset=\"https:\/\/www.padreeustaquio.com.br\/wp-content\/uploads\/2024\/08\/visita-romeiros-Sao-gotardo-300x225.jpeg 300w, https:\/\/www.padreeustaquio.com.br\/wp-content\/uploads\/2024\/08\/visita-romeiros-Sao-gotardo-1024x768.jpeg 1024w, https:\/\/www.padreeustaquio.com.br\/wp-content\/uploads\/2024\/08\/visita-romeiros-Sao-gotardo-768x576.jpeg 768w, https:\/\/www.padreeustaquio.com.br\/wp-content\/uploads\/2024\/08\/visita-romeiros-Sao-gotardo-1536x1152.jpeg 1536w, https:\/\/www.padreeustaquio.com.br\/wp-content\/uploads\/2024\/08\/visita-romeiros-Sao-gotardo-180x135.jpeg 180w, https:\/\/www.padreeustaquio.com.br\/wp-content\/uploads\/2024\/08\/visita-romeiros-Sao-gotardo-400x300.jpeg 400w, https:\/\/www.padreeustaquio.com.br\/wp-content\/uploads\/2024\/08\/visita-romeiros-Sao-gotardo-600x450.jpeg 600w, https:\/\/www.padreeustaquio.com.br\/wp-content\/uploads\/2024\/08\/visita-romeiros-Sao-gotardo-800x600.jpeg 800w, https:\/\/www.padreeustaquio.com.br\/wp-content\/uploads\/2024\/08\/visita-romeiros-Sao-gotardo-1200x900.jpeg 1200w, https:\/\/www.padreeustaquio.com.br\/wp-content\/uploads\/2024\/08\/visita-romeiros-Sao-gotardo.jpeg 1600w\" sizes=\"(max-width: 300px) 100vw, 300px\" \/>The devotees sought to deepen their knowledge of the life and work of Blessed Father Eust\u00e1quio. During the visit, they had the opportunity to explore the Memorial where the Blessed&#039;s remains are kept, as well as the Sanctuary dedicated to him in the capital of Minas Gerais.<\/p>\n<p>The group was welcomed by the vice-postulator of the Cause of Canonization of Blessed Father Eust\u00e1quio, Father Vin\u00edcius Maciel, SSCC, and researcher Leandro Castro. Both provided the visitors with an enriching experience, sharing historical and spiritual details about the Blessed.<\/p>\n<p>As a gesture of gratitude and remembrance, the visitors received third-degree relics of Father Eustace.<\/p>\n<p><strong>The Sanctuary of Health and Peace<\/strong><\/p>\n<p>Located in Belo Horizonte, the Sanctuary of Health and Peace is an important center of devotion to Blessed Father Eust\u00e1quio. The site is frequented by the faithful who seek spiritual peace, inspired by the life example of the Blessed.<\/p>","protected":false},"excerpt":{"rendered":"<p>Essa semana cerca de 60 devotos do Beato Padre Eust\u00e1quio, da cidade de S\u00e3o Gotardo, no Alto Parana\u00edba mineiro, realizaram uma peregrina\u00e7\u00e3o ao Santu\u00e1rio da Sa\u00fade e da Paz, em Belo Horizonte. A excurs\u00e3o foi liderada pelo padre Fernando Ant\u00f4nio Coelho, da par\u00f3quia Nossa Senhora Aparecida, de S\u00e3o Gotardo. Os devotos buscaram aprofundar seus conhecimentos sobre a vida e obra do Bem-aventurado Padre Eust\u00e1quio. Durante a visita, eles tiveram a oportunidade de explorar o Memorial onde est\u00e3o os restos mortais do Beato, bem como o Santu\u00e1rio dedicado a ele na capital mineira. A recep\u00e7\u00e3o do grupo ficou por conta do [&hellip;]<\/p>\n","protected":false},"author":2,"featured_media":11490,"comment_status":"open","ping_status":"closed","sticky":false,"template":"","format":"standard","meta":{"_acf_changed":false,"footnotes":""},"categories":[611],"tags":[],"class_list":["post-11489","post","type-post","status-publish","format-standard","has-post-thumbnail","hentry","category-noticias"],"acf":[],"yoast_head":"<!-- This site is optimized with the Yoast SEO plugin v27.2 - https:\/\/yoast.com\/product\/yoast-seo-wordpress\/ -->\n<title>Romeiros de S\u00e3o Gotardo-MG visitam o Santu\u00e1rio e Memorial Pe Eust\u00e1quio em Belo Horizonte<\/title>\n<meta name=\"description\" content=\"Essa semana cerca de 60 devotos do Beato Padre Eust\u00e1quio, da cidade de S\u00e3o Gotardo, no Alto Parana\u00edba mineiro, realizaram uma peregrina\u00e7\u00e3o ao Santu\u00e1rio da Sa\u00fade e da Paz, em Belo Horizonte. A excurs\u00e3o foi liderada pelo padre Fernando Ant\u00f4nio Coelho, da par\u00f3quia Nossa Senhora Aparecida, de S\u00e3o Gotardo.\" \/>\n<meta name=\"robots\" content=\"index, follow, max-snippet:-1, max-image-preview:large, max-video-preview:-1\" \/>\n<link rel=\"canonical\" href=\"https:\/\/www.padreeustaquio.com.br\/en\/pilgrims-from-sao-gotardo-minas-gerais-visit-the-father-eustaquio-sanctuary-and-memorial-in-belo-horizonte\/\" \/>\n<meta property=\"og:locale\" content=\"en_US\" \/>\n<meta property=\"og:type\" content=\"article\" \/>\n<meta property=\"og:title\" content=\"Romeiros de S\u00e3o Gotardo-MG visitam o Santu\u00e1rio e Memorial Pe Eust\u00e1quio em Belo Horizonte\" \/>\n<meta property=\"og:description\" content=\"Essa semana cerca de 60 devotos do Beato Padre Eust\u00e1quio, da cidade de S\u00e3o Gotardo, no Alto Parana\u00edba mineiro, realizaram uma peregrina\u00e7\u00e3o ao Santu\u00e1rio da Sa\u00fade e da Paz, em Belo Horizonte. A excurs\u00e3o foi liderada pelo padre Fernando Ant\u00f4nio Coelho, da par\u00f3quia Nossa Senhora Aparecida, de S\u00e3o Gotardo.\" \/>\n<meta property=\"og:url\" content=\"https:\/\/www.padreeustaquio.com.br\/en\/pilgrims-from-sao-gotardo-minas-gerais-visit-the-father-eustaquio-sanctuary-and-memorial-in-belo-horizonte\/\" \/>\n<meta property=\"og:site_name\" content=\"Padre Eust\u00e1quio\" \/>\n<meta property=\"article:publisher\" content=\"https:\/\/www.facebook.com\/beatopadreeustaquio\/\" \/>\n<meta property=\"article:published_time\" content=\"2024-08-05T09:40:54+00:00\" \/>\n<meta property=\"og:image\" content=\"https:\/\/www.padreeustaquio.com.br\/wp-content\/uploads\/2024\/07\/romeiros-de-sao-gotardo-minas-gerais-e1722426715258.jpeg\" \/>\n\t<meta property=\"og:image:width\" content=\"1600\" \/>\n\t<meta property=\"og:image:height\" content=\"909\" \/>\n\t<meta property=\"og:image:type\" content=\"image\/jpeg\" \/>\n<meta name=\"author\" content=\"@sscc\" \/>\n<meta name=\"twitter:card\" content=\"summary_large_image\" \/>\n<meta name=\"twitter:creator\" content=\"@beatopeustaquio\" \/>\n<meta name=\"twitter:site\" content=\"@beatopeustaquio\" \/>\n<meta name=\"twitter:label1\" content=\"Written by\" \/>\n\t<meta name=\"twitter:data1\" content=\"@sscc\" \/>\n\t<meta name=\"twitter:label2\" content=\"Est. reading time\" \/>\n\t<meta name=\"twitter:data2\" content=\"2 minutes\" \/>\n<script type=\"application\/ld+json\" class=\"yoast-schema-graph\">{\"@context\":\"https:\/\/schema.org\",\"@graph\":[{\"@type\":\"Article\",\"@id\":\"https:\/\/www.padreeustaquio.com.br\/romeiros-de-sao-gotardo-mg-visitam-o-santuario-e-memorial-pe-eustaquio-em-belo-horizonte\/#article\",\"isPartOf\":{\"@id\":\"https:\/\/www.padreeustaquio.com.br\/romeiros-de-sao-gotardo-mg-visitam-o-santuario-e-memorial-pe-eustaquio-em-belo-horizonte\/\"},\"author\":{\"name\":\"@sscc\",\"@id\":\"https:\/\/www.padreeustaquio.com.br\/#\/schema\/person\/a2a51db1d00f1a7af0204a0f1ddb1566\"},\"headline\":\"Romeiros de S\u00e3o Gotardo-MG visitam o Santu\u00e1rio e Memorial Pe Eust\u00e1quio em Belo Horizonte\",\"datePublished\":\"2024-08-05T09:40:54+00:00\",\"mainEntityOfPage\":{\"@id\":\"https:\/\/www.padreeustaquio.com.br\/romeiros-de-sao-gotardo-mg-visitam-o-santuario-e-memorial-pe-eustaquio-em-belo-horizonte\/\"},\"wordCount\":237,\"commentCount\":0,\"publisher\":{\"@id\":\"https:\/\/www.padreeustaquio.com.br\/#organization\"},\"image\":{\"@id\":\"https:\/\/www.padreeustaquio.com.br\/romeiros-de-sao-gotardo-mg-visitam-o-santuario-e-memorial-pe-eustaquio-em-belo-horizonte\/#primaryimage\"},\"thumbnailUrl\":\"https:\/\/www.padreeustaquio.com.br\/wp-content\/uploads\/2024\/07\/romeiros-de-sao-gotardo-minas-gerais-e1722426715258.jpeg\",\"articleSection\":[\"Not\u00edcias\"],\"inLanguage\":\"en-US\",\"potentialAction\":[{\"@type\":\"CommentAction\",\"name\":\"Comment\",\"target\":[\"https:\/\/www.padreeustaquio.com.br\/romeiros-de-sao-gotardo-mg-visitam-o-santuario-e-memorial-pe-eustaquio-em-belo-horizonte\/#respond\"]}]},{\"@type\":\"WebPage\",\"@id\":\"https:\/\/www.padreeustaquio.com.br\/romeiros-de-sao-gotardo-mg-visitam-o-santuario-e-memorial-pe-eustaquio-em-belo-horizonte\/\",\"url\":\"https:\/\/www.padreeustaquio.com.br\/romeiros-de-sao-gotardo-mg-visitam-o-santuario-e-memorial-pe-eustaquio-em-belo-horizonte\/\",\"name\":\"Romeiros de S\u00e3o Gotardo-MG visitam o Santu\u00e1rio e Memorial Pe Eust\u00e1quio em Belo Horizonte\",\"isPartOf\":{\"@id\":\"https:\/\/www.padreeustaquio.com.br\/#website\"},\"primaryImageOfPage\":{\"@id\":\"https:\/\/www.padreeustaquio.com.br\/romeiros-de-sao-gotardo-mg-visitam-o-santuario-e-memorial-pe-eustaquio-em-belo-horizonte\/#primaryimage\"},\"image\":{\"@id\":\"https:\/\/www.padreeustaquio.com.br\/romeiros-de-sao-gotardo-mg-visitam-o-santuario-e-memorial-pe-eustaquio-em-belo-horizonte\/#primaryimage\"},\"thumbnailUrl\":\"https:\/\/www.padreeustaquio.com.br\/wp-content\/uploads\/2024\/07\/romeiros-de-sao-gotardo-minas-gerais-e1722426715258.jpeg\",\"datePublished\":\"2024-08-05T09:40:54+00:00\",\"description\":\"Essa semana cerca de 60 devotos do Beato Padre Eust\u00e1quio, da cidade de S\u00e3o Gotardo, no Alto Parana\u00edba mineiro, realizaram uma peregrina\u00e7\u00e3o ao Santu\u00e1rio da Sa\u00fade e da Paz, em Belo Horizonte. A excurs\u00e3o foi liderada pelo padre Fernando Ant\u00f4nio Coelho, da par\u00f3quia Nossa Senhora Aparecida, de S\u00e3o Gotardo.\",\"breadcrumb\":{\"@id\":\"https:\/\/www.padreeustaquio.com.br\/romeiros-de-sao-gotardo-mg-visitam-o-santuario-e-memorial-pe-eustaquio-em-belo-horizonte\/#breadcrumb\"},\"inLanguage\":\"en-US\",\"potentialAction\":[{\"@type\":\"ReadAction\",\"target\":[\"https:\/\/www.padreeustaquio.com.br\/romeiros-de-sao-gotardo-mg-visitam-o-santuario-e-memorial-pe-eustaquio-em-belo-horizonte\/\"]}]},{\"@type\":\"ImageObject\",\"inLanguage\":\"en-US\",\"@id\":\"https:\/\/www.padreeustaquio.com.br\/romeiros-de-sao-gotardo-mg-visitam-o-santuario-e-memorial-pe-eustaquio-em-belo-horizonte\/#primaryimage\",\"url\":\"https:\/\/www.padreeustaquio.com.br\/wp-content\/uploads\/2024\/07\/romeiros-de-sao-gotardo-minas-gerais-e1722426715258.jpeg\",\"contentUrl\":\"https:\/\/www.padreeustaquio.com.br\/wp-content\/uploads\/2024\/07\/romeiros-de-sao-gotardo-minas-gerais-e1722426715258.jpeg\",\"width\":1600,\"height\":909},{\"@type\":\"BreadcrumbList\",\"@id\":\"https:\/\/www.padreeustaquio.com.br\/romeiros-de-sao-gotardo-mg-visitam-o-santuario-e-memorial-pe-eustaquio-em-belo-horizonte\/#breadcrumb\",\"itemListElement\":[{\"@type\":\"ListItem\",\"position\":1,\"name\":\"In\u00edcio\",\"item\":\"https:\/\/www.padreeustaquio.com.br\/\"},{\"@type\":\"ListItem\",\"position\":2,\"name\":\"Romeiros de S\u00e3o Gotardo-MG visitam o Santu\u00e1rio e Memorial Pe Eust\u00e1quio em Belo Horizonte\"}]},{\"@type\":\"WebSite\",\"@id\":\"https:\/\/www.padreeustaquio.com.br\/#website\",\"url\":\"https:\/\/www.padreeustaquio.com.br\/\",\"name\":\"Padre Eust\u00e1quio\",\"description\":\"Sa\u00fade e Paz\",\"publisher\":{\"@id\":\"https:\/\/www.padreeustaquio.com.br\/#organization\"},\"potentialAction\":[{\"@type\":\"SearchAction\",\"target\":{\"@type\":\"EntryPoint\",\"urlTemplate\":\"https:\/\/www.padreeustaquio.com.br\/?s={search_term_string}\"},\"query-input\":{\"@type\":\"PropertyValueSpecification\",\"valueRequired\":true,\"valueName\":\"search_term_string\"}}],\"inLanguage\":\"en-US\"},{\"@type\":\"Organization\",\"@id\":\"https:\/\/www.padreeustaquio.com.br\/#organization\",\"name\":\"Padre Eust\u00e1quio\",\"url\":\"https:\/\/www.padreeustaquio.com.br\/\",\"logo\":{\"@type\":\"ImageObject\",\"inLanguage\":\"en-US\",\"@id\":\"https:\/\/www.padreeustaquio.com.br\/#\/schema\/logo\/image\/\",\"url\":\"https:\/\/www.padreeustaquio.com.br\/wp-content\/uploads\/2019\/08\/marca.png\",\"contentUrl\":\"https:\/\/www.padreeustaquio.com.br\/wp-content\/uploads\/2019\/08\/marca.png\",\"width\":350,\"height\":400,\"caption\":\"Padre Eust\u00e1quio\"},\"image\":{\"@id\":\"https:\/\/www.padreeustaquio.com.br\/#\/schema\/logo\/image\/\"},\"sameAs\":[\"https:\/\/www.facebook.com\/beatopadreeustaquio\/\",\"https:\/\/x.com\/beatopeustaquio\",\"https:\/\/www.instagram.com\/beatopadreeustaquio\/\",\"https:\/\/www.youtube.com\/channel\/UCRhw7vfabnajwLxb1ZXMeIw\"]},{\"@type\":\"Person\",\"@id\":\"https:\/\/www.padreeustaquio.com.br\/#\/schema\/person\/a2a51db1d00f1a7af0204a0f1ddb1566\",\"name\":\"@sscc\",\"image\":{\"@type\":\"ImageObject\",\"inLanguage\":\"en-US\",\"@id\":\"https:\/\/secure.gravatar.com\/avatar\/68cfafa5f44617fea54071e215026e0ff06be366c3d54a8425f04fdcb86f8c5f?s=96&d=mm&r=g\",\"url\":\"https:\/\/secure.gravatar.com\/avatar\/68cfafa5f44617fea54071e215026e0ff06be366c3d54a8425f04fdcb86f8c5f?s=96&d=mm&r=g\",\"contentUrl\":\"https:\/\/secure.gravatar.com\/avatar\/68cfafa5f44617fea54071e215026e0ff06be366c3d54a8425f04fdcb86f8c5f?s=96&d=mm&r=g\",\"caption\":\"@sscc\"},\"url\":\"https:\/\/www.padreeustaquio.com.br\/en\/author\/sscc\/\"}]}<\/script>\n<!-- \/ Yoast SEO plugin. -->","yoast_head_json":{"title":"Pilgrims from S\u00e3o Gotardo-MG visit the Padre Eust\u00e1quio Sanctuary and Memorial in Belo Horizonte.","description":"This week, approximately 60 devotees of Blessed Father Eust\u00e1quio, from the city of S\u00e3o Gotardo in the Alto Parana\u00edba region of Minas Gerais, made a pilgrimage to the Sanctuary of Health and Peace in Belo Horizonte. The excursion was led by Father Fernando Ant\u00f4nio Coelho, from the Nossa Senhora Aparecida parish in S\u00e3o Gotardo.","robots":{"index":"index","follow":"follow","max-snippet":"max-snippet:-1","max-image-preview":"max-image-preview:large","max-video-preview":"max-video-preview:-1"},"canonical":"https:\/\/www.padreeustaquio.com.br\/en\/pilgrims-from-sao-gotardo-minas-gerais-visit-the-father-eustaquio-sanctuary-and-memorial-in-belo-horizonte\/","og_locale":"en_US","og_type":"article","og_title":"Romeiros de S\u00e3o Gotardo-MG visitam o Santu\u00e1rio e Memorial Pe Eust\u00e1quio em Belo Horizonte","og_description":"Essa semana cerca de 60 devotos do Beato Padre Eust\u00e1quio, da cidade de S\u00e3o Gotardo, no Alto Parana\u00edba mineiro, realizaram uma peregrina\u00e7\u00e3o ao Santu\u00e1rio da Sa\u00fade e da Paz, em Belo Horizonte. A excurs\u00e3o foi liderada pelo padre Fernando Ant\u00f4nio Coelho, da par\u00f3quia Nossa Senhora Aparecida, de S\u00e3o Gotardo.","og_url":"https:\/\/www.padreeustaquio.com.br\/en\/pilgrims-from-sao-gotardo-minas-gerais-visit-the-father-eustaquio-sanctuary-and-memorial-in-belo-horizonte\/","og_site_name":"Padre Eust\u00e1quio","article_publisher":"https:\/\/www.facebook.com\/beatopadreeustaquio\/","article_published_time":"2024-08-05T09:40:54+00:00","og_image":[{"width":1600,"height":909,"url":"https:\/\/www.padreeustaquio.com.br\/wp-content\/uploads\/2024\/07\/romeiros-de-sao-gotardo-minas-gerais-e1722426715258.jpeg","type":"image\/jpeg"}],"author":"@sscc","twitter_card":"summary_large_image","twitter_creator":"@beatopeustaquio","twitter_site":"@beatopeustaquio","twitter_misc":{"Written by":"@sscc","Est. reading time":"2 minutes"},"schema":{"@context":"https:\/\/schema.org","@graph":[{"@type":"Article","@id":"https:\/\/www.padreeustaquio.com.br\/romeiros-de-sao-gotardo-mg-visitam-o-santuario-e-memorial-pe-eustaquio-em-belo-horizonte\/#article","isPartOf":{"@id":"https:\/\/www.padreeustaquio.com.br\/romeiros-de-sao-gotardo-mg-visitam-o-santuario-e-memorial-pe-eustaquio-em-belo-horizonte\/"},"author":{"name":"@sscc","@id":"https:\/\/www.padreeustaquio.com.br\/#\/schema\/person\/a2a51db1d00f1a7af0204a0f1ddb1566"},"headline":"Romeiros de S\u00e3o Gotardo-MG visitam o Santu\u00e1rio e Memorial Pe Eust\u00e1quio em Belo Horizonte","datePublished":"2024-08-05T09:40:54+00:00","mainEntityOfPage":{"@id":"https:\/\/www.padreeustaquio.com.br\/romeiros-de-sao-gotardo-mg-visitam-o-santuario-e-memorial-pe-eustaquio-em-belo-horizonte\/"},"wordCount":237,"commentCount":0,"publisher":{"@id":"https:\/\/www.padreeustaquio.com.br\/#organization"},"image":{"@id":"https:\/\/www.padreeustaquio.com.br\/romeiros-de-sao-gotardo-mg-visitam-o-santuario-e-memorial-pe-eustaquio-em-belo-horizonte\/#primaryimage"},"thumbnailUrl":"https:\/\/www.padreeustaquio.com.br\/wp-content\/uploads\/2024\/07\/romeiros-de-sao-gotardo-minas-gerais-e1722426715258.jpeg","articleSection":["Not\u00edcias"],"inLanguage":"en-US","potentialAction":[{"@type":"CommentAction","name":"Comment","target":["https:\/\/www.padreeustaquio.com.br\/romeiros-de-sao-gotardo-mg-visitam-o-santuario-e-memorial-pe-eustaquio-em-belo-horizonte\/#respond"]}]},{"@type":"WebPage","@id":"https:\/\/www.padreeustaquio.com.br\/romeiros-de-sao-gotardo-mg-visitam-o-santuario-e-memorial-pe-eustaquio-em-belo-horizonte\/","url":"https:\/\/www.padreeustaquio.com.br\/romeiros-de-sao-gotardo-mg-visitam-o-santuario-e-memorial-pe-eustaquio-em-belo-horizonte\/","name":"Pilgrims from S\u00e3o Gotardo-MG visit the Padre Eust\u00e1quio Sanctuary and Memorial in Belo Horizonte.","isPartOf":{"@id":"https:\/\/www.padreeustaquio.com.br\/#website"},"primaryImageOfPage":{"@id":"https:\/\/www.padreeustaquio.com.br\/romeiros-de-sao-gotardo-mg-visitam-o-santuario-e-memorial-pe-eustaquio-em-belo-horizonte\/#primaryimage"},"image":{"@id":"https:\/\/www.padreeustaquio.com.br\/romeiros-de-sao-gotardo-mg-visitam-o-santuario-e-memorial-pe-eustaquio-em-belo-horizonte\/#primaryimage"},"thumbnailUrl":"https:\/\/www.padreeustaquio.com.br\/wp-content\/uploads\/2024\/07\/romeiros-de-sao-gotardo-minas-gerais-e1722426715258.jpeg","datePublished":"2024-08-05T09:40:54+00:00","description":"This week, approximately 60 devotees of Blessed Father Eust\u00e1quio, from the city of S\u00e3o Gotardo in the Alto Parana\u00edba region of Minas Gerais, made a pilgrimage to the Sanctuary of Health and Peace in Belo Horizonte. The excursion was led by Father Fernando Ant\u00f4nio Coelho, from the Nossa Senhora Aparecida parish in S\u00e3o Gotardo.","breadcrumb":{"@id":"https:\/\/www.padreeustaquio.com.br\/romeiros-de-sao-gotardo-mg-visitam-o-santuario-e-memorial-pe-eustaquio-em-belo-horizonte\/#breadcrumb"},"inLanguage":"en-US","potentialAction":[{"@type":"ReadAction","target":["https:\/\/www.padreeustaquio.com.br\/romeiros-de-sao-gotardo-mg-visitam-o-santuario-e-memorial-pe-eustaquio-em-belo-horizonte\/"]}]},{"@type":"ImageObject","inLanguage":"en-US","@id":"https:\/\/www.padreeustaquio.com.br\/romeiros-de-sao-gotardo-mg-visitam-o-santuario-e-memorial-pe-eustaquio-em-belo-horizonte\/#primaryimage","url":"https:\/\/www.padreeustaquio.com.br\/wp-content\/uploads\/2024\/07\/romeiros-de-sao-gotardo-minas-gerais-e1722426715258.jpeg","contentUrl":"https:\/\/www.padreeustaquio.com.br\/wp-content\/uploads\/2024\/07\/romeiros-de-sao-gotardo-minas-gerais-e1722426715258.jpeg","width":1600,"height":909},{"@type":"BreadcrumbList","@id":"https:\/\/www.padreeustaquio.com.br\/romeiros-de-sao-gotardo-mg-visitam-o-santuario-e-memorial-pe-eustaquio-em-belo-horizonte\/#breadcrumb","itemListElement":[{"@type":"ListItem","position":1,"name":"In\u00edcio","item":"https:\/\/www.padreeustaquio.com.br\/"},{"@type":"ListItem","position":2,"name":"Romeiros de S\u00e3o Gotardo-MG visitam o Santu\u00e1rio e Memorial Pe Eust\u00e1quio em Belo Horizonte"}]},{"@type":"WebSite","@id":"https:\/\/www.padreeustaquio.com.br\/#website","url":"https:\/\/www.padreeustaquio.com.br\/","name":"FATHER EUST\u00c1QUIO","description":"Health and Peace","publisher":{"@id":"https:\/\/www.padreeustaquio.com.br\/#organization"},"potentialAction":[{"@type":"SearchAction","target":{"@type":"EntryPoint","urlTemplate":"https:\/\/www.padreeustaquio.com.br\/?s={search_term_string}"},"query-input":{"@type":"PropertyValueSpecification","valueRequired":true,"valueName":"search_term_string"}}],"inLanguage":"en-US"},{"@type":"Organization","@id":"https:\/\/www.padreeustaquio.com.br\/#organization","name":"FATHER EUST\u00c1QUIO","url":"https:\/\/www.padreeustaquio.com.br\/","logo":{"@type":"ImageObject","inLanguage":"en-US","@id":"https:\/\/www.padreeustaquio.com.br\/#\/schema\/logo\/image\/","url":"https:\/\/www.padreeustaquio.com.br\/wp-content\/uploads\/2019\/08\/marca.png","contentUrl":"https:\/\/www.padreeustaquio.com.br\/wp-content\/uploads\/2019\/08\/marca.png","width":350,"height":400,"caption":"Padre Eust\u00e1quio"},"image":{"@id":"https:\/\/www.padreeustaquio.com.br\/#\/schema\/logo\/image\/"},"sameAs":["https:\/\/www.facebook.com\/beatopadreeustaquio\/","https:\/\/x.com\/beatopeustaquio","https:\/\/www.instagram.com\/beatopadreeustaquio\/","https:\/\/www.youtube.com\/channel\/UCRhw7vfabnajwLxb1ZXMeIw"]},{"@type":"Person","@id":"https:\/\/www.padreeustaquio.com.br\/#\/schema\/person\/a2a51db1d00f1a7af0204a0f1ddb1566","name":"@sscc","image":{"@type":"ImageObject","inLanguage":"en-US","@id":"https:\/\/secure.gravatar.com\/avatar\/68cfafa5f44617fea54071e215026e0ff06be366c3d54a8425f04fdcb86f8c5f?s=96&d=mm&r=g","url":"https:\/\/secure.gravatar.com\/avatar\/68cfafa5f44617fea54071e215026e0ff06be366c3d54a8425f04fdcb86f8c5f?s=96&d=mm&r=g","contentUrl":"https:\/\/secure.gravatar.com\/avatar\/68cfafa5f44617fea54071e215026e0ff06be366c3d54a8425f04fdcb86f8c5f?s=96&d=mm&r=g","caption":"@sscc"},"url":"https:\/\/www.padreeustaquio.com.br\/en\/author\/sscc\/"}]}},"_links":{"self":[{"href":"https:\/\/www.padreeustaquio.com.br\/en\/wp-json\/wp\/v2\/posts\/11489","targetHints":{"allow":["GET"]}}],"collection":[{"href":"https:\/\/www.padreeustaquio.com.br\/en\/wp-json\/wp\/v2\/posts"}],"about":[{"href":"https:\/\/www.padreeustaquio.com.br\/en\/wp-json\/wp\/v2\/types\/post"}],"author":[{"embeddable":true,"href":"https:\/\/www.padreeustaquio.com.br\/en\/wp-json\/wp\/v2\/users\/2"}],"replies":[{"embeddable":true,"href":"https:\/\/www.padreeustaquio.com.br\/en\/wp-json\/wp\/v2\/comments?post=11489"}],"version-history":[{"count":0,"href":"https:\/\/www.padreeustaquio.com.br\/en\/wp-json\/wp\/v2\/posts\/11489\/revisions"}],"wp:featuredmedia":[{"embeddable":true,"href":"https:\/\/www.padreeustaquio.com.br\/en\/wp-json\/wp\/v2\/media\/11490"}],"wp:attachment":[{"href":"https:\/\/www.padreeustaquio.com.br\/en\/wp-json\/wp\/v2\/media?parent=11489"}],"wp:term":[{"taxonomy":"category","embeddable":true,"href":"https:\/\/www.padreeustaquio.com.br\/en\/wp-json\/wp\/v2\/categories?post=11489"},{"taxonomy":"post_tag","embeddable":true,"href":"https:\/\/www.padreeustaquio.com.br\/en\/wp-json\/wp\/v2\/tags?post=11489"}],"curies":[{"name":"wp","href":"https:\/\/api.w.org\/{rel}","templated":true}]}}