{"id":11486,"date":"2024-08-02T06:33:03","date_gmt":"2024-08-02T09:33:03","guid":{"rendered":"https:\/\/www.padreeustaquio.com.br\/?p=11486"},"modified":"2024-07-31T08:39:02","modified_gmt":"2024-07-31T11:39:02","slug":"the-parish-of-sao-damiao-in-patrocinio-mg-announces-the-program-for-the-month-of-father-eustaquio","status":"publish","type":"post","link":"https:\/\/www.padreeustaquio.com.br\/en\/the-parish-of-sao-damiao-in-patrocinio-mg-announces-the-program-for-the-month-of-father-eustaquio\/","title":{"rendered":"The S\u00e3o Dami\u00e3o Parish in Patroc\u00ednio\/MG announces the program for the month of Father Eust\u00e1quio."},"content":{"rendered":"<p>August is a special month for devotees of Father Eustace, and it&#039;s no different for the Blessed Eustace community of the S\u00e3o Dami\u00e3o de Molokai Parish in Patroc\u00ednio\/MG. Various activities and religious celebrations are planned to strengthen the faith and devotion of the faithful.<\/p>\n<p>The festivities begin with the Novena to Father Eust\u00e1quio, which will take place in the homes of community members on the following dates: August 2, 5, 7, 9, 12, 14, 19, 21, and 23. The three-day novena will be held at the Church of Our Lady of Fatima from August 27 to 29.<\/p>\n<p>The highlight of the celebrations will take place on August 30th, the feast day of Blessed Father Eustace, which will also be celebrated at Our Lady of Fatima Church, with the following activities:<\/p>\n<p>Mass with blessing for health and peace at 7 am.<br \/>\nMass with procession and blessing for health and peace at 7 PM.<\/p>\n<p>To find out the location of each day of the novena and the participating groups during the three days of the triduum, visit Instagram. <a href=\"https:\/\/www.instagram.com\/beatoeustaquioptc\/\">@beatoesutaquioptc<\/a>.<\/p>","protected":false},"excerpt":{"rendered":"<p>Agosto \u00e9 um m\u00eas especial para os devotos do Padre Eust\u00e1quio e n\u00e3o \u00e9 diferente para a comunidade Beato Eust\u00e1quio, da Par\u00f3quia S\u00e3o Dami\u00e3o de Molokai, em Patroc\u00ednio\/MG. Diversas atividades e celebra\u00e7\u00f5es religiosas est\u00e3o programadas para fortalecer a f\u00e9 e a devo\u00e7\u00e3o dos fi\u00e9is. As festividades come\u00e7am com a Novena a Padre Eust\u00e1quio, que ocorrer\u00e1 na casa de fi\u00e9is da comunidade, nos dias: 2, 5, 7, 9, 12, 14, 19, 21 e 23 de agosto. O tr\u00edduo ser\u00e1 realizado na Igreja Nossa Senhora de F\u00e1tima do dia 27 ao dia 29 de agosto. O ponto alto das celebra\u00e7\u00f5es ocorrer\u00e1 no [&hellip;]<\/p>\n","protected":false},"author":2,"featured_media":11487,"comment_status":"open","ping_status":"closed","sticky":false,"template":"","format":"standard","meta":{"_acf_changed":false,"footnotes":""},"categories":[611],"tags":[],"class_list":["post-11486","post","type-post","status-publish","format-standard","has-post-thumbnail","hentry","category-noticias"],"acf":[],"yoast_head":"<!-- This site is optimized with the Yoast SEO plugin v27.2 - https:\/\/yoast.com\/product\/yoast-seo-wordpress\/ -->\n<title>Par\u00f3quia S\u00e3o Dami\u00e3o, em Patroc\u00ednio\/MG divulga programa\u00e7\u00e3o do m\u00eas de Pe. Eust\u00e1quio<\/title>\n<meta name=\"description\" content=\"Agosto \u00e9 um m\u00eas especial para os devotos do Padre Eust\u00e1quio e n\u00e3o \u00e9 diferente para a comunidade Beato Eust\u00e1quio, da Par\u00f3quia S\u00e3o Dami\u00e3o de Molokai, em Patroc\u00ednio\/MG. Diversas atividades e celebra\u00e7\u00f5es religiosas est\u00e3o programadas para fortalecer a f\u00e9 e a devo\u00e7\u00e3o dos fi\u00e9is.\" \/>\n<meta name=\"robots\" content=\"index, follow, max-snippet:-1, max-image-preview:large, max-video-preview:-1\" \/>\n<link rel=\"canonical\" href=\"https:\/\/www.padreeustaquio.com.br\/en\/the-parish-of-sao-damiao-in-patrocinio-mg-announces-the-program-for-the-month-of-father-eustaquio\/\" \/>\n<meta property=\"og:locale\" content=\"en_US\" \/>\n<meta property=\"og:type\" content=\"article\" \/>\n<meta property=\"og:title\" content=\"Par\u00f3quia S\u00e3o Dami\u00e3o, em Patroc\u00ednio\/MG divulga programa\u00e7\u00e3o do m\u00eas de Pe. Eust\u00e1quio\" \/>\n<meta property=\"og:description\" content=\"Agosto \u00e9 um m\u00eas especial para os devotos do Padre Eust\u00e1quio e n\u00e3o \u00e9 diferente para a comunidade Beato Eust\u00e1quio, da Par\u00f3quia S\u00e3o Dami\u00e3o de Molokai, em Patroc\u00ednio\/MG. Diversas atividades e celebra\u00e7\u00f5es religiosas est\u00e3o programadas para fortalecer a f\u00e9 e a devo\u00e7\u00e3o dos fi\u00e9is.\" \/>\n<meta property=\"og:url\" content=\"https:\/\/www.padreeustaquio.com.br\/en\/the-parish-of-sao-damiao-in-patrocinio-mg-announces-the-program-for-the-month-of-father-eustaquio\/\" \/>\n<meta property=\"og:site_name\" content=\"Padre Eust\u00e1quio\" \/>\n<meta property=\"article:publisher\" content=\"https:\/\/www.facebook.com\/beatopadreeustaquio\/\" \/>\n<meta property=\"article:published_time\" content=\"2024-08-02T09:33:03+00:00\" \/>\n<meta property=\"og:image\" content=\"https:\/\/www.padreeustaquio.com.br\/wp-content\/uploads\/2024\/07\/igreja-nossa-senhora-de-fatima-ptc.jpeg\" \/>\n\t<meta property=\"og:image:width\" content=\"500\" \/>\n\t<meta property=\"og:image:height\" content=\"350\" \/>\n\t<meta property=\"og:image:type\" content=\"image\/jpeg\" \/>\n<meta name=\"author\" content=\"@sscc\" \/>\n<meta name=\"twitter:card\" content=\"summary_large_image\" \/>\n<meta name=\"twitter:creator\" content=\"@beatopeustaquio\" \/>\n<meta name=\"twitter:site\" content=\"@beatopeustaquio\" \/>\n<meta name=\"twitter:label1\" content=\"Written by\" \/>\n\t<meta name=\"twitter:data1\" content=\"@sscc\" \/>\n\t<meta name=\"twitter:label2\" content=\"Est. reading time\" \/>\n\t<meta name=\"twitter:data2\" content=\"2 minutes\" \/>\n<script type=\"application\/ld+json\" class=\"yoast-schema-graph\">{\"@context\":\"https:\/\/schema.org\",\"@graph\":[{\"@type\":\"Article\",\"@id\":\"https:\/\/www.padreeustaquio.com.br\/paroquia-sao-damiao-em-patrocinio-mg-divulga-programacao-do-mes-de-pe-eustaquio\/#article\",\"isPartOf\":{\"@id\":\"https:\/\/www.padreeustaquio.com.br\/paroquia-sao-damiao-em-patrocinio-mg-divulga-programacao-do-mes-de-pe-eustaquio\/\"},\"author\":{\"name\":\"@sscc\",\"@id\":\"https:\/\/www.padreeustaquio.com.br\/#\/schema\/person\/a2a51db1d00f1a7af0204a0f1ddb1566\"},\"headline\":\"Par\u00f3quia S\u00e3o Dami\u00e3o, em Patroc\u00ednio\/MG divulga programa\u00e7\u00e3o do m\u00eas de Pe. Eust\u00e1quio\",\"datePublished\":\"2024-08-02T09:33:03+00:00\",\"mainEntityOfPage\":{\"@id\":\"https:\/\/www.padreeustaquio.com.br\/paroquia-sao-damiao-em-patrocinio-mg-divulga-programacao-do-mes-de-pe-eustaquio\/\"},\"wordCount\":204,\"commentCount\":0,\"publisher\":{\"@id\":\"https:\/\/www.padreeustaquio.com.br\/#organization\"},\"image\":{\"@id\":\"https:\/\/www.padreeustaquio.com.br\/paroquia-sao-damiao-em-patrocinio-mg-divulga-programacao-do-mes-de-pe-eustaquio\/#primaryimage\"},\"thumbnailUrl\":\"https:\/\/www.padreeustaquio.com.br\/wp-content\/uploads\/2024\/07\/igreja-nossa-senhora-de-fatima-ptc.jpeg\",\"articleSection\":[\"Not\u00edcias\"],\"inLanguage\":\"en-US\",\"potentialAction\":[{\"@type\":\"CommentAction\",\"name\":\"Comment\",\"target\":[\"https:\/\/www.padreeustaquio.com.br\/paroquia-sao-damiao-em-patrocinio-mg-divulga-programacao-do-mes-de-pe-eustaquio\/#respond\"]}]},{\"@type\":\"WebPage\",\"@id\":\"https:\/\/www.padreeustaquio.com.br\/paroquia-sao-damiao-em-patrocinio-mg-divulga-programacao-do-mes-de-pe-eustaquio\/\",\"url\":\"https:\/\/www.padreeustaquio.com.br\/paroquia-sao-damiao-em-patrocinio-mg-divulga-programacao-do-mes-de-pe-eustaquio\/\",\"name\":\"Par\u00f3quia S\u00e3o Dami\u00e3o, em Patroc\u00ednio\/MG divulga programa\u00e7\u00e3o do m\u00eas de Pe. Eust\u00e1quio\",\"isPartOf\":{\"@id\":\"https:\/\/www.padreeustaquio.com.br\/#website\"},\"primaryImageOfPage\":{\"@id\":\"https:\/\/www.padreeustaquio.com.br\/paroquia-sao-damiao-em-patrocinio-mg-divulga-programacao-do-mes-de-pe-eustaquio\/#primaryimage\"},\"image\":{\"@id\":\"https:\/\/www.padreeustaquio.com.br\/paroquia-sao-damiao-em-patrocinio-mg-divulga-programacao-do-mes-de-pe-eustaquio\/#primaryimage\"},\"thumbnailUrl\":\"https:\/\/www.padreeustaquio.com.br\/wp-content\/uploads\/2024\/07\/igreja-nossa-senhora-de-fatima-ptc.jpeg\",\"datePublished\":\"2024-08-02T09:33:03+00:00\",\"description\":\"Agosto \u00e9 um m\u00eas especial para os devotos do Padre Eust\u00e1quio e n\u00e3o \u00e9 diferente para a comunidade Beato Eust\u00e1quio, da Par\u00f3quia S\u00e3o Dami\u00e3o de Molokai, em Patroc\u00ednio\/MG. Diversas atividades e celebra\u00e7\u00f5es religiosas est\u00e3o programadas para fortalecer a f\u00e9 e a devo\u00e7\u00e3o dos fi\u00e9is.\",\"breadcrumb\":{\"@id\":\"https:\/\/www.padreeustaquio.com.br\/paroquia-sao-damiao-em-patrocinio-mg-divulga-programacao-do-mes-de-pe-eustaquio\/#breadcrumb\"},\"inLanguage\":\"en-US\",\"potentialAction\":[{\"@type\":\"ReadAction\",\"target\":[\"https:\/\/www.padreeustaquio.com.br\/paroquia-sao-damiao-em-patrocinio-mg-divulga-programacao-do-mes-de-pe-eustaquio\/\"]}]},{\"@type\":\"ImageObject\",\"inLanguage\":\"en-US\",\"@id\":\"https:\/\/www.padreeustaquio.com.br\/paroquia-sao-damiao-em-patrocinio-mg-divulga-programacao-do-mes-de-pe-eustaquio\/#primaryimage\",\"url\":\"https:\/\/www.padreeustaquio.com.br\/wp-content\/uploads\/2024\/07\/igreja-nossa-senhora-de-fatima-ptc.jpeg\",\"contentUrl\":\"https:\/\/www.padreeustaquio.com.br\/wp-content\/uploads\/2024\/07\/igreja-nossa-senhora-de-fatima-ptc.jpeg\",\"width\":500,\"height\":350},{\"@type\":\"BreadcrumbList\",\"@id\":\"https:\/\/www.padreeustaquio.com.br\/paroquia-sao-damiao-em-patrocinio-mg-divulga-programacao-do-mes-de-pe-eustaquio\/#breadcrumb\",\"itemListElement\":[{\"@type\":\"ListItem\",\"position\":1,\"name\":\"In\u00edcio\",\"item\":\"https:\/\/www.padreeustaquio.com.br\/\"},{\"@type\":\"ListItem\",\"position\":2,\"name\":\"Par\u00f3quia S\u00e3o Dami\u00e3o, em Patroc\u00ednio\/MG divulga programa\u00e7\u00e3o do m\u00eas de Pe. Eust\u00e1quio\"}]},{\"@type\":\"WebSite\",\"@id\":\"https:\/\/www.padreeustaquio.com.br\/#website\",\"url\":\"https:\/\/www.padreeustaquio.com.br\/\",\"name\":\"Padre Eust\u00e1quio\",\"description\":\"Sa\u00fade e Paz\",\"publisher\":{\"@id\":\"https:\/\/www.padreeustaquio.com.br\/#organization\"},\"potentialAction\":[{\"@type\":\"SearchAction\",\"target\":{\"@type\":\"EntryPoint\",\"urlTemplate\":\"https:\/\/www.padreeustaquio.com.br\/?s={search_term_string}\"},\"query-input\":{\"@type\":\"PropertyValueSpecification\",\"valueRequired\":true,\"valueName\":\"search_term_string\"}}],\"inLanguage\":\"en-US\"},{\"@type\":\"Organization\",\"@id\":\"https:\/\/www.padreeustaquio.com.br\/#organization\",\"name\":\"Padre Eust\u00e1quio\",\"url\":\"https:\/\/www.padreeustaquio.com.br\/\",\"logo\":{\"@type\":\"ImageObject\",\"inLanguage\":\"en-US\",\"@id\":\"https:\/\/www.padreeustaquio.com.br\/#\/schema\/logo\/image\/\",\"url\":\"https:\/\/www.padreeustaquio.com.br\/wp-content\/uploads\/2019\/08\/marca.png\",\"contentUrl\":\"https:\/\/www.padreeustaquio.com.br\/wp-content\/uploads\/2019\/08\/marca.png\",\"width\":350,\"height\":400,\"caption\":\"Padre Eust\u00e1quio\"},\"image\":{\"@id\":\"https:\/\/www.padreeustaquio.com.br\/#\/schema\/logo\/image\/\"},\"sameAs\":[\"https:\/\/www.facebook.com\/beatopadreeustaquio\/\",\"https:\/\/x.com\/beatopeustaquio\",\"https:\/\/www.instagram.com\/beatopadreeustaquio\/\",\"https:\/\/www.youtube.com\/channel\/UCRhw7vfabnajwLxb1ZXMeIw\"]},{\"@type\":\"Person\",\"@id\":\"https:\/\/www.padreeustaquio.com.br\/#\/schema\/person\/a2a51db1d00f1a7af0204a0f1ddb1566\",\"name\":\"@sscc\",\"image\":{\"@type\":\"ImageObject\",\"inLanguage\":\"en-US\",\"@id\":\"https:\/\/secure.gravatar.com\/avatar\/68cfafa5f44617fea54071e215026e0ff06be366c3d54a8425f04fdcb86f8c5f?s=96&d=mm&r=g\",\"url\":\"https:\/\/secure.gravatar.com\/avatar\/68cfafa5f44617fea54071e215026e0ff06be366c3d54a8425f04fdcb86f8c5f?s=96&d=mm&r=g\",\"contentUrl\":\"https:\/\/secure.gravatar.com\/avatar\/68cfafa5f44617fea54071e215026e0ff06be366c3d54a8425f04fdcb86f8c5f?s=96&d=mm&r=g\",\"caption\":\"@sscc\"},\"url\":\"https:\/\/www.padreeustaquio.com.br\/en\/author\/sscc\/\"}]}<\/script>\n<!-- \/ Yoast SEO plugin. -->","yoast_head_json":{"title":"The S\u00e3o Dami\u00e3o Parish in Patroc\u00ednio\/MG announces the program for the month of Father Eust\u00e1quio.","description":"August is a special month for devotees of Father Eustace, and it&#039;s no different for the Blessed Eustace community of the S\u00e3o Dami\u00e3o de Molokai Parish in Patroc\u00ednio\/MG. Various activities and religious celebrations are planned to strengthen the faith and devotion of the faithful.","robots":{"index":"index","follow":"follow","max-snippet":"max-snippet:-1","max-image-preview":"max-image-preview:large","max-video-preview":"max-video-preview:-1"},"canonical":"https:\/\/www.padreeustaquio.com.br\/en\/the-parish-of-sao-damiao-in-patrocinio-mg-announces-the-program-for-the-month-of-father-eustaquio\/","og_locale":"en_US","og_type":"article","og_title":"Par\u00f3quia S\u00e3o Dami\u00e3o, em Patroc\u00ednio\/MG divulga programa\u00e7\u00e3o do m\u00eas de Pe. Eust\u00e1quio","og_description":"Agosto \u00e9 um m\u00eas especial para os devotos do Padre Eust\u00e1quio e n\u00e3o \u00e9 diferente para a comunidade Beato Eust\u00e1quio, da Par\u00f3quia S\u00e3o Dami\u00e3o de Molokai, em Patroc\u00ednio\/MG. Diversas atividades e celebra\u00e7\u00f5es religiosas est\u00e3o programadas para fortalecer a f\u00e9 e a devo\u00e7\u00e3o dos fi\u00e9is.","og_url":"https:\/\/www.padreeustaquio.com.br\/en\/the-parish-of-sao-damiao-in-patrocinio-mg-announces-the-program-for-the-month-of-father-eustaquio\/","og_site_name":"Padre Eust\u00e1quio","article_publisher":"https:\/\/www.facebook.com\/beatopadreeustaquio\/","article_published_time":"2024-08-02T09:33:03+00:00","og_image":[{"width":500,"height":350,"url":"https:\/\/www.padreeustaquio.com.br\/wp-content\/uploads\/2024\/07\/igreja-nossa-senhora-de-fatima-ptc.jpeg","type":"image\/jpeg"}],"author":"@sscc","twitter_card":"summary_large_image","twitter_creator":"@beatopeustaquio","twitter_site":"@beatopeustaquio","twitter_misc":{"Written by":"@sscc","Est. reading time":"2 minutes"},"schema":{"@context":"https:\/\/schema.org","@graph":[{"@type":"Article","@id":"https:\/\/www.padreeustaquio.com.br\/paroquia-sao-damiao-em-patrocinio-mg-divulga-programacao-do-mes-de-pe-eustaquio\/#article","isPartOf":{"@id":"https:\/\/www.padreeustaquio.com.br\/paroquia-sao-damiao-em-patrocinio-mg-divulga-programacao-do-mes-de-pe-eustaquio\/"},"author":{"name":"@sscc","@id":"https:\/\/www.padreeustaquio.com.br\/#\/schema\/person\/a2a51db1d00f1a7af0204a0f1ddb1566"},"headline":"Par\u00f3quia S\u00e3o Dami\u00e3o, em Patroc\u00ednio\/MG divulga programa\u00e7\u00e3o do m\u00eas de Pe. Eust\u00e1quio","datePublished":"2024-08-02T09:33:03+00:00","mainEntityOfPage":{"@id":"https:\/\/www.padreeustaquio.com.br\/paroquia-sao-damiao-em-patrocinio-mg-divulga-programacao-do-mes-de-pe-eustaquio\/"},"wordCount":204,"commentCount":0,"publisher":{"@id":"https:\/\/www.padreeustaquio.com.br\/#organization"},"image":{"@id":"https:\/\/www.padreeustaquio.com.br\/paroquia-sao-damiao-em-patrocinio-mg-divulga-programacao-do-mes-de-pe-eustaquio\/#primaryimage"},"thumbnailUrl":"https:\/\/www.padreeustaquio.com.br\/wp-content\/uploads\/2024\/07\/igreja-nossa-senhora-de-fatima-ptc.jpeg","articleSection":["Not\u00edcias"],"inLanguage":"en-US","potentialAction":[{"@type":"CommentAction","name":"Comment","target":["https:\/\/www.padreeustaquio.com.br\/paroquia-sao-damiao-em-patrocinio-mg-divulga-programacao-do-mes-de-pe-eustaquio\/#respond"]}]},{"@type":"WebPage","@id":"https:\/\/www.padreeustaquio.com.br\/paroquia-sao-damiao-em-patrocinio-mg-divulga-programacao-do-mes-de-pe-eustaquio\/","url":"https:\/\/www.padreeustaquio.com.br\/paroquia-sao-damiao-em-patrocinio-mg-divulga-programacao-do-mes-de-pe-eustaquio\/","name":"The S\u00e3o Dami\u00e3o Parish in Patroc\u00ednio\/MG announces the program for the month of Father Eust\u00e1quio.","isPartOf":{"@id":"https:\/\/www.padreeustaquio.com.br\/#website"},"primaryImageOfPage":{"@id":"https:\/\/www.padreeustaquio.com.br\/paroquia-sao-damiao-em-patrocinio-mg-divulga-programacao-do-mes-de-pe-eustaquio\/#primaryimage"},"image":{"@id":"https:\/\/www.padreeustaquio.com.br\/paroquia-sao-damiao-em-patrocinio-mg-divulga-programacao-do-mes-de-pe-eustaquio\/#primaryimage"},"thumbnailUrl":"https:\/\/www.padreeustaquio.com.br\/wp-content\/uploads\/2024\/07\/igreja-nossa-senhora-de-fatima-ptc.jpeg","datePublished":"2024-08-02T09:33:03+00:00","description":"August is a special month for devotees of Father Eustace, and it&#039;s no different for the Blessed Eustace community of the S\u00e3o Dami\u00e3o de Molokai Parish in Patroc\u00ednio\/MG. Various activities and religious celebrations are planned to strengthen the faith and devotion of the faithful.","breadcrumb":{"@id":"https:\/\/www.padreeustaquio.com.br\/paroquia-sao-damiao-em-patrocinio-mg-divulga-programacao-do-mes-de-pe-eustaquio\/#breadcrumb"},"inLanguage":"en-US","potentialAction":[{"@type":"ReadAction","target":["https:\/\/www.padreeustaquio.com.br\/paroquia-sao-damiao-em-patrocinio-mg-divulga-programacao-do-mes-de-pe-eustaquio\/"]}]},{"@type":"ImageObject","inLanguage":"en-US","@id":"https:\/\/www.padreeustaquio.com.br\/paroquia-sao-damiao-em-patrocinio-mg-divulga-programacao-do-mes-de-pe-eustaquio\/#primaryimage","url":"https:\/\/www.padreeustaquio.com.br\/wp-content\/uploads\/2024\/07\/igreja-nossa-senhora-de-fatima-ptc.jpeg","contentUrl":"https:\/\/www.padreeustaquio.com.br\/wp-content\/uploads\/2024\/07\/igreja-nossa-senhora-de-fatima-ptc.jpeg","width":500,"height":350},{"@type":"BreadcrumbList","@id":"https:\/\/www.padreeustaquio.com.br\/paroquia-sao-damiao-em-patrocinio-mg-divulga-programacao-do-mes-de-pe-eustaquio\/#breadcrumb","itemListElement":[{"@type":"ListItem","position":1,"name":"In\u00edcio","item":"https:\/\/www.padreeustaquio.com.br\/"},{"@type":"ListItem","position":2,"name":"Par\u00f3quia S\u00e3o Dami\u00e3o, em Patroc\u00ednio\/MG divulga programa\u00e7\u00e3o do m\u00eas de Pe. Eust\u00e1quio"}]},{"@type":"WebSite","@id":"https:\/\/www.padreeustaquio.com.br\/#website","url":"https:\/\/www.padreeustaquio.com.br\/","name":"FATHER EUST\u00c1QUIO","description":"Health and Peace","publisher":{"@id":"https:\/\/www.padreeustaquio.com.br\/#organization"},"potentialAction":[{"@type":"SearchAction","target":{"@type":"EntryPoint","urlTemplate":"https:\/\/www.padreeustaquio.com.br\/?s={search_term_string}"},"query-input":{"@type":"PropertyValueSpecification","valueRequired":true,"valueName":"search_term_string"}}],"inLanguage":"en-US"},{"@type":"Organization","@id":"https:\/\/www.padreeustaquio.com.br\/#organization","name":"FATHER EUST\u00c1QUIO","url":"https:\/\/www.padreeustaquio.com.br\/","logo":{"@type":"ImageObject","inLanguage":"en-US","@id":"https:\/\/www.padreeustaquio.com.br\/#\/schema\/logo\/image\/","url":"https:\/\/www.padreeustaquio.com.br\/wp-content\/uploads\/2019\/08\/marca.png","contentUrl":"https:\/\/www.padreeustaquio.com.br\/wp-content\/uploads\/2019\/08\/marca.png","width":350,"height":400,"caption":"Padre Eust\u00e1quio"},"image":{"@id":"https:\/\/www.padreeustaquio.com.br\/#\/schema\/logo\/image\/"},"sameAs":["https:\/\/www.facebook.com\/beatopadreeustaquio\/","https:\/\/x.com\/beatopeustaquio","https:\/\/www.instagram.com\/beatopadreeustaquio\/","https:\/\/www.youtube.com\/channel\/UCRhw7vfabnajwLxb1ZXMeIw"]},{"@type":"Person","@id":"https:\/\/www.padreeustaquio.com.br\/#\/schema\/person\/a2a51db1d00f1a7af0204a0f1ddb1566","name":"@sscc","image":{"@type":"ImageObject","inLanguage":"en-US","@id":"https:\/\/secure.gravatar.com\/avatar\/68cfafa5f44617fea54071e215026e0ff06be366c3d54a8425f04fdcb86f8c5f?s=96&d=mm&r=g","url":"https:\/\/secure.gravatar.com\/avatar\/68cfafa5f44617fea54071e215026e0ff06be366c3d54a8425f04fdcb86f8c5f?s=96&d=mm&r=g","contentUrl":"https:\/\/secure.gravatar.com\/avatar\/68cfafa5f44617fea54071e215026e0ff06be366c3d54a8425f04fdcb86f8c5f?s=96&d=mm&r=g","caption":"@sscc"},"url":"https:\/\/www.padreeustaquio.com.br\/en\/author\/sscc\/"}]}},"_links":{"self":[{"href":"https:\/\/www.padreeustaquio.com.br\/en\/wp-json\/wp\/v2\/posts\/11486","targetHints":{"allow":["GET"]}}],"collection":[{"href":"https:\/\/www.padreeustaquio.com.br\/en\/wp-json\/wp\/v2\/posts"}],"about":[{"href":"https:\/\/www.padreeustaquio.com.br\/en\/wp-json\/wp\/v2\/types\/post"}],"author":[{"embeddable":true,"href":"https:\/\/www.padreeustaquio.com.br\/en\/wp-json\/wp\/v2\/users\/2"}],"replies":[{"embeddable":true,"href":"https:\/\/www.padreeustaquio.com.br\/en\/wp-json\/wp\/v2\/comments?post=11486"}],"version-history":[{"count":0,"href":"https:\/\/www.padreeustaquio.com.br\/en\/wp-json\/wp\/v2\/posts\/11486\/revisions"}],"wp:featuredmedia":[{"embeddable":true,"href":"https:\/\/www.padreeustaquio.com.br\/en\/wp-json\/wp\/v2\/media\/11487"}],"wp:attachment":[{"href":"https:\/\/www.padreeustaquio.com.br\/en\/wp-json\/wp\/v2\/media?parent=11486"}],"wp:term":[{"taxonomy":"category","embeddable":true,"href":"https:\/\/www.padreeustaquio.com.br\/en\/wp-json\/wp\/v2\/categories?post=11486"},{"taxonomy":"post_tag","embeddable":true,"href":"https:\/\/www.padreeustaquio.com.br\/en\/wp-json\/wp\/v2\/tags?post=11486"}],"curies":[{"name":"wp","href":"https:\/\/api.w.org\/{rel}","templated":true}]}}