{"id":11450,"date":"2024-07-11T08:52:01","date_gmt":"2024-07-11T11:52:01","guid":{"rendered":"https:\/\/www.padreeustaquio.com.br\/?p=11450"},"modified":"2024-07-11T08:52:46","modified_gmt":"2024-07-11T11:52:46","slug":"the-story-of-the-blessed-one-father-eustaquios-visit-to-the-monastery-of-sao-bento-in-rio-de-janeiro","status":"publish","type":"post","link":"https:\/\/www.padreeustaquio.com.br\/en\/the-story-of-the-blessed-one-father-eustaquios-visit-to-the-monastery-of-sao-bento-in-rio-de-janeiro\/","title":{"rendered":"The Story of the Blessed: Father Eust\u00e1quio&#039;s Visit to the Monastery of S\u00e3o Bento in Rio de Janeiro"},"content":{"rendered":"<p>Today we celebrate the feast day of Saint Benedict, one of the most venerated saints in the Catholic Church. And, amidst these celebrations, it is interesting to recall a remarkable episode involving Father Eust\u00e1quio, who was at the monastery dedicated to the Saint in Rio de Janeiro in June 1941.<\/p>\n<p>Fresh from Po\u00e1, S\u00e3o Paulo, Father Eust\u00e1quio arrived at the Monastery of S\u00e3o Bento in Rio de Janeiro. He stayed there and celebrated Mass with the monks. However, the Blessed&#039;s presence did not go unnoticed. The crowds, moved by faith and admiration for the Dutch priest, began to search for him incessantly.<\/p>\n<div id=\"attachment_11452\" style=\"width: 324px\" class=\"wp-caption alignleft\"><img fetchpriority=\"high\" decoding=\"async\" aria-describedby=\"caption-attachment-11452\" class=\"wp-image-11452\" src=\"https:\/\/www.padreeustaquio.com.br\/wp-content\/uploads\/2024\/07\/mosteiro-de-sao-bento-rio-de-janeiro-300x188.jpeg\" alt=\"\" width=\"314\" height=\"197\" srcset=\"https:\/\/www.padreeustaquio.com.br\/wp-content\/uploads\/2024\/07\/mosteiro-de-sao-bento-rio-de-janeiro-300x188.jpeg 300w, https:\/\/www.padreeustaquio.com.br\/wp-content\/uploads\/2024\/07\/mosteiro-de-sao-bento-rio-de-janeiro-1024x640.jpeg 1024w, https:\/\/www.padreeustaquio.com.br\/wp-content\/uploads\/2024\/07\/mosteiro-de-sao-bento-rio-de-janeiro-768x480.jpeg 768w, https:\/\/www.padreeustaquio.com.br\/wp-content\/uploads\/2024\/07\/mosteiro-de-sao-bento-rio-de-janeiro.jpeg 1280w\" sizes=\"(max-width: 314px) 100vw, 314px\" \/><p id=\"caption-attachment-11452\" class=\"wp-caption-text\">Saint Benedict Monastery in Rio de Janeiro<\/p><\/div>\n<p>The situation became untenable. According to the testimony of Father Guido Logger, given to the Tribunal for the Cause of Beatification and Canonization of Father Eust\u00e1quio in Belo Horizonte on April 9, 1963, the Cardinal Archbishop ordered Father Eust\u00e1quio to leave Rio de Janeiro to avoid sensationalism and exploitation by the press.<\/p>\n<p>\u201cI heard reports in our community that the Cardinal Archbishop had advised, I mean, had ordered, that Father Eust\u00e1quio leave Rio at eleven o&#039;clock at night, in order to avoid sensationalism and exploitation by the press. At that hour of the night, even without having finished his breviary, Father Eust\u00e1quio retired to the Monastery of S\u00e3o Bento. The following morning he left Rio.\u201d<\/p>","protected":false},"excerpt":{"rendered":"<p>Hoje celebramos o dia de S\u00e3o Bento, um dos santos mais venerados da Igreja Cat\u00f3lica. E, em meio a essas comemora\u00e7\u00f5es, \u00e9 interessante recordar um epis\u00f3dio marcante envolvendo o Padre Eust\u00e1quio, que esteve no mosteiro dedicado ao Santo, no Rio de Janeiro, em junho de 1941. Rec\u00e9m-sa\u00eddo de Po\u00e1, S\u00e3o Paulo, Padre Eust\u00e1quio chegou ao Mosteiro de S\u00e3o Bento, no Rio de Janeiro. Ele se hospedou no local e celebrou Missas com os monges. No entanto, a presen\u00e7a do Beato n\u00e3o passou despercebida. As multid\u00f5es, movidas pela f\u00e9 e pela admira\u00e7\u00e3o ao padre holand\u00eas, come\u00e7aram a procurar por ele incessantemente. [&hellip;]<\/p>\n","protected":false},"author":2,"featured_media":11451,"comment_status":"open","ping_status":"closed","sticky":false,"template":"","format":"standard","meta":{"_acf_changed":false,"footnotes":""},"categories":[611],"tags":[],"class_list":["post-11450","post","type-post","status-publish","format-standard","has-post-thumbnail","hentry","category-noticias"],"acf":[],"yoast_head":"<!-- This site is optimized with the Yoast SEO plugin v27.2 - https:\/\/yoast.com\/product\/yoast-seo-wordpress\/ -->\n<title>Hist\u00f3ria do Beato: A visita de Padre Eust\u00e1quio ao Mosteiro de S\u00e3o Bento no Rio de Janeiro<\/title>\n<meta name=\"description\" content=\"Hoje celebramos o dia de S\u00e3o Bento, um dos santos mais venerados da Igreja Cat\u00f3lica. E, em meio a essas comemora\u00e7\u00f5es, \u00e9 interessante recordar um epis\u00f3dio marcante envolvendo o Padre Eust\u00e1quio, que esteve no mosteiro dedicado ao Santo, no Rio de Janeiro, em junho de 1941.\" \/>\n<meta name=\"robots\" content=\"index, follow, max-snippet:-1, max-image-preview:large, max-video-preview:-1\" \/>\n<link rel=\"canonical\" href=\"https:\/\/www.padreeustaquio.com.br\/en\/the-story-of-the-blessed-one-father-eustaquios-visit-to-the-monastery-of-sao-bento-in-rio-de-janeiro\/\" \/>\n<meta property=\"og:locale\" content=\"en_US\" \/>\n<meta property=\"og:type\" content=\"article\" \/>\n<meta property=\"og:title\" content=\"Hist\u00f3ria do Beato: A visita de Padre Eust\u00e1quio ao Mosteiro de S\u00e3o Bento no Rio de Janeiro\" \/>\n<meta property=\"og:description\" content=\"Hoje celebramos o dia de S\u00e3o Bento, um dos santos mais venerados da Igreja Cat\u00f3lica. E, em meio a essas comemora\u00e7\u00f5es, \u00e9 interessante recordar um epis\u00f3dio marcante envolvendo o Padre Eust\u00e1quio, que esteve no mosteiro dedicado ao Santo, no Rio de Janeiro, em junho de 1941.\" \/>\n<meta property=\"og:url\" content=\"https:\/\/www.padreeustaquio.com.br\/en\/the-story-of-the-blessed-one-father-eustaquios-visit-to-the-monastery-of-sao-bento-in-rio-de-janeiro\/\" \/>\n<meta property=\"og:site_name\" content=\"Padre Eust\u00e1quio\" \/>\n<meta property=\"article:publisher\" content=\"https:\/\/www.facebook.com\/beatopadreeustaquio\/\" \/>\n<meta property=\"article:published_time\" content=\"2024-07-11T11:52:01+00:00\" \/>\n<meta property=\"article:modified_time\" content=\"2024-07-11T11:52:46+00:00\" \/>\n<meta property=\"og:image\" content=\"https:\/\/www.padreeustaquio.com.br\/wp-content\/uploads\/2024\/07\/padre-eustaquio-e-outros-missionarios.jpeg\" \/>\n\t<meta property=\"og:image:width\" content=\"1600\" \/>\n\t<meta property=\"og:image:height\" content=\"1135\" \/>\n\t<meta property=\"og:image:type\" content=\"image\/jpeg\" \/>\n<meta name=\"author\" content=\"@sscc\" \/>\n<meta name=\"twitter:card\" content=\"summary_large_image\" \/>\n<meta name=\"twitter:creator\" content=\"@beatopeustaquio\" \/>\n<meta name=\"twitter:site\" content=\"@beatopeustaquio\" \/>\n<meta name=\"twitter:label1\" content=\"Written by\" \/>\n\t<meta name=\"twitter:data1\" content=\"@sscc\" \/>\n\t<meta name=\"twitter:label2\" content=\"Est. reading time\" \/>\n\t<meta name=\"twitter:data2\" content=\"2 minutes\" \/>\n<script type=\"application\/ld+json\" class=\"yoast-schema-graph\">{\"@context\":\"https:\/\/schema.org\",\"@graph\":[{\"@type\":\"Article\",\"@id\":\"https:\/\/www.padreeustaquio.com.br\/historia-do-beato-a-visita-de-padre-eustaquio-ao-mosteiro-de-sao-bento-no-rio-de-janeiro\/#article\",\"isPartOf\":{\"@id\":\"https:\/\/www.padreeustaquio.com.br\/historia-do-beato-a-visita-de-padre-eustaquio-ao-mosteiro-de-sao-bento-no-rio-de-janeiro\/\"},\"author\":{\"name\":\"@sscc\",\"@id\":\"https:\/\/www.padreeustaquio.com.br\/#\/schema\/person\/a2a51db1d00f1a7af0204a0f1ddb1566\"},\"headline\":\"Hist\u00f3ria do Beato: A visita de Padre Eust\u00e1quio ao Mosteiro de S\u00e3o Bento no Rio de Janeiro\",\"datePublished\":\"2024-07-11T11:52:01+00:00\",\"dateModified\":\"2024-07-11T11:52:46+00:00\",\"mainEntityOfPage\":{\"@id\":\"https:\/\/www.padreeustaquio.com.br\/historia-do-beato-a-visita-de-padre-eustaquio-ao-mosteiro-de-sao-bento-no-rio-de-janeiro\/\"},\"wordCount\":283,\"commentCount\":0,\"publisher\":{\"@id\":\"https:\/\/www.padreeustaquio.com.br\/#organization\"},\"image\":{\"@id\":\"https:\/\/www.padreeustaquio.com.br\/historia-do-beato-a-visita-de-padre-eustaquio-ao-mosteiro-de-sao-bento-no-rio-de-janeiro\/#primaryimage\"},\"thumbnailUrl\":\"https:\/\/www.padreeustaquio.com.br\/wp-content\/uploads\/2024\/07\/padre-eustaquio-e-outros-missionarios.jpeg\",\"articleSection\":[\"Not\u00edcias\"],\"inLanguage\":\"en-US\",\"potentialAction\":[{\"@type\":\"CommentAction\",\"name\":\"Comment\",\"target\":[\"https:\/\/www.padreeustaquio.com.br\/historia-do-beato-a-visita-de-padre-eustaquio-ao-mosteiro-de-sao-bento-no-rio-de-janeiro\/#respond\"]}]},{\"@type\":\"WebPage\",\"@id\":\"https:\/\/www.padreeustaquio.com.br\/historia-do-beato-a-visita-de-padre-eustaquio-ao-mosteiro-de-sao-bento-no-rio-de-janeiro\/\",\"url\":\"https:\/\/www.padreeustaquio.com.br\/historia-do-beato-a-visita-de-padre-eustaquio-ao-mosteiro-de-sao-bento-no-rio-de-janeiro\/\",\"name\":\"Hist\u00f3ria do Beato: A visita de Padre Eust\u00e1quio ao Mosteiro de S\u00e3o Bento no Rio de Janeiro\",\"isPartOf\":{\"@id\":\"https:\/\/www.padreeustaquio.com.br\/#website\"},\"primaryImageOfPage\":{\"@id\":\"https:\/\/www.padreeustaquio.com.br\/historia-do-beato-a-visita-de-padre-eustaquio-ao-mosteiro-de-sao-bento-no-rio-de-janeiro\/#primaryimage\"},\"image\":{\"@id\":\"https:\/\/www.padreeustaquio.com.br\/historia-do-beato-a-visita-de-padre-eustaquio-ao-mosteiro-de-sao-bento-no-rio-de-janeiro\/#primaryimage\"},\"thumbnailUrl\":\"https:\/\/www.padreeustaquio.com.br\/wp-content\/uploads\/2024\/07\/padre-eustaquio-e-outros-missionarios.jpeg\",\"datePublished\":\"2024-07-11T11:52:01+00:00\",\"dateModified\":\"2024-07-11T11:52:46+00:00\",\"description\":\"Hoje celebramos o dia de S\u00e3o Bento, um dos santos mais venerados da Igreja Cat\u00f3lica. E, em meio a essas comemora\u00e7\u00f5es, \u00e9 interessante recordar um epis\u00f3dio marcante envolvendo o Padre Eust\u00e1quio, que esteve no mosteiro dedicado ao Santo, no Rio de Janeiro, em junho de 1941.\",\"breadcrumb\":{\"@id\":\"https:\/\/www.padreeustaquio.com.br\/historia-do-beato-a-visita-de-padre-eustaquio-ao-mosteiro-de-sao-bento-no-rio-de-janeiro\/#breadcrumb\"},\"inLanguage\":\"en-US\",\"potentialAction\":[{\"@type\":\"ReadAction\",\"target\":[\"https:\/\/www.padreeustaquio.com.br\/historia-do-beato-a-visita-de-padre-eustaquio-ao-mosteiro-de-sao-bento-no-rio-de-janeiro\/\"]}]},{\"@type\":\"ImageObject\",\"inLanguage\":\"en-US\",\"@id\":\"https:\/\/www.padreeustaquio.com.br\/historia-do-beato-a-visita-de-padre-eustaquio-ao-mosteiro-de-sao-bento-no-rio-de-janeiro\/#primaryimage\",\"url\":\"https:\/\/www.padreeustaquio.com.br\/wp-content\/uploads\/2024\/07\/padre-eustaquio-e-outros-missionarios.jpeg\",\"contentUrl\":\"https:\/\/www.padreeustaquio.com.br\/wp-content\/uploads\/2024\/07\/padre-eustaquio-e-outros-missionarios.jpeg\",\"width\":1600,\"height\":1135},{\"@type\":\"BreadcrumbList\",\"@id\":\"https:\/\/www.padreeustaquio.com.br\/historia-do-beato-a-visita-de-padre-eustaquio-ao-mosteiro-de-sao-bento-no-rio-de-janeiro\/#breadcrumb\",\"itemListElement\":[{\"@type\":\"ListItem\",\"position\":1,\"name\":\"In\u00edcio\",\"item\":\"https:\/\/www.padreeustaquio.com.br\/\"},{\"@type\":\"ListItem\",\"position\":2,\"name\":\"Hist\u00f3ria do Beato: A visita de Padre Eust\u00e1quio ao Mosteiro de S\u00e3o Bento no Rio de Janeiro\"}]},{\"@type\":\"WebSite\",\"@id\":\"https:\/\/www.padreeustaquio.com.br\/#website\",\"url\":\"https:\/\/www.padreeustaquio.com.br\/\",\"name\":\"Padre Eust\u00e1quio\",\"description\":\"Sa\u00fade e Paz\",\"publisher\":{\"@id\":\"https:\/\/www.padreeustaquio.com.br\/#organization\"},\"potentialAction\":[{\"@type\":\"SearchAction\",\"target\":{\"@type\":\"EntryPoint\",\"urlTemplate\":\"https:\/\/www.padreeustaquio.com.br\/?s={search_term_string}\"},\"query-input\":{\"@type\":\"PropertyValueSpecification\",\"valueRequired\":true,\"valueName\":\"search_term_string\"}}],\"inLanguage\":\"en-US\"},{\"@type\":\"Organization\",\"@id\":\"https:\/\/www.padreeustaquio.com.br\/#organization\",\"name\":\"Padre Eust\u00e1quio\",\"url\":\"https:\/\/www.padreeustaquio.com.br\/\",\"logo\":{\"@type\":\"ImageObject\",\"inLanguage\":\"en-US\",\"@id\":\"https:\/\/www.padreeustaquio.com.br\/#\/schema\/logo\/image\/\",\"url\":\"https:\/\/www.padreeustaquio.com.br\/wp-content\/uploads\/2019\/08\/marca.png\",\"contentUrl\":\"https:\/\/www.padreeustaquio.com.br\/wp-content\/uploads\/2019\/08\/marca.png\",\"width\":350,\"height\":400,\"caption\":\"Padre Eust\u00e1quio\"},\"image\":{\"@id\":\"https:\/\/www.padreeustaquio.com.br\/#\/schema\/logo\/image\/\"},\"sameAs\":[\"https:\/\/www.facebook.com\/beatopadreeustaquio\/\",\"https:\/\/x.com\/beatopeustaquio\",\"https:\/\/www.instagram.com\/beatopadreeustaquio\/\",\"https:\/\/www.youtube.com\/channel\/UCRhw7vfabnajwLxb1ZXMeIw\"]},{\"@type\":\"Person\",\"@id\":\"https:\/\/www.padreeustaquio.com.br\/#\/schema\/person\/a2a51db1d00f1a7af0204a0f1ddb1566\",\"name\":\"@sscc\",\"image\":{\"@type\":\"ImageObject\",\"inLanguage\":\"en-US\",\"@id\":\"https:\/\/secure.gravatar.com\/avatar\/68cfafa5f44617fea54071e215026e0ff06be366c3d54a8425f04fdcb86f8c5f?s=96&d=mm&r=g\",\"url\":\"https:\/\/secure.gravatar.com\/avatar\/68cfafa5f44617fea54071e215026e0ff06be366c3d54a8425f04fdcb86f8c5f?s=96&d=mm&r=g\",\"contentUrl\":\"https:\/\/secure.gravatar.com\/avatar\/68cfafa5f44617fea54071e215026e0ff06be366c3d54a8425f04fdcb86f8c5f?s=96&d=mm&r=g\",\"caption\":\"@sscc\"},\"url\":\"https:\/\/www.padreeustaquio.com.br\/en\/author\/sscc\/\"}]}<\/script>\n<!-- \/ Yoast SEO plugin. -->","yoast_head_json":{"title":"The Story of the Blessed: Father Eust\u00e1quio&#039;s Visit to the Monastery of S\u00e3o Bento in Rio de Janeiro","description":"Today we celebrate the feast day of Saint Benedict, one of the most venerated saints in the Catholic Church. And, amidst these celebrations, it is interesting to recall a remarkable episode involving Father Eust\u00e1quio, who was at the monastery dedicated to the Saint in Rio de Janeiro in June 1941.","robots":{"index":"index","follow":"follow","max-snippet":"max-snippet:-1","max-image-preview":"max-image-preview:large","max-video-preview":"max-video-preview:-1"},"canonical":"https:\/\/www.padreeustaquio.com.br\/en\/the-story-of-the-blessed-one-father-eustaquios-visit-to-the-monastery-of-sao-bento-in-rio-de-janeiro\/","og_locale":"en_US","og_type":"article","og_title":"Hist\u00f3ria do Beato: A visita de Padre Eust\u00e1quio ao Mosteiro de S\u00e3o Bento no Rio de Janeiro","og_description":"Hoje celebramos o dia de S\u00e3o Bento, um dos santos mais venerados da Igreja Cat\u00f3lica. E, em meio a essas comemora\u00e7\u00f5es, \u00e9 interessante recordar um epis\u00f3dio marcante envolvendo o Padre Eust\u00e1quio, que esteve no mosteiro dedicado ao Santo, no Rio de Janeiro, em junho de 1941.","og_url":"https:\/\/www.padreeustaquio.com.br\/en\/the-story-of-the-blessed-one-father-eustaquios-visit-to-the-monastery-of-sao-bento-in-rio-de-janeiro\/","og_site_name":"Padre Eust\u00e1quio","article_publisher":"https:\/\/www.facebook.com\/beatopadreeustaquio\/","article_published_time":"2024-07-11T11:52:01+00:00","article_modified_time":"2024-07-11T11:52:46+00:00","og_image":[{"width":1600,"height":1135,"url":"https:\/\/www.padreeustaquio.com.br\/wp-content\/uploads\/2024\/07\/padre-eustaquio-e-outros-missionarios.jpeg","type":"image\/jpeg"}],"author":"@sscc","twitter_card":"summary_large_image","twitter_creator":"@beatopeustaquio","twitter_site":"@beatopeustaquio","twitter_misc":{"Written by":"@sscc","Est. reading time":"2 minutes"},"schema":{"@context":"https:\/\/schema.org","@graph":[{"@type":"Article","@id":"https:\/\/www.padreeustaquio.com.br\/historia-do-beato-a-visita-de-padre-eustaquio-ao-mosteiro-de-sao-bento-no-rio-de-janeiro\/#article","isPartOf":{"@id":"https:\/\/www.padreeustaquio.com.br\/historia-do-beato-a-visita-de-padre-eustaquio-ao-mosteiro-de-sao-bento-no-rio-de-janeiro\/"},"author":{"name":"@sscc","@id":"https:\/\/www.padreeustaquio.com.br\/#\/schema\/person\/a2a51db1d00f1a7af0204a0f1ddb1566"},"headline":"Hist\u00f3ria do Beato: A visita de Padre Eust\u00e1quio ao Mosteiro de S\u00e3o Bento no Rio de Janeiro","datePublished":"2024-07-11T11:52:01+00:00","dateModified":"2024-07-11T11:52:46+00:00","mainEntityOfPage":{"@id":"https:\/\/www.padreeustaquio.com.br\/historia-do-beato-a-visita-de-padre-eustaquio-ao-mosteiro-de-sao-bento-no-rio-de-janeiro\/"},"wordCount":283,"commentCount":0,"publisher":{"@id":"https:\/\/www.padreeustaquio.com.br\/#organization"},"image":{"@id":"https:\/\/www.padreeustaquio.com.br\/historia-do-beato-a-visita-de-padre-eustaquio-ao-mosteiro-de-sao-bento-no-rio-de-janeiro\/#primaryimage"},"thumbnailUrl":"https:\/\/www.padreeustaquio.com.br\/wp-content\/uploads\/2024\/07\/padre-eustaquio-e-outros-missionarios.jpeg","articleSection":["Not\u00edcias"],"inLanguage":"en-US","potentialAction":[{"@type":"CommentAction","name":"Comment","target":["https:\/\/www.padreeustaquio.com.br\/historia-do-beato-a-visita-de-padre-eustaquio-ao-mosteiro-de-sao-bento-no-rio-de-janeiro\/#respond"]}]},{"@type":"WebPage","@id":"https:\/\/www.padreeustaquio.com.br\/historia-do-beato-a-visita-de-padre-eustaquio-ao-mosteiro-de-sao-bento-no-rio-de-janeiro\/","url":"https:\/\/www.padreeustaquio.com.br\/historia-do-beato-a-visita-de-padre-eustaquio-ao-mosteiro-de-sao-bento-no-rio-de-janeiro\/","name":"The Story of the Blessed: Father Eust\u00e1quio&#039;s Visit to the Monastery of S\u00e3o Bento in Rio de Janeiro","isPartOf":{"@id":"https:\/\/www.padreeustaquio.com.br\/#website"},"primaryImageOfPage":{"@id":"https:\/\/www.padreeustaquio.com.br\/historia-do-beato-a-visita-de-padre-eustaquio-ao-mosteiro-de-sao-bento-no-rio-de-janeiro\/#primaryimage"},"image":{"@id":"https:\/\/www.padreeustaquio.com.br\/historia-do-beato-a-visita-de-padre-eustaquio-ao-mosteiro-de-sao-bento-no-rio-de-janeiro\/#primaryimage"},"thumbnailUrl":"https:\/\/www.padreeustaquio.com.br\/wp-content\/uploads\/2024\/07\/padre-eustaquio-e-outros-missionarios.jpeg","datePublished":"2024-07-11T11:52:01+00:00","dateModified":"2024-07-11T11:52:46+00:00","description":"Today we celebrate the feast day of Saint Benedict, one of the most venerated saints in the Catholic Church. And, amidst these celebrations, it is interesting to recall a remarkable episode involving Father Eust\u00e1quio, who was at the monastery dedicated to the Saint in Rio de Janeiro in June 1941.","breadcrumb":{"@id":"https:\/\/www.padreeustaquio.com.br\/historia-do-beato-a-visita-de-padre-eustaquio-ao-mosteiro-de-sao-bento-no-rio-de-janeiro\/#breadcrumb"},"inLanguage":"en-US","potentialAction":[{"@type":"ReadAction","target":["https:\/\/www.padreeustaquio.com.br\/historia-do-beato-a-visita-de-padre-eustaquio-ao-mosteiro-de-sao-bento-no-rio-de-janeiro\/"]}]},{"@type":"ImageObject","inLanguage":"en-US","@id":"https:\/\/www.padreeustaquio.com.br\/historia-do-beato-a-visita-de-padre-eustaquio-ao-mosteiro-de-sao-bento-no-rio-de-janeiro\/#primaryimage","url":"https:\/\/www.padreeustaquio.com.br\/wp-content\/uploads\/2024\/07\/padre-eustaquio-e-outros-missionarios.jpeg","contentUrl":"https:\/\/www.padreeustaquio.com.br\/wp-content\/uploads\/2024\/07\/padre-eustaquio-e-outros-missionarios.jpeg","width":1600,"height":1135},{"@type":"BreadcrumbList","@id":"https:\/\/www.padreeustaquio.com.br\/historia-do-beato-a-visita-de-padre-eustaquio-ao-mosteiro-de-sao-bento-no-rio-de-janeiro\/#breadcrumb","itemListElement":[{"@type":"ListItem","position":1,"name":"In\u00edcio","item":"https:\/\/www.padreeustaquio.com.br\/"},{"@type":"ListItem","position":2,"name":"Hist\u00f3ria do Beato: A visita de Padre Eust\u00e1quio ao Mosteiro de S\u00e3o Bento no Rio de Janeiro"}]},{"@type":"WebSite","@id":"https:\/\/www.padreeustaquio.com.br\/#website","url":"https:\/\/www.padreeustaquio.com.br\/","name":"FATHER EUST\u00c1QUIO","description":"Health and Peace","publisher":{"@id":"https:\/\/www.padreeustaquio.com.br\/#organization"},"potentialAction":[{"@type":"SearchAction","target":{"@type":"EntryPoint","urlTemplate":"https:\/\/www.padreeustaquio.com.br\/?s={search_term_string}"},"query-input":{"@type":"PropertyValueSpecification","valueRequired":true,"valueName":"search_term_string"}}],"inLanguage":"en-US"},{"@type":"Organization","@id":"https:\/\/www.padreeustaquio.com.br\/#organization","name":"FATHER EUST\u00c1QUIO","url":"https:\/\/www.padreeustaquio.com.br\/","logo":{"@type":"ImageObject","inLanguage":"en-US","@id":"https:\/\/www.padreeustaquio.com.br\/#\/schema\/logo\/image\/","url":"https:\/\/www.padreeustaquio.com.br\/wp-content\/uploads\/2019\/08\/marca.png","contentUrl":"https:\/\/www.padreeustaquio.com.br\/wp-content\/uploads\/2019\/08\/marca.png","width":350,"height":400,"caption":"Padre Eust\u00e1quio"},"image":{"@id":"https:\/\/www.padreeustaquio.com.br\/#\/schema\/logo\/image\/"},"sameAs":["https:\/\/www.facebook.com\/beatopadreeustaquio\/","https:\/\/x.com\/beatopeustaquio","https:\/\/www.instagram.com\/beatopadreeustaquio\/","https:\/\/www.youtube.com\/channel\/UCRhw7vfabnajwLxb1ZXMeIw"]},{"@type":"Person","@id":"https:\/\/www.padreeustaquio.com.br\/#\/schema\/person\/a2a51db1d00f1a7af0204a0f1ddb1566","name":"@sscc","image":{"@type":"ImageObject","inLanguage":"en-US","@id":"https:\/\/secure.gravatar.com\/avatar\/68cfafa5f44617fea54071e215026e0ff06be366c3d54a8425f04fdcb86f8c5f?s=96&d=mm&r=g","url":"https:\/\/secure.gravatar.com\/avatar\/68cfafa5f44617fea54071e215026e0ff06be366c3d54a8425f04fdcb86f8c5f?s=96&d=mm&r=g","contentUrl":"https:\/\/secure.gravatar.com\/avatar\/68cfafa5f44617fea54071e215026e0ff06be366c3d54a8425f04fdcb86f8c5f?s=96&d=mm&r=g","caption":"@sscc"},"url":"https:\/\/www.padreeustaquio.com.br\/en\/author\/sscc\/"}]}},"_links":{"self":[{"href":"https:\/\/www.padreeustaquio.com.br\/en\/wp-json\/wp\/v2\/posts\/11450","targetHints":{"allow":["GET"]}}],"collection":[{"href":"https:\/\/www.padreeustaquio.com.br\/en\/wp-json\/wp\/v2\/posts"}],"about":[{"href":"https:\/\/www.padreeustaquio.com.br\/en\/wp-json\/wp\/v2\/types\/post"}],"author":[{"embeddable":true,"href":"https:\/\/www.padreeustaquio.com.br\/en\/wp-json\/wp\/v2\/users\/2"}],"replies":[{"embeddable":true,"href":"https:\/\/www.padreeustaquio.com.br\/en\/wp-json\/wp\/v2\/comments?post=11450"}],"version-history":[{"count":0,"href":"https:\/\/www.padreeustaquio.com.br\/en\/wp-json\/wp\/v2\/posts\/11450\/revisions"}],"wp:featuredmedia":[{"embeddable":true,"href":"https:\/\/www.padreeustaquio.com.br\/en\/wp-json\/wp\/v2\/media\/11451"}],"wp:attachment":[{"href":"https:\/\/www.padreeustaquio.com.br\/en\/wp-json\/wp\/v2\/media?parent=11450"}],"wp:term":[{"taxonomy":"category","embeddable":true,"href":"https:\/\/www.padreeustaquio.com.br\/en\/wp-json\/wp\/v2\/categories?post=11450"},{"taxonomy":"post_tag","embeddable":true,"href":"https:\/\/www.padreeustaquio.com.br\/en\/wp-json\/wp\/v2\/tags?post=11450"}],"curies":[{"name":"wp","href":"https:\/\/api.w.org\/{rel}","templated":true}]}}