{"id":11437,"date":"2024-07-09T08:34:45","date_gmt":"2024-07-09T11:34:45","guid":{"rendered":"https:\/\/www.padreeustaquio.com.br\/?p=11437"},"modified":"2024-07-09T08:34:45","modified_gmt":"2024-07-09T11:34:45","slug":"father-vanildo-ss-cc-was-ordained-in-a-ceremony-in-the-holy-spirit","status":"publish","type":"post","link":"https:\/\/www.padreeustaquio.com.br\/en\/father-vanildo-ss-cc-was-ordained-in-a-ceremony-in-the-holy-spirit\/","title":{"rendered":"Father Vanildo, SS.CC, is ordained in a ceremony in Esp\u00edrito Santo."},"content":{"rendered":"<p>The newest priest of the Congregation of the Sacred Hearts was ordained last weekend. The Eucharistic Celebration with the ordination rite was held this Sunday, July 7th, at the S\u00e3o Miguel Arcanjo Community in Guarapari, Esp\u00edrito Santo.<\/p>\n<p><img fetchpriority=\"high\" decoding=\"async\" class=\"wp-image-11438 alignleft\" src=\"https:\/\/www.padreeustaquio.com.br\/wp-content\/uploads\/2024\/07\/449957991_458693710429811_1541038272966810440_n-300x300.jpg\" alt=\"\" width=\"257\" height=\"257\" srcset=\"https:\/\/www.padreeustaquio.com.br\/wp-content\/uploads\/2024\/07\/449957991_458693710429811_1541038272966810440_n-300x300.jpg 300w, https:\/\/www.padreeustaquio.com.br\/wp-content\/uploads\/2024\/07\/449957991_458693710429811_1541038272966810440_n-150x150.jpg 150w, https:\/\/www.padreeustaquio.com.br\/wp-content\/uploads\/2024\/07\/449957991_458693710429811_1541038272966810440_n-75x75.jpg 75w, https:\/\/www.padreeustaquio.com.br\/wp-content\/uploads\/2024\/07\/449957991_458693710429811_1541038272966810440_n-180x180.jpg 180w, https:\/\/www.padreeustaquio.com.br\/wp-content\/uploads\/2024\/07\/449957991_458693710429811_1541038272966810440_n-400x400.jpg 400w, https:\/\/www.padreeustaquio.com.br\/wp-content\/uploads\/2024\/07\/449957991_458693710429811_1541038272966810440_n-600x600.jpg 600w, https:\/\/www.padreeustaquio.com.br\/wp-content\/uploads\/2024\/07\/449957991_458693710429811_1541038272966810440_n.jpg 720w\" sizes=\"(max-width: 257px) 100vw, 257px\" \/>The ordination of Father Vanildo Lima Sena, SSCC, was closely followed by family, friends, and the entire community, who filled the venue&#039;s courtyard. Approximately 800 people were present, and many more watched the ceremony via the Padre Eust\u00e1quio Channel, which streamed everything on YouTube. Watch it again with us. <a href=\"https:\/\/www.youtube.com\/watch?v=hwY7rDhvUGk\">CLICK HERE<\/a>!<\/p>\n<p><img decoding=\"async\" class=\"wp-image-11439 alignright\" src=\"https:\/\/www.padreeustaquio.com.br\/wp-content\/uploads\/2024\/07\/450218520_458693733763142_3990808616497411036_n-300x300.jpg\" alt=\"\" width=\"224\" height=\"224\" srcset=\"https:\/\/www.padreeustaquio.com.br\/wp-content\/uploads\/2024\/07\/450218520_458693733763142_3990808616497411036_n-300x300.jpg 300w, https:\/\/www.padreeustaquio.com.br\/wp-content\/uploads\/2024\/07\/450218520_458693733763142_3990808616497411036_n-150x150.jpg 150w, https:\/\/www.padreeustaquio.com.br\/wp-content\/uploads\/2024\/07\/450218520_458693733763142_3990808616497411036_n-75x75.jpg 75w, https:\/\/www.padreeustaquio.com.br\/wp-content\/uploads\/2024\/07\/450218520_458693733763142_3990808616497411036_n-180x180.jpg 180w, https:\/\/www.padreeustaquio.com.br\/wp-content\/uploads\/2024\/07\/450218520_458693733763142_3990808616497411036_n-400x400.jpg 400w, https:\/\/www.padreeustaquio.com.br\/wp-content\/uploads\/2024\/07\/450218520_458693733763142_3990808616497411036_n-600x600.jpg 600w, https:\/\/www.padreeustaquio.com.br\/wp-content\/uploads\/2024\/07\/450218520_458693733763142_3990808616497411036_n.jpg 720w\" sizes=\"(max-width: 224px) 100vw, 224px\" \/>Bishop Andherson Franklin Lustoza de Souza, auxiliary bishop of the Archdiocese of Vit\u00f3ria-ES, presided over the ordination, the first of his episcopal life. In his words, Bishop Andherson spoke of the mission of the new priest, who chose the theme &quot;I know in whom I have placed my trust.&quot; The bishop also gratefully recalled his relationship with the Congregation of the Sacred Hearts.<\/p>\n<p><strong>Father Vanildo, SS.CC<\/strong><\/p>\n<p>Vanildo Lima Sena, SS.CC. was born in the city of Anchieta-ES, on December 12, 1992. Son of Valdemir Jos\u00e9 Sena and Marilza Machado Lima Sena, he entered the Congregation of the Sacred Hearts in 2016. He completed his novitiate in 2019 in Chaclacayo and professed his first vows on January 25, 2020, in the Chapel of Casa Anchieta in Boraceia-SP.<\/p>\n<p>He completed his Theology studies in 2020 at the Jesuit Faculty. In 2021, he completed his pastoral year at the Sacred Hearts Community in Tijuca, Rio de Janeiro. In 2022, he began residing in the religious community of the Sanctuary of Health and Peace in Belo Horizonte, where he served pastorally until November 2023. He professed his Perpetual Vows on July 27, 2023, at the S\u00e3o Jos\u00e9 Oper\u00e1rio Chapel in Pindamonhangaba, S\u00e3o Paulo.<\/p>\n<p>On November 10, 2023, he was ordained a Deacon by Bishop Alo\u00edsio Pena Vitral at the Church of Blessed Father Eust\u00e1quio in Belo Horizonte, Minas Gerais, and since then has carried out his mission in Pedra Azul, in the Jequitinhonha Valley. Now ordained a priest, the newly ordained priest will maintain his mission in Pedra Azul until a new field of apostolate is given to him.<\/p>\n\n\t\t<style type=\"text\/css\">\n\t\t\t#gallery-1 {\n\t\t\t\tmargin: auto;\n\t\t\t}\n\t\t\t#gallery-1 .gallery-item {\n\t\t\t\tfloat: left;\n\t\t\t\tmargin-top: 10px;\n\t\t\t\ttext-align: center;\n\t\t\t\twidth: 33%;\n\t\t\t}\n\t\t\t#gallery-1 img {\n\t\t\t\tborder: 2px solid #cfcfcf;\n\t\t\t}\n\t\t\t#gallery-1 .gallery-caption {\n\t\t\t\tmargin-left: 0;\n\t\t\t}\n\t\t\t\/* see gallery_shortcode() in wp-includes\/media.php *\/\n\t\t<\/style>\n\t\t<div id='gallery-1' class='gallery galleryid-11437 gallery-columns-3 gallery-size-thumbnail'><dl class='gallery-item'>\n\t\t\t<dt class='gallery-icon landscape'>\n\t\t\t\t<a href='https:\/\/www.padreeustaquio.com.br\/en\/father-vanildo-ss-cc-was-ordained-in-a-ceremony-in-the-holy-spirit\/450258290_458693720429810_6312473680169048316_n\/'><img decoding=\"async\" width=\"150\" height=\"150\" src=\"https:\/\/www.padreeustaquio.com.br\/wp-content\/uploads\/2024\/07\/450258290_458693720429810_6312473680169048316_n-150x150.jpg\" class=\"attachment-thumbnail size-thumbnail\" alt=\"\" srcset=\"https:\/\/www.padreeustaquio.com.br\/wp-content\/uploads\/2024\/07\/450258290_458693720429810_6312473680169048316_n-150x150.jpg 150w, https:\/\/www.padreeustaquio.com.br\/wp-content\/uploads\/2024\/07\/450258290_458693720429810_6312473680169048316_n-300x300.jpg 300w, https:\/\/www.padreeustaquio.com.br\/wp-content\/uploads\/2024\/07\/450258290_458693720429810_6312473680169048316_n-75x75.jpg 75w, https:\/\/www.padreeustaquio.com.br\/wp-content\/uploads\/2024\/07\/450258290_458693720429810_6312473680169048316_n-180x180.jpg 180w, https:\/\/www.padreeustaquio.com.br\/wp-content\/uploads\/2024\/07\/450258290_458693720429810_6312473680169048316_n-400x400.jpg 400w, https:\/\/www.padreeustaquio.com.br\/wp-content\/uploads\/2024\/07\/450258290_458693720429810_6312473680169048316_n-600x600.jpg 600w, https:\/\/www.padreeustaquio.com.br\/wp-content\/uploads\/2024\/07\/450258290_458693720429810_6312473680169048316_n.jpg 720w\" sizes=\"(max-width: 150px) 100vw, 150px\" \/><\/a>\n\t\t\t<\/dt><\/dl><dl class='gallery-item'>\n\t\t\t<dt class='gallery-icon landscape'>\n\t\t\t\t<a href='https:\/\/www.padreeustaquio.com.br\/en\/father-vanildo-ss-cc-was-ordained-in-a-ceremony-in-the-holy-spirit\/450259045_458693697096479_2090847349934153757_n\/'><img loading=\"lazy\" decoding=\"async\" width=\"150\" height=\"150\" src=\"https:\/\/www.padreeustaquio.com.br\/wp-content\/uploads\/2024\/07\/450259045_458693697096479_2090847349934153757_n-150x150.jpg\" class=\"attachment-thumbnail size-thumbnail\" alt=\"\" srcset=\"https:\/\/www.padreeustaquio.com.br\/wp-content\/uploads\/2024\/07\/450259045_458693697096479_2090847349934153757_n-150x150.jpg 150w, https:\/\/www.padreeustaquio.com.br\/wp-content\/uploads\/2024\/07\/450259045_458693697096479_2090847349934153757_n-300x300.jpg 300w, https:\/\/www.padreeustaquio.com.br\/wp-content\/uploads\/2024\/07\/450259045_458693697096479_2090847349934153757_n-75x75.jpg 75w, https:\/\/www.padreeustaquio.com.br\/wp-content\/uploads\/2024\/07\/450259045_458693697096479_2090847349934153757_n-180x180.jpg 180w, https:\/\/www.padreeustaquio.com.br\/wp-content\/uploads\/2024\/07\/450259045_458693697096479_2090847349934153757_n-400x400.jpg 400w, https:\/\/www.padreeustaquio.com.br\/wp-content\/uploads\/2024\/07\/450259045_458693697096479_2090847349934153757_n-600x600.jpg 600w, https:\/\/www.padreeustaquio.com.br\/wp-content\/uploads\/2024\/07\/450259045_458693697096479_2090847349934153757_n.jpg 720w\" sizes=\"(max-width: 150px) 100vw, 150px\" \/><\/a>\n\t\t\t<\/dt><\/dl><dl class='gallery-item'>\n\t\t\t<dt class='gallery-icon landscape'>\n\t\t\t\t<a href='https:\/\/www.padreeustaquio.com.br\/en\/father-vanildo-ss-cc-was-ordained-in-a-ceremony-in-the-holy-spirit\/450258115_458693717096477_7521227644425064571_n\/'><img loading=\"lazy\" decoding=\"async\" width=\"150\" height=\"150\" src=\"https:\/\/www.padreeustaquio.com.br\/wp-content\/uploads\/2024\/07\/450258115_458693717096477_7521227644425064571_n-150x150.jpg\" class=\"attachment-thumbnail size-thumbnail\" alt=\"\" srcset=\"https:\/\/www.padreeustaquio.com.br\/wp-content\/uploads\/2024\/07\/450258115_458693717096477_7521227644425064571_n-150x150.jpg 150w, https:\/\/www.padreeustaquio.com.br\/wp-content\/uploads\/2024\/07\/450258115_458693717096477_7521227644425064571_n-300x300.jpg 300w, https:\/\/www.padreeustaquio.com.br\/wp-content\/uploads\/2024\/07\/450258115_458693717096477_7521227644425064571_n-75x75.jpg 75w, https:\/\/www.padreeustaquio.com.br\/wp-content\/uploads\/2024\/07\/450258115_458693717096477_7521227644425064571_n-180x180.jpg 180w, https:\/\/www.padreeustaquio.com.br\/wp-content\/uploads\/2024\/07\/450258115_458693717096477_7521227644425064571_n-400x400.jpg 400w, https:\/\/www.padreeustaquio.com.br\/wp-content\/uploads\/2024\/07\/450258115_458693717096477_7521227644425064571_n-600x600.jpg 600w, https:\/\/www.padreeustaquio.com.br\/wp-content\/uploads\/2024\/07\/450258115_458693717096477_7521227644425064571_n.jpg 720w\" sizes=\"(max-width: 150px) 100vw, 150px\" \/><\/a>\n\t\t\t<\/dt><\/dl><br style=\"clear: both\" \/><dl class='gallery-item'>\n\t\t\t<dt class='gallery-icon landscape'>\n\t\t\t\t<a href='https:\/\/www.padreeustaquio.com.br\/en\/father-vanildo-ss-cc-was-ordained-in-a-ceremony-in-the-holy-spirit\/450180864_458693750429807_8885580120304343613_n\/'><img loading=\"lazy\" decoding=\"async\" width=\"150\" height=\"150\" src=\"https:\/\/www.padreeustaquio.com.br\/wp-content\/uploads\/2024\/07\/450180864_458693750429807_8885580120304343613_n-150x150.jpg\" class=\"attachment-thumbnail size-thumbnail\" alt=\"\" srcset=\"https:\/\/www.padreeustaquio.com.br\/wp-content\/uploads\/2024\/07\/450180864_458693750429807_8885580120304343613_n-150x150.jpg 150w, https:\/\/www.padreeustaquio.com.br\/wp-content\/uploads\/2024\/07\/450180864_458693750429807_8885580120304343613_n-300x300.jpg 300w, https:\/\/www.padreeustaquio.com.br\/wp-content\/uploads\/2024\/07\/450180864_458693750429807_8885580120304343613_n-75x75.jpg 75w, https:\/\/www.padreeustaquio.com.br\/wp-content\/uploads\/2024\/07\/450180864_458693750429807_8885580120304343613_n-180x180.jpg 180w, https:\/\/www.padreeustaquio.com.br\/wp-content\/uploads\/2024\/07\/450180864_458693750429807_8885580120304343613_n-400x400.jpg 400w, https:\/\/www.padreeustaquio.com.br\/wp-content\/uploads\/2024\/07\/450180864_458693750429807_8885580120304343613_n-600x600.jpg 600w, https:\/\/www.padreeustaquio.com.br\/wp-content\/uploads\/2024\/07\/450180864_458693750429807_8885580120304343613_n.jpg 720w\" sizes=\"(max-width: 150px) 100vw, 150px\" \/><\/a>\n\t\t\t<\/dt><\/dl><dl class='gallery-item'>\n\t\t\t<dt class='gallery-icon landscape'>\n\t\t\t\t<a href='https:\/\/www.padreeustaquio.com.br\/en\/father-vanildo-ss-cc-was-ordained-in-a-ceremony-in-the-holy-spirit\/449957991_458693710429811_1541038272966810440_n-2\/'><img loading=\"lazy\" decoding=\"async\" width=\"150\" height=\"150\" src=\"https:\/\/www.padreeustaquio.com.br\/wp-content\/uploads\/2024\/07\/449957991_458693710429811_1541038272966810440_n-1-150x150.jpg\" class=\"attachment-thumbnail size-thumbnail\" alt=\"\" srcset=\"https:\/\/www.padreeustaquio.com.br\/wp-content\/uploads\/2024\/07\/449957991_458693710429811_1541038272966810440_n-1-150x150.jpg 150w, https:\/\/www.padreeustaquio.com.br\/wp-content\/uploads\/2024\/07\/449957991_458693710429811_1541038272966810440_n-1-300x300.jpg 300w, https:\/\/www.padreeustaquio.com.br\/wp-content\/uploads\/2024\/07\/449957991_458693710429811_1541038272966810440_n-1-75x75.jpg 75w, https:\/\/www.padreeustaquio.com.br\/wp-content\/uploads\/2024\/07\/449957991_458693710429811_1541038272966810440_n-1-180x180.jpg 180w, https:\/\/www.padreeustaquio.com.br\/wp-content\/uploads\/2024\/07\/449957991_458693710429811_1541038272966810440_n-1-400x400.jpg 400w, https:\/\/www.padreeustaquio.com.br\/wp-content\/uploads\/2024\/07\/449957991_458693710429811_1541038272966810440_n-1-600x600.jpg 600w, https:\/\/www.padreeustaquio.com.br\/wp-content\/uploads\/2024\/07\/449957991_458693710429811_1541038272966810440_n-1.jpg 720w\" sizes=\"(max-width: 150px) 100vw, 150px\" \/><\/a>\n\t\t\t<\/dt><\/dl><dl class='gallery-item'>\n\t\t\t<dt class='gallery-icon landscape'>\n\t\t\t\t<a href='https:\/\/www.padreeustaquio.com.br\/en\/father-vanildo-ss-cc-was-ordained-in-a-ceremony-in-the-holy-spirit\/450457960_458693687096480_3536871296801334154_n\/'><img loading=\"lazy\" decoding=\"async\" width=\"150\" height=\"150\" src=\"https:\/\/www.padreeustaquio.com.br\/wp-content\/uploads\/2024\/07\/450457960_458693687096480_3536871296801334154_n-150x150.jpg\" class=\"attachment-thumbnail size-thumbnail\" alt=\"\" srcset=\"https:\/\/www.padreeustaquio.com.br\/wp-content\/uploads\/2024\/07\/450457960_458693687096480_3536871296801334154_n-150x150.jpg 150w, https:\/\/www.padreeustaquio.com.br\/wp-content\/uploads\/2024\/07\/450457960_458693687096480_3536871296801334154_n-300x300.jpg 300w, https:\/\/www.padreeustaquio.com.br\/wp-content\/uploads\/2024\/07\/450457960_458693687096480_3536871296801334154_n-75x75.jpg 75w, https:\/\/www.padreeustaquio.com.br\/wp-content\/uploads\/2024\/07\/450457960_458693687096480_3536871296801334154_n-180x180.jpg 180w, https:\/\/www.padreeustaquio.com.br\/wp-content\/uploads\/2024\/07\/450457960_458693687096480_3536871296801334154_n-400x400.jpg 400w, https:\/\/www.padreeustaquio.com.br\/wp-content\/uploads\/2024\/07\/450457960_458693687096480_3536871296801334154_n-600x600.jpg 600w, https:\/\/www.padreeustaquio.com.br\/wp-content\/uploads\/2024\/07\/450457960_458693687096480_3536871296801334154_n.jpg 720w\" sizes=\"(max-width: 150px) 100vw, 150px\" \/><\/a>\n\t\t\t<\/dt><\/dl><br style=\"clear: both\" \/><dl class='gallery-item'>\n\t\t\t<dt class='gallery-icon landscape'>\n\t\t\t\t<a href='https:\/\/www.padreeustaquio.com.br\/en\/father-vanildo-ss-cc-was-ordained-in-a-ceremony-in-the-holy-spirit\/450119866_458693713763144_1669654131980108956_n\/'><img loading=\"lazy\" decoding=\"async\" width=\"150\" height=\"150\" src=\"https:\/\/www.padreeustaquio.com.br\/wp-content\/uploads\/2024\/07\/450119866_458693713763144_1669654131980108956_n-150x150.jpg\" class=\"attachment-thumbnail size-thumbnail\" alt=\"\" srcset=\"https:\/\/www.padreeustaquio.com.br\/wp-content\/uploads\/2024\/07\/450119866_458693713763144_1669654131980108956_n-150x150.jpg 150w, https:\/\/www.padreeustaquio.com.br\/wp-content\/uploads\/2024\/07\/450119866_458693713763144_1669654131980108956_n-300x300.jpg 300w, https:\/\/www.padreeustaquio.com.br\/wp-content\/uploads\/2024\/07\/450119866_458693713763144_1669654131980108956_n-75x75.jpg 75w, https:\/\/www.padreeustaquio.com.br\/wp-content\/uploads\/2024\/07\/450119866_458693713763144_1669654131980108956_n-180x180.jpg 180w, https:\/\/www.padreeustaquio.com.br\/wp-content\/uploads\/2024\/07\/450119866_458693713763144_1669654131980108956_n-400x400.jpg 400w, https:\/\/www.padreeustaquio.com.br\/wp-content\/uploads\/2024\/07\/450119866_458693713763144_1669654131980108956_n-600x600.jpg 600w, https:\/\/www.padreeustaquio.com.br\/wp-content\/uploads\/2024\/07\/450119866_458693713763144_1669654131980108956_n.jpg 720w\" sizes=\"(max-width: 150px) 100vw, 150px\" \/><\/a>\n\t\t\t<\/dt><\/dl><dl class='gallery-item'>\n\t\t\t<dt class='gallery-icon landscape'>\n\t\t\t\t<a href='https:\/\/www.padreeustaquio.com.br\/en\/father-vanildo-ss-cc-was-ordained-in-a-ceremony-in-the-holy-spirit\/450085314_458693747096474_5485213355733084652_n\/'><img loading=\"lazy\" decoding=\"async\" width=\"150\" height=\"150\" src=\"https:\/\/www.padreeustaquio.com.br\/wp-content\/uploads\/2024\/07\/450085314_458693747096474_5485213355733084652_n-150x150.jpg\" class=\"attachment-thumbnail size-thumbnail\" alt=\"\" srcset=\"https:\/\/www.padreeustaquio.com.br\/wp-content\/uploads\/2024\/07\/450085314_458693747096474_5485213355733084652_n-150x150.jpg 150w, https:\/\/www.padreeustaquio.com.br\/wp-content\/uploads\/2024\/07\/450085314_458693747096474_5485213355733084652_n-300x300.jpg 300w, https:\/\/www.padreeustaquio.com.br\/wp-content\/uploads\/2024\/07\/450085314_458693747096474_5485213355733084652_n-75x75.jpg 75w, https:\/\/www.padreeustaquio.com.br\/wp-content\/uploads\/2024\/07\/450085314_458693747096474_5485213355733084652_n-180x180.jpg 180w, https:\/\/www.padreeustaquio.com.br\/wp-content\/uploads\/2024\/07\/450085314_458693747096474_5485213355733084652_n-400x400.jpg 400w, https:\/\/www.padreeustaquio.com.br\/wp-content\/uploads\/2024\/07\/450085314_458693747096474_5485213355733084652_n-600x600.jpg 600w, https:\/\/www.padreeustaquio.com.br\/wp-content\/uploads\/2024\/07\/450085314_458693747096474_5485213355733084652_n.jpg 720w\" sizes=\"(max-width: 150px) 100vw, 150px\" \/><\/a>\n\t\t\t<\/dt><\/dl><dl class='gallery-item'>\n\t\t\t<dt class='gallery-icon landscape'>\n\t\t\t\t<a href='https:\/\/www.padreeustaquio.com.br\/en\/father-vanildo-ss-cc-was-ordained-in-a-ceremony-in-the-holy-spirit\/450218520_458693733763142_3990808616497411036_n-2\/'><img loading=\"lazy\" decoding=\"async\" width=\"150\" height=\"150\" src=\"https:\/\/www.padreeustaquio.com.br\/wp-content\/uploads\/2024\/07\/450218520_458693733763142_3990808616497411036_n-1-150x150.jpg\" class=\"attachment-thumbnail size-thumbnail\" alt=\"\" srcset=\"https:\/\/www.padreeustaquio.com.br\/wp-content\/uploads\/2024\/07\/450218520_458693733763142_3990808616497411036_n-1-150x150.jpg 150w, https:\/\/www.padreeustaquio.com.br\/wp-content\/uploads\/2024\/07\/450218520_458693733763142_3990808616497411036_n-1-300x300.jpg 300w, https:\/\/www.padreeustaquio.com.br\/wp-content\/uploads\/2024\/07\/450218520_458693733763142_3990808616497411036_n-1-75x75.jpg 75w, https:\/\/www.padreeustaquio.com.br\/wp-content\/uploads\/2024\/07\/450218520_458693733763142_3990808616497411036_n-1-180x180.jpg 180w, https:\/\/www.padreeustaquio.com.br\/wp-content\/uploads\/2024\/07\/450218520_458693733763142_3990808616497411036_n-1-400x400.jpg 400w, https:\/\/www.padreeustaquio.com.br\/wp-content\/uploads\/2024\/07\/450218520_458693733763142_3990808616497411036_n-1-600x600.jpg 600w, https:\/\/www.padreeustaquio.com.br\/wp-content\/uploads\/2024\/07\/450218520_458693733763142_3990808616497411036_n-1.jpg 720w\" sizes=\"(max-width: 150px) 100vw, 150px\" \/><\/a>\n\t\t\t<\/dt><\/dl><br style=\"clear: both\" \/>\n\t\t<\/div>","protected":false},"excerpt":{"rendered":"<p>O mais novo padre da Congrega\u00e7\u00e3o dos Sagrados Cora\u00e7\u00f5es foi ordenado sacerdote no \u00faltimo final de semana. A Celebra\u00e7\u00e3o Eucar\u00edstica com o rito de ordena\u00e7\u00e3o foi realizada nesse domingo, dia 7 de julho, na Comunidade S\u00e3o Miguel Arcanjo, em Guarapari, no Espirito Santo. A ordena\u00e7\u00e3o do agora Padre Vanildo Lima Sena, SSCC, foi acompanhada de perto por familiares, amigos e toda a comunidade que lotou a quadra do local. Cerca de 800 pessoas estiveram presentes e outras tantas acompanharam a cerim\u00f4nia pelo Canal Padre Eust\u00e1quio que transmitiu tudo pelo YouTube. Reveja conosco CLICANDO AQUI! Dom Andherson Franklin Lustoza de Souza, [&hellip;]<\/p>\n","protected":false},"author":2,"featured_media":11446,"comment_status":"open","ping_status":"closed","sticky":false,"template":"","format":"standard","meta":{"_acf_changed":false,"footnotes":""},"categories":[611],"tags":[],"class_list":["post-11437","post","type-post","status-publish","format-standard","has-post-thumbnail","hentry","category-noticias"],"acf":[],"yoast_head":"<!-- This site is optimized with the Yoast SEO plugin v27.2 - https:\/\/yoast.com\/product\/yoast-seo-wordpress\/ -->\n<title>Padre Vanildo, SS.CC \u00e9 ordenado em cerim\u00f4nia no Esp\u00edrito Santo<\/title>\n<meta name=\"description\" content=\"O mais novo padre da Congrega\u00e7\u00e3o dos Sagrados Cora\u00e7\u00f5es foi ordenado sacerdote no \u00faltimo final de semana. A Celebra\u00e7\u00e3o Eucar\u00edstica com o rito de ordena\u00e7\u00e3o foi realizada nesse domingo, dia 7 de julho, na Comunidade S\u00e3o Miguel Arcanjo, em Guarapari, no Espirito Santo.\" \/>\n<meta name=\"robots\" content=\"index, follow, max-snippet:-1, max-image-preview:large, max-video-preview:-1\" \/>\n<link rel=\"canonical\" href=\"https:\/\/www.padreeustaquio.com.br\/en\/father-vanildo-ss-cc-was-ordained-in-a-ceremony-in-the-holy-spirit\/\" \/>\n<meta property=\"og:locale\" content=\"en_US\" \/>\n<meta property=\"og:type\" content=\"article\" \/>\n<meta property=\"og:title\" content=\"Padre Vanildo, SS.CC \u00e9 ordenado em cerim\u00f4nia no Esp\u00edrito Santo\" \/>\n<meta property=\"og:description\" content=\"O mais novo padre da Congrega\u00e7\u00e3o dos Sagrados Cora\u00e7\u00f5es foi ordenado sacerdote no \u00faltimo final de semana. A Celebra\u00e7\u00e3o Eucar\u00edstica com o rito de ordena\u00e7\u00e3o foi realizada nesse domingo, dia 7 de julho, na Comunidade S\u00e3o Miguel Arcanjo, em Guarapari, no Espirito Santo.\" \/>\n<meta property=\"og:url\" content=\"https:\/\/www.padreeustaquio.com.br\/en\/father-vanildo-ss-cc-was-ordained-in-a-ceremony-in-the-holy-spirit\/\" \/>\n<meta property=\"og:site_name\" content=\"Padre Eust\u00e1quio\" \/>\n<meta property=\"article:publisher\" content=\"https:\/\/www.facebook.com\/beatopadreeustaquio\/\" \/>\n<meta property=\"article:published_time\" content=\"2024-07-09T11:34:45+00:00\" \/>\n<meta property=\"og:image\" content=\"https:\/\/www.padreeustaquio.com.br\/wp-content\/uploads\/2024\/07\/450085314_458693747096474_5485213355733084652_n.jpg\" \/>\n\t<meta property=\"og:image:width\" content=\"720\" \/>\n\t<meta property=\"og:image:height\" content=\"720\" \/>\n\t<meta property=\"og:image:type\" content=\"image\/jpeg\" \/>\n<meta name=\"author\" content=\"@sscc\" \/>\n<meta name=\"twitter:card\" content=\"summary_large_image\" \/>\n<meta name=\"twitter:creator\" content=\"@beatopeustaquio\" \/>\n<meta name=\"twitter:site\" content=\"@beatopeustaquio\" \/>\n<meta name=\"twitter:label1\" content=\"Written by\" \/>\n\t<meta name=\"twitter:data1\" content=\"@sscc\" \/>\n\t<meta name=\"twitter:label2\" content=\"Est. reading time\" \/>\n\t<meta name=\"twitter:data2\" content=\"3 minutes\" \/>\n<script type=\"application\/ld+json\" class=\"yoast-schema-graph\">{\"@context\":\"https:\/\/schema.org\",\"@graph\":[{\"@type\":\"Article\",\"@id\":\"https:\/\/www.padreeustaquio.com.br\/padre-vanildo-ss-cc-e-ordenado-em-cerimonia-no-espirito-santo\/#article\",\"isPartOf\":{\"@id\":\"https:\/\/www.padreeustaquio.com.br\/padre-vanildo-ss-cc-e-ordenado-em-cerimonia-no-espirito-santo\/\"},\"author\":{\"name\":\"@sscc\",\"@id\":\"https:\/\/www.padreeustaquio.com.br\/#\/schema\/person\/a2a51db1d00f1a7af0204a0f1ddb1566\"},\"headline\":\"Padre Vanildo, SS.CC \u00e9 ordenado em cerim\u00f4nia no Esp\u00edrito Santo\",\"datePublished\":\"2024-07-09T11:34:45+00:00\",\"mainEntityOfPage\":{\"@id\":\"https:\/\/www.padreeustaquio.com.br\/padre-vanildo-ss-cc-e-ordenado-em-cerimonia-no-espirito-santo\/\"},\"wordCount\":380,\"commentCount\":0,\"publisher\":{\"@id\":\"https:\/\/www.padreeustaquio.com.br\/#organization\"},\"image\":{\"@id\":\"https:\/\/www.padreeustaquio.com.br\/padre-vanildo-ss-cc-e-ordenado-em-cerimonia-no-espirito-santo\/#primaryimage\"},\"thumbnailUrl\":\"https:\/\/www.padreeustaquio.com.br\/wp-content\/uploads\/2024\/07\/450085314_458693747096474_5485213355733084652_n.jpg\",\"articleSection\":[\"Not\u00edcias\"],\"inLanguage\":\"en-US\",\"potentialAction\":[{\"@type\":\"CommentAction\",\"name\":\"Comment\",\"target\":[\"https:\/\/www.padreeustaquio.com.br\/padre-vanildo-ss-cc-e-ordenado-em-cerimonia-no-espirito-santo\/#respond\"]}]},{\"@type\":\"WebPage\",\"@id\":\"https:\/\/www.padreeustaquio.com.br\/padre-vanildo-ss-cc-e-ordenado-em-cerimonia-no-espirito-santo\/\",\"url\":\"https:\/\/www.padreeustaquio.com.br\/padre-vanildo-ss-cc-e-ordenado-em-cerimonia-no-espirito-santo\/\",\"name\":\"Padre Vanildo, SS.CC \u00e9 ordenado em cerim\u00f4nia no Esp\u00edrito Santo\",\"isPartOf\":{\"@id\":\"https:\/\/www.padreeustaquio.com.br\/#website\"},\"primaryImageOfPage\":{\"@id\":\"https:\/\/www.padreeustaquio.com.br\/padre-vanildo-ss-cc-e-ordenado-em-cerimonia-no-espirito-santo\/#primaryimage\"},\"image\":{\"@id\":\"https:\/\/www.padreeustaquio.com.br\/padre-vanildo-ss-cc-e-ordenado-em-cerimonia-no-espirito-santo\/#primaryimage\"},\"thumbnailUrl\":\"https:\/\/www.padreeustaquio.com.br\/wp-content\/uploads\/2024\/07\/450085314_458693747096474_5485213355733084652_n.jpg\",\"datePublished\":\"2024-07-09T11:34:45+00:00\",\"description\":\"O mais novo padre da Congrega\u00e7\u00e3o dos Sagrados Cora\u00e7\u00f5es foi ordenado sacerdote no \u00faltimo final de semana. A Celebra\u00e7\u00e3o Eucar\u00edstica com o rito de ordena\u00e7\u00e3o foi realizada nesse domingo, dia 7 de julho, na Comunidade S\u00e3o Miguel Arcanjo, em Guarapari, no Espirito Santo.\",\"breadcrumb\":{\"@id\":\"https:\/\/www.padreeustaquio.com.br\/padre-vanildo-ss-cc-e-ordenado-em-cerimonia-no-espirito-santo\/#breadcrumb\"},\"inLanguage\":\"en-US\",\"potentialAction\":[{\"@type\":\"ReadAction\",\"target\":[\"https:\/\/www.padreeustaquio.com.br\/padre-vanildo-ss-cc-e-ordenado-em-cerimonia-no-espirito-santo\/\"]}]},{\"@type\":\"ImageObject\",\"inLanguage\":\"en-US\",\"@id\":\"https:\/\/www.padreeustaquio.com.br\/padre-vanildo-ss-cc-e-ordenado-em-cerimonia-no-espirito-santo\/#primaryimage\",\"url\":\"https:\/\/www.padreeustaquio.com.br\/wp-content\/uploads\/2024\/07\/450085314_458693747096474_5485213355733084652_n.jpg\",\"contentUrl\":\"https:\/\/www.padreeustaquio.com.br\/wp-content\/uploads\/2024\/07\/450085314_458693747096474_5485213355733084652_n.jpg\",\"width\":720,\"height\":720},{\"@type\":\"BreadcrumbList\",\"@id\":\"https:\/\/www.padreeustaquio.com.br\/padre-vanildo-ss-cc-e-ordenado-em-cerimonia-no-espirito-santo\/#breadcrumb\",\"itemListElement\":[{\"@type\":\"ListItem\",\"position\":1,\"name\":\"In\u00edcio\",\"item\":\"https:\/\/www.padreeustaquio.com.br\/\"},{\"@type\":\"ListItem\",\"position\":2,\"name\":\"Padre Vanildo, SS.CC \u00e9 ordenado em cerim\u00f4nia no Esp\u00edrito Santo\"}]},{\"@type\":\"WebSite\",\"@id\":\"https:\/\/www.padreeustaquio.com.br\/#website\",\"url\":\"https:\/\/www.padreeustaquio.com.br\/\",\"name\":\"Padre Eust\u00e1quio\",\"description\":\"Sa\u00fade e Paz\",\"publisher\":{\"@id\":\"https:\/\/www.padreeustaquio.com.br\/#organization\"},\"potentialAction\":[{\"@type\":\"SearchAction\",\"target\":{\"@type\":\"EntryPoint\",\"urlTemplate\":\"https:\/\/www.padreeustaquio.com.br\/?s={search_term_string}\"},\"query-input\":{\"@type\":\"PropertyValueSpecification\",\"valueRequired\":true,\"valueName\":\"search_term_string\"}}],\"inLanguage\":\"en-US\"},{\"@type\":\"Organization\",\"@id\":\"https:\/\/www.padreeustaquio.com.br\/#organization\",\"name\":\"Padre Eust\u00e1quio\",\"url\":\"https:\/\/www.padreeustaquio.com.br\/\",\"logo\":{\"@type\":\"ImageObject\",\"inLanguage\":\"en-US\",\"@id\":\"https:\/\/www.padreeustaquio.com.br\/#\/schema\/logo\/image\/\",\"url\":\"https:\/\/www.padreeustaquio.com.br\/wp-content\/uploads\/2019\/08\/marca.png\",\"contentUrl\":\"https:\/\/www.padreeustaquio.com.br\/wp-content\/uploads\/2019\/08\/marca.png\",\"width\":350,\"height\":400,\"caption\":\"Padre Eust\u00e1quio\"},\"image\":{\"@id\":\"https:\/\/www.padreeustaquio.com.br\/#\/schema\/logo\/image\/\"},\"sameAs\":[\"https:\/\/www.facebook.com\/beatopadreeustaquio\/\",\"https:\/\/x.com\/beatopeustaquio\",\"https:\/\/www.instagram.com\/beatopadreeustaquio\/\",\"https:\/\/www.youtube.com\/channel\/UCRhw7vfabnajwLxb1ZXMeIw\"]},{\"@type\":\"Person\",\"@id\":\"https:\/\/www.padreeustaquio.com.br\/#\/schema\/person\/a2a51db1d00f1a7af0204a0f1ddb1566\",\"name\":\"@sscc\",\"image\":{\"@type\":\"ImageObject\",\"inLanguage\":\"en-US\",\"@id\":\"https:\/\/secure.gravatar.com\/avatar\/68cfafa5f44617fea54071e215026e0ff06be366c3d54a8425f04fdcb86f8c5f?s=96&d=mm&r=g\",\"url\":\"https:\/\/secure.gravatar.com\/avatar\/68cfafa5f44617fea54071e215026e0ff06be366c3d54a8425f04fdcb86f8c5f?s=96&d=mm&r=g\",\"contentUrl\":\"https:\/\/secure.gravatar.com\/avatar\/68cfafa5f44617fea54071e215026e0ff06be366c3d54a8425f04fdcb86f8c5f?s=96&d=mm&r=g\",\"caption\":\"@sscc\"},\"url\":\"https:\/\/www.padreeustaquio.com.br\/en\/author\/sscc\/\"}]}<\/script>\n<!-- \/ Yoast SEO plugin. -->","yoast_head_json":{"title":"Father Vanildo, SS.CC, is ordained in a ceremony in Esp\u00edrito Santo.","description":"The newest priest of the Congregation of the Sacred Hearts was ordained last weekend. The Eucharistic Celebration with the ordination rite was held this Sunday, July 7th, at the S\u00e3o Miguel Arcanjo Community in Guarapari, Esp\u00edrito Santo.","robots":{"index":"index","follow":"follow","max-snippet":"max-snippet:-1","max-image-preview":"max-image-preview:large","max-video-preview":"max-video-preview:-1"},"canonical":"https:\/\/www.padreeustaquio.com.br\/en\/father-vanildo-ss-cc-was-ordained-in-a-ceremony-in-the-holy-spirit\/","og_locale":"en_US","og_type":"article","og_title":"Padre Vanildo, SS.CC \u00e9 ordenado em cerim\u00f4nia no Esp\u00edrito Santo","og_description":"O mais novo padre da Congrega\u00e7\u00e3o dos Sagrados Cora\u00e7\u00f5es foi ordenado sacerdote no \u00faltimo final de semana. A Celebra\u00e7\u00e3o Eucar\u00edstica com o rito de ordena\u00e7\u00e3o foi realizada nesse domingo, dia 7 de julho, na Comunidade S\u00e3o Miguel Arcanjo, em Guarapari, no Espirito Santo.","og_url":"https:\/\/www.padreeustaquio.com.br\/en\/father-vanildo-ss-cc-was-ordained-in-a-ceremony-in-the-holy-spirit\/","og_site_name":"Padre Eust\u00e1quio","article_publisher":"https:\/\/www.facebook.com\/beatopadreeustaquio\/","article_published_time":"2024-07-09T11:34:45+00:00","og_image":[{"width":720,"height":720,"url":"https:\/\/www.padreeustaquio.com.br\/wp-content\/uploads\/2024\/07\/450085314_458693747096474_5485213355733084652_n.jpg","type":"image\/jpeg"}],"author":"@sscc","twitter_card":"summary_large_image","twitter_creator":"@beatopeustaquio","twitter_site":"@beatopeustaquio","twitter_misc":{"Written by":"@sscc","Est. reading time":"3 minutes"},"schema":{"@context":"https:\/\/schema.org","@graph":[{"@type":"Article","@id":"https:\/\/www.padreeustaquio.com.br\/padre-vanildo-ss-cc-e-ordenado-em-cerimonia-no-espirito-santo\/#article","isPartOf":{"@id":"https:\/\/www.padreeustaquio.com.br\/padre-vanildo-ss-cc-e-ordenado-em-cerimonia-no-espirito-santo\/"},"author":{"name":"@sscc","@id":"https:\/\/www.padreeustaquio.com.br\/#\/schema\/person\/a2a51db1d00f1a7af0204a0f1ddb1566"},"headline":"Padre Vanildo, SS.CC \u00e9 ordenado em cerim\u00f4nia no Esp\u00edrito Santo","datePublished":"2024-07-09T11:34:45+00:00","mainEntityOfPage":{"@id":"https:\/\/www.padreeustaquio.com.br\/padre-vanildo-ss-cc-e-ordenado-em-cerimonia-no-espirito-santo\/"},"wordCount":380,"commentCount":0,"publisher":{"@id":"https:\/\/www.padreeustaquio.com.br\/#organization"},"image":{"@id":"https:\/\/www.padreeustaquio.com.br\/padre-vanildo-ss-cc-e-ordenado-em-cerimonia-no-espirito-santo\/#primaryimage"},"thumbnailUrl":"https:\/\/www.padreeustaquio.com.br\/wp-content\/uploads\/2024\/07\/450085314_458693747096474_5485213355733084652_n.jpg","articleSection":["Not\u00edcias"],"inLanguage":"en-US","potentialAction":[{"@type":"CommentAction","name":"Comment","target":["https:\/\/www.padreeustaquio.com.br\/padre-vanildo-ss-cc-e-ordenado-em-cerimonia-no-espirito-santo\/#respond"]}]},{"@type":"WebPage","@id":"https:\/\/www.padreeustaquio.com.br\/padre-vanildo-ss-cc-e-ordenado-em-cerimonia-no-espirito-santo\/","url":"https:\/\/www.padreeustaquio.com.br\/padre-vanildo-ss-cc-e-ordenado-em-cerimonia-no-espirito-santo\/","name":"Father Vanildo, SS.CC, is ordained in a ceremony in Esp\u00edrito Santo.","isPartOf":{"@id":"https:\/\/www.padreeustaquio.com.br\/#website"},"primaryImageOfPage":{"@id":"https:\/\/www.padreeustaquio.com.br\/padre-vanildo-ss-cc-e-ordenado-em-cerimonia-no-espirito-santo\/#primaryimage"},"image":{"@id":"https:\/\/www.padreeustaquio.com.br\/padre-vanildo-ss-cc-e-ordenado-em-cerimonia-no-espirito-santo\/#primaryimage"},"thumbnailUrl":"https:\/\/www.padreeustaquio.com.br\/wp-content\/uploads\/2024\/07\/450085314_458693747096474_5485213355733084652_n.jpg","datePublished":"2024-07-09T11:34:45+00:00","description":"The newest priest of the Congregation of the Sacred Hearts was ordained last weekend. The Eucharistic Celebration with the ordination rite was held this Sunday, July 7th, at the S\u00e3o Miguel Arcanjo Community in Guarapari, Esp\u00edrito Santo.","breadcrumb":{"@id":"https:\/\/www.padreeustaquio.com.br\/padre-vanildo-ss-cc-e-ordenado-em-cerimonia-no-espirito-santo\/#breadcrumb"},"inLanguage":"en-US","potentialAction":[{"@type":"ReadAction","target":["https:\/\/www.padreeustaquio.com.br\/padre-vanildo-ss-cc-e-ordenado-em-cerimonia-no-espirito-santo\/"]}]},{"@type":"ImageObject","inLanguage":"en-US","@id":"https:\/\/www.padreeustaquio.com.br\/padre-vanildo-ss-cc-e-ordenado-em-cerimonia-no-espirito-santo\/#primaryimage","url":"https:\/\/www.padreeustaquio.com.br\/wp-content\/uploads\/2024\/07\/450085314_458693747096474_5485213355733084652_n.jpg","contentUrl":"https:\/\/www.padreeustaquio.com.br\/wp-content\/uploads\/2024\/07\/450085314_458693747096474_5485213355733084652_n.jpg","width":720,"height":720},{"@type":"BreadcrumbList","@id":"https:\/\/www.padreeustaquio.com.br\/padre-vanildo-ss-cc-e-ordenado-em-cerimonia-no-espirito-santo\/#breadcrumb","itemListElement":[{"@type":"ListItem","position":1,"name":"In\u00edcio","item":"https:\/\/www.padreeustaquio.com.br\/"},{"@type":"ListItem","position":2,"name":"Padre Vanildo, SS.CC \u00e9 ordenado em cerim\u00f4nia no Esp\u00edrito Santo"}]},{"@type":"WebSite","@id":"https:\/\/www.padreeustaquio.com.br\/#website","url":"https:\/\/www.padreeustaquio.com.br\/","name":"FATHER EUST\u00c1QUIO","description":"Health and Peace","publisher":{"@id":"https:\/\/www.padreeustaquio.com.br\/#organization"},"potentialAction":[{"@type":"SearchAction","target":{"@type":"EntryPoint","urlTemplate":"https:\/\/www.padreeustaquio.com.br\/?s={search_term_string}"},"query-input":{"@type":"PropertyValueSpecification","valueRequired":true,"valueName":"search_term_string"}}],"inLanguage":"en-US"},{"@type":"Organization","@id":"https:\/\/www.padreeustaquio.com.br\/#organization","name":"FATHER EUST\u00c1QUIO","url":"https:\/\/www.padreeustaquio.com.br\/","logo":{"@type":"ImageObject","inLanguage":"en-US","@id":"https:\/\/www.padreeustaquio.com.br\/#\/schema\/logo\/image\/","url":"https:\/\/www.padreeustaquio.com.br\/wp-content\/uploads\/2019\/08\/marca.png","contentUrl":"https:\/\/www.padreeustaquio.com.br\/wp-content\/uploads\/2019\/08\/marca.png","width":350,"height":400,"caption":"Padre Eust\u00e1quio"},"image":{"@id":"https:\/\/www.padreeustaquio.com.br\/#\/schema\/logo\/image\/"},"sameAs":["https:\/\/www.facebook.com\/beatopadreeustaquio\/","https:\/\/x.com\/beatopeustaquio","https:\/\/www.instagram.com\/beatopadreeustaquio\/","https:\/\/www.youtube.com\/channel\/UCRhw7vfabnajwLxb1ZXMeIw"]},{"@type":"Person","@id":"https:\/\/www.padreeustaquio.com.br\/#\/schema\/person\/a2a51db1d00f1a7af0204a0f1ddb1566","name":"@sscc","image":{"@type":"ImageObject","inLanguage":"en-US","@id":"https:\/\/secure.gravatar.com\/avatar\/68cfafa5f44617fea54071e215026e0ff06be366c3d54a8425f04fdcb86f8c5f?s=96&d=mm&r=g","url":"https:\/\/secure.gravatar.com\/avatar\/68cfafa5f44617fea54071e215026e0ff06be366c3d54a8425f04fdcb86f8c5f?s=96&d=mm&r=g","contentUrl":"https:\/\/secure.gravatar.com\/avatar\/68cfafa5f44617fea54071e215026e0ff06be366c3d54a8425f04fdcb86f8c5f?s=96&d=mm&r=g","caption":"@sscc"},"url":"https:\/\/www.padreeustaquio.com.br\/en\/author\/sscc\/"}]}},"_links":{"self":[{"href":"https:\/\/www.padreeustaquio.com.br\/en\/wp-json\/wp\/v2\/posts\/11437","targetHints":{"allow":["GET"]}}],"collection":[{"href":"https:\/\/www.padreeustaquio.com.br\/en\/wp-json\/wp\/v2\/posts"}],"about":[{"href":"https:\/\/www.padreeustaquio.com.br\/en\/wp-json\/wp\/v2\/types\/post"}],"author":[{"embeddable":true,"href":"https:\/\/www.padreeustaquio.com.br\/en\/wp-json\/wp\/v2\/users\/2"}],"replies":[{"embeddable":true,"href":"https:\/\/www.padreeustaquio.com.br\/en\/wp-json\/wp\/v2\/comments?post=11437"}],"version-history":[{"count":0,"href":"https:\/\/www.padreeustaquio.com.br\/en\/wp-json\/wp\/v2\/posts\/11437\/revisions"}],"wp:featuredmedia":[{"embeddable":true,"href":"https:\/\/www.padreeustaquio.com.br\/en\/wp-json\/wp\/v2\/media\/11446"}],"wp:attachment":[{"href":"https:\/\/www.padreeustaquio.com.br\/en\/wp-json\/wp\/v2\/media?parent=11437"}],"wp:term":[{"taxonomy":"category","embeddable":true,"href":"https:\/\/www.padreeustaquio.com.br\/en\/wp-json\/wp\/v2\/categories?post=11437"},{"taxonomy":"post_tag","embeddable":true,"href":"https:\/\/www.padreeustaquio.com.br\/en\/wp-json\/wp\/v2\/tags?post=11437"}],"curies":[{"name":"wp","href":"https:\/\/api.w.org\/{rel}","templated":true}]}}