{"id":11434,"date":"2024-07-05T07:48:28","date_gmt":"2024-07-05T10:48:28","guid":{"rendered":"https:\/\/www.padreeustaquio.com.br\/?p=11434"},"modified":"2024-07-30T13:15:30","modified_gmt":"2024-07-30T16:15:30","slug":"the-padre-eustaquio-channel-will-broadcast-the-ordination-of-deacon-vanildo-this-sunday","status":"publish","type":"post","link":"https:\/\/www.padreeustaquio.com.br\/en\/the-padre-eustaquio-channel-will-broadcast-the-ordination-of-deacon-vanildo-this-sunday\/","title":{"rendered":"Padre Eust\u00e1quio Channel broadcasts the Ordination of Deacon Vanildo."},"content":{"rendered":"<p>This Sunday, July 7th, at 10 AM, the Padre Eust\u00e1quio Channel will broadcast live the Presbyteral Ordination of Deacon Vanildo Lima Sena, SSCC. The ceremony will be held at the S\u00e3o Miguel community in Guarapari, Esp\u00edrito Santo. <a href=\"https:\/\/www.youtube.com\/watch?v=hwY7rDhvUGk\">CLICK HERE<\/a> And follow along with us!<\/p>\n<p>Presided over by Dom Andherson Franklin Lustoza de Souza, auxiliary bishop of the Archdiocese of Vit\u00f3ria-ES, the celebration at the S\u00e3o Jos\u00e9 Parish in Guarapari will be attended by fellow members of the congregation and friends, as well as the deacon&#039;s family.<\/p>\n<p>The Holy Mass with the laying on of hands by Bishop Andherson and the consecratory prayer will take place in the community&#039;s sports court and will be broadcast live on the Padre Eust\u00e1quio Channel on YouTube.<\/p>\n<p><strong>Deacon Vanildo Lima Sena, SSCC<\/strong><\/p>\n<p>Vanildo Lima Sena, SS.CC. was born in the city of Anchieta-ES, on December 12, 1992. Son of Valdemir Jos\u00e9 Sena and Marilza Machado Lima Sena, he entered the Congregation of the Sacred Hearts in 2016. He completed his novitiate in 2019 in Chaclacayo and professed his first vows on January 25, 2020, in the Chapel of Casa Anchieta in Boraceia-SP.<\/p>\n<p>He completed his Theology studies in 2020 at the Jesuit Faculty. In 2021, he completed his pastoral year at the Sacred Hearts Community in Tijuca, Rio de Janeiro. In 2022, he began residing in the religious community of the Sanctuary of Health and Peace in Belo Horizonte, where he served pastorally until November 2023. He professed his Perpetual Vows on July 27, 2023, at the S\u00e3o Jos\u00e9 Oper\u00e1rio Chapel in Pindamonhangaba, S\u00e3o Paulo.<\/p>\n<p>On November 10, 2023, he was ordained a Deacon by Bishop Alo\u00edsio Pena Vitral at the Church of Blessed Father Eust\u00e1quio in Belo Horizonte, Minas Gerais. From that date, he began his mission in Pedra Azul, in the Jequitinhonha Valley, a role he continues to this day.<\/p>","protected":false},"excerpt":{"rendered":"<p>Neste domingo, dia 7 de julho, \u00e0s 10h, o Canal Padre Eust\u00e1quio transmite, ao vivo, a Ordena\u00e7\u00e3o Presbiteral do Di\u00e1cono Vanildo Lima Sena, SSCC. A cerim\u00f4nia ser\u00e1 realizada na comunidade S\u00e3o Miguel, em Guarapari-ES. CLIQUE AQUI e acompanhe conosco! Presidida por Dom Andherson Franklin Lustoza de Souza, bispo auxiliar da Arquidiocese de Vit\u00f3ria-ES, a celebra\u00e7\u00e3o na Par\u00f3quia S\u00e3o Jos\u00e9 de Guarapari, contar\u00e1 com a presen\u00e7a dos irm\u00e3os de congrega\u00e7\u00e3o e amigos, al\u00e9m da fam\u00edlia do di\u00e1cono. A Santa Missa com a imposi\u00e7\u00e3o das m\u00e3os de Dom Andherson e ora\u00e7\u00e3o consecrat\u00f3ria acontecer\u00e1 na quadra poliesportiva da comunidade e ser\u00e1 transmitida, ao [&hellip;]<\/p>\n","protected":false},"author":2,"featured_media":11435,"comment_status":"open","ping_status":"closed","sticky":false,"template":"","format":"standard","meta":{"_acf_changed":false,"footnotes":""},"categories":[611],"tags":[],"class_list":["post-11434","post","type-post","status-publish","format-standard","has-post-thumbnail","hentry","category-noticias"],"acf":[],"yoast_head":"<!-- This site is optimized with the Yoast SEO plugin v27.2 - https:\/\/yoast.com\/product\/yoast-seo-wordpress\/ -->\n<title>Canal Padre Eust\u00e1quio exibe a Ordena\u00e7\u00e3o do Di\u00e1cono Vanildo<\/title>\n<meta name=\"description\" content=\"Neste domingo, dia 7 de julho, \u00e0s 10h, o Canal Padre Eust\u00e1quio transmite, ao vivo, a Ordena\u00e7\u00e3o Presbiteral do Di\u00e1cono Vanildo Lima Sena, SSCC. A cerim\u00f4nia ser\u00e1 realizada na comunidade S\u00e3o Miguel, em Guarapari-ES. CLIQUE AQUI e acompanhe conosco!\" \/>\n<meta name=\"robots\" content=\"index, follow, max-snippet:-1, max-image-preview:large, max-video-preview:-1\" \/>\n<link rel=\"canonical\" href=\"https:\/\/www.padreeustaquio.com.br\/en\/the-padre-eustaquio-channel-will-broadcast-the-ordination-of-deacon-vanildo-this-sunday\/\" \/>\n<meta property=\"og:locale\" content=\"en_US\" \/>\n<meta property=\"og:type\" content=\"article\" \/>\n<meta property=\"og:title\" content=\"Canal Padre Eust\u00e1quio exibe a Ordena\u00e7\u00e3o do Di\u00e1cono Vanildo\" \/>\n<meta property=\"og:description\" content=\"Neste domingo, dia 7 de julho, \u00e0s 10h, o Canal Padre Eust\u00e1quio transmite, ao vivo, a Ordena\u00e7\u00e3o Presbiteral do Di\u00e1cono Vanildo Lima Sena, SSCC. A cerim\u00f4nia ser\u00e1 realizada na comunidade S\u00e3o Miguel, em Guarapari-ES. CLIQUE AQUI e acompanhe conosco!\" \/>\n<meta property=\"og:url\" content=\"https:\/\/www.padreeustaquio.com.br\/en\/the-padre-eustaquio-channel-will-broadcast-the-ordination-of-deacon-vanildo-this-sunday\/\" \/>\n<meta property=\"og:site_name\" content=\"Padre Eust\u00e1quio\" \/>\n<meta property=\"article:publisher\" content=\"https:\/\/www.facebook.com\/beatopadreeustaquio\/\" \/>\n<meta property=\"article:published_time\" content=\"2024-07-05T10:48:28+00:00\" \/>\n<meta property=\"article:modified_time\" content=\"2024-07-30T16:15:30+00:00\" \/>\n<meta property=\"og:image\" content=\"https:\/\/www.padreeustaquio.com.br\/wp-content\/uploads\/2024\/07\/07-VANILDO.jpg\" \/>\n\t<meta property=\"og:image:width\" content=\"1920\" \/>\n\t<meta property=\"og:image:height\" content=\"1080\" \/>\n\t<meta property=\"og:image:type\" content=\"image\/jpeg\" \/>\n<meta name=\"author\" content=\"@sscc\" \/>\n<meta name=\"twitter:card\" content=\"summary_large_image\" \/>\n<meta name=\"twitter:creator\" content=\"@beatopeustaquio\" \/>\n<meta name=\"twitter:site\" content=\"@beatopeustaquio\" \/>\n<meta name=\"twitter:label1\" content=\"Written by\" \/>\n\t<meta name=\"twitter:data1\" content=\"@sscc\" \/>\n\t<meta name=\"twitter:label2\" content=\"Est. reading time\" \/>\n\t<meta name=\"twitter:data2\" content=\"2 minutes\" \/>\n<script type=\"application\/ld+json\" class=\"yoast-schema-graph\">{\"@context\":\"https:\/\/schema.org\",\"@graph\":[{\"@type\":\"Article\",\"@id\":\"https:\/\/www.padreeustaquio.com.br\/canal-padre-eustaquio-exibe-neste-domingo-a-ordenacao-do-diac-vanildo\/#article\",\"isPartOf\":{\"@id\":\"https:\/\/www.padreeustaquio.com.br\/canal-padre-eustaquio-exibe-neste-domingo-a-ordenacao-do-diac-vanildo\/\"},\"author\":{\"name\":\"@sscc\",\"@id\":\"https:\/\/www.padreeustaquio.com.br\/#\/schema\/person\/a2a51db1d00f1a7af0204a0f1ddb1566\"},\"headline\":\"Canal Padre Eust\u00e1quio exibe a Ordena\u00e7\u00e3o do Di\u00e1cono Vanildo\",\"datePublished\":\"2024-07-05T10:48:28+00:00\",\"dateModified\":\"2024-07-30T16:15:30+00:00\",\"mainEntityOfPage\":{\"@id\":\"https:\/\/www.padreeustaquio.com.br\/canal-padre-eustaquio-exibe-neste-domingo-a-ordenacao-do-diac-vanildo\/\"},\"wordCount\":315,\"commentCount\":0,\"publisher\":{\"@id\":\"https:\/\/www.padreeustaquio.com.br\/#organization\"},\"image\":{\"@id\":\"https:\/\/www.padreeustaquio.com.br\/canal-padre-eustaquio-exibe-neste-domingo-a-ordenacao-do-diac-vanildo\/#primaryimage\"},\"thumbnailUrl\":\"https:\/\/www.padreeustaquio.com.br\/wp-content\/uploads\/2024\/07\/07-VANILDO.jpg\",\"articleSection\":[\"Not\u00edcias\"],\"inLanguage\":\"en-US\",\"potentialAction\":[{\"@type\":\"CommentAction\",\"name\":\"Comment\",\"target\":[\"https:\/\/www.padreeustaquio.com.br\/canal-padre-eustaquio-exibe-neste-domingo-a-ordenacao-do-diac-vanildo\/#respond\"]}]},{\"@type\":\"WebPage\",\"@id\":\"https:\/\/www.padreeustaquio.com.br\/canal-padre-eustaquio-exibe-neste-domingo-a-ordenacao-do-diac-vanildo\/\",\"url\":\"https:\/\/www.padreeustaquio.com.br\/canal-padre-eustaquio-exibe-neste-domingo-a-ordenacao-do-diac-vanildo\/\",\"name\":\"Canal Padre Eust\u00e1quio exibe a Ordena\u00e7\u00e3o do Di\u00e1cono Vanildo\",\"isPartOf\":{\"@id\":\"https:\/\/www.padreeustaquio.com.br\/#website\"},\"primaryImageOfPage\":{\"@id\":\"https:\/\/www.padreeustaquio.com.br\/canal-padre-eustaquio-exibe-neste-domingo-a-ordenacao-do-diac-vanildo\/#primaryimage\"},\"image\":{\"@id\":\"https:\/\/www.padreeustaquio.com.br\/canal-padre-eustaquio-exibe-neste-domingo-a-ordenacao-do-diac-vanildo\/#primaryimage\"},\"thumbnailUrl\":\"https:\/\/www.padreeustaquio.com.br\/wp-content\/uploads\/2024\/07\/07-VANILDO.jpg\",\"datePublished\":\"2024-07-05T10:48:28+00:00\",\"dateModified\":\"2024-07-30T16:15:30+00:00\",\"description\":\"Neste domingo, dia 7 de julho, \u00e0s 10h, o Canal Padre Eust\u00e1quio transmite, ao vivo, a Ordena\u00e7\u00e3o Presbiteral do Di\u00e1cono Vanildo Lima Sena, SSCC. A cerim\u00f4nia ser\u00e1 realizada na comunidade S\u00e3o Miguel, em Guarapari-ES. CLIQUE AQUI e acompanhe conosco!\",\"breadcrumb\":{\"@id\":\"https:\/\/www.padreeustaquio.com.br\/canal-padre-eustaquio-exibe-neste-domingo-a-ordenacao-do-diac-vanildo\/#breadcrumb\"},\"inLanguage\":\"en-US\",\"potentialAction\":[{\"@type\":\"ReadAction\",\"target\":[\"https:\/\/www.padreeustaquio.com.br\/canal-padre-eustaquio-exibe-neste-domingo-a-ordenacao-do-diac-vanildo\/\"]}]},{\"@type\":\"ImageObject\",\"inLanguage\":\"en-US\",\"@id\":\"https:\/\/www.padreeustaquio.com.br\/canal-padre-eustaquio-exibe-neste-domingo-a-ordenacao-do-diac-vanildo\/#primaryimage\",\"url\":\"https:\/\/www.padreeustaquio.com.br\/wp-content\/uploads\/2024\/07\/07-VANILDO.jpg\",\"contentUrl\":\"https:\/\/www.padreeustaquio.com.br\/wp-content\/uploads\/2024\/07\/07-VANILDO.jpg\",\"width\":1920,\"height\":1080},{\"@type\":\"BreadcrumbList\",\"@id\":\"https:\/\/www.padreeustaquio.com.br\/canal-padre-eustaquio-exibe-neste-domingo-a-ordenacao-do-diac-vanildo\/#breadcrumb\",\"itemListElement\":[{\"@type\":\"ListItem\",\"position\":1,\"name\":\"In\u00edcio\",\"item\":\"https:\/\/www.padreeustaquio.com.br\/\"},{\"@type\":\"ListItem\",\"position\":2,\"name\":\"Canal Padre Eust\u00e1quio exibe a Ordena\u00e7\u00e3o do Di\u00e1cono Vanildo\"}]},{\"@type\":\"WebSite\",\"@id\":\"https:\/\/www.padreeustaquio.com.br\/#website\",\"url\":\"https:\/\/www.padreeustaquio.com.br\/\",\"name\":\"Padre Eust\u00e1quio\",\"description\":\"Sa\u00fade e Paz\",\"publisher\":{\"@id\":\"https:\/\/www.padreeustaquio.com.br\/#organization\"},\"potentialAction\":[{\"@type\":\"SearchAction\",\"target\":{\"@type\":\"EntryPoint\",\"urlTemplate\":\"https:\/\/www.padreeustaquio.com.br\/?s={search_term_string}\"},\"query-input\":{\"@type\":\"PropertyValueSpecification\",\"valueRequired\":true,\"valueName\":\"search_term_string\"}}],\"inLanguage\":\"en-US\"},{\"@type\":\"Organization\",\"@id\":\"https:\/\/www.padreeustaquio.com.br\/#organization\",\"name\":\"Padre Eust\u00e1quio\",\"url\":\"https:\/\/www.padreeustaquio.com.br\/\",\"logo\":{\"@type\":\"ImageObject\",\"inLanguage\":\"en-US\",\"@id\":\"https:\/\/www.padreeustaquio.com.br\/#\/schema\/logo\/image\/\",\"url\":\"https:\/\/www.padreeustaquio.com.br\/wp-content\/uploads\/2019\/08\/marca.png\",\"contentUrl\":\"https:\/\/www.padreeustaquio.com.br\/wp-content\/uploads\/2019\/08\/marca.png\",\"width\":350,\"height\":400,\"caption\":\"Padre Eust\u00e1quio\"},\"image\":{\"@id\":\"https:\/\/www.padreeustaquio.com.br\/#\/schema\/logo\/image\/\"},\"sameAs\":[\"https:\/\/www.facebook.com\/beatopadreeustaquio\/\",\"https:\/\/x.com\/beatopeustaquio\",\"https:\/\/www.instagram.com\/beatopadreeustaquio\/\",\"https:\/\/www.youtube.com\/channel\/UCRhw7vfabnajwLxb1ZXMeIw\"]},{\"@type\":\"Person\",\"@id\":\"https:\/\/www.padreeustaquio.com.br\/#\/schema\/person\/a2a51db1d00f1a7af0204a0f1ddb1566\",\"name\":\"@sscc\",\"image\":{\"@type\":\"ImageObject\",\"inLanguage\":\"en-US\",\"@id\":\"https:\/\/secure.gravatar.com\/avatar\/68cfafa5f44617fea54071e215026e0ff06be366c3d54a8425f04fdcb86f8c5f?s=96&d=mm&r=g\",\"url\":\"https:\/\/secure.gravatar.com\/avatar\/68cfafa5f44617fea54071e215026e0ff06be366c3d54a8425f04fdcb86f8c5f?s=96&d=mm&r=g\",\"contentUrl\":\"https:\/\/secure.gravatar.com\/avatar\/68cfafa5f44617fea54071e215026e0ff06be366c3d54a8425f04fdcb86f8c5f?s=96&d=mm&r=g\",\"caption\":\"@sscc\"},\"url\":\"https:\/\/www.padreeustaquio.com.br\/en\/author\/sscc\/\"}]}<\/script>\n<!-- \/ Yoast SEO plugin. -->","yoast_head_json":{"title":"Padre Eust\u00e1quio Channel broadcasts the Ordination of Deacon Vanildo.","description":"This Sunday, July 7th, at 10 AM, the Padre Eust\u00e1quio Channel will broadcast live the Presbyteral Ordination of Deacon Vanildo Lima Sena, SSCC. The ceremony will be held at the S\u00e3o Miguel community in Guarapari-ES. CLICK HERE and watch with us!","robots":{"index":"index","follow":"follow","max-snippet":"max-snippet:-1","max-image-preview":"max-image-preview:large","max-video-preview":"max-video-preview:-1"},"canonical":"https:\/\/www.padreeustaquio.com.br\/en\/the-padre-eustaquio-channel-will-broadcast-the-ordination-of-deacon-vanildo-this-sunday\/","og_locale":"en_US","og_type":"article","og_title":"Canal Padre Eust\u00e1quio exibe a Ordena\u00e7\u00e3o do Di\u00e1cono Vanildo","og_description":"Neste domingo, dia 7 de julho, \u00e0s 10h, o Canal Padre Eust\u00e1quio transmite, ao vivo, a Ordena\u00e7\u00e3o Presbiteral do Di\u00e1cono Vanildo Lima Sena, SSCC. A cerim\u00f4nia ser\u00e1 realizada na comunidade S\u00e3o Miguel, em Guarapari-ES. CLIQUE AQUI e acompanhe conosco!","og_url":"https:\/\/www.padreeustaquio.com.br\/en\/the-padre-eustaquio-channel-will-broadcast-the-ordination-of-deacon-vanildo-this-sunday\/","og_site_name":"Padre Eust\u00e1quio","article_publisher":"https:\/\/www.facebook.com\/beatopadreeustaquio\/","article_published_time":"2024-07-05T10:48:28+00:00","article_modified_time":"2024-07-30T16:15:30+00:00","og_image":[{"width":1920,"height":1080,"url":"https:\/\/www.padreeustaquio.com.br\/wp-content\/uploads\/2024\/07\/07-VANILDO.jpg","type":"image\/jpeg"}],"author":"@sscc","twitter_card":"summary_large_image","twitter_creator":"@beatopeustaquio","twitter_site":"@beatopeustaquio","twitter_misc":{"Written by":"@sscc","Est. reading time":"2 minutes"},"schema":{"@context":"https:\/\/schema.org","@graph":[{"@type":"Article","@id":"https:\/\/www.padreeustaquio.com.br\/canal-padre-eustaquio-exibe-neste-domingo-a-ordenacao-do-diac-vanildo\/#article","isPartOf":{"@id":"https:\/\/www.padreeustaquio.com.br\/canal-padre-eustaquio-exibe-neste-domingo-a-ordenacao-do-diac-vanildo\/"},"author":{"name":"@sscc","@id":"https:\/\/www.padreeustaquio.com.br\/#\/schema\/person\/a2a51db1d00f1a7af0204a0f1ddb1566"},"headline":"Canal Padre Eust\u00e1quio exibe a Ordena\u00e7\u00e3o do Di\u00e1cono Vanildo","datePublished":"2024-07-05T10:48:28+00:00","dateModified":"2024-07-30T16:15:30+00:00","mainEntityOfPage":{"@id":"https:\/\/www.padreeustaquio.com.br\/canal-padre-eustaquio-exibe-neste-domingo-a-ordenacao-do-diac-vanildo\/"},"wordCount":315,"commentCount":0,"publisher":{"@id":"https:\/\/www.padreeustaquio.com.br\/#organization"},"image":{"@id":"https:\/\/www.padreeustaquio.com.br\/canal-padre-eustaquio-exibe-neste-domingo-a-ordenacao-do-diac-vanildo\/#primaryimage"},"thumbnailUrl":"https:\/\/www.padreeustaquio.com.br\/wp-content\/uploads\/2024\/07\/07-VANILDO.jpg","articleSection":["Not\u00edcias"],"inLanguage":"en-US","potentialAction":[{"@type":"CommentAction","name":"Comment","target":["https:\/\/www.padreeustaquio.com.br\/canal-padre-eustaquio-exibe-neste-domingo-a-ordenacao-do-diac-vanildo\/#respond"]}]},{"@type":"WebPage","@id":"https:\/\/www.padreeustaquio.com.br\/canal-padre-eustaquio-exibe-neste-domingo-a-ordenacao-do-diac-vanildo\/","url":"https:\/\/www.padreeustaquio.com.br\/canal-padre-eustaquio-exibe-neste-domingo-a-ordenacao-do-diac-vanildo\/","name":"Padre Eust\u00e1quio Channel broadcasts the Ordination of Deacon Vanildo.","isPartOf":{"@id":"https:\/\/www.padreeustaquio.com.br\/#website"},"primaryImageOfPage":{"@id":"https:\/\/www.padreeustaquio.com.br\/canal-padre-eustaquio-exibe-neste-domingo-a-ordenacao-do-diac-vanildo\/#primaryimage"},"image":{"@id":"https:\/\/www.padreeustaquio.com.br\/canal-padre-eustaquio-exibe-neste-domingo-a-ordenacao-do-diac-vanildo\/#primaryimage"},"thumbnailUrl":"https:\/\/www.padreeustaquio.com.br\/wp-content\/uploads\/2024\/07\/07-VANILDO.jpg","datePublished":"2024-07-05T10:48:28+00:00","dateModified":"2024-07-30T16:15:30+00:00","description":"This Sunday, July 7th, at 10 AM, the Padre Eust\u00e1quio Channel will broadcast live the Presbyteral Ordination of Deacon Vanildo Lima Sena, SSCC. The ceremony will be held at the S\u00e3o Miguel community in Guarapari-ES. CLICK HERE and watch with us!","breadcrumb":{"@id":"https:\/\/www.padreeustaquio.com.br\/canal-padre-eustaquio-exibe-neste-domingo-a-ordenacao-do-diac-vanildo\/#breadcrumb"},"inLanguage":"en-US","potentialAction":[{"@type":"ReadAction","target":["https:\/\/www.padreeustaquio.com.br\/canal-padre-eustaquio-exibe-neste-domingo-a-ordenacao-do-diac-vanildo\/"]}]},{"@type":"ImageObject","inLanguage":"en-US","@id":"https:\/\/www.padreeustaquio.com.br\/canal-padre-eustaquio-exibe-neste-domingo-a-ordenacao-do-diac-vanildo\/#primaryimage","url":"https:\/\/www.padreeustaquio.com.br\/wp-content\/uploads\/2024\/07\/07-VANILDO.jpg","contentUrl":"https:\/\/www.padreeustaquio.com.br\/wp-content\/uploads\/2024\/07\/07-VANILDO.jpg","width":1920,"height":1080},{"@type":"BreadcrumbList","@id":"https:\/\/www.padreeustaquio.com.br\/canal-padre-eustaquio-exibe-neste-domingo-a-ordenacao-do-diac-vanildo\/#breadcrumb","itemListElement":[{"@type":"ListItem","position":1,"name":"In\u00edcio","item":"https:\/\/www.padreeustaquio.com.br\/"},{"@type":"ListItem","position":2,"name":"Canal Padre Eust\u00e1quio exibe a Ordena\u00e7\u00e3o do Di\u00e1cono Vanildo"}]},{"@type":"WebSite","@id":"https:\/\/www.padreeustaquio.com.br\/#website","url":"https:\/\/www.padreeustaquio.com.br\/","name":"FATHER EUST\u00c1QUIO","description":"Health and Peace","publisher":{"@id":"https:\/\/www.padreeustaquio.com.br\/#organization"},"potentialAction":[{"@type":"SearchAction","target":{"@type":"EntryPoint","urlTemplate":"https:\/\/www.padreeustaquio.com.br\/?s={search_term_string}"},"query-input":{"@type":"PropertyValueSpecification","valueRequired":true,"valueName":"search_term_string"}}],"inLanguage":"en-US"},{"@type":"Organization","@id":"https:\/\/www.padreeustaquio.com.br\/#organization","name":"FATHER EUST\u00c1QUIO","url":"https:\/\/www.padreeustaquio.com.br\/","logo":{"@type":"ImageObject","inLanguage":"en-US","@id":"https:\/\/www.padreeustaquio.com.br\/#\/schema\/logo\/image\/","url":"https:\/\/www.padreeustaquio.com.br\/wp-content\/uploads\/2019\/08\/marca.png","contentUrl":"https:\/\/www.padreeustaquio.com.br\/wp-content\/uploads\/2019\/08\/marca.png","width":350,"height":400,"caption":"Padre Eust\u00e1quio"},"image":{"@id":"https:\/\/www.padreeustaquio.com.br\/#\/schema\/logo\/image\/"},"sameAs":["https:\/\/www.facebook.com\/beatopadreeustaquio\/","https:\/\/x.com\/beatopeustaquio","https:\/\/www.instagram.com\/beatopadreeustaquio\/","https:\/\/www.youtube.com\/channel\/UCRhw7vfabnajwLxb1ZXMeIw"]},{"@type":"Person","@id":"https:\/\/www.padreeustaquio.com.br\/#\/schema\/person\/a2a51db1d00f1a7af0204a0f1ddb1566","name":"@sscc","image":{"@type":"ImageObject","inLanguage":"en-US","@id":"https:\/\/secure.gravatar.com\/avatar\/68cfafa5f44617fea54071e215026e0ff06be366c3d54a8425f04fdcb86f8c5f?s=96&d=mm&r=g","url":"https:\/\/secure.gravatar.com\/avatar\/68cfafa5f44617fea54071e215026e0ff06be366c3d54a8425f04fdcb86f8c5f?s=96&d=mm&r=g","contentUrl":"https:\/\/secure.gravatar.com\/avatar\/68cfafa5f44617fea54071e215026e0ff06be366c3d54a8425f04fdcb86f8c5f?s=96&d=mm&r=g","caption":"@sscc"},"url":"https:\/\/www.padreeustaquio.com.br\/en\/author\/sscc\/"}]}},"_links":{"self":[{"href":"https:\/\/www.padreeustaquio.com.br\/en\/wp-json\/wp\/v2\/posts\/11434","targetHints":{"allow":["GET"]}}],"collection":[{"href":"https:\/\/www.padreeustaquio.com.br\/en\/wp-json\/wp\/v2\/posts"}],"about":[{"href":"https:\/\/www.padreeustaquio.com.br\/en\/wp-json\/wp\/v2\/types\/post"}],"author":[{"embeddable":true,"href":"https:\/\/www.padreeustaquio.com.br\/en\/wp-json\/wp\/v2\/users\/2"}],"replies":[{"embeddable":true,"href":"https:\/\/www.padreeustaquio.com.br\/en\/wp-json\/wp\/v2\/comments?post=11434"}],"version-history":[{"count":0,"href":"https:\/\/www.padreeustaquio.com.br\/en\/wp-json\/wp\/v2\/posts\/11434\/revisions"}],"wp:featuredmedia":[{"embeddable":true,"href":"https:\/\/www.padreeustaquio.com.br\/en\/wp-json\/wp\/v2\/media\/11435"}],"wp:attachment":[{"href":"https:\/\/www.padreeustaquio.com.br\/en\/wp-json\/wp\/v2\/media?parent=11434"}],"wp:term":[{"taxonomy":"category","embeddable":true,"href":"https:\/\/www.padreeustaquio.com.br\/en\/wp-json\/wp\/v2\/categories?post=11434"},{"taxonomy":"post_tag","embeddable":true,"href":"https:\/\/www.padreeustaquio.com.br\/en\/wp-json\/wp\/v2\/tags?post=11434"}],"curies":[{"name":"wp","href":"https:\/\/api.w.org\/{rel}","templated":true}]}}