{"id":11426,"date":"2024-07-03T10:05:08","date_gmt":"2024-07-03T13:05:08","guid":{"rendered":"https:\/\/www.padreeustaquio.com.br\/?p=11426"},"modified":"2024-07-03T10:08:01","modified_gmt":"2024-07-03T13:08:01","slug":"postulants-of-the-sacred-hearts-visit-the-father-eustaquio-museum-in-porto-alegre-sao-paulo","status":"publish","type":"post","link":"https:\/\/www.padreeustaquio.com.br\/en\/postulants-of-the-sacred-hearts-visit-the-father-eustaquio-museum-in-porto-alegre-sao-paulo\/","title":{"rendered":"Postulants of the Sacred Hearts visit the Padre Eust\u00e1quio Museum in Po\u00e1\/SP."},"content":{"rendered":"<p>This week, the Padre Eust\u00e1quio Museum in Po\u00e1, in Greater S\u00e3o Paulo, received a visit from seminarians from Rio de Janeiro and Minas Gerais belonging to the Congregation of the Sacred Hearts. Accompanied by Father Ricardo, the postulants had the opportunity to learn more about the history of the Vicar of Po\u00e1, exploring the photos, documents, and liturgical objects in the museum&#039;s collection.<\/p>\n<p><img fetchpriority=\"high\" decoding=\"async\" class=\"size-medium wp-image-11431 alignleft\" src=\"https:\/\/www.padreeustaquio.com.br\/wp-content\/uploads\/2024\/07\/Postulantes-visitam-museu-6-300x300.jpeg\" alt=\"\" width=\"300\" height=\"300\" srcset=\"https:\/\/www.padreeustaquio.com.br\/wp-content\/uploads\/2024\/07\/Postulantes-visitam-museu-6-300x300.jpeg 300w, https:\/\/www.padreeustaquio.com.br\/wp-content\/uploads\/2024\/07\/Postulantes-visitam-museu-6-1024x1024.jpeg 1024w, https:\/\/www.padreeustaquio.com.br\/wp-content\/uploads\/2024\/07\/Postulantes-visitam-museu-6-150x150.jpeg 150w, https:\/\/www.padreeustaquio.com.br\/wp-content\/uploads\/2024\/07\/Postulantes-visitam-museu-6-768x768.jpeg 768w, https:\/\/www.padreeustaquio.com.br\/wp-content\/uploads\/2024\/07\/Postulantes-visitam-museu-6-75x75.jpeg 75w, https:\/\/www.padreeustaquio.com.br\/wp-content\/uploads\/2024\/07\/Postulantes-visitam-museu-6-180x180.jpeg 180w, https:\/\/www.padreeustaquio.com.br\/wp-content\/uploads\/2024\/07\/Postulantes-visitam-museu-6-400x400.jpeg 400w, https:\/\/www.padreeustaquio.com.br\/wp-content\/uploads\/2024\/07\/Postulantes-visitam-museu-6-600x600.jpeg 600w, https:\/\/www.padreeustaquio.com.br\/wp-content\/uploads\/2024\/07\/Postulantes-visitam-museu-6.jpeg 1080w\" sizes=\"(max-width: 300px) 100vw, 300px\" \/>The visit provided the seminarians, who are currently at the Formation House in Pindamonhangaba-SP, with an immersion in the rich religious and cultural heritage associated with Father Eust\u00e1quio. The meeting not only strengthened spiritual ties but also offered valuable learning about the trajectory and influence of the Vicar of Po\u00e1 in the community.<\/p>\n<p><strong>About the Padre Eust\u00e1quio Museum in Po\u00e1<\/strong><\/p>\n<p>The site, dedicated to preserving documents and objects belonging to the Blessed, was inaugurated in May 2006, in a room in the old Parish Pastoral Center, a building that was demolished for the future expansion of the Main Church.<\/p>\n<p><img decoding=\"async\" class=\"size-medium wp-image-11432 alignright\" src=\"https:\/\/www.padreeustaquio.com.br\/wp-content\/uploads\/2024\/07\/Postulantes-visitam-museu-4-300x300.jpeg\" alt=\"\" width=\"300\" height=\"300\" srcset=\"https:\/\/www.padreeustaquio.com.br\/wp-content\/uploads\/2024\/07\/Postulantes-visitam-museu-4-300x300.jpeg 300w, https:\/\/www.padreeustaquio.com.br\/wp-content\/uploads\/2024\/07\/Postulantes-visitam-museu-4-1024x1024.jpeg 1024w, https:\/\/www.padreeustaquio.com.br\/wp-content\/uploads\/2024\/07\/Postulantes-visitam-museu-4-150x150.jpeg 150w, https:\/\/www.padreeustaquio.com.br\/wp-content\/uploads\/2024\/07\/Postulantes-visitam-museu-4-768x768.jpeg 768w, https:\/\/www.padreeustaquio.com.br\/wp-content\/uploads\/2024\/07\/Postulantes-visitam-museu-4-75x75.jpeg 75w, https:\/\/www.padreeustaquio.com.br\/wp-content\/uploads\/2024\/07\/Postulantes-visitam-museu-4-180x180.jpeg 180w, https:\/\/www.padreeustaquio.com.br\/wp-content\/uploads\/2024\/07\/Postulantes-visitam-museu-4-400x400.jpeg 400w, https:\/\/www.padreeustaquio.com.br\/wp-content\/uploads\/2024\/07\/Postulantes-visitam-museu-4-600x600.jpeg 600w, https:\/\/www.padreeustaquio.com.br\/wp-content\/uploads\/2024\/07\/Postulantes-visitam-museu-4.jpeg 1080w\" sizes=\"(max-width: 300px) 100vw, 300px\" \/>With the demolition, the City Hall of Po\u00e1 returned the property of the former S\u00e3o Jos\u00e9 Convent to the Diocesan Curia, the space where the museum operates today.<\/p>\n<p>The site boasts a large collection that tells the story of Blessed Father Eustace. It includes photos, documents, and liturgical objects used by the Dutch priest.<\/p>\n<p>To learn more about the museum, visit the website: <a href=\"https:\/\/museupadreeustaquio.wordpress.com\/\">museupadreeustaquio.wordpress.com<\/a><\/p>","protected":false},"excerpt":{"rendered":"<p>Esta semana, o Museu Padre Eust\u00e1quio em Po\u00e1, na grande S\u00e3o Paulo, recebeu a visita de seminaristas do Rio de Janeiro e de Minas Gerais da Congrega\u00e7\u00e3o dos Sagrados Cora\u00e7\u00f5es. Acompanhados pelo Padre Ricardo, os postulantes tiveram a oportunidade de conhecer mais profundamente a hist\u00f3ria do Vig\u00e1rio de Po\u00e1, explorando as fotos, documentos e objetos lit\u00fargicos presentes no acervo do museu. A visita proporcionou aos seminaristas, que est\u00e3o atualmente na Casa de Forma\u00e7\u00e3o em Pindamonhangaba-SP, uma imers\u00e3o na rica heran\u00e7a religiosa e cultural associada ao Padre Eust\u00e1quio. O encontro n\u00e3o s\u00f3 fortaleceu os la\u00e7os espirituais, mas tamb\u00e9m ofereceu um valioso [&hellip;]<\/p>\n","protected":false},"author":2,"featured_media":11427,"comment_status":"open","ping_status":"closed","sticky":false,"template":"","format":"standard","meta":{"_acf_changed":false,"footnotes":""},"categories":[611],"tags":[],"class_list":["post-11426","post","type-post","status-publish","format-standard","has-post-thumbnail","hentry","category-noticias"],"acf":[],"yoast_head":"<!-- This site is optimized with the Yoast SEO plugin v27.2 - https:\/\/yoast.com\/product\/yoast-seo-wordpress\/ -->\n<title>Postulantes dos Sagrados Cora\u00e7\u00f5es visitam Museu Padre Eust\u00e1quio Po\u00e1\/SP<\/title>\n<meta name=\"description\" content=\"Esta semana, o Museu Padre Eust\u00e1quio em Po\u00e1, na grande S\u00e3o Paulo, recebeu a visita de seminaristas do Rio de Janeiro e de Minas Gerais da Congrega\u00e7\u00e3o dos Sagrados Cora\u00e7\u00f5es. Acompanhados pelo Padre Ricardo, os postulantes tiveram a oportunidade de conhecer mais profundamente a hist\u00f3ria do Vig\u00e1rio de Po\u00e1, explorando as fotos, documentos e objetos lit\u00fargicos presentes no acervo do museu.\" \/>\n<meta name=\"robots\" content=\"index, follow, max-snippet:-1, max-image-preview:large, max-video-preview:-1\" \/>\n<link rel=\"canonical\" href=\"https:\/\/www.padreeustaquio.com.br\/en\/postulants-of-the-sacred-hearts-visit-the-father-eustaquio-museum-in-porto-alegre-sao-paulo\/\" \/>\n<meta property=\"og:locale\" content=\"en_US\" \/>\n<meta property=\"og:type\" content=\"article\" \/>\n<meta property=\"og:title\" content=\"Postulantes dos Sagrados Cora\u00e7\u00f5es visitam Museu Padre Eust\u00e1quio Po\u00e1\/SP\" \/>\n<meta property=\"og:description\" content=\"Esta semana, o Museu Padre Eust\u00e1quio em Po\u00e1, na grande S\u00e3o Paulo, recebeu a visita de seminaristas do Rio de Janeiro e de Minas Gerais da Congrega\u00e7\u00e3o dos Sagrados Cora\u00e7\u00f5es. Acompanhados pelo Padre Ricardo, os postulantes tiveram a oportunidade de conhecer mais profundamente a hist\u00f3ria do Vig\u00e1rio de Po\u00e1, explorando as fotos, documentos e objetos lit\u00fargicos presentes no acervo do museu.\" \/>\n<meta property=\"og:url\" content=\"https:\/\/www.padreeustaquio.com.br\/en\/postulants-of-the-sacred-hearts-visit-the-father-eustaquio-museum-in-porto-alegre-sao-paulo\/\" \/>\n<meta property=\"og:site_name\" content=\"Padre Eust\u00e1quio\" \/>\n<meta property=\"article:publisher\" content=\"https:\/\/www.facebook.com\/beatopadreeustaquio\/\" \/>\n<meta property=\"article:published_time\" content=\"2024-07-03T13:05:08+00:00\" \/>\n<meta property=\"article:modified_time\" content=\"2024-07-03T13:08:01+00:00\" \/>\n<meta property=\"og:image\" content=\"https:\/\/www.padreeustaquio.com.br\/wp-content\/uploads\/2024\/07\/Postulantes-visitam-museu-1-e1720012010679.jpeg\" \/>\n\t<meta property=\"og:image:width\" content=\"1080\" \/>\n\t<meta property=\"og:image:height\" content=\"743\" \/>\n\t<meta property=\"og:image:type\" content=\"image\/jpeg\" \/>\n<meta name=\"author\" content=\"@sscc\" \/>\n<meta name=\"twitter:card\" content=\"summary_large_image\" \/>\n<meta name=\"twitter:creator\" content=\"@beatopeustaquio\" \/>\n<meta name=\"twitter:site\" content=\"@beatopeustaquio\" \/>\n<meta name=\"twitter:label1\" content=\"Written by\" \/>\n\t<meta name=\"twitter:data1\" content=\"@sscc\" \/>\n\t<meta name=\"twitter:label2\" content=\"Est. reading time\" \/>\n\t<meta name=\"twitter:data2\" content=\"2 minutes\" \/>\n<script type=\"application\/ld+json\" class=\"yoast-schema-graph\">{\"@context\":\"https:\/\/schema.org\",\"@graph\":[{\"@type\":\"Article\",\"@id\":\"https:\/\/www.padreeustaquio.com.br\/postulantes-dos-sagrados-coracoes-visitam-museu-padre-eustaquio-poa-sp\/#article\",\"isPartOf\":{\"@id\":\"https:\/\/www.padreeustaquio.com.br\/postulantes-dos-sagrados-coracoes-visitam-museu-padre-eustaquio-poa-sp\/\"},\"author\":{\"name\":\"@sscc\",\"@id\":\"https:\/\/www.padreeustaquio.com.br\/#\/schema\/person\/a2a51db1d00f1a7af0204a0f1ddb1566\"},\"headline\":\"Postulantes dos Sagrados Cora\u00e7\u00f5es visitam Museu Padre Eust\u00e1quio Po\u00e1\/SP\",\"datePublished\":\"2024-07-03T13:05:08+00:00\",\"dateModified\":\"2024-07-03T13:08:01+00:00\",\"mainEntityOfPage\":{\"@id\":\"https:\/\/www.padreeustaquio.com.br\/postulantes-dos-sagrados-coracoes-visitam-museu-padre-eustaquio-poa-sp\/\"},\"wordCount\":259,\"commentCount\":0,\"publisher\":{\"@id\":\"https:\/\/www.padreeustaquio.com.br\/#organization\"},\"image\":{\"@id\":\"https:\/\/www.padreeustaquio.com.br\/postulantes-dos-sagrados-coracoes-visitam-museu-padre-eustaquio-poa-sp\/#primaryimage\"},\"thumbnailUrl\":\"https:\/\/www.padreeustaquio.com.br\/wp-content\/uploads\/2024\/07\/Postulantes-visitam-museu-1-e1720012010679.jpeg\",\"articleSection\":[\"Not\u00edcias\"],\"inLanguage\":\"en-US\",\"potentialAction\":[{\"@type\":\"CommentAction\",\"name\":\"Comment\",\"target\":[\"https:\/\/www.padreeustaquio.com.br\/postulantes-dos-sagrados-coracoes-visitam-museu-padre-eustaquio-poa-sp\/#respond\"]}]},{\"@type\":\"WebPage\",\"@id\":\"https:\/\/www.padreeustaquio.com.br\/postulantes-dos-sagrados-coracoes-visitam-museu-padre-eustaquio-poa-sp\/\",\"url\":\"https:\/\/www.padreeustaquio.com.br\/postulantes-dos-sagrados-coracoes-visitam-museu-padre-eustaquio-poa-sp\/\",\"name\":\"Postulantes dos Sagrados Cora\u00e7\u00f5es visitam Museu Padre Eust\u00e1quio Po\u00e1\/SP\",\"isPartOf\":{\"@id\":\"https:\/\/www.padreeustaquio.com.br\/#website\"},\"primaryImageOfPage\":{\"@id\":\"https:\/\/www.padreeustaquio.com.br\/postulantes-dos-sagrados-coracoes-visitam-museu-padre-eustaquio-poa-sp\/#primaryimage\"},\"image\":{\"@id\":\"https:\/\/www.padreeustaquio.com.br\/postulantes-dos-sagrados-coracoes-visitam-museu-padre-eustaquio-poa-sp\/#primaryimage\"},\"thumbnailUrl\":\"https:\/\/www.padreeustaquio.com.br\/wp-content\/uploads\/2024\/07\/Postulantes-visitam-museu-1-e1720012010679.jpeg\",\"datePublished\":\"2024-07-03T13:05:08+00:00\",\"dateModified\":\"2024-07-03T13:08:01+00:00\",\"description\":\"Esta semana, o Museu Padre Eust\u00e1quio em Po\u00e1, na grande S\u00e3o Paulo, recebeu a visita de seminaristas do Rio de Janeiro e de Minas Gerais da Congrega\u00e7\u00e3o dos Sagrados Cora\u00e7\u00f5es. Acompanhados pelo Padre Ricardo, os postulantes tiveram a oportunidade de conhecer mais profundamente a hist\u00f3ria do Vig\u00e1rio de Po\u00e1, explorando as fotos, documentos e objetos lit\u00fargicos presentes no acervo do museu.\",\"breadcrumb\":{\"@id\":\"https:\/\/www.padreeustaquio.com.br\/postulantes-dos-sagrados-coracoes-visitam-museu-padre-eustaquio-poa-sp\/#breadcrumb\"},\"inLanguage\":\"en-US\",\"potentialAction\":[{\"@type\":\"ReadAction\",\"target\":[\"https:\/\/www.padreeustaquio.com.br\/postulantes-dos-sagrados-coracoes-visitam-museu-padre-eustaquio-poa-sp\/\"]}]},{\"@type\":\"ImageObject\",\"inLanguage\":\"en-US\",\"@id\":\"https:\/\/www.padreeustaquio.com.br\/postulantes-dos-sagrados-coracoes-visitam-museu-padre-eustaquio-poa-sp\/#primaryimage\",\"url\":\"https:\/\/www.padreeustaquio.com.br\/wp-content\/uploads\/2024\/07\/Postulantes-visitam-museu-1-e1720012010679.jpeg\",\"contentUrl\":\"https:\/\/www.padreeustaquio.com.br\/wp-content\/uploads\/2024\/07\/Postulantes-visitam-museu-1-e1720012010679.jpeg\",\"width\":1080,\"height\":743},{\"@type\":\"BreadcrumbList\",\"@id\":\"https:\/\/www.padreeustaquio.com.br\/postulantes-dos-sagrados-coracoes-visitam-museu-padre-eustaquio-poa-sp\/#breadcrumb\",\"itemListElement\":[{\"@type\":\"ListItem\",\"position\":1,\"name\":\"In\u00edcio\",\"item\":\"https:\/\/www.padreeustaquio.com.br\/\"},{\"@type\":\"ListItem\",\"position\":2,\"name\":\"Postulantes dos Sagrados Cora\u00e7\u00f5es visitam Museu Padre Eust\u00e1quio Po\u00e1\/SP\"}]},{\"@type\":\"WebSite\",\"@id\":\"https:\/\/www.padreeustaquio.com.br\/#website\",\"url\":\"https:\/\/www.padreeustaquio.com.br\/\",\"name\":\"Padre Eust\u00e1quio\",\"description\":\"Sa\u00fade e Paz\",\"publisher\":{\"@id\":\"https:\/\/www.padreeustaquio.com.br\/#organization\"},\"potentialAction\":[{\"@type\":\"SearchAction\",\"target\":{\"@type\":\"EntryPoint\",\"urlTemplate\":\"https:\/\/www.padreeustaquio.com.br\/?s={search_term_string}\"},\"query-input\":{\"@type\":\"PropertyValueSpecification\",\"valueRequired\":true,\"valueName\":\"search_term_string\"}}],\"inLanguage\":\"en-US\"},{\"@type\":\"Organization\",\"@id\":\"https:\/\/www.padreeustaquio.com.br\/#organization\",\"name\":\"Padre Eust\u00e1quio\",\"url\":\"https:\/\/www.padreeustaquio.com.br\/\",\"logo\":{\"@type\":\"ImageObject\",\"inLanguage\":\"en-US\",\"@id\":\"https:\/\/www.padreeustaquio.com.br\/#\/schema\/logo\/image\/\",\"url\":\"https:\/\/www.padreeustaquio.com.br\/wp-content\/uploads\/2019\/08\/marca.png\",\"contentUrl\":\"https:\/\/www.padreeustaquio.com.br\/wp-content\/uploads\/2019\/08\/marca.png\",\"width\":350,\"height\":400,\"caption\":\"Padre Eust\u00e1quio\"},\"image\":{\"@id\":\"https:\/\/www.padreeustaquio.com.br\/#\/schema\/logo\/image\/\"},\"sameAs\":[\"https:\/\/www.facebook.com\/beatopadreeustaquio\/\",\"https:\/\/x.com\/beatopeustaquio\",\"https:\/\/www.instagram.com\/beatopadreeustaquio\/\",\"https:\/\/www.youtube.com\/channel\/UCRhw7vfabnajwLxb1ZXMeIw\"]},{\"@type\":\"Person\",\"@id\":\"https:\/\/www.padreeustaquio.com.br\/#\/schema\/person\/a2a51db1d00f1a7af0204a0f1ddb1566\",\"name\":\"@sscc\",\"image\":{\"@type\":\"ImageObject\",\"inLanguage\":\"en-US\",\"@id\":\"https:\/\/secure.gravatar.com\/avatar\/68cfafa5f44617fea54071e215026e0ff06be366c3d54a8425f04fdcb86f8c5f?s=96&d=mm&r=g\",\"url\":\"https:\/\/secure.gravatar.com\/avatar\/68cfafa5f44617fea54071e215026e0ff06be366c3d54a8425f04fdcb86f8c5f?s=96&d=mm&r=g\",\"contentUrl\":\"https:\/\/secure.gravatar.com\/avatar\/68cfafa5f44617fea54071e215026e0ff06be366c3d54a8425f04fdcb86f8c5f?s=96&d=mm&r=g\",\"caption\":\"@sscc\"},\"url\":\"https:\/\/www.padreeustaquio.com.br\/en\/author\/sscc\/\"}]}<\/script>\n<!-- \/ Yoast SEO plugin. -->","yoast_head_json":{"title":"Postulants of the Sacred Hearts visit the Padre Eust\u00e1quio Museum in Po\u00e1\/SP.","description":"This week, the Padre Eust\u00e1quio Museum in Po\u00e1, in Greater S\u00e3o Paulo, received a visit from seminarians from Rio de Janeiro and Minas Gerais belonging to the Congregation of the Sacred Hearts. Accompanied by Father Ricardo, the postulants had the opportunity to learn more about the history of the Vicar of Po\u00e1, exploring the photos, documents, and liturgical objects in the museum&#039;s collection.","robots":{"index":"index","follow":"follow","max-snippet":"max-snippet:-1","max-image-preview":"max-image-preview:large","max-video-preview":"max-video-preview:-1"},"canonical":"https:\/\/www.padreeustaquio.com.br\/en\/postulants-of-the-sacred-hearts-visit-the-father-eustaquio-museum-in-porto-alegre-sao-paulo\/","og_locale":"en_US","og_type":"article","og_title":"Postulantes dos Sagrados Cora\u00e7\u00f5es visitam Museu Padre Eust\u00e1quio Po\u00e1\/SP","og_description":"Esta semana, o Museu Padre Eust\u00e1quio em Po\u00e1, na grande S\u00e3o Paulo, recebeu a visita de seminaristas do Rio de Janeiro e de Minas Gerais da Congrega\u00e7\u00e3o dos Sagrados Cora\u00e7\u00f5es. Acompanhados pelo Padre Ricardo, os postulantes tiveram a oportunidade de conhecer mais profundamente a hist\u00f3ria do Vig\u00e1rio de Po\u00e1, explorando as fotos, documentos e objetos lit\u00fargicos presentes no acervo do museu.","og_url":"https:\/\/www.padreeustaquio.com.br\/en\/postulants-of-the-sacred-hearts-visit-the-father-eustaquio-museum-in-porto-alegre-sao-paulo\/","og_site_name":"Padre Eust\u00e1quio","article_publisher":"https:\/\/www.facebook.com\/beatopadreeustaquio\/","article_published_time":"2024-07-03T13:05:08+00:00","article_modified_time":"2024-07-03T13:08:01+00:00","og_image":[{"width":1080,"height":743,"url":"https:\/\/www.padreeustaquio.com.br\/wp-content\/uploads\/2024\/07\/Postulantes-visitam-museu-1-e1720012010679.jpeg","type":"image\/jpeg"}],"author":"@sscc","twitter_card":"summary_large_image","twitter_creator":"@beatopeustaquio","twitter_site":"@beatopeustaquio","twitter_misc":{"Written by":"@sscc","Est. reading time":"2 minutes"},"schema":{"@context":"https:\/\/schema.org","@graph":[{"@type":"Article","@id":"https:\/\/www.padreeustaquio.com.br\/postulantes-dos-sagrados-coracoes-visitam-museu-padre-eustaquio-poa-sp\/#article","isPartOf":{"@id":"https:\/\/www.padreeustaquio.com.br\/postulantes-dos-sagrados-coracoes-visitam-museu-padre-eustaquio-poa-sp\/"},"author":{"name":"@sscc","@id":"https:\/\/www.padreeustaquio.com.br\/#\/schema\/person\/a2a51db1d00f1a7af0204a0f1ddb1566"},"headline":"Postulantes dos Sagrados Cora\u00e7\u00f5es visitam Museu Padre Eust\u00e1quio Po\u00e1\/SP","datePublished":"2024-07-03T13:05:08+00:00","dateModified":"2024-07-03T13:08:01+00:00","mainEntityOfPage":{"@id":"https:\/\/www.padreeustaquio.com.br\/postulantes-dos-sagrados-coracoes-visitam-museu-padre-eustaquio-poa-sp\/"},"wordCount":259,"commentCount":0,"publisher":{"@id":"https:\/\/www.padreeustaquio.com.br\/#organization"},"image":{"@id":"https:\/\/www.padreeustaquio.com.br\/postulantes-dos-sagrados-coracoes-visitam-museu-padre-eustaquio-poa-sp\/#primaryimage"},"thumbnailUrl":"https:\/\/www.padreeustaquio.com.br\/wp-content\/uploads\/2024\/07\/Postulantes-visitam-museu-1-e1720012010679.jpeg","articleSection":["Not\u00edcias"],"inLanguage":"en-US","potentialAction":[{"@type":"CommentAction","name":"Comment","target":["https:\/\/www.padreeustaquio.com.br\/postulantes-dos-sagrados-coracoes-visitam-museu-padre-eustaquio-poa-sp\/#respond"]}]},{"@type":"WebPage","@id":"https:\/\/www.padreeustaquio.com.br\/postulantes-dos-sagrados-coracoes-visitam-museu-padre-eustaquio-poa-sp\/","url":"https:\/\/www.padreeustaquio.com.br\/postulantes-dos-sagrados-coracoes-visitam-museu-padre-eustaquio-poa-sp\/","name":"Postulants of the Sacred Hearts visit the Padre Eust\u00e1quio Museum in Po\u00e1\/SP.","isPartOf":{"@id":"https:\/\/www.padreeustaquio.com.br\/#website"},"primaryImageOfPage":{"@id":"https:\/\/www.padreeustaquio.com.br\/postulantes-dos-sagrados-coracoes-visitam-museu-padre-eustaquio-poa-sp\/#primaryimage"},"image":{"@id":"https:\/\/www.padreeustaquio.com.br\/postulantes-dos-sagrados-coracoes-visitam-museu-padre-eustaquio-poa-sp\/#primaryimage"},"thumbnailUrl":"https:\/\/www.padreeustaquio.com.br\/wp-content\/uploads\/2024\/07\/Postulantes-visitam-museu-1-e1720012010679.jpeg","datePublished":"2024-07-03T13:05:08+00:00","dateModified":"2024-07-03T13:08:01+00:00","description":"This week, the Padre Eust\u00e1quio Museum in Po\u00e1, in Greater S\u00e3o Paulo, received a visit from seminarians from Rio de Janeiro and Minas Gerais belonging to the Congregation of the Sacred Hearts. Accompanied by Father Ricardo, the postulants had the opportunity to learn more about the history of the Vicar of Po\u00e1, exploring the photos, documents, and liturgical objects in the museum&#039;s collection.","breadcrumb":{"@id":"https:\/\/www.padreeustaquio.com.br\/postulantes-dos-sagrados-coracoes-visitam-museu-padre-eustaquio-poa-sp\/#breadcrumb"},"inLanguage":"en-US","potentialAction":[{"@type":"ReadAction","target":["https:\/\/www.padreeustaquio.com.br\/postulantes-dos-sagrados-coracoes-visitam-museu-padre-eustaquio-poa-sp\/"]}]},{"@type":"ImageObject","inLanguage":"en-US","@id":"https:\/\/www.padreeustaquio.com.br\/postulantes-dos-sagrados-coracoes-visitam-museu-padre-eustaquio-poa-sp\/#primaryimage","url":"https:\/\/www.padreeustaquio.com.br\/wp-content\/uploads\/2024\/07\/Postulantes-visitam-museu-1-e1720012010679.jpeg","contentUrl":"https:\/\/www.padreeustaquio.com.br\/wp-content\/uploads\/2024\/07\/Postulantes-visitam-museu-1-e1720012010679.jpeg","width":1080,"height":743},{"@type":"BreadcrumbList","@id":"https:\/\/www.padreeustaquio.com.br\/postulantes-dos-sagrados-coracoes-visitam-museu-padre-eustaquio-poa-sp\/#breadcrumb","itemListElement":[{"@type":"ListItem","position":1,"name":"In\u00edcio","item":"https:\/\/www.padreeustaquio.com.br\/"},{"@type":"ListItem","position":2,"name":"Postulantes dos Sagrados Cora\u00e7\u00f5es visitam Museu Padre Eust\u00e1quio Po\u00e1\/SP"}]},{"@type":"WebSite","@id":"https:\/\/www.padreeustaquio.com.br\/#website","url":"https:\/\/www.padreeustaquio.com.br\/","name":"FATHER EUST\u00c1QUIO","description":"Health and Peace","publisher":{"@id":"https:\/\/www.padreeustaquio.com.br\/#organization"},"potentialAction":[{"@type":"SearchAction","target":{"@type":"EntryPoint","urlTemplate":"https:\/\/www.padreeustaquio.com.br\/?s={search_term_string}"},"query-input":{"@type":"PropertyValueSpecification","valueRequired":true,"valueName":"search_term_string"}}],"inLanguage":"en-US"},{"@type":"Organization","@id":"https:\/\/www.padreeustaquio.com.br\/#organization","name":"FATHER EUST\u00c1QUIO","url":"https:\/\/www.padreeustaquio.com.br\/","logo":{"@type":"ImageObject","inLanguage":"en-US","@id":"https:\/\/www.padreeustaquio.com.br\/#\/schema\/logo\/image\/","url":"https:\/\/www.padreeustaquio.com.br\/wp-content\/uploads\/2019\/08\/marca.png","contentUrl":"https:\/\/www.padreeustaquio.com.br\/wp-content\/uploads\/2019\/08\/marca.png","width":350,"height":400,"caption":"Padre Eust\u00e1quio"},"image":{"@id":"https:\/\/www.padreeustaquio.com.br\/#\/schema\/logo\/image\/"},"sameAs":["https:\/\/www.facebook.com\/beatopadreeustaquio\/","https:\/\/x.com\/beatopeustaquio","https:\/\/www.instagram.com\/beatopadreeustaquio\/","https:\/\/www.youtube.com\/channel\/UCRhw7vfabnajwLxb1ZXMeIw"]},{"@type":"Person","@id":"https:\/\/www.padreeustaquio.com.br\/#\/schema\/person\/a2a51db1d00f1a7af0204a0f1ddb1566","name":"@sscc","image":{"@type":"ImageObject","inLanguage":"en-US","@id":"https:\/\/secure.gravatar.com\/avatar\/68cfafa5f44617fea54071e215026e0ff06be366c3d54a8425f04fdcb86f8c5f?s=96&d=mm&r=g","url":"https:\/\/secure.gravatar.com\/avatar\/68cfafa5f44617fea54071e215026e0ff06be366c3d54a8425f04fdcb86f8c5f?s=96&d=mm&r=g","contentUrl":"https:\/\/secure.gravatar.com\/avatar\/68cfafa5f44617fea54071e215026e0ff06be366c3d54a8425f04fdcb86f8c5f?s=96&d=mm&r=g","caption":"@sscc"},"url":"https:\/\/www.padreeustaquio.com.br\/en\/author\/sscc\/"}]}},"_links":{"self":[{"href":"https:\/\/www.padreeustaquio.com.br\/en\/wp-json\/wp\/v2\/posts\/11426","targetHints":{"allow":["GET"]}}],"collection":[{"href":"https:\/\/www.padreeustaquio.com.br\/en\/wp-json\/wp\/v2\/posts"}],"about":[{"href":"https:\/\/www.padreeustaquio.com.br\/en\/wp-json\/wp\/v2\/types\/post"}],"author":[{"embeddable":true,"href":"https:\/\/www.padreeustaquio.com.br\/en\/wp-json\/wp\/v2\/users\/2"}],"replies":[{"embeddable":true,"href":"https:\/\/www.padreeustaquio.com.br\/en\/wp-json\/wp\/v2\/comments?post=11426"}],"version-history":[{"count":0,"href":"https:\/\/www.padreeustaquio.com.br\/en\/wp-json\/wp\/v2\/posts\/11426\/revisions"}],"wp:featuredmedia":[{"embeddable":true,"href":"https:\/\/www.padreeustaquio.com.br\/en\/wp-json\/wp\/v2\/media\/11427"}],"wp:attachment":[{"href":"https:\/\/www.padreeustaquio.com.br\/en\/wp-json\/wp\/v2\/media?parent=11426"}],"wp:term":[{"taxonomy":"category","embeddable":true,"href":"https:\/\/www.padreeustaquio.com.br\/en\/wp-json\/wp\/v2\/categories?post=11426"},{"taxonomy":"post_tag","embeddable":true,"href":"https:\/\/www.padreeustaquio.com.br\/en\/wp-json\/wp\/v2\/tags?post=11426"}],"curies":[{"name":"wp","href":"https:\/\/api.w.org\/{rel}","templated":true}]}}