{"id":11414,"date":"2024-07-01T13:20:44","date_gmt":"2024-07-01T16:20:44","guid":{"rendered":"https:\/\/www.padreeustaquio.com.br\/?p=11414"},"modified":"2024-07-01T16:04:08","modified_gmt":"2024-07-01T19:04:08","slug":"tradition-and-devotion-in-the-blessed-eustace-community-in-patrocinio-mg","status":"publish","type":"post","link":"https:\/\/www.padreeustaquio.com.br\/en\/tradition-and-devotion-in-the-blessed-eustace-community-in-patrocinio-mg\/","title":{"rendered":"Tradition and devotion in the Blessed Eustace Community in Patroc\u00ednio-MG"},"content":{"rendered":"<p>The Beato Eust\u00e1quio community in Patroc\u00ednio, Minas Gerais, celebrated another Mass in honor of the Blessed Eustace, this time at the home of parishioners Edmundo and Lucimar. The Eucharistic celebration was led by Father \u00c9lcio Mota, sscc, marking a special moment of faith and devotion for all present.<\/p>\n<p>This practice represents an ongoing tradition of devotion in the community, where the image of the Blessed One travels monthly to the homes of the faithful. In the home of Edmundo and Lucimar, the image will remain until the next celebration, further strengthening devotion to the Blessed One.<\/p>\n<p>The Beato Eust\u00e1quio community stands out for cultivating this tradition with fervor, promoting an environment where faith, unity, and spirituality are intensely experienced and shared by its members.<\/p>\n<p><img decoding=\"async\" class=\"size-medium wp-image-11416 aligncenter\" src=\"https:\/\/www.padreeustaquio.com.br\/wp-content\/uploads\/2024\/06\/todos-na-celebracao-de-padre-eustaquio-ptc-300x157.jpeg\" alt=\"\" width=\"300\" height=\"157\" srcset=\"https:\/\/www.padreeustaquio.com.br\/wp-content\/uploads\/2024\/06\/todos-na-celebracao-de-padre-eustaquio-ptc-300x157.jpeg 300w, https:\/\/www.padreeustaquio.com.br\/wp-content\/uploads\/2024\/06\/todos-na-celebracao-de-padre-eustaquio-ptc-1024x536.jpeg 1024w, https:\/\/www.padreeustaquio.com.br\/wp-content\/uploads\/2024\/06\/todos-na-celebracao-de-padre-eustaquio-ptc-768x402.jpeg 768w, https:\/\/www.padreeustaquio.com.br\/wp-content\/uploads\/2024\/06\/todos-na-celebracao-de-padre-eustaquio-ptc.jpeg 1440w\" sizes=\"(max-width: 300px) 100vw, 300px\" \/><\/p>","protected":false},"excerpt":{"rendered":"<p>A comunidade Beato Eust\u00e1quio, em Patroc\u00ednio, Minas Gerais, celebrou mais uma missa em honra ao Bem-aventurado, desta vez na casa da fam\u00edlia dos paroquianos Edmundo e Lucimar. A celebra\u00e7\u00e3o Eucar\u00edstica foi conduzida pelo Padre \u00c9lcio Mota, sscc, marcando um momento especial de f\u00e9 e devo\u00e7\u00e3o para todos os presentes. Esta pr\u00e1tica representa uma tradi\u00e7\u00e3o cont\u00ednua de devo\u00e7\u00e3o na comunidade, onde a imagem do beato peregrina mensalmente pelas casas dos fi\u00e9is. Na resid\u00eancia do casal Edmundo e Lucimar, a imagem permanecer\u00e1 at\u00e9 a pr\u00f3xima celebra\u00e7\u00e3o, fortalecendo ainda mais a devo\u00e7\u00e3o ao Bem-aventurado. A comunidade Beato Eust\u00e1quio destaca-se por cultivar essa tradi\u00e7\u00e3o [&hellip;]<\/p>\n","protected":false},"author":2,"featured_media":11415,"comment_status":"open","ping_status":"closed","sticky":false,"template":"","format":"standard","meta":{"_acf_changed":false,"footnotes":""},"categories":[611],"tags":[],"class_list":["post-11414","post","type-post","status-publish","format-standard","has-post-thumbnail","hentry","category-noticias"],"acf":[],"yoast_head":"<!-- This site is optimized with the Yoast SEO plugin v27.2 - https:\/\/yoast.com\/product\/yoast-seo-wordpress\/ -->\n<title>Tradi\u00e7\u00e3o e devo\u00e7\u00e3o na Comunidade Beato Eust\u00e1quio em Patroc\u00ednio-MG<\/title>\n<meta name=\"description\" content=\"A comunidade Beato Eust\u00e1quio, em Patroc\u00ednio, Minas Gerais, celebrou mais uma missa em honra ao Bem-aventurado, desta vez na casa da fam\u00edlia dos paroquianos Edmundo e Lucimar. A celebra\u00e7\u00e3o Eucar\u00edstica foi conduzida pelo Padre \u00c9lcio Mota, sscc, marcando um momento especial de f\u00e9 e devo\u00e7\u00e3o para todos os presentes.\" \/>\n<meta name=\"robots\" content=\"index, follow, max-snippet:-1, max-image-preview:large, max-video-preview:-1\" \/>\n<link rel=\"canonical\" href=\"https:\/\/www.padreeustaquio.com.br\/en\/tradition-and-devotion-in-the-blessed-eustace-community-in-patrocinio-mg\/\" \/>\n<meta property=\"og:locale\" content=\"en_US\" \/>\n<meta property=\"og:type\" content=\"article\" \/>\n<meta property=\"og:title\" content=\"Tradi\u00e7\u00e3o e devo\u00e7\u00e3o na Comunidade Beato Eust\u00e1quio em Patroc\u00ednio-MG\" \/>\n<meta property=\"og:description\" content=\"A comunidade Beato Eust\u00e1quio, em Patroc\u00ednio, Minas Gerais, celebrou mais uma missa em honra ao Bem-aventurado, desta vez na casa da fam\u00edlia dos paroquianos Edmundo e Lucimar. A celebra\u00e7\u00e3o Eucar\u00edstica foi conduzida pelo Padre \u00c9lcio Mota, sscc, marcando um momento especial de f\u00e9 e devo\u00e7\u00e3o para todos os presentes.\" \/>\n<meta property=\"og:url\" content=\"https:\/\/www.padreeustaquio.com.br\/en\/tradition-and-devotion-in-the-blessed-eustace-community-in-patrocinio-mg\/\" \/>\n<meta property=\"og:site_name\" content=\"Padre Eust\u00e1quio\" \/>\n<meta property=\"article:publisher\" content=\"https:\/\/www.facebook.com\/beatopadreeustaquio\/\" \/>\n<meta property=\"article:published_time\" content=\"2024-07-01T16:20:44+00:00\" \/>\n<meta property=\"article:modified_time\" content=\"2024-07-01T19:04:08+00:00\" \/>\n<meta property=\"og:image\" content=\"https:\/\/www.padreeustaquio.com.br\/wp-content\/uploads\/2024\/06\/celebracao-em-patrocinio-junho.jpeg\" \/>\n\t<meta property=\"og:image:width\" content=\"1440\" \/>\n\t<meta property=\"og:image:height\" content=\"754\" \/>\n\t<meta property=\"og:image:type\" content=\"image\/jpeg\" \/>\n<meta name=\"author\" content=\"@sscc\" \/>\n<meta name=\"twitter:card\" content=\"summary_large_image\" \/>\n<meta name=\"twitter:creator\" content=\"@beatopeustaquio\" \/>\n<meta name=\"twitter:site\" content=\"@beatopeustaquio\" \/>\n<meta name=\"twitter:label1\" content=\"Written by\" \/>\n\t<meta name=\"twitter:data1\" content=\"@sscc\" \/>\n\t<meta name=\"twitter:label2\" content=\"Est. reading time\" \/>\n\t<meta name=\"twitter:data2\" content=\"2 minutes\" \/>\n<script type=\"application\/ld+json\" class=\"yoast-schema-graph\">{\"@context\":\"https:\/\/schema.org\",\"@graph\":[{\"@type\":\"Article\",\"@id\":\"https:\/\/www.padreeustaquio.com.br\/tradicao-e-devocao-na-comunidade-beato-eustaquio-em-patrocinio-mg\/#article\",\"isPartOf\":{\"@id\":\"https:\/\/www.padreeustaquio.com.br\/tradicao-e-devocao-na-comunidade-beato-eustaquio-em-patrocinio-mg\/\"},\"author\":{\"name\":\"@sscc\",\"@id\":\"https:\/\/www.padreeustaquio.com.br\/#\/schema\/person\/a2a51db1d00f1a7af0204a0f1ddb1566\"},\"headline\":\"Tradi\u00e7\u00e3o e devo\u00e7\u00e3o na Comunidade Beato Eust\u00e1quio em Patroc\u00ednio-MG\",\"datePublished\":\"2024-07-01T16:20:44+00:00\",\"dateModified\":\"2024-07-01T19:04:08+00:00\",\"mainEntityOfPage\":{\"@id\":\"https:\/\/www.padreeustaquio.com.br\/tradicao-e-devocao-na-comunidade-beato-eustaquio-em-patrocinio-mg\/\"},\"wordCount\":153,\"commentCount\":0,\"publisher\":{\"@id\":\"https:\/\/www.padreeustaquio.com.br\/#organization\"},\"image\":{\"@id\":\"https:\/\/www.padreeustaquio.com.br\/tradicao-e-devocao-na-comunidade-beato-eustaquio-em-patrocinio-mg\/#primaryimage\"},\"thumbnailUrl\":\"https:\/\/www.padreeustaquio.com.br\/wp-content\/uploads\/2024\/06\/celebracao-em-patrocinio-junho.jpeg\",\"articleSection\":[\"Not\u00edcias\"],\"inLanguage\":\"en-US\",\"potentialAction\":[{\"@type\":\"CommentAction\",\"name\":\"Comment\",\"target\":[\"https:\/\/www.padreeustaquio.com.br\/tradicao-e-devocao-na-comunidade-beato-eustaquio-em-patrocinio-mg\/#respond\"]}]},{\"@type\":\"WebPage\",\"@id\":\"https:\/\/www.padreeustaquio.com.br\/tradicao-e-devocao-na-comunidade-beato-eustaquio-em-patrocinio-mg\/\",\"url\":\"https:\/\/www.padreeustaquio.com.br\/tradicao-e-devocao-na-comunidade-beato-eustaquio-em-patrocinio-mg\/\",\"name\":\"Tradi\u00e7\u00e3o e devo\u00e7\u00e3o na Comunidade Beato Eust\u00e1quio em Patroc\u00ednio-MG\",\"isPartOf\":{\"@id\":\"https:\/\/www.padreeustaquio.com.br\/#website\"},\"primaryImageOfPage\":{\"@id\":\"https:\/\/www.padreeustaquio.com.br\/tradicao-e-devocao-na-comunidade-beato-eustaquio-em-patrocinio-mg\/#primaryimage\"},\"image\":{\"@id\":\"https:\/\/www.padreeustaquio.com.br\/tradicao-e-devocao-na-comunidade-beato-eustaquio-em-patrocinio-mg\/#primaryimage\"},\"thumbnailUrl\":\"https:\/\/www.padreeustaquio.com.br\/wp-content\/uploads\/2024\/06\/celebracao-em-patrocinio-junho.jpeg\",\"datePublished\":\"2024-07-01T16:20:44+00:00\",\"dateModified\":\"2024-07-01T19:04:08+00:00\",\"description\":\"A comunidade Beato Eust\u00e1quio, em Patroc\u00ednio, Minas Gerais, celebrou mais uma missa em honra ao Bem-aventurado, desta vez na casa da fam\u00edlia dos paroquianos Edmundo e Lucimar. A celebra\u00e7\u00e3o Eucar\u00edstica foi conduzida pelo Padre \u00c9lcio Mota, sscc, marcando um momento especial de f\u00e9 e devo\u00e7\u00e3o para todos os presentes.\",\"breadcrumb\":{\"@id\":\"https:\/\/www.padreeustaquio.com.br\/tradicao-e-devocao-na-comunidade-beato-eustaquio-em-patrocinio-mg\/#breadcrumb\"},\"inLanguage\":\"en-US\",\"potentialAction\":[{\"@type\":\"ReadAction\",\"target\":[\"https:\/\/www.padreeustaquio.com.br\/tradicao-e-devocao-na-comunidade-beato-eustaquio-em-patrocinio-mg\/\"]}]},{\"@type\":\"ImageObject\",\"inLanguage\":\"en-US\",\"@id\":\"https:\/\/www.padreeustaquio.com.br\/tradicao-e-devocao-na-comunidade-beato-eustaquio-em-patrocinio-mg\/#primaryimage\",\"url\":\"https:\/\/www.padreeustaquio.com.br\/wp-content\/uploads\/2024\/06\/celebracao-em-patrocinio-junho.jpeg\",\"contentUrl\":\"https:\/\/www.padreeustaquio.com.br\/wp-content\/uploads\/2024\/06\/celebracao-em-patrocinio-junho.jpeg\",\"width\":1440,\"height\":754},{\"@type\":\"BreadcrumbList\",\"@id\":\"https:\/\/www.padreeustaquio.com.br\/tradicao-e-devocao-na-comunidade-beato-eustaquio-em-patrocinio-mg\/#breadcrumb\",\"itemListElement\":[{\"@type\":\"ListItem\",\"position\":1,\"name\":\"In\u00edcio\",\"item\":\"https:\/\/www.padreeustaquio.com.br\/\"},{\"@type\":\"ListItem\",\"position\":2,\"name\":\"Tradi\u00e7\u00e3o e devo\u00e7\u00e3o na Comunidade Beato Eust\u00e1quio em Patroc\u00ednio-MG\"}]},{\"@type\":\"WebSite\",\"@id\":\"https:\/\/www.padreeustaquio.com.br\/#website\",\"url\":\"https:\/\/www.padreeustaquio.com.br\/\",\"name\":\"Padre Eust\u00e1quio\",\"description\":\"Sa\u00fade e Paz\",\"publisher\":{\"@id\":\"https:\/\/www.padreeustaquio.com.br\/#organization\"},\"potentialAction\":[{\"@type\":\"SearchAction\",\"target\":{\"@type\":\"EntryPoint\",\"urlTemplate\":\"https:\/\/www.padreeustaquio.com.br\/?s={search_term_string}\"},\"query-input\":{\"@type\":\"PropertyValueSpecification\",\"valueRequired\":true,\"valueName\":\"search_term_string\"}}],\"inLanguage\":\"en-US\"},{\"@type\":\"Organization\",\"@id\":\"https:\/\/www.padreeustaquio.com.br\/#organization\",\"name\":\"Padre Eust\u00e1quio\",\"url\":\"https:\/\/www.padreeustaquio.com.br\/\",\"logo\":{\"@type\":\"ImageObject\",\"inLanguage\":\"en-US\",\"@id\":\"https:\/\/www.padreeustaquio.com.br\/#\/schema\/logo\/image\/\",\"url\":\"https:\/\/www.padreeustaquio.com.br\/wp-content\/uploads\/2019\/08\/marca.png\",\"contentUrl\":\"https:\/\/www.padreeustaquio.com.br\/wp-content\/uploads\/2019\/08\/marca.png\",\"width\":350,\"height\":400,\"caption\":\"Padre Eust\u00e1quio\"},\"image\":{\"@id\":\"https:\/\/www.padreeustaquio.com.br\/#\/schema\/logo\/image\/\"},\"sameAs\":[\"https:\/\/www.facebook.com\/beatopadreeustaquio\/\",\"https:\/\/x.com\/beatopeustaquio\",\"https:\/\/www.instagram.com\/beatopadreeustaquio\/\",\"https:\/\/www.youtube.com\/channel\/UCRhw7vfabnajwLxb1ZXMeIw\"]},{\"@type\":\"Person\",\"@id\":\"https:\/\/www.padreeustaquio.com.br\/#\/schema\/person\/a2a51db1d00f1a7af0204a0f1ddb1566\",\"name\":\"@sscc\",\"image\":{\"@type\":\"ImageObject\",\"inLanguage\":\"en-US\",\"@id\":\"https:\/\/secure.gravatar.com\/avatar\/68cfafa5f44617fea54071e215026e0ff06be366c3d54a8425f04fdcb86f8c5f?s=96&d=mm&r=g\",\"url\":\"https:\/\/secure.gravatar.com\/avatar\/68cfafa5f44617fea54071e215026e0ff06be366c3d54a8425f04fdcb86f8c5f?s=96&d=mm&r=g\",\"contentUrl\":\"https:\/\/secure.gravatar.com\/avatar\/68cfafa5f44617fea54071e215026e0ff06be366c3d54a8425f04fdcb86f8c5f?s=96&d=mm&r=g\",\"caption\":\"@sscc\"},\"url\":\"https:\/\/www.padreeustaquio.com.br\/en\/author\/sscc\/\"}]}<\/script>\n<!-- \/ Yoast SEO plugin. -->","yoast_head_json":{"title":"Tradition and devotion in the Blessed Eustace Community in Patroc\u00ednio-MG","description":"The Beato Eust\u00e1quio community in Patroc\u00ednio, Minas Gerais, celebrated another Mass in honor of the Blessed Eustace, this time at the home of parishioners Edmundo and Lucimar. The Eucharistic celebration was led by Father \u00c9lcio Mota, sscc, marking a special moment of faith and devotion for all present.","robots":{"index":"index","follow":"follow","max-snippet":"max-snippet:-1","max-image-preview":"max-image-preview:large","max-video-preview":"max-video-preview:-1"},"canonical":"https:\/\/www.padreeustaquio.com.br\/en\/tradition-and-devotion-in-the-blessed-eustace-community-in-patrocinio-mg\/","og_locale":"en_US","og_type":"article","og_title":"Tradi\u00e7\u00e3o e devo\u00e7\u00e3o na Comunidade Beato Eust\u00e1quio em Patroc\u00ednio-MG","og_description":"A comunidade Beato Eust\u00e1quio, em Patroc\u00ednio, Minas Gerais, celebrou mais uma missa em honra ao Bem-aventurado, desta vez na casa da fam\u00edlia dos paroquianos Edmundo e Lucimar. A celebra\u00e7\u00e3o Eucar\u00edstica foi conduzida pelo Padre \u00c9lcio Mota, sscc, marcando um momento especial de f\u00e9 e devo\u00e7\u00e3o para todos os presentes.","og_url":"https:\/\/www.padreeustaquio.com.br\/en\/tradition-and-devotion-in-the-blessed-eustace-community-in-patrocinio-mg\/","og_site_name":"Padre Eust\u00e1quio","article_publisher":"https:\/\/www.facebook.com\/beatopadreeustaquio\/","article_published_time":"2024-07-01T16:20:44+00:00","article_modified_time":"2024-07-01T19:04:08+00:00","og_image":[{"width":1440,"height":754,"url":"https:\/\/www.padreeustaquio.com.br\/wp-content\/uploads\/2024\/06\/celebracao-em-patrocinio-junho.jpeg","type":"image\/jpeg"}],"author":"@sscc","twitter_card":"summary_large_image","twitter_creator":"@beatopeustaquio","twitter_site":"@beatopeustaquio","twitter_misc":{"Written by":"@sscc","Est. reading time":"2 minutes"},"schema":{"@context":"https:\/\/schema.org","@graph":[{"@type":"Article","@id":"https:\/\/www.padreeustaquio.com.br\/tradicao-e-devocao-na-comunidade-beato-eustaquio-em-patrocinio-mg\/#article","isPartOf":{"@id":"https:\/\/www.padreeustaquio.com.br\/tradicao-e-devocao-na-comunidade-beato-eustaquio-em-patrocinio-mg\/"},"author":{"name":"@sscc","@id":"https:\/\/www.padreeustaquio.com.br\/#\/schema\/person\/a2a51db1d00f1a7af0204a0f1ddb1566"},"headline":"Tradi\u00e7\u00e3o e devo\u00e7\u00e3o na Comunidade Beato Eust\u00e1quio em Patroc\u00ednio-MG","datePublished":"2024-07-01T16:20:44+00:00","dateModified":"2024-07-01T19:04:08+00:00","mainEntityOfPage":{"@id":"https:\/\/www.padreeustaquio.com.br\/tradicao-e-devocao-na-comunidade-beato-eustaquio-em-patrocinio-mg\/"},"wordCount":153,"commentCount":0,"publisher":{"@id":"https:\/\/www.padreeustaquio.com.br\/#organization"},"image":{"@id":"https:\/\/www.padreeustaquio.com.br\/tradicao-e-devocao-na-comunidade-beato-eustaquio-em-patrocinio-mg\/#primaryimage"},"thumbnailUrl":"https:\/\/www.padreeustaquio.com.br\/wp-content\/uploads\/2024\/06\/celebracao-em-patrocinio-junho.jpeg","articleSection":["Not\u00edcias"],"inLanguage":"en-US","potentialAction":[{"@type":"CommentAction","name":"Comment","target":["https:\/\/www.padreeustaquio.com.br\/tradicao-e-devocao-na-comunidade-beato-eustaquio-em-patrocinio-mg\/#respond"]}]},{"@type":"WebPage","@id":"https:\/\/www.padreeustaquio.com.br\/tradicao-e-devocao-na-comunidade-beato-eustaquio-em-patrocinio-mg\/","url":"https:\/\/www.padreeustaquio.com.br\/tradicao-e-devocao-na-comunidade-beato-eustaquio-em-patrocinio-mg\/","name":"Tradition and devotion in the Blessed Eustace Community in Patroc\u00ednio-MG","isPartOf":{"@id":"https:\/\/www.padreeustaquio.com.br\/#website"},"primaryImageOfPage":{"@id":"https:\/\/www.padreeustaquio.com.br\/tradicao-e-devocao-na-comunidade-beato-eustaquio-em-patrocinio-mg\/#primaryimage"},"image":{"@id":"https:\/\/www.padreeustaquio.com.br\/tradicao-e-devocao-na-comunidade-beato-eustaquio-em-patrocinio-mg\/#primaryimage"},"thumbnailUrl":"https:\/\/www.padreeustaquio.com.br\/wp-content\/uploads\/2024\/06\/celebracao-em-patrocinio-junho.jpeg","datePublished":"2024-07-01T16:20:44+00:00","dateModified":"2024-07-01T19:04:08+00:00","description":"The Beato Eust\u00e1quio community in Patroc\u00ednio, Minas Gerais, celebrated another Mass in honor of the Blessed Eustace, this time at the home of parishioners Edmundo and Lucimar. The Eucharistic celebration was led by Father \u00c9lcio Mota, sscc, marking a special moment of faith and devotion for all present.","breadcrumb":{"@id":"https:\/\/www.padreeustaquio.com.br\/tradicao-e-devocao-na-comunidade-beato-eustaquio-em-patrocinio-mg\/#breadcrumb"},"inLanguage":"en-US","potentialAction":[{"@type":"ReadAction","target":["https:\/\/www.padreeustaquio.com.br\/tradicao-e-devocao-na-comunidade-beato-eustaquio-em-patrocinio-mg\/"]}]},{"@type":"ImageObject","inLanguage":"en-US","@id":"https:\/\/www.padreeustaquio.com.br\/tradicao-e-devocao-na-comunidade-beato-eustaquio-em-patrocinio-mg\/#primaryimage","url":"https:\/\/www.padreeustaquio.com.br\/wp-content\/uploads\/2024\/06\/celebracao-em-patrocinio-junho.jpeg","contentUrl":"https:\/\/www.padreeustaquio.com.br\/wp-content\/uploads\/2024\/06\/celebracao-em-patrocinio-junho.jpeg","width":1440,"height":754},{"@type":"BreadcrumbList","@id":"https:\/\/www.padreeustaquio.com.br\/tradicao-e-devocao-na-comunidade-beato-eustaquio-em-patrocinio-mg\/#breadcrumb","itemListElement":[{"@type":"ListItem","position":1,"name":"In\u00edcio","item":"https:\/\/www.padreeustaquio.com.br\/"},{"@type":"ListItem","position":2,"name":"Tradi\u00e7\u00e3o e devo\u00e7\u00e3o na Comunidade Beato Eust\u00e1quio em Patroc\u00ednio-MG"}]},{"@type":"WebSite","@id":"https:\/\/www.padreeustaquio.com.br\/#website","url":"https:\/\/www.padreeustaquio.com.br\/","name":"FATHER EUST\u00c1QUIO","description":"Health and Peace","publisher":{"@id":"https:\/\/www.padreeustaquio.com.br\/#organization"},"potentialAction":[{"@type":"SearchAction","target":{"@type":"EntryPoint","urlTemplate":"https:\/\/www.padreeustaquio.com.br\/?s={search_term_string}"},"query-input":{"@type":"PropertyValueSpecification","valueRequired":true,"valueName":"search_term_string"}}],"inLanguage":"en-US"},{"@type":"Organization","@id":"https:\/\/www.padreeustaquio.com.br\/#organization","name":"FATHER EUST\u00c1QUIO","url":"https:\/\/www.padreeustaquio.com.br\/","logo":{"@type":"ImageObject","inLanguage":"en-US","@id":"https:\/\/www.padreeustaquio.com.br\/#\/schema\/logo\/image\/","url":"https:\/\/www.padreeustaquio.com.br\/wp-content\/uploads\/2019\/08\/marca.png","contentUrl":"https:\/\/www.padreeustaquio.com.br\/wp-content\/uploads\/2019\/08\/marca.png","width":350,"height":400,"caption":"Padre Eust\u00e1quio"},"image":{"@id":"https:\/\/www.padreeustaquio.com.br\/#\/schema\/logo\/image\/"},"sameAs":["https:\/\/www.facebook.com\/beatopadreeustaquio\/","https:\/\/x.com\/beatopeustaquio","https:\/\/www.instagram.com\/beatopadreeustaquio\/","https:\/\/www.youtube.com\/channel\/UCRhw7vfabnajwLxb1ZXMeIw"]},{"@type":"Person","@id":"https:\/\/www.padreeustaquio.com.br\/#\/schema\/person\/a2a51db1d00f1a7af0204a0f1ddb1566","name":"@sscc","image":{"@type":"ImageObject","inLanguage":"en-US","@id":"https:\/\/secure.gravatar.com\/avatar\/68cfafa5f44617fea54071e215026e0ff06be366c3d54a8425f04fdcb86f8c5f?s=96&d=mm&r=g","url":"https:\/\/secure.gravatar.com\/avatar\/68cfafa5f44617fea54071e215026e0ff06be366c3d54a8425f04fdcb86f8c5f?s=96&d=mm&r=g","contentUrl":"https:\/\/secure.gravatar.com\/avatar\/68cfafa5f44617fea54071e215026e0ff06be366c3d54a8425f04fdcb86f8c5f?s=96&d=mm&r=g","caption":"@sscc"},"url":"https:\/\/www.padreeustaquio.com.br\/en\/author\/sscc\/"}]}},"_links":{"self":[{"href":"https:\/\/www.padreeustaquio.com.br\/en\/wp-json\/wp\/v2\/posts\/11414","targetHints":{"allow":["GET"]}}],"collection":[{"href":"https:\/\/www.padreeustaquio.com.br\/en\/wp-json\/wp\/v2\/posts"}],"about":[{"href":"https:\/\/www.padreeustaquio.com.br\/en\/wp-json\/wp\/v2\/types\/post"}],"author":[{"embeddable":true,"href":"https:\/\/www.padreeustaquio.com.br\/en\/wp-json\/wp\/v2\/users\/2"}],"replies":[{"embeddable":true,"href":"https:\/\/www.padreeustaquio.com.br\/en\/wp-json\/wp\/v2\/comments?post=11414"}],"version-history":[{"count":0,"href":"https:\/\/www.padreeustaquio.com.br\/en\/wp-json\/wp\/v2\/posts\/11414\/revisions"}],"wp:featuredmedia":[{"embeddable":true,"href":"https:\/\/www.padreeustaquio.com.br\/en\/wp-json\/wp\/v2\/media\/11415"}],"wp:attachment":[{"href":"https:\/\/www.padreeustaquio.com.br\/en\/wp-json\/wp\/v2\/media?parent=11414"}],"wp:term":[{"taxonomy":"category","embeddable":true,"href":"https:\/\/www.padreeustaquio.com.br\/en\/wp-json\/wp\/v2\/categories?post=11414"},{"taxonomy":"post_tag","embeddable":true,"href":"https:\/\/www.padreeustaquio.com.br\/en\/wp-json\/wp\/v2\/tags?post=11414"}],"curies":[{"name":"wp","href":"https:\/\/api.w.org\/{rel}","templated":true}]}}