{"id":11410,"date":"2024-06-28T13:20:14","date_gmt":"2024-06-28T16:20:14","guid":{"rendered":"https:\/\/www.padreeustaquio.com.br\/?p=11410"},"modified":"2024-06-28T13:20:14","modified_gmt":"2024-06-28T16:20:14","slug":"carlo-acutis-the-blessed-millennial-will-be-canonized-by-pope-francis","status":"publish","type":"post","link":"https:\/\/www.padreeustaquio.com.br\/en\/carlo-acutis-the-blessed-millennial-will-be-canonized-by-pope-francis\/","title":{"rendered":"Carlo Acutis: The Blessed &#039;Millennial&#039; will be canonized by Pope Francis."},"content":{"rendered":"<p>Last month, the Catholic Church recognized the second miracle attributed to the Italian Blessed Carlo Acutis, who healed a young woman from Costa Rica after an accident. This recognition will lead to Acutis&#039;s canonization by the Catholic Church. Known as the &quot;patron saint of the internet,&quot; Carlo Acutis was a teenager who used the web to evangelize and inspire the faithful. He died in 2006 at the age of 15, but his influence continues to grow.<\/p>\n<p><strong>Miracle in Costa Rica<\/strong><\/p>\n<p>The second miracle attributed to Carlo Acutis occurred in 2022, when he healed Valeria, a young woman from Costa Rica, after a serious bicycle accident. With little chance of survival, Valeria was miraculously cured days after her mother prayed at Acutis&#039; tomb in Assisi, Italy. This extraordinary event led Pope Francis to officially recognize the miracle.<\/p>\n<p>Carlo Acutis was beatified in 2020 after the recognition of his first miracle. In 2010, a child in Campo Grande, Mato Grosso do Sul, touched a relic of Acutis and was cured of a serious health condition. The boy, who suffered from a pancreatic problem, recovered completely after touching Carlo Acutis&#039;s vestment during a mass.<\/p>\n<p><strong>Who was Carlo Acutis?<\/strong><\/p>\n<p>Born in London on May 3, 1991, Carlo Acutis spent most of his life in Milan, Italy. From an early age, he demonstrated a deep religious devotion, attending Mass daily and dedicating himself to the rosary and Eucharistic adoration. In addition to his faith, Acutis was passionate about technology and possessed an advanced knowledge of computer science for his age.<\/p>\n<p>He combined these two passions by creating a website that cataloged miracles and promoted digital evangelization. His skill and dedication to faith and technology earned him the title of &quot;patron saint of the internet.&quot; According to his mother, Antonia Acutis, Carlo used his gifts to help others and inspire his friends and acquaintances.<\/p>\n<p><img fetchpriority=\"high\" decoding=\"async\" class=\"size-medium wp-image-11411 alignleft\" src=\"https:\/\/www.padreeustaquio.com.br\/wp-content\/uploads\/2024\/06\/beato-carlo-acutis-300x225.jpeg\" alt=\"\" width=\"300\" height=\"225\" srcset=\"https:\/\/www.padreeustaquio.com.br\/wp-content\/uploads\/2024\/06\/beato-carlo-acutis-300x225.jpeg 300w, https:\/\/www.padreeustaquio.com.br\/wp-content\/uploads\/2024\/06\/beato-carlo-acutis-1024x768.jpeg 1024w, https:\/\/www.padreeustaquio.com.br\/wp-content\/uploads\/2024\/06\/beato-carlo-acutis-768x576.jpeg 768w, https:\/\/www.padreeustaquio.com.br\/wp-content\/uploads\/2024\/06\/beato-carlo-acutis-1536x1152.jpeg 1536w, https:\/\/www.padreeustaquio.com.br\/wp-content\/uploads\/2024\/06\/beato-carlo-acutis-180x135.jpeg 180w, https:\/\/www.padreeustaquio.com.br\/wp-content\/uploads\/2024\/06\/beato-carlo-acutis-400x300.jpeg 400w, https:\/\/www.padreeustaquio.com.br\/wp-content\/uploads\/2024\/06\/beato-carlo-acutis-600x450.jpeg 600w, https:\/\/www.padreeustaquio.com.br\/wp-content\/uploads\/2024\/06\/beato-carlo-acutis-800x600.jpeg 800w, https:\/\/www.padreeustaquio.com.br\/wp-content\/uploads\/2024\/06\/beato-carlo-acutis-1200x900.jpeg 1200w, https:\/\/www.padreeustaquio.com.br\/wp-content\/uploads\/2024\/06\/beato-carlo-acutis.jpeg 1600w\" sizes=\"(max-width: 300px) 100vw, 300px\" \/>Carlo Acutis was diagnosed with leukemia and died on October 12, 2006, the day of Our Lady of Aparecida, patron saint of Brazil.<\/p>\n<p><em>*In April 2023, the vice-postulator of the Cause of Canonization of Blessed Father Eust\u00e1quio, Father Vin\u00edcius Maciel, ss.cc, visited the tomb of Blessed Carlo Acutis in Assisi (Italy). There, Fr. Vinicius prayed for young people and teenagers so that they might be inspired by the example of the future saint.<\/p>\n<p><\/em><\/p>","protected":false},"excerpt":{"rendered":"<p>A Igreja Cat\u00f3lica reconheceu, no m\u00eas passado, o segundo milagre atribu\u00eddo ao beato italiano Carlo Acutis, que curou uma jovem da Costa Rica ap\u00f3s um acidente. Este reconhecimento levar\u00e1 Acutis \u00e0 santifica\u00e7\u00e3o pela Igreja Cat\u00f3lica. Conhecido como o &#8220;padroeiro da internet&#8221;, Carlo Acutis foi um adolescente que usou a web para evangelizar e inspirar fi\u00e9is. Ele faleceu em 2006 aos 15 anos, mas sua influ\u00eancia continua a crescer. Milagre em Costa Rica O segundo milagre atribu\u00eddo a Carlo Acutis ocorreu em 2022, quando ele curou Valeria, uma jovem da Costa Rica, ap\u00f3s um grave acidente de bicicleta. Com poucas chances [&hellip;]<\/p>\n","protected":false},"author":2,"featured_media":11412,"comment_status":"open","ping_status":"closed","sticky":false,"template":"","format":"standard","meta":{"_acf_changed":false,"footnotes":""},"categories":[611],"tags":[],"class_list":["post-11410","post","type-post","status-publish","format-standard","has-post-thumbnail","hentry","category-noticias"],"acf":[],"yoast_head":"<!-- This site is optimized with the Yoast SEO plugin v27.2 - https:\/\/yoast.com\/product\/yoast-seo-wordpress\/ -->\n<title>Carlo Acutis: O Beato &#039;Millennial&#039; ser\u00e1 canonizado por Papa Francisco<\/title>\n<meta name=\"description\" content=\"A Igreja Cat\u00f3lica reconheceu, no m\u00eas passado, o segundo milagre atribu\u00eddo ao beato italiano Carlo Acutis, que curou uma jovem da Costa Rica ap\u00f3s um acidente. Este reconhecimento levar\u00e1 Acutis \u00e0 santifica\u00e7\u00e3o pela Igreja Cat\u00f3lica. Conhecido como o &quot;padroeiro da internet&quot;, Carlo Acutis foi um adolescente que usou a web para evangelizar e inspirar fi\u00e9is. Ele faleceu em 2006 aos 15 anos, mas sua influ\u00eancia continua a crescer.\" \/>\n<meta name=\"robots\" content=\"index, follow, max-snippet:-1, max-image-preview:large, max-video-preview:-1\" \/>\n<link rel=\"canonical\" href=\"https:\/\/www.padreeustaquio.com.br\/en\/carlo-acutis-the-blessed-millennial-will-be-canonized-by-pope-francis\/\" \/>\n<meta property=\"og:locale\" content=\"en_US\" \/>\n<meta property=\"og:type\" content=\"article\" \/>\n<meta property=\"og:title\" content=\"Carlo Acutis: O Beato &#039;Millennial&#039; ser\u00e1 canonizado por Papa Francisco\" \/>\n<meta property=\"og:description\" content=\"A Igreja Cat\u00f3lica reconheceu, no m\u00eas passado, o segundo milagre atribu\u00eddo ao beato italiano Carlo Acutis, que curou uma jovem da Costa Rica ap\u00f3s um acidente. Este reconhecimento levar\u00e1 Acutis \u00e0 santifica\u00e7\u00e3o pela Igreja Cat\u00f3lica. Conhecido como o &quot;padroeiro da internet&quot;, Carlo Acutis foi um adolescente que usou a web para evangelizar e inspirar fi\u00e9is. Ele faleceu em 2006 aos 15 anos, mas sua influ\u00eancia continua a crescer.\" \/>\n<meta property=\"og:url\" content=\"https:\/\/www.padreeustaquio.com.br\/en\/carlo-acutis-the-blessed-millennial-will-be-canonized-by-pope-francis\/\" \/>\n<meta property=\"og:site_name\" content=\"Padre Eust\u00e1quio\" \/>\n<meta property=\"article:publisher\" content=\"https:\/\/www.facebook.com\/beatopadreeustaquio\/\" \/>\n<meta property=\"article:published_time\" content=\"2024-06-28T16:20:14+00:00\" \/>\n<meta property=\"og:image\" content=\"https:\/\/www.padreeustaquio.com.br\/wp-content\/uploads\/2024\/06\/pv-e-beato-carlo-acutis.jpg\" \/>\n\t<meta property=\"og:image:width\" content=\"748\" \/>\n\t<meta property=\"og:image:height\" content=\"394\" \/>\n\t<meta property=\"og:image:type\" content=\"image\/jpeg\" \/>\n<meta name=\"author\" content=\"@sscc\" \/>\n<meta name=\"twitter:card\" content=\"summary_large_image\" \/>\n<meta name=\"twitter:creator\" content=\"@beatopeustaquio\" \/>\n<meta name=\"twitter:site\" content=\"@beatopeustaquio\" \/>\n<meta name=\"twitter:label1\" content=\"Written by\" \/>\n\t<meta name=\"twitter:data1\" content=\"@sscc\" \/>\n\t<meta name=\"twitter:label2\" content=\"Est. reading time\" \/>\n\t<meta name=\"twitter:data2\" content=\"3 minutes\" \/>\n<script type=\"application\/ld+json\" class=\"yoast-schema-graph\">{\"@context\":\"https:\/\/schema.org\",\"@graph\":[{\"@type\":\"Article\",\"@id\":\"https:\/\/www.padreeustaquio.com.br\/carlo-acutis-o-beato-millennial-sera-canonizado-por-papa-francisco\/#article\",\"isPartOf\":{\"@id\":\"https:\/\/www.padreeustaquio.com.br\/carlo-acutis-o-beato-millennial-sera-canonizado-por-papa-francisco\/\"},\"author\":{\"name\":\"@sscc\",\"@id\":\"https:\/\/www.padreeustaquio.com.br\/#\/schema\/person\/a2a51db1d00f1a7af0204a0f1ddb1566\"},\"headline\":\"Carlo Acutis: O Beato &#8216;Millennial&#8217; ser\u00e1 canonizado por Papa Francisco\",\"datePublished\":\"2024-06-28T16:20:14+00:00\",\"mainEntityOfPage\":{\"@id\":\"https:\/\/www.padreeustaquio.com.br\/carlo-acutis-o-beato-millennial-sera-canonizado-por-papa-francisco\/\"},\"wordCount\":419,\"commentCount\":0,\"publisher\":{\"@id\":\"https:\/\/www.padreeustaquio.com.br\/#organization\"},\"image\":{\"@id\":\"https:\/\/www.padreeustaquio.com.br\/carlo-acutis-o-beato-millennial-sera-canonizado-por-papa-francisco\/#primaryimage\"},\"thumbnailUrl\":\"https:\/\/www.padreeustaquio.com.br\/wp-content\/uploads\/2024\/06\/pv-e-beato-carlo-acutis.jpg\",\"articleSection\":[\"Not\u00edcias\"],\"inLanguage\":\"en-US\",\"potentialAction\":[{\"@type\":\"CommentAction\",\"name\":\"Comment\",\"target\":[\"https:\/\/www.padreeustaquio.com.br\/carlo-acutis-o-beato-millennial-sera-canonizado-por-papa-francisco\/#respond\"]}]},{\"@type\":\"WebPage\",\"@id\":\"https:\/\/www.padreeustaquio.com.br\/carlo-acutis-o-beato-millennial-sera-canonizado-por-papa-francisco\/\",\"url\":\"https:\/\/www.padreeustaquio.com.br\/carlo-acutis-o-beato-millennial-sera-canonizado-por-papa-francisco\/\",\"name\":\"Carlo Acutis: O Beato 'Millennial' ser\u00e1 canonizado por Papa Francisco\",\"isPartOf\":{\"@id\":\"https:\/\/www.padreeustaquio.com.br\/#website\"},\"primaryImageOfPage\":{\"@id\":\"https:\/\/www.padreeustaquio.com.br\/carlo-acutis-o-beato-millennial-sera-canonizado-por-papa-francisco\/#primaryimage\"},\"image\":{\"@id\":\"https:\/\/www.padreeustaquio.com.br\/carlo-acutis-o-beato-millennial-sera-canonizado-por-papa-francisco\/#primaryimage\"},\"thumbnailUrl\":\"https:\/\/www.padreeustaquio.com.br\/wp-content\/uploads\/2024\/06\/pv-e-beato-carlo-acutis.jpg\",\"datePublished\":\"2024-06-28T16:20:14+00:00\",\"description\":\"A Igreja Cat\u00f3lica reconheceu, no m\u00eas passado, o segundo milagre atribu\u00eddo ao beato italiano Carlo Acutis, que curou uma jovem da Costa Rica ap\u00f3s um acidente. Este reconhecimento levar\u00e1 Acutis \u00e0 santifica\u00e7\u00e3o pela Igreja Cat\u00f3lica. Conhecido como o \\\"padroeiro da internet\\\", Carlo Acutis foi um adolescente que usou a web para evangelizar e inspirar fi\u00e9is. Ele faleceu em 2006 aos 15 anos, mas sua influ\u00eancia continua a crescer.\",\"breadcrumb\":{\"@id\":\"https:\/\/www.padreeustaquio.com.br\/carlo-acutis-o-beato-millennial-sera-canonizado-por-papa-francisco\/#breadcrumb\"},\"inLanguage\":\"en-US\",\"potentialAction\":[{\"@type\":\"ReadAction\",\"target\":[\"https:\/\/www.padreeustaquio.com.br\/carlo-acutis-o-beato-millennial-sera-canonizado-por-papa-francisco\/\"]}]},{\"@type\":\"ImageObject\",\"inLanguage\":\"en-US\",\"@id\":\"https:\/\/www.padreeustaquio.com.br\/carlo-acutis-o-beato-millennial-sera-canonizado-por-papa-francisco\/#primaryimage\",\"url\":\"https:\/\/www.padreeustaquio.com.br\/wp-content\/uploads\/2024\/06\/pv-e-beato-carlo-acutis.jpg\",\"contentUrl\":\"https:\/\/www.padreeustaquio.com.br\/wp-content\/uploads\/2024\/06\/pv-e-beato-carlo-acutis.jpg\",\"width\":748,\"height\":394},{\"@type\":\"BreadcrumbList\",\"@id\":\"https:\/\/www.padreeustaquio.com.br\/carlo-acutis-o-beato-millennial-sera-canonizado-por-papa-francisco\/#breadcrumb\",\"itemListElement\":[{\"@type\":\"ListItem\",\"position\":1,\"name\":\"In\u00edcio\",\"item\":\"https:\/\/www.padreeustaquio.com.br\/\"},{\"@type\":\"ListItem\",\"position\":2,\"name\":\"Carlo Acutis: O Beato &#8216;Millennial&#8217; ser\u00e1 canonizado por Papa Francisco\"}]},{\"@type\":\"WebSite\",\"@id\":\"https:\/\/www.padreeustaquio.com.br\/#website\",\"url\":\"https:\/\/www.padreeustaquio.com.br\/\",\"name\":\"Padre Eust\u00e1quio\",\"description\":\"Sa\u00fade e Paz\",\"publisher\":{\"@id\":\"https:\/\/www.padreeustaquio.com.br\/#organization\"},\"potentialAction\":[{\"@type\":\"SearchAction\",\"target\":{\"@type\":\"EntryPoint\",\"urlTemplate\":\"https:\/\/www.padreeustaquio.com.br\/?s={search_term_string}\"},\"query-input\":{\"@type\":\"PropertyValueSpecification\",\"valueRequired\":true,\"valueName\":\"search_term_string\"}}],\"inLanguage\":\"en-US\"},{\"@type\":\"Organization\",\"@id\":\"https:\/\/www.padreeustaquio.com.br\/#organization\",\"name\":\"Padre Eust\u00e1quio\",\"url\":\"https:\/\/www.padreeustaquio.com.br\/\",\"logo\":{\"@type\":\"ImageObject\",\"inLanguage\":\"en-US\",\"@id\":\"https:\/\/www.padreeustaquio.com.br\/#\/schema\/logo\/image\/\",\"url\":\"https:\/\/www.padreeustaquio.com.br\/wp-content\/uploads\/2019\/08\/marca.png\",\"contentUrl\":\"https:\/\/www.padreeustaquio.com.br\/wp-content\/uploads\/2019\/08\/marca.png\",\"width\":350,\"height\":400,\"caption\":\"Padre Eust\u00e1quio\"},\"image\":{\"@id\":\"https:\/\/www.padreeustaquio.com.br\/#\/schema\/logo\/image\/\"},\"sameAs\":[\"https:\/\/www.facebook.com\/beatopadreeustaquio\/\",\"https:\/\/x.com\/beatopeustaquio\",\"https:\/\/www.instagram.com\/beatopadreeustaquio\/\",\"https:\/\/www.youtube.com\/channel\/UCRhw7vfabnajwLxb1ZXMeIw\"]},{\"@type\":\"Person\",\"@id\":\"https:\/\/www.padreeustaquio.com.br\/#\/schema\/person\/a2a51db1d00f1a7af0204a0f1ddb1566\",\"name\":\"@sscc\",\"image\":{\"@type\":\"ImageObject\",\"inLanguage\":\"en-US\",\"@id\":\"https:\/\/secure.gravatar.com\/avatar\/68cfafa5f44617fea54071e215026e0ff06be366c3d54a8425f04fdcb86f8c5f?s=96&d=mm&r=g\",\"url\":\"https:\/\/secure.gravatar.com\/avatar\/68cfafa5f44617fea54071e215026e0ff06be366c3d54a8425f04fdcb86f8c5f?s=96&d=mm&r=g\",\"contentUrl\":\"https:\/\/secure.gravatar.com\/avatar\/68cfafa5f44617fea54071e215026e0ff06be366c3d54a8425f04fdcb86f8c5f?s=96&d=mm&r=g\",\"caption\":\"@sscc\"},\"url\":\"https:\/\/www.padreeustaquio.com.br\/en\/author\/sscc\/\"}]}<\/script>\n<!-- \/ Yoast SEO plugin. -->","yoast_head_json":{"title":"Carlo Acutis: The Blessed &#039;Millennial&#039; will be canonized by Pope Francis.","description":"Last month, the Catholic Church recognized the second miracle attributed to the Italian Blessed Carlo Acutis, who healed a young woman from Costa Rica after an accident. This recognition will lead to Acutis&#039;s canonization by the Catholic Church. Known as the &quot;patron saint of the internet,&quot; Carlo Acutis was a teenager who used the web to evangelize and inspire the faithful. He died in 2006 at the age of 15, but his influence continues to grow.","robots":{"index":"index","follow":"follow","max-snippet":"max-snippet:-1","max-image-preview":"max-image-preview:large","max-video-preview":"max-video-preview:-1"},"canonical":"https:\/\/www.padreeustaquio.com.br\/en\/carlo-acutis-the-blessed-millennial-will-be-canonized-by-pope-francis\/","og_locale":"en_US","og_type":"article","og_title":"Carlo Acutis: O Beato 'Millennial' ser\u00e1 canonizado por Papa Francisco","og_description":"A Igreja Cat\u00f3lica reconheceu, no m\u00eas passado, o segundo milagre atribu\u00eddo ao beato italiano Carlo Acutis, que curou uma jovem da Costa Rica ap\u00f3s um acidente. Este reconhecimento levar\u00e1 Acutis \u00e0 santifica\u00e7\u00e3o pela Igreja Cat\u00f3lica. Conhecido como o \"padroeiro da internet\", Carlo Acutis foi um adolescente que usou a web para evangelizar e inspirar fi\u00e9is. Ele faleceu em 2006 aos 15 anos, mas sua influ\u00eancia continua a crescer.","og_url":"https:\/\/www.padreeustaquio.com.br\/en\/carlo-acutis-the-blessed-millennial-will-be-canonized-by-pope-francis\/","og_site_name":"Padre Eust\u00e1quio","article_publisher":"https:\/\/www.facebook.com\/beatopadreeustaquio\/","article_published_time":"2024-06-28T16:20:14+00:00","og_image":[{"width":748,"height":394,"url":"https:\/\/www.padreeustaquio.com.br\/wp-content\/uploads\/2024\/06\/pv-e-beato-carlo-acutis.jpg","type":"image\/jpeg"}],"author":"@sscc","twitter_card":"summary_large_image","twitter_creator":"@beatopeustaquio","twitter_site":"@beatopeustaquio","twitter_misc":{"Written by":"@sscc","Est. reading time":"3 minutes"},"schema":{"@context":"https:\/\/schema.org","@graph":[{"@type":"Article","@id":"https:\/\/www.padreeustaquio.com.br\/carlo-acutis-o-beato-millennial-sera-canonizado-por-papa-francisco\/#article","isPartOf":{"@id":"https:\/\/www.padreeustaquio.com.br\/carlo-acutis-o-beato-millennial-sera-canonizado-por-papa-francisco\/"},"author":{"name":"@sscc","@id":"https:\/\/www.padreeustaquio.com.br\/#\/schema\/person\/a2a51db1d00f1a7af0204a0f1ddb1566"},"headline":"Carlo Acutis: O Beato &#8216;Millennial&#8217; ser\u00e1 canonizado por Papa Francisco","datePublished":"2024-06-28T16:20:14+00:00","mainEntityOfPage":{"@id":"https:\/\/www.padreeustaquio.com.br\/carlo-acutis-o-beato-millennial-sera-canonizado-por-papa-francisco\/"},"wordCount":419,"commentCount":0,"publisher":{"@id":"https:\/\/www.padreeustaquio.com.br\/#organization"},"image":{"@id":"https:\/\/www.padreeustaquio.com.br\/carlo-acutis-o-beato-millennial-sera-canonizado-por-papa-francisco\/#primaryimage"},"thumbnailUrl":"https:\/\/www.padreeustaquio.com.br\/wp-content\/uploads\/2024\/06\/pv-e-beato-carlo-acutis.jpg","articleSection":["Not\u00edcias"],"inLanguage":"en-US","potentialAction":[{"@type":"CommentAction","name":"Comment","target":["https:\/\/www.padreeustaquio.com.br\/carlo-acutis-o-beato-millennial-sera-canonizado-por-papa-francisco\/#respond"]}]},{"@type":"WebPage","@id":"https:\/\/www.padreeustaquio.com.br\/carlo-acutis-o-beato-millennial-sera-canonizado-por-papa-francisco\/","url":"https:\/\/www.padreeustaquio.com.br\/carlo-acutis-o-beato-millennial-sera-canonizado-por-papa-francisco\/","name":"Carlo Acutis: The Blessed &#039;Millennial&#039; will be canonized by Pope Francis.","isPartOf":{"@id":"https:\/\/www.padreeustaquio.com.br\/#website"},"primaryImageOfPage":{"@id":"https:\/\/www.padreeustaquio.com.br\/carlo-acutis-o-beato-millennial-sera-canonizado-por-papa-francisco\/#primaryimage"},"image":{"@id":"https:\/\/www.padreeustaquio.com.br\/carlo-acutis-o-beato-millennial-sera-canonizado-por-papa-francisco\/#primaryimage"},"thumbnailUrl":"https:\/\/www.padreeustaquio.com.br\/wp-content\/uploads\/2024\/06\/pv-e-beato-carlo-acutis.jpg","datePublished":"2024-06-28T16:20:14+00:00","description":"Last month, the Catholic Church recognized the second miracle attributed to the Italian Blessed Carlo Acutis, who healed a young woman from Costa Rica after an accident. This recognition will lead to Acutis&#039;s canonization by the Catholic Church. Known as the &quot;patron saint of the internet,&quot; Carlo Acutis was a teenager who used the web to evangelize and inspire the faithful. He died in 2006 at the age of 15, but his influence continues to grow.","breadcrumb":{"@id":"https:\/\/www.padreeustaquio.com.br\/carlo-acutis-o-beato-millennial-sera-canonizado-por-papa-francisco\/#breadcrumb"},"inLanguage":"en-US","potentialAction":[{"@type":"ReadAction","target":["https:\/\/www.padreeustaquio.com.br\/carlo-acutis-o-beato-millennial-sera-canonizado-por-papa-francisco\/"]}]},{"@type":"ImageObject","inLanguage":"en-US","@id":"https:\/\/www.padreeustaquio.com.br\/carlo-acutis-o-beato-millennial-sera-canonizado-por-papa-francisco\/#primaryimage","url":"https:\/\/www.padreeustaquio.com.br\/wp-content\/uploads\/2024\/06\/pv-e-beato-carlo-acutis.jpg","contentUrl":"https:\/\/www.padreeustaquio.com.br\/wp-content\/uploads\/2024\/06\/pv-e-beato-carlo-acutis.jpg","width":748,"height":394},{"@type":"BreadcrumbList","@id":"https:\/\/www.padreeustaquio.com.br\/carlo-acutis-o-beato-millennial-sera-canonizado-por-papa-francisco\/#breadcrumb","itemListElement":[{"@type":"ListItem","position":1,"name":"In\u00edcio","item":"https:\/\/www.padreeustaquio.com.br\/"},{"@type":"ListItem","position":2,"name":"Carlo Acutis: O Beato &#8216;Millennial&#8217; ser\u00e1 canonizado por Papa Francisco"}]},{"@type":"WebSite","@id":"https:\/\/www.padreeustaquio.com.br\/#website","url":"https:\/\/www.padreeustaquio.com.br\/","name":"FATHER EUST\u00c1QUIO","description":"Health and Peace","publisher":{"@id":"https:\/\/www.padreeustaquio.com.br\/#organization"},"potentialAction":[{"@type":"SearchAction","target":{"@type":"EntryPoint","urlTemplate":"https:\/\/www.padreeustaquio.com.br\/?s={search_term_string}"},"query-input":{"@type":"PropertyValueSpecification","valueRequired":true,"valueName":"search_term_string"}}],"inLanguage":"en-US"},{"@type":"Organization","@id":"https:\/\/www.padreeustaquio.com.br\/#organization","name":"FATHER EUST\u00c1QUIO","url":"https:\/\/www.padreeustaquio.com.br\/","logo":{"@type":"ImageObject","inLanguage":"en-US","@id":"https:\/\/www.padreeustaquio.com.br\/#\/schema\/logo\/image\/","url":"https:\/\/www.padreeustaquio.com.br\/wp-content\/uploads\/2019\/08\/marca.png","contentUrl":"https:\/\/www.padreeustaquio.com.br\/wp-content\/uploads\/2019\/08\/marca.png","width":350,"height":400,"caption":"Padre Eust\u00e1quio"},"image":{"@id":"https:\/\/www.padreeustaquio.com.br\/#\/schema\/logo\/image\/"},"sameAs":["https:\/\/www.facebook.com\/beatopadreeustaquio\/","https:\/\/x.com\/beatopeustaquio","https:\/\/www.instagram.com\/beatopadreeustaquio\/","https:\/\/www.youtube.com\/channel\/UCRhw7vfabnajwLxb1ZXMeIw"]},{"@type":"Person","@id":"https:\/\/www.padreeustaquio.com.br\/#\/schema\/person\/a2a51db1d00f1a7af0204a0f1ddb1566","name":"@sscc","image":{"@type":"ImageObject","inLanguage":"en-US","@id":"https:\/\/secure.gravatar.com\/avatar\/68cfafa5f44617fea54071e215026e0ff06be366c3d54a8425f04fdcb86f8c5f?s=96&d=mm&r=g","url":"https:\/\/secure.gravatar.com\/avatar\/68cfafa5f44617fea54071e215026e0ff06be366c3d54a8425f04fdcb86f8c5f?s=96&d=mm&r=g","contentUrl":"https:\/\/secure.gravatar.com\/avatar\/68cfafa5f44617fea54071e215026e0ff06be366c3d54a8425f04fdcb86f8c5f?s=96&d=mm&r=g","caption":"@sscc"},"url":"https:\/\/www.padreeustaquio.com.br\/en\/author\/sscc\/"}]}},"_links":{"self":[{"href":"https:\/\/www.padreeustaquio.com.br\/en\/wp-json\/wp\/v2\/posts\/11410","targetHints":{"allow":["GET"]}}],"collection":[{"href":"https:\/\/www.padreeustaquio.com.br\/en\/wp-json\/wp\/v2\/posts"}],"about":[{"href":"https:\/\/www.padreeustaquio.com.br\/en\/wp-json\/wp\/v2\/types\/post"}],"author":[{"embeddable":true,"href":"https:\/\/www.padreeustaquio.com.br\/en\/wp-json\/wp\/v2\/users\/2"}],"replies":[{"embeddable":true,"href":"https:\/\/www.padreeustaquio.com.br\/en\/wp-json\/wp\/v2\/comments?post=11410"}],"version-history":[{"count":0,"href":"https:\/\/www.padreeustaquio.com.br\/en\/wp-json\/wp\/v2\/posts\/11410\/revisions"}],"wp:featuredmedia":[{"embeddable":true,"href":"https:\/\/www.padreeustaquio.com.br\/en\/wp-json\/wp\/v2\/media\/11412"}],"wp:attachment":[{"href":"https:\/\/www.padreeustaquio.com.br\/en\/wp-json\/wp\/v2\/media?parent=11410"}],"wp:term":[{"taxonomy":"category","embeddable":true,"href":"https:\/\/www.padreeustaquio.com.br\/en\/wp-json\/wp\/v2\/categories?post=11410"},{"taxonomy":"post_tag","embeddable":true,"href":"https:\/\/www.padreeustaquio.com.br\/en\/wp-json\/wp\/v2\/tags?post=11410"}],"curies":[{"name":"wp","href":"https:\/\/api.w.org\/{rel}","templated":true}]}}