{"id":11401,"date":"2024-06-24T06:10:56","date_gmt":"2024-06-24T09:10:56","guid":{"rendered":"https:\/\/www.padreeustaquio.com.br\/?p=11401"},"modified":"2024-06-26T16:56:36","modified_gmt":"2024-06-26T19:56:36","slug":"father-eustace-and-the-carmelite-monastery-of-our-lady-of-aparecida-in-belo-horizonte","status":"publish","type":"post","link":"https:\/\/www.padreeustaquio.com.br\/en\/father-eustace-and-the-carmelite-monastery-of-our-lady-of-aparecida-in-belo-horizonte\/","title":{"rendered":"Father Eust\u00e1quio and the Carmelite Monastery of Our Lady of Aparecida, in Belo Horizonte"},"content":{"rendered":"<p>Before establishing himself in the parish that would become a landmark of faith in Belo Horizonte, the Parish of the Sacred Hearts, Father Eust\u00e1quio visited the Carmelite Monastery of Our Lady of Aparecida, accompanied by Father Gil. This visit had a special purpose: to ask for the prayers of the Carmelite sisters for the success of his new mission.<\/p>\n<div id=\"attachment_11404\" style=\"width: 310px\" class=\"wp-caption alignleft\"><img fetchpriority=\"high\" decoding=\"async\" aria-describedby=\"caption-attachment-11404\" class=\"wp-image-11404 size-medium\" src=\"https:\/\/www.padreeustaquio.com.br\/wp-content\/uploads\/2024\/06\/padre-vinicius-e-sta-teresinha-300x225.jpeg\" alt=\"\" width=\"300\" height=\"225\" srcset=\"https:\/\/www.padreeustaquio.com.br\/wp-content\/uploads\/2024\/06\/padre-vinicius-e-sta-teresinha-300x225.jpeg 300w, https:\/\/www.padreeustaquio.com.br\/wp-content\/uploads\/2024\/06\/padre-vinicius-e-sta-teresinha-1024x768.jpeg 1024w, https:\/\/www.padreeustaquio.com.br\/wp-content\/uploads\/2024\/06\/padre-vinicius-e-sta-teresinha-768x576.jpeg 768w, https:\/\/www.padreeustaquio.com.br\/wp-content\/uploads\/2024\/06\/padre-vinicius-e-sta-teresinha-180x135.jpeg 180w, https:\/\/www.padreeustaquio.com.br\/wp-content\/uploads\/2024\/06\/padre-vinicius-e-sta-teresinha-400x300.jpeg 400w, https:\/\/www.padreeustaquio.com.br\/wp-content\/uploads\/2024\/06\/padre-vinicius-e-sta-teresinha-600x450.jpeg 600w, https:\/\/www.padreeustaquio.com.br\/wp-content\/uploads\/2024\/06\/padre-vinicius-e-sta-teresinha-800x600.jpeg 800w, https:\/\/www.padreeustaquio.com.br\/wp-content\/uploads\/2024\/06\/padre-vinicius-e-sta-teresinha-1200x900.jpeg 1200w, https:\/\/www.padreeustaquio.com.br\/wp-content\/uploads\/2024\/06\/padre-vinicius-e-sta-teresinha.jpeg 1280w\" sizes=\"(max-width: 300px) 100vw, 300px\" \/><p id=\"caption-attachment-11404\" class=\"wp-caption-text\">Father Vinicius prays before the relics of Saint Th\u00e9r\u00e8se during a visit to the Carmelite monastery.<\/p><\/div>\n<p>Last week the Carmelite convent received a visit from the relics of Saint Th\u00e9r\u00e8se of Lisieux, and on that occasion, the vice-postulator of the Cause of Canonization of Blessed Father Eustace, Father Vin\u00edcius Maciel, SSCC, celebrated one of the masses in preparation for receiving the relics. Furthermore, on the 19th, Father Vin\u00edcius also venerated the relics in the convent chapel.<\/p>\n<p>The current moment of unity between priests of the Sacred Hearts and Carmelite sisters dates back decades earlier when the Dutch religious arrived in Belo Horizonte. According to historical records of the Carmelite convent and the testimony of Sister Gemma of the Eucharist to the Tribunal of the Cause of Beatification and Canonization of Father Eust\u00e1quio, the first visit of the priests was made by Father Eust\u00e1quio himself and took place on October 5, 1941.<\/p>\n<p><strong>Serving as a Chaplain<\/strong><\/p>\n<div id=\"attachment_11406\" style=\"width: 235px\" class=\"wp-caption alignright\"><img decoding=\"async\" aria-describedby=\"caption-attachment-11406\" class=\"wp-image-11406 size-medium\" src=\"https:\/\/www.padreeustaquio.com.br\/wp-content\/uploads\/2024\/06\/capela-do-carmelo-bh-225x300.jpeg\" alt=\"\" width=\"225\" height=\"300\" srcset=\"https:\/\/www.padreeustaquio.com.br\/wp-content\/uploads\/2024\/06\/capela-do-carmelo-bh-225x300.jpeg 225w, https:\/\/www.padreeustaquio.com.br\/wp-content\/uploads\/2024\/06\/capela-do-carmelo-bh-768x1024.jpeg 768w, https:\/\/www.padreeustaquio.com.br\/wp-content\/uploads\/2024\/06\/capela-do-carmelo-bh-1152x1536.jpeg 1152w, https:\/\/www.padreeustaquio.com.br\/wp-content\/uploads\/2024\/06\/capela-do-carmelo-bh.jpeg 1200w\" sizes=\"(max-width: 225px) 100vw, 225px\" \/><p id=\"caption-attachment-11406\" class=\"wp-caption-text\">Carmelite Chapel in Belo Horizonte, Minas Gerais, Brazil<\/p><\/div>\n<p>Between April and June 1942, Father Eustace served as chaplain of the Carmelite convent. During this period, he celebrated Mass for the nuns, heard their confessions, and, on special occasions, entered the cloister to administer communion to the sick sisters. This close interaction not only strengthened the spirituality of the sisters but also deepened Father Eustace&#039;s own devotion.<\/p>\n<p>In a significant gesture of spiritual unity, Father Eustace created a card containing the signatures of all the Carmelite nuns. This card was later placed in the cornerstone of the church, now the Sanctuary of Health and Peace, symbolizing the spiritual foundation upon which the parish would be built. This act reinforced the importance of the prayers and support of the Carmelite sisters in Father Eustace&#039;s mission.<\/p>\n<p><strong>Historical Testimony<\/strong><\/p>\n<p>On June 25, 1964, Sister Gemma of the Eucharist gave a testimony to the Tribunal for the Cause of Beatification and Canonization of Father Eustace, highlighting the importance of the relationship between the priest and the Carmelite Order. Her testimony emphasized Father Eustace&#039;s dedication and affection for the sisters and his deep connection to Carmelite spirituality.<\/p>","protected":false},"excerpt":{"rendered":"<p>de Antes de estabelecer na par\u00f3quia que se tornaria um marco de f\u00e9 em Belo Horizonte, a Par\u00f3quia dos Sagrados Cora\u00e7\u00f5es, Padre Eust\u00e1quio visitou o Carmelo de Nossa Senhora Aparecida, acompanhado por Padre Gil. Essa visita tinha um prop\u00f3sito especial: pedir as ora\u00e7\u00f5es das irm\u00e3s carmelitas para o sucesso de sua nova miss\u00e3o. Na semana passada o Carmelo recebeu a visita das rel\u00edquias de Santa Teresinha e, na ocasi\u00e3o, o vice-postulador da Causa de Canoniza\u00e7\u00e3o do Beato Padre Eust\u00e1quio, o padre Vin\u00edcius Maciel, SSCC, celebrou uma das missas em prepara\u00e7\u00e3o \u00e0 recep\u00e7\u00e3o das rel\u00edquias. Al\u00e9m disso, no dia 19, padre [&hellip;]<\/p>\n","protected":false},"author":2,"featured_media":11403,"comment_status":"open","ping_status":"closed","sticky":false,"template":"","format":"standard","meta":{"_acf_changed":false,"footnotes":""},"categories":[611],"tags":[],"class_list":["post-11401","post","type-post","status-publish","format-standard","has-post-thumbnail","hentry","category-noticias"],"acf":[],"yoast_head":"<!-- This site is optimized with the Yoast SEO plugin v27.2 - https:\/\/yoast.com\/product\/yoast-seo-wordpress\/ -->\n<title>Padre Eust\u00e1quio e o Carmelo de Nossa Senhora Aparecida, em Belo Horizonte - Padre Eust\u00e1quio<\/title>\n<meta name=\"robots\" content=\"index, follow, max-snippet:-1, max-image-preview:large, max-video-preview:-1\" \/>\n<link rel=\"canonical\" href=\"https:\/\/www.padreeustaquio.com.br\/en\/father-eustace-and-the-carmelite-monastery-of-our-lady-of-aparecida-in-belo-horizonte\/\" \/>\n<meta property=\"og:locale\" content=\"en_US\" \/>\n<meta property=\"og:type\" content=\"article\" \/>\n<meta property=\"og:title\" content=\"Padre Eust\u00e1quio e o Carmelo de Nossa Senhora Aparecida, em Belo Horizonte - Padre Eust\u00e1quio\" \/>\n<meta property=\"og:description\" content=\"de Antes de estabelecer na par\u00f3quia que se tornaria um marco de f\u00e9 em Belo Horizonte, a Par\u00f3quia dos Sagrados Cora\u00e7\u00f5es, Padre Eust\u00e1quio visitou o Carmelo de Nossa Senhora Aparecida, acompanhado por Padre Gil. Essa visita tinha um prop\u00f3sito especial: pedir as ora\u00e7\u00f5es das irm\u00e3s carmelitas para o sucesso de sua nova miss\u00e3o. Na semana passada o Carmelo recebeu a visita das rel\u00edquias de Santa Teresinha e, na ocasi\u00e3o, o vice-postulador da Causa de Canoniza\u00e7\u00e3o do Beato Padre Eust\u00e1quio, o padre Vin\u00edcius Maciel, SSCC, celebrou uma das missas em prepara\u00e7\u00e3o \u00e0 recep\u00e7\u00e3o das rel\u00edquias. Al\u00e9m disso, no dia 19, padre [&hellip;]\" \/>\n<meta property=\"og:url\" content=\"https:\/\/www.padreeustaquio.com.br\/en\/father-eustace-and-the-carmelite-monastery-of-our-lady-of-aparecida-in-belo-horizonte\/\" \/>\n<meta property=\"og:site_name\" content=\"Padre Eust\u00e1quio\" \/>\n<meta property=\"article:publisher\" content=\"https:\/\/www.facebook.com\/beatopadreeustaquio\/\" \/>\n<meta property=\"article:published_time\" content=\"2024-06-24T09:10:56+00:00\" \/>\n<meta property=\"article:modified_time\" content=\"2024-06-26T19:56:36+00:00\" \/>\n<meta property=\"og:image\" content=\"https:\/\/www.padreeustaquio.com.br\/wp-content\/uploads\/2024\/06\/carmelo-bh.jpg\" \/>\n\t<meta property=\"og:image:width\" content=\"448\" \/>\n\t<meta property=\"og:image:height\" content=\"299\" \/>\n\t<meta property=\"og:image:type\" content=\"image\/jpeg\" \/>\n<meta name=\"author\" content=\"@sscc\" \/>\n<meta name=\"twitter:card\" content=\"summary_large_image\" \/>\n<meta name=\"twitter:creator\" content=\"@beatopeustaquio\" \/>\n<meta name=\"twitter:site\" content=\"@beatopeustaquio\" \/>\n<meta name=\"twitter:label1\" content=\"Written by\" \/>\n\t<meta name=\"twitter:data1\" content=\"@sscc\" \/>\n\t<meta name=\"twitter:label2\" content=\"Est. reading time\" \/>\n\t<meta name=\"twitter:data2\" content=\"3 minutes\" \/>\n<script type=\"application\/ld+json\" class=\"yoast-schema-graph\">{\"@context\":\"https:\/\/schema.org\",\"@graph\":[{\"@type\":\"Article\",\"@id\":\"https:\/\/www.padreeustaquio.com.br\/padre-eustaquio-e-o-carmelo-de-nossa-senhora-aparecida-em-belo-horizonte\/#article\",\"isPartOf\":{\"@id\":\"https:\/\/www.padreeustaquio.com.br\/padre-eustaquio-e-o-carmelo-de-nossa-senhora-aparecida-em-belo-horizonte\/\"},\"author\":{\"name\":\"@sscc\",\"@id\":\"https:\/\/www.padreeustaquio.com.br\/#\/schema\/person\/a2a51db1d00f1a7af0204a0f1ddb1566\"},\"headline\":\"Padre Eust\u00e1quio e o Carmelo de Nossa Senhora Aparecida, em Belo Horizonte\",\"datePublished\":\"2024-06-24T09:10:56+00:00\",\"dateModified\":\"2024-06-26T19:56:36+00:00\",\"mainEntityOfPage\":{\"@id\":\"https:\/\/www.padreeustaquio.com.br\/padre-eustaquio-e-o-carmelo-de-nossa-senhora-aparecida-em-belo-horizonte\/\"},\"wordCount\":476,\"commentCount\":0,\"publisher\":{\"@id\":\"https:\/\/www.padreeustaquio.com.br\/#organization\"},\"image\":{\"@id\":\"https:\/\/www.padreeustaquio.com.br\/padre-eustaquio-e-o-carmelo-de-nossa-senhora-aparecida-em-belo-horizonte\/#primaryimage\"},\"thumbnailUrl\":\"https:\/\/www.padreeustaquio.com.br\/wp-content\/uploads\/2024\/06\/carmelo-bh.jpg\",\"articleSection\":[\"Not\u00edcias\"],\"inLanguage\":\"en-US\",\"potentialAction\":[{\"@type\":\"CommentAction\",\"name\":\"Comment\",\"target\":[\"https:\/\/www.padreeustaquio.com.br\/padre-eustaquio-e-o-carmelo-de-nossa-senhora-aparecida-em-belo-horizonte\/#respond\"]}]},{\"@type\":\"WebPage\",\"@id\":\"https:\/\/www.padreeustaquio.com.br\/padre-eustaquio-e-o-carmelo-de-nossa-senhora-aparecida-em-belo-horizonte\/\",\"url\":\"https:\/\/www.padreeustaquio.com.br\/padre-eustaquio-e-o-carmelo-de-nossa-senhora-aparecida-em-belo-horizonte\/\",\"name\":\"Padre Eust\u00e1quio e o Carmelo de Nossa Senhora Aparecida, em Belo Horizonte - Padre Eust\u00e1quio\",\"isPartOf\":{\"@id\":\"https:\/\/www.padreeustaquio.com.br\/#website\"},\"primaryImageOfPage\":{\"@id\":\"https:\/\/www.padreeustaquio.com.br\/padre-eustaquio-e-o-carmelo-de-nossa-senhora-aparecida-em-belo-horizonte\/#primaryimage\"},\"image\":{\"@id\":\"https:\/\/www.padreeustaquio.com.br\/padre-eustaquio-e-o-carmelo-de-nossa-senhora-aparecida-em-belo-horizonte\/#primaryimage\"},\"thumbnailUrl\":\"https:\/\/www.padreeustaquio.com.br\/wp-content\/uploads\/2024\/06\/carmelo-bh.jpg\",\"datePublished\":\"2024-06-24T09:10:56+00:00\",\"dateModified\":\"2024-06-26T19:56:36+00:00\",\"breadcrumb\":{\"@id\":\"https:\/\/www.padreeustaquio.com.br\/padre-eustaquio-e-o-carmelo-de-nossa-senhora-aparecida-em-belo-horizonte\/#breadcrumb\"},\"inLanguage\":\"en-US\",\"potentialAction\":[{\"@type\":\"ReadAction\",\"target\":[\"https:\/\/www.padreeustaquio.com.br\/padre-eustaquio-e-o-carmelo-de-nossa-senhora-aparecida-em-belo-horizonte\/\"]}]},{\"@type\":\"ImageObject\",\"inLanguage\":\"en-US\",\"@id\":\"https:\/\/www.padreeustaquio.com.br\/padre-eustaquio-e-o-carmelo-de-nossa-senhora-aparecida-em-belo-horizonte\/#primaryimage\",\"url\":\"https:\/\/www.padreeustaquio.com.br\/wp-content\/uploads\/2024\/06\/carmelo-bh.jpg\",\"contentUrl\":\"https:\/\/www.padreeustaquio.com.br\/wp-content\/uploads\/2024\/06\/carmelo-bh.jpg\",\"width\":448,\"height\":299},{\"@type\":\"BreadcrumbList\",\"@id\":\"https:\/\/www.padreeustaquio.com.br\/padre-eustaquio-e-o-carmelo-de-nossa-senhora-aparecida-em-belo-horizonte\/#breadcrumb\",\"itemListElement\":[{\"@type\":\"ListItem\",\"position\":1,\"name\":\"In\u00edcio\",\"item\":\"https:\/\/www.padreeustaquio.com.br\/\"},{\"@type\":\"ListItem\",\"position\":2,\"name\":\"Padre Eust\u00e1quio e o Carmelo de Nossa Senhora Aparecida, em Belo Horizonte\"}]},{\"@type\":\"WebSite\",\"@id\":\"https:\/\/www.padreeustaquio.com.br\/#website\",\"url\":\"https:\/\/www.padreeustaquio.com.br\/\",\"name\":\"Padre Eust\u00e1quio\",\"description\":\"Sa\u00fade e Paz\",\"publisher\":{\"@id\":\"https:\/\/www.padreeustaquio.com.br\/#organization\"},\"potentialAction\":[{\"@type\":\"SearchAction\",\"target\":{\"@type\":\"EntryPoint\",\"urlTemplate\":\"https:\/\/www.padreeustaquio.com.br\/?s={search_term_string}\"},\"query-input\":{\"@type\":\"PropertyValueSpecification\",\"valueRequired\":true,\"valueName\":\"search_term_string\"}}],\"inLanguage\":\"en-US\"},{\"@type\":\"Organization\",\"@id\":\"https:\/\/www.padreeustaquio.com.br\/#organization\",\"name\":\"Padre Eust\u00e1quio\",\"url\":\"https:\/\/www.padreeustaquio.com.br\/\",\"logo\":{\"@type\":\"ImageObject\",\"inLanguage\":\"en-US\",\"@id\":\"https:\/\/www.padreeustaquio.com.br\/#\/schema\/logo\/image\/\",\"url\":\"https:\/\/www.padreeustaquio.com.br\/wp-content\/uploads\/2019\/08\/marca.png\",\"contentUrl\":\"https:\/\/www.padreeustaquio.com.br\/wp-content\/uploads\/2019\/08\/marca.png\",\"width\":350,\"height\":400,\"caption\":\"Padre Eust\u00e1quio\"},\"image\":{\"@id\":\"https:\/\/www.padreeustaquio.com.br\/#\/schema\/logo\/image\/\"},\"sameAs\":[\"https:\/\/www.facebook.com\/beatopadreeustaquio\/\",\"https:\/\/x.com\/beatopeustaquio\",\"https:\/\/www.instagram.com\/beatopadreeustaquio\/\",\"https:\/\/www.youtube.com\/channel\/UCRhw7vfabnajwLxb1ZXMeIw\"]},{\"@type\":\"Person\",\"@id\":\"https:\/\/www.padreeustaquio.com.br\/#\/schema\/person\/a2a51db1d00f1a7af0204a0f1ddb1566\",\"name\":\"@sscc\",\"image\":{\"@type\":\"ImageObject\",\"inLanguage\":\"en-US\",\"@id\":\"https:\/\/secure.gravatar.com\/avatar\/68cfafa5f44617fea54071e215026e0ff06be366c3d54a8425f04fdcb86f8c5f?s=96&d=mm&r=g\",\"url\":\"https:\/\/secure.gravatar.com\/avatar\/68cfafa5f44617fea54071e215026e0ff06be366c3d54a8425f04fdcb86f8c5f?s=96&d=mm&r=g\",\"contentUrl\":\"https:\/\/secure.gravatar.com\/avatar\/68cfafa5f44617fea54071e215026e0ff06be366c3d54a8425f04fdcb86f8c5f?s=96&d=mm&r=g\",\"caption\":\"@sscc\"},\"url\":\"https:\/\/www.padreeustaquio.com.br\/en\/author\/sscc\/\"}]}<\/script>\n<!-- \/ Yoast SEO plugin. -->","yoast_head_json":{"title":"Father Eust\u00e1quio and the Carmelite Monastery of Our Lady of Aparecida, in Belo Horizonte - Father Eust\u00e1quio","robots":{"index":"index","follow":"follow","max-snippet":"max-snippet:-1","max-image-preview":"max-image-preview:large","max-video-preview":"max-video-preview:-1"},"canonical":"https:\/\/www.padreeustaquio.com.br\/en\/father-eustace-and-the-carmelite-monastery-of-our-lady-of-aparecida-in-belo-horizonte\/","og_locale":"en_US","og_type":"article","og_title":"Padre Eust\u00e1quio e o Carmelo de Nossa Senhora Aparecida, em Belo Horizonte - Padre Eust\u00e1quio","og_description":"de Antes de estabelecer na par\u00f3quia que se tornaria um marco de f\u00e9 em Belo Horizonte, a Par\u00f3quia dos Sagrados Cora\u00e7\u00f5es, Padre Eust\u00e1quio visitou o Carmelo de Nossa Senhora Aparecida, acompanhado por Padre Gil. Essa visita tinha um prop\u00f3sito especial: pedir as ora\u00e7\u00f5es das irm\u00e3s carmelitas para o sucesso de sua nova miss\u00e3o. Na semana passada o Carmelo recebeu a visita das rel\u00edquias de Santa Teresinha e, na ocasi\u00e3o, o vice-postulador da Causa de Canoniza\u00e7\u00e3o do Beato Padre Eust\u00e1quio, o padre Vin\u00edcius Maciel, SSCC, celebrou uma das missas em prepara\u00e7\u00e3o \u00e0 recep\u00e7\u00e3o das rel\u00edquias. Al\u00e9m disso, no dia 19, padre [&hellip;]","og_url":"https:\/\/www.padreeustaquio.com.br\/en\/father-eustace-and-the-carmelite-monastery-of-our-lady-of-aparecida-in-belo-horizonte\/","og_site_name":"Padre Eust\u00e1quio","article_publisher":"https:\/\/www.facebook.com\/beatopadreeustaquio\/","article_published_time":"2024-06-24T09:10:56+00:00","article_modified_time":"2024-06-26T19:56:36+00:00","og_image":[{"width":448,"height":299,"url":"https:\/\/www.padreeustaquio.com.br\/wp-content\/uploads\/2024\/06\/carmelo-bh.jpg","type":"image\/jpeg"}],"author":"@sscc","twitter_card":"summary_large_image","twitter_creator":"@beatopeustaquio","twitter_site":"@beatopeustaquio","twitter_misc":{"Written by":"@sscc","Est. reading time":"3 minutes"},"schema":{"@context":"https:\/\/schema.org","@graph":[{"@type":"Article","@id":"https:\/\/www.padreeustaquio.com.br\/padre-eustaquio-e-o-carmelo-de-nossa-senhora-aparecida-em-belo-horizonte\/#article","isPartOf":{"@id":"https:\/\/www.padreeustaquio.com.br\/padre-eustaquio-e-o-carmelo-de-nossa-senhora-aparecida-em-belo-horizonte\/"},"author":{"name":"@sscc","@id":"https:\/\/www.padreeustaquio.com.br\/#\/schema\/person\/a2a51db1d00f1a7af0204a0f1ddb1566"},"headline":"Padre Eust\u00e1quio e o Carmelo de Nossa Senhora Aparecida, em Belo Horizonte","datePublished":"2024-06-24T09:10:56+00:00","dateModified":"2024-06-26T19:56:36+00:00","mainEntityOfPage":{"@id":"https:\/\/www.padreeustaquio.com.br\/padre-eustaquio-e-o-carmelo-de-nossa-senhora-aparecida-em-belo-horizonte\/"},"wordCount":476,"commentCount":0,"publisher":{"@id":"https:\/\/www.padreeustaquio.com.br\/#organization"},"image":{"@id":"https:\/\/www.padreeustaquio.com.br\/padre-eustaquio-e-o-carmelo-de-nossa-senhora-aparecida-em-belo-horizonte\/#primaryimage"},"thumbnailUrl":"https:\/\/www.padreeustaquio.com.br\/wp-content\/uploads\/2024\/06\/carmelo-bh.jpg","articleSection":["Not\u00edcias"],"inLanguage":"en-US","potentialAction":[{"@type":"CommentAction","name":"Comment","target":["https:\/\/www.padreeustaquio.com.br\/padre-eustaquio-e-o-carmelo-de-nossa-senhora-aparecida-em-belo-horizonte\/#respond"]}]},{"@type":"WebPage","@id":"https:\/\/www.padreeustaquio.com.br\/padre-eustaquio-e-o-carmelo-de-nossa-senhora-aparecida-em-belo-horizonte\/","url":"https:\/\/www.padreeustaquio.com.br\/padre-eustaquio-e-o-carmelo-de-nossa-senhora-aparecida-em-belo-horizonte\/","name":"Father Eust\u00e1quio and the Carmelite Monastery of Our Lady of Aparecida, in Belo Horizonte - Father Eust\u00e1quio","isPartOf":{"@id":"https:\/\/www.padreeustaquio.com.br\/#website"},"primaryImageOfPage":{"@id":"https:\/\/www.padreeustaquio.com.br\/padre-eustaquio-e-o-carmelo-de-nossa-senhora-aparecida-em-belo-horizonte\/#primaryimage"},"image":{"@id":"https:\/\/www.padreeustaquio.com.br\/padre-eustaquio-e-o-carmelo-de-nossa-senhora-aparecida-em-belo-horizonte\/#primaryimage"},"thumbnailUrl":"https:\/\/www.padreeustaquio.com.br\/wp-content\/uploads\/2024\/06\/carmelo-bh.jpg","datePublished":"2024-06-24T09:10:56+00:00","dateModified":"2024-06-26T19:56:36+00:00","breadcrumb":{"@id":"https:\/\/www.padreeustaquio.com.br\/padre-eustaquio-e-o-carmelo-de-nossa-senhora-aparecida-em-belo-horizonte\/#breadcrumb"},"inLanguage":"en-US","potentialAction":[{"@type":"ReadAction","target":["https:\/\/www.padreeustaquio.com.br\/padre-eustaquio-e-o-carmelo-de-nossa-senhora-aparecida-em-belo-horizonte\/"]}]},{"@type":"ImageObject","inLanguage":"en-US","@id":"https:\/\/www.padreeustaquio.com.br\/padre-eustaquio-e-o-carmelo-de-nossa-senhora-aparecida-em-belo-horizonte\/#primaryimage","url":"https:\/\/www.padreeustaquio.com.br\/wp-content\/uploads\/2024\/06\/carmelo-bh.jpg","contentUrl":"https:\/\/www.padreeustaquio.com.br\/wp-content\/uploads\/2024\/06\/carmelo-bh.jpg","width":448,"height":299},{"@type":"BreadcrumbList","@id":"https:\/\/www.padreeustaquio.com.br\/padre-eustaquio-e-o-carmelo-de-nossa-senhora-aparecida-em-belo-horizonte\/#breadcrumb","itemListElement":[{"@type":"ListItem","position":1,"name":"In\u00edcio","item":"https:\/\/www.padreeustaquio.com.br\/"},{"@type":"ListItem","position":2,"name":"Padre Eust\u00e1quio e o Carmelo de Nossa Senhora Aparecida, em Belo Horizonte"}]},{"@type":"WebSite","@id":"https:\/\/www.padreeustaquio.com.br\/#website","url":"https:\/\/www.padreeustaquio.com.br\/","name":"FATHER EUST\u00c1QUIO","description":"Health and Peace","publisher":{"@id":"https:\/\/www.padreeustaquio.com.br\/#organization"},"potentialAction":[{"@type":"SearchAction","target":{"@type":"EntryPoint","urlTemplate":"https:\/\/www.padreeustaquio.com.br\/?s={search_term_string}"},"query-input":{"@type":"PropertyValueSpecification","valueRequired":true,"valueName":"search_term_string"}}],"inLanguage":"en-US"},{"@type":"Organization","@id":"https:\/\/www.padreeustaquio.com.br\/#organization","name":"FATHER EUST\u00c1QUIO","url":"https:\/\/www.padreeustaquio.com.br\/","logo":{"@type":"ImageObject","inLanguage":"en-US","@id":"https:\/\/www.padreeustaquio.com.br\/#\/schema\/logo\/image\/","url":"https:\/\/www.padreeustaquio.com.br\/wp-content\/uploads\/2019\/08\/marca.png","contentUrl":"https:\/\/www.padreeustaquio.com.br\/wp-content\/uploads\/2019\/08\/marca.png","width":350,"height":400,"caption":"Padre Eust\u00e1quio"},"image":{"@id":"https:\/\/www.padreeustaquio.com.br\/#\/schema\/logo\/image\/"},"sameAs":["https:\/\/www.facebook.com\/beatopadreeustaquio\/","https:\/\/x.com\/beatopeustaquio","https:\/\/www.instagram.com\/beatopadreeustaquio\/","https:\/\/www.youtube.com\/channel\/UCRhw7vfabnajwLxb1ZXMeIw"]},{"@type":"Person","@id":"https:\/\/www.padreeustaquio.com.br\/#\/schema\/person\/a2a51db1d00f1a7af0204a0f1ddb1566","name":"@sscc","image":{"@type":"ImageObject","inLanguage":"en-US","@id":"https:\/\/secure.gravatar.com\/avatar\/68cfafa5f44617fea54071e215026e0ff06be366c3d54a8425f04fdcb86f8c5f?s=96&d=mm&r=g","url":"https:\/\/secure.gravatar.com\/avatar\/68cfafa5f44617fea54071e215026e0ff06be366c3d54a8425f04fdcb86f8c5f?s=96&d=mm&r=g","contentUrl":"https:\/\/secure.gravatar.com\/avatar\/68cfafa5f44617fea54071e215026e0ff06be366c3d54a8425f04fdcb86f8c5f?s=96&d=mm&r=g","caption":"@sscc"},"url":"https:\/\/www.padreeustaquio.com.br\/en\/author\/sscc\/"}]}},"_links":{"self":[{"href":"https:\/\/www.padreeustaquio.com.br\/en\/wp-json\/wp\/v2\/posts\/11401","targetHints":{"allow":["GET"]}}],"collection":[{"href":"https:\/\/www.padreeustaquio.com.br\/en\/wp-json\/wp\/v2\/posts"}],"about":[{"href":"https:\/\/www.padreeustaquio.com.br\/en\/wp-json\/wp\/v2\/types\/post"}],"author":[{"embeddable":true,"href":"https:\/\/www.padreeustaquio.com.br\/en\/wp-json\/wp\/v2\/users\/2"}],"replies":[{"embeddable":true,"href":"https:\/\/www.padreeustaquio.com.br\/en\/wp-json\/wp\/v2\/comments?post=11401"}],"version-history":[{"count":0,"href":"https:\/\/www.padreeustaquio.com.br\/en\/wp-json\/wp\/v2\/posts\/11401\/revisions"}],"wp:featuredmedia":[{"embeddable":true,"href":"https:\/\/www.padreeustaquio.com.br\/en\/wp-json\/wp\/v2\/media\/11403"}],"wp:attachment":[{"href":"https:\/\/www.padreeustaquio.com.br\/en\/wp-json\/wp\/v2\/media?parent=11401"}],"wp:term":[{"taxonomy":"category","embeddable":true,"href":"https:\/\/www.padreeustaquio.com.br\/en\/wp-json\/wp\/v2\/categories?post=11401"},{"taxonomy":"post_tag","embeddable":true,"href":"https:\/\/www.padreeustaquio.com.br\/en\/wp-json\/wp\/v2\/tags?post=11401"}],"curies":[{"name":"wp","href":"https:\/\/api.w.org\/{rel}","templated":true}]}}