{"id":11394,"date":"2024-06-21T14:00:42","date_gmt":"2024-06-21T17:00:42","guid":{"rendered":"https:\/\/www.padreeustaquio.com.br\/?p=11394"},"modified":"2024-06-21T14:06:21","modified_gmt":"2024-06-21T17:06:21","slug":"pilgrimage-from-rio-de-janeiro-visits-church-and-memorial-of-blessed-father-eustaquio-in-belo-horizonte","status":"publish","type":"post","link":"https:\/\/www.padreeustaquio.com.br\/en\/pilgrimage-from-rio-de-janeiro-visits-church-and-memorial-of-blessed-father-eustaquio-in-belo-horizonte\/","title":{"rendered":"Pilgrimage from Rio de Janeiro visits the Church and Memorial of Blessed Father Eust\u00e1quio in Belo Horizonte."},"content":{"rendered":"<p>A group of 58 people from Itabora\u00ed, Rio de Janeiro, visited the Sanctuary of Health and Peace, Church of Blessed Father Eust\u00e1quio. The idea to visit the place was driven by recommendations from friends who had already visited the Sanctuary.<\/p>\n<div id=\"attachment_11397\" style=\"width: 291px\" class=\"wp-caption alignleft\"><img fetchpriority=\"high\" decoding=\"async\" aria-describedby=\"caption-attachment-11397\" class=\"wp-image-11397\" src=\"https:\/\/www.padreeustaquio.com.br\/wp-content\/uploads\/2024\/06\/WhatsApp-Image-2024-06-14-at-11.25.46-e1718989365319-300x234.jpeg\" alt=\"\" width=\"281\" height=\"219\" srcset=\"https:\/\/www.padreeustaquio.com.br\/wp-content\/uploads\/2024\/06\/WhatsApp-Image-2024-06-14-at-11.25.46-e1718989365319-300x234.jpeg 300w, https:\/\/www.padreeustaquio.com.br\/wp-content\/uploads\/2024\/06\/WhatsApp-Image-2024-06-14-at-11.25.46-e1718989365319-768x600.jpeg 768w, https:\/\/www.padreeustaquio.com.br\/wp-content\/uploads\/2024\/06\/WhatsApp-Image-2024-06-14-at-11.25.46-e1718989365319.jpeg 893w\" sizes=\"(max-width: 281px) 100vw, 281px\" \/><p id=\"caption-attachment-11397\" class=\"wp-caption-text\">Simone and Gilmar visited the Memorial for the first time.<\/p><\/div>\n<p><em>\u201cThe Sanctuary and Father Eust\u00e1quio are very well-known in our community, and that&#039;s why the idea of organizing religious tourism here at the church arose. In addition, we will take the opportunity to get to know the capital of Minas Gerais better.\u201d<\/em>, &quot;said Simone Gouveia Rodrigues, one of the visitors.&quot;.<\/p>\n<p>The group was warmly welcomed by the vice-postulator of the Cause of Canonization of Blessed Father Eustace, Father Vinicius Maciel. The visitors had the opportunity to explore not only the Sanctuary, but also the Father Eustace Memorial. For many, this was a chance to deepen their knowledge of the life and teachings of the Blessed.<\/p>\n<p><img decoding=\"async\" class=\"size-medium wp-image-11398 alignright\" src=\"https:\/\/www.padreeustaquio.com.br\/wp-content\/uploads\/2024\/06\/pv-com-romeiros-no-santuario-e1718989425730-300x150.jpeg\" alt=\"\" width=\"300\" height=\"150\" srcset=\"https:\/\/www.padreeustaquio.com.br\/wp-content\/uploads\/2024\/06\/pv-com-romeiros-no-santuario-e1718989425730-300x150.jpeg 300w, https:\/\/www.padreeustaquio.com.br\/wp-content\/uploads\/2024\/06\/pv-com-romeiros-no-santuario-e1718989425730-1024x512.jpeg 1024w, https:\/\/www.padreeustaquio.com.br\/wp-content\/uploads\/2024\/06\/pv-com-romeiros-no-santuario-e1718989425730-768x384.jpeg 768w, https:\/\/www.padreeustaquio.com.br\/wp-content\/uploads\/2024\/06\/pv-com-romeiros-no-santuario-e1718989425730-400x200.jpeg 400w, https:\/\/www.padreeustaquio.com.br\/wp-content\/uploads\/2024\/06\/pv-com-romeiros-no-santuario-e1718989425730-600x300.jpeg 600w, https:\/\/www.padreeustaquio.com.br\/wp-content\/uploads\/2024\/06\/pv-com-romeiros-no-santuario-e1718989425730-800x400.jpeg 800w, https:\/\/www.padreeustaquio.com.br\/wp-content\/uploads\/2024\/06\/pv-com-romeiros-no-santuario-e1718989425730-1200x600.jpeg 1200w, https:\/\/www.padreeustaquio.com.br\/wp-content\/uploads\/2024\/06\/pv-com-romeiros-no-santuario-e1718989425730.jpeg 1285w\" sizes=\"(max-width: 300px) 100vw, 300px\" \/>Gilmar Alfradique also spoke about the experience: <em>\u201c&quot;It is a great blessing to be here. I could see in everyone&#039;s eyes how moved they were to receive the grace of being closer to Father Eust\u00e1quio.&quot;\u201d<\/em><\/p>\n<p>The visit not only strengthened the faith of the participants, but also provided a moment of profound spiritual connection. For many, it was an opportunity to renew their devotion to the Blessed One and explore new aspects of Christian spirituality.<\/p>\n<p><img decoding=\"async\" class=\"aligncenter  wp-image-11399\" src=\"https:\/\/www.padreeustaquio.com.br\/wp-content\/uploads\/2024\/06\/romeiros-no-memorial-300x135.jpeg\" alt=\"\" width=\"489\" height=\"220\" srcset=\"https:\/\/www.padreeustaquio.com.br\/wp-content\/uploads\/2024\/06\/romeiros-no-memorial-300x135.jpeg 300w, https:\/\/www.padreeustaquio.com.br\/wp-content\/uploads\/2024\/06\/romeiros-no-memorial-1024x461.jpeg 1024w, https:\/\/www.padreeustaquio.com.br\/wp-content\/uploads\/2024\/06\/romeiros-no-memorial-768x346.jpeg 768w, https:\/\/www.padreeustaquio.com.br\/wp-content\/uploads\/2024\/06\/romeiros-no-memorial-1536x691.jpeg 1536w, https:\/\/www.padreeustaquio.com.br\/wp-content\/uploads\/2024\/06\/romeiros-no-memorial.jpeg 1600w\" sizes=\"(max-width: 489px) 100vw, 489px\" \/><\/p>","protected":false},"excerpt":{"rendered":"<p>Um grupo com 58 pessoas, vindas de Itabora\u00ed, Rio de Janeiro, visitou o Santu\u00e1rio da Sa\u00fade e da Paz, Igreja do Beato Padre Eust\u00e1quio. A ideia de conhecer o local foi impulsionada pelas recomenda\u00e7\u00f5es de amigos que j\u00e1 haviam visitado o Santu\u00e1rio. &#8220;O Santu\u00e1rio e o Padre Eust\u00e1quio s\u00e3o muito divulgados em nosso meio, e por isso surgiu a ideia de realizar um turismo religioso aqui na igreja. Al\u00e9m disso, aproveitaremos para conhecer mais a capital mineira.&#8221;, afirmou Simone Gouveia Rodrigues, uma das visitantes. O grupo foi recebido calorosamente pelo vice-postulador da Causa de Canoniza\u00e7\u00e3o do Beato Padre Eust\u00e1quio, Padre [&hellip;]<\/p>\n","protected":false},"author":2,"featured_media":11395,"comment_status":"open","ping_status":"closed","sticky":false,"template":"","format":"standard","meta":{"_acf_changed":false,"footnotes":""},"categories":[611],"tags":[],"class_list":["post-11394","post","type-post","status-publish","format-standard","has-post-thumbnail","hentry","category-noticias"],"acf":[],"yoast_head":"<!-- This site is optimized with the Yoast SEO plugin v27.2 - https:\/\/yoast.com\/product\/yoast-seo-wordpress\/ -->\n<title>Romaria do Rio de Janeiro visita Igreja e Memorial do Beato Padre Eust\u00e1quio em BH<\/title>\n<meta name=\"description\" content=\"Um grupo com 58 pessoas, vindas de Itabora\u00ed, Rio de Janeiro, visitou o Santu\u00e1rio da Sa\u00fade e da Paz, Igreja do Beato Padre Eust\u00e1quio. A ideia de conhecer o local foi impulsionada pelas recomenda\u00e7\u00f5es de amigos que j\u00e1 haviam visitado o Santu\u00e1rio.\" \/>\n<meta name=\"robots\" content=\"index, follow, max-snippet:-1, max-image-preview:large, max-video-preview:-1\" \/>\n<link rel=\"canonical\" href=\"https:\/\/www.padreeustaquio.com.br\/en\/pilgrimage-from-rio-de-janeiro-visits-church-and-memorial-of-blessed-father-eustaquio-in-belo-horizonte\/\" \/>\n<meta property=\"og:locale\" content=\"en_US\" \/>\n<meta property=\"og:type\" content=\"article\" \/>\n<meta property=\"og:title\" content=\"Romaria do Rio de Janeiro visita Igreja e Memorial do Beato Padre Eust\u00e1quio em BH\" \/>\n<meta property=\"og:description\" content=\"Um grupo com 58 pessoas, vindas de Itabora\u00ed, Rio de Janeiro, visitou o Santu\u00e1rio da Sa\u00fade e da Paz, Igreja do Beato Padre Eust\u00e1quio. A ideia de conhecer o local foi impulsionada pelas recomenda\u00e7\u00f5es de amigos que j\u00e1 haviam visitado o Santu\u00e1rio.\" \/>\n<meta property=\"og:url\" content=\"https:\/\/www.padreeustaquio.com.br\/en\/pilgrimage-from-rio-de-janeiro-visits-church-and-memorial-of-blessed-father-eustaquio-in-belo-horizonte\/\" \/>\n<meta property=\"og:site_name\" content=\"Padre Eust\u00e1quio\" \/>\n<meta property=\"article:publisher\" content=\"https:\/\/www.facebook.com\/beatopadreeustaquio\/\" \/>\n<meta property=\"article:published_time\" content=\"2024-06-21T17:00:42+00:00\" \/>\n<meta property=\"article:modified_time\" content=\"2024-06-21T17:06:21+00:00\" \/>\n<meta property=\"og:image\" content=\"https:\/\/www.padreeustaquio.com.br\/wp-content\/uploads\/2024\/06\/romaria-carioca.jpg\" \/>\n\t<meta property=\"og:image:width\" content=\"748\" \/>\n\t<meta property=\"og:image:height\" content=\"394\" \/>\n\t<meta property=\"og:image:type\" content=\"image\/jpeg\" \/>\n<meta name=\"author\" content=\"@sscc\" \/>\n<meta name=\"twitter:card\" content=\"summary_large_image\" \/>\n<meta name=\"twitter:creator\" content=\"@beatopeustaquio\" \/>\n<meta name=\"twitter:site\" content=\"@beatopeustaquio\" \/>\n<meta name=\"twitter:label1\" content=\"Written by\" \/>\n\t<meta name=\"twitter:data1\" content=\"@sscc\" \/>\n\t<meta name=\"twitter:label2\" content=\"Est. reading time\" \/>\n\t<meta name=\"twitter:data2\" content=\"3 minutes\" \/>\n<script type=\"application\/ld+json\" class=\"yoast-schema-graph\">{\"@context\":\"https:\/\/schema.org\",\"@graph\":[{\"@type\":\"Article\",\"@id\":\"https:\/\/www.padreeustaquio.com.br\/romaria-do-rio-de-janeiro-visita-igreja-e-memorial-do-beato-padre-eustaquio-em-bh\/#article\",\"isPartOf\":{\"@id\":\"https:\/\/www.padreeustaquio.com.br\/romaria-do-rio-de-janeiro-visita-igreja-e-memorial-do-beato-padre-eustaquio-em-bh\/\"},\"author\":{\"name\":\"@sscc\",\"@id\":\"https:\/\/www.padreeustaquio.com.br\/#\/schema\/person\/a2a51db1d00f1a7af0204a0f1ddb1566\"},\"headline\":\"Romaria do Rio de Janeiro visita Igreja e Memorial do Beato Padre Eust\u00e1quio em BH\",\"datePublished\":\"2024-06-21T17:00:42+00:00\",\"dateModified\":\"2024-06-21T17:06:21+00:00\",\"mainEntityOfPage\":{\"@id\":\"https:\/\/www.padreeustaquio.com.br\/romaria-do-rio-de-janeiro-visita-igreja-e-memorial-do-beato-padre-eustaquio-em-bh\/\"},\"wordCount\":264,\"commentCount\":0,\"publisher\":{\"@id\":\"https:\/\/www.padreeustaquio.com.br\/#organization\"},\"image\":{\"@id\":\"https:\/\/www.padreeustaquio.com.br\/romaria-do-rio-de-janeiro-visita-igreja-e-memorial-do-beato-padre-eustaquio-em-bh\/#primaryimage\"},\"thumbnailUrl\":\"https:\/\/www.padreeustaquio.com.br\/wp-content\/uploads\/2024\/06\/romaria-carioca.jpg\",\"articleSection\":[\"Not\u00edcias\"],\"inLanguage\":\"en-US\",\"potentialAction\":[{\"@type\":\"CommentAction\",\"name\":\"Comment\",\"target\":[\"https:\/\/www.padreeustaquio.com.br\/romaria-do-rio-de-janeiro-visita-igreja-e-memorial-do-beato-padre-eustaquio-em-bh\/#respond\"]}]},{\"@type\":\"WebPage\",\"@id\":\"https:\/\/www.padreeustaquio.com.br\/romaria-do-rio-de-janeiro-visita-igreja-e-memorial-do-beato-padre-eustaquio-em-bh\/\",\"url\":\"https:\/\/www.padreeustaquio.com.br\/romaria-do-rio-de-janeiro-visita-igreja-e-memorial-do-beato-padre-eustaquio-em-bh\/\",\"name\":\"Romaria do Rio de Janeiro visita Igreja e Memorial do Beato Padre Eust\u00e1quio em BH\",\"isPartOf\":{\"@id\":\"https:\/\/www.padreeustaquio.com.br\/#website\"},\"primaryImageOfPage\":{\"@id\":\"https:\/\/www.padreeustaquio.com.br\/romaria-do-rio-de-janeiro-visita-igreja-e-memorial-do-beato-padre-eustaquio-em-bh\/#primaryimage\"},\"image\":{\"@id\":\"https:\/\/www.padreeustaquio.com.br\/romaria-do-rio-de-janeiro-visita-igreja-e-memorial-do-beato-padre-eustaquio-em-bh\/#primaryimage\"},\"thumbnailUrl\":\"https:\/\/www.padreeustaquio.com.br\/wp-content\/uploads\/2024\/06\/romaria-carioca.jpg\",\"datePublished\":\"2024-06-21T17:00:42+00:00\",\"dateModified\":\"2024-06-21T17:06:21+00:00\",\"description\":\"Um grupo com 58 pessoas, vindas de Itabora\u00ed, Rio de Janeiro, visitou o Santu\u00e1rio da Sa\u00fade e da Paz, Igreja do Beato Padre Eust\u00e1quio. A ideia de conhecer o local foi impulsionada pelas recomenda\u00e7\u00f5es de amigos que j\u00e1 haviam visitado o Santu\u00e1rio.\",\"breadcrumb\":{\"@id\":\"https:\/\/www.padreeustaquio.com.br\/romaria-do-rio-de-janeiro-visita-igreja-e-memorial-do-beato-padre-eustaquio-em-bh\/#breadcrumb\"},\"inLanguage\":\"en-US\",\"potentialAction\":[{\"@type\":\"ReadAction\",\"target\":[\"https:\/\/www.padreeustaquio.com.br\/romaria-do-rio-de-janeiro-visita-igreja-e-memorial-do-beato-padre-eustaquio-em-bh\/\"]}]},{\"@type\":\"ImageObject\",\"inLanguage\":\"en-US\",\"@id\":\"https:\/\/www.padreeustaquio.com.br\/romaria-do-rio-de-janeiro-visita-igreja-e-memorial-do-beato-padre-eustaquio-em-bh\/#primaryimage\",\"url\":\"https:\/\/www.padreeustaquio.com.br\/wp-content\/uploads\/2024\/06\/romaria-carioca.jpg\",\"contentUrl\":\"https:\/\/www.padreeustaquio.com.br\/wp-content\/uploads\/2024\/06\/romaria-carioca.jpg\",\"width\":748,\"height\":394},{\"@type\":\"BreadcrumbList\",\"@id\":\"https:\/\/www.padreeustaquio.com.br\/romaria-do-rio-de-janeiro-visita-igreja-e-memorial-do-beato-padre-eustaquio-em-bh\/#breadcrumb\",\"itemListElement\":[{\"@type\":\"ListItem\",\"position\":1,\"name\":\"In\u00edcio\",\"item\":\"https:\/\/www.padreeustaquio.com.br\/\"},{\"@type\":\"ListItem\",\"position\":2,\"name\":\"Romaria do Rio de Janeiro visita Igreja e Memorial do Beato Padre Eust\u00e1quio em BH\"}]},{\"@type\":\"WebSite\",\"@id\":\"https:\/\/www.padreeustaquio.com.br\/#website\",\"url\":\"https:\/\/www.padreeustaquio.com.br\/\",\"name\":\"Padre Eust\u00e1quio\",\"description\":\"Sa\u00fade e Paz\",\"publisher\":{\"@id\":\"https:\/\/www.padreeustaquio.com.br\/#organization\"},\"potentialAction\":[{\"@type\":\"SearchAction\",\"target\":{\"@type\":\"EntryPoint\",\"urlTemplate\":\"https:\/\/www.padreeustaquio.com.br\/?s={search_term_string}\"},\"query-input\":{\"@type\":\"PropertyValueSpecification\",\"valueRequired\":true,\"valueName\":\"search_term_string\"}}],\"inLanguage\":\"en-US\"},{\"@type\":\"Organization\",\"@id\":\"https:\/\/www.padreeustaquio.com.br\/#organization\",\"name\":\"Padre Eust\u00e1quio\",\"url\":\"https:\/\/www.padreeustaquio.com.br\/\",\"logo\":{\"@type\":\"ImageObject\",\"inLanguage\":\"en-US\",\"@id\":\"https:\/\/www.padreeustaquio.com.br\/#\/schema\/logo\/image\/\",\"url\":\"https:\/\/www.padreeustaquio.com.br\/wp-content\/uploads\/2019\/08\/marca.png\",\"contentUrl\":\"https:\/\/www.padreeustaquio.com.br\/wp-content\/uploads\/2019\/08\/marca.png\",\"width\":350,\"height\":400,\"caption\":\"Padre Eust\u00e1quio\"},\"image\":{\"@id\":\"https:\/\/www.padreeustaquio.com.br\/#\/schema\/logo\/image\/\"},\"sameAs\":[\"https:\/\/www.facebook.com\/beatopadreeustaquio\/\",\"https:\/\/x.com\/beatopeustaquio\",\"https:\/\/www.instagram.com\/beatopadreeustaquio\/\",\"https:\/\/www.youtube.com\/channel\/UCRhw7vfabnajwLxb1ZXMeIw\"]},{\"@type\":\"Person\",\"@id\":\"https:\/\/www.padreeustaquio.com.br\/#\/schema\/person\/a2a51db1d00f1a7af0204a0f1ddb1566\",\"name\":\"@sscc\",\"image\":{\"@type\":\"ImageObject\",\"inLanguage\":\"en-US\",\"@id\":\"https:\/\/secure.gravatar.com\/avatar\/68cfafa5f44617fea54071e215026e0ff06be366c3d54a8425f04fdcb86f8c5f?s=96&d=mm&r=g\",\"url\":\"https:\/\/secure.gravatar.com\/avatar\/68cfafa5f44617fea54071e215026e0ff06be366c3d54a8425f04fdcb86f8c5f?s=96&d=mm&r=g\",\"contentUrl\":\"https:\/\/secure.gravatar.com\/avatar\/68cfafa5f44617fea54071e215026e0ff06be366c3d54a8425f04fdcb86f8c5f?s=96&d=mm&r=g\",\"caption\":\"@sscc\"},\"url\":\"https:\/\/www.padreeustaquio.com.br\/en\/author\/sscc\/\"}]}<\/script>\n<!-- \/ Yoast SEO plugin. -->","yoast_head_json":{"title":"Pilgrimage from Rio de Janeiro visits the Church and Memorial of Blessed Father Eust\u00e1quio in Belo Horizonte.","description":"A group of 58 people from Itabora\u00ed, Rio de Janeiro, visited the Sanctuary of Health and Peace, Church of Blessed Father Eust\u00e1quio. The idea to visit the place was driven by recommendations from friends who had already visited the Sanctuary.","robots":{"index":"index","follow":"follow","max-snippet":"max-snippet:-1","max-image-preview":"max-image-preview:large","max-video-preview":"max-video-preview:-1"},"canonical":"https:\/\/www.padreeustaquio.com.br\/en\/pilgrimage-from-rio-de-janeiro-visits-church-and-memorial-of-blessed-father-eustaquio-in-belo-horizonte\/","og_locale":"en_US","og_type":"article","og_title":"Romaria do Rio de Janeiro visita Igreja e Memorial do Beato Padre Eust\u00e1quio em BH","og_description":"Um grupo com 58 pessoas, vindas de Itabora\u00ed, Rio de Janeiro, visitou o Santu\u00e1rio da Sa\u00fade e da Paz, Igreja do Beato Padre Eust\u00e1quio. A ideia de conhecer o local foi impulsionada pelas recomenda\u00e7\u00f5es de amigos que j\u00e1 haviam visitado o Santu\u00e1rio.","og_url":"https:\/\/www.padreeustaquio.com.br\/en\/pilgrimage-from-rio-de-janeiro-visits-church-and-memorial-of-blessed-father-eustaquio-in-belo-horizonte\/","og_site_name":"Padre Eust\u00e1quio","article_publisher":"https:\/\/www.facebook.com\/beatopadreeustaquio\/","article_published_time":"2024-06-21T17:00:42+00:00","article_modified_time":"2024-06-21T17:06:21+00:00","og_image":[{"width":748,"height":394,"url":"https:\/\/www.padreeustaquio.com.br\/wp-content\/uploads\/2024\/06\/romaria-carioca.jpg","type":"image\/jpeg"}],"author":"@sscc","twitter_card":"summary_large_image","twitter_creator":"@beatopeustaquio","twitter_site":"@beatopeustaquio","twitter_misc":{"Written by":"@sscc","Est. reading time":"3 minutes"},"schema":{"@context":"https:\/\/schema.org","@graph":[{"@type":"Article","@id":"https:\/\/www.padreeustaquio.com.br\/romaria-do-rio-de-janeiro-visita-igreja-e-memorial-do-beato-padre-eustaquio-em-bh\/#article","isPartOf":{"@id":"https:\/\/www.padreeustaquio.com.br\/romaria-do-rio-de-janeiro-visita-igreja-e-memorial-do-beato-padre-eustaquio-em-bh\/"},"author":{"name":"@sscc","@id":"https:\/\/www.padreeustaquio.com.br\/#\/schema\/person\/a2a51db1d00f1a7af0204a0f1ddb1566"},"headline":"Romaria do Rio de Janeiro visita Igreja e Memorial do Beato Padre Eust\u00e1quio em BH","datePublished":"2024-06-21T17:00:42+00:00","dateModified":"2024-06-21T17:06:21+00:00","mainEntityOfPage":{"@id":"https:\/\/www.padreeustaquio.com.br\/romaria-do-rio-de-janeiro-visita-igreja-e-memorial-do-beato-padre-eustaquio-em-bh\/"},"wordCount":264,"commentCount":0,"publisher":{"@id":"https:\/\/www.padreeustaquio.com.br\/#organization"},"image":{"@id":"https:\/\/www.padreeustaquio.com.br\/romaria-do-rio-de-janeiro-visita-igreja-e-memorial-do-beato-padre-eustaquio-em-bh\/#primaryimage"},"thumbnailUrl":"https:\/\/www.padreeustaquio.com.br\/wp-content\/uploads\/2024\/06\/romaria-carioca.jpg","articleSection":["Not\u00edcias"],"inLanguage":"en-US","potentialAction":[{"@type":"CommentAction","name":"Comment","target":["https:\/\/www.padreeustaquio.com.br\/romaria-do-rio-de-janeiro-visita-igreja-e-memorial-do-beato-padre-eustaquio-em-bh\/#respond"]}]},{"@type":"WebPage","@id":"https:\/\/www.padreeustaquio.com.br\/romaria-do-rio-de-janeiro-visita-igreja-e-memorial-do-beato-padre-eustaquio-em-bh\/","url":"https:\/\/www.padreeustaquio.com.br\/romaria-do-rio-de-janeiro-visita-igreja-e-memorial-do-beato-padre-eustaquio-em-bh\/","name":"Pilgrimage from Rio de Janeiro visits the Church and Memorial of Blessed Father Eust\u00e1quio in Belo Horizonte.","isPartOf":{"@id":"https:\/\/www.padreeustaquio.com.br\/#website"},"primaryImageOfPage":{"@id":"https:\/\/www.padreeustaquio.com.br\/romaria-do-rio-de-janeiro-visita-igreja-e-memorial-do-beato-padre-eustaquio-em-bh\/#primaryimage"},"image":{"@id":"https:\/\/www.padreeustaquio.com.br\/romaria-do-rio-de-janeiro-visita-igreja-e-memorial-do-beato-padre-eustaquio-em-bh\/#primaryimage"},"thumbnailUrl":"https:\/\/www.padreeustaquio.com.br\/wp-content\/uploads\/2024\/06\/romaria-carioca.jpg","datePublished":"2024-06-21T17:00:42+00:00","dateModified":"2024-06-21T17:06:21+00:00","description":"A group of 58 people from Itabora\u00ed, Rio de Janeiro, visited the Sanctuary of Health and Peace, Church of Blessed Father Eust\u00e1quio. The idea to visit the place was driven by recommendations from friends who had already visited the Sanctuary.","breadcrumb":{"@id":"https:\/\/www.padreeustaquio.com.br\/romaria-do-rio-de-janeiro-visita-igreja-e-memorial-do-beato-padre-eustaquio-em-bh\/#breadcrumb"},"inLanguage":"en-US","potentialAction":[{"@type":"ReadAction","target":["https:\/\/www.padreeustaquio.com.br\/romaria-do-rio-de-janeiro-visita-igreja-e-memorial-do-beato-padre-eustaquio-em-bh\/"]}]},{"@type":"ImageObject","inLanguage":"en-US","@id":"https:\/\/www.padreeustaquio.com.br\/romaria-do-rio-de-janeiro-visita-igreja-e-memorial-do-beato-padre-eustaquio-em-bh\/#primaryimage","url":"https:\/\/www.padreeustaquio.com.br\/wp-content\/uploads\/2024\/06\/romaria-carioca.jpg","contentUrl":"https:\/\/www.padreeustaquio.com.br\/wp-content\/uploads\/2024\/06\/romaria-carioca.jpg","width":748,"height":394},{"@type":"BreadcrumbList","@id":"https:\/\/www.padreeustaquio.com.br\/romaria-do-rio-de-janeiro-visita-igreja-e-memorial-do-beato-padre-eustaquio-em-bh\/#breadcrumb","itemListElement":[{"@type":"ListItem","position":1,"name":"In\u00edcio","item":"https:\/\/www.padreeustaquio.com.br\/"},{"@type":"ListItem","position":2,"name":"Romaria do Rio de Janeiro visita Igreja e Memorial do Beato Padre Eust\u00e1quio em BH"}]},{"@type":"WebSite","@id":"https:\/\/www.padreeustaquio.com.br\/#website","url":"https:\/\/www.padreeustaquio.com.br\/","name":"FATHER EUST\u00c1QUIO","description":"Health and Peace","publisher":{"@id":"https:\/\/www.padreeustaquio.com.br\/#organization"},"potentialAction":[{"@type":"SearchAction","target":{"@type":"EntryPoint","urlTemplate":"https:\/\/www.padreeustaquio.com.br\/?s={search_term_string}"},"query-input":{"@type":"PropertyValueSpecification","valueRequired":true,"valueName":"search_term_string"}}],"inLanguage":"en-US"},{"@type":"Organization","@id":"https:\/\/www.padreeustaquio.com.br\/#organization","name":"FATHER EUST\u00c1QUIO","url":"https:\/\/www.padreeustaquio.com.br\/","logo":{"@type":"ImageObject","inLanguage":"en-US","@id":"https:\/\/www.padreeustaquio.com.br\/#\/schema\/logo\/image\/","url":"https:\/\/www.padreeustaquio.com.br\/wp-content\/uploads\/2019\/08\/marca.png","contentUrl":"https:\/\/www.padreeustaquio.com.br\/wp-content\/uploads\/2019\/08\/marca.png","width":350,"height":400,"caption":"Padre Eust\u00e1quio"},"image":{"@id":"https:\/\/www.padreeustaquio.com.br\/#\/schema\/logo\/image\/"},"sameAs":["https:\/\/www.facebook.com\/beatopadreeustaquio\/","https:\/\/x.com\/beatopeustaquio","https:\/\/www.instagram.com\/beatopadreeustaquio\/","https:\/\/www.youtube.com\/channel\/UCRhw7vfabnajwLxb1ZXMeIw"]},{"@type":"Person","@id":"https:\/\/www.padreeustaquio.com.br\/#\/schema\/person\/a2a51db1d00f1a7af0204a0f1ddb1566","name":"@sscc","image":{"@type":"ImageObject","inLanguage":"en-US","@id":"https:\/\/secure.gravatar.com\/avatar\/68cfafa5f44617fea54071e215026e0ff06be366c3d54a8425f04fdcb86f8c5f?s=96&d=mm&r=g","url":"https:\/\/secure.gravatar.com\/avatar\/68cfafa5f44617fea54071e215026e0ff06be366c3d54a8425f04fdcb86f8c5f?s=96&d=mm&r=g","contentUrl":"https:\/\/secure.gravatar.com\/avatar\/68cfafa5f44617fea54071e215026e0ff06be366c3d54a8425f04fdcb86f8c5f?s=96&d=mm&r=g","caption":"@sscc"},"url":"https:\/\/www.padreeustaquio.com.br\/en\/author\/sscc\/"}]}},"_links":{"self":[{"href":"https:\/\/www.padreeustaquio.com.br\/en\/wp-json\/wp\/v2\/posts\/11394","targetHints":{"allow":["GET"]}}],"collection":[{"href":"https:\/\/www.padreeustaquio.com.br\/en\/wp-json\/wp\/v2\/posts"}],"about":[{"href":"https:\/\/www.padreeustaquio.com.br\/en\/wp-json\/wp\/v2\/types\/post"}],"author":[{"embeddable":true,"href":"https:\/\/www.padreeustaquio.com.br\/en\/wp-json\/wp\/v2\/users\/2"}],"replies":[{"embeddable":true,"href":"https:\/\/www.padreeustaquio.com.br\/en\/wp-json\/wp\/v2\/comments?post=11394"}],"version-history":[{"count":0,"href":"https:\/\/www.padreeustaquio.com.br\/en\/wp-json\/wp\/v2\/posts\/11394\/revisions"}],"wp:featuredmedia":[{"embeddable":true,"href":"https:\/\/www.padreeustaquio.com.br\/en\/wp-json\/wp\/v2\/media\/11395"}],"wp:attachment":[{"href":"https:\/\/www.padreeustaquio.com.br\/en\/wp-json\/wp\/v2\/media?parent=11394"}],"wp:term":[{"taxonomy":"category","embeddable":true,"href":"https:\/\/www.padreeustaquio.com.br\/en\/wp-json\/wp\/v2\/categories?post=11394"},{"taxonomy":"post_tag","embeddable":true,"href":"https:\/\/www.padreeustaquio.com.br\/en\/wp-json\/wp\/v2\/tags?post=11394"}],"curies":[{"name":"wp","href":"https:\/\/api.w.org\/{rel}","templated":true}]}}