{"id":11371,"date":"2024-06-11T10:58:16","date_gmt":"2024-06-11T13:58:16","guid":{"rendered":"https:\/\/www.padreeustaquio.com.br\/?p=11371"},"modified":"2024-06-11T10:58:16","modified_gmt":"2024-06-11T13:58:16","slug":"father-eustaquio-daycare-center-offers-vacancies-for-children-in-belo-horizonte","status":"publish","type":"post","link":"https:\/\/www.padreeustaquio.com.br\/en\/father-eustaquio-daycare-center-offers-vacancies-for-children-in-belo-horizonte\/","title":{"rendered":"Padre Eust\u00e1quio Daycare Center offers vacancies for children in Belo Horizonte."},"content":{"rendered":"<p>The Padre Eust\u00e1quio Daycare Center, located at Rua Henrique Gorceix, 340, in the Padre Eust\u00e1quio neighborhood, is offering new openings for children from Belo Horizonte. The institution, which operates full-time, serves students from preschool level 1 to the second grade.<\/p>\n<p><strong>Job Openings Available<br \/>\n<\/strong>Currently, the daycare center has openings for the following age groups:<\/p>\n<p>Maternal 01: Children born between 01\/03\/22 and 31\/03\/23<br \/>\nFirst Period: Children born between April 1, 2019 and March 31, 2020<br \/>\n2nd Period: Children born between April 1, 2018 and March 31, 2019<\/p>\n<p>Places are filled on a first-come, first-served basis. There are limited spaces available and they are subject to availability at the time of registration. Parents interested in enrolling their children should visit the school during business hours to check availability.<\/p>\n<p><strong>About the Daycare<\/strong><br \/>\nThe Padre Eust\u00e1quio Daycare Center currently serves more than 250 children from the region. The institution is maintained by the Padre Eust\u00e1quio Social Action, in partnership with the Belo Horizonte City Hall, and offers a safe and educational environment for the children.<\/p>\n<p><strong>Contact<\/strong><br \/>\nFor more information about vacancies and the enrollment process, please contact the daycare directly by phone at (31) 97103-8993.<\/p>\n<p>&nbsp;<\/p>","protected":false},"excerpt":{"rendered":"<p>A Creche Padre Eust\u00e1quio, localizada na Rua Henrique Gorceix, 340, no bairro Padre Eust\u00e1quio, est\u00e1 oferecendo novas vagas para crian\u00e7as de Belo Horizonte. A institui\u00e7\u00e3o, que funciona em hor\u00e1rio integral, atende alunos do maternal 1 at\u00e9 o Segundo Per\u00edodo. Vagas Dispon\u00edveis Atualmente, a creche tem vagas para as seguintes faixas et\u00e1rias: Maternal 01: Crian\u00e7as nascidas entre 01\/03\/22 e 31\/03\/23 1\u00b0 Per\u00edodo: Crian\u00e7as nascidas entre 01\/04\/2019 e 31\/03\/2020 2\u00b0 Per\u00edodo: Crian\u00e7as nascidas entre 01\/04\/2018 e 31\/03\/2019 As vagas s\u00e3o preenchidas por ordem de chegada. S\u00e3o poucas vagas e est\u00e3o sujeitas \u00e0 disponibilidade na hora da matr\u00edcula. Os pais interessados em matricular [&hellip;]<\/p>\n","protected":false},"author":2,"featured_media":11372,"comment_status":"open","ping_status":"closed","sticky":false,"template":"","format":"standard","meta":{"_acf_changed":false,"footnotes":""},"categories":[611],"tags":[],"class_list":["post-11371","post","type-post","status-publish","format-standard","has-post-thumbnail","hentry","category-noticias"],"acf":[],"yoast_head":"<!-- This site is optimized with the Yoast SEO plugin v27.2 - https:\/\/yoast.com\/product\/yoast-seo-wordpress\/ -->\n<title>Creche Padre Eust\u00e1quio disponibiliza vagas para crian\u00e7as em Belo Horizonte<\/title>\n<meta name=\"description\" content=\"A Creche Padre Eust\u00e1quio, localizada na Rua Henrique Gorceix, 340, no bairro Padre Eust\u00e1quio, est\u00e1 oferecendo novas vagas para crian\u00e7as de Belo Horizonte. A institui\u00e7\u00e3o, que funciona em hor\u00e1rio integral, atende alunos do maternal 1 at\u00e9 o Segundo Per\u00edodo.\" \/>\n<meta name=\"robots\" content=\"index, follow, max-snippet:-1, max-image-preview:large, max-video-preview:-1\" \/>\n<link rel=\"canonical\" href=\"https:\/\/www.padreeustaquio.com.br\/en\/father-eustaquio-daycare-center-offers-vacancies-for-children-in-belo-horizonte\/\" \/>\n<meta property=\"og:locale\" content=\"en_US\" \/>\n<meta property=\"og:type\" content=\"article\" \/>\n<meta property=\"og:title\" content=\"Creche Padre Eust\u00e1quio disponibiliza vagas para crian\u00e7as em Belo Horizonte\" \/>\n<meta property=\"og:description\" content=\"A Creche Padre Eust\u00e1quio, localizada na Rua Henrique Gorceix, 340, no bairro Padre Eust\u00e1quio, est\u00e1 oferecendo novas vagas para crian\u00e7as de Belo Horizonte. A institui\u00e7\u00e3o, que funciona em hor\u00e1rio integral, atende alunos do maternal 1 at\u00e9 o Segundo Per\u00edodo.\" \/>\n<meta property=\"og:url\" content=\"https:\/\/www.padreeustaquio.com.br\/en\/father-eustaquio-daycare-center-offers-vacancies-for-children-in-belo-horizonte\/\" \/>\n<meta property=\"og:site_name\" content=\"Padre Eust\u00e1quio\" \/>\n<meta property=\"article:publisher\" content=\"https:\/\/www.facebook.com\/beatopadreeustaquio\/\" \/>\n<meta property=\"article:published_time\" content=\"2024-06-11T13:58:16+00:00\" \/>\n<meta property=\"og:image\" content=\"https:\/\/www.padreeustaquio.com.br\/wp-content\/uploads\/2024\/06\/Creche-padre-eustaquio-vagas.jpeg\" \/>\n\t<meta property=\"og:image:width\" content=\"1600\" \/>\n\t<meta property=\"og:image:height\" content=\"1200\" \/>\n\t<meta property=\"og:image:type\" content=\"image\/jpeg\" \/>\n<meta name=\"author\" content=\"@sscc\" \/>\n<meta name=\"twitter:card\" content=\"summary_large_image\" \/>\n<meta name=\"twitter:creator\" content=\"@beatopeustaquio\" \/>\n<meta name=\"twitter:site\" content=\"@beatopeustaquio\" \/>\n<meta name=\"twitter:label1\" content=\"Written by\" \/>\n\t<meta name=\"twitter:data1\" content=\"@sscc\" \/>\n\t<meta name=\"twitter:label2\" content=\"Est. reading time\" \/>\n\t<meta name=\"twitter:data2\" content=\"2 minutes\" \/>\n<script type=\"application\/ld+json\" class=\"yoast-schema-graph\">{\"@context\":\"https:\/\/schema.org\",\"@graph\":[{\"@type\":\"Article\",\"@id\":\"https:\/\/www.padreeustaquio.com.br\/creche-padre-eustaquio-disponibiliza-vagas-para-criancas-em-belo-horizonte\/#article\",\"isPartOf\":{\"@id\":\"https:\/\/www.padreeustaquio.com.br\/creche-padre-eustaquio-disponibiliza-vagas-para-criancas-em-belo-horizonte\/\"},\"author\":{\"name\":\"@sscc\",\"@id\":\"https:\/\/www.padreeustaquio.com.br\/#\/schema\/person\/a2a51db1d00f1a7af0204a0f1ddb1566\"},\"headline\":\"Creche Padre Eust\u00e1quio disponibiliza vagas para crian\u00e7as em Belo Horizonte\",\"datePublished\":\"2024-06-11T13:58:16+00:00\",\"mainEntityOfPage\":{\"@id\":\"https:\/\/www.padreeustaquio.com.br\/creche-padre-eustaquio-disponibiliza-vagas-para-criancas-em-belo-horizonte\/\"},\"wordCount\":205,\"commentCount\":0,\"publisher\":{\"@id\":\"https:\/\/www.padreeustaquio.com.br\/#organization\"},\"image\":{\"@id\":\"https:\/\/www.padreeustaquio.com.br\/creche-padre-eustaquio-disponibiliza-vagas-para-criancas-em-belo-horizonte\/#primaryimage\"},\"thumbnailUrl\":\"https:\/\/www.padreeustaquio.com.br\/wp-content\/uploads\/2024\/06\/Creche-padre-eustaquio-vagas.jpeg\",\"articleSection\":[\"Not\u00edcias\"],\"inLanguage\":\"en-US\",\"potentialAction\":[{\"@type\":\"CommentAction\",\"name\":\"Comment\",\"target\":[\"https:\/\/www.padreeustaquio.com.br\/creche-padre-eustaquio-disponibiliza-vagas-para-criancas-em-belo-horizonte\/#respond\"]}]},{\"@type\":\"WebPage\",\"@id\":\"https:\/\/www.padreeustaquio.com.br\/creche-padre-eustaquio-disponibiliza-vagas-para-criancas-em-belo-horizonte\/\",\"url\":\"https:\/\/www.padreeustaquio.com.br\/creche-padre-eustaquio-disponibiliza-vagas-para-criancas-em-belo-horizonte\/\",\"name\":\"Creche Padre Eust\u00e1quio disponibiliza vagas para crian\u00e7as em Belo Horizonte\",\"isPartOf\":{\"@id\":\"https:\/\/www.padreeustaquio.com.br\/#website\"},\"primaryImageOfPage\":{\"@id\":\"https:\/\/www.padreeustaquio.com.br\/creche-padre-eustaquio-disponibiliza-vagas-para-criancas-em-belo-horizonte\/#primaryimage\"},\"image\":{\"@id\":\"https:\/\/www.padreeustaquio.com.br\/creche-padre-eustaquio-disponibiliza-vagas-para-criancas-em-belo-horizonte\/#primaryimage\"},\"thumbnailUrl\":\"https:\/\/www.padreeustaquio.com.br\/wp-content\/uploads\/2024\/06\/Creche-padre-eustaquio-vagas.jpeg\",\"datePublished\":\"2024-06-11T13:58:16+00:00\",\"description\":\"A Creche Padre Eust\u00e1quio, localizada na Rua Henrique Gorceix, 340, no bairro Padre Eust\u00e1quio, est\u00e1 oferecendo novas vagas para crian\u00e7as de Belo Horizonte. A institui\u00e7\u00e3o, que funciona em hor\u00e1rio integral, atende alunos do maternal 1 at\u00e9 o Segundo Per\u00edodo.\",\"breadcrumb\":{\"@id\":\"https:\/\/www.padreeustaquio.com.br\/creche-padre-eustaquio-disponibiliza-vagas-para-criancas-em-belo-horizonte\/#breadcrumb\"},\"inLanguage\":\"en-US\",\"potentialAction\":[{\"@type\":\"ReadAction\",\"target\":[\"https:\/\/www.padreeustaquio.com.br\/creche-padre-eustaquio-disponibiliza-vagas-para-criancas-em-belo-horizonte\/\"]}]},{\"@type\":\"ImageObject\",\"inLanguage\":\"en-US\",\"@id\":\"https:\/\/www.padreeustaquio.com.br\/creche-padre-eustaquio-disponibiliza-vagas-para-criancas-em-belo-horizonte\/#primaryimage\",\"url\":\"https:\/\/www.padreeustaquio.com.br\/wp-content\/uploads\/2024\/06\/Creche-padre-eustaquio-vagas.jpeg\",\"contentUrl\":\"https:\/\/www.padreeustaquio.com.br\/wp-content\/uploads\/2024\/06\/Creche-padre-eustaquio-vagas.jpeg\",\"width\":1600,\"height\":1200},{\"@type\":\"BreadcrumbList\",\"@id\":\"https:\/\/www.padreeustaquio.com.br\/creche-padre-eustaquio-disponibiliza-vagas-para-criancas-em-belo-horizonte\/#breadcrumb\",\"itemListElement\":[{\"@type\":\"ListItem\",\"position\":1,\"name\":\"In\u00edcio\",\"item\":\"https:\/\/www.padreeustaquio.com.br\/\"},{\"@type\":\"ListItem\",\"position\":2,\"name\":\"Creche Padre Eust\u00e1quio disponibiliza vagas para crian\u00e7as em Belo Horizonte\"}]},{\"@type\":\"WebSite\",\"@id\":\"https:\/\/www.padreeustaquio.com.br\/#website\",\"url\":\"https:\/\/www.padreeustaquio.com.br\/\",\"name\":\"Padre Eust\u00e1quio\",\"description\":\"Sa\u00fade e Paz\",\"publisher\":{\"@id\":\"https:\/\/www.padreeustaquio.com.br\/#organization\"},\"potentialAction\":[{\"@type\":\"SearchAction\",\"target\":{\"@type\":\"EntryPoint\",\"urlTemplate\":\"https:\/\/www.padreeustaquio.com.br\/?s={search_term_string}\"},\"query-input\":{\"@type\":\"PropertyValueSpecification\",\"valueRequired\":true,\"valueName\":\"search_term_string\"}}],\"inLanguage\":\"en-US\"},{\"@type\":\"Organization\",\"@id\":\"https:\/\/www.padreeustaquio.com.br\/#organization\",\"name\":\"Padre Eust\u00e1quio\",\"url\":\"https:\/\/www.padreeustaquio.com.br\/\",\"logo\":{\"@type\":\"ImageObject\",\"inLanguage\":\"en-US\",\"@id\":\"https:\/\/www.padreeustaquio.com.br\/#\/schema\/logo\/image\/\",\"url\":\"https:\/\/www.padreeustaquio.com.br\/wp-content\/uploads\/2019\/08\/marca.png\",\"contentUrl\":\"https:\/\/www.padreeustaquio.com.br\/wp-content\/uploads\/2019\/08\/marca.png\",\"width\":350,\"height\":400,\"caption\":\"Padre Eust\u00e1quio\"},\"image\":{\"@id\":\"https:\/\/www.padreeustaquio.com.br\/#\/schema\/logo\/image\/\"},\"sameAs\":[\"https:\/\/www.facebook.com\/beatopadreeustaquio\/\",\"https:\/\/x.com\/beatopeustaquio\",\"https:\/\/www.instagram.com\/beatopadreeustaquio\/\",\"https:\/\/www.youtube.com\/channel\/UCRhw7vfabnajwLxb1ZXMeIw\"]},{\"@type\":\"Person\",\"@id\":\"https:\/\/www.padreeustaquio.com.br\/#\/schema\/person\/a2a51db1d00f1a7af0204a0f1ddb1566\",\"name\":\"@sscc\",\"image\":{\"@type\":\"ImageObject\",\"inLanguage\":\"en-US\",\"@id\":\"https:\/\/secure.gravatar.com\/avatar\/68cfafa5f44617fea54071e215026e0ff06be366c3d54a8425f04fdcb86f8c5f?s=96&d=mm&r=g\",\"url\":\"https:\/\/secure.gravatar.com\/avatar\/68cfafa5f44617fea54071e215026e0ff06be366c3d54a8425f04fdcb86f8c5f?s=96&d=mm&r=g\",\"contentUrl\":\"https:\/\/secure.gravatar.com\/avatar\/68cfafa5f44617fea54071e215026e0ff06be366c3d54a8425f04fdcb86f8c5f?s=96&d=mm&r=g\",\"caption\":\"@sscc\"},\"url\":\"https:\/\/www.padreeustaquio.com.br\/en\/author\/sscc\/\"}]}<\/script>\n<!-- \/ Yoast SEO plugin. -->","yoast_head_json":{"title":"Padre Eust\u00e1quio Daycare Center offers vacancies for children in Belo Horizonte.","description":"The Padre Eust\u00e1quio Daycare Center, located at Rua Henrique Gorceix, 340, in the Padre Eust\u00e1quio neighborhood, is offering new openings for children from Belo Horizonte. The institution, which operates full-time, serves students from preschool level 1 to the second grade.","robots":{"index":"index","follow":"follow","max-snippet":"max-snippet:-1","max-image-preview":"max-image-preview:large","max-video-preview":"max-video-preview:-1"},"canonical":"https:\/\/www.padreeustaquio.com.br\/en\/father-eustaquio-daycare-center-offers-vacancies-for-children-in-belo-horizonte\/","og_locale":"en_US","og_type":"article","og_title":"Creche Padre Eust\u00e1quio disponibiliza vagas para crian\u00e7as em Belo Horizonte","og_description":"A Creche Padre Eust\u00e1quio, localizada na Rua Henrique Gorceix, 340, no bairro Padre Eust\u00e1quio, est\u00e1 oferecendo novas vagas para crian\u00e7as de Belo Horizonte. A institui\u00e7\u00e3o, que funciona em hor\u00e1rio integral, atende alunos do maternal 1 at\u00e9 o Segundo Per\u00edodo.","og_url":"https:\/\/www.padreeustaquio.com.br\/en\/father-eustaquio-daycare-center-offers-vacancies-for-children-in-belo-horizonte\/","og_site_name":"Padre Eust\u00e1quio","article_publisher":"https:\/\/www.facebook.com\/beatopadreeustaquio\/","article_published_time":"2024-06-11T13:58:16+00:00","og_image":[{"width":1600,"height":1200,"url":"https:\/\/www.padreeustaquio.com.br\/wp-content\/uploads\/2024\/06\/Creche-padre-eustaquio-vagas.jpeg","type":"image\/jpeg"}],"author":"@sscc","twitter_card":"summary_large_image","twitter_creator":"@beatopeustaquio","twitter_site":"@beatopeustaquio","twitter_misc":{"Written by":"@sscc","Est. reading time":"2 minutes"},"schema":{"@context":"https:\/\/schema.org","@graph":[{"@type":"Article","@id":"https:\/\/www.padreeustaquio.com.br\/creche-padre-eustaquio-disponibiliza-vagas-para-criancas-em-belo-horizonte\/#article","isPartOf":{"@id":"https:\/\/www.padreeustaquio.com.br\/creche-padre-eustaquio-disponibiliza-vagas-para-criancas-em-belo-horizonte\/"},"author":{"name":"@sscc","@id":"https:\/\/www.padreeustaquio.com.br\/#\/schema\/person\/a2a51db1d00f1a7af0204a0f1ddb1566"},"headline":"Creche Padre Eust\u00e1quio disponibiliza vagas para crian\u00e7as em Belo Horizonte","datePublished":"2024-06-11T13:58:16+00:00","mainEntityOfPage":{"@id":"https:\/\/www.padreeustaquio.com.br\/creche-padre-eustaquio-disponibiliza-vagas-para-criancas-em-belo-horizonte\/"},"wordCount":205,"commentCount":0,"publisher":{"@id":"https:\/\/www.padreeustaquio.com.br\/#organization"},"image":{"@id":"https:\/\/www.padreeustaquio.com.br\/creche-padre-eustaquio-disponibiliza-vagas-para-criancas-em-belo-horizonte\/#primaryimage"},"thumbnailUrl":"https:\/\/www.padreeustaquio.com.br\/wp-content\/uploads\/2024\/06\/Creche-padre-eustaquio-vagas.jpeg","articleSection":["Not\u00edcias"],"inLanguage":"en-US","potentialAction":[{"@type":"CommentAction","name":"Comment","target":["https:\/\/www.padreeustaquio.com.br\/creche-padre-eustaquio-disponibiliza-vagas-para-criancas-em-belo-horizonte\/#respond"]}]},{"@type":"WebPage","@id":"https:\/\/www.padreeustaquio.com.br\/creche-padre-eustaquio-disponibiliza-vagas-para-criancas-em-belo-horizonte\/","url":"https:\/\/www.padreeustaquio.com.br\/creche-padre-eustaquio-disponibiliza-vagas-para-criancas-em-belo-horizonte\/","name":"Padre Eust\u00e1quio Daycare Center offers vacancies for children in Belo Horizonte.","isPartOf":{"@id":"https:\/\/www.padreeustaquio.com.br\/#website"},"primaryImageOfPage":{"@id":"https:\/\/www.padreeustaquio.com.br\/creche-padre-eustaquio-disponibiliza-vagas-para-criancas-em-belo-horizonte\/#primaryimage"},"image":{"@id":"https:\/\/www.padreeustaquio.com.br\/creche-padre-eustaquio-disponibiliza-vagas-para-criancas-em-belo-horizonte\/#primaryimage"},"thumbnailUrl":"https:\/\/www.padreeustaquio.com.br\/wp-content\/uploads\/2024\/06\/Creche-padre-eustaquio-vagas.jpeg","datePublished":"2024-06-11T13:58:16+00:00","description":"The Padre Eust\u00e1quio Daycare Center, located at Rua Henrique Gorceix, 340, in the Padre Eust\u00e1quio neighborhood, is offering new openings for children from Belo Horizonte. The institution, which operates full-time, serves students from preschool level 1 to the second grade.","breadcrumb":{"@id":"https:\/\/www.padreeustaquio.com.br\/creche-padre-eustaquio-disponibiliza-vagas-para-criancas-em-belo-horizonte\/#breadcrumb"},"inLanguage":"en-US","potentialAction":[{"@type":"ReadAction","target":["https:\/\/www.padreeustaquio.com.br\/creche-padre-eustaquio-disponibiliza-vagas-para-criancas-em-belo-horizonte\/"]}]},{"@type":"ImageObject","inLanguage":"en-US","@id":"https:\/\/www.padreeustaquio.com.br\/creche-padre-eustaquio-disponibiliza-vagas-para-criancas-em-belo-horizonte\/#primaryimage","url":"https:\/\/www.padreeustaquio.com.br\/wp-content\/uploads\/2024\/06\/Creche-padre-eustaquio-vagas.jpeg","contentUrl":"https:\/\/www.padreeustaquio.com.br\/wp-content\/uploads\/2024\/06\/Creche-padre-eustaquio-vagas.jpeg","width":1600,"height":1200},{"@type":"BreadcrumbList","@id":"https:\/\/www.padreeustaquio.com.br\/creche-padre-eustaquio-disponibiliza-vagas-para-criancas-em-belo-horizonte\/#breadcrumb","itemListElement":[{"@type":"ListItem","position":1,"name":"In\u00edcio","item":"https:\/\/www.padreeustaquio.com.br\/"},{"@type":"ListItem","position":2,"name":"Creche Padre Eust\u00e1quio disponibiliza vagas para crian\u00e7as em Belo Horizonte"}]},{"@type":"WebSite","@id":"https:\/\/www.padreeustaquio.com.br\/#website","url":"https:\/\/www.padreeustaquio.com.br\/","name":"FATHER EUST\u00c1QUIO","description":"Health and Peace","publisher":{"@id":"https:\/\/www.padreeustaquio.com.br\/#organization"},"potentialAction":[{"@type":"SearchAction","target":{"@type":"EntryPoint","urlTemplate":"https:\/\/www.padreeustaquio.com.br\/?s={search_term_string}"},"query-input":{"@type":"PropertyValueSpecification","valueRequired":true,"valueName":"search_term_string"}}],"inLanguage":"en-US"},{"@type":"Organization","@id":"https:\/\/www.padreeustaquio.com.br\/#organization","name":"FATHER EUST\u00c1QUIO","url":"https:\/\/www.padreeustaquio.com.br\/","logo":{"@type":"ImageObject","inLanguage":"en-US","@id":"https:\/\/www.padreeustaquio.com.br\/#\/schema\/logo\/image\/","url":"https:\/\/www.padreeustaquio.com.br\/wp-content\/uploads\/2019\/08\/marca.png","contentUrl":"https:\/\/www.padreeustaquio.com.br\/wp-content\/uploads\/2019\/08\/marca.png","width":350,"height":400,"caption":"Padre Eust\u00e1quio"},"image":{"@id":"https:\/\/www.padreeustaquio.com.br\/#\/schema\/logo\/image\/"},"sameAs":["https:\/\/www.facebook.com\/beatopadreeustaquio\/","https:\/\/x.com\/beatopeustaquio","https:\/\/www.instagram.com\/beatopadreeustaquio\/","https:\/\/www.youtube.com\/channel\/UCRhw7vfabnajwLxb1ZXMeIw"]},{"@type":"Person","@id":"https:\/\/www.padreeustaquio.com.br\/#\/schema\/person\/a2a51db1d00f1a7af0204a0f1ddb1566","name":"@sscc","image":{"@type":"ImageObject","inLanguage":"en-US","@id":"https:\/\/secure.gravatar.com\/avatar\/68cfafa5f44617fea54071e215026e0ff06be366c3d54a8425f04fdcb86f8c5f?s=96&d=mm&r=g","url":"https:\/\/secure.gravatar.com\/avatar\/68cfafa5f44617fea54071e215026e0ff06be366c3d54a8425f04fdcb86f8c5f?s=96&d=mm&r=g","contentUrl":"https:\/\/secure.gravatar.com\/avatar\/68cfafa5f44617fea54071e215026e0ff06be366c3d54a8425f04fdcb86f8c5f?s=96&d=mm&r=g","caption":"@sscc"},"url":"https:\/\/www.padreeustaquio.com.br\/en\/author\/sscc\/"}]}},"_links":{"self":[{"href":"https:\/\/www.padreeustaquio.com.br\/en\/wp-json\/wp\/v2\/posts\/11371","targetHints":{"allow":["GET"]}}],"collection":[{"href":"https:\/\/www.padreeustaquio.com.br\/en\/wp-json\/wp\/v2\/posts"}],"about":[{"href":"https:\/\/www.padreeustaquio.com.br\/en\/wp-json\/wp\/v2\/types\/post"}],"author":[{"embeddable":true,"href":"https:\/\/www.padreeustaquio.com.br\/en\/wp-json\/wp\/v2\/users\/2"}],"replies":[{"embeddable":true,"href":"https:\/\/www.padreeustaquio.com.br\/en\/wp-json\/wp\/v2\/comments?post=11371"}],"version-history":[{"count":0,"href":"https:\/\/www.padreeustaquio.com.br\/en\/wp-json\/wp\/v2\/posts\/11371\/revisions"}],"wp:featuredmedia":[{"embeddable":true,"href":"https:\/\/www.padreeustaquio.com.br\/en\/wp-json\/wp\/v2\/media\/11372"}],"wp:attachment":[{"href":"https:\/\/www.padreeustaquio.com.br\/en\/wp-json\/wp\/v2\/media?parent=11371"}],"wp:term":[{"taxonomy":"category","embeddable":true,"href":"https:\/\/www.padreeustaquio.com.br\/en\/wp-json\/wp\/v2\/categories?post=11371"},{"taxonomy":"post_tag","embeddable":true,"href":"https:\/\/www.padreeustaquio.com.br\/en\/wp-json\/wp\/v2\/tags?post=11371"}],"curies":[{"name":"wp","href":"https:\/\/api.w.org\/{rel}","templated":true}]}}