{"id":11366,"date":"2024-06-07T06:51:05","date_gmt":"2024-06-07T09:51:05","guid":{"rendered":"https:\/\/www.padreeustaquio.com.br\/?p=11366"},"modified":"2024-06-06T16:17:53","modified_gmt":"2024-06-06T19:17:53","slug":"blessed-father-eustace-and-devotion-to-the-sacred-hearts-of-jesus-and-mary","status":"publish","type":"post","link":"https:\/\/www.padreeustaquio.com.br\/en\/blessed-father-eustace-and-devotion-to-the-sacred-hearts-of-jesus-and-mary\/","title":{"rendered":"Blessed Father Eustace and devotion to the Sacred Hearts of Jesus and Mary"},"content":{"rendered":"<p>June is traditionally known as the month dedicated to the Sacred Hearts of Jesus and Mary. This period is marked by intense celebrations and devotional practices that exalt the love and mercy of the Sacred Hearts. Devotion to the Sacred Heart of Jesus stands out for its contemplation of Christ&#039;s unconditional and sacrificial love for humanity, while the Immaculate Heart of Mary is venerated as a symbol of purity, compassion, and maternal intercession.<\/p>\n<p><strong>Blessed Father Eustace: a fervent devotee of the Sacred Hearts<\/strong><\/p>\n<p>Among the many who nurtured a deep devotion to the Sacred Hearts, Blessed Father Eustace stands out, a priest who dedicated his life to the Congregation of the Sacred Hearts. From a young age, Father Eustace demonstrated an intense spirituality and a special love for the Sacred Hearts of Jesus and Mary.<\/p>\n<p>The personal archives of Blessed Father Eustace reveal a rich collection of devotional objects related to the Sacred Hearts. Among these objects are numerous writings, medals, images, and other sacred items that he used to deepen his faith and inspire the faithful. These writings are especially significant because they reflect his profound theological and spiritual understanding of the meaning of the Sacred Hearts.<\/p>\n<p>In one of his most moving texts, Blessed Father Eustace writes about the Sacred Heart of Jesus as the source of all graces. He describes the Heart of Jesus as an inexhaustible wellspring of love and mercy, available to all who turn to Him with faith and devotion. According to Father Eustace, the Sacred Heart is the manifestation of divine love, which gives itself incessantly for the salvation of humanity.<\/p>\n<p>In his writings, Father Eustace also emphasizes the role of the Immaculate Heart of Mary as the channel through which these graces flow to us. In his writings, he portrays Mary as the mediatrix of all graces, whose pure and immaculate heart is always in perfect union with that of her Son, Jesus. For him, devotion to the Immaculate Heart of Mary is a sure path to draw closer to the Heart of Jesus and receive his blessings.<\/p>\n<p>The example of Blessed Father Eustace continues to inspire many faithful around the world. His life of devotion to the Sacred Hearts of Jesus and Mary is an eloquent testimony of profound faith and unconditional love for God. In June, when the Church celebrates the Sacred Hearts, the teachings and spirituality of Father Eustace resonate with even greater force, inviting all Christians to rediscover and renew their own devotion to these sacred symbols of divine love and maternal intercession.<\/p>","protected":false},"excerpt":{"rendered":"<p>Junho \u00e9 tradicionalmente conhecido como o m\u00eas dedicado aos Sagrados Cora\u00e7\u00f5es de Jesus e de Maria. Este per\u00edodo \u00e9 marcado por intensas celebra\u00e7\u00f5es e pr\u00e1ticas devocionais que enaltecem o amor e a miseric\u00f3rdia dos Sagrados Cora\u00e7\u00f5es. A devo\u00e7\u00e3o ao Sagrado Cora\u00e7\u00e3o de Jesus destaca-se pela contempla\u00e7\u00e3o do amor incondicional e sacrificial de Cristo pela humanidade, enquanto o Imaculado Cora\u00e7\u00e3o de Maria \u00e9 venerado como s\u00edmbolo de pureza, compaix\u00e3o e intercess\u00e3o maternal. Beato Padre Eust\u00e1quio: um devoto fervoroso dos Sagrados Cora\u00e7\u00f5es Entre os muitos que nutriram profunda devo\u00e7\u00e3o aos Sagrados Cora\u00e7\u00f5es, destaca-se o Beato Padre Eust\u00e1quio, um sacerdote que dedicou sua [&hellip;]<\/p>\n","protected":false},"author":2,"featured_media":11367,"comment_status":"open","ping_status":"closed","sticky":false,"template":"","format":"standard","meta":{"_acf_changed":false,"footnotes":""},"categories":[611],"tags":[],"class_list":["post-11366","post","type-post","status-publish","format-standard","has-post-thumbnail","hentry","category-noticias"],"acf":[],"yoast_head":"<!-- This site is optimized with the Yoast SEO plugin v27.2 - https:\/\/yoast.com\/product\/yoast-seo-wordpress\/ -->\n<title>O Beato Padre Eust\u00e1quio e a devo\u00e7\u00e3o aos Sagrados Cora\u00e7\u00f5es de Jesus e de Maria<\/title>\n<meta name=\"description\" content=\"A devo\u00e7\u00e3o ao Sagrado Cora\u00e7\u00e3o de Jesus destaca-se pela contempla\u00e7\u00e3o do amor incondicional e sacrificial de Cristo pela humanidade, enquanto o Imaculado Cora\u00e7\u00e3o de Maria \u00e9 venerado como s\u00edmbolo de pureza, compaix\u00e3o e intercess\u00e3o maternal.\" \/>\n<meta name=\"robots\" content=\"index, follow, max-snippet:-1, max-image-preview:large, max-video-preview:-1\" \/>\n<link rel=\"canonical\" href=\"https:\/\/www.padreeustaquio.com.br\/en\/blessed-father-eustace-and-devotion-to-the-sacred-hearts-of-jesus-and-mary\/\" \/>\n<meta property=\"og:locale\" content=\"en_US\" \/>\n<meta property=\"og:type\" content=\"article\" \/>\n<meta property=\"og:title\" content=\"O Beato Padre Eust\u00e1quio e a devo\u00e7\u00e3o aos Sagrados Cora\u00e7\u00f5es de Jesus e de Maria\" \/>\n<meta property=\"og:description\" content=\"A devo\u00e7\u00e3o ao Sagrado Cora\u00e7\u00e3o de Jesus destaca-se pela contempla\u00e7\u00e3o do amor incondicional e sacrificial de Cristo pela humanidade, enquanto o Imaculado Cora\u00e7\u00e3o de Maria \u00e9 venerado como s\u00edmbolo de pureza, compaix\u00e3o e intercess\u00e3o maternal.\" \/>\n<meta property=\"og:url\" content=\"https:\/\/www.padreeustaquio.com.br\/en\/blessed-father-eustace-and-devotion-to-the-sacred-hearts-of-jesus-and-mary\/\" \/>\n<meta property=\"og:site_name\" content=\"Padre Eust\u00e1quio\" \/>\n<meta property=\"article:publisher\" content=\"https:\/\/www.facebook.com\/beatopadreeustaquio\/\" \/>\n<meta property=\"article:published_time\" content=\"2024-06-07T09:51:05+00:00\" \/>\n<meta property=\"og:image\" content=\"https:\/\/www.padreeustaquio.com.br\/wp-content\/uploads\/2024\/06\/sagrados-coracoes-2024-e1717700794570.jpeg\" \/>\n\t<meta property=\"og:image:width\" content=\"1280\" \/>\n\t<meta property=\"og:image:height\" content=\"819\" \/>\n\t<meta property=\"og:image:type\" content=\"image\/jpeg\" \/>\n<meta name=\"author\" content=\"@sscc\" \/>\n<meta name=\"twitter:card\" content=\"summary_large_image\" \/>\n<meta name=\"twitter:creator\" content=\"@beatopeustaquio\" \/>\n<meta name=\"twitter:site\" content=\"@beatopeustaquio\" \/>\n<meta name=\"twitter:label1\" content=\"Written by\" \/>\n\t<meta name=\"twitter:data1\" content=\"@sscc\" \/>\n\t<meta name=\"twitter:label2\" content=\"Est. reading time\" \/>\n\t<meta name=\"twitter:data2\" content=\"3 minutes\" \/>\n<script type=\"application\/ld+json\" class=\"yoast-schema-graph\">{\"@context\":\"https:\/\/schema.org\",\"@graph\":[{\"@type\":\"Article\",\"@id\":\"https:\/\/www.padreeustaquio.com.br\/o-beato-padre-eustaquio-e-a-devocao-aos-sagrados-coracoes-de-jesus-e-de-maria\/#article\",\"isPartOf\":{\"@id\":\"https:\/\/www.padreeustaquio.com.br\/o-beato-padre-eustaquio-e-a-devocao-aos-sagrados-coracoes-de-jesus-e-de-maria\/\"},\"author\":{\"name\":\"@sscc\",\"@id\":\"https:\/\/www.padreeustaquio.com.br\/#\/schema\/person\/a2a51db1d00f1a7af0204a0f1ddb1566\"},\"headline\":\"O Beato Padre Eust\u00e1quio e a devo\u00e7\u00e3o aos Sagrados Cora\u00e7\u00f5es de Jesus e de Maria\",\"datePublished\":\"2024-06-07T09:51:05+00:00\",\"mainEntityOfPage\":{\"@id\":\"https:\/\/www.padreeustaquio.com.br\/o-beato-padre-eustaquio-e-a-devocao-aos-sagrados-coracoes-de-jesus-e-de-maria\/\"},\"wordCount\":499,\"commentCount\":0,\"publisher\":{\"@id\":\"https:\/\/www.padreeustaquio.com.br\/#organization\"},\"image\":{\"@id\":\"https:\/\/www.padreeustaquio.com.br\/o-beato-padre-eustaquio-e-a-devocao-aos-sagrados-coracoes-de-jesus-e-de-maria\/#primaryimage\"},\"thumbnailUrl\":\"https:\/\/www.padreeustaquio.com.br\/wp-content\/uploads\/2024\/06\/sagrados-coracoes-2024-e1717700794570.jpeg\",\"articleSection\":[\"Not\u00edcias\"],\"inLanguage\":\"en-US\",\"potentialAction\":[{\"@type\":\"CommentAction\",\"name\":\"Comment\",\"target\":[\"https:\/\/www.padreeustaquio.com.br\/o-beato-padre-eustaquio-e-a-devocao-aos-sagrados-coracoes-de-jesus-e-de-maria\/#respond\"]}]},{\"@type\":\"WebPage\",\"@id\":\"https:\/\/www.padreeustaquio.com.br\/o-beato-padre-eustaquio-e-a-devocao-aos-sagrados-coracoes-de-jesus-e-de-maria\/\",\"url\":\"https:\/\/www.padreeustaquio.com.br\/o-beato-padre-eustaquio-e-a-devocao-aos-sagrados-coracoes-de-jesus-e-de-maria\/\",\"name\":\"O Beato Padre Eust\u00e1quio e a devo\u00e7\u00e3o aos Sagrados Cora\u00e7\u00f5es de Jesus e de Maria\",\"isPartOf\":{\"@id\":\"https:\/\/www.padreeustaquio.com.br\/#website\"},\"primaryImageOfPage\":{\"@id\":\"https:\/\/www.padreeustaquio.com.br\/o-beato-padre-eustaquio-e-a-devocao-aos-sagrados-coracoes-de-jesus-e-de-maria\/#primaryimage\"},\"image\":{\"@id\":\"https:\/\/www.padreeustaquio.com.br\/o-beato-padre-eustaquio-e-a-devocao-aos-sagrados-coracoes-de-jesus-e-de-maria\/#primaryimage\"},\"thumbnailUrl\":\"https:\/\/www.padreeustaquio.com.br\/wp-content\/uploads\/2024\/06\/sagrados-coracoes-2024-e1717700794570.jpeg\",\"datePublished\":\"2024-06-07T09:51:05+00:00\",\"description\":\"A devo\u00e7\u00e3o ao Sagrado Cora\u00e7\u00e3o de Jesus destaca-se pela contempla\u00e7\u00e3o do amor incondicional e sacrificial de Cristo pela humanidade, enquanto o Imaculado Cora\u00e7\u00e3o de Maria \u00e9 venerado como s\u00edmbolo de pureza, compaix\u00e3o e intercess\u00e3o maternal.\",\"breadcrumb\":{\"@id\":\"https:\/\/www.padreeustaquio.com.br\/o-beato-padre-eustaquio-e-a-devocao-aos-sagrados-coracoes-de-jesus-e-de-maria\/#breadcrumb\"},\"inLanguage\":\"en-US\",\"potentialAction\":[{\"@type\":\"ReadAction\",\"target\":[\"https:\/\/www.padreeustaquio.com.br\/o-beato-padre-eustaquio-e-a-devocao-aos-sagrados-coracoes-de-jesus-e-de-maria\/\"]}]},{\"@type\":\"ImageObject\",\"inLanguage\":\"en-US\",\"@id\":\"https:\/\/www.padreeustaquio.com.br\/o-beato-padre-eustaquio-e-a-devocao-aos-sagrados-coracoes-de-jesus-e-de-maria\/#primaryimage\",\"url\":\"https:\/\/www.padreeustaquio.com.br\/wp-content\/uploads\/2024\/06\/sagrados-coracoes-2024-e1717700794570.jpeg\",\"contentUrl\":\"https:\/\/www.padreeustaquio.com.br\/wp-content\/uploads\/2024\/06\/sagrados-coracoes-2024-e1717700794570.jpeg\",\"width\":1280,\"height\":819},{\"@type\":\"BreadcrumbList\",\"@id\":\"https:\/\/www.padreeustaquio.com.br\/o-beato-padre-eustaquio-e-a-devocao-aos-sagrados-coracoes-de-jesus-e-de-maria\/#breadcrumb\",\"itemListElement\":[{\"@type\":\"ListItem\",\"position\":1,\"name\":\"In\u00edcio\",\"item\":\"https:\/\/www.padreeustaquio.com.br\/\"},{\"@type\":\"ListItem\",\"position\":2,\"name\":\"O Beato Padre Eust\u00e1quio e a devo\u00e7\u00e3o aos Sagrados Cora\u00e7\u00f5es de Jesus e de Maria\"}]},{\"@type\":\"WebSite\",\"@id\":\"https:\/\/www.padreeustaquio.com.br\/#website\",\"url\":\"https:\/\/www.padreeustaquio.com.br\/\",\"name\":\"Padre Eust\u00e1quio\",\"description\":\"Sa\u00fade e Paz\",\"publisher\":{\"@id\":\"https:\/\/www.padreeustaquio.com.br\/#organization\"},\"potentialAction\":[{\"@type\":\"SearchAction\",\"target\":{\"@type\":\"EntryPoint\",\"urlTemplate\":\"https:\/\/www.padreeustaquio.com.br\/?s={search_term_string}\"},\"query-input\":{\"@type\":\"PropertyValueSpecification\",\"valueRequired\":true,\"valueName\":\"search_term_string\"}}],\"inLanguage\":\"en-US\"},{\"@type\":\"Organization\",\"@id\":\"https:\/\/www.padreeustaquio.com.br\/#organization\",\"name\":\"Padre Eust\u00e1quio\",\"url\":\"https:\/\/www.padreeustaquio.com.br\/\",\"logo\":{\"@type\":\"ImageObject\",\"inLanguage\":\"en-US\",\"@id\":\"https:\/\/www.padreeustaquio.com.br\/#\/schema\/logo\/image\/\",\"url\":\"https:\/\/www.padreeustaquio.com.br\/wp-content\/uploads\/2019\/08\/marca.png\",\"contentUrl\":\"https:\/\/www.padreeustaquio.com.br\/wp-content\/uploads\/2019\/08\/marca.png\",\"width\":350,\"height\":400,\"caption\":\"Padre Eust\u00e1quio\"},\"image\":{\"@id\":\"https:\/\/www.padreeustaquio.com.br\/#\/schema\/logo\/image\/\"},\"sameAs\":[\"https:\/\/www.facebook.com\/beatopadreeustaquio\/\",\"https:\/\/x.com\/beatopeustaquio\",\"https:\/\/www.instagram.com\/beatopadreeustaquio\/\",\"https:\/\/www.youtube.com\/channel\/UCRhw7vfabnajwLxb1ZXMeIw\"]},{\"@type\":\"Person\",\"@id\":\"https:\/\/www.padreeustaquio.com.br\/#\/schema\/person\/a2a51db1d00f1a7af0204a0f1ddb1566\",\"name\":\"@sscc\",\"image\":{\"@type\":\"ImageObject\",\"inLanguage\":\"en-US\",\"@id\":\"https:\/\/secure.gravatar.com\/avatar\/68cfafa5f44617fea54071e215026e0ff06be366c3d54a8425f04fdcb86f8c5f?s=96&d=mm&r=g\",\"url\":\"https:\/\/secure.gravatar.com\/avatar\/68cfafa5f44617fea54071e215026e0ff06be366c3d54a8425f04fdcb86f8c5f?s=96&d=mm&r=g\",\"contentUrl\":\"https:\/\/secure.gravatar.com\/avatar\/68cfafa5f44617fea54071e215026e0ff06be366c3d54a8425f04fdcb86f8c5f?s=96&d=mm&r=g\",\"caption\":\"@sscc\"},\"url\":\"https:\/\/www.padreeustaquio.com.br\/en\/author\/sscc\/\"}]}<\/script>\n<!-- \/ Yoast SEO plugin. -->","yoast_head_json":{"title":"Blessed Father Eustace and devotion to the Sacred Hearts of Jesus and Mary","description":"Devotion to the Sacred Heart of Jesus is characterized by contemplation of Christ&#039;s unconditional and sacrificial love for humanity, while the Immaculate Heart of Mary is venerated as a symbol of purity, compassion, and maternal intercession.","robots":{"index":"index","follow":"follow","max-snippet":"max-snippet:-1","max-image-preview":"max-image-preview:large","max-video-preview":"max-video-preview:-1"},"canonical":"https:\/\/www.padreeustaquio.com.br\/en\/blessed-father-eustace-and-devotion-to-the-sacred-hearts-of-jesus-and-mary\/","og_locale":"en_US","og_type":"article","og_title":"O Beato Padre Eust\u00e1quio e a devo\u00e7\u00e3o aos Sagrados Cora\u00e7\u00f5es de Jesus e de Maria","og_description":"A devo\u00e7\u00e3o ao Sagrado Cora\u00e7\u00e3o de Jesus destaca-se pela contempla\u00e7\u00e3o do amor incondicional e sacrificial de Cristo pela humanidade, enquanto o Imaculado Cora\u00e7\u00e3o de Maria \u00e9 venerado como s\u00edmbolo de pureza, compaix\u00e3o e intercess\u00e3o maternal.","og_url":"https:\/\/www.padreeustaquio.com.br\/en\/blessed-father-eustace-and-devotion-to-the-sacred-hearts-of-jesus-and-mary\/","og_site_name":"Padre Eust\u00e1quio","article_publisher":"https:\/\/www.facebook.com\/beatopadreeustaquio\/","article_published_time":"2024-06-07T09:51:05+00:00","og_image":[{"width":1280,"height":819,"url":"https:\/\/www.padreeustaquio.com.br\/wp-content\/uploads\/2024\/06\/sagrados-coracoes-2024-e1717700794570.jpeg","type":"image\/jpeg"}],"author":"@sscc","twitter_card":"summary_large_image","twitter_creator":"@beatopeustaquio","twitter_site":"@beatopeustaquio","twitter_misc":{"Written by":"@sscc","Est. reading time":"3 minutes"},"schema":{"@context":"https:\/\/schema.org","@graph":[{"@type":"Article","@id":"https:\/\/www.padreeustaquio.com.br\/o-beato-padre-eustaquio-e-a-devocao-aos-sagrados-coracoes-de-jesus-e-de-maria\/#article","isPartOf":{"@id":"https:\/\/www.padreeustaquio.com.br\/o-beato-padre-eustaquio-e-a-devocao-aos-sagrados-coracoes-de-jesus-e-de-maria\/"},"author":{"name":"@sscc","@id":"https:\/\/www.padreeustaquio.com.br\/#\/schema\/person\/a2a51db1d00f1a7af0204a0f1ddb1566"},"headline":"O Beato Padre Eust\u00e1quio e a devo\u00e7\u00e3o aos Sagrados Cora\u00e7\u00f5es de Jesus e de Maria","datePublished":"2024-06-07T09:51:05+00:00","mainEntityOfPage":{"@id":"https:\/\/www.padreeustaquio.com.br\/o-beato-padre-eustaquio-e-a-devocao-aos-sagrados-coracoes-de-jesus-e-de-maria\/"},"wordCount":499,"commentCount":0,"publisher":{"@id":"https:\/\/www.padreeustaquio.com.br\/#organization"},"image":{"@id":"https:\/\/www.padreeustaquio.com.br\/o-beato-padre-eustaquio-e-a-devocao-aos-sagrados-coracoes-de-jesus-e-de-maria\/#primaryimage"},"thumbnailUrl":"https:\/\/www.padreeustaquio.com.br\/wp-content\/uploads\/2024\/06\/sagrados-coracoes-2024-e1717700794570.jpeg","articleSection":["Not\u00edcias"],"inLanguage":"en-US","potentialAction":[{"@type":"CommentAction","name":"Comment","target":["https:\/\/www.padreeustaquio.com.br\/o-beato-padre-eustaquio-e-a-devocao-aos-sagrados-coracoes-de-jesus-e-de-maria\/#respond"]}]},{"@type":"WebPage","@id":"https:\/\/www.padreeustaquio.com.br\/o-beato-padre-eustaquio-e-a-devocao-aos-sagrados-coracoes-de-jesus-e-de-maria\/","url":"https:\/\/www.padreeustaquio.com.br\/o-beato-padre-eustaquio-e-a-devocao-aos-sagrados-coracoes-de-jesus-e-de-maria\/","name":"Blessed Father Eustace and devotion to the Sacred Hearts of Jesus and Mary","isPartOf":{"@id":"https:\/\/www.padreeustaquio.com.br\/#website"},"primaryImageOfPage":{"@id":"https:\/\/www.padreeustaquio.com.br\/o-beato-padre-eustaquio-e-a-devocao-aos-sagrados-coracoes-de-jesus-e-de-maria\/#primaryimage"},"image":{"@id":"https:\/\/www.padreeustaquio.com.br\/o-beato-padre-eustaquio-e-a-devocao-aos-sagrados-coracoes-de-jesus-e-de-maria\/#primaryimage"},"thumbnailUrl":"https:\/\/www.padreeustaquio.com.br\/wp-content\/uploads\/2024\/06\/sagrados-coracoes-2024-e1717700794570.jpeg","datePublished":"2024-06-07T09:51:05+00:00","description":"Devotion to the Sacred Heart of Jesus is characterized by contemplation of Christ&#039;s unconditional and sacrificial love for humanity, while the Immaculate Heart of Mary is venerated as a symbol of purity, compassion, and maternal intercession.","breadcrumb":{"@id":"https:\/\/www.padreeustaquio.com.br\/o-beato-padre-eustaquio-e-a-devocao-aos-sagrados-coracoes-de-jesus-e-de-maria\/#breadcrumb"},"inLanguage":"en-US","potentialAction":[{"@type":"ReadAction","target":["https:\/\/www.padreeustaquio.com.br\/o-beato-padre-eustaquio-e-a-devocao-aos-sagrados-coracoes-de-jesus-e-de-maria\/"]}]},{"@type":"ImageObject","inLanguage":"en-US","@id":"https:\/\/www.padreeustaquio.com.br\/o-beato-padre-eustaquio-e-a-devocao-aos-sagrados-coracoes-de-jesus-e-de-maria\/#primaryimage","url":"https:\/\/www.padreeustaquio.com.br\/wp-content\/uploads\/2024\/06\/sagrados-coracoes-2024-e1717700794570.jpeg","contentUrl":"https:\/\/www.padreeustaquio.com.br\/wp-content\/uploads\/2024\/06\/sagrados-coracoes-2024-e1717700794570.jpeg","width":1280,"height":819},{"@type":"BreadcrumbList","@id":"https:\/\/www.padreeustaquio.com.br\/o-beato-padre-eustaquio-e-a-devocao-aos-sagrados-coracoes-de-jesus-e-de-maria\/#breadcrumb","itemListElement":[{"@type":"ListItem","position":1,"name":"In\u00edcio","item":"https:\/\/www.padreeustaquio.com.br\/"},{"@type":"ListItem","position":2,"name":"O Beato Padre Eust\u00e1quio e a devo\u00e7\u00e3o aos Sagrados Cora\u00e7\u00f5es de Jesus e de Maria"}]},{"@type":"WebSite","@id":"https:\/\/www.padreeustaquio.com.br\/#website","url":"https:\/\/www.padreeustaquio.com.br\/","name":"FATHER EUST\u00c1QUIO","description":"Health and Peace","publisher":{"@id":"https:\/\/www.padreeustaquio.com.br\/#organization"},"potentialAction":[{"@type":"SearchAction","target":{"@type":"EntryPoint","urlTemplate":"https:\/\/www.padreeustaquio.com.br\/?s={search_term_string}"},"query-input":{"@type":"PropertyValueSpecification","valueRequired":true,"valueName":"search_term_string"}}],"inLanguage":"en-US"},{"@type":"Organization","@id":"https:\/\/www.padreeustaquio.com.br\/#organization","name":"FATHER EUST\u00c1QUIO","url":"https:\/\/www.padreeustaquio.com.br\/","logo":{"@type":"ImageObject","inLanguage":"en-US","@id":"https:\/\/www.padreeustaquio.com.br\/#\/schema\/logo\/image\/","url":"https:\/\/www.padreeustaquio.com.br\/wp-content\/uploads\/2019\/08\/marca.png","contentUrl":"https:\/\/www.padreeustaquio.com.br\/wp-content\/uploads\/2019\/08\/marca.png","width":350,"height":400,"caption":"Padre Eust\u00e1quio"},"image":{"@id":"https:\/\/www.padreeustaquio.com.br\/#\/schema\/logo\/image\/"},"sameAs":["https:\/\/www.facebook.com\/beatopadreeustaquio\/","https:\/\/x.com\/beatopeustaquio","https:\/\/www.instagram.com\/beatopadreeustaquio\/","https:\/\/www.youtube.com\/channel\/UCRhw7vfabnajwLxb1ZXMeIw"]},{"@type":"Person","@id":"https:\/\/www.padreeustaquio.com.br\/#\/schema\/person\/a2a51db1d00f1a7af0204a0f1ddb1566","name":"@sscc","image":{"@type":"ImageObject","inLanguage":"en-US","@id":"https:\/\/secure.gravatar.com\/avatar\/68cfafa5f44617fea54071e215026e0ff06be366c3d54a8425f04fdcb86f8c5f?s=96&d=mm&r=g","url":"https:\/\/secure.gravatar.com\/avatar\/68cfafa5f44617fea54071e215026e0ff06be366c3d54a8425f04fdcb86f8c5f?s=96&d=mm&r=g","contentUrl":"https:\/\/secure.gravatar.com\/avatar\/68cfafa5f44617fea54071e215026e0ff06be366c3d54a8425f04fdcb86f8c5f?s=96&d=mm&r=g","caption":"@sscc"},"url":"https:\/\/www.padreeustaquio.com.br\/en\/author\/sscc\/"}]}},"_links":{"self":[{"href":"https:\/\/www.padreeustaquio.com.br\/en\/wp-json\/wp\/v2\/posts\/11366","targetHints":{"allow":["GET"]}}],"collection":[{"href":"https:\/\/www.padreeustaquio.com.br\/en\/wp-json\/wp\/v2\/posts"}],"about":[{"href":"https:\/\/www.padreeustaquio.com.br\/en\/wp-json\/wp\/v2\/types\/post"}],"author":[{"embeddable":true,"href":"https:\/\/www.padreeustaquio.com.br\/en\/wp-json\/wp\/v2\/users\/2"}],"replies":[{"embeddable":true,"href":"https:\/\/www.padreeustaquio.com.br\/en\/wp-json\/wp\/v2\/comments?post=11366"}],"version-history":[{"count":0,"href":"https:\/\/www.padreeustaquio.com.br\/en\/wp-json\/wp\/v2\/posts\/11366\/revisions"}],"wp:featuredmedia":[{"embeddable":true,"href":"https:\/\/www.padreeustaquio.com.br\/en\/wp-json\/wp\/v2\/media\/11367"}],"wp:attachment":[{"href":"https:\/\/www.padreeustaquio.com.br\/en\/wp-json\/wp\/v2\/media?parent=11366"}],"wp:term":[{"taxonomy":"category","embeddable":true,"href":"https:\/\/www.padreeustaquio.com.br\/en\/wp-json\/wp\/v2\/categories?post=11366"},{"taxonomy":"post_tag","embeddable":true,"href":"https:\/\/www.padreeustaquio.com.br\/en\/wp-json\/wp\/v2\/tags?post=11366"}],"curies":[{"name":"wp","href":"https:\/\/api.w.org\/{rel}","templated":true}]}}