{"id":11358,"date":"2024-06-05T07:45:58","date_gmt":"2024-06-05T10:45:58","guid":{"rendered":"https:\/\/www.padreeustaquio.com.br\/?p=11358"},"modified":"2024-06-04T14:04:51","modified_gmt":"2024-06-04T17:04:51","slug":"vice-postulator-of-father-eustaquios-cause-participates-in-crb-congress-in-fortaleza-ceara","status":"publish","type":"post","link":"https:\/\/www.padreeustaquio.com.br\/en\/vice-postulator-of-father-eustaquios-cause-participates-in-crb-congress-in-fortaleza-ceara\/","title":{"rendered":"Vice postulator of the Cause of Father Eust\u00e1quio participates in CRB Congress in Fortaleza-CE"},"content":{"rendered":"<p>Father Marcus Vinicius Maciel, vice-postulator of the Cause of Canonization of Blessed Father Eust\u00e1quio, participated this past weekend in the National Congress of the CRB (Conference of Religious of Brazil). The event celebrated the institution&#039;s 70th anniversary and brought together approximately 800 religious men and women from across the country in Fortaleza (CE).<\/p>\n<p>The meeting took place between May 30th and June 2nd. The chosen theme for in-depth discussion was &quot;Memory, Mysticism, Prophecy, and Hope.&quot; The event concluded with a Mass presided over by the auxiliary bishop of Bras\u00edlia (DF) and secretary-general of the National Conference of Bishops of Brazil (CNBB), Bishop Ricardo Hoepers.<\/p>\n<p><img fetchpriority=\"high\" decoding=\"async\" class=\"wp-image-11360 alignleft\" src=\"https:\/\/www.padreeustaquio.com.br\/wp-content\/uploads\/2024\/06\/crb-300x200.jpg\" alt=\"\" width=\"329\" height=\"219\" srcset=\"https:\/\/www.padreeustaquio.com.br\/wp-content\/uploads\/2024\/06\/crb-300x200.jpg 300w, https:\/\/www.padreeustaquio.com.br\/wp-content\/uploads\/2024\/06\/crb-768x512.jpg 768w, https:\/\/www.padreeustaquio.com.br\/wp-content\/uploads\/2024\/06\/crb.jpg 799w\" sizes=\"(max-width: 329px) 100vw, 329px\" \/>In his homily, he highlighted that the grateful remembrance made during the meeting allowed them to &quot;remember the wonders of God&#039;s action in the history of the CRB&quot;; that the &quot;revived mysticism&quot; gave encouragement and strengthened faith; and that the &quot;recovered prophecy propelled us towards the beauty of the folly of the cross.&quot;.<\/p>\n<p>For him, what emerged most strongly from the meeting was &quot;the need for all consecrated religious men and women to join hands in this spirit of inter-congregation, and return to their communities with their charisms strengthened for the good of the whole Church, the mystical Body of Christ.&quot;.<\/p>\n<p><strong>CONGRESS HIGHLIGHTS<\/strong><\/p>\n<p>The meeting began with a Eucharistic Celebration, presided over by the Archbishop of Fortaleza and president of the Episcopal Commission for Culture and Education of the CNBB (National Conference of Bishops of Brazil), Dom Greg\u00f3rio Paix\u00e3o, and concelebrated by 21 priests from different states of the country. <a href=\"https:\/\/www.youtube.com\/watch?v=AdBYtxxk_GU\">The ceremony was broadcast live on the Padre Eust\u00e1quio Channel.<\/a>. The holy mass also marked the beginning of the event, which included a message from Pope Francis for the religious men and women serving the Church in Brazil.<\/p>\n<p>Also during the opening ceremony, there was a presentation of carpets made by the 20 regional chapters of the National CRB, which narrated the history of the conference, portraying the diversity and reality of the institution.<\/p>\n<p>The first day of the 70th Anniversary Congress also included the screening of a documentary featuring former presidents of the Conference of Religious, as well as music, photos, and videos showcasing the seven decades of &quot;mysticism, prophecy, and hope.&quot;.<\/p>\n<p><img decoding=\"async\" class=\"wp-image-11361 alignright\" src=\"https:\/\/www.padreeustaquio.com.br\/wp-content\/uploads\/2024\/06\/crb2-300x200.jpg\" alt=\"\" width=\"342\" height=\"228\" srcset=\"https:\/\/www.padreeustaquio.com.br\/wp-content\/uploads\/2024\/06\/crb2-300x200.jpg 300w, https:\/\/www.padreeustaquio.com.br\/wp-content\/uploads\/2024\/06\/crb2-768x512.jpg 768w, https:\/\/www.padreeustaquio.com.br\/wp-content\/uploads\/2024\/06\/crb2.jpg 1024w\" sizes=\"(max-width: 342px) 100vw, 342px\" \/>On the second day, the religious group made a pilgrimage to the Sanctuary of Saint Francis of Assisi in Canind\u00e9. On this day, the <a href=\"https:\/\/www.youtube.com\/watch?v=fjoAyK0qk5k\">The Holy Mass was also broadcast live on the Padre Eust\u00e1quio Channel.<\/a>, on YouTube.<\/p>\n<p>On the third day, the prophecy was highlighted with a celebratory moment honoring those who gave their lives for the cause of the Gospel. Those remembered included: Sister Dorothy, Sister Genoveva, Bishop Pedro Casald\u00e1liga, Bishop Tom\u00e1s Baldu\u00edno, Father Ezequiel Ramin, Chico Mendes, Father Josimo Morales, Archbishop Oscar Romero, among others.<\/p>\n<p>The third day also provided an opportunity for participants to interact in fifteen thematic workshops. There was also a press conference with the president of the CRB, Sister Eliane Cordeiro; Bishop \u00c2ngelo Mezzari; and the executive secretary of the Latin American Confederation of Religious (CLAR), Sister Daniela Cannavina. The day ended with a festive and cultural celebration.<br \/>\n<img decoding=\"async\" class=\"size-medium wp-image-11364 alignleft\" src=\"https:\/\/www.padreeustaquio.com.br\/wp-content\/uploads\/2024\/06\/Ze-Vicente-e-P.-Vinicius-300x225.jpeg\" alt=\"\" width=\"300\" height=\"225\" srcset=\"https:\/\/www.padreeustaquio.com.br\/wp-content\/uploads\/2024\/06\/Ze-Vicente-e-P.-Vinicius-300x225.jpeg 300w, https:\/\/www.padreeustaquio.com.br\/wp-content\/uploads\/2024\/06\/Ze-Vicente-e-P.-Vinicius-1024x768.jpeg 1024w, https:\/\/www.padreeustaquio.com.br\/wp-content\/uploads\/2024\/06\/Ze-Vicente-e-P.-Vinicius-768x576.jpeg 768w, https:\/\/www.padreeustaquio.com.br\/wp-content\/uploads\/2024\/06\/Ze-Vicente-e-P.-Vinicius-180x135.jpeg 180w, https:\/\/www.padreeustaquio.com.br\/wp-content\/uploads\/2024\/06\/Ze-Vicente-e-P.-Vinicius-400x300.jpeg 400w, https:\/\/www.padreeustaquio.com.br\/wp-content\/uploads\/2024\/06\/Ze-Vicente-e-P.-Vinicius-600x450.jpeg 600w, https:\/\/www.padreeustaquio.com.br\/wp-content\/uploads\/2024\/06\/Ze-Vicente-e-P.-Vinicius-800x600.jpeg 800w, https:\/\/www.padreeustaquio.com.br\/wp-content\/uploads\/2024\/06\/Ze-Vicente-e-P.-Vinicius-1200x900.jpeg 1200w, https:\/\/www.padreeustaquio.com.br\/wp-content\/uploads\/2024\/06\/Ze-Vicente-e-P.-Vinicius.jpeg 1280w\" sizes=\"(max-width: 300px) 100vw, 300px\" \/><br \/>\nAt the end of the third day of celebrations for the 70th anniversary of the Conference of Religious of Brazil (CRB), the atmosphere was filled with joy and culture. The festivities were marked by the special presence of Z\u00e9 Vicente, a singer and composer who brought his music and poetry to the event, providing a moment of reflection and emotion for all those present.<\/p>\n<p>The presence of Z\u00e9 Vicente, with his voice and songs, brought a special energy to the celebration, transforming the event into an unforgettable moment of communion and gratitude.<\/p>\n<p><strong><em>**with information from CNBB and CRB Nacional<\/em><\/strong><\/p>","protected":false},"excerpt":{"rendered":"<p>O padre Marcus Vinicius Maciel, vice-postulador da Causa de Canoniza\u00e7\u00e3o do Beato Padre Eust\u00e1quio, participou nesse final de semana do Congresso Nacional da CRB (Confer\u00eancia dos Religiosos do Brasil). O evento celebrou 70 anos da institui\u00e7\u00e3o e reuniu cerca de 800 religiosos e religiosas de todo o pa\u00eds, em Fortaleza (CE). O encontro foi entre os dias 30 de maio e 2 de junho. A tem\u00e1tica escolhida para aprofundamento foi \u201cMem\u00f3ria, M\u00edstica, Profecia e Esperan\u00e7a\u201d. O evento foi encerrado com a missa presidida pelo bispo auxiliar de Bras\u00edlia (DF) e secret\u00e1rio-geral da Confer\u00eancia Nacional dos Bispos do Brasil (CNBB), dom [&hellip;]<\/p>\n","protected":false},"author":2,"featured_media":11359,"comment_status":"open","ping_status":"closed","sticky":false,"template":"","format":"standard","meta":{"_acf_changed":false,"footnotes":""},"categories":[611],"tags":[],"class_list":["post-11358","post","type-post","status-publish","format-standard","has-post-thumbnail","hentry","category-noticias"],"acf":[],"yoast_head":"<!-- This site is optimized with the Yoast SEO plugin v27.2 - https:\/\/yoast.com\/product\/yoast-seo-wordpress\/ -->\n<title>Vice-postulador da Causa de Padre Eust\u00e1quio participa de Congresso da CRB em Fortaleza-CE<\/title>\n<meta name=\"description\" content=\"O padre Marcus Vinicius Maciel, vice-postulador da Causa de Canoniza\u00e7\u00e3o do Beato Padre Eust\u00e1quio, participou nesse final de semana do Congresso Nacional da CRB (Confer\u00eancia dos Religiosos do Brasil). O evento celebrou 70 anos da institui\u00e7\u00e3o e reuniu cerca de 800 religiosos e religiosas de todo o pa\u00eds, em Fortaleza (CE).\" \/>\n<meta name=\"robots\" content=\"index, follow, max-snippet:-1, max-image-preview:large, max-video-preview:-1\" \/>\n<link rel=\"canonical\" href=\"https:\/\/www.padreeustaquio.com.br\/en\/vice-postulator-of-father-eustaquios-cause-participates-in-crb-congress-in-fortaleza-ceara\/\" \/>\n<meta property=\"og:locale\" content=\"en_US\" \/>\n<meta property=\"og:type\" content=\"article\" \/>\n<meta property=\"og:title\" content=\"Vice-postulador da Causa de Padre Eust\u00e1quio participa de Congresso da CRB em Fortaleza-CE\" \/>\n<meta property=\"og:description\" content=\"O padre Marcus Vinicius Maciel, vice-postulador da Causa de Canoniza\u00e7\u00e3o do Beato Padre Eust\u00e1quio, participou nesse final de semana do Congresso Nacional da CRB (Confer\u00eancia dos Religiosos do Brasil). O evento celebrou 70 anos da institui\u00e7\u00e3o e reuniu cerca de 800 religiosos e religiosas de todo o pa\u00eds, em Fortaleza (CE).\" \/>\n<meta property=\"og:url\" content=\"https:\/\/www.padreeustaquio.com.br\/en\/vice-postulator-of-father-eustaquios-cause-participates-in-crb-congress-in-fortaleza-ceara\/\" \/>\n<meta property=\"og:site_name\" content=\"Padre Eust\u00e1quio\" \/>\n<meta property=\"article:publisher\" content=\"https:\/\/www.facebook.com\/beatopadreeustaquio\/\" \/>\n<meta property=\"article:published_time\" content=\"2024-06-05T10:45:58+00:00\" \/>\n<meta property=\"og:image\" content=\"https:\/\/www.padreeustaquio.com.br\/wp-content\/uploads\/2024\/06\/crb-caninde.jpg\" \/>\n\t<meta property=\"og:image:width\" content=\"1024\" \/>\n\t<meta property=\"og:image:height\" content=\"681\" \/>\n\t<meta property=\"og:image:type\" content=\"image\/jpeg\" \/>\n<meta name=\"author\" content=\"@sscc\" \/>\n<meta name=\"twitter:card\" content=\"summary_large_image\" \/>\n<meta name=\"twitter:creator\" content=\"@beatopeustaquio\" \/>\n<meta name=\"twitter:site\" content=\"@beatopeustaquio\" \/>\n<meta name=\"twitter:label1\" content=\"Written by\" \/>\n\t<meta name=\"twitter:data1\" content=\"@sscc\" \/>\n\t<meta name=\"twitter:label2\" content=\"Est. reading time\" \/>\n\t<meta name=\"twitter:data2\" content=\"5 minutes\" \/>\n<script type=\"application\/ld+json\" class=\"yoast-schema-graph\">{\"@context\":\"https:\/\/schema.org\",\"@graph\":[{\"@type\":\"Article\",\"@id\":\"https:\/\/www.padreeustaquio.com.br\/vice-postulador-da-causa-de-padre-eustaquio-participa-de-congresso-da-crb-em-fortaleza-ce\/#article\",\"isPartOf\":{\"@id\":\"https:\/\/www.padreeustaquio.com.br\/vice-postulador-da-causa-de-padre-eustaquio-participa-de-congresso-da-crb-em-fortaleza-ce\/\"},\"author\":{\"name\":\"@sscc\",\"@id\":\"https:\/\/www.padreeustaquio.com.br\/#\/schema\/person\/a2a51db1d00f1a7af0204a0f1ddb1566\"},\"headline\":\"Vice-postulador da Causa de Padre Eust\u00e1quio participa de Congresso da CRB em Fortaleza-CE\",\"datePublished\":\"2024-06-05T10:45:58+00:00\",\"mainEntityOfPage\":{\"@id\":\"https:\/\/www.padreeustaquio.com.br\/vice-postulador-da-causa-de-padre-eustaquio-participa-de-congresso-da-crb-em-fortaleza-ce\/\"},\"wordCount\":661,\"commentCount\":0,\"publisher\":{\"@id\":\"https:\/\/www.padreeustaquio.com.br\/#organization\"},\"image\":{\"@id\":\"https:\/\/www.padreeustaquio.com.br\/vice-postulador-da-causa-de-padre-eustaquio-participa-de-congresso-da-crb-em-fortaleza-ce\/#primaryimage\"},\"thumbnailUrl\":\"https:\/\/www.padreeustaquio.com.br\/wp-content\/uploads\/2024\/06\/crb-caninde.jpg\",\"articleSection\":[\"Not\u00edcias\"],\"inLanguage\":\"en-US\",\"potentialAction\":[{\"@type\":\"CommentAction\",\"name\":\"Comment\",\"target\":[\"https:\/\/www.padreeustaquio.com.br\/vice-postulador-da-causa-de-padre-eustaquio-participa-de-congresso-da-crb-em-fortaleza-ce\/#respond\"]}]},{\"@type\":\"WebPage\",\"@id\":\"https:\/\/www.padreeustaquio.com.br\/vice-postulador-da-causa-de-padre-eustaquio-participa-de-congresso-da-crb-em-fortaleza-ce\/\",\"url\":\"https:\/\/www.padreeustaquio.com.br\/vice-postulador-da-causa-de-padre-eustaquio-participa-de-congresso-da-crb-em-fortaleza-ce\/\",\"name\":\"Vice-postulador da Causa de Padre Eust\u00e1quio participa de Congresso da CRB em Fortaleza-CE\",\"isPartOf\":{\"@id\":\"https:\/\/www.padreeustaquio.com.br\/#website\"},\"primaryImageOfPage\":{\"@id\":\"https:\/\/www.padreeustaquio.com.br\/vice-postulador-da-causa-de-padre-eustaquio-participa-de-congresso-da-crb-em-fortaleza-ce\/#primaryimage\"},\"image\":{\"@id\":\"https:\/\/www.padreeustaquio.com.br\/vice-postulador-da-causa-de-padre-eustaquio-participa-de-congresso-da-crb-em-fortaleza-ce\/#primaryimage\"},\"thumbnailUrl\":\"https:\/\/www.padreeustaquio.com.br\/wp-content\/uploads\/2024\/06\/crb-caninde.jpg\",\"datePublished\":\"2024-06-05T10:45:58+00:00\",\"description\":\"O padre Marcus Vinicius Maciel, vice-postulador da Causa de Canoniza\u00e7\u00e3o do Beato Padre Eust\u00e1quio, participou nesse final de semana do Congresso Nacional da CRB (Confer\u00eancia dos Religiosos do Brasil). O evento celebrou 70 anos da institui\u00e7\u00e3o e reuniu cerca de 800 religiosos e religiosas de todo o pa\u00eds, em Fortaleza (CE).\",\"breadcrumb\":{\"@id\":\"https:\/\/www.padreeustaquio.com.br\/vice-postulador-da-causa-de-padre-eustaquio-participa-de-congresso-da-crb-em-fortaleza-ce\/#breadcrumb\"},\"inLanguage\":\"en-US\",\"potentialAction\":[{\"@type\":\"ReadAction\",\"target\":[\"https:\/\/www.padreeustaquio.com.br\/vice-postulador-da-causa-de-padre-eustaquio-participa-de-congresso-da-crb-em-fortaleza-ce\/\"]}]},{\"@type\":\"ImageObject\",\"inLanguage\":\"en-US\",\"@id\":\"https:\/\/www.padreeustaquio.com.br\/vice-postulador-da-causa-de-padre-eustaquio-participa-de-congresso-da-crb-em-fortaleza-ce\/#primaryimage\",\"url\":\"https:\/\/www.padreeustaquio.com.br\/wp-content\/uploads\/2024\/06\/crb-caninde.jpg\",\"contentUrl\":\"https:\/\/www.padreeustaquio.com.br\/wp-content\/uploads\/2024\/06\/crb-caninde.jpg\",\"width\":1024,\"height\":681},{\"@type\":\"BreadcrumbList\",\"@id\":\"https:\/\/www.padreeustaquio.com.br\/vice-postulador-da-causa-de-padre-eustaquio-participa-de-congresso-da-crb-em-fortaleza-ce\/#breadcrumb\",\"itemListElement\":[{\"@type\":\"ListItem\",\"position\":1,\"name\":\"In\u00edcio\",\"item\":\"https:\/\/www.padreeustaquio.com.br\/\"},{\"@type\":\"ListItem\",\"position\":2,\"name\":\"Vice-postulador da Causa de Padre Eust\u00e1quio participa de Congresso da CRB em Fortaleza-CE\"}]},{\"@type\":\"WebSite\",\"@id\":\"https:\/\/www.padreeustaquio.com.br\/#website\",\"url\":\"https:\/\/www.padreeustaquio.com.br\/\",\"name\":\"Padre Eust\u00e1quio\",\"description\":\"Sa\u00fade e Paz\",\"publisher\":{\"@id\":\"https:\/\/www.padreeustaquio.com.br\/#organization\"},\"potentialAction\":[{\"@type\":\"SearchAction\",\"target\":{\"@type\":\"EntryPoint\",\"urlTemplate\":\"https:\/\/www.padreeustaquio.com.br\/?s={search_term_string}\"},\"query-input\":{\"@type\":\"PropertyValueSpecification\",\"valueRequired\":true,\"valueName\":\"search_term_string\"}}],\"inLanguage\":\"en-US\"},{\"@type\":\"Organization\",\"@id\":\"https:\/\/www.padreeustaquio.com.br\/#organization\",\"name\":\"Padre Eust\u00e1quio\",\"url\":\"https:\/\/www.padreeustaquio.com.br\/\",\"logo\":{\"@type\":\"ImageObject\",\"inLanguage\":\"en-US\",\"@id\":\"https:\/\/www.padreeustaquio.com.br\/#\/schema\/logo\/image\/\",\"url\":\"https:\/\/www.padreeustaquio.com.br\/wp-content\/uploads\/2019\/08\/marca.png\",\"contentUrl\":\"https:\/\/www.padreeustaquio.com.br\/wp-content\/uploads\/2019\/08\/marca.png\",\"width\":350,\"height\":400,\"caption\":\"Padre Eust\u00e1quio\"},\"image\":{\"@id\":\"https:\/\/www.padreeustaquio.com.br\/#\/schema\/logo\/image\/\"},\"sameAs\":[\"https:\/\/www.facebook.com\/beatopadreeustaquio\/\",\"https:\/\/x.com\/beatopeustaquio\",\"https:\/\/www.instagram.com\/beatopadreeustaquio\/\",\"https:\/\/www.youtube.com\/channel\/UCRhw7vfabnajwLxb1ZXMeIw\"]},{\"@type\":\"Person\",\"@id\":\"https:\/\/www.padreeustaquio.com.br\/#\/schema\/person\/a2a51db1d00f1a7af0204a0f1ddb1566\",\"name\":\"@sscc\",\"image\":{\"@type\":\"ImageObject\",\"inLanguage\":\"en-US\",\"@id\":\"https:\/\/secure.gravatar.com\/avatar\/68cfafa5f44617fea54071e215026e0ff06be366c3d54a8425f04fdcb86f8c5f?s=96&d=mm&r=g\",\"url\":\"https:\/\/secure.gravatar.com\/avatar\/68cfafa5f44617fea54071e215026e0ff06be366c3d54a8425f04fdcb86f8c5f?s=96&d=mm&r=g\",\"contentUrl\":\"https:\/\/secure.gravatar.com\/avatar\/68cfafa5f44617fea54071e215026e0ff06be366c3d54a8425f04fdcb86f8c5f?s=96&d=mm&r=g\",\"caption\":\"@sscc\"},\"url\":\"https:\/\/www.padreeustaquio.com.br\/en\/author\/sscc\/\"}]}<\/script>\n<!-- \/ Yoast SEO plugin. -->","yoast_head_json":{"title":"Vice postulator of the Cause of Father Eust\u00e1quio participates in CRB Congress in Fortaleza-CE","description":"Father Marcus Vinicius Maciel, vice-postulator of the Cause of Canonization of Blessed Father Eust\u00e1quio, participated this past weekend in the National Congress of the CRB (Conference of Religious of Brazil). The event celebrated the institution&#039;s 70th anniversary and brought together approximately 800 religious men and women from across the country in Fortaleza (CE).","robots":{"index":"index","follow":"follow","max-snippet":"max-snippet:-1","max-image-preview":"max-image-preview:large","max-video-preview":"max-video-preview:-1"},"canonical":"https:\/\/www.padreeustaquio.com.br\/en\/vice-postulator-of-father-eustaquios-cause-participates-in-crb-congress-in-fortaleza-ceara\/","og_locale":"en_US","og_type":"article","og_title":"Vice-postulador da Causa de Padre Eust\u00e1quio participa de Congresso da CRB em Fortaleza-CE","og_description":"O padre Marcus Vinicius Maciel, vice-postulador da Causa de Canoniza\u00e7\u00e3o do Beato Padre Eust\u00e1quio, participou nesse final de semana do Congresso Nacional da CRB (Confer\u00eancia dos Religiosos do Brasil). O evento celebrou 70 anos da institui\u00e7\u00e3o e reuniu cerca de 800 religiosos e religiosas de todo o pa\u00eds, em Fortaleza (CE).","og_url":"https:\/\/www.padreeustaquio.com.br\/en\/vice-postulator-of-father-eustaquios-cause-participates-in-crb-congress-in-fortaleza-ceara\/","og_site_name":"Padre Eust\u00e1quio","article_publisher":"https:\/\/www.facebook.com\/beatopadreeustaquio\/","article_published_time":"2024-06-05T10:45:58+00:00","og_image":[{"width":1024,"height":681,"url":"https:\/\/www.padreeustaquio.com.br\/wp-content\/uploads\/2024\/06\/crb-caninde.jpg","type":"image\/jpeg"}],"author":"@sscc","twitter_card":"summary_large_image","twitter_creator":"@beatopeustaquio","twitter_site":"@beatopeustaquio","twitter_misc":{"Written by":"@sscc","Est. reading time":"5 minutes"},"schema":{"@context":"https:\/\/schema.org","@graph":[{"@type":"Article","@id":"https:\/\/www.padreeustaquio.com.br\/vice-postulador-da-causa-de-padre-eustaquio-participa-de-congresso-da-crb-em-fortaleza-ce\/#article","isPartOf":{"@id":"https:\/\/www.padreeustaquio.com.br\/vice-postulador-da-causa-de-padre-eustaquio-participa-de-congresso-da-crb-em-fortaleza-ce\/"},"author":{"name":"@sscc","@id":"https:\/\/www.padreeustaquio.com.br\/#\/schema\/person\/a2a51db1d00f1a7af0204a0f1ddb1566"},"headline":"Vice-postulador da Causa de Padre Eust\u00e1quio participa de Congresso da CRB em Fortaleza-CE","datePublished":"2024-06-05T10:45:58+00:00","mainEntityOfPage":{"@id":"https:\/\/www.padreeustaquio.com.br\/vice-postulador-da-causa-de-padre-eustaquio-participa-de-congresso-da-crb-em-fortaleza-ce\/"},"wordCount":661,"commentCount":0,"publisher":{"@id":"https:\/\/www.padreeustaquio.com.br\/#organization"},"image":{"@id":"https:\/\/www.padreeustaquio.com.br\/vice-postulador-da-causa-de-padre-eustaquio-participa-de-congresso-da-crb-em-fortaleza-ce\/#primaryimage"},"thumbnailUrl":"https:\/\/www.padreeustaquio.com.br\/wp-content\/uploads\/2024\/06\/crb-caninde.jpg","articleSection":["Not\u00edcias"],"inLanguage":"en-US","potentialAction":[{"@type":"CommentAction","name":"Comment","target":["https:\/\/www.padreeustaquio.com.br\/vice-postulador-da-causa-de-padre-eustaquio-participa-de-congresso-da-crb-em-fortaleza-ce\/#respond"]}]},{"@type":"WebPage","@id":"https:\/\/www.padreeustaquio.com.br\/vice-postulador-da-causa-de-padre-eustaquio-participa-de-congresso-da-crb-em-fortaleza-ce\/","url":"https:\/\/www.padreeustaquio.com.br\/vice-postulador-da-causa-de-padre-eustaquio-participa-de-congresso-da-crb-em-fortaleza-ce\/","name":"Vice postulator of the Cause of Father Eust\u00e1quio participates in CRB Congress in Fortaleza-CE","isPartOf":{"@id":"https:\/\/www.padreeustaquio.com.br\/#website"},"primaryImageOfPage":{"@id":"https:\/\/www.padreeustaquio.com.br\/vice-postulador-da-causa-de-padre-eustaquio-participa-de-congresso-da-crb-em-fortaleza-ce\/#primaryimage"},"image":{"@id":"https:\/\/www.padreeustaquio.com.br\/vice-postulador-da-causa-de-padre-eustaquio-participa-de-congresso-da-crb-em-fortaleza-ce\/#primaryimage"},"thumbnailUrl":"https:\/\/www.padreeustaquio.com.br\/wp-content\/uploads\/2024\/06\/crb-caninde.jpg","datePublished":"2024-06-05T10:45:58+00:00","description":"Father Marcus Vinicius Maciel, vice-postulator of the Cause of Canonization of Blessed Father Eust\u00e1quio, participated this past weekend in the National Congress of the CRB (Conference of Religious of Brazil). The event celebrated the institution&#039;s 70th anniversary and brought together approximately 800 religious men and women from across the country in Fortaleza (CE).","breadcrumb":{"@id":"https:\/\/www.padreeustaquio.com.br\/vice-postulador-da-causa-de-padre-eustaquio-participa-de-congresso-da-crb-em-fortaleza-ce\/#breadcrumb"},"inLanguage":"en-US","potentialAction":[{"@type":"ReadAction","target":["https:\/\/www.padreeustaquio.com.br\/vice-postulador-da-causa-de-padre-eustaquio-participa-de-congresso-da-crb-em-fortaleza-ce\/"]}]},{"@type":"ImageObject","inLanguage":"en-US","@id":"https:\/\/www.padreeustaquio.com.br\/vice-postulador-da-causa-de-padre-eustaquio-participa-de-congresso-da-crb-em-fortaleza-ce\/#primaryimage","url":"https:\/\/www.padreeustaquio.com.br\/wp-content\/uploads\/2024\/06\/crb-caninde.jpg","contentUrl":"https:\/\/www.padreeustaquio.com.br\/wp-content\/uploads\/2024\/06\/crb-caninde.jpg","width":1024,"height":681},{"@type":"BreadcrumbList","@id":"https:\/\/www.padreeustaquio.com.br\/vice-postulador-da-causa-de-padre-eustaquio-participa-de-congresso-da-crb-em-fortaleza-ce\/#breadcrumb","itemListElement":[{"@type":"ListItem","position":1,"name":"In\u00edcio","item":"https:\/\/www.padreeustaquio.com.br\/"},{"@type":"ListItem","position":2,"name":"Vice-postulador da Causa de Padre Eust\u00e1quio participa de Congresso da CRB em Fortaleza-CE"}]},{"@type":"WebSite","@id":"https:\/\/www.padreeustaquio.com.br\/#website","url":"https:\/\/www.padreeustaquio.com.br\/","name":"FATHER EUST\u00c1QUIO","description":"Health and Peace","publisher":{"@id":"https:\/\/www.padreeustaquio.com.br\/#organization"},"potentialAction":[{"@type":"SearchAction","target":{"@type":"EntryPoint","urlTemplate":"https:\/\/www.padreeustaquio.com.br\/?s={search_term_string}"},"query-input":{"@type":"PropertyValueSpecification","valueRequired":true,"valueName":"search_term_string"}}],"inLanguage":"en-US"},{"@type":"Organization","@id":"https:\/\/www.padreeustaquio.com.br\/#organization","name":"FATHER EUST\u00c1QUIO","url":"https:\/\/www.padreeustaquio.com.br\/","logo":{"@type":"ImageObject","inLanguage":"en-US","@id":"https:\/\/www.padreeustaquio.com.br\/#\/schema\/logo\/image\/","url":"https:\/\/www.padreeustaquio.com.br\/wp-content\/uploads\/2019\/08\/marca.png","contentUrl":"https:\/\/www.padreeustaquio.com.br\/wp-content\/uploads\/2019\/08\/marca.png","width":350,"height":400,"caption":"Padre Eust\u00e1quio"},"image":{"@id":"https:\/\/www.padreeustaquio.com.br\/#\/schema\/logo\/image\/"},"sameAs":["https:\/\/www.facebook.com\/beatopadreeustaquio\/","https:\/\/x.com\/beatopeustaquio","https:\/\/www.instagram.com\/beatopadreeustaquio\/","https:\/\/www.youtube.com\/channel\/UCRhw7vfabnajwLxb1ZXMeIw"]},{"@type":"Person","@id":"https:\/\/www.padreeustaquio.com.br\/#\/schema\/person\/a2a51db1d00f1a7af0204a0f1ddb1566","name":"@sscc","image":{"@type":"ImageObject","inLanguage":"en-US","@id":"https:\/\/secure.gravatar.com\/avatar\/68cfafa5f44617fea54071e215026e0ff06be366c3d54a8425f04fdcb86f8c5f?s=96&d=mm&r=g","url":"https:\/\/secure.gravatar.com\/avatar\/68cfafa5f44617fea54071e215026e0ff06be366c3d54a8425f04fdcb86f8c5f?s=96&d=mm&r=g","contentUrl":"https:\/\/secure.gravatar.com\/avatar\/68cfafa5f44617fea54071e215026e0ff06be366c3d54a8425f04fdcb86f8c5f?s=96&d=mm&r=g","caption":"@sscc"},"url":"https:\/\/www.padreeustaquio.com.br\/en\/author\/sscc\/"}]}},"_links":{"self":[{"href":"https:\/\/www.padreeustaquio.com.br\/en\/wp-json\/wp\/v2\/posts\/11358","targetHints":{"allow":["GET"]}}],"collection":[{"href":"https:\/\/www.padreeustaquio.com.br\/en\/wp-json\/wp\/v2\/posts"}],"about":[{"href":"https:\/\/www.padreeustaquio.com.br\/en\/wp-json\/wp\/v2\/types\/post"}],"author":[{"embeddable":true,"href":"https:\/\/www.padreeustaquio.com.br\/en\/wp-json\/wp\/v2\/users\/2"}],"replies":[{"embeddable":true,"href":"https:\/\/www.padreeustaquio.com.br\/en\/wp-json\/wp\/v2\/comments?post=11358"}],"version-history":[{"count":0,"href":"https:\/\/www.padreeustaquio.com.br\/en\/wp-json\/wp\/v2\/posts\/11358\/revisions"}],"wp:featuredmedia":[{"embeddable":true,"href":"https:\/\/www.padreeustaquio.com.br\/en\/wp-json\/wp\/v2\/media\/11359"}],"wp:attachment":[{"href":"https:\/\/www.padreeustaquio.com.br\/en\/wp-json\/wp\/v2\/media?parent=11358"}],"wp:term":[{"taxonomy":"category","embeddable":true,"href":"https:\/\/www.padreeustaquio.com.br\/en\/wp-json\/wp\/v2\/categories?post=11358"},{"taxonomy":"post_tag","embeddable":true,"href":"https:\/\/www.padreeustaquio.com.br\/en\/wp-json\/wp\/v2\/tags?post=11358"}],"curies":[{"name":"wp","href":"https:\/\/api.w.org\/{rel}","templated":true}]}}