{"id":11345,"date":"2024-06-03T14:31:25","date_gmt":"2024-06-03T17:31:25","guid":{"rendered":"https:\/\/www.padreeustaquio.com.br\/?p=11345"},"modified":"2024-06-07T10:43:31","modified_gmt":"2024-06-07T13:43:31","slug":"relic-of-blessed-father-eustace-arrives-in-estrela-do-sul-mg","status":"publish","type":"post","link":"https:\/\/www.padreeustaquio.com.br\/en\/relic-of-blessed-father-eustace-arrives-in-estrela-do-sul-mg\/","title":{"rendered":"Relic of Blessed Father Eust\u00e1quio arrives in Estrela do Sul-MG"},"content":{"rendered":"<p>Last Friday, May 31st, the municipality of Estrela do Sul fervently celebrated the arrival of the relic of Blessed Father Eust\u00e1quio, in a ceremony marked by faith and devotion.<\/p>\n<p>This fragment of the bone from the Blessed&#039;s right hand, kindly donated by the vice-postulator, Fr. Vinicius Maciel, sscc, will remain in the parish church of Estrela do Sul, where, almost a century ago, the Blessed arrived to begin his missionary work in the region, in 1925.<\/p>\n<p>The relic was presented to the community in a beautiful celebration presided over by Dom Paulo Francisco Machado, Bishop of Uberl\u00e2ndia, with the presence of the parish priest of Nossa Senhora M\u00e3e dos Homens Parish in Estrela, Father William Garcia. It was transported by businessman Andr\u00e9 Faleiros, a great devotee of Father Eust\u00e1quio. On the occasion, the mayor of Estrela do Sul, Dayse Galante, also attended the arrival of the relic and the Eucharistic Celebration at the main church.<\/p>\n<p>The permanent presence of the relic in the main church is a gift for the faithful, who can receive the blessings of health and peace associated with the blessed hands of the Blessed One whenever they visit the place. This historic event, which took place on a day dedicated to Our Lady Mother of Men, further strengthens the spiritual bonds of the Estrela do Sul community and highlights the importance of faith in daily life.<\/p>\n\n\t\t<style type=\"text\/css\">\n\t\t\t#gallery-1 {\n\t\t\t\tmargin: auto;\n\t\t\t}\n\t\t\t#gallery-1 .gallery-item {\n\t\t\t\tfloat: left;\n\t\t\t\tmargin-top: 10px;\n\t\t\t\ttext-align: center;\n\t\t\t\twidth: 33%;\n\t\t\t}\n\t\t\t#gallery-1 img {\n\t\t\t\tborder: 2px solid #cfcfcf;\n\t\t\t}\n\t\t\t#gallery-1 .gallery-caption {\n\t\t\t\tmargin-left: 0;\n\t\t\t}\n\t\t\t\/* see gallery_shortcode() in wp-includes\/media.php *\/\n\t\t<\/style>\n\t\t<div id='gallery-1' class='gallery galleryid-11345 gallery-columns-3 gallery-size-thumbnail'><dl class='gallery-item'>\n\t\t\t<dt class='gallery-icon portrait'>\n\t\t\t\t<a href='https:\/\/www.padreeustaquio.com.br\/en\/relic-of-blessed-father-eustace-arrives-in-estrela-do-sul-mg\/reliquia-estrela-do-sul-1\/'><img decoding=\"async\" width=\"150\" height=\"150\" src=\"https:\/\/www.padreeustaquio.com.br\/wp-content\/uploads\/2024\/06\/Reliquia-Estrela-do-Sul-1-150x150.jpeg\" class=\"attachment-thumbnail size-thumbnail\" alt=\"\" srcset=\"https:\/\/www.padreeustaquio.com.br\/wp-content\/uploads\/2024\/06\/Reliquia-Estrela-do-Sul-1-150x150.jpeg 150w, https:\/\/www.padreeustaquio.com.br\/wp-content\/uploads\/2024\/06\/Reliquia-Estrela-do-Sul-1-75x75.jpeg 75w, https:\/\/www.padreeustaquio.com.br\/wp-content\/uploads\/2024\/06\/Reliquia-Estrela-do-Sul-1-180x180.jpeg 180w, https:\/\/www.padreeustaquio.com.br\/wp-content\/uploads\/2024\/06\/Reliquia-Estrela-do-Sul-1-400x400.jpeg 400w, https:\/\/www.padreeustaquio.com.br\/wp-content\/uploads\/2024\/06\/Reliquia-Estrela-do-Sul-1-600x600.jpeg 600w, https:\/\/www.padreeustaquio.com.br\/wp-content\/uploads\/2024\/06\/Reliquia-Estrela-do-Sul-1-1200x1200.jpeg 1200w\" sizes=\"(max-width: 150px) 100vw, 150px\" \/><\/a>\n\t\t\t<\/dt><\/dl><dl class='gallery-item'>\n\t\t\t<dt class='gallery-icon portrait'>\n\t\t\t\t<a href='https:\/\/www.padreeustaquio.com.br\/en\/relic-of-blessed-father-eustace-arrives-in-estrela-do-sul-mg\/reliquia-estrela-do-sul-2\/'><img decoding=\"async\" width=\"150\" height=\"150\" src=\"https:\/\/www.padreeustaquio.com.br\/wp-content\/uploads\/2024\/06\/Reliquia-Estrela-do-Sul-2-150x150.jpeg\" class=\"attachment-thumbnail size-thumbnail\" alt=\"\" srcset=\"https:\/\/www.padreeustaquio.com.br\/wp-content\/uploads\/2024\/06\/Reliquia-Estrela-do-Sul-2-150x150.jpeg 150w, https:\/\/www.padreeustaquio.com.br\/wp-content\/uploads\/2024\/06\/Reliquia-Estrela-do-Sul-2-75x75.jpeg 75w, https:\/\/www.padreeustaquio.com.br\/wp-content\/uploads\/2024\/06\/Reliquia-Estrela-do-Sul-2-180x180.jpeg 180w, https:\/\/www.padreeustaquio.com.br\/wp-content\/uploads\/2024\/06\/Reliquia-Estrela-do-Sul-2-400x400.jpeg 400w, https:\/\/www.padreeustaquio.com.br\/wp-content\/uploads\/2024\/06\/Reliquia-Estrela-do-Sul-2-600x600.jpeg 600w, https:\/\/www.padreeustaquio.com.br\/wp-content\/uploads\/2024\/06\/Reliquia-Estrela-do-Sul-2-1200x1200.jpeg 1200w\" sizes=\"(max-width: 150px) 100vw, 150px\" \/><\/a>\n\t\t\t<\/dt><\/dl><dl class='gallery-item'>\n\t\t\t<dt class='gallery-icon portrait'>\n\t\t\t\t<a href='https:\/\/www.padreeustaquio.com.br\/en\/relic-of-blessed-father-eustace-arrives-in-estrela-do-sul-mg\/reliquia-estrela-do-sul-3\/'><img decoding=\"async\" width=\"150\" height=\"150\" src=\"https:\/\/www.padreeustaquio.com.br\/wp-content\/uploads\/2024\/06\/Reliquia-Estrela-do-Sul-3-150x150.jpeg\" class=\"attachment-thumbnail size-thumbnail\" alt=\"\" srcset=\"https:\/\/www.padreeustaquio.com.br\/wp-content\/uploads\/2024\/06\/Reliquia-Estrela-do-Sul-3-150x150.jpeg 150w, https:\/\/www.padreeustaquio.com.br\/wp-content\/uploads\/2024\/06\/Reliquia-Estrela-do-Sul-3-75x75.jpeg 75w, https:\/\/www.padreeustaquio.com.br\/wp-content\/uploads\/2024\/06\/Reliquia-Estrela-do-Sul-3-180x180.jpeg 180w, https:\/\/www.padreeustaquio.com.br\/wp-content\/uploads\/2024\/06\/Reliquia-Estrela-do-Sul-3-400x400.jpeg 400w, https:\/\/www.padreeustaquio.com.br\/wp-content\/uploads\/2024\/06\/Reliquia-Estrela-do-Sul-3-600x600.jpeg 600w, https:\/\/www.padreeustaquio.com.br\/wp-content\/uploads\/2024\/06\/Reliquia-Estrela-do-Sul-3-1200x1200.jpeg 1200w\" sizes=\"(max-width: 150px) 100vw, 150px\" \/><\/a>\n\t\t\t<\/dt><\/dl><br style=\"clear: both\" \/><dl class='gallery-item'>\n\t\t\t<dt class='gallery-icon portrait'>\n\t\t\t\t<a href='https:\/\/www.padreeustaquio.com.br\/en\/relic-of-blessed-father-eustace-arrives-in-estrela-do-sul-mg\/reliquia-estrela-do-sul-6\/'><img loading=\"lazy\" decoding=\"async\" width=\"150\" height=\"150\" src=\"https:\/\/www.padreeustaquio.com.br\/wp-content\/uploads\/2024\/06\/Reliquia-Estrela-do-Sul-6-150x150.jpeg\" class=\"attachment-thumbnail size-thumbnail\" alt=\"\" srcset=\"https:\/\/www.padreeustaquio.com.br\/wp-content\/uploads\/2024\/06\/Reliquia-Estrela-do-Sul-6-150x150.jpeg 150w, https:\/\/www.padreeustaquio.com.br\/wp-content\/uploads\/2024\/06\/Reliquia-Estrela-do-Sul-6-75x75.jpeg 75w, https:\/\/www.padreeustaquio.com.br\/wp-content\/uploads\/2024\/06\/Reliquia-Estrela-do-Sul-6-180x180.jpeg 180w, https:\/\/www.padreeustaquio.com.br\/wp-content\/uploads\/2024\/06\/Reliquia-Estrela-do-Sul-6-400x400.jpeg 400w, https:\/\/www.padreeustaquio.com.br\/wp-content\/uploads\/2024\/06\/Reliquia-Estrela-do-Sul-6-600x600.jpeg 600w, https:\/\/www.padreeustaquio.com.br\/wp-content\/uploads\/2024\/06\/Reliquia-Estrela-do-Sul-6-1200x1200.jpeg 1200w\" sizes=\"(max-width: 150px) 100vw, 150px\" \/><\/a>\n\t\t\t<\/dt><\/dl><dl class='gallery-item'>\n\t\t\t<dt class='gallery-icon portrait'>\n\t\t\t\t<a href='https:\/\/www.padreeustaquio.com.br\/en\/relic-of-blessed-father-eustace-arrives-in-estrela-do-sul-mg\/reliquia-estrela-do-sul-7\/'><img loading=\"lazy\" decoding=\"async\" width=\"150\" height=\"150\" src=\"https:\/\/www.padreeustaquio.com.br\/wp-content\/uploads\/2024\/06\/Reliquia-Estrela-do-Sul-7-150x150.jpeg\" class=\"attachment-thumbnail size-thumbnail\" alt=\"\" srcset=\"https:\/\/www.padreeustaquio.com.br\/wp-content\/uploads\/2024\/06\/Reliquia-Estrela-do-Sul-7-150x150.jpeg 150w, https:\/\/www.padreeustaquio.com.br\/wp-content\/uploads\/2024\/06\/Reliquia-Estrela-do-Sul-7-75x75.jpeg 75w, https:\/\/www.padreeustaquio.com.br\/wp-content\/uploads\/2024\/06\/Reliquia-Estrela-do-Sul-7-180x180.jpeg 180w, https:\/\/www.padreeustaquio.com.br\/wp-content\/uploads\/2024\/06\/Reliquia-Estrela-do-Sul-7-400x400.jpeg 400w, https:\/\/www.padreeustaquio.com.br\/wp-content\/uploads\/2024\/06\/Reliquia-Estrela-do-Sul-7-600x600.jpeg 600w, https:\/\/www.padreeustaquio.com.br\/wp-content\/uploads\/2024\/06\/Reliquia-Estrela-do-Sul-7-1200x1200.jpeg 1200w\" sizes=\"(max-width: 150px) 100vw, 150px\" \/><\/a>\n\t\t\t<\/dt><\/dl><dl class='gallery-item'>\n\t\t\t<dt class='gallery-icon portrait'>\n\t\t\t\t<a href='https:\/\/www.padreeustaquio.com.br\/en\/relic-of-blessed-father-eustace-arrives-in-estrela-do-sul-mg\/reliquia-estrela-do-sul-8\/'><img loading=\"lazy\" decoding=\"async\" width=\"150\" height=\"150\" src=\"https:\/\/www.padreeustaquio.com.br\/wp-content\/uploads\/2024\/06\/Reliquia-Estrela-do-Sul-8-150x150.jpeg\" class=\"attachment-thumbnail size-thumbnail\" alt=\"\" srcset=\"https:\/\/www.padreeustaquio.com.br\/wp-content\/uploads\/2024\/06\/Reliquia-Estrela-do-Sul-8-150x150.jpeg 150w, https:\/\/www.padreeustaquio.com.br\/wp-content\/uploads\/2024\/06\/Reliquia-Estrela-do-Sul-8-75x75.jpeg 75w, https:\/\/www.padreeustaquio.com.br\/wp-content\/uploads\/2024\/06\/Reliquia-Estrela-do-Sul-8-180x180.jpeg 180w, https:\/\/www.padreeustaquio.com.br\/wp-content\/uploads\/2024\/06\/Reliquia-Estrela-do-Sul-8-400x400.jpeg 400w, https:\/\/www.padreeustaquio.com.br\/wp-content\/uploads\/2024\/06\/Reliquia-Estrela-do-Sul-8-600x600.jpeg 600w, https:\/\/www.padreeustaquio.com.br\/wp-content\/uploads\/2024\/06\/Reliquia-Estrela-do-Sul-8-1200x1200.jpeg 1200w\" sizes=\"(max-width: 150px) 100vw, 150px\" \/><\/a>\n\t\t\t<\/dt><\/dl><br style=\"clear: both\" \/><dl class='gallery-item'>\n\t\t\t<dt class='gallery-icon portrait'>\n\t\t\t\t<a href='https:\/\/www.padreeustaquio.com.br\/en\/relic-of-blessed-father-eustace-arrives-in-estrela-do-sul-mg\/reliquia-estrela-do-sul-9\/'><img loading=\"lazy\" decoding=\"async\" width=\"150\" height=\"150\" src=\"https:\/\/www.padreeustaquio.com.br\/wp-content\/uploads\/2024\/06\/Reliquia-Estrela-do-Sul-9-150x150.jpeg\" class=\"attachment-thumbnail size-thumbnail\" alt=\"\" srcset=\"https:\/\/www.padreeustaquio.com.br\/wp-content\/uploads\/2024\/06\/Reliquia-Estrela-do-Sul-9-150x150.jpeg 150w, https:\/\/www.padreeustaquio.com.br\/wp-content\/uploads\/2024\/06\/Reliquia-Estrela-do-Sul-9-75x75.jpeg 75w, https:\/\/www.padreeustaquio.com.br\/wp-content\/uploads\/2024\/06\/Reliquia-Estrela-do-Sul-9-180x180.jpeg 180w, https:\/\/www.padreeustaquio.com.br\/wp-content\/uploads\/2024\/06\/Reliquia-Estrela-do-Sul-9-400x400.jpeg 400w, https:\/\/www.padreeustaquio.com.br\/wp-content\/uploads\/2024\/06\/Reliquia-Estrela-do-Sul-9-600x600.jpeg 600w, https:\/\/www.padreeustaquio.com.br\/wp-content\/uploads\/2024\/06\/Reliquia-Estrela-do-Sul-9-1200x1200.jpeg 1200w\" sizes=\"(max-width: 150px) 100vw, 150px\" \/><\/a>\n\t\t\t<\/dt><\/dl><dl class='gallery-item'>\n\t\t\t<dt class='gallery-icon portrait'>\n\t\t\t\t<a href='https:\/\/www.padreeustaquio.com.br\/en\/relic-of-blessed-father-eustace-arrives-in-estrela-do-sul-mg\/reliquia-estrela-do-sul-4\/'><img loading=\"lazy\" decoding=\"async\" width=\"150\" height=\"150\" src=\"https:\/\/www.padreeustaquio.com.br\/wp-content\/uploads\/2024\/06\/Reliquia-Estrela-do-Sul-4-150x150.jpeg\" class=\"attachment-thumbnail size-thumbnail\" alt=\"\" srcset=\"https:\/\/www.padreeustaquio.com.br\/wp-content\/uploads\/2024\/06\/Reliquia-Estrela-do-Sul-4-150x150.jpeg 150w, https:\/\/www.padreeustaquio.com.br\/wp-content\/uploads\/2024\/06\/Reliquia-Estrela-do-Sul-4-75x75.jpeg 75w, https:\/\/www.padreeustaquio.com.br\/wp-content\/uploads\/2024\/06\/Reliquia-Estrela-do-Sul-4-180x180.jpeg 180w, https:\/\/www.padreeustaquio.com.br\/wp-content\/uploads\/2024\/06\/Reliquia-Estrela-do-Sul-4-400x400.jpeg 400w, https:\/\/www.padreeustaquio.com.br\/wp-content\/uploads\/2024\/06\/Reliquia-Estrela-do-Sul-4-600x600.jpeg 600w, https:\/\/www.padreeustaquio.com.br\/wp-content\/uploads\/2024\/06\/Reliquia-Estrela-do-Sul-4-1200x1200.jpeg 1200w\" sizes=\"(max-width: 150px) 100vw, 150px\" \/><\/a>\n\t\t\t<\/dt><\/dl><dl class='gallery-item'>\n\t\t\t<dt class='gallery-icon portrait'>\n\t\t\t\t<a href='https:\/\/www.padreeustaquio.com.br\/en\/relic-of-blessed-father-eustace-arrives-in-estrela-do-sul-mg\/reliquia-estrela-do-sul-5\/'><img loading=\"lazy\" decoding=\"async\" width=\"150\" height=\"150\" src=\"https:\/\/www.padreeustaquio.com.br\/wp-content\/uploads\/2024\/06\/Reliquia-Estrela-do-Sul-5-150x150.jpeg\" class=\"attachment-thumbnail size-thumbnail\" alt=\"\" srcset=\"https:\/\/www.padreeustaquio.com.br\/wp-content\/uploads\/2024\/06\/Reliquia-Estrela-do-Sul-5-150x150.jpeg 150w, https:\/\/www.padreeustaquio.com.br\/wp-content\/uploads\/2024\/06\/Reliquia-Estrela-do-Sul-5-75x75.jpeg 75w, https:\/\/www.padreeustaquio.com.br\/wp-content\/uploads\/2024\/06\/Reliquia-Estrela-do-Sul-5-180x180.jpeg 180w, https:\/\/www.padreeustaquio.com.br\/wp-content\/uploads\/2024\/06\/Reliquia-Estrela-do-Sul-5-400x400.jpeg 400w, https:\/\/www.padreeustaquio.com.br\/wp-content\/uploads\/2024\/06\/Reliquia-Estrela-do-Sul-5-600x600.jpeg 600w, https:\/\/www.padreeustaquio.com.br\/wp-content\/uploads\/2024\/06\/Reliquia-Estrela-do-Sul-5-1200x1200.jpeg 1200w\" sizes=\"(max-width: 150px) 100vw, 150px\" \/><\/a>\n\t\t\t<\/dt><\/dl><br style=\"clear: both\" \/>\n\t\t<\/div>","protected":false},"excerpt":{"rendered":"<p>Na \u00faltima sexta-feira, dia 31 de maio, o munic\u00edpio de Estrela do Sul celebrou com fervor a chegada da rel\u00edquia do Beato Padre Eust\u00e1quio, em uma cerim\u00f4nia marcada por f\u00e9 e devo\u00e7\u00e3o. Este fragmento do osso da m\u00e3o direita do Beato, gentilmente cedido pelo vice-postulador, Pe. Vinicius Maciel, sscc, ficar\u00e1 na igreja matriz de Estrela do Sul, onde, h\u00e1 quase um s\u00e9culo, o Beato chegou para iniciar seu trabalho mission\u00e1rio na regi\u00e3o, em 1925. A rel\u00edquia foi entregue \u00e0 comunidade numa linda celebra\u00e7\u00e3o presidida por Dom Paulo Francisco Machado, bispo de Uberl\u00e2ndia, com a presen\u00e7a do p\u00e1roco da Par\u00f3quia Nossa [&hellip;]<\/p>\n","protected":false},"author":2,"featured_media":11355,"comment_status":"open","ping_status":"closed","sticky":false,"template":"","format":"standard","meta":{"_acf_changed":false,"footnotes":""},"categories":[611],"tags":[],"class_list":["post-11345","post","type-post","status-publish","format-standard","has-post-thumbnail","hentry","category-noticias"],"acf":[],"yoast_head":"<!-- This site is optimized with the Yoast SEO plugin v27.2 - https:\/\/yoast.com\/product\/yoast-seo-wordpress\/ -->\n<title>Rel\u00edquia do Beato Padre Eust\u00e1quio chega a Estrela do Sul-MG<\/title>\n<meta name=\"description\" content=\"Na \u00faltima sexta-feira, dia 31 de maio, o munic\u00edpio de Estrela do Sul celebrou com fervor a chegada da rel\u00edquia do Beato Padre Eust\u00e1quio, em uma cerim\u00f4nia marcada por f\u00e9 e devo\u00e7\u00e3o.\" \/>\n<meta name=\"robots\" content=\"index, follow, max-snippet:-1, max-image-preview:large, max-video-preview:-1\" \/>\n<link rel=\"canonical\" href=\"https:\/\/www.padreeustaquio.com.br\/en\/relic-of-blessed-father-eustace-arrives-in-estrela-do-sul-mg\/\" \/>\n<meta property=\"og:locale\" content=\"en_US\" \/>\n<meta property=\"og:type\" content=\"article\" \/>\n<meta property=\"og:title\" content=\"Rel\u00edquia do Beato Padre Eust\u00e1quio chega a Estrela do Sul-MG\" \/>\n<meta property=\"og:description\" content=\"Na \u00faltima sexta-feira, dia 31 de maio, o munic\u00edpio de Estrela do Sul celebrou com fervor a chegada da rel\u00edquia do Beato Padre Eust\u00e1quio, em uma cerim\u00f4nia marcada por f\u00e9 e devo\u00e7\u00e3o.\" \/>\n<meta property=\"og:url\" content=\"https:\/\/www.padreeustaquio.com.br\/en\/relic-of-blessed-father-eustace-arrives-in-estrela-do-sul-mg\/\" \/>\n<meta property=\"og:site_name\" content=\"Padre Eust\u00e1quio\" \/>\n<meta property=\"article:publisher\" content=\"https:\/\/www.facebook.com\/beatopadreeustaquio\/\" \/>\n<meta property=\"article:published_time\" content=\"2024-06-03T17:31:25+00:00\" \/>\n<meta property=\"article:modified_time\" content=\"2024-06-07T13:43:31+00:00\" \/>\n<meta property=\"og:image\" content=\"https:\/\/www.padreeustaquio.com.br\/wp-content\/uploads\/2024\/06\/reliquia-em-Estrela-do-sul.jpg\" \/>\n\t<meta property=\"og:image:width\" content=\"748\" \/>\n\t<meta property=\"og:image:height\" content=\"394\" \/>\n\t<meta property=\"og:image:type\" content=\"image\/jpeg\" \/>\n<meta name=\"author\" content=\"@sscc\" \/>\n<meta name=\"twitter:card\" content=\"summary_large_image\" \/>\n<meta name=\"twitter:creator\" content=\"@beatopeustaquio\" \/>\n<meta name=\"twitter:site\" content=\"@beatopeustaquio\" \/>\n<meta name=\"twitter:label1\" content=\"Written by\" \/>\n\t<meta name=\"twitter:data1\" content=\"@sscc\" \/>\n\t<meta name=\"twitter:label2\" content=\"Est. reading time\" \/>\n\t<meta name=\"twitter:data2\" content=\"2 minutes\" \/>\n<script type=\"application\/ld+json\" class=\"yoast-schema-graph\">{\"@context\":\"https:\/\/schema.org\",\"@graph\":[{\"@type\":\"Article\",\"@id\":\"https:\/\/www.padreeustaquio.com.br\/reliquia-do-beato-padre-eustaquio-chega-a-estrela-do-sul-mg\/#article\",\"isPartOf\":{\"@id\":\"https:\/\/www.padreeustaquio.com.br\/reliquia-do-beato-padre-eustaquio-chega-a-estrela-do-sul-mg\/\"},\"author\":{\"name\":\"@sscc\",\"@id\":\"https:\/\/www.padreeustaquio.com.br\/#\/schema\/person\/a2a51db1d00f1a7af0204a0f1ddb1566\"},\"headline\":\"Rel\u00edquia do Beato Padre Eust\u00e1quio chega a Estrela do Sul-MG\",\"datePublished\":\"2024-06-03T17:31:25+00:00\",\"dateModified\":\"2024-06-07T13:43:31+00:00\",\"mainEntityOfPage\":{\"@id\":\"https:\/\/www.padreeustaquio.com.br\/reliquia-do-beato-padre-eustaquio-chega-a-estrela-do-sul-mg\/\"},\"wordCount\":260,\"commentCount\":0,\"publisher\":{\"@id\":\"https:\/\/www.padreeustaquio.com.br\/#organization\"},\"image\":{\"@id\":\"https:\/\/www.padreeustaquio.com.br\/reliquia-do-beato-padre-eustaquio-chega-a-estrela-do-sul-mg\/#primaryimage\"},\"thumbnailUrl\":\"https:\/\/www.padreeustaquio.com.br\/wp-content\/uploads\/2024\/06\/reliquia-em-Estrela-do-sul.jpg\",\"articleSection\":[\"Not\u00edcias\"],\"inLanguage\":\"en-US\",\"potentialAction\":[{\"@type\":\"CommentAction\",\"name\":\"Comment\",\"target\":[\"https:\/\/www.padreeustaquio.com.br\/reliquia-do-beato-padre-eustaquio-chega-a-estrela-do-sul-mg\/#respond\"]}]},{\"@type\":\"WebPage\",\"@id\":\"https:\/\/www.padreeustaquio.com.br\/reliquia-do-beato-padre-eustaquio-chega-a-estrela-do-sul-mg\/\",\"url\":\"https:\/\/www.padreeustaquio.com.br\/reliquia-do-beato-padre-eustaquio-chega-a-estrela-do-sul-mg\/\",\"name\":\"Rel\u00edquia do Beato Padre Eust\u00e1quio chega a Estrela do Sul-MG\",\"isPartOf\":{\"@id\":\"https:\/\/www.padreeustaquio.com.br\/#website\"},\"primaryImageOfPage\":{\"@id\":\"https:\/\/www.padreeustaquio.com.br\/reliquia-do-beato-padre-eustaquio-chega-a-estrela-do-sul-mg\/#primaryimage\"},\"image\":{\"@id\":\"https:\/\/www.padreeustaquio.com.br\/reliquia-do-beato-padre-eustaquio-chega-a-estrela-do-sul-mg\/#primaryimage\"},\"thumbnailUrl\":\"https:\/\/www.padreeustaquio.com.br\/wp-content\/uploads\/2024\/06\/reliquia-em-Estrela-do-sul.jpg\",\"datePublished\":\"2024-06-03T17:31:25+00:00\",\"dateModified\":\"2024-06-07T13:43:31+00:00\",\"description\":\"Na \u00faltima sexta-feira, dia 31 de maio, o munic\u00edpio de Estrela do Sul celebrou com fervor a chegada da rel\u00edquia do Beato Padre Eust\u00e1quio, em uma cerim\u00f4nia marcada por f\u00e9 e devo\u00e7\u00e3o.\",\"breadcrumb\":{\"@id\":\"https:\/\/www.padreeustaquio.com.br\/reliquia-do-beato-padre-eustaquio-chega-a-estrela-do-sul-mg\/#breadcrumb\"},\"inLanguage\":\"en-US\",\"potentialAction\":[{\"@type\":\"ReadAction\",\"target\":[\"https:\/\/www.padreeustaquio.com.br\/reliquia-do-beato-padre-eustaquio-chega-a-estrela-do-sul-mg\/\"]}]},{\"@type\":\"ImageObject\",\"inLanguage\":\"en-US\",\"@id\":\"https:\/\/www.padreeustaquio.com.br\/reliquia-do-beato-padre-eustaquio-chega-a-estrela-do-sul-mg\/#primaryimage\",\"url\":\"https:\/\/www.padreeustaquio.com.br\/wp-content\/uploads\/2024\/06\/reliquia-em-Estrela-do-sul.jpg\",\"contentUrl\":\"https:\/\/www.padreeustaquio.com.br\/wp-content\/uploads\/2024\/06\/reliquia-em-Estrela-do-sul.jpg\",\"width\":748,\"height\":394},{\"@type\":\"BreadcrumbList\",\"@id\":\"https:\/\/www.padreeustaquio.com.br\/reliquia-do-beato-padre-eustaquio-chega-a-estrela-do-sul-mg\/#breadcrumb\",\"itemListElement\":[{\"@type\":\"ListItem\",\"position\":1,\"name\":\"In\u00edcio\",\"item\":\"https:\/\/www.padreeustaquio.com.br\/\"},{\"@type\":\"ListItem\",\"position\":2,\"name\":\"Rel\u00edquia do Beato Padre Eust\u00e1quio chega a Estrela do Sul-MG\"}]},{\"@type\":\"WebSite\",\"@id\":\"https:\/\/www.padreeustaquio.com.br\/#website\",\"url\":\"https:\/\/www.padreeustaquio.com.br\/\",\"name\":\"Padre Eust\u00e1quio\",\"description\":\"Sa\u00fade e Paz\",\"publisher\":{\"@id\":\"https:\/\/www.padreeustaquio.com.br\/#organization\"},\"potentialAction\":[{\"@type\":\"SearchAction\",\"target\":{\"@type\":\"EntryPoint\",\"urlTemplate\":\"https:\/\/www.padreeustaquio.com.br\/?s={search_term_string}\"},\"query-input\":{\"@type\":\"PropertyValueSpecification\",\"valueRequired\":true,\"valueName\":\"search_term_string\"}}],\"inLanguage\":\"en-US\"},{\"@type\":\"Organization\",\"@id\":\"https:\/\/www.padreeustaquio.com.br\/#organization\",\"name\":\"Padre Eust\u00e1quio\",\"url\":\"https:\/\/www.padreeustaquio.com.br\/\",\"logo\":{\"@type\":\"ImageObject\",\"inLanguage\":\"en-US\",\"@id\":\"https:\/\/www.padreeustaquio.com.br\/#\/schema\/logo\/image\/\",\"url\":\"https:\/\/www.padreeustaquio.com.br\/wp-content\/uploads\/2019\/08\/marca.png\",\"contentUrl\":\"https:\/\/www.padreeustaquio.com.br\/wp-content\/uploads\/2019\/08\/marca.png\",\"width\":350,\"height\":400,\"caption\":\"Padre Eust\u00e1quio\"},\"image\":{\"@id\":\"https:\/\/www.padreeustaquio.com.br\/#\/schema\/logo\/image\/\"},\"sameAs\":[\"https:\/\/www.facebook.com\/beatopadreeustaquio\/\",\"https:\/\/x.com\/beatopeustaquio\",\"https:\/\/www.instagram.com\/beatopadreeustaquio\/\",\"https:\/\/www.youtube.com\/channel\/UCRhw7vfabnajwLxb1ZXMeIw\"]},{\"@type\":\"Person\",\"@id\":\"https:\/\/www.padreeustaquio.com.br\/#\/schema\/person\/a2a51db1d00f1a7af0204a0f1ddb1566\",\"name\":\"@sscc\",\"image\":{\"@type\":\"ImageObject\",\"inLanguage\":\"en-US\",\"@id\":\"https:\/\/secure.gravatar.com\/avatar\/68cfafa5f44617fea54071e215026e0ff06be366c3d54a8425f04fdcb86f8c5f?s=96&d=mm&r=g\",\"url\":\"https:\/\/secure.gravatar.com\/avatar\/68cfafa5f44617fea54071e215026e0ff06be366c3d54a8425f04fdcb86f8c5f?s=96&d=mm&r=g\",\"contentUrl\":\"https:\/\/secure.gravatar.com\/avatar\/68cfafa5f44617fea54071e215026e0ff06be366c3d54a8425f04fdcb86f8c5f?s=96&d=mm&r=g\",\"caption\":\"@sscc\"},\"url\":\"https:\/\/www.padreeustaquio.com.br\/en\/author\/sscc\/\"}]}<\/script>\n<!-- \/ Yoast SEO plugin. -->","yoast_head_json":{"title":"Relic of Blessed Father Eust\u00e1quio arrives in Estrela do Sul-MG","description":"Last Friday, May 31st, the municipality of Estrela do Sul fervently celebrated the arrival of the relic of Blessed Father Eust\u00e1quio, in a ceremony marked by faith and devotion.","robots":{"index":"index","follow":"follow","max-snippet":"max-snippet:-1","max-image-preview":"max-image-preview:large","max-video-preview":"max-video-preview:-1"},"canonical":"https:\/\/www.padreeustaquio.com.br\/en\/relic-of-blessed-father-eustace-arrives-in-estrela-do-sul-mg\/","og_locale":"en_US","og_type":"article","og_title":"Rel\u00edquia do Beato Padre Eust\u00e1quio chega a Estrela do Sul-MG","og_description":"Na \u00faltima sexta-feira, dia 31 de maio, o munic\u00edpio de Estrela do Sul celebrou com fervor a chegada da rel\u00edquia do Beato Padre Eust\u00e1quio, em uma cerim\u00f4nia marcada por f\u00e9 e devo\u00e7\u00e3o.","og_url":"https:\/\/www.padreeustaquio.com.br\/en\/relic-of-blessed-father-eustace-arrives-in-estrela-do-sul-mg\/","og_site_name":"Padre Eust\u00e1quio","article_publisher":"https:\/\/www.facebook.com\/beatopadreeustaquio\/","article_published_time":"2024-06-03T17:31:25+00:00","article_modified_time":"2024-06-07T13:43:31+00:00","og_image":[{"width":748,"height":394,"url":"https:\/\/www.padreeustaquio.com.br\/wp-content\/uploads\/2024\/06\/reliquia-em-Estrela-do-sul.jpg","type":"image\/jpeg"}],"author":"@sscc","twitter_card":"summary_large_image","twitter_creator":"@beatopeustaquio","twitter_site":"@beatopeustaquio","twitter_misc":{"Written by":"@sscc","Est. reading time":"2 minutes"},"schema":{"@context":"https:\/\/schema.org","@graph":[{"@type":"Article","@id":"https:\/\/www.padreeustaquio.com.br\/reliquia-do-beato-padre-eustaquio-chega-a-estrela-do-sul-mg\/#article","isPartOf":{"@id":"https:\/\/www.padreeustaquio.com.br\/reliquia-do-beato-padre-eustaquio-chega-a-estrela-do-sul-mg\/"},"author":{"name":"@sscc","@id":"https:\/\/www.padreeustaquio.com.br\/#\/schema\/person\/a2a51db1d00f1a7af0204a0f1ddb1566"},"headline":"Rel\u00edquia do Beato Padre Eust\u00e1quio chega a Estrela do Sul-MG","datePublished":"2024-06-03T17:31:25+00:00","dateModified":"2024-06-07T13:43:31+00:00","mainEntityOfPage":{"@id":"https:\/\/www.padreeustaquio.com.br\/reliquia-do-beato-padre-eustaquio-chega-a-estrela-do-sul-mg\/"},"wordCount":260,"commentCount":0,"publisher":{"@id":"https:\/\/www.padreeustaquio.com.br\/#organization"},"image":{"@id":"https:\/\/www.padreeustaquio.com.br\/reliquia-do-beato-padre-eustaquio-chega-a-estrela-do-sul-mg\/#primaryimage"},"thumbnailUrl":"https:\/\/www.padreeustaquio.com.br\/wp-content\/uploads\/2024\/06\/reliquia-em-Estrela-do-sul.jpg","articleSection":["Not\u00edcias"],"inLanguage":"en-US","potentialAction":[{"@type":"CommentAction","name":"Comment","target":["https:\/\/www.padreeustaquio.com.br\/reliquia-do-beato-padre-eustaquio-chega-a-estrela-do-sul-mg\/#respond"]}]},{"@type":"WebPage","@id":"https:\/\/www.padreeustaquio.com.br\/reliquia-do-beato-padre-eustaquio-chega-a-estrela-do-sul-mg\/","url":"https:\/\/www.padreeustaquio.com.br\/reliquia-do-beato-padre-eustaquio-chega-a-estrela-do-sul-mg\/","name":"Relic of Blessed Father Eust\u00e1quio arrives in Estrela do Sul-MG","isPartOf":{"@id":"https:\/\/www.padreeustaquio.com.br\/#website"},"primaryImageOfPage":{"@id":"https:\/\/www.padreeustaquio.com.br\/reliquia-do-beato-padre-eustaquio-chega-a-estrela-do-sul-mg\/#primaryimage"},"image":{"@id":"https:\/\/www.padreeustaquio.com.br\/reliquia-do-beato-padre-eustaquio-chega-a-estrela-do-sul-mg\/#primaryimage"},"thumbnailUrl":"https:\/\/www.padreeustaquio.com.br\/wp-content\/uploads\/2024\/06\/reliquia-em-Estrela-do-sul.jpg","datePublished":"2024-06-03T17:31:25+00:00","dateModified":"2024-06-07T13:43:31+00:00","description":"Last Friday, May 31st, the municipality of Estrela do Sul fervently celebrated the arrival of the relic of Blessed Father Eust\u00e1quio, in a ceremony marked by faith and devotion.","breadcrumb":{"@id":"https:\/\/www.padreeustaquio.com.br\/reliquia-do-beato-padre-eustaquio-chega-a-estrela-do-sul-mg\/#breadcrumb"},"inLanguage":"en-US","potentialAction":[{"@type":"ReadAction","target":["https:\/\/www.padreeustaquio.com.br\/reliquia-do-beato-padre-eustaquio-chega-a-estrela-do-sul-mg\/"]}]},{"@type":"ImageObject","inLanguage":"en-US","@id":"https:\/\/www.padreeustaquio.com.br\/reliquia-do-beato-padre-eustaquio-chega-a-estrela-do-sul-mg\/#primaryimage","url":"https:\/\/www.padreeustaquio.com.br\/wp-content\/uploads\/2024\/06\/reliquia-em-Estrela-do-sul.jpg","contentUrl":"https:\/\/www.padreeustaquio.com.br\/wp-content\/uploads\/2024\/06\/reliquia-em-Estrela-do-sul.jpg","width":748,"height":394},{"@type":"BreadcrumbList","@id":"https:\/\/www.padreeustaquio.com.br\/reliquia-do-beato-padre-eustaquio-chega-a-estrela-do-sul-mg\/#breadcrumb","itemListElement":[{"@type":"ListItem","position":1,"name":"In\u00edcio","item":"https:\/\/www.padreeustaquio.com.br\/"},{"@type":"ListItem","position":2,"name":"Rel\u00edquia do Beato Padre Eust\u00e1quio chega a Estrela do Sul-MG"}]},{"@type":"WebSite","@id":"https:\/\/www.padreeustaquio.com.br\/#website","url":"https:\/\/www.padreeustaquio.com.br\/","name":"FATHER EUST\u00c1QUIO","description":"Health and Peace","publisher":{"@id":"https:\/\/www.padreeustaquio.com.br\/#organization"},"potentialAction":[{"@type":"SearchAction","target":{"@type":"EntryPoint","urlTemplate":"https:\/\/www.padreeustaquio.com.br\/?s={search_term_string}"},"query-input":{"@type":"PropertyValueSpecification","valueRequired":true,"valueName":"search_term_string"}}],"inLanguage":"en-US"},{"@type":"Organization","@id":"https:\/\/www.padreeustaquio.com.br\/#organization","name":"FATHER EUST\u00c1QUIO","url":"https:\/\/www.padreeustaquio.com.br\/","logo":{"@type":"ImageObject","inLanguage":"en-US","@id":"https:\/\/www.padreeustaquio.com.br\/#\/schema\/logo\/image\/","url":"https:\/\/www.padreeustaquio.com.br\/wp-content\/uploads\/2019\/08\/marca.png","contentUrl":"https:\/\/www.padreeustaquio.com.br\/wp-content\/uploads\/2019\/08\/marca.png","width":350,"height":400,"caption":"Padre Eust\u00e1quio"},"image":{"@id":"https:\/\/www.padreeustaquio.com.br\/#\/schema\/logo\/image\/"},"sameAs":["https:\/\/www.facebook.com\/beatopadreeustaquio\/","https:\/\/x.com\/beatopeustaquio","https:\/\/www.instagram.com\/beatopadreeustaquio\/","https:\/\/www.youtube.com\/channel\/UCRhw7vfabnajwLxb1ZXMeIw"]},{"@type":"Person","@id":"https:\/\/www.padreeustaquio.com.br\/#\/schema\/person\/a2a51db1d00f1a7af0204a0f1ddb1566","name":"@sscc","image":{"@type":"ImageObject","inLanguage":"en-US","@id":"https:\/\/secure.gravatar.com\/avatar\/68cfafa5f44617fea54071e215026e0ff06be366c3d54a8425f04fdcb86f8c5f?s=96&d=mm&r=g","url":"https:\/\/secure.gravatar.com\/avatar\/68cfafa5f44617fea54071e215026e0ff06be366c3d54a8425f04fdcb86f8c5f?s=96&d=mm&r=g","contentUrl":"https:\/\/secure.gravatar.com\/avatar\/68cfafa5f44617fea54071e215026e0ff06be366c3d54a8425f04fdcb86f8c5f?s=96&d=mm&r=g","caption":"@sscc"},"url":"https:\/\/www.padreeustaquio.com.br\/en\/author\/sscc\/"}]}},"_links":{"self":[{"href":"https:\/\/www.padreeustaquio.com.br\/en\/wp-json\/wp\/v2\/posts\/11345","targetHints":{"allow":["GET"]}}],"collection":[{"href":"https:\/\/www.padreeustaquio.com.br\/en\/wp-json\/wp\/v2\/posts"}],"about":[{"href":"https:\/\/www.padreeustaquio.com.br\/en\/wp-json\/wp\/v2\/types\/post"}],"author":[{"embeddable":true,"href":"https:\/\/www.padreeustaquio.com.br\/en\/wp-json\/wp\/v2\/users\/2"}],"replies":[{"embeddable":true,"href":"https:\/\/www.padreeustaquio.com.br\/en\/wp-json\/wp\/v2\/comments?post=11345"}],"version-history":[{"count":0,"href":"https:\/\/www.padreeustaquio.com.br\/en\/wp-json\/wp\/v2\/posts\/11345\/revisions"}],"wp:featuredmedia":[{"embeddable":true,"href":"https:\/\/www.padreeustaquio.com.br\/en\/wp-json\/wp\/v2\/media\/11355"}],"wp:attachment":[{"href":"https:\/\/www.padreeustaquio.com.br\/en\/wp-json\/wp\/v2\/media?parent=11345"}],"wp:term":[{"taxonomy":"category","embeddable":true,"href":"https:\/\/www.padreeustaquio.com.br\/en\/wp-json\/wp\/v2\/categories?post=11345"},{"taxonomy":"post_tag","embeddable":true,"href":"https:\/\/www.padreeustaquio.com.br\/en\/wp-json\/wp\/v2\/tags?post=11345"}],"curies":[{"name":"wp","href":"https:\/\/api.w.org\/{rel}","templated":true}]}}