{"id":11331,"date":"2024-05-31T06:57:34","date_gmt":"2024-05-31T09:57:34","guid":{"rendered":"https:\/\/www.padreeustaquio.com.br\/?p=11331"},"modified":"2024-05-29T18:13:40","modified_gmt":"2024-05-29T21:13:40","slug":"a-whole-month-dedicated-to-the-virgin-mary","status":"publish","type":"post","link":"https:\/\/www.padreeustaquio.com.br\/en\/a-whole-month-dedicated-to-the-virgin-mary\/","title":{"rendered":"A whole month dedicated to the Virgin Mary."},"content":{"rendered":"<p>The tradition of having a month dedicated to Mary arose around the 12th century. It was a time when the protection of Mother Mary was sought for the needs of the Church of her Son. For this reason, Our Lady is known as the Mother of the Church, as she constantly intercedes for the needs of her beloved people. This May, we highlight two important dates linked to Our Lady: May 13th, the day of Our Lady of Fatima, and May 24th, the day of Our Lady Help of Christians.<\/p>\n<p>On the second Sunday of May, we also remember Mother&#039;s Day. A special moment to thank God for all mothers. Thanks to Mary&#039;s &quot;YES,&quot; the Savior was born to us.<\/p>\n<p>Mary was chosen by God from among all women. She is like the moon that reflects all the beauty of the sun, which is Jesus. Mary is the Mother of Beautiful Love and is greatly loved by the Christian people and by many non-Christians. She possesses the most refined art of loving: the art of loving like Jesus, because He is Love. Saint Paulina learned from her how to make Jesus known, loved, and adored throughout the world. Saint Th\u00e9r\u00e8se of Lisieux, enlightened by the Son of Mary, affirmed: <em>\u201c&quot;In the heart of the Church, I will be love.&quot;. <\/em>And Pope Francis declared:<em> \u201c&quot;Mary, Mother who accompanies us on life&#039;s journey, is the one who had the courage to give her life to God&#039;s dream.&quot;.<\/em><\/p>\n<p>In one of the texts left by Father Eust\u00e1quio, he says: <em>\u201cIn truth, Our Lady is my mother, your mother, our dear mother. Mother of humankind. With the help of this mother, let us meditate on the destiny of humanity, on the end of man. Consider that you are not in the world by chance: some purpose has been set for you. This purpose is the glory of God. We were created to know Him, to love Him, to serve Him.\u201d<\/em><\/p>\n<p>May this month of May allow us to turn more to Mary, our Heavenly Mother, and learn from her how to love and serve Jesus in our lives.<\/p>","protected":false},"excerpt":{"rendered":"<p>A a tradi\u00e7\u00e3o de ter um m\u00eas dedicado a Maria surgiu por volta do s\u00e9culo XII. Era uma \u00e9poca em que a prote\u00e7\u00e3o da M\u00e3e Maria era solicitada para as necessidades da Igreja de seu Filho. Por essa raz\u00e3o, Nossa Senhora \u00e9 conhecida como M\u00e3e da Igreja, pois intercede constantemente pelas necessidades de seu povo amado. Neste m\u00eas de maio, destacamos duas datas importante ligadas \u00e0 Nossa Senhora, 13 de maio, dia de Nossa Senhora de F\u00e1tima, e 24, de Nossa Senhora Auxiliadora. No segundo domingo de maio, tamb\u00e9m recordamos o Dia das M\u00e3es. Um momento especial para agradecermos a [&hellip;]<\/p>\n","protected":false},"author":2,"featured_media":11332,"comment_status":"open","ping_status":"closed","sticky":false,"template":"","format":"standard","meta":{"_acf_changed":false,"footnotes":""},"categories":[611],"tags":[],"class_list":["post-11331","post","type-post","status-publish","format-standard","has-post-thumbnail","hentry","category-noticias"],"acf":[],"yoast_head":"<!-- This site is optimized with the Yoast SEO plugin v27.2 - https:\/\/yoast.com\/product\/yoast-seo-wordpress\/ -->\n<title>Um m\u00eas todo dedicado \u00e0 Virgem Maria<\/title>\n<meta name=\"description\" content=\"A a tradi\u00e7\u00e3o de ter um m\u00eas dedicado a Maria surgiu por volta do s\u00e9culo XII. Era uma \u00e9poca em que a prote\u00e7\u00e3o da M\u00e3e Maria era solicitada para as necessidades da Igreja de seu Filho.\" \/>\n<meta name=\"robots\" content=\"index, follow, max-snippet:-1, max-image-preview:large, max-video-preview:-1\" \/>\n<link rel=\"canonical\" href=\"https:\/\/www.padreeustaquio.com.br\/en\/a-whole-month-dedicated-to-the-virgin-mary\/\" \/>\n<meta property=\"og:locale\" content=\"en_US\" \/>\n<meta property=\"og:type\" content=\"article\" \/>\n<meta property=\"og:title\" content=\"Um m\u00eas todo dedicado \u00e0 Virgem Maria\" \/>\n<meta property=\"og:description\" content=\"A a tradi\u00e7\u00e3o de ter um m\u00eas dedicado a Maria surgiu por volta do s\u00e9culo XII. Era uma \u00e9poca em que a prote\u00e7\u00e3o da M\u00e3e Maria era solicitada para as necessidades da Igreja de seu Filho.\" \/>\n<meta property=\"og:url\" content=\"https:\/\/www.padreeustaquio.com.br\/en\/a-whole-month-dedicated-to-the-virgin-mary\/\" \/>\n<meta property=\"og:site_name\" content=\"Padre Eust\u00e1quio\" \/>\n<meta property=\"article:publisher\" content=\"https:\/\/www.facebook.com\/beatopadreeustaquio\/\" \/>\n<meta property=\"article:published_time\" content=\"2024-05-31T09:57:34+00:00\" \/>\n<meta property=\"og:image\" content=\"https:\/\/www.padreeustaquio.com.br\/wp-content\/uploads\/2024\/05\/nossa-senhora-da-conceicao.jpeg\" \/>\n\t<meta property=\"og:image:width\" content=\"1600\" \/>\n\t<meta property=\"og:image:height\" content=\"1135\" \/>\n\t<meta property=\"og:image:type\" content=\"image\/jpeg\" \/>\n<meta name=\"author\" content=\"@sscc\" \/>\n<meta name=\"twitter:card\" content=\"summary_large_image\" \/>\n<meta name=\"twitter:creator\" content=\"@beatopeustaquio\" \/>\n<meta name=\"twitter:site\" content=\"@beatopeustaquio\" \/>\n<meta name=\"twitter:label1\" content=\"Written by\" \/>\n\t<meta name=\"twitter:data1\" content=\"@sscc\" \/>\n\t<meta name=\"twitter:label2\" content=\"Est. reading time\" \/>\n\t<meta name=\"twitter:data2\" content=\"3 minutes\" \/>\n<script type=\"application\/ld+json\" class=\"yoast-schema-graph\">{\"@context\":\"https:\/\/schema.org\",\"@graph\":[{\"@type\":\"Article\",\"@id\":\"https:\/\/www.padreeustaquio.com.br\/um-mes-todo-dedicado-a-virgem-maria\/#article\",\"isPartOf\":{\"@id\":\"https:\/\/www.padreeustaquio.com.br\/um-mes-todo-dedicado-a-virgem-maria\/\"},\"author\":{\"name\":\"@sscc\",\"@id\":\"https:\/\/www.padreeustaquio.com.br\/#\/schema\/person\/a2a51db1d00f1a7af0204a0f1ddb1566\"},\"headline\":\"Um m\u00eas todo dedicado \u00e0 Virgem Maria\",\"datePublished\":\"2024-05-31T09:57:34+00:00\",\"mainEntityOfPage\":{\"@id\":\"https:\/\/www.padreeustaquio.com.br\/um-mes-todo-dedicado-a-virgem-maria\/\"},\"wordCount\":359,\"commentCount\":0,\"publisher\":{\"@id\":\"https:\/\/www.padreeustaquio.com.br\/#organization\"},\"image\":{\"@id\":\"https:\/\/www.padreeustaquio.com.br\/um-mes-todo-dedicado-a-virgem-maria\/#primaryimage\"},\"thumbnailUrl\":\"https:\/\/www.padreeustaquio.com.br\/wp-content\/uploads\/2024\/05\/nossa-senhora-da-conceicao.jpeg\",\"articleSection\":[\"Not\u00edcias\"],\"inLanguage\":\"en-US\",\"potentialAction\":[{\"@type\":\"CommentAction\",\"name\":\"Comment\",\"target\":[\"https:\/\/www.padreeustaquio.com.br\/um-mes-todo-dedicado-a-virgem-maria\/#respond\"]}]},{\"@type\":\"WebPage\",\"@id\":\"https:\/\/www.padreeustaquio.com.br\/um-mes-todo-dedicado-a-virgem-maria\/\",\"url\":\"https:\/\/www.padreeustaquio.com.br\/um-mes-todo-dedicado-a-virgem-maria\/\",\"name\":\"Um m\u00eas todo dedicado \u00e0 Virgem Maria\",\"isPartOf\":{\"@id\":\"https:\/\/www.padreeustaquio.com.br\/#website\"},\"primaryImageOfPage\":{\"@id\":\"https:\/\/www.padreeustaquio.com.br\/um-mes-todo-dedicado-a-virgem-maria\/#primaryimage\"},\"image\":{\"@id\":\"https:\/\/www.padreeustaquio.com.br\/um-mes-todo-dedicado-a-virgem-maria\/#primaryimage\"},\"thumbnailUrl\":\"https:\/\/www.padreeustaquio.com.br\/wp-content\/uploads\/2024\/05\/nossa-senhora-da-conceicao.jpeg\",\"datePublished\":\"2024-05-31T09:57:34+00:00\",\"description\":\"A a tradi\u00e7\u00e3o de ter um m\u00eas dedicado a Maria surgiu por volta do s\u00e9culo XII. Era uma \u00e9poca em que a prote\u00e7\u00e3o da M\u00e3e Maria era solicitada para as necessidades da Igreja de seu Filho.\",\"breadcrumb\":{\"@id\":\"https:\/\/www.padreeustaquio.com.br\/um-mes-todo-dedicado-a-virgem-maria\/#breadcrumb\"},\"inLanguage\":\"en-US\",\"potentialAction\":[{\"@type\":\"ReadAction\",\"target\":[\"https:\/\/www.padreeustaquio.com.br\/um-mes-todo-dedicado-a-virgem-maria\/\"]}]},{\"@type\":\"ImageObject\",\"inLanguage\":\"en-US\",\"@id\":\"https:\/\/www.padreeustaquio.com.br\/um-mes-todo-dedicado-a-virgem-maria\/#primaryimage\",\"url\":\"https:\/\/www.padreeustaquio.com.br\/wp-content\/uploads\/2024\/05\/nossa-senhora-da-conceicao.jpeg\",\"contentUrl\":\"https:\/\/www.padreeustaquio.com.br\/wp-content\/uploads\/2024\/05\/nossa-senhora-da-conceicao.jpeg\",\"width\":1600,\"height\":1135},{\"@type\":\"BreadcrumbList\",\"@id\":\"https:\/\/www.padreeustaquio.com.br\/um-mes-todo-dedicado-a-virgem-maria\/#breadcrumb\",\"itemListElement\":[{\"@type\":\"ListItem\",\"position\":1,\"name\":\"In\u00edcio\",\"item\":\"https:\/\/www.padreeustaquio.com.br\/\"},{\"@type\":\"ListItem\",\"position\":2,\"name\":\"Um m\u00eas todo dedicado \u00e0 Virgem Maria\"}]},{\"@type\":\"WebSite\",\"@id\":\"https:\/\/www.padreeustaquio.com.br\/#website\",\"url\":\"https:\/\/www.padreeustaquio.com.br\/\",\"name\":\"Padre Eust\u00e1quio\",\"description\":\"Sa\u00fade e Paz\",\"publisher\":{\"@id\":\"https:\/\/www.padreeustaquio.com.br\/#organization\"},\"potentialAction\":[{\"@type\":\"SearchAction\",\"target\":{\"@type\":\"EntryPoint\",\"urlTemplate\":\"https:\/\/www.padreeustaquio.com.br\/?s={search_term_string}\"},\"query-input\":{\"@type\":\"PropertyValueSpecification\",\"valueRequired\":true,\"valueName\":\"search_term_string\"}}],\"inLanguage\":\"en-US\"},{\"@type\":\"Organization\",\"@id\":\"https:\/\/www.padreeustaquio.com.br\/#organization\",\"name\":\"Padre Eust\u00e1quio\",\"url\":\"https:\/\/www.padreeustaquio.com.br\/\",\"logo\":{\"@type\":\"ImageObject\",\"inLanguage\":\"en-US\",\"@id\":\"https:\/\/www.padreeustaquio.com.br\/#\/schema\/logo\/image\/\",\"url\":\"https:\/\/www.padreeustaquio.com.br\/wp-content\/uploads\/2019\/08\/marca.png\",\"contentUrl\":\"https:\/\/www.padreeustaquio.com.br\/wp-content\/uploads\/2019\/08\/marca.png\",\"width\":350,\"height\":400,\"caption\":\"Padre Eust\u00e1quio\"},\"image\":{\"@id\":\"https:\/\/www.padreeustaquio.com.br\/#\/schema\/logo\/image\/\"},\"sameAs\":[\"https:\/\/www.facebook.com\/beatopadreeustaquio\/\",\"https:\/\/x.com\/beatopeustaquio\",\"https:\/\/www.instagram.com\/beatopadreeustaquio\/\",\"https:\/\/www.youtube.com\/channel\/UCRhw7vfabnajwLxb1ZXMeIw\"]},{\"@type\":\"Person\",\"@id\":\"https:\/\/www.padreeustaquio.com.br\/#\/schema\/person\/a2a51db1d00f1a7af0204a0f1ddb1566\",\"name\":\"@sscc\",\"image\":{\"@type\":\"ImageObject\",\"inLanguage\":\"en-US\",\"@id\":\"https:\/\/secure.gravatar.com\/avatar\/68cfafa5f44617fea54071e215026e0ff06be366c3d54a8425f04fdcb86f8c5f?s=96&d=mm&r=g\",\"url\":\"https:\/\/secure.gravatar.com\/avatar\/68cfafa5f44617fea54071e215026e0ff06be366c3d54a8425f04fdcb86f8c5f?s=96&d=mm&r=g\",\"contentUrl\":\"https:\/\/secure.gravatar.com\/avatar\/68cfafa5f44617fea54071e215026e0ff06be366c3d54a8425f04fdcb86f8c5f?s=96&d=mm&r=g\",\"caption\":\"@sscc\"},\"url\":\"https:\/\/www.padreeustaquio.com.br\/en\/author\/sscc\/\"}]}<\/script>\n<!-- \/ Yoast SEO plugin. -->","yoast_head_json":{"title":"A whole month dedicated to the Virgin Mary.","description":"The tradition of having a month dedicated to Mary arose around the 12th century. It was a time when the protection of the Mother Mary was invoked for the needs of her Son&#039;s Church.","robots":{"index":"index","follow":"follow","max-snippet":"max-snippet:-1","max-image-preview":"max-image-preview:large","max-video-preview":"max-video-preview:-1"},"canonical":"https:\/\/www.padreeustaquio.com.br\/en\/a-whole-month-dedicated-to-the-virgin-mary\/","og_locale":"en_US","og_type":"article","og_title":"Um m\u00eas todo dedicado \u00e0 Virgem Maria","og_description":"A a tradi\u00e7\u00e3o de ter um m\u00eas dedicado a Maria surgiu por volta do s\u00e9culo XII. Era uma \u00e9poca em que a prote\u00e7\u00e3o da M\u00e3e Maria era solicitada para as necessidades da Igreja de seu Filho.","og_url":"https:\/\/www.padreeustaquio.com.br\/en\/a-whole-month-dedicated-to-the-virgin-mary\/","og_site_name":"Padre Eust\u00e1quio","article_publisher":"https:\/\/www.facebook.com\/beatopadreeustaquio\/","article_published_time":"2024-05-31T09:57:34+00:00","og_image":[{"width":1600,"height":1135,"url":"https:\/\/www.padreeustaquio.com.br\/wp-content\/uploads\/2024\/05\/nossa-senhora-da-conceicao.jpeg","type":"image\/jpeg"}],"author":"@sscc","twitter_card":"summary_large_image","twitter_creator":"@beatopeustaquio","twitter_site":"@beatopeustaquio","twitter_misc":{"Written by":"@sscc","Est. reading time":"3 minutes"},"schema":{"@context":"https:\/\/schema.org","@graph":[{"@type":"Article","@id":"https:\/\/www.padreeustaquio.com.br\/um-mes-todo-dedicado-a-virgem-maria\/#article","isPartOf":{"@id":"https:\/\/www.padreeustaquio.com.br\/um-mes-todo-dedicado-a-virgem-maria\/"},"author":{"name":"@sscc","@id":"https:\/\/www.padreeustaquio.com.br\/#\/schema\/person\/a2a51db1d00f1a7af0204a0f1ddb1566"},"headline":"Um m\u00eas todo dedicado \u00e0 Virgem Maria","datePublished":"2024-05-31T09:57:34+00:00","mainEntityOfPage":{"@id":"https:\/\/www.padreeustaquio.com.br\/um-mes-todo-dedicado-a-virgem-maria\/"},"wordCount":359,"commentCount":0,"publisher":{"@id":"https:\/\/www.padreeustaquio.com.br\/#organization"},"image":{"@id":"https:\/\/www.padreeustaquio.com.br\/um-mes-todo-dedicado-a-virgem-maria\/#primaryimage"},"thumbnailUrl":"https:\/\/www.padreeustaquio.com.br\/wp-content\/uploads\/2024\/05\/nossa-senhora-da-conceicao.jpeg","articleSection":["Not\u00edcias"],"inLanguage":"en-US","potentialAction":[{"@type":"CommentAction","name":"Comment","target":["https:\/\/www.padreeustaquio.com.br\/um-mes-todo-dedicado-a-virgem-maria\/#respond"]}]},{"@type":"WebPage","@id":"https:\/\/www.padreeustaquio.com.br\/um-mes-todo-dedicado-a-virgem-maria\/","url":"https:\/\/www.padreeustaquio.com.br\/um-mes-todo-dedicado-a-virgem-maria\/","name":"A whole month dedicated to the Virgin Mary.","isPartOf":{"@id":"https:\/\/www.padreeustaquio.com.br\/#website"},"primaryImageOfPage":{"@id":"https:\/\/www.padreeustaquio.com.br\/um-mes-todo-dedicado-a-virgem-maria\/#primaryimage"},"image":{"@id":"https:\/\/www.padreeustaquio.com.br\/um-mes-todo-dedicado-a-virgem-maria\/#primaryimage"},"thumbnailUrl":"https:\/\/www.padreeustaquio.com.br\/wp-content\/uploads\/2024\/05\/nossa-senhora-da-conceicao.jpeg","datePublished":"2024-05-31T09:57:34+00:00","description":"The tradition of having a month dedicated to Mary arose around the 12th century. It was a time when the protection of the Mother Mary was invoked for the needs of her Son&#039;s Church.","breadcrumb":{"@id":"https:\/\/www.padreeustaquio.com.br\/um-mes-todo-dedicado-a-virgem-maria\/#breadcrumb"},"inLanguage":"en-US","potentialAction":[{"@type":"ReadAction","target":["https:\/\/www.padreeustaquio.com.br\/um-mes-todo-dedicado-a-virgem-maria\/"]}]},{"@type":"ImageObject","inLanguage":"en-US","@id":"https:\/\/www.padreeustaquio.com.br\/um-mes-todo-dedicado-a-virgem-maria\/#primaryimage","url":"https:\/\/www.padreeustaquio.com.br\/wp-content\/uploads\/2024\/05\/nossa-senhora-da-conceicao.jpeg","contentUrl":"https:\/\/www.padreeustaquio.com.br\/wp-content\/uploads\/2024\/05\/nossa-senhora-da-conceicao.jpeg","width":1600,"height":1135},{"@type":"BreadcrumbList","@id":"https:\/\/www.padreeustaquio.com.br\/um-mes-todo-dedicado-a-virgem-maria\/#breadcrumb","itemListElement":[{"@type":"ListItem","position":1,"name":"In\u00edcio","item":"https:\/\/www.padreeustaquio.com.br\/"},{"@type":"ListItem","position":2,"name":"Um m\u00eas todo dedicado \u00e0 Virgem Maria"}]},{"@type":"WebSite","@id":"https:\/\/www.padreeustaquio.com.br\/#website","url":"https:\/\/www.padreeustaquio.com.br\/","name":"FATHER EUST\u00c1QUIO","description":"Health and Peace","publisher":{"@id":"https:\/\/www.padreeustaquio.com.br\/#organization"},"potentialAction":[{"@type":"SearchAction","target":{"@type":"EntryPoint","urlTemplate":"https:\/\/www.padreeustaquio.com.br\/?s={search_term_string}"},"query-input":{"@type":"PropertyValueSpecification","valueRequired":true,"valueName":"search_term_string"}}],"inLanguage":"en-US"},{"@type":"Organization","@id":"https:\/\/www.padreeustaquio.com.br\/#organization","name":"FATHER EUST\u00c1QUIO","url":"https:\/\/www.padreeustaquio.com.br\/","logo":{"@type":"ImageObject","inLanguage":"en-US","@id":"https:\/\/www.padreeustaquio.com.br\/#\/schema\/logo\/image\/","url":"https:\/\/www.padreeustaquio.com.br\/wp-content\/uploads\/2019\/08\/marca.png","contentUrl":"https:\/\/www.padreeustaquio.com.br\/wp-content\/uploads\/2019\/08\/marca.png","width":350,"height":400,"caption":"Padre Eust\u00e1quio"},"image":{"@id":"https:\/\/www.padreeustaquio.com.br\/#\/schema\/logo\/image\/"},"sameAs":["https:\/\/www.facebook.com\/beatopadreeustaquio\/","https:\/\/x.com\/beatopeustaquio","https:\/\/www.instagram.com\/beatopadreeustaquio\/","https:\/\/www.youtube.com\/channel\/UCRhw7vfabnajwLxb1ZXMeIw"]},{"@type":"Person","@id":"https:\/\/www.padreeustaquio.com.br\/#\/schema\/person\/a2a51db1d00f1a7af0204a0f1ddb1566","name":"@sscc","image":{"@type":"ImageObject","inLanguage":"en-US","@id":"https:\/\/secure.gravatar.com\/avatar\/68cfafa5f44617fea54071e215026e0ff06be366c3d54a8425f04fdcb86f8c5f?s=96&d=mm&r=g","url":"https:\/\/secure.gravatar.com\/avatar\/68cfafa5f44617fea54071e215026e0ff06be366c3d54a8425f04fdcb86f8c5f?s=96&d=mm&r=g","contentUrl":"https:\/\/secure.gravatar.com\/avatar\/68cfafa5f44617fea54071e215026e0ff06be366c3d54a8425f04fdcb86f8c5f?s=96&d=mm&r=g","caption":"@sscc"},"url":"https:\/\/www.padreeustaquio.com.br\/en\/author\/sscc\/"}]}},"_links":{"self":[{"href":"https:\/\/www.padreeustaquio.com.br\/en\/wp-json\/wp\/v2\/posts\/11331","targetHints":{"allow":["GET"]}}],"collection":[{"href":"https:\/\/www.padreeustaquio.com.br\/en\/wp-json\/wp\/v2\/posts"}],"about":[{"href":"https:\/\/www.padreeustaquio.com.br\/en\/wp-json\/wp\/v2\/types\/post"}],"author":[{"embeddable":true,"href":"https:\/\/www.padreeustaquio.com.br\/en\/wp-json\/wp\/v2\/users\/2"}],"replies":[{"embeddable":true,"href":"https:\/\/www.padreeustaquio.com.br\/en\/wp-json\/wp\/v2\/comments?post=11331"}],"version-history":[{"count":0,"href":"https:\/\/www.padreeustaquio.com.br\/en\/wp-json\/wp\/v2\/posts\/11331\/revisions"}],"wp:featuredmedia":[{"embeddable":true,"href":"https:\/\/www.padreeustaquio.com.br\/en\/wp-json\/wp\/v2\/media\/11332"}],"wp:attachment":[{"href":"https:\/\/www.padreeustaquio.com.br\/en\/wp-json\/wp\/v2\/media?parent=11331"}],"wp:term":[{"taxonomy":"category","embeddable":true,"href":"https:\/\/www.padreeustaquio.com.br\/en\/wp-json\/wp\/v2\/categories?post=11331"},{"taxonomy":"post_tag","embeddable":true,"href":"https:\/\/www.padreeustaquio.com.br\/en\/wp-json\/wp\/v2\/tags?post=11331"}],"curies":[{"name":"wp","href":"https:\/\/api.w.org\/{rel}","templated":true}]}}