{"id":11313,"date":"2024-05-12T08:24:44","date_gmt":"2024-05-12T11:24:44","guid":{"rendered":"https:\/\/www.padreeustaquio.com.br\/?p=11313"},"modified":"2024-05-13T08:29:21","modified_gmt":"2024-05-13T11:29:21","slug":"celebrating-mothers-day-inspired-by-father-eustaquio","status":"publish","type":"post","link":"https:\/\/www.padreeustaquio.com.br\/en\/celebrating-mothers-day-inspired-by-father-eustaquio\/","title":{"rendered":"Celebrating Mother&#039;s Day inspired by Father Eust\u00e1quio"},"content":{"rendered":"<p>In one of Father Eust\u00e1quio&#039;s texts, he offers a beautiful reflection on the importance of the Christian mother and how she can make a difference in family life. This Mother&#039;s Day, let&#039;s reflect with Father Eust\u00e1quio on the role of mothers in the home. Read the full text:<\/p>\n<p><em><strong>The Christian mother<\/p>\n<p><\/strong>Regarding the Christian mother, this proverb is written in the Book of Ecclesiasticus (Sirach 26:21): &quot;As the rising sun shines in the heavens of God, so shines the beauty of a kind woman, like an ornament in her home.&quot;.<\/em><\/p>\n<p><em>The sun is the central point of nature. Its rays awaken nature; flowers bloom, birds begin to sing in praise of the Creator. It awakens man from sleep, calling him to work. It provides warmth and makes plants grow. Everything and everyone is regulated by the sun.<\/em><\/p>\n<p><em>When the sun shines in the sky, everything is joyful, but when it disappears, everything is sad, cold, and lifeless.<\/em><\/p>\n<p><em>This is what a mother is like. Everyone gathers around her, and when she is happy, everyone is happy, but when she is sad, everyone is sad. If she is no longer there, everything in the family will be so cold, because the unifying element that binds everyone together is missing. What is a home without a mother? I could say \u2013 a stopped clock, a lifeless body\u2026 Her guidance brings order and regularity to the house. Her love and care, which include everyone, reconcile the opposing interests of the members of the same family. She brings joy and peace, resignation and mutual love to the hearts of her loved ones, illuminating family life like the sun.<\/em><\/p>\n<p><em>A truly Christian mother is great! Her work is silent, simple, and even hidden, but its effects are public. These effects are not confined to the home, but extend to the church, the nation, and the common good.<\/em><\/p>\n<p><em>What greatness, what nobility, what holiness can be found in the world that did not originate from the mother?<\/em><\/p>\n<p><em>She not only educates, but she lays the foundations in the home. She is there, alone, for years and years, with her child. She can mold this heart and this temperament, his will. It is the first and most important upbringing.<\/em><\/p>\n<p><em>Therefore, Saint Augustine said of his mother: \u201cAll that I am, I owe to my mother. She not only gave me life for this world, but also the life of my soul.\u201c \u201cHow would the Kingdom of God be without the Christian mother? Do we not see in the Church that Saints such as Saint Basil, Saint Gregory Nazianzen, Saint John Chrysostom, and Saint Ambrose had holy mothers?\u201d<\/em><\/p>\n<p><em>Let us raise our voices to heaven and ask the Saints to whom they owe their holiness; they will tell us many paths to holiness, many means of sanctification, but among them will always be: my holy mother!<\/em><\/p>\n<p><em>Yes, we owe all thanks to God, but He gives them through our mothers. All of this is true when it comes to a Christian mother.\u201d<\/em><\/p>","protected":false},"excerpt":{"rendered":"<p>Em um dos textos do Padre Eust\u00e1quio, ele traz uma bel\u00edssima reflex\u00e3o sobre a import\u00e2ncia da m\u00e3e crist\u00e3 e como ela pode fazer diferen\u00e7a na vida da fam\u00edlia. Neste Dia das M\u00e3es, vamos refletir com Padre Eust\u00e1quio sobre o papel das m\u00e3es no lar. Leia o texto na \u00edntegra: A m\u00e3e Crist\u00e3 Da m\u00e3e crist\u00e3, est\u00e1 escrito este prov\u00e9rbio no livro do Eclesi\u00e1stico (Eclo 26,21): \u201cAssim como o sol levante brilha no c\u00e9u de Deus, assim brilha a beleza da mulher bondosa, como um ornamento em sua casa\u201d. O sol \u00e9 o ponto central da natureza. Ele desperta por seus [&hellip;]<\/p>\n","protected":false},"author":2,"featured_media":11314,"comment_status":"open","ping_status":"closed","sticky":false,"template":"","format":"standard","meta":{"_acf_changed":false,"footnotes":""},"categories":[611],"tags":[],"class_list":["post-11313","post","type-post","status-publish","format-standard","has-post-thumbnail","hentry","category-noticias"],"acf":[],"yoast_head":"<!-- This site is optimized with the Yoast SEO plugin v27.2 - https:\/\/yoast.com\/product\/yoast-seo-wordpress\/ -->\n<title>Vivendo o Dia das M\u00e3es inspirados em Padre Eust\u00e1quio<\/title>\n<meta name=\"description\" content=\"Em um dos textos do Padre Eust\u00e1quio, ele traz uma bel\u00edssima reflex\u00e3o sobre a import\u00e2ncia da m\u00e3e crist\u00e3 e como ela pode fazer diferen\u00e7a na vida da fam\u00edlia. Neste Dia das M\u00e3es, vamos refletir com Padre Eust\u00e1quio sobre o papel das m\u00e3es no lar.\" \/>\n<meta name=\"robots\" content=\"index, follow, max-snippet:-1, max-image-preview:large, max-video-preview:-1\" \/>\n<link rel=\"canonical\" href=\"https:\/\/www.padreeustaquio.com.br\/en\/celebrating-mothers-day-inspired-by-father-eustaquio\/\" \/>\n<meta property=\"og:locale\" content=\"en_US\" \/>\n<meta property=\"og:type\" content=\"article\" \/>\n<meta property=\"og:title\" content=\"Vivendo o Dia das M\u00e3es inspirados em Padre Eust\u00e1quio\" \/>\n<meta property=\"og:description\" content=\"Em um dos textos do Padre Eust\u00e1quio, ele traz uma bel\u00edssima reflex\u00e3o sobre a import\u00e2ncia da m\u00e3e crist\u00e3 e como ela pode fazer diferen\u00e7a na vida da fam\u00edlia. Neste Dia das M\u00e3es, vamos refletir com Padre Eust\u00e1quio sobre o papel das m\u00e3es no lar.\" \/>\n<meta property=\"og:url\" content=\"https:\/\/www.padreeustaquio.com.br\/en\/celebrating-mothers-day-inspired-by-father-eustaquio\/\" \/>\n<meta property=\"og:site_name\" content=\"Padre Eust\u00e1quio\" \/>\n<meta property=\"article:publisher\" content=\"https:\/\/www.facebook.com\/beatopadreeustaquio\/\" \/>\n<meta property=\"article:published_time\" content=\"2024-05-12T11:24:44+00:00\" \/>\n<meta property=\"article:modified_time\" content=\"2024-05-13T11:29:21+00:00\" \/>\n<meta property=\"og:image\" content=\"https:\/\/www.padreeustaquio.com.br\/wp-content\/uploads\/2024\/05\/Mae-Crista.jpeg\" \/>\n\t<meta property=\"og:image:width\" content=\"1600\" \/>\n\t<meta property=\"og:image:height\" content=\"1135\" \/>\n\t<meta property=\"og:image:type\" content=\"image\/jpeg\" \/>\n<meta name=\"author\" content=\"@sscc\" \/>\n<meta name=\"twitter:card\" content=\"summary_large_image\" \/>\n<meta name=\"twitter:creator\" content=\"@beatopeustaquio\" \/>\n<meta name=\"twitter:site\" content=\"@beatopeustaquio\" \/>\n<meta name=\"twitter:label1\" content=\"Written by\" \/>\n\t<meta name=\"twitter:data1\" content=\"@sscc\" \/>\n\t<meta name=\"twitter:label2\" content=\"Est. reading time\" \/>\n\t<meta name=\"twitter:data2\" content=\"3 minutes\" \/>\n<script type=\"application\/ld+json\" class=\"yoast-schema-graph\">{\"@context\":\"https:\/\/schema.org\",\"@graph\":[{\"@type\":\"Article\",\"@id\":\"https:\/\/www.padreeustaquio.com.br\/vivendo-o-dia-das-maes-inspirados-em-padre-eustaquio\/#article\",\"isPartOf\":{\"@id\":\"https:\/\/www.padreeustaquio.com.br\/vivendo-o-dia-das-maes-inspirados-em-padre-eustaquio\/\"},\"author\":{\"name\":\"@sscc\",\"@id\":\"https:\/\/www.padreeustaquio.com.br\/#\/schema\/person\/a2a51db1d00f1a7af0204a0f1ddb1566\"},\"headline\":\"Vivendo o Dia das M\u00e3es inspirados em Padre Eust\u00e1quio\",\"datePublished\":\"2024-05-12T11:24:44+00:00\",\"dateModified\":\"2024-05-13T11:29:21+00:00\",\"mainEntityOfPage\":{\"@id\":\"https:\/\/www.padreeustaquio.com.br\/vivendo-o-dia-das-maes-inspirados-em-padre-eustaquio\/\"},\"wordCount\":554,\"commentCount\":0,\"publisher\":{\"@id\":\"https:\/\/www.padreeustaquio.com.br\/#organization\"},\"image\":{\"@id\":\"https:\/\/www.padreeustaquio.com.br\/vivendo-o-dia-das-maes-inspirados-em-padre-eustaquio\/#primaryimage\"},\"thumbnailUrl\":\"https:\/\/www.padreeustaquio.com.br\/wp-content\/uploads\/2024\/05\/Mae-Crista.jpeg\",\"articleSection\":[\"Not\u00edcias\"],\"inLanguage\":\"en-US\",\"potentialAction\":[{\"@type\":\"CommentAction\",\"name\":\"Comment\",\"target\":[\"https:\/\/www.padreeustaquio.com.br\/vivendo-o-dia-das-maes-inspirados-em-padre-eustaquio\/#respond\"]}]},{\"@type\":\"WebPage\",\"@id\":\"https:\/\/www.padreeustaquio.com.br\/vivendo-o-dia-das-maes-inspirados-em-padre-eustaquio\/\",\"url\":\"https:\/\/www.padreeustaquio.com.br\/vivendo-o-dia-das-maes-inspirados-em-padre-eustaquio\/\",\"name\":\"Vivendo o Dia das M\u00e3es inspirados em Padre Eust\u00e1quio\",\"isPartOf\":{\"@id\":\"https:\/\/www.padreeustaquio.com.br\/#website\"},\"primaryImageOfPage\":{\"@id\":\"https:\/\/www.padreeustaquio.com.br\/vivendo-o-dia-das-maes-inspirados-em-padre-eustaquio\/#primaryimage\"},\"image\":{\"@id\":\"https:\/\/www.padreeustaquio.com.br\/vivendo-o-dia-das-maes-inspirados-em-padre-eustaquio\/#primaryimage\"},\"thumbnailUrl\":\"https:\/\/www.padreeustaquio.com.br\/wp-content\/uploads\/2024\/05\/Mae-Crista.jpeg\",\"datePublished\":\"2024-05-12T11:24:44+00:00\",\"dateModified\":\"2024-05-13T11:29:21+00:00\",\"description\":\"Em um dos textos do Padre Eust\u00e1quio, ele traz uma bel\u00edssima reflex\u00e3o sobre a import\u00e2ncia da m\u00e3e crist\u00e3 e como ela pode fazer diferen\u00e7a na vida da fam\u00edlia. Neste Dia das M\u00e3es, vamos refletir com Padre Eust\u00e1quio sobre o papel das m\u00e3es no lar.\",\"breadcrumb\":{\"@id\":\"https:\/\/www.padreeustaquio.com.br\/vivendo-o-dia-das-maes-inspirados-em-padre-eustaquio\/#breadcrumb\"},\"inLanguage\":\"en-US\",\"potentialAction\":[{\"@type\":\"ReadAction\",\"target\":[\"https:\/\/www.padreeustaquio.com.br\/vivendo-o-dia-das-maes-inspirados-em-padre-eustaquio\/\"]}]},{\"@type\":\"ImageObject\",\"inLanguage\":\"en-US\",\"@id\":\"https:\/\/www.padreeustaquio.com.br\/vivendo-o-dia-das-maes-inspirados-em-padre-eustaquio\/#primaryimage\",\"url\":\"https:\/\/www.padreeustaquio.com.br\/wp-content\/uploads\/2024\/05\/Mae-Crista.jpeg\",\"contentUrl\":\"https:\/\/www.padreeustaquio.com.br\/wp-content\/uploads\/2024\/05\/Mae-Crista.jpeg\",\"width\":1600,\"height\":1135},{\"@type\":\"BreadcrumbList\",\"@id\":\"https:\/\/www.padreeustaquio.com.br\/vivendo-o-dia-das-maes-inspirados-em-padre-eustaquio\/#breadcrumb\",\"itemListElement\":[{\"@type\":\"ListItem\",\"position\":1,\"name\":\"In\u00edcio\",\"item\":\"https:\/\/www.padreeustaquio.com.br\/\"},{\"@type\":\"ListItem\",\"position\":2,\"name\":\"Vivendo o Dia das M\u00e3es inspirados em Padre Eust\u00e1quio\"}]},{\"@type\":\"WebSite\",\"@id\":\"https:\/\/www.padreeustaquio.com.br\/#website\",\"url\":\"https:\/\/www.padreeustaquio.com.br\/\",\"name\":\"Padre Eust\u00e1quio\",\"description\":\"Sa\u00fade e Paz\",\"publisher\":{\"@id\":\"https:\/\/www.padreeustaquio.com.br\/#organization\"},\"potentialAction\":[{\"@type\":\"SearchAction\",\"target\":{\"@type\":\"EntryPoint\",\"urlTemplate\":\"https:\/\/www.padreeustaquio.com.br\/?s={search_term_string}\"},\"query-input\":{\"@type\":\"PropertyValueSpecification\",\"valueRequired\":true,\"valueName\":\"search_term_string\"}}],\"inLanguage\":\"en-US\"},{\"@type\":\"Organization\",\"@id\":\"https:\/\/www.padreeustaquio.com.br\/#organization\",\"name\":\"Padre Eust\u00e1quio\",\"url\":\"https:\/\/www.padreeustaquio.com.br\/\",\"logo\":{\"@type\":\"ImageObject\",\"inLanguage\":\"en-US\",\"@id\":\"https:\/\/www.padreeustaquio.com.br\/#\/schema\/logo\/image\/\",\"url\":\"https:\/\/www.padreeustaquio.com.br\/wp-content\/uploads\/2019\/08\/marca.png\",\"contentUrl\":\"https:\/\/www.padreeustaquio.com.br\/wp-content\/uploads\/2019\/08\/marca.png\",\"width\":350,\"height\":400,\"caption\":\"Padre Eust\u00e1quio\"},\"image\":{\"@id\":\"https:\/\/www.padreeustaquio.com.br\/#\/schema\/logo\/image\/\"},\"sameAs\":[\"https:\/\/www.facebook.com\/beatopadreeustaquio\/\",\"https:\/\/x.com\/beatopeustaquio\",\"https:\/\/www.instagram.com\/beatopadreeustaquio\/\",\"https:\/\/www.youtube.com\/channel\/UCRhw7vfabnajwLxb1ZXMeIw\"]},{\"@type\":\"Person\",\"@id\":\"https:\/\/www.padreeustaquio.com.br\/#\/schema\/person\/a2a51db1d00f1a7af0204a0f1ddb1566\",\"name\":\"@sscc\",\"image\":{\"@type\":\"ImageObject\",\"inLanguage\":\"en-US\",\"@id\":\"https:\/\/secure.gravatar.com\/avatar\/68cfafa5f44617fea54071e215026e0ff06be366c3d54a8425f04fdcb86f8c5f?s=96&d=mm&r=g\",\"url\":\"https:\/\/secure.gravatar.com\/avatar\/68cfafa5f44617fea54071e215026e0ff06be366c3d54a8425f04fdcb86f8c5f?s=96&d=mm&r=g\",\"contentUrl\":\"https:\/\/secure.gravatar.com\/avatar\/68cfafa5f44617fea54071e215026e0ff06be366c3d54a8425f04fdcb86f8c5f?s=96&d=mm&r=g\",\"caption\":\"@sscc\"},\"url\":\"https:\/\/www.padreeustaquio.com.br\/en\/author\/sscc\/\"}]}<\/script>\n<!-- \/ Yoast SEO plugin. -->","yoast_head_json":{"title":"Celebrating Mother&#039;s Day inspired by Father Eust\u00e1quio","description":"In one of Father Eust\u00e1quio&#039;s texts, he offers a beautiful reflection on the importance of the Christian mother and how she can make a difference in family life. On this Mother&#039;s Day, let&#039;s reflect with Father Eust\u00e1quio on the role of mothers in the home.","robots":{"index":"index","follow":"follow","max-snippet":"max-snippet:-1","max-image-preview":"max-image-preview:large","max-video-preview":"max-video-preview:-1"},"canonical":"https:\/\/www.padreeustaquio.com.br\/en\/celebrating-mothers-day-inspired-by-father-eustaquio\/","og_locale":"en_US","og_type":"article","og_title":"Vivendo o Dia das M\u00e3es inspirados em Padre Eust\u00e1quio","og_description":"Em um dos textos do Padre Eust\u00e1quio, ele traz uma bel\u00edssima reflex\u00e3o sobre a import\u00e2ncia da m\u00e3e crist\u00e3 e como ela pode fazer diferen\u00e7a na vida da fam\u00edlia. Neste Dia das M\u00e3es, vamos refletir com Padre Eust\u00e1quio sobre o papel das m\u00e3es no lar.","og_url":"https:\/\/www.padreeustaquio.com.br\/en\/celebrating-mothers-day-inspired-by-father-eustaquio\/","og_site_name":"Padre Eust\u00e1quio","article_publisher":"https:\/\/www.facebook.com\/beatopadreeustaquio\/","article_published_time":"2024-05-12T11:24:44+00:00","article_modified_time":"2024-05-13T11:29:21+00:00","og_image":[{"width":1600,"height":1135,"url":"https:\/\/www.padreeustaquio.com.br\/wp-content\/uploads\/2024\/05\/Mae-Crista.jpeg","type":"image\/jpeg"}],"author":"@sscc","twitter_card":"summary_large_image","twitter_creator":"@beatopeustaquio","twitter_site":"@beatopeustaquio","twitter_misc":{"Written by":"@sscc","Est. reading time":"3 minutes"},"schema":{"@context":"https:\/\/schema.org","@graph":[{"@type":"Article","@id":"https:\/\/www.padreeustaquio.com.br\/vivendo-o-dia-das-maes-inspirados-em-padre-eustaquio\/#article","isPartOf":{"@id":"https:\/\/www.padreeustaquio.com.br\/vivendo-o-dia-das-maes-inspirados-em-padre-eustaquio\/"},"author":{"name":"@sscc","@id":"https:\/\/www.padreeustaquio.com.br\/#\/schema\/person\/a2a51db1d00f1a7af0204a0f1ddb1566"},"headline":"Vivendo o Dia das M\u00e3es inspirados em Padre Eust\u00e1quio","datePublished":"2024-05-12T11:24:44+00:00","dateModified":"2024-05-13T11:29:21+00:00","mainEntityOfPage":{"@id":"https:\/\/www.padreeustaquio.com.br\/vivendo-o-dia-das-maes-inspirados-em-padre-eustaquio\/"},"wordCount":554,"commentCount":0,"publisher":{"@id":"https:\/\/www.padreeustaquio.com.br\/#organization"},"image":{"@id":"https:\/\/www.padreeustaquio.com.br\/vivendo-o-dia-das-maes-inspirados-em-padre-eustaquio\/#primaryimage"},"thumbnailUrl":"https:\/\/www.padreeustaquio.com.br\/wp-content\/uploads\/2024\/05\/Mae-Crista.jpeg","articleSection":["Not\u00edcias"],"inLanguage":"en-US","potentialAction":[{"@type":"CommentAction","name":"Comment","target":["https:\/\/www.padreeustaquio.com.br\/vivendo-o-dia-das-maes-inspirados-em-padre-eustaquio\/#respond"]}]},{"@type":"WebPage","@id":"https:\/\/www.padreeustaquio.com.br\/vivendo-o-dia-das-maes-inspirados-em-padre-eustaquio\/","url":"https:\/\/www.padreeustaquio.com.br\/vivendo-o-dia-das-maes-inspirados-em-padre-eustaquio\/","name":"Celebrating Mother&#039;s Day inspired by Father Eust\u00e1quio","isPartOf":{"@id":"https:\/\/www.padreeustaquio.com.br\/#website"},"primaryImageOfPage":{"@id":"https:\/\/www.padreeustaquio.com.br\/vivendo-o-dia-das-maes-inspirados-em-padre-eustaquio\/#primaryimage"},"image":{"@id":"https:\/\/www.padreeustaquio.com.br\/vivendo-o-dia-das-maes-inspirados-em-padre-eustaquio\/#primaryimage"},"thumbnailUrl":"https:\/\/www.padreeustaquio.com.br\/wp-content\/uploads\/2024\/05\/Mae-Crista.jpeg","datePublished":"2024-05-12T11:24:44+00:00","dateModified":"2024-05-13T11:29:21+00:00","description":"In one of Father Eust\u00e1quio&#039;s texts, he offers a beautiful reflection on the importance of the Christian mother and how she can make a difference in family life. On this Mother&#039;s Day, let&#039;s reflect with Father Eust\u00e1quio on the role of mothers in the home.","breadcrumb":{"@id":"https:\/\/www.padreeustaquio.com.br\/vivendo-o-dia-das-maes-inspirados-em-padre-eustaquio\/#breadcrumb"},"inLanguage":"en-US","potentialAction":[{"@type":"ReadAction","target":["https:\/\/www.padreeustaquio.com.br\/vivendo-o-dia-das-maes-inspirados-em-padre-eustaquio\/"]}]},{"@type":"ImageObject","inLanguage":"en-US","@id":"https:\/\/www.padreeustaquio.com.br\/vivendo-o-dia-das-maes-inspirados-em-padre-eustaquio\/#primaryimage","url":"https:\/\/www.padreeustaquio.com.br\/wp-content\/uploads\/2024\/05\/Mae-Crista.jpeg","contentUrl":"https:\/\/www.padreeustaquio.com.br\/wp-content\/uploads\/2024\/05\/Mae-Crista.jpeg","width":1600,"height":1135},{"@type":"BreadcrumbList","@id":"https:\/\/www.padreeustaquio.com.br\/vivendo-o-dia-das-maes-inspirados-em-padre-eustaquio\/#breadcrumb","itemListElement":[{"@type":"ListItem","position":1,"name":"In\u00edcio","item":"https:\/\/www.padreeustaquio.com.br\/"},{"@type":"ListItem","position":2,"name":"Vivendo o Dia das M\u00e3es inspirados em Padre Eust\u00e1quio"}]},{"@type":"WebSite","@id":"https:\/\/www.padreeustaquio.com.br\/#website","url":"https:\/\/www.padreeustaquio.com.br\/","name":"FATHER EUST\u00c1QUIO","description":"Health and Peace","publisher":{"@id":"https:\/\/www.padreeustaquio.com.br\/#organization"},"potentialAction":[{"@type":"SearchAction","target":{"@type":"EntryPoint","urlTemplate":"https:\/\/www.padreeustaquio.com.br\/?s={search_term_string}"},"query-input":{"@type":"PropertyValueSpecification","valueRequired":true,"valueName":"search_term_string"}}],"inLanguage":"en-US"},{"@type":"Organization","@id":"https:\/\/www.padreeustaquio.com.br\/#organization","name":"FATHER EUST\u00c1QUIO","url":"https:\/\/www.padreeustaquio.com.br\/","logo":{"@type":"ImageObject","inLanguage":"en-US","@id":"https:\/\/www.padreeustaquio.com.br\/#\/schema\/logo\/image\/","url":"https:\/\/www.padreeustaquio.com.br\/wp-content\/uploads\/2019\/08\/marca.png","contentUrl":"https:\/\/www.padreeustaquio.com.br\/wp-content\/uploads\/2019\/08\/marca.png","width":350,"height":400,"caption":"Padre Eust\u00e1quio"},"image":{"@id":"https:\/\/www.padreeustaquio.com.br\/#\/schema\/logo\/image\/"},"sameAs":["https:\/\/www.facebook.com\/beatopadreeustaquio\/","https:\/\/x.com\/beatopeustaquio","https:\/\/www.instagram.com\/beatopadreeustaquio\/","https:\/\/www.youtube.com\/channel\/UCRhw7vfabnajwLxb1ZXMeIw"]},{"@type":"Person","@id":"https:\/\/www.padreeustaquio.com.br\/#\/schema\/person\/a2a51db1d00f1a7af0204a0f1ddb1566","name":"@sscc","image":{"@type":"ImageObject","inLanguage":"en-US","@id":"https:\/\/secure.gravatar.com\/avatar\/68cfafa5f44617fea54071e215026e0ff06be366c3d54a8425f04fdcb86f8c5f?s=96&d=mm&r=g","url":"https:\/\/secure.gravatar.com\/avatar\/68cfafa5f44617fea54071e215026e0ff06be366c3d54a8425f04fdcb86f8c5f?s=96&d=mm&r=g","contentUrl":"https:\/\/secure.gravatar.com\/avatar\/68cfafa5f44617fea54071e215026e0ff06be366c3d54a8425f04fdcb86f8c5f?s=96&d=mm&r=g","caption":"@sscc"},"url":"https:\/\/www.padreeustaquio.com.br\/en\/author\/sscc\/"}]}},"_links":{"self":[{"href":"https:\/\/www.padreeustaquio.com.br\/en\/wp-json\/wp\/v2\/posts\/11313","targetHints":{"allow":["GET"]}}],"collection":[{"href":"https:\/\/www.padreeustaquio.com.br\/en\/wp-json\/wp\/v2\/posts"}],"about":[{"href":"https:\/\/www.padreeustaquio.com.br\/en\/wp-json\/wp\/v2\/types\/post"}],"author":[{"embeddable":true,"href":"https:\/\/www.padreeustaquio.com.br\/en\/wp-json\/wp\/v2\/users\/2"}],"replies":[{"embeddable":true,"href":"https:\/\/www.padreeustaquio.com.br\/en\/wp-json\/wp\/v2\/comments?post=11313"}],"version-history":[{"count":0,"href":"https:\/\/www.padreeustaquio.com.br\/en\/wp-json\/wp\/v2\/posts\/11313\/revisions"}],"wp:featuredmedia":[{"embeddable":true,"href":"https:\/\/www.padreeustaquio.com.br\/en\/wp-json\/wp\/v2\/media\/11314"}],"wp:attachment":[{"href":"https:\/\/www.padreeustaquio.com.br\/en\/wp-json\/wp\/v2\/media?parent=11313"}],"wp:term":[{"taxonomy":"category","embeddable":true,"href":"https:\/\/www.padreeustaquio.com.br\/en\/wp-json\/wp\/v2\/categories?post=11313"},{"taxonomy":"post_tag","embeddable":true,"href":"https:\/\/www.padreeustaquio.com.br\/en\/wp-json\/wp\/v2\/tags?post=11313"}],"curies":[{"name":"wp","href":"https:\/\/api.w.org\/{rel}","templated":true}]}}