{"id":11308,"date":"2024-05-10T06:29:14","date_gmt":"2024-05-10T09:29:14","guid":{"rendered":"https:\/\/www.padreeustaquio.com.br\/?p=11308"},"modified":"2024-05-08T15:56:42","modified_gmt":"2024-05-08T18:56:42","slug":"saint-damian-of-molokai-the-saint-who-inspired-father-eustace-and-is-celebrated-today","status":"publish","type":"post","link":"https:\/\/www.padreeustaquio.com.br\/en\/saint-damian-of-molokai-the-saint-who-inspired-father-eustace-and-is-celebrated-today\/","title":{"rendered":"SAINT DAMIAN OF MOLOKAI \u2013 The saint who inspired Father Eust\u00e1quio is celebrated today."},"content":{"rendered":"<p>From his childhood, Father Eustace was inspired by the stories and heroism of Saint Damien of Molokai, known for his love and care for people suffering from Hansen&#039;s disease (leprosy). This inspiration led him to follow in the Saint&#039;s footsteps, entering religious life and becoming a missionary.<\/p>\n<p><strong>Who was Saint Damien of Molokai?<\/strong><\/p>\n<p>Jozef de Veuster was born in Tremelo on January 3, 1840. Upon entering the novitiate of the Congregation of the Sacred Hearts of Jesus and Mary, he adopted the name Damien. Influenced by his brother, who desired to become a missionary in distant lands, Damien also felt called to the mission. With the congregation&#039;s permission, he departed for the Hawaiian archipelago, arriving in the capital, Honolulu. There, he was ordained a priest and dedicated himself especially to the sick.<\/p>\n<p>At that time, leprosy patients were sent to live in a colony on the island of Molokai. Realizing the need for spiritual assistance for these people, Damien volunteered for this mission. Over time, he transformed the island, building a church, a hospital, an infirmary, a school, and houses for the inhabitants.<\/p>\n<p>In 1885, at the age of 49, Damien also contracted leprosy. Despite being offered treatment off the island, he refused, choosing to remain among the sick. Even in his suffering, he continued his work of love and faith. Before passing away, he witnessed the arrival of new missionaries and nuns, including Blessed Mother Marianna Cope, who succeeded him in caring for the sick. Damien died on April 15, 1889.<\/p>\n<p><strong>The Recognition of Holiness<\/strong><\/p>\n<p>Beatified by Saint John Paul II in 1995 and canonized by Pope Benedict XVI in 2009, Saint Damien of Molokai is remembered for his courage, generosity, and love for the most needy.<\/p>\n<p>May 10th was chosen as the liturgical day for the remembrance of Saint Damien of Molokai, marking the date he arrived on the island to begin his work with lepers.<\/p>\n<p>Saint Damien of Molokai remains a living example of how love and dedication can transform lives, even in the most challenging circumstances. His life inspires us to serve those in need with courage, compassion, and faith. Learn more <a href=\"https:\/\/www.youtube.com\/watch?v=GltkBX-Vf-Q#:~:text=Senhor%2C%20tu%20est%C3%A1s%20a%20beira,pra%20sempre%20benditos%20e%20louvados!\">HYMN TO SAINT DAMIAN OF MOLOKAI<\/a> with the Portuguese version of the lyrics written by Guillermo Rosas.<\/p>","protected":false},"excerpt":{"rendered":"<p>Desde a sua inf\u00e2ncia, Padre Eust\u00e1quio foi inspirado pelas hist\u00f3rias e pelo hero\u00edsmo de S\u00e3o Dami\u00e3o de Molokai, conhecido por seu amor e cuidado \u00e0s pessoas que sofriam com a Hansen\u00edase (lepra). Essa inspira\u00e7\u00e3o o levou a seguir os passos do Santo, ingressando na vida religiosa e tornando-se um mission\u00e1rio. Quem foi S\u00e3o Dami\u00e3o de Molokai? Jozef de Veuster nasceu em Tremelo, no dia 3 de janeiro de 1840. Ao ingressar no noviciado da Congrega\u00e7\u00e3o dos Sagrados Cora\u00e7\u00f5es de Jesus e Maria, adotou o nome de Dami\u00e3o. Influenciado pelo seu irm\u00e3o, que tinha o desejo de se tornar mission\u00e1rio em [&hellip;]<\/p>\n","protected":false},"author":2,"featured_media":11311,"comment_status":"open","ping_status":"closed","sticky":false,"template":"","format":"standard","meta":{"_acf_changed":false,"footnotes":""},"categories":[611],"tags":[],"class_list":["post-11308","post","type-post","status-publish","format-standard","has-post-thumbnail","hentry","category-noticias"],"acf":[],"yoast_head":"<!-- This site is optimized with the Yoast SEO plugin v27.2 - https:\/\/yoast.com\/product\/yoast-seo-wordpress\/ -->\n<title>S\u00c3O DAMI\u00c3O DE MOLOKAI - Santo que inspirou Pe. Eust\u00e1quio \u00e9 celebrado hoje<\/title>\n<meta name=\"description\" content=\"Desde a sua inf\u00e2ncia, Padre Eust\u00e1quio foi inspirado pelas hist\u00f3rias e pelo hero\u00edsmo de S\u00e3o Dami\u00e3o de Molokai, conhecido por seu amor e cuidado \u00e0s pessoas que sofriam com a Hansen\u00edase (lepra). Essa inspira\u00e7\u00e3o o levou a seguir os passos do Santo, ingressando na vida religiosa e tornando-se um mission\u00e1rio.\" \/>\n<meta name=\"robots\" content=\"index, follow, max-snippet:-1, max-image-preview:large, max-video-preview:-1\" \/>\n<link rel=\"canonical\" href=\"https:\/\/www.padreeustaquio.com.br\/en\/saint-damian-of-molokai-the-saint-who-inspired-father-eustace-and-is-celebrated-today\/\" \/>\n<meta property=\"og:locale\" content=\"en_US\" \/>\n<meta property=\"og:type\" content=\"article\" \/>\n<meta property=\"og:title\" content=\"S\u00c3O DAMI\u00c3O DE MOLOKAI - Santo que inspirou Pe. Eust\u00e1quio \u00e9 celebrado hoje\" \/>\n<meta property=\"og:description\" content=\"Desde a sua inf\u00e2ncia, Padre Eust\u00e1quio foi inspirado pelas hist\u00f3rias e pelo hero\u00edsmo de S\u00e3o Dami\u00e3o de Molokai, conhecido por seu amor e cuidado \u00e0s pessoas que sofriam com a Hansen\u00edase (lepra). Essa inspira\u00e7\u00e3o o levou a seguir os passos do Santo, ingressando na vida religiosa e tornando-se um mission\u00e1rio.\" \/>\n<meta property=\"og:url\" content=\"https:\/\/www.padreeustaquio.com.br\/en\/saint-damian-of-molokai-the-saint-who-inspired-father-eustace-and-is-celebrated-today\/\" \/>\n<meta property=\"og:site_name\" content=\"Padre Eust\u00e1quio\" \/>\n<meta property=\"article:publisher\" content=\"https:\/\/www.facebook.com\/beatopadreeustaquio\/\" \/>\n<meta property=\"article:published_time\" content=\"2024-05-10T09:29:14+00:00\" \/>\n<meta property=\"og:image\" content=\"https:\/\/www.padreeustaquio.com.br\/wp-content\/uploads\/2024\/05\/Sao-damiao-de-molokai.jpeg\" \/>\n\t<meta property=\"og:image:width\" content=\"639\" \/>\n\t<meta property=\"og:image:height\" content=\"392\" \/>\n\t<meta property=\"og:image:type\" content=\"image\/jpeg\" \/>\n<meta name=\"author\" content=\"@sscc\" \/>\n<meta name=\"twitter:card\" content=\"summary_large_image\" \/>\n<meta name=\"twitter:creator\" content=\"@beatopeustaquio\" \/>\n<meta name=\"twitter:site\" content=\"@beatopeustaquio\" \/>\n<meta name=\"twitter:label1\" content=\"Written by\" \/>\n\t<meta name=\"twitter:data1\" content=\"@sscc\" \/>\n\t<meta name=\"twitter:label2\" content=\"Est. reading time\" \/>\n\t<meta name=\"twitter:data2\" content=\"3 minutes\" \/>\n<script type=\"application\/ld+json\" class=\"yoast-schema-graph\">{\"@context\":\"https:\/\/schema.org\",\"@graph\":[{\"@type\":\"Article\",\"@id\":\"https:\/\/www.padreeustaquio.com.br\/sao-damiao-de-molokai-santo-que-inspirou-pe-eustaquio-e-celebrado-hoje\/#article\",\"isPartOf\":{\"@id\":\"https:\/\/www.padreeustaquio.com.br\/sao-damiao-de-molokai-santo-que-inspirou-pe-eustaquio-e-celebrado-hoje\/\"},\"author\":{\"name\":\"@sscc\",\"@id\":\"https:\/\/www.padreeustaquio.com.br\/#\/schema\/person\/a2a51db1d00f1a7af0204a0f1ddb1566\"},\"headline\":\"S\u00c3O DAMI\u00c3O DE MOLOKAI &#8211; Santo que inspirou Pe. Eust\u00e1quio \u00e9 celebrado hoje\",\"datePublished\":\"2024-05-10T09:29:14+00:00\",\"mainEntityOfPage\":{\"@id\":\"https:\/\/www.padreeustaquio.com.br\/sao-damiao-de-molokai-santo-que-inspirou-pe-eustaquio-e-celebrado-hoje\/\"},\"wordCount\":429,\"commentCount\":0,\"publisher\":{\"@id\":\"https:\/\/www.padreeustaquio.com.br\/#organization\"},\"image\":{\"@id\":\"https:\/\/www.padreeustaquio.com.br\/sao-damiao-de-molokai-santo-que-inspirou-pe-eustaquio-e-celebrado-hoje\/#primaryimage\"},\"thumbnailUrl\":\"https:\/\/www.padreeustaquio.com.br\/wp-content\/uploads\/2024\/05\/Sao-damiao-de-molokai.jpeg\",\"articleSection\":[\"Not\u00edcias\"],\"inLanguage\":\"en-US\",\"potentialAction\":[{\"@type\":\"CommentAction\",\"name\":\"Comment\",\"target\":[\"https:\/\/www.padreeustaquio.com.br\/sao-damiao-de-molokai-santo-que-inspirou-pe-eustaquio-e-celebrado-hoje\/#respond\"]}]},{\"@type\":\"WebPage\",\"@id\":\"https:\/\/www.padreeustaquio.com.br\/sao-damiao-de-molokai-santo-que-inspirou-pe-eustaquio-e-celebrado-hoje\/\",\"url\":\"https:\/\/www.padreeustaquio.com.br\/sao-damiao-de-molokai-santo-que-inspirou-pe-eustaquio-e-celebrado-hoje\/\",\"name\":\"S\u00c3O DAMI\u00c3O DE MOLOKAI - Santo que inspirou Pe. Eust\u00e1quio \u00e9 celebrado hoje\",\"isPartOf\":{\"@id\":\"https:\/\/www.padreeustaquio.com.br\/#website\"},\"primaryImageOfPage\":{\"@id\":\"https:\/\/www.padreeustaquio.com.br\/sao-damiao-de-molokai-santo-que-inspirou-pe-eustaquio-e-celebrado-hoje\/#primaryimage\"},\"image\":{\"@id\":\"https:\/\/www.padreeustaquio.com.br\/sao-damiao-de-molokai-santo-que-inspirou-pe-eustaquio-e-celebrado-hoje\/#primaryimage\"},\"thumbnailUrl\":\"https:\/\/www.padreeustaquio.com.br\/wp-content\/uploads\/2024\/05\/Sao-damiao-de-molokai.jpeg\",\"datePublished\":\"2024-05-10T09:29:14+00:00\",\"description\":\"Desde a sua inf\u00e2ncia, Padre Eust\u00e1quio foi inspirado pelas hist\u00f3rias e pelo hero\u00edsmo de S\u00e3o Dami\u00e3o de Molokai, conhecido por seu amor e cuidado \u00e0s pessoas que sofriam com a Hansen\u00edase (lepra). Essa inspira\u00e7\u00e3o o levou a seguir os passos do Santo, ingressando na vida religiosa e tornando-se um mission\u00e1rio.\",\"breadcrumb\":{\"@id\":\"https:\/\/www.padreeustaquio.com.br\/sao-damiao-de-molokai-santo-que-inspirou-pe-eustaquio-e-celebrado-hoje\/#breadcrumb\"},\"inLanguage\":\"en-US\",\"potentialAction\":[{\"@type\":\"ReadAction\",\"target\":[\"https:\/\/www.padreeustaquio.com.br\/sao-damiao-de-molokai-santo-que-inspirou-pe-eustaquio-e-celebrado-hoje\/\"]}]},{\"@type\":\"ImageObject\",\"inLanguage\":\"en-US\",\"@id\":\"https:\/\/www.padreeustaquio.com.br\/sao-damiao-de-molokai-santo-que-inspirou-pe-eustaquio-e-celebrado-hoje\/#primaryimage\",\"url\":\"https:\/\/www.padreeustaquio.com.br\/wp-content\/uploads\/2024\/05\/Sao-damiao-de-molokai.jpeg\",\"contentUrl\":\"https:\/\/www.padreeustaquio.com.br\/wp-content\/uploads\/2024\/05\/Sao-damiao-de-molokai.jpeg\",\"width\":639,\"height\":392},{\"@type\":\"BreadcrumbList\",\"@id\":\"https:\/\/www.padreeustaquio.com.br\/sao-damiao-de-molokai-santo-que-inspirou-pe-eustaquio-e-celebrado-hoje\/#breadcrumb\",\"itemListElement\":[{\"@type\":\"ListItem\",\"position\":1,\"name\":\"In\u00edcio\",\"item\":\"https:\/\/www.padreeustaquio.com.br\/\"},{\"@type\":\"ListItem\",\"position\":2,\"name\":\"S\u00c3O DAMI\u00c3O DE MOLOKAI &#8211; Santo que inspirou Pe. Eust\u00e1quio \u00e9 celebrado hoje\"}]},{\"@type\":\"WebSite\",\"@id\":\"https:\/\/www.padreeustaquio.com.br\/#website\",\"url\":\"https:\/\/www.padreeustaquio.com.br\/\",\"name\":\"Padre Eust\u00e1quio\",\"description\":\"Sa\u00fade e Paz\",\"publisher\":{\"@id\":\"https:\/\/www.padreeustaquio.com.br\/#organization\"},\"potentialAction\":[{\"@type\":\"SearchAction\",\"target\":{\"@type\":\"EntryPoint\",\"urlTemplate\":\"https:\/\/www.padreeustaquio.com.br\/?s={search_term_string}\"},\"query-input\":{\"@type\":\"PropertyValueSpecification\",\"valueRequired\":true,\"valueName\":\"search_term_string\"}}],\"inLanguage\":\"en-US\"},{\"@type\":\"Organization\",\"@id\":\"https:\/\/www.padreeustaquio.com.br\/#organization\",\"name\":\"Padre Eust\u00e1quio\",\"url\":\"https:\/\/www.padreeustaquio.com.br\/\",\"logo\":{\"@type\":\"ImageObject\",\"inLanguage\":\"en-US\",\"@id\":\"https:\/\/www.padreeustaquio.com.br\/#\/schema\/logo\/image\/\",\"url\":\"https:\/\/www.padreeustaquio.com.br\/wp-content\/uploads\/2019\/08\/marca.png\",\"contentUrl\":\"https:\/\/www.padreeustaquio.com.br\/wp-content\/uploads\/2019\/08\/marca.png\",\"width\":350,\"height\":400,\"caption\":\"Padre Eust\u00e1quio\"},\"image\":{\"@id\":\"https:\/\/www.padreeustaquio.com.br\/#\/schema\/logo\/image\/\"},\"sameAs\":[\"https:\/\/www.facebook.com\/beatopadreeustaquio\/\",\"https:\/\/x.com\/beatopeustaquio\",\"https:\/\/www.instagram.com\/beatopadreeustaquio\/\",\"https:\/\/www.youtube.com\/channel\/UCRhw7vfabnajwLxb1ZXMeIw\"]},{\"@type\":\"Person\",\"@id\":\"https:\/\/www.padreeustaquio.com.br\/#\/schema\/person\/a2a51db1d00f1a7af0204a0f1ddb1566\",\"name\":\"@sscc\",\"image\":{\"@type\":\"ImageObject\",\"inLanguage\":\"en-US\",\"@id\":\"https:\/\/secure.gravatar.com\/avatar\/68cfafa5f44617fea54071e215026e0ff06be366c3d54a8425f04fdcb86f8c5f?s=96&d=mm&r=g\",\"url\":\"https:\/\/secure.gravatar.com\/avatar\/68cfafa5f44617fea54071e215026e0ff06be366c3d54a8425f04fdcb86f8c5f?s=96&d=mm&r=g\",\"contentUrl\":\"https:\/\/secure.gravatar.com\/avatar\/68cfafa5f44617fea54071e215026e0ff06be366c3d54a8425f04fdcb86f8c5f?s=96&d=mm&r=g\",\"caption\":\"@sscc\"},\"url\":\"https:\/\/www.padreeustaquio.com.br\/en\/author\/sscc\/\"}]}<\/script>\n<!-- \/ Yoast SEO plugin. -->","yoast_head_json":{"title":"SAINT DAMIAN OF MOLOKAI - The saint who inspired Father Eust\u00e1quio is celebrated today.","description":"From his childhood, Father Eustace was inspired by the stories and heroism of Saint Damien of Molokai, known for his love and care for people suffering from Hansen&#039;s disease (leprosy). This inspiration led him to follow in the Saint&#039;s footsteps, entering religious life and becoming a missionary.","robots":{"index":"index","follow":"follow","max-snippet":"max-snippet:-1","max-image-preview":"max-image-preview:large","max-video-preview":"max-video-preview:-1"},"canonical":"https:\/\/www.padreeustaquio.com.br\/en\/saint-damian-of-molokai-the-saint-who-inspired-father-eustace-and-is-celebrated-today\/","og_locale":"en_US","og_type":"article","og_title":"S\u00c3O DAMI\u00c3O DE MOLOKAI - Santo que inspirou Pe. Eust\u00e1quio \u00e9 celebrado hoje","og_description":"Desde a sua inf\u00e2ncia, Padre Eust\u00e1quio foi inspirado pelas hist\u00f3rias e pelo hero\u00edsmo de S\u00e3o Dami\u00e3o de Molokai, conhecido por seu amor e cuidado \u00e0s pessoas que sofriam com a Hansen\u00edase (lepra). Essa inspira\u00e7\u00e3o o levou a seguir os passos do Santo, ingressando na vida religiosa e tornando-se um mission\u00e1rio.","og_url":"https:\/\/www.padreeustaquio.com.br\/en\/saint-damian-of-molokai-the-saint-who-inspired-father-eustace-and-is-celebrated-today\/","og_site_name":"Padre Eust\u00e1quio","article_publisher":"https:\/\/www.facebook.com\/beatopadreeustaquio\/","article_published_time":"2024-05-10T09:29:14+00:00","og_image":[{"width":639,"height":392,"url":"https:\/\/www.padreeustaquio.com.br\/wp-content\/uploads\/2024\/05\/Sao-damiao-de-molokai.jpeg","type":"image\/jpeg"}],"author":"@sscc","twitter_card":"summary_large_image","twitter_creator":"@beatopeustaquio","twitter_site":"@beatopeustaquio","twitter_misc":{"Written by":"@sscc","Est. reading time":"3 minutes"},"schema":{"@context":"https:\/\/schema.org","@graph":[{"@type":"Article","@id":"https:\/\/www.padreeustaquio.com.br\/sao-damiao-de-molokai-santo-que-inspirou-pe-eustaquio-e-celebrado-hoje\/#article","isPartOf":{"@id":"https:\/\/www.padreeustaquio.com.br\/sao-damiao-de-molokai-santo-que-inspirou-pe-eustaquio-e-celebrado-hoje\/"},"author":{"name":"@sscc","@id":"https:\/\/www.padreeustaquio.com.br\/#\/schema\/person\/a2a51db1d00f1a7af0204a0f1ddb1566"},"headline":"S\u00c3O DAMI\u00c3O DE MOLOKAI &#8211; Santo que inspirou Pe. Eust\u00e1quio \u00e9 celebrado hoje","datePublished":"2024-05-10T09:29:14+00:00","mainEntityOfPage":{"@id":"https:\/\/www.padreeustaquio.com.br\/sao-damiao-de-molokai-santo-que-inspirou-pe-eustaquio-e-celebrado-hoje\/"},"wordCount":429,"commentCount":0,"publisher":{"@id":"https:\/\/www.padreeustaquio.com.br\/#organization"},"image":{"@id":"https:\/\/www.padreeustaquio.com.br\/sao-damiao-de-molokai-santo-que-inspirou-pe-eustaquio-e-celebrado-hoje\/#primaryimage"},"thumbnailUrl":"https:\/\/www.padreeustaquio.com.br\/wp-content\/uploads\/2024\/05\/Sao-damiao-de-molokai.jpeg","articleSection":["Not\u00edcias"],"inLanguage":"en-US","potentialAction":[{"@type":"CommentAction","name":"Comment","target":["https:\/\/www.padreeustaquio.com.br\/sao-damiao-de-molokai-santo-que-inspirou-pe-eustaquio-e-celebrado-hoje\/#respond"]}]},{"@type":"WebPage","@id":"https:\/\/www.padreeustaquio.com.br\/sao-damiao-de-molokai-santo-que-inspirou-pe-eustaquio-e-celebrado-hoje\/","url":"https:\/\/www.padreeustaquio.com.br\/sao-damiao-de-molokai-santo-que-inspirou-pe-eustaquio-e-celebrado-hoje\/","name":"SAINT DAMIAN OF MOLOKAI - The saint who inspired Father Eust\u00e1quio is celebrated today.","isPartOf":{"@id":"https:\/\/www.padreeustaquio.com.br\/#website"},"primaryImageOfPage":{"@id":"https:\/\/www.padreeustaquio.com.br\/sao-damiao-de-molokai-santo-que-inspirou-pe-eustaquio-e-celebrado-hoje\/#primaryimage"},"image":{"@id":"https:\/\/www.padreeustaquio.com.br\/sao-damiao-de-molokai-santo-que-inspirou-pe-eustaquio-e-celebrado-hoje\/#primaryimage"},"thumbnailUrl":"https:\/\/www.padreeustaquio.com.br\/wp-content\/uploads\/2024\/05\/Sao-damiao-de-molokai.jpeg","datePublished":"2024-05-10T09:29:14+00:00","description":"From his childhood, Father Eustace was inspired by the stories and heroism of Saint Damien of Molokai, known for his love and care for people suffering from Hansen&#039;s disease (leprosy). This inspiration led him to follow in the Saint&#039;s footsteps, entering religious life and becoming a missionary.","breadcrumb":{"@id":"https:\/\/www.padreeustaquio.com.br\/sao-damiao-de-molokai-santo-que-inspirou-pe-eustaquio-e-celebrado-hoje\/#breadcrumb"},"inLanguage":"en-US","potentialAction":[{"@type":"ReadAction","target":["https:\/\/www.padreeustaquio.com.br\/sao-damiao-de-molokai-santo-que-inspirou-pe-eustaquio-e-celebrado-hoje\/"]}]},{"@type":"ImageObject","inLanguage":"en-US","@id":"https:\/\/www.padreeustaquio.com.br\/sao-damiao-de-molokai-santo-que-inspirou-pe-eustaquio-e-celebrado-hoje\/#primaryimage","url":"https:\/\/www.padreeustaquio.com.br\/wp-content\/uploads\/2024\/05\/Sao-damiao-de-molokai.jpeg","contentUrl":"https:\/\/www.padreeustaquio.com.br\/wp-content\/uploads\/2024\/05\/Sao-damiao-de-molokai.jpeg","width":639,"height":392},{"@type":"BreadcrumbList","@id":"https:\/\/www.padreeustaquio.com.br\/sao-damiao-de-molokai-santo-que-inspirou-pe-eustaquio-e-celebrado-hoje\/#breadcrumb","itemListElement":[{"@type":"ListItem","position":1,"name":"In\u00edcio","item":"https:\/\/www.padreeustaquio.com.br\/"},{"@type":"ListItem","position":2,"name":"S\u00c3O DAMI\u00c3O DE MOLOKAI &#8211; Santo que inspirou Pe. Eust\u00e1quio \u00e9 celebrado hoje"}]},{"@type":"WebSite","@id":"https:\/\/www.padreeustaquio.com.br\/#website","url":"https:\/\/www.padreeustaquio.com.br\/","name":"FATHER EUST\u00c1QUIO","description":"Health and Peace","publisher":{"@id":"https:\/\/www.padreeustaquio.com.br\/#organization"},"potentialAction":[{"@type":"SearchAction","target":{"@type":"EntryPoint","urlTemplate":"https:\/\/www.padreeustaquio.com.br\/?s={search_term_string}"},"query-input":{"@type":"PropertyValueSpecification","valueRequired":true,"valueName":"search_term_string"}}],"inLanguage":"en-US"},{"@type":"Organization","@id":"https:\/\/www.padreeustaquio.com.br\/#organization","name":"FATHER EUST\u00c1QUIO","url":"https:\/\/www.padreeustaquio.com.br\/","logo":{"@type":"ImageObject","inLanguage":"en-US","@id":"https:\/\/www.padreeustaquio.com.br\/#\/schema\/logo\/image\/","url":"https:\/\/www.padreeustaquio.com.br\/wp-content\/uploads\/2019\/08\/marca.png","contentUrl":"https:\/\/www.padreeustaquio.com.br\/wp-content\/uploads\/2019\/08\/marca.png","width":350,"height":400,"caption":"Padre Eust\u00e1quio"},"image":{"@id":"https:\/\/www.padreeustaquio.com.br\/#\/schema\/logo\/image\/"},"sameAs":["https:\/\/www.facebook.com\/beatopadreeustaquio\/","https:\/\/x.com\/beatopeustaquio","https:\/\/www.instagram.com\/beatopadreeustaquio\/","https:\/\/www.youtube.com\/channel\/UCRhw7vfabnajwLxb1ZXMeIw"]},{"@type":"Person","@id":"https:\/\/www.padreeustaquio.com.br\/#\/schema\/person\/a2a51db1d00f1a7af0204a0f1ddb1566","name":"@sscc","image":{"@type":"ImageObject","inLanguage":"en-US","@id":"https:\/\/secure.gravatar.com\/avatar\/68cfafa5f44617fea54071e215026e0ff06be366c3d54a8425f04fdcb86f8c5f?s=96&d=mm&r=g","url":"https:\/\/secure.gravatar.com\/avatar\/68cfafa5f44617fea54071e215026e0ff06be366c3d54a8425f04fdcb86f8c5f?s=96&d=mm&r=g","contentUrl":"https:\/\/secure.gravatar.com\/avatar\/68cfafa5f44617fea54071e215026e0ff06be366c3d54a8425f04fdcb86f8c5f?s=96&d=mm&r=g","caption":"@sscc"},"url":"https:\/\/www.padreeustaquio.com.br\/en\/author\/sscc\/"}]}},"_links":{"self":[{"href":"https:\/\/www.padreeustaquio.com.br\/en\/wp-json\/wp\/v2\/posts\/11308","targetHints":{"allow":["GET"]}}],"collection":[{"href":"https:\/\/www.padreeustaquio.com.br\/en\/wp-json\/wp\/v2\/posts"}],"about":[{"href":"https:\/\/www.padreeustaquio.com.br\/en\/wp-json\/wp\/v2\/types\/post"}],"author":[{"embeddable":true,"href":"https:\/\/www.padreeustaquio.com.br\/en\/wp-json\/wp\/v2\/users\/2"}],"replies":[{"embeddable":true,"href":"https:\/\/www.padreeustaquio.com.br\/en\/wp-json\/wp\/v2\/comments?post=11308"}],"version-history":[{"count":0,"href":"https:\/\/www.padreeustaquio.com.br\/en\/wp-json\/wp\/v2\/posts\/11308\/revisions"}],"wp:featuredmedia":[{"embeddable":true,"href":"https:\/\/www.padreeustaquio.com.br\/en\/wp-json\/wp\/v2\/media\/11311"}],"wp:attachment":[{"href":"https:\/\/www.padreeustaquio.com.br\/en\/wp-json\/wp\/v2\/media?parent=11308"}],"wp:term":[{"taxonomy":"category","embeddable":true,"href":"https:\/\/www.padreeustaquio.com.br\/en\/wp-json\/wp\/v2\/categories?post=11308"},{"taxonomy":"post_tag","embeddable":true,"href":"https:\/\/www.padreeustaquio.com.br\/en\/wp-json\/wp\/v2\/tags?post=11308"}],"curies":[{"name":"wp","href":"https:\/\/api.w.org\/{rel}","templated":true}]}}