{"id":11260,"date":"2024-04-29T09:50:39","date_gmt":"2024-04-29T12:50:39","guid":{"rendered":"https:\/\/www.padreeustaquio.com.br\/?p=11260"},"modified":"2024-04-29T09:50:39","modified_gmt":"2024-04-29T12:50:39","slug":"padre-eustaquio-daycare-center-unit-ii-holds-a-family-celebration-with-the-theme-of-values-and-affection","status":"publish","type":"post","link":"https:\/\/www.padreeustaquio.com.br\/en\/padre-eustaquio-daycare-center-unit-ii-holds-a-family-celebration-with-the-theme-of-values-and-affection\/","title":{"rendered":"Padre Eust\u00e1quio Daycare Unit II holds Family Festival with the theme: values and affection."},"content":{"rendered":"<p>Last weekend, the Padre Eust\u00e1quio Daycare Center, Unit II, held another edition of the Family Festival, focusing on the theme of values and affection with the children. This event was a unique opportunity to highlight the importance of affection in early childhood education and how fundamental values can be transmitted by families.<\/p>\n<p>With a total of 94 children, aged between 4 months and 3 years, Unit II of the Padre Eust\u00e1quio Daycare Center aims to provide a safe and welcoming environment for the holistic development of the little ones. It is believed that by creating strong emotional bonds, children feel more secure and their daily experiences become more meaningful.<\/p>\n<p>The Festival takes place every year at the daycare centers and aims to strengthen the bonds between families and the school.<\/p>\n<p>Each teacher at the daycare center demonstrated a unique perspective in approaching the proposed themes, bringing different aspects that contribute to the emotional and cognitive development of the children. The activities were varied and stimulating. There were painting and recycling workshops, and there was also planting of seedlings and many games with parents.<\/p>\n<p><strong>The Importance of Affection in Early Childhood Education<\/p>\n<p><\/strong>Affection plays a crucial role in child development. At the Padre Eust\u00e1quio Daycare Center, it is recognized that when children feel loved and secure, they are more likely to explore the world around them, relate healthily to others, and develop positive self-esteem.<\/p>\n<p>The party organized by the daycare center not only highlighted the importance of affection, but also demonstrated how fundamental values can be transmitted in a practical and tangible way within the school context.<\/p>\n\n\t\t<style type=\"text\/css\">\n\t\t\t#gallery-1 {\n\t\t\t\tmargin: auto;\n\t\t\t}\n\t\t\t#gallery-1 .gallery-item {\n\t\t\t\tfloat: left;\n\t\t\t\tmargin-top: 10px;\n\t\t\t\ttext-align: center;\n\t\t\t\twidth: 33%;\n\t\t\t}\n\t\t\t#gallery-1 img {\n\t\t\t\tborder: 2px solid #cfcfcf;\n\t\t\t}\n\t\t\t#gallery-1 .gallery-caption {\n\t\t\t\tmargin-left: 0;\n\t\t\t}\n\t\t\t\/* see gallery_shortcode() in wp-includes\/media.php *\/\n\t\t<\/style>\n\t\t<div id='gallery-1' class='gallery galleryid-11260 gallery-columns-3 gallery-size-thumbnail'><dl class='gallery-item'>\n\t\t\t<dt class='gallery-icon portrait'>\n\t\t\t\t<a href='https:\/\/www.padreeustaquio.com.br\/en\/padre-eustaquio-daycare-center-unit-ii-holds-a-family-celebration-with-the-theme-of-values-and-affection\/festa-familia-unid-2-2\/'><img decoding=\"async\" width=\"150\" height=\"150\" src=\"https:\/\/www.padreeustaquio.com.br\/wp-content\/uploads\/2024\/04\/Festa-Familia-unid.-2-2-150x150.jpeg\" class=\"attachment-thumbnail size-thumbnail\" alt=\"\" srcset=\"https:\/\/www.padreeustaquio.com.br\/wp-content\/uploads\/2024\/04\/Festa-Familia-unid.-2-2-150x150.jpeg 150w, https:\/\/www.padreeustaquio.com.br\/wp-content\/uploads\/2024\/04\/Festa-Familia-unid.-2-2-75x75.jpeg 75w, https:\/\/www.padreeustaquio.com.br\/wp-content\/uploads\/2024\/04\/Festa-Familia-unid.-2-2-180x180.jpeg 180w, https:\/\/www.padreeustaquio.com.br\/wp-content\/uploads\/2024\/04\/Festa-Familia-unid.-2-2-400x400.jpeg 400w, https:\/\/www.padreeustaquio.com.br\/wp-content\/uploads\/2024\/04\/Festa-Familia-unid.-2-2-600x600.jpeg 600w\" sizes=\"(max-width: 150px) 100vw, 150px\" \/><\/a>\n\t\t\t<\/dt><\/dl><dl class='gallery-item'>\n\t\t\t<dt class='gallery-icon portrait'>\n\t\t\t\t<a href='https:\/\/www.padreeustaquio.com.br\/en\/padre-eustaquio-daycare-center-unit-ii-holds-a-family-celebration-with-the-theme-of-values-and-affection\/festa-familia-unid-2-3\/'><img decoding=\"async\" width=\"150\" height=\"150\" src=\"https:\/\/www.padreeustaquio.com.br\/wp-content\/uploads\/2024\/04\/Festa-Familia-unid.-2-3-150x150.jpeg\" class=\"attachment-thumbnail size-thumbnail\" alt=\"\" srcset=\"https:\/\/www.padreeustaquio.com.br\/wp-content\/uploads\/2024\/04\/Festa-Familia-unid.-2-3-150x150.jpeg 150w, https:\/\/www.padreeustaquio.com.br\/wp-content\/uploads\/2024\/04\/Festa-Familia-unid.-2-3-75x75.jpeg 75w, https:\/\/www.padreeustaquio.com.br\/wp-content\/uploads\/2024\/04\/Festa-Familia-unid.-2-3-180x180.jpeg 180w, https:\/\/www.padreeustaquio.com.br\/wp-content\/uploads\/2024\/04\/Festa-Familia-unid.-2-3-400x400.jpeg 400w, https:\/\/www.padreeustaquio.com.br\/wp-content\/uploads\/2024\/04\/Festa-Familia-unid.-2-3-600x600.jpeg 600w\" sizes=\"(max-width: 150px) 100vw, 150px\" \/><\/a>\n\t\t\t<\/dt><\/dl><dl class='gallery-item'>\n\t\t\t<dt class='gallery-icon portrait'>\n\t\t\t\t<a href='https:\/\/www.padreeustaquio.com.br\/en\/padre-eustaquio-daycare-center-unit-ii-holds-a-family-celebration-with-the-theme-of-values-and-affection\/festa-familia-unid-2-4\/'><img decoding=\"async\" width=\"150\" height=\"150\" src=\"https:\/\/www.padreeustaquio.com.br\/wp-content\/uploads\/2024\/04\/Festa-Familia-unid.-2-4-150x150.jpeg\" class=\"attachment-thumbnail size-thumbnail\" alt=\"\" srcset=\"https:\/\/www.padreeustaquio.com.br\/wp-content\/uploads\/2024\/04\/Festa-Familia-unid.-2-4-150x150.jpeg 150w, https:\/\/www.padreeustaquio.com.br\/wp-content\/uploads\/2024\/04\/Festa-Familia-unid.-2-4-75x75.jpeg 75w, https:\/\/www.padreeustaquio.com.br\/wp-content\/uploads\/2024\/04\/Festa-Familia-unid.-2-4-180x180.jpeg 180w, https:\/\/www.padreeustaquio.com.br\/wp-content\/uploads\/2024\/04\/Festa-Familia-unid.-2-4-400x400.jpeg 400w, https:\/\/www.padreeustaquio.com.br\/wp-content\/uploads\/2024\/04\/Festa-Familia-unid.-2-4-600x600.jpeg 600w\" sizes=\"(max-width: 150px) 100vw, 150px\" \/><\/a>\n\t\t\t<\/dt><\/dl><br style=\"clear: both\" \/><dl class='gallery-item'>\n\t\t\t<dt class='gallery-icon portrait'>\n\t\t\t\t<a href='https:\/\/www.padreeustaquio.com.br\/en\/padre-eustaquio-daycare-center-unit-ii-holds-a-family-celebration-with-the-theme-of-values-and-affection\/festa-familia-unid-2-5\/'><img loading=\"lazy\" decoding=\"async\" width=\"150\" height=\"150\" src=\"https:\/\/www.padreeustaquio.com.br\/wp-content\/uploads\/2024\/04\/Festa-Familia-unid.-2-5-150x150.jpeg\" class=\"attachment-thumbnail size-thumbnail\" alt=\"\" srcset=\"https:\/\/www.padreeustaquio.com.br\/wp-content\/uploads\/2024\/04\/Festa-Familia-unid.-2-5-150x150.jpeg 150w, https:\/\/www.padreeustaquio.com.br\/wp-content\/uploads\/2024\/04\/Festa-Familia-unid.-2-5-75x75.jpeg 75w, https:\/\/www.padreeustaquio.com.br\/wp-content\/uploads\/2024\/04\/Festa-Familia-unid.-2-5-180x180.jpeg 180w, https:\/\/www.padreeustaquio.com.br\/wp-content\/uploads\/2024\/04\/Festa-Familia-unid.-2-5-400x400.jpeg 400w, https:\/\/www.padreeustaquio.com.br\/wp-content\/uploads\/2024\/04\/Festa-Familia-unid.-2-5-600x600.jpeg 600w\" sizes=\"(max-width: 150px) 100vw, 150px\" \/><\/a>\n\t\t\t<\/dt><\/dl><dl class='gallery-item'>\n\t\t\t<dt class='gallery-icon portrait'>\n\t\t\t\t<a href='https:\/\/www.padreeustaquio.com.br\/en\/padre-eustaquio-daycare-center-unit-ii-holds-a-family-celebration-with-the-theme-of-values-and-affection\/festa-familia-unid-2-6\/'><img loading=\"lazy\" decoding=\"async\" width=\"150\" height=\"150\" src=\"https:\/\/www.padreeustaquio.com.br\/wp-content\/uploads\/2024\/04\/Festa-Familia-unid.-2-6-150x150.jpeg\" class=\"attachment-thumbnail size-thumbnail\" alt=\"\" srcset=\"https:\/\/www.padreeustaquio.com.br\/wp-content\/uploads\/2024\/04\/Festa-Familia-unid.-2-6-150x150.jpeg 150w, https:\/\/www.padreeustaquio.com.br\/wp-content\/uploads\/2024\/04\/Festa-Familia-unid.-2-6-75x75.jpeg 75w, https:\/\/www.padreeustaquio.com.br\/wp-content\/uploads\/2024\/04\/Festa-Familia-unid.-2-6-180x180.jpeg 180w, https:\/\/www.padreeustaquio.com.br\/wp-content\/uploads\/2024\/04\/Festa-Familia-unid.-2-6-400x400.jpeg 400w, https:\/\/www.padreeustaquio.com.br\/wp-content\/uploads\/2024\/04\/Festa-Familia-unid.-2-6-600x600.jpeg 600w\" sizes=\"(max-width: 150px) 100vw, 150px\" \/><\/a>\n\t\t\t<\/dt><\/dl><dl class='gallery-item'>\n\t\t\t<dt class='gallery-icon portrait'>\n\t\t\t\t<a href='https:\/\/www.padreeustaquio.com.br\/en\/padre-eustaquio-daycare-center-unit-ii-holds-a-family-celebration-with-the-theme-of-values-and-affection\/festa-familia-unid-2-7\/'><img loading=\"lazy\" decoding=\"async\" width=\"150\" height=\"150\" src=\"https:\/\/www.padreeustaquio.com.br\/wp-content\/uploads\/2024\/04\/Festa-Familia-unid.-2-7-150x150.jpeg\" class=\"attachment-thumbnail size-thumbnail\" alt=\"\" srcset=\"https:\/\/www.padreeustaquio.com.br\/wp-content\/uploads\/2024\/04\/Festa-Familia-unid.-2-7-150x150.jpeg 150w, https:\/\/www.padreeustaquio.com.br\/wp-content\/uploads\/2024\/04\/Festa-Familia-unid.-2-7-75x75.jpeg 75w, https:\/\/www.padreeustaquio.com.br\/wp-content\/uploads\/2024\/04\/Festa-Familia-unid.-2-7-180x180.jpeg 180w, https:\/\/www.padreeustaquio.com.br\/wp-content\/uploads\/2024\/04\/Festa-Familia-unid.-2-7-400x400.jpeg 400w, https:\/\/www.padreeustaquio.com.br\/wp-content\/uploads\/2024\/04\/Festa-Familia-unid.-2-7-600x600.jpeg 600w\" sizes=\"(max-width: 150px) 100vw, 150px\" \/><\/a>\n\t\t\t<\/dt><\/dl><br style=\"clear: both\" \/><dl class='gallery-item'>\n\t\t\t<dt class='gallery-icon portrait'>\n\t\t\t\t<a href='https:\/\/www.padreeustaquio.com.br\/en\/padre-eustaquio-daycare-center-unit-ii-holds-a-family-celebration-with-the-theme-of-values-and-affection\/festa-familia-unid-2-8\/'><img loading=\"lazy\" decoding=\"async\" width=\"150\" height=\"150\" src=\"https:\/\/www.padreeustaquio.com.br\/wp-content\/uploads\/2024\/04\/Festa-Familia-unid.-2-8-150x150.jpeg\" class=\"attachment-thumbnail size-thumbnail\" alt=\"\" srcset=\"https:\/\/www.padreeustaquio.com.br\/wp-content\/uploads\/2024\/04\/Festa-Familia-unid.-2-8-150x150.jpeg 150w, https:\/\/www.padreeustaquio.com.br\/wp-content\/uploads\/2024\/04\/Festa-Familia-unid.-2-8-75x75.jpeg 75w, https:\/\/www.padreeustaquio.com.br\/wp-content\/uploads\/2024\/04\/Festa-Familia-unid.-2-8-180x180.jpeg 180w, https:\/\/www.padreeustaquio.com.br\/wp-content\/uploads\/2024\/04\/Festa-Familia-unid.-2-8-400x400.jpeg 400w, https:\/\/www.padreeustaquio.com.br\/wp-content\/uploads\/2024\/04\/Festa-Familia-unid.-2-8-600x600.jpeg 600w\" sizes=\"(max-width: 150px) 100vw, 150px\" \/><\/a>\n\t\t\t<\/dt><\/dl><dl class='gallery-item'>\n\t\t\t<dt class='gallery-icon portrait'>\n\t\t\t\t<a href='https:\/\/www.padreeustaquio.com.br\/en\/padre-eustaquio-daycare-center-unit-ii-holds-a-family-celebration-with-the-theme-of-values-and-affection\/festa-familia-unid-2-1\/'><img loading=\"lazy\" decoding=\"async\" width=\"150\" height=\"150\" src=\"https:\/\/www.padreeustaquio.com.br\/wp-content\/uploads\/2024\/04\/Festa-Familia-unid.-2-1-150x150.jpeg\" class=\"attachment-thumbnail size-thumbnail\" alt=\"\" srcset=\"https:\/\/www.padreeustaquio.com.br\/wp-content\/uploads\/2024\/04\/Festa-Familia-unid.-2-1-150x150.jpeg 150w, https:\/\/www.padreeustaquio.com.br\/wp-content\/uploads\/2024\/04\/Festa-Familia-unid.-2-1-75x75.jpeg 75w, https:\/\/www.padreeustaquio.com.br\/wp-content\/uploads\/2024\/04\/Festa-Familia-unid.-2-1-180x180.jpeg 180w, https:\/\/www.padreeustaquio.com.br\/wp-content\/uploads\/2024\/04\/Festa-Familia-unid.-2-1-400x400.jpeg 400w, https:\/\/www.padreeustaquio.com.br\/wp-content\/uploads\/2024\/04\/Festa-Familia-unid.-2-1-600x600.jpeg 600w\" sizes=\"(max-width: 150px) 100vw, 150px\" \/><\/a>\n\t\t\t<\/dt><\/dl><dl class='gallery-item'>\n\t\t\t<dt class='gallery-icon portrait'>\n\t\t\t\t<a href='https:\/\/www.padreeustaquio.com.br\/en\/padre-eustaquio-daycare-center-unit-ii-holds-a-family-celebration-with-the-theme-of-values-and-affection\/festa-familia-unid-2-9\/'><img loading=\"lazy\" decoding=\"async\" width=\"150\" height=\"150\" src=\"https:\/\/www.padreeustaquio.com.br\/wp-content\/uploads\/2024\/04\/Festa-Familia-unid.-2-9-150x150.jpeg\" class=\"attachment-thumbnail size-thumbnail\" alt=\"\" srcset=\"https:\/\/www.padreeustaquio.com.br\/wp-content\/uploads\/2024\/04\/Festa-Familia-unid.-2-9-150x150.jpeg 150w, https:\/\/www.padreeustaquio.com.br\/wp-content\/uploads\/2024\/04\/Festa-Familia-unid.-2-9-75x75.jpeg 75w, https:\/\/www.padreeustaquio.com.br\/wp-content\/uploads\/2024\/04\/Festa-Familia-unid.-2-9-180x180.jpeg 180w, https:\/\/www.padreeustaquio.com.br\/wp-content\/uploads\/2024\/04\/Festa-Familia-unid.-2-9-400x400.jpeg 400w, https:\/\/www.padreeustaquio.com.br\/wp-content\/uploads\/2024\/04\/Festa-Familia-unid.-2-9-600x600.jpeg 600w\" sizes=\"(max-width: 150px) 100vw, 150px\" \/><\/a>\n\t\t\t<\/dt><\/dl><br style=\"clear: both\" \/><dl class='gallery-item'>\n\t\t\t<dt class='gallery-icon portrait'>\n\t\t\t\t<a href='https:\/\/www.padreeustaquio.com.br\/en\/padre-eustaquio-daycare-center-unit-ii-holds-a-family-celebration-with-the-theme-of-values-and-affection\/festa-familia-unid-2-10\/'><img loading=\"lazy\" decoding=\"async\" width=\"150\" height=\"150\" src=\"https:\/\/www.padreeustaquio.com.br\/wp-content\/uploads\/2024\/04\/Festa-Familia-unid.-2-10-150x150.jpeg\" class=\"attachment-thumbnail size-thumbnail\" alt=\"\" srcset=\"https:\/\/www.padreeustaquio.com.br\/wp-content\/uploads\/2024\/04\/Festa-Familia-unid.-2-10-150x150.jpeg 150w, https:\/\/www.padreeustaquio.com.br\/wp-content\/uploads\/2024\/04\/Festa-Familia-unid.-2-10-75x75.jpeg 75w, https:\/\/www.padreeustaquio.com.br\/wp-content\/uploads\/2024\/04\/Festa-Familia-unid.-2-10-180x180.jpeg 180w, https:\/\/www.padreeustaquio.com.br\/wp-content\/uploads\/2024\/04\/Festa-Familia-unid.-2-10-400x400.jpeg 400w, https:\/\/www.padreeustaquio.com.br\/wp-content\/uploads\/2024\/04\/Festa-Familia-unid.-2-10-600x600.jpeg 600w\" sizes=\"(max-width: 150px) 100vw, 150px\" \/><\/a>\n\t\t\t<\/dt><\/dl><dl class='gallery-item'>\n\t\t\t<dt class='gallery-icon portrait'>\n\t\t\t\t<a href='https:\/\/www.padreeustaquio.com.br\/en\/padre-eustaquio-daycare-center-unit-ii-holds-a-family-celebration-with-the-theme-of-values-and-affection\/festa-familia-unid-2-11\/'><img loading=\"lazy\" decoding=\"async\" width=\"150\" height=\"150\" src=\"https:\/\/www.padreeustaquio.com.br\/wp-content\/uploads\/2024\/04\/Festa-Familia-unid.-2-11-150x150.jpeg\" class=\"attachment-thumbnail size-thumbnail\" alt=\"\" srcset=\"https:\/\/www.padreeustaquio.com.br\/wp-content\/uploads\/2024\/04\/Festa-Familia-unid.-2-11-150x150.jpeg 150w, https:\/\/www.padreeustaquio.com.br\/wp-content\/uploads\/2024\/04\/Festa-Familia-unid.-2-11-75x75.jpeg 75w, https:\/\/www.padreeustaquio.com.br\/wp-content\/uploads\/2024\/04\/Festa-Familia-unid.-2-11-180x180.jpeg 180w, https:\/\/www.padreeustaquio.com.br\/wp-content\/uploads\/2024\/04\/Festa-Familia-unid.-2-11-400x400.jpeg 400w, https:\/\/www.padreeustaquio.com.br\/wp-content\/uploads\/2024\/04\/Festa-Familia-unid.-2-11-600x600.jpeg 600w\" sizes=\"(max-width: 150px) 100vw, 150px\" \/><\/a>\n\t\t\t<\/dt><\/dl><dl class='gallery-item'>\n\t\t\t<dt class='gallery-icon portrait'>\n\t\t\t\t<a href='https:\/\/www.padreeustaquio.com.br\/en\/padre-eustaquio-daycare-center-unit-ii-holds-a-family-celebration-with-the-theme-of-values-and-affection\/festa-familia-unid-2-12\/'><img loading=\"lazy\" decoding=\"async\" width=\"150\" height=\"150\" src=\"https:\/\/www.padreeustaquio.com.br\/wp-content\/uploads\/2024\/04\/Festa-Familia-unid.-2-12-150x150.jpeg\" class=\"attachment-thumbnail size-thumbnail\" alt=\"\" srcset=\"https:\/\/www.padreeustaquio.com.br\/wp-content\/uploads\/2024\/04\/Festa-Familia-unid.-2-12-150x150.jpeg 150w, https:\/\/www.padreeustaquio.com.br\/wp-content\/uploads\/2024\/04\/Festa-Familia-unid.-2-12-75x75.jpeg 75w, https:\/\/www.padreeustaquio.com.br\/wp-content\/uploads\/2024\/04\/Festa-Familia-unid.-2-12-180x180.jpeg 180w, https:\/\/www.padreeustaquio.com.br\/wp-content\/uploads\/2024\/04\/Festa-Familia-unid.-2-12-400x400.jpeg 400w, https:\/\/www.padreeustaquio.com.br\/wp-content\/uploads\/2024\/04\/Festa-Familia-unid.-2-12-600x600.jpeg 600w\" sizes=\"(max-width: 150px) 100vw, 150px\" \/><\/a>\n\t\t\t<\/dt><\/dl><br style=\"clear: both\" \/><dl class='gallery-item'>\n\t\t\t<dt class='gallery-icon portrait'>\n\t\t\t\t<a href='https:\/\/www.padreeustaquio.com.br\/en\/padre-eustaquio-daycare-center-unit-ii-holds-a-family-celebration-with-the-theme-of-values-and-affection\/festa-familia-unid-2-13\/'><img loading=\"lazy\" decoding=\"async\" width=\"150\" height=\"150\" src=\"https:\/\/www.padreeustaquio.com.br\/wp-content\/uploads\/2024\/04\/Festa-Familia-unid.-2-13-150x150.jpeg\" class=\"attachment-thumbnail size-thumbnail\" alt=\"\" srcset=\"https:\/\/www.padreeustaquio.com.br\/wp-content\/uploads\/2024\/04\/Festa-Familia-unid.-2-13-150x150.jpeg 150w, https:\/\/www.padreeustaquio.com.br\/wp-content\/uploads\/2024\/04\/Festa-Familia-unid.-2-13-75x75.jpeg 75w, https:\/\/www.padreeustaquio.com.br\/wp-content\/uploads\/2024\/04\/Festa-Familia-unid.-2-13-180x180.jpeg 180w, https:\/\/www.padreeustaquio.com.br\/wp-content\/uploads\/2024\/04\/Festa-Familia-unid.-2-13-400x400.jpeg 400w, https:\/\/www.padreeustaquio.com.br\/wp-content\/uploads\/2024\/04\/Festa-Familia-unid.-2-13-600x600.jpeg 600w\" sizes=\"(max-width: 150px) 100vw, 150px\" \/><\/a>\n\t\t\t<\/dt><\/dl><dl class='gallery-item'>\n\t\t\t<dt class='gallery-icon portrait'>\n\t\t\t\t<a href='https:\/\/www.padreeustaquio.com.br\/en\/padre-eustaquio-daycare-center-unit-ii-holds-a-family-celebration-with-the-theme-of-values-and-affection\/festa-familia-unid-2-14\/'><img loading=\"lazy\" decoding=\"async\" width=\"150\" height=\"150\" src=\"https:\/\/www.padreeustaquio.com.br\/wp-content\/uploads\/2024\/04\/Festa-Familia-unid.-2-14-150x150.jpeg\" class=\"attachment-thumbnail size-thumbnail\" alt=\"\" srcset=\"https:\/\/www.padreeustaquio.com.br\/wp-content\/uploads\/2024\/04\/Festa-Familia-unid.-2-14-150x150.jpeg 150w, https:\/\/www.padreeustaquio.com.br\/wp-content\/uploads\/2024\/04\/Festa-Familia-unid.-2-14-75x75.jpeg 75w, https:\/\/www.padreeustaquio.com.br\/wp-content\/uploads\/2024\/04\/Festa-Familia-unid.-2-14-180x180.jpeg 180w, https:\/\/www.padreeustaquio.com.br\/wp-content\/uploads\/2024\/04\/Festa-Familia-unid.-2-14-400x400.jpeg 400w, https:\/\/www.padreeustaquio.com.br\/wp-content\/uploads\/2024\/04\/Festa-Familia-unid.-2-14-600x600.jpeg 600w\" sizes=\"(max-width: 150px) 100vw, 150px\" \/><\/a>\n\t\t\t<\/dt><\/dl><dl class='gallery-item'>\n\t\t\t<dt class='gallery-icon portrait'>\n\t\t\t\t<a href='https:\/\/www.padreeustaquio.com.br\/en\/padre-eustaquio-daycare-center-unit-ii-holds-a-family-celebration-with-the-theme-of-values-and-affection\/festa-familia-unid-2-15\/'><img loading=\"lazy\" decoding=\"async\" width=\"150\" height=\"150\" src=\"https:\/\/www.padreeustaquio.com.br\/wp-content\/uploads\/2024\/04\/Festa-Familia-unid.-2-15-150x150.jpeg\" class=\"attachment-thumbnail size-thumbnail\" alt=\"\" srcset=\"https:\/\/www.padreeustaquio.com.br\/wp-content\/uploads\/2024\/04\/Festa-Familia-unid.-2-15-150x150.jpeg 150w, https:\/\/www.padreeustaquio.com.br\/wp-content\/uploads\/2024\/04\/Festa-Familia-unid.-2-15-75x75.jpeg 75w, https:\/\/www.padreeustaquio.com.br\/wp-content\/uploads\/2024\/04\/Festa-Familia-unid.-2-15-180x180.jpeg 180w, https:\/\/www.padreeustaquio.com.br\/wp-content\/uploads\/2024\/04\/Festa-Familia-unid.-2-15-400x400.jpeg 400w, https:\/\/www.padreeustaquio.com.br\/wp-content\/uploads\/2024\/04\/Festa-Familia-unid.-2-15-600x600.jpeg 600w\" sizes=\"(max-width: 150px) 100vw, 150px\" \/><\/a>\n\t\t\t<\/dt><\/dl><br style=\"clear: both\" \/><dl class='gallery-item'>\n\t\t\t<dt class='gallery-icon portrait'>\n\t\t\t\t<a href='https:\/\/www.padreeustaquio.com.br\/en\/padre-eustaquio-daycare-center-unit-ii-holds-a-family-celebration-with-the-theme-of-values-and-affection\/festa-familia-unid-2-16\/'><img loading=\"lazy\" decoding=\"async\" width=\"150\" height=\"150\" src=\"https:\/\/www.padreeustaquio.com.br\/wp-content\/uploads\/2024\/04\/Festa-Familia-unid.-2-16-150x150.jpeg\" class=\"attachment-thumbnail size-thumbnail\" alt=\"\" srcset=\"https:\/\/www.padreeustaquio.com.br\/wp-content\/uploads\/2024\/04\/Festa-Familia-unid.-2-16-150x150.jpeg 150w, https:\/\/www.padreeustaquio.com.br\/wp-content\/uploads\/2024\/04\/Festa-Familia-unid.-2-16-75x75.jpeg 75w, https:\/\/www.padreeustaquio.com.br\/wp-content\/uploads\/2024\/04\/Festa-Familia-unid.-2-16-180x180.jpeg 180w, https:\/\/www.padreeustaquio.com.br\/wp-content\/uploads\/2024\/04\/Festa-Familia-unid.-2-16-400x400.jpeg 400w, https:\/\/www.padreeustaquio.com.br\/wp-content\/uploads\/2024\/04\/Festa-Familia-unid.-2-16-600x600.jpeg 600w\" sizes=\"(max-width: 150px) 100vw, 150px\" \/><\/a>\n\t\t\t<\/dt><\/dl><dl class='gallery-item'>\n\t\t\t<dt class='gallery-icon portrait'>\n\t\t\t\t<a href='https:\/\/www.padreeustaquio.com.br\/en\/padre-eustaquio-daycare-center-unit-ii-holds-a-family-celebration-with-the-theme-of-values-and-affection\/festa-familia-unid-2-17\/'><img loading=\"lazy\" decoding=\"async\" width=\"150\" height=\"150\" src=\"https:\/\/www.padreeustaquio.com.br\/wp-content\/uploads\/2024\/04\/Festa-Familia-unid.-2-17-150x150.jpeg\" class=\"attachment-thumbnail size-thumbnail\" alt=\"\" srcset=\"https:\/\/www.padreeustaquio.com.br\/wp-content\/uploads\/2024\/04\/Festa-Familia-unid.-2-17-150x150.jpeg 150w, https:\/\/www.padreeustaquio.com.br\/wp-content\/uploads\/2024\/04\/Festa-Familia-unid.-2-17-75x75.jpeg 75w, https:\/\/www.padreeustaquio.com.br\/wp-content\/uploads\/2024\/04\/Festa-Familia-unid.-2-17-180x180.jpeg 180w, https:\/\/www.padreeustaquio.com.br\/wp-content\/uploads\/2024\/04\/Festa-Familia-unid.-2-17-400x400.jpeg 400w, https:\/\/www.padreeustaquio.com.br\/wp-content\/uploads\/2024\/04\/Festa-Familia-unid.-2-17-600x600.jpeg 600w\" sizes=\"(max-width: 150px) 100vw, 150px\" \/><\/a>\n\t\t\t<\/dt><\/dl><dl class='gallery-item'>\n\t\t\t<dt class='gallery-icon portrait'>\n\t\t\t\t<a href='https:\/\/www.padreeustaquio.com.br\/en\/padre-eustaquio-daycare-center-unit-ii-holds-a-family-celebration-with-the-theme-of-values-and-affection\/festa-familia-unid-2-18\/'><img loading=\"lazy\" decoding=\"async\" width=\"150\" height=\"150\" src=\"https:\/\/www.padreeustaquio.com.br\/wp-content\/uploads\/2024\/04\/Festa-Familia-unid.-2-18-150x150.jpeg\" class=\"attachment-thumbnail size-thumbnail\" alt=\"\" srcset=\"https:\/\/www.padreeustaquio.com.br\/wp-content\/uploads\/2024\/04\/Festa-Familia-unid.-2-18-150x150.jpeg 150w, https:\/\/www.padreeustaquio.com.br\/wp-content\/uploads\/2024\/04\/Festa-Familia-unid.-2-18-75x75.jpeg 75w, https:\/\/www.padreeustaquio.com.br\/wp-content\/uploads\/2024\/04\/Festa-Familia-unid.-2-18-180x180.jpeg 180w, https:\/\/www.padreeustaquio.com.br\/wp-content\/uploads\/2024\/04\/Festa-Familia-unid.-2-18-400x400.jpeg 400w, https:\/\/www.padreeustaquio.com.br\/wp-content\/uploads\/2024\/04\/Festa-Familia-unid.-2-18-600x600.jpeg 600w\" sizes=\"(max-width: 150px) 100vw, 150px\" \/><\/a>\n\t\t\t<\/dt><\/dl><br style=\"clear: both\" \/><dl class='gallery-item'>\n\t\t\t<dt class='gallery-icon portrait'>\n\t\t\t\t<a href='https:\/\/www.padreeustaquio.com.br\/en\/padre-eustaquio-daycare-center-unit-ii-holds-a-family-celebration-with-the-theme-of-values-and-affection\/festa-familia-unid-2-19\/'><img loading=\"lazy\" decoding=\"async\" width=\"150\" height=\"150\" src=\"https:\/\/www.padreeustaquio.com.br\/wp-content\/uploads\/2024\/04\/Festa-Familia-unid.-2-19-150x150.jpeg\" class=\"attachment-thumbnail size-thumbnail\" alt=\"\" srcset=\"https:\/\/www.padreeustaquio.com.br\/wp-content\/uploads\/2024\/04\/Festa-Familia-unid.-2-19-150x150.jpeg 150w, https:\/\/www.padreeustaquio.com.br\/wp-content\/uploads\/2024\/04\/Festa-Familia-unid.-2-19-75x75.jpeg 75w, https:\/\/www.padreeustaquio.com.br\/wp-content\/uploads\/2024\/04\/Festa-Familia-unid.-2-19-180x180.jpeg 180w, https:\/\/www.padreeustaquio.com.br\/wp-content\/uploads\/2024\/04\/Festa-Familia-unid.-2-19-400x400.jpeg 400w, https:\/\/www.padreeustaquio.com.br\/wp-content\/uploads\/2024\/04\/Festa-Familia-unid.-2-19-600x600.jpeg 600w\" sizes=\"(max-width: 150px) 100vw, 150px\" \/><\/a>\n\t\t\t<\/dt><\/dl><dl class='gallery-item'>\n\t\t\t<dt class='gallery-icon portrait'>\n\t\t\t\t<a href='https:\/\/www.padreeustaquio.com.br\/en\/padre-eustaquio-daycare-center-unit-ii-holds-a-family-celebration-with-the-theme-of-values-and-affection\/festa-familia-unid-2-20\/'><img loading=\"lazy\" decoding=\"async\" width=\"150\" height=\"150\" src=\"https:\/\/www.padreeustaquio.com.br\/wp-content\/uploads\/2024\/04\/Festa-Familia-unid.-2-20-150x150.jpeg\" class=\"attachment-thumbnail size-thumbnail\" alt=\"\" srcset=\"https:\/\/www.padreeustaquio.com.br\/wp-content\/uploads\/2024\/04\/Festa-Familia-unid.-2-20-150x150.jpeg 150w, https:\/\/www.padreeustaquio.com.br\/wp-content\/uploads\/2024\/04\/Festa-Familia-unid.-2-20-75x75.jpeg 75w, https:\/\/www.padreeustaquio.com.br\/wp-content\/uploads\/2024\/04\/Festa-Familia-unid.-2-20-180x180.jpeg 180w, https:\/\/www.padreeustaquio.com.br\/wp-content\/uploads\/2024\/04\/Festa-Familia-unid.-2-20-400x400.jpeg 400w, https:\/\/www.padreeustaquio.com.br\/wp-content\/uploads\/2024\/04\/Festa-Familia-unid.-2-20-600x600.jpeg 600w\" sizes=\"(max-width: 150px) 100vw, 150px\" \/><\/a>\n\t\t\t<\/dt><\/dl><dl class='gallery-item'>\n\t\t\t<dt class='gallery-icon portrait'>\n\t\t\t\t<a href='https:\/\/www.padreeustaquio.com.br\/en\/padre-eustaquio-daycare-center-unit-ii-holds-a-family-celebration-with-the-theme-of-values-and-affection\/festa-familia-unid-2-23\/'><img loading=\"lazy\" decoding=\"async\" width=\"150\" height=\"150\" src=\"https:\/\/www.padreeustaquio.com.br\/wp-content\/uploads\/2024\/04\/Festa-Familia-unid.-2-23-150x150.jpeg\" class=\"attachment-thumbnail size-thumbnail\" alt=\"\" srcset=\"https:\/\/www.padreeustaquio.com.br\/wp-content\/uploads\/2024\/04\/Festa-Familia-unid.-2-23-150x150.jpeg 150w, https:\/\/www.padreeustaquio.com.br\/wp-content\/uploads\/2024\/04\/Festa-Familia-unid.-2-23-75x75.jpeg 75w, https:\/\/www.padreeustaquio.com.br\/wp-content\/uploads\/2024\/04\/Festa-Familia-unid.-2-23-180x180.jpeg 180w, https:\/\/www.padreeustaquio.com.br\/wp-content\/uploads\/2024\/04\/Festa-Familia-unid.-2-23-400x400.jpeg 400w, https:\/\/www.padreeustaquio.com.br\/wp-content\/uploads\/2024\/04\/Festa-Familia-unid.-2-23-600x600.jpeg 600w\" sizes=\"(max-width: 150px) 100vw, 150px\" \/><\/a>\n\t\t\t<\/dt><\/dl><br style=\"clear: both\" \/><dl class='gallery-item'>\n\t\t\t<dt class='gallery-icon portrait'>\n\t\t\t\t<a href='https:\/\/www.padreeustaquio.com.br\/en\/padre-eustaquio-daycare-center-unit-ii-holds-a-family-celebration-with-the-theme-of-values-and-affection\/festa-familia-unid-2-24\/'><img loading=\"lazy\" decoding=\"async\" width=\"150\" height=\"150\" src=\"https:\/\/www.padreeustaquio.com.br\/wp-content\/uploads\/2024\/04\/Festa-Familia-unid.-2-24-150x150.jpeg\" class=\"attachment-thumbnail size-thumbnail\" alt=\"\" srcset=\"https:\/\/www.padreeustaquio.com.br\/wp-content\/uploads\/2024\/04\/Festa-Familia-unid.-2-24-150x150.jpeg 150w, https:\/\/www.padreeustaquio.com.br\/wp-content\/uploads\/2024\/04\/Festa-Familia-unid.-2-24-75x75.jpeg 75w, https:\/\/www.padreeustaquio.com.br\/wp-content\/uploads\/2024\/04\/Festa-Familia-unid.-2-24-180x180.jpeg 180w, https:\/\/www.padreeustaquio.com.br\/wp-content\/uploads\/2024\/04\/Festa-Familia-unid.-2-24-400x400.jpeg 400w, https:\/\/www.padreeustaquio.com.br\/wp-content\/uploads\/2024\/04\/Festa-Familia-unid.-2-24-600x600.jpeg 600w\" sizes=\"(max-width: 150px) 100vw, 150px\" \/><\/a>\n\t\t\t<\/dt><\/dl><dl class='gallery-item'>\n\t\t\t<dt class='gallery-icon portrait'>\n\t\t\t\t<a href='https:\/\/www.padreeustaquio.com.br\/en\/padre-eustaquio-daycare-center-unit-ii-holds-a-family-celebration-with-the-theme-of-values-and-affection\/festa-familia-unid-2-25\/'><img loading=\"lazy\" decoding=\"async\" width=\"150\" height=\"150\" src=\"https:\/\/www.padreeustaquio.com.br\/wp-content\/uploads\/2024\/04\/Festa-Familia-unid.-2-25-150x150.jpeg\" class=\"attachment-thumbnail size-thumbnail\" alt=\"\" srcset=\"https:\/\/www.padreeustaquio.com.br\/wp-content\/uploads\/2024\/04\/Festa-Familia-unid.-2-25-150x150.jpeg 150w, https:\/\/www.padreeustaquio.com.br\/wp-content\/uploads\/2024\/04\/Festa-Familia-unid.-2-25-75x75.jpeg 75w, https:\/\/www.padreeustaquio.com.br\/wp-content\/uploads\/2024\/04\/Festa-Familia-unid.-2-25-180x180.jpeg 180w, https:\/\/www.padreeustaquio.com.br\/wp-content\/uploads\/2024\/04\/Festa-Familia-unid.-2-25-400x400.jpeg 400w, https:\/\/www.padreeustaquio.com.br\/wp-content\/uploads\/2024\/04\/Festa-Familia-unid.-2-25-600x600.jpeg 600w\" sizes=\"(max-width: 150px) 100vw, 150px\" \/><\/a>\n\t\t\t<\/dt><\/dl><dl class='gallery-item'>\n\t\t\t<dt class='gallery-icon portrait'>\n\t\t\t\t<a href='https:\/\/www.padreeustaquio.com.br\/en\/padre-eustaquio-daycare-center-unit-ii-holds-a-family-celebration-with-the-theme-of-values-and-affection\/festa-familia-unid-2-28\/'><img loading=\"lazy\" decoding=\"async\" width=\"150\" height=\"150\" src=\"https:\/\/www.padreeustaquio.com.br\/wp-content\/uploads\/2024\/04\/Festa-Familia-unid.-2-28-150x150.jpeg\" class=\"attachment-thumbnail size-thumbnail\" alt=\"\" srcset=\"https:\/\/www.padreeustaquio.com.br\/wp-content\/uploads\/2024\/04\/Festa-Familia-unid.-2-28-150x150.jpeg 150w, https:\/\/www.padreeustaquio.com.br\/wp-content\/uploads\/2024\/04\/Festa-Familia-unid.-2-28-75x75.jpeg 75w, https:\/\/www.padreeustaquio.com.br\/wp-content\/uploads\/2024\/04\/Festa-Familia-unid.-2-28-180x180.jpeg 180w, https:\/\/www.padreeustaquio.com.br\/wp-content\/uploads\/2024\/04\/Festa-Familia-unid.-2-28-400x400.jpeg 400w, https:\/\/www.padreeustaquio.com.br\/wp-content\/uploads\/2024\/04\/Festa-Familia-unid.-2-28-600x600.jpeg 600w\" sizes=\"(max-width: 150px) 100vw, 150px\" \/><\/a>\n\t\t\t<\/dt><\/dl><br style=\"clear: both\" \/><dl class='gallery-item'>\n\t\t\t<dt class='gallery-icon portrait'>\n\t\t\t\t<a href='https:\/\/www.padreeustaquio.com.br\/en\/padre-eustaquio-daycare-center-unit-ii-holds-a-family-celebration-with-the-theme-of-values-and-affection\/festa-familia-unid-2-29\/'><img loading=\"lazy\" decoding=\"async\" width=\"150\" height=\"150\" src=\"https:\/\/www.padreeustaquio.com.br\/wp-content\/uploads\/2024\/04\/Festa-Familia-unid.-2-29-150x150.jpeg\" class=\"attachment-thumbnail size-thumbnail\" alt=\"\" srcset=\"https:\/\/www.padreeustaquio.com.br\/wp-content\/uploads\/2024\/04\/Festa-Familia-unid.-2-29-150x150.jpeg 150w, https:\/\/www.padreeustaquio.com.br\/wp-content\/uploads\/2024\/04\/Festa-Familia-unid.-2-29-75x75.jpeg 75w, https:\/\/www.padreeustaquio.com.br\/wp-content\/uploads\/2024\/04\/Festa-Familia-unid.-2-29-180x180.jpeg 180w, https:\/\/www.padreeustaquio.com.br\/wp-content\/uploads\/2024\/04\/Festa-Familia-unid.-2-29-400x400.jpeg 400w, https:\/\/www.padreeustaquio.com.br\/wp-content\/uploads\/2024\/04\/Festa-Familia-unid.-2-29-600x600.jpeg 600w\" sizes=\"(max-width: 150px) 100vw, 150px\" \/><\/a>\n\t\t\t<\/dt><\/dl><dl class='gallery-item'>\n\t\t\t<dt class='gallery-icon portrait'>\n\t\t\t\t<a href='https:\/\/www.padreeustaquio.com.br\/en\/padre-eustaquio-daycare-center-unit-ii-holds-a-family-celebration-with-the-theme-of-values-and-affection\/festa-familia-unid-2-30\/'><img loading=\"lazy\" decoding=\"async\" width=\"150\" height=\"150\" src=\"https:\/\/www.padreeustaquio.com.br\/wp-content\/uploads\/2024\/04\/Festa-Familia-unid.-2-30-150x150.jpeg\" class=\"attachment-thumbnail size-thumbnail\" alt=\"\" srcset=\"https:\/\/www.padreeustaquio.com.br\/wp-content\/uploads\/2024\/04\/Festa-Familia-unid.-2-30-150x150.jpeg 150w, https:\/\/www.padreeustaquio.com.br\/wp-content\/uploads\/2024\/04\/Festa-Familia-unid.-2-30-75x75.jpeg 75w, https:\/\/www.padreeustaquio.com.br\/wp-content\/uploads\/2024\/04\/Festa-Familia-unid.-2-30-180x180.jpeg 180w, https:\/\/www.padreeustaquio.com.br\/wp-content\/uploads\/2024\/04\/Festa-Familia-unid.-2-30-400x400.jpeg 400w, https:\/\/www.padreeustaquio.com.br\/wp-content\/uploads\/2024\/04\/Festa-Familia-unid.-2-30-600x600.jpeg 600w\" sizes=\"(max-width: 150px) 100vw, 150px\" \/><\/a>\n\t\t\t<\/dt><\/dl><dl class='gallery-item'>\n\t\t\t<dt class='gallery-icon portrait'>\n\t\t\t\t<a href='https:\/\/www.padreeustaquio.com.br\/en\/padre-eustaquio-daycare-center-unit-ii-holds-a-family-celebration-with-the-theme-of-values-and-affection\/festa-familia-unid-2-26\/'><img loading=\"lazy\" decoding=\"async\" width=\"150\" height=\"150\" src=\"https:\/\/www.padreeustaquio.com.br\/wp-content\/uploads\/2024\/04\/Festa-Familia-unid.-2-26-150x150.jpeg\" class=\"attachment-thumbnail size-thumbnail\" alt=\"\" srcset=\"https:\/\/www.padreeustaquio.com.br\/wp-content\/uploads\/2024\/04\/Festa-Familia-unid.-2-26-150x150.jpeg 150w, https:\/\/www.padreeustaquio.com.br\/wp-content\/uploads\/2024\/04\/Festa-Familia-unid.-2-26-75x75.jpeg 75w, https:\/\/www.padreeustaquio.com.br\/wp-content\/uploads\/2024\/04\/Festa-Familia-unid.-2-26-180x180.jpeg 180w, https:\/\/www.padreeustaquio.com.br\/wp-content\/uploads\/2024\/04\/Festa-Familia-unid.-2-26-400x400.jpeg 400w, https:\/\/www.padreeustaquio.com.br\/wp-content\/uploads\/2024\/04\/Festa-Familia-unid.-2-26-600x600.jpeg 600w\" sizes=\"(max-width: 150px) 100vw, 150px\" \/><\/a>\n\t\t\t<\/dt><\/dl><br style=\"clear: both\" \/>\n\t\t<\/div>","protected":false},"excerpt":{"rendered":"<p>A Creche Padre Eust\u00e1quio, Unidade II, realizou no \u00faltimo fim de semana, mais uma edi\u00e7\u00e3o da Festa da Fam\u00edlia, trabalhando o tema sobre valores e afeto com as crian\u00e7as. Este evento foi uma oportunidade \u00fanica para destacar a import\u00e2ncia do afeto na educa\u00e7\u00e3o infantil e como os valores fundamentais podem ser transmitidos pelas fam\u00edlias. Com um total de 94 crian\u00e7as, com idades entre 4 meses e 3 anos, a unidade II da Creche Padre Eust\u00e1quio tem como objetivo principal proporcionar um ambiente seguro e acolhedor para o desenvolvimento integral dos pequenos. Acredita-se que ao criar la\u00e7os afetivos s\u00f3lidos, as crian\u00e7as [&hellip;]<\/p>\n","protected":false},"author":2,"featured_media":11261,"comment_status":"open","ping_status":"closed","sticky":false,"template":"","format":"standard","meta":{"_acf_changed":false,"footnotes":""},"categories":[611],"tags":[],"class_list":["post-11260","post","type-post","status-publish","format-standard","has-post-thumbnail","hentry","category-noticias"],"acf":[],"yoast_head":"<!-- This site is optimized with the Yoast SEO plugin v27.2 - https:\/\/yoast.com\/product\/yoast-seo-wordpress\/ -->\n<title>Unidade II da Creche Padre Eust\u00e1quio realiza Festa da Fam\u00edlia com tema: valores e afeto<\/title>\n<meta name=\"description\" content=\"A Creche Padre Eust\u00e1quio, Unidade II, realizou no \u00faltimo fim de semana, mais uma edi\u00e7\u00e3o da Festa da Fam\u00edlia, trabalhando o tema sobre valores e afeto com as crian\u00e7as. Este evento foi uma oportunidade \u00fanica para destacar a import\u00e2ncia do afeto na educa\u00e7\u00e3o infantil e como os valores fundamentais podem ser transmitidos pelas fam\u00edlias.\" \/>\n<meta name=\"robots\" content=\"index, follow, max-snippet:-1, max-image-preview:large, max-video-preview:-1\" \/>\n<link rel=\"canonical\" href=\"https:\/\/www.padreeustaquio.com.br\/en\/padre-eustaquio-daycare-center-unit-ii-holds-a-family-celebration-with-the-theme-of-values-and-affection\/\" \/>\n<meta property=\"og:locale\" content=\"en_US\" \/>\n<meta property=\"og:type\" content=\"article\" \/>\n<meta property=\"og:title\" content=\"Unidade II da Creche Padre Eust\u00e1quio realiza Festa da Fam\u00edlia com tema: valores e afeto\" \/>\n<meta property=\"og:description\" content=\"A Creche Padre Eust\u00e1quio, Unidade II, realizou no \u00faltimo fim de semana, mais uma edi\u00e7\u00e3o da Festa da Fam\u00edlia, trabalhando o tema sobre valores e afeto com as crian\u00e7as. Este evento foi uma oportunidade \u00fanica para destacar a import\u00e2ncia do afeto na educa\u00e7\u00e3o infantil e como os valores fundamentais podem ser transmitidos pelas fam\u00edlias.\" \/>\n<meta property=\"og:url\" content=\"https:\/\/www.padreeustaquio.com.br\/en\/padre-eustaquio-daycare-center-unit-ii-holds-a-family-celebration-with-the-theme-of-values-and-affection\/\" \/>\n<meta property=\"og:site_name\" content=\"Padre Eust\u00e1quio\" \/>\n<meta property=\"article:publisher\" content=\"https:\/\/www.facebook.com\/beatopadreeustaquio\/\" \/>\n<meta property=\"article:published_time\" content=\"2024-04-29T12:50:39+00:00\" \/>\n<meta property=\"og:image\" content=\"https:\/\/www.padreeustaquio.com.br\/wp-content\/uploads\/2024\/04\/festa-familia-creche-2-2024.jpg\" \/>\n\t<meta property=\"og:image:width\" content=\"748\" \/>\n\t<meta property=\"og:image:height\" content=\"394\" \/>\n\t<meta property=\"og:image:type\" content=\"image\/jpeg\" \/>\n<meta name=\"author\" content=\"@sscc\" \/>\n<meta name=\"twitter:card\" content=\"summary_large_image\" \/>\n<meta name=\"twitter:creator\" content=\"@beatopeustaquio\" \/>\n<meta name=\"twitter:site\" content=\"@beatopeustaquio\" \/>\n<meta name=\"twitter:label1\" content=\"Written by\" \/>\n\t<meta name=\"twitter:data1\" content=\"@sscc\" \/>\n\t<meta name=\"twitter:label2\" content=\"Est. reading time\" \/>\n\t<meta name=\"twitter:data2\" content=\"2 minutes\" \/>\n<script type=\"application\/ld+json\" class=\"yoast-schema-graph\">{\"@context\":\"https:\/\/schema.org\",\"@graph\":[{\"@type\":\"Article\",\"@id\":\"https:\/\/www.padreeustaquio.com.br\/unidade-ii-da-creche-padre-eustaquio-realiza-festa-da-familia-com-tema-valores-e-afeto\/#article\",\"isPartOf\":{\"@id\":\"https:\/\/www.padreeustaquio.com.br\/unidade-ii-da-creche-padre-eustaquio-realiza-festa-da-familia-com-tema-valores-e-afeto\/\"},\"author\":{\"name\":\"@sscc\",\"@id\":\"https:\/\/www.padreeustaquio.com.br\/#\/schema\/person\/a2a51db1d00f1a7af0204a0f1ddb1566\"},\"headline\":\"Unidade II da Creche Padre Eust\u00e1quio realiza Festa da Fam\u00edlia com tema: valores e afeto\",\"datePublished\":\"2024-04-29T12:50:39+00:00\",\"mainEntityOfPage\":{\"@id\":\"https:\/\/www.padreeustaquio.com.br\/unidade-ii-da-creche-padre-eustaquio-realiza-festa-da-familia-com-tema-valores-e-afeto\/\"},\"wordCount\":317,\"commentCount\":0,\"publisher\":{\"@id\":\"https:\/\/www.padreeustaquio.com.br\/#organization\"},\"image\":{\"@id\":\"https:\/\/www.padreeustaquio.com.br\/unidade-ii-da-creche-padre-eustaquio-realiza-festa-da-familia-com-tema-valores-e-afeto\/#primaryimage\"},\"thumbnailUrl\":\"https:\/\/www.padreeustaquio.com.br\/wp-content\/uploads\/2024\/04\/festa-familia-creche-2-2024.jpg\",\"articleSection\":[\"Not\u00edcias\"],\"inLanguage\":\"en-US\",\"potentialAction\":[{\"@type\":\"CommentAction\",\"name\":\"Comment\",\"target\":[\"https:\/\/www.padreeustaquio.com.br\/unidade-ii-da-creche-padre-eustaquio-realiza-festa-da-familia-com-tema-valores-e-afeto\/#respond\"]}]},{\"@type\":\"WebPage\",\"@id\":\"https:\/\/www.padreeustaquio.com.br\/unidade-ii-da-creche-padre-eustaquio-realiza-festa-da-familia-com-tema-valores-e-afeto\/\",\"url\":\"https:\/\/www.padreeustaquio.com.br\/unidade-ii-da-creche-padre-eustaquio-realiza-festa-da-familia-com-tema-valores-e-afeto\/\",\"name\":\"Unidade II da Creche Padre Eust\u00e1quio realiza Festa da Fam\u00edlia com tema: valores e afeto\",\"isPartOf\":{\"@id\":\"https:\/\/www.padreeustaquio.com.br\/#website\"},\"primaryImageOfPage\":{\"@id\":\"https:\/\/www.padreeustaquio.com.br\/unidade-ii-da-creche-padre-eustaquio-realiza-festa-da-familia-com-tema-valores-e-afeto\/#primaryimage\"},\"image\":{\"@id\":\"https:\/\/www.padreeustaquio.com.br\/unidade-ii-da-creche-padre-eustaquio-realiza-festa-da-familia-com-tema-valores-e-afeto\/#primaryimage\"},\"thumbnailUrl\":\"https:\/\/www.padreeustaquio.com.br\/wp-content\/uploads\/2024\/04\/festa-familia-creche-2-2024.jpg\",\"datePublished\":\"2024-04-29T12:50:39+00:00\",\"description\":\"A Creche Padre Eust\u00e1quio, Unidade II, realizou no \u00faltimo fim de semana, mais uma edi\u00e7\u00e3o da Festa da Fam\u00edlia, trabalhando o tema sobre valores e afeto com as crian\u00e7as. Este evento foi uma oportunidade \u00fanica para destacar a import\u00e2ncia do afeto na educa\u00e7\u00e3o infantil e como os valores fundamentais podem ser transmitidos pelas fam\u00edlias.\",\"breadcrumb\":{\"@id\":\"https:\/\/www.padreeustaquio.com.br\/unidade-ii-da-creche-padre-eustaquio-realiza-festa-da-familia-com-tema-valores-e-afeto\/#breadcrumb\"},\"inLanguage\":\"en-US\",\"potentialAction\":[{\"@type\":\"ReadAction\",\"target\":[\"https:\/\/www.padreeustaquio.com.br\/unidade-ii-da-creche-padre-eustaquio-realiza-festa-da-familia-com-tema-valores-e-afeto\/\"]}]},{\"@type\":\"ImageObject\",\"inLanguage\":\"en-US\",\"@id\":\"https:\/\/www.padreeustaquio.com.br\/unidade-ii-da-creche-padre-eustaquio-realiza-festa-da-familia-com-tema-valores-e-afeto\/#primaryimage\",\"url\":\"https:\/\/www.padreeustaquio.com.br\/wp-content\/uploads\/2024\/04\/festa-familia-creche-2-2024.jpg\",\"contentUrl\":\"https:\/\/www.padreeustaquio.com.br\/wp-content\/uploads\/2024\/04\/festa-familia-creche-2-2024.jpg\",\"width\":748,\"height\":394},{\"@type\":\"BreadcrumbList\",\"@id\":\"https:\/\/www.padreeustaquio.com.br\/unidade-ii-da-creche-padre-eustaquio-realiza-festa-da-familia-com-tema-valores-e-afeto\/#breadcrumb\",\"itemListElement\":[{\"@type\":\"ListItem\",\"position\":1,\"name\":\"In\u00edcio\",\"item\":\"https:\/\/www.padreeustaquio.com.br\/\"},{\"@type\":\"ListItem\",\"position\":2,\"name\":\"Unidade II da Creche Padre Eust\u00e1quio realiza Festa da Fam\u00edlia com tema: valores e afeto\"}]},{\"@type\":\"WebSite\",\"@id\":\"https:\/\/www.padreeustaquio.com.br\/#website\",\"url\":\"https:\/\/www.padreeustaquio.com.br\/\",\"name\":\"Padre Eust\u00e1quio\",\"description\":\"Sa\u00fade e Paz\",\"publisher\":{\"@id\":\"https:\/\/www.padreeustaquio.com.br\/#organization\"},\"potentialAction\":[{\"@type\":\"SearchAction\",\"target\":{\"@type\":\"EntryPoint\",\"urlTemplate\":\"https:\/\/www.padreeustaquio.com.br\/?s={search_term_string}\"},\"query-input\":{\"@type\":\"PropertyValueSpecification\",\"valueRequired\":true,\"valueName\":\"search_term_string\"}}],\"inLanguage\":\"en-US\"},{\"@type\":\"Organization\",\"@id\":\"https:\/\/www.padreeustaquio.com.br\/#organization\",\"name\":\"Padre Eust\u00e1quio\",\"url\":\"https:\/\/www.padreeustaquio.com.br\/\",\"logo\":{\"@type\":\"ImageObject\",\"inLanguage\":\"en-US\",\"@id\":\"https:\/\/www.padreeustaquio.com.br\/#\/schema\/logo\/image\/\",\"url\":\"https:\/\/www.padreeustaquio.com.br\/wp-content\/uploads\/2019\/08\/marca.png\",\"contentUrl\":\"https:\/\/www.padreeustaquio.com.br\/wp-content\/uploads\/2019\/08\/marca.png\",\"width\":350,\"height\":400,\"caption\":\"Padre Eust\u00e1quio\"},\"image\":{\"@id\":\"https:\/\/www.padreeustaquio.com.br\/#\/schema\/logo\/image\/\"},\"sameAs\":[\"https:\/\/www.facebook.com\/beatopadreeustaquio\/\",\"https:\/\/x.com\/beatopeustaquio\",\"https:\/\/www.instagram.com\/beatopadreeustaquio\/\",\"https:\/\/www.youtube.com\/channel\/UCRhw7vfabnajwLxb1ZXMeIw\"]},{\"@type\":\"Person\",\"@id\":\"https:\/\/www.padreeustaquio.com.br\/#\/schema\/person\/a2a51db1d00f1a7af0204a0f1ddb1566\",\"name\":\"@sscc\",\"image\":{\"@type\":\"ImageObject\",\"inLanguage\":\"en-US\",\"@id\":\"https:\/\/secure.gravatar.com\/avatar\/68cfafa5f44617fea54071e215026e0ff06be366c3d54a8425f04fdcb86f8c5f?s=96&d=mm&r=g\",\"url\":\"https:\/\/secure.gravatar.com\/avatar\/68cfafa5f44617fea54071e215026e0ff06be366c3d54a8425f04fdcb86f8c5f?s=96&d=mm&r=g\",\"contentUrl\":\"https:\/\/secure.gravatar.com\/avatar\/68cfafa5f44617fea54071e215026e0ff06be366c3d54a8425f04fdcb86f8c5f?s=96&d=mm&r=g\",\"caption\":\"@sscc\"},\"url\":\"https:\/\/www.padreeustaquio.com.br\/en\/author\/sscc\/\"}]}<\/script>\n<!-- \/ Yoast SEO plugin. -->","yoast_head_json":{"title":"Padre Eust\u00e1quio Daycare Unit II holds Family Festival with the theme: values and affection.","description":"Last weekend, the Padre Eust\u00e1quio Daycare Center, Unit II, held another edition of the Family Festival, focusing on the theme of values and affection with the children. This event was a unique opportunity to highlight the importance of affection in early childhood education and how fundamental values can be transmitted by families.","robots":{"index":"index","follow":"follow","max-snippet":"max-snippet:-1","max-image-preview":"max-image-preview:large","max-video-preview":"max-video-preview:-1"},"canonical":"https:\/\/www.padreeustaquio.com.br\/en\/padre-eustaquio-daycare-center-unit-ii-holds-a-family-celebration-with-the-theme-of-values-and-affection\/","og_locale":"en_US","og_type":"article","og_title":"Unidade II da Creche Padre Eust\u00e1quio realiza Festa da Fam\u00edlia com tema: valores e afeto","og_description":"A Creche Padre Eust\u00e1quio, Unidade II, realizou no \u00faltimo fim de semana, mais uma edi\u00e7\u00e3o da Festa da Fam\u00edlia, trabalhando o tema sobre valores e afeto com as crian\u00e7as. Este evento foi uma oportunidade \u00fanica para destacar a import\u00e2ncia do afeto na educa\u00e7\u00e3o infantil e como os valores fundamentais podem ser transmitidos pelas fam\u00edlias.","og_url":"https:\/\/www.padreeustaquio.com.br\/en\/padre-eustaquio-daycare-center-unit-ii-holds-a-family-celebration-with-the-theme-of-values-and-affection\/","og_site_name":"Padre Eust\u00e1quio","article_publisher":"https:\/\/www.facebook.com\/beatopadreeustaquio\/","article_published_time":"2024-04-29T12:50:39+00:00","og_image":[{"width":748,"height":394,"url":"https:\/\/www.padreeustaquio.com.br\/wp-content\/uploads\/2024\/04\/festa-familia-creche-2-2024.jpg","type":"image\/jpeg"}],"author":"@sscc","twitter_card":"summary_large_image","twitter_creator":"@beatopeustaquio","twitter_site":"@beatopeustaquio","twitter_misc":{"Written by":"@sscc","Est. reading time":"2 minutes"},"schema":{"@context":"https:\/\/schema.org","@graph":[{"@type":"Article","@id":"https:\/\/www.padreeustaquio.com.br\/unidade-ii-da-creche-padre-eustaquio-realiza-festa-da-familia-com-tema-valores-e-afeto\/#article","isPartOf":{"@id":"https:\/\/www.padreeustaquio.com.br\/unidade-ii-da-creche-padre-eustaquio-realiza-festa-da-familia-com-tema-valores-e-afeto\/"},"author":{"name":"@sscc","@id":"https:\/\/www.padreeustaquio.com.br\/#\/schema\/person\/a2a51db1d00f1a7af0204a0f1ddb1566"},"headline":"Unidade II da Creche Padre Eust\u00e1quio realiza Festa da Fam\u00edlia com tema: valores e afeto","datePublished":"2024-04-29T12:50:39+00:00","mainEntityOfPage":{"@id":"https:\/\/www.padreeustaquio.com.br\/unidade-ii-da-creche-padre-eustaquio-realiza-festa-da-familia-com-tema-valores-e-afeto\/"},"wordCount":317,"commentCount":0,"publisher":{"@id":"https:\/\/www.padreeustaquio.com.br\/#organization"},"image":{"@id":"https:\/\/www.padreeustaquio.com.br\/unidade-ii-da-creche-padre-eustaquio-realiza-festa-da-familia-com-tema-valores-e-afeto\/#primaryimage"},"thumbnailUrl":"https:\/\/www.padreeustaquio.com.br\/wp-content\/uploads\/2024\/04\/festa-familia-creche-2-2024.jpg","articleSection":["Not\u00edcias"],"inLanguage":"en-US","potentialAction":[{"@type":"CommentAction","name":"Comment","target":["https:\/\/www.padreeustaquio.com.br\/unidade-ii-da-creche-padre-eustaquio-realiza-festa-da-familia-com-tema-valores-e-afeto\/#respond"]}]},{"@type":"WebPage","@id":"https:\/\/www.padreeustaquio.com.br\/unidade-ii-da-creche-padre-eustaquio-realiza-festa-da-familia-com-tema-valores-e-afeto\/","url":"https:\/\/www.padreeustaquio.com.br\/unidade-ii-da-creche-padre-eustaquio-realiza-festa-da-familia-com-tema-valores-e-afeto\/","name":"Padre Eust\u00e1quio Daycare Unit II holds Family Festival with the theme: values and affection.","isPartOf":{"@id":"https:\/\/www.padreeustaquio.com.br\/#website"},"primaryImageOfPage":{"@id":"https:\/\/www.padreeustaquio.com.br\/unidade-ii-da-creche-padre-eustaquio-realiza-festa-da-familia-com-tema-valores-e-afeto\/#primaryimage"},"image":{"@id":"https:\/\/www.padreeustaquio.com.br\/unidade-ii-da-creche-padre-eustaquio-realiza-festa-da-familia-com-tema-valores-e-afeto\/#primaryimage"},"thumbnailUrl":"https:\/\/www.padreeustaquio.com.br\/wp-content\/uploads\/2024\/04\/festa-familia-creche-2-2024.jpg","datePublished":"2024-04-29T12:50:39+00:00","description":"Last weekend, the Padre Eust\u00e1quio Daycare Center, Unit II, held another edition of the Family Festival, focusing on the theme of values and affection with the children. This event was a unique opportunity to highlight the importance of affection in early childhood education and how fundamental values can be transmitted by families.","breadcrumb":{"@id":"https:\/\/www.padreeustaquio.com.br\/unidade-ii-da-creche-padre-eustaquio-realiza-festa-da-familia-com-tema-valores-e-afeto\/#breadcrumb"},"inLanguage":"en-US","potentialAction":[{"@type":"ReadAction","target":["https:\/\/www.padreeustaquio.com.br\/unidade-ii-da-creche-padre-eustaquio-realiza-festa-da-familia-com-tema-valores-e-afeto\/"]}]},{"@type":"ImageObject","inLanguage":"en-US","@id":"https:\/\/www.padreeustaquio.com.br\/unidade-ii-da-creche-padre-eustaquio-realiza-festa-da-familia-com-tema-valores-e-afeto\/#primaryimage","url":"https:\/\/www.padreeustaquio.com.br\/wp-content\/uploads\/2024\/04\/festa-familia-creche-2-2024.jpg","contentUrl":"https:\/\/www.padreeustaquio.com.br\/wp-content\/uploads\/2024\/04\/festa-familia-creche-2-2024.jpg","width":748,"height":394},{"@type":"BreadcrumbList","@id":"https:\/\/www.padreeustaquio.com.br\/unidade-ii-da-creche-padre-eustaquio-realiza-festa-da-familia-com-tema-valores-e-afeto\/#breadcrumb","itemListElement":[{"@type":"ListItem","position":1,"name":"In\u00edcio","item":"https:\/\/www.padreeustaquio.com.br\/"},{"@type":"ListItem","position":2,"name":"Unidade II da Creche Padre Eust\u00e1quio realiza Festa da Fam\u00edlia com tema: valores e afeto"}]},{"@type":"WebSite","@id":"https:\/\/www.padreeustaquio.com.br\/#website","url":"https:\/\/www.padreeustaquio.com.br\/","name":"FATHER EUST\u00c1QUIO","description":"Health and Peace","publisher":{"@id":"https:\/\/www.padreeustaquio.com.br\/#organization"},"potentialAction":[{"@type":"SearchAction","target":{"@type":"EntryPoint","urlTemplate":"https:\/\/www.padreeustaquio.com.br\/?s={search_term_string}"},"query-input":{"@type":"PropertyValueSpecification","valueRequired":true,"valueName":"search_term_string"}}],"inLanguage":"en-US"},{"@type":"Organization","@id":"https:\/\/www.padreeustaquio.com.br\/#organization","name":"FATHER EUST\u00c1QUIO","url":"https:\/\/www.padreeustaquio.com.br\/","logo":{"@type":"ImageObject","inLanguage":"en-US","@id":"https:\/\/www.padreeustaquio.com.br\/#\/schema\/logo\/image\/","url":"https:\/\/www.padreeustaquio.com.br\/wp-content\/uploads\/2019\/08\/marca.png","contentUrl":"https:\/\/www.padreeustaquio.com.br\/wp-content\/uploads\/2019\/08\/marca.png","width":350,"height":400,"caption":"Padre Eust\u00e1quio"},"image":{"@id":"https:\/\/www.padreeustaquio.com.br\/#\/schema\/logo\/image\/"},"sameAs":["https:\/\/www.facebook.com\/beatopadreeustaquio\/","https:\/\/x.com\/beatopeustaquio","https:\/\/www.instagram.com\/beatopadreeustaquio\/","https:\/\/www.youtube.com\/channel\/UCRhw7vfabnajwLxb1ZXMeIw"]},{"@type":"Person","@id":"https:\/\/www.padreeustaquio.com.br\/#\/schema\/person\/a2a51db1d00f1a7af0204a0f1ddb1566","name":"@sscc","image":{"@type":"ImageObject","inLanguage":"en-US","@id":"https:\/\/secure.gravatar.com\/avatar\/68cfafa5f44617fea54071e215026e0ff06be366c3d54a8425f04fdcb86f8c5f?s=96&d=mm&r=g","url":"https:\/\/secure.gravatar.com\/avatar\/68cfafa5f44617fea54071e215026e0ff06be366c3d54a8425f04fdcb86f8c5f?s=96&d=mm&r=g","contentUrl":"https:\/\/secure.gravatar.com\/avatar\/68cfafa5f44617fea54071e215026e0ff06be366c3d54a8425f04fdcb86f8c5f?s=96&d=mm&r=g","caption":"@sscc"},"url":"https:\/\/www.padreeustaquio.com.br\/en\/author\/sscc\/"}]}},"_links":{"self":[{"href":"https:\/\/www.padreeustaquio.com.br\/en\/wp-json\/wp\/v2\/posts\/11260","targetHints":{"allow":["GET"]}}],"collection":[{"href":"https:\/\/www.padreeustaquio.com.br\/en\/wp-json\/wp\/v2\/posts"}],"about":[{"href":"https:\/\/www.padreeustaquio.com.br\/en\/wp-json\/wp\/v2\/types\/post"}],"author":[{"embeddable":true,"href":"https:\/\/www.padreeustaquio.com.br\/en\/wp-json\/wp\/v2\/users\/2"}],"replies":[{"embeddable":true,"href":"https:\/\/www.padreeustaquio.com.br\/en\/wp-json\/wp\/v2\/comments?post=11260"}],"version-history":[{"count":0,"href":"https:\/\/www.padreeustaquio.com.br\/en\/wp-json\/wp\/v2\/posts\/11260\/revisions"}],"wp:featuredmedia":[{"embeddable":true,"href":"https:\/\/www.padreeustaquio.com.br\/en\/wp-json\/wp\/v2\/media\/11261"}],"wp:attachment":[{"href":"https:\/\/www.padreeustaquio.com.br\/en\/wp-json\/wp\/v2\/media?parent=11260"}],"wp:term":[{"taxonomy":"category","embeddable":true,"href":"https:\/\/www.padreeustaquio.com.br\/en\/wp-json\/wp\/v2\/categories?post=11260"},{"taxonomy":"post_tag","embeddable":true,"href":"https:\/\/www.padreeustaquio.com.br\/en\/wp-json\/wp\/v2\/tags?post=11260"}],"curies":[{"name":"wp","href":"https:\/\/api.w.org\/{rel}","templated":true}]}}