{"id":11248,"date":"2024-04-26T08:44:05","date_gmt":"2024-04-26T11:44:05","guid":{"rendered":"https:\/\/www.padreeustaquio.com.br\/?p=11248"},"modified":"2024-04-26T08:45:48","modified_gmt":"2024-04-26T11:45:48","slug":"a-celebration-in-honor-of-father-eustaquio-is-held-in-patrocinio-mg","status":"publish","type":"post","link":"https:\/\/www.padreeustaquio.com.br\/en\/a-celebration-in-honor-of-father-eustaquio-is-held-in-patrocinio-mg\/","title":{"rendered":"Celebration in honor of Father Eust\u00e1quio is held in Patroc\u00ednio\/MG"},"content":{"rendered":"<p>On April 24th, the Beato Eust\u00e1quio community in Patroc\u00ednio-MG had a special evening with blessings of health and peace. The celebration, which is held every month in the community, brought together faithful and devotees of the Dutch priest.<\/p>\n<p>This time, the Mass was celebrated at the home of Irson and Glorinha. They generously and lovingly opened the doors of their residence to welcome everyone. The celebration was presided over by Father \u00c9lcio, ss.cc.<\/p>\n<p>The presence of each of the devotees made the night even more meaningful and special. In May, the celebration will be held at Matilde Amaral&#039;s residence.<\/p>\n\n\t\t<style type=\"text\/css\">\n\t\t\t#gallery-1 {\n\t\t\t\tmargin: auto;\n\t\t\t}\n\t\t\t#gallery-1 .gallery-item {\n\t\t\t\tfloat: left;\n\t\t\t\tmargin-top: 10px;\n\t\t\t\ttext-align: center;\n\t\t\t\twidth: 33%;\n\t\t\t}\n\t\t\t#gallery-1 img {\n\t\t\t\tborder: 2px solid #cfcfcf;\n\t\t\t}\n\t\t\t#gallery-1 .gallery-caption {\n\t\t\t\tmargin-left: 0;\n\t\t\t}\n\t\t\t\/* see gallery_shortcode() in wp-includes\/media.php *\/\n\t\t<\/style>\n\t\t<div id='gallery-1' class='gallery galleryid-11248 gallery-columns-3 gallery-size-thumbnail'><dl class='gallery-item'>\n\t\t\t<dt class='gallery-icon landscape'>\n\t\t\t\t<a href='https:\/\/www.padreeustaquio.com.br\/en\/a-celebration-in-honor-of-father-eustaquio-is-held-in-patrocinio-mg\/padre-eustaquio-patrocinio-6\/'><img decoding=\"async\" width=\"150\" height=\"150\" src=\"https:\/\/www.padreeustaquio.com.br\/wp-content\/uploads\/2024\/04\/Padre-Eustaquio-Patrocinio-6-150x150.jpeg\" class=\"attachment-thumbnail size-thumbnail\" alt=\"\" srcset=\"https:\/\/www.padreeustaquio.com.br\/wp-content\/uploads\/2024\/04\/Padre-Eustaquio-Patrocinio-6-150x150.jpeg 150w, https:\/\/www.padreeustaquio.com.br\/wp-content\/uploads\/2024\/04\/Padre-Eustaquio-Patrocinio-6-300x300.jpeg 300w, https:\/\/www.padreeustaquio.com.br\/wp-content\/uploads\/2024\/04\/Padre-Eustaquio-Patrocinio-6-1024x1024.jpeg 1024w, https:\/\/www.padreeustaquio.com.br\/wp-content\/uploads\/2024\/04\/Padre-Eustaquio-Patrocinio-6-768x768.jpeg 768w, https:\/\/www.padreeustaquio.com.br\/wp-content\/uploads\/2024\/04\/Padre-Eustaquio-Patrocinio-6-75x75.jpeg 75w, https:\/\/www.padreeustaquio.com.br\/wp-content\/uploads\/2024\/04\/Padre-Eustaquio-Patrocinio-6-180x180.jpeg 180w, https:\/\/www.padreeustaquio.com.br\/wp-content\/uploads\/2024\/04\/Padre-Eustaquio-Patrocinio-6-400x400.jpeg 400w, https:\/\/www.padreeustaquio.com.br\/wp-content\/uploads\/2024\/04\/Padre-Eustaquio-Patrocinio-6-600x600.jpeg 600w, https:\/\/www.padreeustaquio.com.br\/wp-content\/uploads\/2024\/04\/Padre-Eustaquio-Patrocinio-6.jpeg 1440w\" sizes=\"(max-width: 150px) 100vw, 150px\" \/><\/a>\n\t\t\t<\/dt><\/dl><dl class='gallery-item'>\n\t\t\t<dt class='gallery-icon landscape'>\n\t\t\t\t<a href='https:\/\/www.padreeustaquio.com.br\/en\/a-celebration-in-honor-of-father-eustaquio-is-held-in-patrocinio-mg\/padre-eustaquio-patrocinio-4\/'><img decoding=\"async\" width=\"150\" height=\"150\" src=\"https:\/\/www.padreeustaquio.com.br\/wp-content\/uploads\/2024\/04\/Padre-Eustaquio-Patrocinio-4-150x150.jpeg\" class=\"attachment-thumbnail size-thumbnail\" alt=\"\" srcset=\"https:\/\/www.padreeustaquio.com.br\/wp-content\/uploads\/2024\/04\/Padre-Eustaquio-Patrocinio-4-150x150.jpeg 150w, https:\/\/www.padreeustaquio.com.br\/wp-content\/uploads\/2024\/04\/Padre-Eustaquio-Patrocinio-4-300x300.jpeg 300w, https:\/\/www.padreeustaquio.com.br\/wp-content\/uploads\/2024\/04\/Padre-Eustaquio-Patrocinio-4-1024x1024.jpeg 1024w, https:\/\/www.padreeustaquio.com.br\/wp-content\/uploads\/2024\/04\/Padre-Eustaquio-Patrocinio-4-768x768.jpeg 768w, https:\/\/www.padreeustaquio.com.br\/wp-content\/uploads\/2024\/04\/Padre-Eustaquio-Patrocinio-4-75x75.jpeg 75w, https:\/\/www.padreeustaquio.com.br\/wp-content\/uploads\/2024\/04\/Padre-Eustaquio-Patrocinio-4-180x180.jpeg 180w, https:\/\/www.padreeustaquio.com.br\/wp-content\/uploads\/2024\/04\/Padre-Eustaquio-Patrocinio-4-400x400.jpeg 400w, https:\/\/www.padreeustaquio.com.br\/wp-content\/uploads\/2024\/04\/Padre-Eustaquio-Patrocinio-4-600x600.jpeg 600w, https:\/\/www.padreeustaquio.com.br\/wp-content\/uploads\/2024\/04\/Padre-Eustaquio-Patrocinio-4.jpeg 1280w\" sizes=\"(max-width: 150px) 100vw, 150px\" \/><\/a>\n\t\t\t<\/dt><\/dl><dl class='gallery-item'>\n\t\t\t<dt class='gallery-icon landscape'>\n\t\t\t\t<a href='https:\/\/www.padreeustaquio.com.br\/en\/a-celebration-in-honor-of-father-eustaquio-is-held-in-patrocinio-mg\/padre-eustaquio-patrocinio-1\/'><img decoding=\"async\" width=\"150\" height=\"150\" src=\"https:\/\/www.padreeustaquio.com.br\/wp-content\/uploads\/2024\/04\/Padre-Eustaquio-Patrocinio-1-150x150.jpeg\" class=\"attachment-thumbnail size-thumbnail\" alt=\"\" srcset=\"https:\/\/www.padreeustaquio.com.br\/wp-content\/uploads\/2024\/04\/Padre-Eustaquio-Patrocinio-1-150x150.jpeg 150w, https:\/\/www.padreeustaquio.com.br\/wp-content\/uploads\/2024\/04\/Padre-Eustaquio-Patrocinio-1-300x300.jpeg 300w, https:\/\/www.padreeustaquio.com.br\/wp-content\/uploads\/2024\/04\/Padre-Eustaquio-Patrocinio-1-1024x1024.jpeg 1024w, https:\/\/www.padreeustaquio.com.br\/wp-content\/uploads\/2024\/04\/Padre-Eustaquio-Patrocinio-1-768x768.jpeg 768w, https:\/\/www.padreeustaquio.com.br\/wp-content\/uploads\/2024\/04\/Padre-Eustaquio-Patrocinio-1-75x75.jpeg 75w, https:\/\/www.padreeustaquio.com.br\/wp-content\/uploads\/2024\/04\/Padre-Eustaquio-Patrocinio-1-180x180.jpeg 180w, https:\/\/www.padreeustaquio.com.br\/wp-content\/uploads\/2024\/04\/Padre-Eustaquio-Patrocinio-1-400x400.jpeg 400w, https:\/\/www.padreeustaquio.com.br\/wp-content\/uploads\/2024\/04\/Padre-Eustaquio-Patrocinio-1-600x600.jpeg 600w, https:\/\/www.padreeustaquio.com.br\/wp-content\/uploads\/2024\/04\/Padre-Eustaquio-Patrocinio-1.jpeg 1280w\" sizes=\"(max-width: 150px) 100vw, 150px\" \/><\/a>\n\t\t\t<\/dt><\/dl><br style=\"clear: both\" \/><dl class='gallery-item'>\n\t\t\t<dt class='gallery-icon landscape'>\n\t\t\t\t<a href='https:\/\/www.padreeustaquio.com.br\/en\/a-celebration-in-honor-of-father-eustaquio-is-held-in-patrocinio-mg\/padre-eustaquio-patrocinio-5\/'><img loading=\"lazy\" decoding=\"async\" width=\"150\" height=\"150\" src=\"https:\/\/www.padreeustaquio.com.br\/wp-content\/uploads\/2024\/04\/Padre-Eustaquio-Patrocinio-5-150x150.jpeg\" class=\"attachment-thumbnail size-thumbnail\" alt=\"\" srcset=\"https:\/\/www.padreeustaquio.com.br\/wp-content\/uploads\/2024\/04\/Padre-Eustaquio-Patrocinio-5-150x150.jpeg 150w, https:\/\/www.padreeustaquio.com.br\/wp-content\/uploads\/2024\/04\/Padre-Eustaquio-Patrocinio-5-300x300.jpeg 300w, https:\/\/www.padreeustaquio.com.br\/wp-content\/uploads\/2024\/04\/Padre-Eustaquio-Patrocinio-5-1024x1024.jpeg 1024w, https:\/\/www.padreeustaquio.com.br\/wp-content\/uploads\/2024\/04\/Padre-Eustaquio-Patrocinio-5-768x768.jpeg 768w, https:\/\/www.padreeustaquio.com.br\/wp-content\/uploads\/2024\/04\/Padre-Eustaquio-Patrocinio-5-75x75.jpeg 75w, https:\/\/www.padreeustaquio.com.br\/wp-content\/uploads\/2024\/04\/Padre-Eustaquio-Patrocinio-5-180x180.jpeg 180w, https:\/\/www.padreeustaquio.com.br\/wp-content\/uploads\/2024\/04\/Padre-Eustaquio-Patrocinio-5-400x400.jpeg 400w, https:\/\/www.padreeustaquio.com.br\/wp-content\/uploads\/2024\/04\/Padre-Eustaquio-Patrocinio-5-600x600.jpeg 600w, https:\/\/www.padreeustaquio.com.br\/wp-content\/uploads\/2024\/04\/Padre-Eustaquio-Patrocinio-5.jpeg 1280w\" sizes=\"(max-width: 150px) 100vw, 150px\" \/><\/a>\n\t\t\t<\/dt><\/dl><dl class='gallery-item'>\n\t\t\t<dt class='gallery-icon landscape'>\n\t\t\t\t<a href='https:\/\/www.padreeustaquio.com.br\/en\/a-celebration-in-honor-of-father-eustaquio-is-held-in-patrocinio-mg\/padre-eustaquio-patrocinio-3\/'><img loading=\"lazy\" decoding=\"async\" width=\"150\" height=\"150\" src=\"https:\/\/www.padreeustaquio.com.br\/wp-content\/uploads\/2024\/04\/Padre-Eustaquio-Patrocinio-3-150x150.jpeg\" class=\"attachment-thumbnail size-thumbnail\" alt=\"\" srcset=\"https:\/\/www.padreeustaquio.com.br\/wp-content\/uploads\/2024\/04\/Padre-Eustaquio-Patrocinio-3-150x150.jpeg 150w, https:\/\/www.padreeustaquio.com.br\/wp-content\/uploads\/2024\/04\/Padre-Eustaquio-Patrocinio-3-300x300.jpeg 300w, https:\/\/www.padreeustaquio.com.br\/wp-content\/uploads\/2024\/04\/Padre-Eustaquio-Patrocinio-3-1024x1024.jpeg 1024w, https:\/\/www.padreeustaquio.com.br\/wp-content\/uploads\/2024\/04\/Padre-Eustaquio-Patrocinio-3-768x768.jpeg 768w, https:\/\/www.padreeustaquio.com.br\/wp-content\/uploads\/2024\/04\/Padre-Eustaquio-Patrocinio-3-75x75.jpeg 75w, https:\/\/www.padreeustaquio.com.br\/wp-content\/uploads\/2024\/04\/Padre-Eustaquio-Patrocinio-3-180x180.jpeg 180w, https:\/\/www.padreeustaquio.com.br\/wp-content\/uploads\/2024\/04\/Padre-Eustaquio-Patrocinio-3-400x400.jpeg 400w, https:\/\/www.padreeustaquio.com.br\/wp-content\/uploads\/2024\/04\/Padre-Eustaquio-Patrocinio-3-600x600.jpeg 600w, https:\/\/www.padreeustaquio.com.br\/wp-content\/uploads\/2024\/04\/Padre-Eustaquio-Patrocinio-3.jpeg 1280w\" sizes=\"(max-width: 150px) 100vw, 150px\" \/><\/a>\n\t\t\t<\/dt><\/dl><dl class='gallery-item'>\n\t\t\t<dt class='gallery-icon landscape'>\n\t\t\t\t<a href='https:\/\/www.padreeustaquio.com.br\/en\/a-celebration-in-honor-of-father-eustaquio-is-held-in-patrocinio-mg\/padre-eustaquio-patrocinio-2\/'><img loading=\"lazy\" decoding=\"async\" width=\"150\" height=\"150\" src=\"https:\/\/www.padreeustaquio.com.br\/wp-content\/uploads\/2024\/04\/Padre-Eustaquio-Patrocinio-2-150x150.jpeg\" class=\"attachment-thumbnail size-thumbnail\" alt=\"\" srcset=\"https:\/\/www.padreeustaquio.com.br\/wp-content\/uploads\/2024\/04\/Padre-Eustaquio-Patrocinio-2-150x150.jpeg 150w, https:\/\/www.padreeustaquio.com.br\/wp-content\/uploads\/2024\/04\/Padre-Eustaquio-Patrocinio-2-300x300.jpeg 300w, https:\/\/www.padreeustaquio.com.br\/wp-content\/uploads\/2024\/04\/Padre-Eustaquio-Patrocinio-2-1024x1024.jpeg 1024w, https:\/\/www.padreeustaquio.com.br\/wp-content\/uploads\/2024\/04\/Padre-Eustaquio-Patrocinio-2-768x768.jpeg 768w, https:\/\/www.padreeustaquio.com.br\/wp-content\/uploads\/2024\/04\/Padre-Eustaquio-Patrocinio-2-75x75.jpeg 75w, https:\/\/www.padreeustaquio.com.br\/wp-content\/uploads\/2024\/04\/Padre-Eustaquio-Patrocinio-2-180x180.jpeg 180w, https:\/\/www.padreeustaquio.com.br\/wp-content\/uploads\/2024\/04\/Padre-Eustaquio-Patrocinio-2-400x400.jpeg 400w, https:\/\/www.padreeustaquio.com.br\/wp-content\/uploads\/2024\/04\/Padre-Eustaquio-Patrocinio-2-600x600.jpeg 600w, https:\/\/www.padreeustaquio.com.br\/wp-content\/uploads\/2024\/04\/Padre-Eustaquio-Patrocinio-2.jpeg 1280w\" sizes=\"(max-width: 150px) 100vw, 150px\" \/><\/a>\n\t\t\t<\/dt><\/dl><br style=\"clear: both\" \/><dl class='gallery-item'>\n\t\t\t<dt class='gallery-icon landscape'>\n\t\t\t\t<a href='https:\/\/www.padreeustaquio.com.br\/en\/a-celebration-in-honor-of-father-eustaquio-is-held-in-patrocinio-mg\/padre-eustaquio-patrocinio-7\/'><img loading=\"lazy\" decoding=\"async\" width=\"150\" height=\"150\" src=\"https:\/\/www.padreeustaquio.com.br\/wp-content\/uploads\/2024\/04\/Padre-Eustaquio-Patrocinio-7-150x150.jpeg\" class=\"attachment-thumbnail size-thumbnail\" alt=\"\" srcset=\"https:\/\/www.padreeustaquio.com.br\/wp-content\/uploads\/2024\/04\/Padre-Eustaquio-Patrocinio-7-150x150.jpeg 150w, https:\/\/www.padreeustaquio.com.br\/wp-content\/uploads\/2024\/04\/Padre-Eustaquio-Patrocinio-7-300x300.jpeg 300w, https:\/\/www.padreeustaquio.com.br\/wp-content\/uploads\/2024\/04\/Padre-Eustaquio-Patrocinio-7-1024x1024.jpeg 1024w, https:\/\/www.padreeustaquio.com.br\/wp-content\/uploads\/2024\/04\/Padre-Eustaquio-Patrocinio-7-768x768.jpeg 768w, https:\/\/www.padreeustaquio.com.br\/wp-content\/uploads\/2024\/04\/Padre-Eustaquio-Patrocinio-7-75x75.jpeg 75w, https:\/\/www.padreeustaquio.com.br\/wp-content\/uploads\/2024\/04\/Padre-Eustaquio-Patrocinio-7-180x180.jpeg 180w, https:\/\/www.padreeustaquio.com.br\/wp-content\/uploads\/2024\/04\/Padre-Eustaquio-Patrocinio-7-400x400.jpeg 400w, https:\/\/www.padreeustaquio.com.br\/wp-content\/uploads\/2024\/04\/Padre-Eustaquio-Patrocinio-7-600x600.jpeg 600w, https:\/\/www.padreeustaquio.com.br\/wp-content\/uploads\/2024\/04\/Padre-Eustaquio-Patrocinio-7.jpeg 1280w\" sizes=\"(max-width: 150px) 100vw, 150px\" \/><\/a>\n\t\t\t<\/dt><\/dl>\n\t\t\t<br style='clear: both' \/>\n\t\t<\/div>","protected":false},"excerpt":{"rendered":"<p>No dia 24 de abril, a comunidade Beato Eust\u00e1quio, em Patroc\u00ednio-MG, teve uma noite especial, com b\u00ean\u00e7\u00e3os de Sa\u00fade e Paz. A celebra\u00e7\u00e3o, que \u00e9 realizada todo m\u00eas na comunidade, reuniu fi\u00e9is e devotos do padre holand\u00eas. A missa desta vez foi celebrada na casa do casal Irson e Glorinha. Eles abriram as portas de sua resid\u00eancia para receber a todos com generosidade e amor. A celebra\u00e7\u00e3o foi presidida pelo padre \u00c9lcio, ss.cc. A presen\u00e7a de cada um dos devotos tornou a noite ainda mais significativa e especial. Em maio, a celebra\u00e7\u00e3o ser\u00e1 realizada na resid\u00eancia de Matilde Amaral.<\/p>","protected":false},"author":2,"featured_media":11249,"comment_status":"open","ping_status":"closed","sticky":false,"template":"","format":"standard","meta":{"_acf_changed":false,"footnotes":""},"categories":[611],"tags":[],"class_list":["post-11248","post","type-post","status-publish","format-standard","has-post-thumbnail","hentry","category-noticias"],"acf":[],"yoast_head":"<!-- This site is optimized with the Yoast SEO plugin v27.2 - https:\/\/yoast.com\/product\/yoast-seo-wordpress\/ -->\n<title>Celebra\u00e7\u00e3o em homenagem a Padre Eust\u00e1quio \u00e9 realizada em Patroc\u00ednio\/MG<\/title>\n<meta name=\"description\" content=\"No dia 24 de abril, a comunidade Beato Eust\u00e1quio, em Patroc\u00ednio-MG, teve uma noite especial, com b\u00ean\u00e7\u00e3os de Sa\u00fade e Paz. A celebra\u00e7\u00e3o, que \u00e9 realizada todo m\u00eas na comunidade, reuniu fi\u00e9is e devotos do padre holand\u00eas.\" \/>\n<meta name=\"robots\" content=\"index, follow, max-snippet:-1, max-image-preview:large, max-video-preview:-1\" \/>\n<link rel=\"canonical\" href=\"https:\/\/www.padreeustaquio.com.br\/en\/a-celebration-in-honor-of-father-eustaquio-is-held-in-patrocinio-mg\/\" \/>\n<meta property=\"og:locale\" content=\"en_US\" \/>\n<meta property=\"og:type\" content=\"article\" \/>\n<meta property=\"og:title\" content=\"Celebra\u00e7\u00e3o em homenagem a Padre Eust\u00e1quio \u00e9 realizada em Patroc\u00ednio\/MG\" \/>\n<meta property=\"og:description\" content=\"No dia 24 de abril, a comunidade Beato Eust\u00e1quio, em Patroc\u00ednio-MG, teve uma noite especial, com b\u00ean\u00e7\u00e3os de Sa\u00fade e Paz. A celebra\u00e7\u00e3o, que \u00e9 realizada todo m\u00eas na comunidade, reuniu fi\u00e9is e devotos do padre holand\u00eas.\" \/>\n<meta property=\"og:url\" content=\"https:\/\/www.padreeustaquio.com.br\/en\/a-celebration-in-honor-of-father-eustaquio-is-held-in-patrocinio-mg\/\" \/>\n<meta property=\"og:site_name\" content=\"Padre Eust\u00e1quio\" \/>\n<meta property=\"article:publisher\" content=\"https:\/\/www.facebook.com\/beatopadreeustaquio\/\" \/>\n<meta property=\"article:published_time\" content=\"2024-04-26T11:44:05+00:00\" \/>\n<meta property=\"article:modified_time\" content=\"2024-04-26T11:45:48+00:00\" \/>\n<meta property=\"og:image\" content=\"https:\/\/www.padreeustaquio.com.br\/wp-content\/uploads\/2024\/04\/Missa-patrocinio-maio2024.jpg\" \/>\n\t<meta property=\"og:image:width\" content=\"748\" \/>\n\t<meta property=\"og:image:height\" content=\"394\" \/>\n\t<meta property=\"og:image:type\" content=\"image\/jpeg\" \/>\n<meta name=\"author\" content=\"@sscc\" \/>\n<meta name=\"twitter:card\" content=\"summary_large_image\" \/>\n<meta name=\"twitter:creator\" content=\"@beatopeustaquio\" \/>\n<meta name=\"twitter:site\" content=\"@beatopeustaquio\" \/>\n<meta name=\"twitter:label1\" content=\"Written by\" \/>\n\t<meta name=\"twitter:data1\" content=\"@sscc\" \/>\n\t<meta name=\"twitter:label2\" content=\"Est. reading time\" \/>\n\t<meta name=\"twitter:data2\" content=\"1 minute\" \/>\n<script type=\"application\/ld+json\" class=\"yoast-schema-graph\">{\"@context\":\"https:\/\/schema.org\",\"@graph\":[{\"@type\":\"Article\",\"@id\":\"https:\/\/www.padreeustaquio.com.br\/celebracao-em-homenagem-a-padre-eustaquio-e-realizada-em-patrocinio-mg\/#article\",\"isPartOf\":{\"@id\":\"https:\/\/www.padreeustaquio.com.br\/celebracao-em-homenagem-a-padre-eustaquio-e-realizada-em-patrocinio-mg\/\"},\"author\":{\"name\":\"@sscc\",\"@id\":\"https:\/\/www.padreeustaquio.com.br\/#\/schema\/person\/a2a51db1d00f1a7af0204a0f1ddb1566\"},\"headline\":\"Celebra\u00e7\u00e3o em homenagem a Padre Eust\u00e1quio \u00e9 realizada em Patroc\u00ednio\/MG\",\"datePublished\":\"2024-04-26T11:44:05+00:00\",\"dateModified\":\"2024-04-26T11:45:48+00:00\",\"mainEntityOfPage\":{\"@id\":\"https:\/\/www.padreeustaquio.com.br\/celebracao-em-homenagem-a-padre-eustaquio-e-realizada-em-patrocinio-mg\/\"},\"wordCount\":129,\"commentCount\":0,\"publisher\":{\"@id\":\"https:\/\/www.padreeustaquio.com.br\/#organization\"},\"image\":{\"@id\":\"https:\/\/www.padreeustaquio.com.br\/celebracao-em-homenagem-a-padre-eustaquio-e-realizada-em-patrocinio-mg\/#primaryimage\"},\"thumbnailUrl\":\"https:\/\/www.padreeustaquio.com.br\/wp-content\/uploads\/2024\/04\/Missa-patrocinio-maio2024.jpg\",\"articleSection\":[\"Not\u00edcias\"],\"inLanguage\":\"en-US\",\"potentialAction\":[{\"@type\":\"CommentAction\",\"name\":\"Comment\",\"target\":[\"https:\/\/www.padreeustaquio.com.br\/celebracao-em-homenagem-a-padre-eustaquio-e-realizada-em-patrocinio-mg\/#respond\"]}]},{\"@type\":\"WebPage\",\"@id\":\"https:\/\/www.padreeustaquio.com.br\/celebracao-em-homenagem-a-padre-eustaquio-e-realizada-em-patrocinio-mg\/\",\"url\":\"https:\/\/www.padreeustaquio.com.br\/celebracao-em-homenagem-a-padre-eustaquio-e-realizada-em-patrocinio-mg\/\",\"name\":\"Celebra\u00e7\u00e3o em homenagem a Padre Eust\u00e1quio \u00e9 realizada em Patroc\u00ednio\/MG\",\"isPartOf\":{\"@id\":\"https:\/\/www.padreeustaquio.com.br\/#website\"},\"primaryImageOfPage\":{\"@id\":\"https:\/\/www.padreeustaquio.com.br\/celebracao-em-homenagem-a-padre-eustaquio-e-realizada-em-patrocinio-mg\/#primaryimage\"},\"image\":{\"@id\":\"https:\/\/www.padreeustaquio.com.br\/celebracao-em-homenagem-a-padre-eustaquio-e-realizada-em-patrocinio-mg\/#primaryimage\"},\"thumbnailUrl\":\"https:\/\/www.padreeustaquio.com.br\/wp-content\/uploads\/2024\/04\/Missa-patrocinio-maio2024.jpg\",\"datePublished\":\"2024-04-26T11:44:05+00:00\",\"dateModified\":\"2024-04-26T11:45:48+00:00\",\"description\":\"No dia 24 de abril, a comunidade Beato Eust\u00e1quio, em Patroc\u00ednio-MG, teve uma noite especial, com b\u00ean\u00e7\u00e3os de Sa\u00fade e Paz. A celebra\u00e7\u00e3o, que \u00e9 realizada todo m\u00eas na comunidade, reuniu fi\u00e9is e devotos do padre holand\u00eas.\",\"breadcrumb\":{\"@id\":\"https:\/\/www.padreeustaquio.com.br\/celebracao-em-homenagem-a-padre-eustaquio-e-realizada-em-patrocinio-mg\/#breadcrumb\"},\"inLanguage\":\"en-US\",\"potentialAction\":[{\"@type\":\"ReadAction\",\"target\":[\"https:\/\/www.padreeustaquio.com.br\/celebracao-em-homenagem-a-padre-eustaquio-e-realizada-em-patrocinio-mg\/\"]}]},{\"@type\":\"ImageObject\",\"inLanguage\":\"en-US\",\"@id\":\"https:\/\/www.padreeustaquio.com.br\/celebracao-em-homenagem-a-padre-eustaquio-e-realizada-em-patrocinio-mg\/#primaryimage\",\"url\":\"https:\/\/www.padreeustaquio.com.br\/wp-content\/uploads\/2024\/04\/Missa-patrocinio-maio2024.jpg\",\"contentUrl\":\"https:\/\/www.padreeustaquio.com.br\/wp-content\/uploads\/2024\/04\/Missa-patrocinio-maio2024.jpg\",\"width\":748,\"height\":394},{\"@type\":\"BreadcrumbList\",\"@id\":\"https:\/\/www.padreeustaquio.com.br\/celebracao-em-homenagem-a-padre-eustaquio-e-realizada-em-patrocinio-mg\/#breadcrumb\",\"itemListElement\":[{\"@type\":\"ListItem\",\"position\":1,\"name\":\"In\u00edcio\",\"item\":\"https:\/\/www.padreeustaquio.com.br\/\"},{\"@type\":\"ListItem\",\"position\":2,\"name\":\"Celebra\u00e7\u00e3o em homenagem a Padre Eust\u00e1quio \u00e9 realizada em Patroc\u00ednio\/MG\"}]},{\"@type\":\"WebSite\",\"@id\":\"https:\/\/www.padreeustaquio.com.br\/#website\",\"url\":\"https:\/\/www.padreeustaquio.com.br\/\",\"name\":\"Padre Eust\u00e1quio\",\"description\":\"Sa\u00fade e Paz\",\"publisher\":{\"@id\":\"https:\/\/www.padreeustaquio.com.br\/#organization\"},\"potentialAction\":[{\"@type\":\"SearchAction\",\"target\":{\"@type\":\"EntryPoint\",\"urlTemplate\":\"https:\/\/www.padreeustaquio.com.br\/?s={search_term_string}\"},\"query-input\":{\"@type\":\"PropertyValueSpecification\",\"valueRequired\":true,\"valueName\":\"search_term_string\"}}],\"inLanguage\":\"en-US\"},{\"@type\":\"Organization\",\"@id\":\"https:\/\/www.padreeustaquio.com.br\/#organization\",\"name\":\"Padre Eust\u00e1quio\",\"url\":\"https:\/\/www.padreeustaquio.com.br\/\",\"logo\":{\"@type\":\"ImageObject\",\"inLanguage\":\"en-US\",\"@id\":\"https:\/\/www.padreeustaquio.com.br\/#\/schema\/logo\/image\/\",\"url\":\"https:\/\/www.padreeustaquio.com.br\/wp-content\/uploads\/2019\/08\/marca.png\",\"contentUrl\":\"https:\/\/www.padreeustaquio.com.br\/wp-content\/uploads\/2019\/08\/marca.png\",\"width\":350,\"height\":400,\"caption\":\"Padre Eust\u00e1quio\"},\"image\":{\"@id\":\"https:\/\/www.padreeustaquio.com.br\/#\/schema\/logo\/image\/\"},\"sameAs\":[\"https:\/\/www.facebook.com\/beatopadreeustaquio\/\",\"https:\/\/x.com\/beatopeustaquio\",\"https:\/\/www.instagram.com\/beatopadreeustaquio\/\",\"https:\/\/www.youtube.com\/channel\/UCRhw7vfabnajwLxb1ZXMeIw\"]},{\"@type\":\"Person\",\"@id\":\"https:\/\/www.padreeustaquio.com.br\/#\/schema\/person\/a2a51db1d00f1a7af0204a0f1ddb1566\",\"name\":\"@sscc\",\"image\":{\"@type\":\"ImageObject\",\"inLanguage\":\"en-US\",\"@id\":\"https:\/\/secure.gravatar.com\/avatar\/68cfafa5f44617fea54071e215026e0ff06be366c3d54a8425f04fdcb86f8c5f?s=96&d=mm&r=g\",\"url\":\"https:\/\/secure.gravatar.com\/avatar\/68cfafa5f44617fea54071e215026e0ff06be366c3d54a8425f04fdcb86f8c5f?s=96&d=mm&r=g\",\"contentUrl\":\"https:\/\/secure.gravatar.com\/avatar\/68cfafa5f44617fea54071e215026e0ff06be366c3d54a8425f04fdcb86f8c5f?s=96&d=mm&r=g\",\"caption\":\"@sscc\"},\"url\":\"https:\/\/www.padreeustaquio.com.br\/en\/author\/sscc\/\"}]}<\/script>\n<!-- \/ Yoast SEO plugin. -->","yoast_head_json":{"title":"Celebration in honor of Father Eust\u00e1quio is held in Patroc\u00ednio\/MG","description":"On April 24th, the Beato Eust\u00e1quio community in Patroc\u00ednio-MG had a special evening with blessings of health and peace. The celebration, which is held every month in the community, brought together faithful and devotees of the Dutch priest.","robots":{"index":"index","follow":"follow","max-snippet":"max-snippet:-1","max-image-preview":"max-image-preview:large","max-video-preview":"max-video-preview:-1"},"canonical":"https:\/\/www.padreeustaquio.com.br\/en\/a-celebration-in-honor-of-father-eustaquio-is-held-in-patrocinio-mg\/","og_locale":"en_US","og_type":"article","og_title":"Celebra\u00e7\u00e3o em homenagem a Padre Eust\u00e1quio \u00e9 realizada em Patroc\u00ednio\/MG","og_description":"No dia 24 de abril, a comunidade Beato Eust\u00e1quio, em Patroc\u00ednio-MG, teve uma noite especial, com b\u00ean\u00e7\u00e3os de Sa\u00fade e Paz. A celebra\u00e7\u00e3o, que \u00e9 realizada todo m\u00eas na comunidade, reuniu fi\u00e9is e devotos do padre holand\u00eas.","og_url":"https:\/\/www.padreeustaquio.com.br\/en\/a-celebration-in-honor-of-father-eustaquio-is-held-in-patrocinio-mg\/","og_site_name":"Padre Eust\u00e1quio","article_publisher":"https:\/\/www.facebook.com\/beatopadreeustaquio\/","article_published_time":"2024-04-26T11:44:05+00:00","article_modified_time":"2024-04-26T11:45:48+00:00","og_image":[{"width":748,"height":394,"url":"https:\/\/www.padreeustaquio.com.br\/wp-content\/uploads\/2024\/04\/Missa-patrocinio-maio2024.jpg","type":"image\/jpeg"}],"author":"@sscc","twitter_card":"summary_large_image","twitter_creator":"@beatopeustaquio","twitter_site":"@beatopeustaquio","twitter_misc":{"Written by":"@sscc","Est. reading time":"1 minute"},"schema":{"@context":"https:\/\/schema.org","@graph":[{"@type":"Article","@id":"https:\/\/www.padreeustaquio.com.br\/celebracao-em-homenagem-a-padre-eustaquio-e-realizada-em-patrocinio-mg\/#article","isPartOf":{"@id":"https:\/\/www.padreeustaquio.com.br\/celebracao-em-homenagem-a-padre-eustaquio-e-realizada-em-patrocinio-mg\/"},"author":{"name":"@sscc","@id":"https:\/\/www.padreeustaquio.com.br\/#\/schema\/person\/a2a51db1d00f1a7af0204a0f1ddb1566"},"headline":"Celebra\u00e7\u00e3o em homenagem a Padre Eust\u00e1quio \u00e9 realizada em Patroc\u00ednio\/MG","datePublished":"2024-04-26T11:44:05+00:00","dateModified":"2024-04-26T11:45:48+00:00","mainEntityOfPage":{"@id":"https:\/\/www.padreeustaquio.com.br\/celebracao-em-homenagem-a-padre-eustaquio-e-realizada-em-patrocinio-mg\/"},"wordCount":129,"commentCount":0,"publisher":{"@id":"https:\/\/www.padreeustaquio.com.br\/#organization"},"image":{"@id":"https:\/\/www.padreeustaquio.com.br\/celebracao-em-homenagem-a-padre-eustaquio-e-realizada-em-patrocinio-mg\/#primaryimage"},"thumbnailUrl":"https:\/\/www.padreeustaquio.com.br\/wp-content\/uploads\/2024\/04\/Missa-patrocinio-maio2024.jpg","articleSection":["Not\u00edcias"],"inLanguage":"en-US","potentialAction":[{"@type":"CommentAction","name":"Comment","target":["https:\/\/www.padreeustaquio.com.br\/celebracao-em-homenagem-a-padre-eustaquio-e-realizada-em-patrocinio-mg\/#respond"]}]},{"@type":"WebPage","@id":"https:\/\/www.padreeustaquio.com.br\/celebracao-em-homenagem-a-padre-eustaquio-e-realizada-em-patrocinio-mg\/","url":"https:\/\/www.padreeustaquio.com.br\/celebracao-em-homenagem-a-padre-eustaquio-e-realizada-em-patrocinio-mg\/","name":"Celebration in honor of Father Eust\u00e1quio is held in Patroc\u00ednio\/MG","isPartOf":{"@id":"https:\/\/www.padreeustaquio.com.br\/#website"},"primaryImageOfPage":{"@id":"https:\/\/www.padreeustaquio.com.br\/celebracao-em-homenagem-a-padre-eustaquio-e-realizada-em-patrocinio-mg\/#primaryimage"},"image":{"@id":"https:\/\/www.padreeustaquio.com.br\/celebracao-em-homenagem-a-padre-eustaquio-e-realizada-em-patrocinio-mg\/#primaryimage"},"thumbnailUrl":"https:\/\/www.padreeustaquio.com.br\/wp-content\/uploads\/2024\/04\/Missa-patrocinio-maio2024.jpg","datePublished":"2024-04-26T11:44:05+00:00","dateModified":"2024-04-26T11:45:48+00:00","description":"On April 24th, the Beato Eust\u00e1quio community in Patroc\u00ednio-MG had a special evening with blessings of health and peace. The celebration, which is held every month in the community, brought together faithful and devotees of the Dutch priest.","breadcrumb":{"@id":"https:\/\/www.padreeustaquio.com.br\/celebracao-em-homenagem-a-padre-eustaquio-e-realizada-em-patrocinio-mg\/#breadcrumb"},"inLanguage":"en-US","potentialAction":[{"@type":"ReadAction","target":["https:\/\/www.padreeustaquio.com.br\/celebracao-em-homenagem-a-padre-eustaquio-e-realizada-em-patrocinio-mg\/"]}]},{"@type":"ImageObject","inLanguage":"en-US","@id":"https:\/\/www.padreeustaquio.com.br\/celebracao-em-homenagem-a-padre-eustaquio-e-realizada-em-patrocinio-mg\/#primaryimage","url":"https:\/\/www.padreeustaquio.com.br\/wp-content\/uploads\/2024\/04\/Missa-patrocinio-maio2024.jpg","contentUrl":"https:\/\/www.padreeustaquio.com.br\/wp-content\/uploads\/2024\/04\/Missa-patrocinio-maio2024.jpg","width":748,"height":394},{"@type":"BreadcrumbList","@id":"https:\/\/www.padreeustaquio.com.br\/celebracao-em-homenagem-a-padre-eustaquio-e-realizada-em-patrocinio-mg\/#breadcrumb","itemListElement":[{"@type":"ListItem","position":1,"name":"In\u00edcio","item":"https:\/\/www.padreeustaquio.com.br\/"},{"@type":"ListItem","position":2,"name":"Celebra\u00e7\u00e3o em homenagem a Padre Eust\u00e1quio \u00e9 realizada em Patroc\u00ednio\/MG"}]},{"@type":"WebSite","@id":"https:\/\/www.padreeustaquio.com.br\/#website","url":"https:\/\/www.padreeustaquio.com.br\/","name":"FATHER EUST\u00c1QUIO","description":"Health and Peace","publisher":{"@id":"https:\/\/www.padreeustaquio.com.br\/#organization"},"potentialAction":[{"@type":"SearchAction","target":{"@type":"EntryPoint","urlTemplate":"https:\/\/www.padreeustaquio.com.br\/?s={search_term_string}"},"query-input":{"@type":"PropertyValueSpecification","valueRequired":true,"valueName":"search_term_string"}}],"inLanguage":"en-US"},{"@type":"Organization","@id":"https:\/\/www.padreeustaquio.com.br\/#organization","name":"FATHER EUST\u00c1QUIO","url":"https:\/\/www.padreeustaquio.com.br\/","logo":{"@type":"ImageObject","inLanguage":"en-US","@id":"https:\/\/www.padreeustaquio.com.br\/#\/schema\/logo\/image\/","url":"https:\/\/www.padreeustaquio.com.br\/wp-content\/uploads\/2019\/08\/marca.png","contentUrl":"https:\/\/www.padreeustaquio.com.br\/wp-content\/uploads\/2019\/08\/marca.png","width":350,"height":400,"caption":"Padre Eust\u00e1quio"},"image":{"@id":"https:\/\/www.padreeustaquio.com.br\/#\/schema\/logo\/image\/"},"sameAs":["https:\/\/www.facebook.com\/beatopadreeustaquio\/","https:\/\/x.com\/beatopeustaquio","https:\/\/www.instagram.com\/beatopadreeustaquio\/","https:\/\/www.youtube.com\/channel\/UCRhw7vfabnajwLxb1ZXMeIw"]},{"@type":"Person","@id":"https:\/\/www.padreeustaquio.com.br\/#\/schema\/person\/a2a51db1d00f1a7af0204a0f1ddb1566","name":"@sscc","image":{"@type":"ImageObject","inLanguage":"en-US","@id":"https:\/\/secure.gravatar.com\/avatar\/68cfafa5f44617fea54071e215026e0ff06be366c3d54a8425f04fdcb86f8c5f?s=96&d=mm&r=g","url":"https:\/\/secure.gravatar.com\/avatar\/68cfafa5f44617fea54071e215026e0ff06be366c3d54a8425f04fdcb86f8c5f?s=96&d=mm&r=g","contentUrl":"https:\/\/secure.gravatar.com\/avatar\/68cfafa5f44617fea54071e215026e0ff06be366c3d54a8425f04fdcb86f8c5f?s=96&d=mm&r=g","caption":"@sscc"},"url":"https:\/\/www.padreeustaquio.com.br\/en\/author\/sscc\/"}]}},"_links":{"self":[{"href":"https:\/\/www.padreeustaquio.com.br\/en\/wp-json\/wp\/v2\/posts\/11248","targetHints":{"allow":["GET"]}}],"collection":[{"href":"https:\/\/www.padreeustaquio.com.br\/en\/wp-json\/wp\/v2\/posts"}],"about":[{"href":"https:\/\/www.padreeustaquio.com.br\/en\/wp-json\/wp\/v2\/types\/post"}],"author":[{"embeddable":true,"href":"https:\/\/www.padreeustaquio.com.br\/en\/wp-json\/wp\/v2\/users\/2"}],"replies":[{"embeddable":true,"href":"https:\/\/www.padreeustaquio.com.br\/en\/wp-json\/wp\/v2\/comments?post=11248"}],"version-history":[{"count":0,"href":"https:\/\/www.padreeustaquio.com.br\/en\/wp-json\/wp\/v2\/posts\/11248\/revisions"}],"wp:featuredmedia":[{"embeddable":true,"href":"https:\/\/www.padreeustaquio.com.br\/en\/wp-json\/wp\/v2\/media\/11249"}],"wp:attachment":[{"href":"https:\/\/www.padreeustaquio.com.br\/en\/wp-json\/wp\/v2\/media?parent=11248"}],"wp:term":[{"taxonomy":"category","embeddable":true,"href":"https:\/\/www.padreeustaquio.com.br\/en\/wp-json\/wp\/v2\/categories?post=11248"},{"taxonomy":"post_tag","embeddable":true,"href":"https:\/\/www.padreeustaquio.com.br\/en\/wp-json\/wp\/v2\/tags?post=11248"}],"curies":[{"name":"wp","href":"https:\/\/api.w.org\/{rel}","templated":true}]}}