{"id":11193,"date":"2024-04-12T07:30:52","date_gmt":"2024-04-12T10:30:52","guid":{"rendered":"https:\/\/www.padreeustaquio.com.br\/?p=11193"},"modified":"2024-04-12T07:30:52","modified_gmt":"2024-04-12T10:30:52","slug":"padre-eustaquio-shelter-and-recovery-home-celebrates-3-years-of-tributes-in-araguari-mg","status":"publish","type":"post","link":"https:\/\/www.padreeustaquio.com.br\/en\/padre-eustaquio-shelter-and-recovery-home-celebrates-3-years-of-tributes-in-araguari-mg\/","title":{"rendered":"Padre Eust\u00e1quio Shelter and Recovery Home celebrates 3 years of tributes in Araguari-MG."},"content":{"rendered":"<p>The Padre Eust\u00e1quio Shelter and Recovery Home, located in Araguari, in the Tri\u00e2ngulo Mineiro region, is about to celebrate three years of the Patrons&#039; Gallery. This space is a tribute to Blessed Father Eust\u00e1quio and to a key figure in the institution&#039;s history: Eust\u00e1quio Teixeira de Faria, affectionately known as Taquim, who inspired the creation of the home.<\/p>\n<p>Inaugurated on August 30, 2021, a date that coincides with the feast day of Blessed Father Eustace and also Taquim&#039;s birthday, the Patrons&#039; Gallery is a moving tribute to the two central figures who shaped the essence and purpose of the Padre Eustace Rest and Health Home.<\/p>\n<p><strong>A Story of Love and Dedication to Family<\/strong><\/p>\n<p>The story of the Padre Eust\u00e1quio Shelter and Recovery Home began with an emergency. Taquim, after undergoing heart surgery and suffering a stroke, needed special care. Faced with this challenge, the family faced a difficult choice: adapt their home environment to meet Taquim&#039;s needs or seek a senior living facility.<\/p>\n<p>Initially, they opted to keep Eust\u00e1quio at home, providing a nursing structure under the care of his son-in-law, Luciano.<\/p>\n<p>Over time, the demand for a space dedicated to the comprehensive care of the elderly became evident. It was then that Luciano decided to create his own institution, not only to meet his father-in-law&#039;s needs, but to offer others the same quality of care and attention. Thus, the institution was born. <strong>Padre Eust\u00e1quio Nursing Home and Healthcare Center\u201c<\/strong>, a place that reflects the values and family love that shaped its upbringing.<\/p>\n<p><strong>A Tribute to a Life&#039;s Journey<\/strong><\/p>\n<p>The Gallery of Patrons is more than a collection of portraits; it is a testament to the life journey and positive influence of each honoree. Taquim, with his contagious joy, became the face of the institution, representing not only his own battle for health, but also the importance of caring for and honoring those who have already traveled long paths. Blessed Father Eust\u00e1quio is the great intercessor of the house, to whom everyone turns in the most challenging moments.<\/p>\n\n\t\t<style type=\"text\/css\">\n\t\t\t#gallery-1 {\n\t\t\t\tmargin: auto;\n\t\t\t}\n\t\t\t#gallery-1 .gallery-item {\n\t\t\t\tfloat: left;\n\t\t\t\tmargin-top: 10px;\n\t\t\t\ttext-align: center;\n\t\t\t\twidth: 50%;\n\t\t\t}\n\t\t\t#gallery-1 img {\n\t\t\t\tborder: 2px solid #cfcfcf;\n\t\t\t}\n\t\t\t#gallery-1 .gallery-caption {\n\t\t\t\tmargin-left: 0;\n\t\t\t}\n\t\t\t\/* see gallery_shortcode() in wp-includes\/media.php *\/\n\t\t<\/style>\n\t\t<div id='gallery-1' class='gallery galleryid-11193 gallery-columns-2 gallery-size-thumbnail'><dl class='gallery-item'>\n\t\t\t<dt class='gallery-icon landscape'>\n\t\t\t\t<a href='https:\/\/www.padreeustaquio.com.br\/en\/padre-eustaquio-shelter-and-recovery-home-celebrates-3-years-of-tributes-in-araguari-mg\/galeria-patronos-casa-recuperacao-saude-padre-eustaquio-2\/'><img decoding=\"async\" width=\"150\" height=\"150\" src=\"https:\/\/www.padreeustaquio.com.br\/wp-content\/uploads\/2024\/04\/Galeria-patronos-casa-recuperacao-saude-padre-eustaquio-2-150x150.jpeg\" class=\"attachment-thumbnail size-thumbnail\" alt=\"\" srcset=\"https:\/\/www.padreeustaquio.com.br\/wp-content\/uploads\/2024\/04\/Galeria-patronos-casa-recuperacao-saude-padre-eustaquio-2-150x150.jpeg 150w, https:\/\/www.padreeustaquio.com.br\/wp-content\/uploads\/2024\/04\/Galeria-patronos-casa-recuperacao-saude-padre-eustaquio-2-75x75.jpeg 75w, https:\/\/www.padreeustaquio.com.br\/wp-content\/uploads\/2024\/04\/Galeria-patronos-casa-recuperacao-saude-padre-eustaquio-2-180x180.jpeg 180w, https:\/\/www.padreeustaquio.com.br\/wp-content\/uploads\/2024\/04\/Galeria-patronos-casa-recuperacao-saude-padre-eustaquio-2-400x400.jpeg 400w, https:\/\/www.padreeustaquio.com.br\/wp-content\/uploads\/2024\/04\/Galeria-patronos-casa-recuperacao-saude-padre-eustaquio-2-600x600.jpeg 600w\" sizes=\"(max-width: 150px) 100vw, 150px\" \/><\/a>\n\t\t\t<\/dt><\/dl><dl class='gallery-item'>\n\t\t\t<dt class='gallery-icon landscape'>\n\t\t\t\t<a href='https:\/\/www.padreeustaquio.com.br\/en\/padre-eustaquio-shelter-and-recovery-home-celebrates-3-years-of-tributes-in-araguari-mg\/galeria-patronos-casa-recuperacao-saude-padre-eustaquio-3\/'><img decoding=\"async\" width=\"150\" height=\"150\" src=\"https:\/\/www.padreeustaquio.com.br\/wp-content\/uploads\/2024\/04\/Galeria-patronos-casa-recuperacao-saude-padre-eustaquio-3-150x150.jpeg\" class=\"attachment-thumbnail size-thumbnail\" alt=\"\" srcset=\"https:\/\/www.padreeustaquio.com.br\/wp-content\/uploads\/2024\/04\/Galeria-patronos-casa-recuperacao-saude-padre-eustaquio-3-150x150.jpeg 150w, https:\/\/www.padreeustaquio.com.br\/wp-content\/uploads\/2024\/04\/Galeria-patronos-casa-recuperacao-saude-padre-eustaquio-3-75x75.jpeg 75w, https:\/\/www.padreeustaquio.com.br\/wp-content\/uploads\/2024\/04\/Galeria-patronos-casa-recuperacao-saude-padre-eustaquio-3-180x180.jpeg 180w, https:\/\/www.padreeustaquio.com.br\/wp-content\/uploads\/2024\/04\/Galeria-patronos-casa-recuperacao-saude-padre-eustaquio-3-400x400.jpeg 400w, https:\/\/www.padreeustaquio.com.br\/wp-content\/uploads\/2024\/04\/Galeria-patronos-casa-recuperacao-saude-padre-eustaquio-3-600x600.jpeg 600w\" sizes=\"(max-width: 150px) 100vw, 150px\" \/><\/a>\n\t\t\t<\/dt><\/dl><br style=\"clear: both\" \/><dl class='gallery-item'>\n\t\t\t<dt class='gallery-icon landscape'>\n\t\t\t\t<a href='https:\/\/www.padreeustaquio.com.br\/en\/padre-eustaquio-shelter-and-recovery-home-celebrates-3-years-of-tributes-in-araguari-mg\/galeria-patronos-casa-recuperacao-saude-padre-eustaquio-4\/'><img decoding=\"async\" width=\"150\" height=\"150\" src=\"https:\/\/www.padreeustaquio.com.br\/wp-content\/uploads\/2024\/04\/Galeria-patronos-casa-recuperacao-saude-padre-eustaquio-4-150x150.jpeg\" class=\"attachment-thumbnail size-thumbnail\" alt=\"\" srcset=\"https:\/\/www.padreeustaquio.com.br\/wp-content\/uploads\/2024\/04\/Galeria-patronos-casa-recuperacao-saude-padre-eustaquio-4-150x150.jpeg 150w, https:\/\/www.padreeustaquio.com.br\/wp-content\/uploads\/2024\/04\/Galeria-patronos-casa-recuperacao-saude-padre-eustaquio-4-75x75.jpeg 75w, https:\/\/www.padreeustaquio.com.br\/wp-content\/uploads\/2024\/04\/Galeria-patronos-casa-recuperacao-saude-padre-eustaquio-4-180x180.jpeg 180w, https:\/\/www.padreeustaquio.com.br\/wp-content\/uploads\/2024\/04\/Galeria-patronos-casa-recuperacao-saude-padre-eustaquio-4-400x400.jpeg 400w, https:\/\/www.padreeustaquio.com.br\/wp-content\/uploads\/2024\/04\/Galeria-patronos-casa-recuperacao-saude-padre-eustaquio-4-600x600.jpeg 600w\" sizes=\"(max-width: 150px) 100vw, 150px\" \/><\/a>\n\t\t\t<\/dt><\/dl><dl class='gallery-item'>\n\t\t\t<dt class='gallery-icon landscape'>\n\t\t\t\t<a href='https:\/\/www.padreeustaquio.com.br\/en\/padre-eustaquio-shelter-and-recovery-home-celebrates-3-years-of-tributes-in-araguari-mg\/galeria-patronos-casa-recuperacao-saude-padre-eustaquio-5\/'><img loading=\"lazy\" decoding=\"async\" width=\"150\" height=\"150\" src=\"https:\/\/www.padreeustaquio.com.br\/wp-content\/uploads\/2024\/04\/Galeria-patronos-casa-recuperacao-saude-padre-eustaquio-5-150x150.jpeg\" class=\"attachment-thumbnail size-thumbnail\" alt=\"\" srcset=\"https:\/\/www.padreeustaquio.com.br\/wp-content\/uploads\/2024\/04\/Galeria-patronos-casa-recuperacao-saude-padre-eustaquio-5-150x150.jpeg 150w, https:\/\/www.padreeustaquio.com.br\/wp-content\/uploads\/2024\/04\/Galeria-patronos-casa-recuperacao-saude-padre-eustaquio-5-75x75.jpeg 75w, https:\/\/www.padreeustaquio.com.br\/wp-content\/uploads\/2024\/04\/Galeria-patronos-casa-recuperacao-saude-padre-eustaquio-5-180x180.jpeg 180w, https:\/\/www.padreeustaquio.com.br\/wp-content\/uploads\/2024\/04\/Galeria-patronos-casa-recuperacao-saude-padre-eustaquio-5-400x400.jpeg 400w, https:\/\/www.padreeustaquio.com.br\/wp-content\/uploads\/2024\/04\/Galeria-patronos-casa-recuperacao-saude-padre-eustaquio-5-600x600.jpeg 600w\" sizes=\"(max-width: 150px) 100vw, 150px\" \/><\/a>\n\t\t\t<\/dt><\/dl><br style=\"clear: both\" \/><dl class='gallery-item'>\n\t\t\t<dt class='gallery-icon landscape'>\n\t\t\t\t<a href='https:\/\/www.padreeustaquio.com.br\/en\/padre-eustaquio-shelter-and-recovery-home-celebrates-3-years-of-tributes-in-araguari-mg\/galeria-patronos-casa-recuperacao-saude-padre-eustaquio-6\/'><img loading=\"lazy\" decoding=\"async\" width=\"150\" height=\"150\" src=\"https:\/\/www.padreeustaquio.com.br\/wp-content\/uploads\/2024\/04\/Galeria-patronos-casa-recuperacao-saude-padre-eustaquio-6-150x150.jpeg\" class=\"attachment-thumbnail size-thumbnail\" alt=\"\" srcset=\"https:\/\/www.padreeustaquio.com.br\/wp-content\/uploads\/2024\/04\/Galeria-patronos-casa-recuperacao-saude-padre-eustaquio-6-150x150.jpeg 150w, https:\/\/www.padreeustaquio.com.br\/wp-content\/uploads\/2024\/04\/Galeria-patronos-casa-recuperacao-saude-padre-eustaquio-6-75x75.jpeg 75w, https:\/\/www.padreeustaquio.com.br\/wp-content\/uploads\/2024\/04\/Galeria-patronos-casa-recuperacao-saude-padre-eustaquio-6-180x180.jpeg 180w, https:\/\/www.padreeustaquio.com.br\/wp-content\/uploads\/2024\/04\/Galeria-patronos-casa-recuperacao-saude-padre-eustaquio-6-400x400.jpeg 400w, https:\/\/www.padreeustaquio.com.br\/wp-content\/uploads\/2024\/04\/Galeria-patronos-casa-recuperacao-saude-padre-eustaquio-6-600x600.jpeg 600w\" sizes=\"(max-width: 150px) 100vw, 150px\" \/><\/a>\n\t\t\t<\/dt><\/dl><dl class='gallery-item'>\n\t\t\t<dt class='gallery-icon landscape'>\n\t\t\t\t<a href='https:\/\/www.padreeustaquio.com.br\/en\/padre-eustaquio-shelter-and-recovery-home-celebrates-3-years-of-tributes-in-araguari-mg\/galeria-patronos-casa-recuperacao-saude-padre-eustaquio-7\/'><img loading=\"lazy\" decoding=\"async\" width=\"150\" height=\"150\" src=\"https:\/\/www.padreeustaquio.com.br\/wp-content\/uploads\/2024\/04\/Galeria-patronos-casa-recuperacao-saude-padre-eustaquio-7-150x150.jpeg\" class=\"attachment-thumbnail size-thumbnail\" alt=\"\" srcset=\"https:\/\/www.padreeustaquio.com.br\/wp-content\/uploads\/2024\/04\/Galeria-patronos-casa-recuperacao-saude-padre-eustaquio-7-150x150.jpeg 150w, https:\/\/www.padreeustaquio.com.br\/wp-content\/uploads\/2024\/04\/Galeria-patronos-casa-recuperacao-saude-padre-eustaquio-7-75x75.jpeg 75w, https:\/\/www.padreeustaquio.com.br\/wp-content\/uploads\/2024\/04\/Galeria-patronos-casa-recuperacao-saude-padre-eustaquio-7-180x180.jpeg 180w, https:\/\/www.padreeustaquio.com.br\/wp-content\/uploads\/2024\/04\/Galeria-patronos-casa-recuperacao-saude-padre-eustaquio-7-400x400.jpeg 400w, https:\/\/www.padreeustaquio.com.br\/wp-content\/uploads\/2024\/04\/Galeria-patronos-casa-recuperacao-saude-padre-eustaquio-7-600x600.jpeg 600w\" sizes=\"(max-width: 150px) 100vw, 150px\" \/><\/a>\n\t\t\t<\/dt><\/dl><br style=\"clear: both\" \/><dl class='gallery-item'>\n\t\t\t<dt class='gallery-icon landscape'>\n\t\t\t\t<a href='https:\/\/www.padreeustaquio.com.br\/en\/padre-eustaquio-shelter-and-recovery-home-celebrates-3-years-of-tributes-in-araguari-mg\/galeria-patronos-casa-recuperacao-saude-padre-eustaquio-8\/'><img loading=\"lazy\" decoding=\"async\" width=\"150\" height=\"150\" src=\"https:\/\/www.padreeustaquio.com.br\/wp-content\/uploads\/2024\/04\/Galeria-patronos-casa-recuperacao-saude-padre-eustaquio-8-150x150.jpeg\" class=\"attachment-thumbnail size-thumbnail\" alt=\"\" srcset=\"https:\/\/www.padreeustaquio.com.br\/wp-content\/uploads\/2024\/04\/Galeria-patronos-casa-recuperacao-saude-padre-eustaquio-8-150x150.jpeg 150w, https:\/\/www.padreeustaquio.com.br\/wp-content\/uploads\/2024\/04\/Galeria-patronos-casa-recuperacao-saude-padre-eustaquio-8-75x75.jpeg 75w, https:\/\/www.padreeustaquio.com.br\/wp-content\/uploads\/2024\/04\/Galeria-patronos-casa-recuperacao-saude-padre-eustaquio-8-180x180.jpeg 180w, https:\/\/www.padreeustaquio.com.br\/wp-content\/uploads\/2024\/04\/Galeria-patronos-casa-recuperacao-saude-padre-eustaquio-8-400x400.jpeg 400w, https:\/\/www.padreeustaquio.com.br\/wp-content\/uploads\/2024\/04\/Galeria-patronos-casa-recuperacao-saude-padre-eustaquio-8-600x600.jpeg 600w\" sizes=\"(max-width: 150px) 100vw, 150px\" \/><\/a>\n\t\t\t<\/dt><\/dl><dl class='gallery-item'>\n\t\t\t<dt class='gallery-icon landscape'>\n\t\t\t\t<a href='https:\/\/www.padreeustaquio.com.br\/en\/padre-eustaquio-shelter-and-recovery-home-celebrates-3-years-of-tributes-in-araguari-mg\/galeria-patronos-casa-recuperacao-saude-padre-eustaquio-1\/'><img loading=\"lazy\" decoding=\"async\" width=\"150\" height=\"150\" src=\"https:\/\/www.padreeustaquio.com.br\/wp-content\/uploads\/2024\/04\/Galeria-patronos-casa-recuperacao-saude-padre-eustaquio-1-150x150.jpeg\" class=\"attachment-thumbnail size-thumbnail\" alt=\"\" srcset=\"https:\/\/www.padreeustaquio.com.br\/wp-content\/uploads\/2024\/04\/Galeria-patronos-casa-recuperacao-saude-padre-eustaquio-1-150x150.jpeg 150w, https:\/\/www.padreeustaquio.com.br\/wp-content\/uploads\/2024\/04\/Galeria-patronos-casa-recuperacao-saude-padre-eustaquio-1-75x75.jpeg 75w, https:\/\/www.padreeustaquio.com.br\/wp-content\/uploads\/2024\/04\/Galeria-patronos-casa-recuperacao-saude-padre-eustaquio-1-180x180.jpeg 180w, https:\/\/www.padreeustaquio.com.br\/wp-content\/uploads\/2024\/04\/Galeria-patronos-casa-recuperacao-saude-padre-eustaquio-1-400x400.jpeg 400w, https:\/\/www.padreeustaquio.com.br\/wp-content\/uploads\/2024\/04\/Galeria-patronos-casa-recuperacao-saude-padre-eustaquio-1-600x600.jpeg 600w\" sizes=\"(max-width: 150px) 100vw, 150px\" \/><\/a>\n\t\t\t<\/dt><\/dl><br style=\"clear: both\" \/>\n\t\t<\/div>","protected":false},"excerpt":{"rendered":"<p>A Casa de Acolhida e Recupera\u00e7\u00e3o Padre Eust\u00e1quio, localizada em Araguari, no Tri\u00e2ngulo Mineiro, est\u00e1 prestes a comemorar tr\u00eas anos da Galeria dos Patronos. Este espa\u00e7o \u00e9 uma homenagem ao Bem-aventurado Padre Eust\u00e1quio e a uma figura fundamental na hist\u00f3ria da institui\u00e7\u00e3o: Eust\u00e1quio Teixeira de Faria, carinhosamente conhecido como Taquim, que inspirou a cria\u00e7\u00e3o da casa. Inaugurada em 30 de agosto de 2021, data que coincide com o dia do Beato Padre Eust\u00e1quio e tamb\u00e9m o anivers\u00e1rio de Taquim, a Galeria dos Patronos \u00e9 um tributo emocionante \u00e0s duas figuras centrais que moldaram a ess\u00eancia e o prop\u00f3sito da Casa [&hellip;]<\/p>\n","protected":false},"author":2,"featured_media":11194,"comment_status":"open","ping_status":"closed","sticky":false,"template":"","format":"standard","meta":{"_acf_changed":false,"footnotes":""},"categories":[611],"tags":[],"class_list":["post-11193","post","type-post","status-publish","format-standard","has-post-thumbnail","hentry","category-noticias"],"acf":[],"yoast_head":"<!-- This site is optimized with the Yoast SEO plugin v27.2 - https:\/\/yoast.com\/product\/yoast-seo-wordpress\/ -->\n<title>Casa de Acolhida e Recupera\u00e7\u00e3o Padre Eust\u00e1quio comemora 3 anos de homenagens em Araguari-MG<\/title>\n<meta name=\"description\" content=\"A Casa de Acolhida e Recupera\u00e7\u00e3o Padre Eust\u00e1quio, localizada em Araguari, no Tri\u00e2ngulo Mineiro, est\u00e1 prestes a comemorar tr\u00eas anos da Galeria dos Patronos. Este espa\u00e7o \u00e9 uma homenagem ao Bem-aventurado Padre Eust\u00e1quio e a uma figura fundamental na hist\u00f3ria da institui\u00e7\u00e3o: Eust\u00e1quio Teixeira de Faria, carinhosamente conhecido como Taquim, que inspirou a cria\u00e7\u00e3o da casa.\" \/>\n<meta name=\"robots\" content=\"index, follow, max-snippet:-1, max-image-preview:large, max-video-preview:-1\" \/>\n<link rel=\"canonical\" href=\"https:\/\/www.padreeustaquio.com.br\/en\/padre-eustaquio-shelter-and-recovery-home-celebrates-3-years-of-tributes-in-araguari-mg\/\" \/>\n<meta property=\"og:locale\" content=\"en_US\" \/>\n<meta property=\"og:type\" content=\"article\" \/>\n<meta property=\"og:title\" content=\"Casa de Acolhida e Recupera\u00e7\u00e3o Padre Eust\u00e1quio comemora 3 anos de homenagens em Araguari-MG\" \/>\n<meta property=\"og:description\" content=\"A Casa de Acolhida e Recupera\u00e7\u00e3o Padre Eust\u00e1quio, localizada em Araguari, no Tri\u00e2ngulo Mineiro, est\u00e1 prestes a comemorar tr\u00eas anos da Galeria dos Patronos. Este espa\u00e7o \u00e9 uma homenagem ao Bem-aventurado Padre Eust\u00e1quio e a uma figura fundamental na hist\u00f3ria da institui\u00e7\u00e3o: Eust\u00e1quio Teixeira de Faria, carinhosamente conhecido como Taquim, que inspirou a cria\u00e7\u00e3o da casa.\" \/>\n<meta property=\"og:url\" content=\"https:\/\/www.padreeustaquio.com.br\/en\/padre-eustaquio-shelter-and-recovery-home-celebrates-3-years-of-tributes-in-araguari-mg\/\" \/>\n<meta property=\"og:site_name\" content=\"Padre Eust\u00e1quio\" \/>\n<meta property=\"article:publisher\" content=\"https:\/\/www.facebook.com\/beatopadreeustaquio\/\" \/>\n<meta property=\"article:published_time\" content=\"2024-04-12T10:30:52+00:00\" \/>\n<meta property=\"og:image\" content=\"https:\/\/www.padreeustaquio.com.br\/wp-content\/uploads\/2024\/04\/casa-de-recuperacao-e-saude-padre-eustaquio-araguari.jpeg\" \/>\n\t<meta property=\"og:image:width\" content=\"1080\" \/>\n\t<meta property=\"og:image:height\" content=\"887\" \/>\n\t<meta property=\"og:image:type\" content=\"image\/jpeg\" \/>\n<meta name=\"author\" content=\"@sscc\" \/>\n<meta name=\"twitter:card\" content=\"summary_large_image\" \/>\n<meta name=\"twitter:creator\" content=\"@beatopeustaquio\" \/>\n<meta name=\"twitter:site\" content=\"@beatopeustaquio\" \/>\n<meta name=\"twitter:label1\" content=\"Written by\" \/>\n\t<meta name=\"twitter:data1\" content=\"@sscc\" \/>\n\t<meta name=\"twitter:label2\" content=\"Est. reading time\" \/>\n\t<meta name=\"twitter:data2\" content=\"3 minutes\" \/>\n<script type=\"application\/ld+json\" class=\"yoast-schema-graph\">{\"@context\":\"https:\/\/schema.org\",\"@graph\":[{\"@type\":\"Article\",\"@id\":\"https:\/\/www.padreeustaquio.com.br\/casa-de-acolhida-e-recuperacao-padre-eustaquio-comemora-3-anos-de-homenagens-em-araguari-mg\/#article\",\"isPartOf\":{\"@id\":\"https:\/\/www.padreeustaquio.com.br\/casa-de-acolhida-e-recuperacao-padre-eustaquio-comemora-3-anos-de-homenagens-em-araguari-mg\/\"},\"author\":{\"name\":\"@sscc\",\"@id\":\"https:\/\/www.padreeustaquio.com.br\/#\/schema\/person\/a2a51db1d00f1a7af0204a0f1ddb1566\"},\"headline\":\"Casa de Acolhida e Recupera\u00e7\u00e3o Padre Eust\u00e1quio comemora 3 anos de homenagens em Araguari-MG\",\"datePublished\":\"2024-04-12T10:30:52+00:00\",\"mainEntityOfPage\":{\"@id\":\"https:\/\/www.padreeustaquio.com.br\/casa-de-acolhida-e-recuperacao-padre-eustaquio-comemora-3-anos-de-homenagens-em-araguari-mg\/\"},\"wordCount\":397,\"commentCount\":0,\"publisher\":{\"@id\":\"https:\/\/www.padreeustaquio.com.br\/#organization\"},\"image\":{\"@id\":\"https:\/\/www.padreeustaquio.com.br\/casa-de-acolhida-e-recuperacao-padre-eustaquio-comemora-3-anos-de-homenagens-em-araguari-mg\/#primaryimage\"},\"thumbnailUrl\":\"https:\/\/www.padreeustaquio.com.br\/wp-content\/uploads\/2024\/04\/casa-de-recuperacao-e-saude-padre-eustaquio-araguari.jpeg\",\"articleSection\":[\"Not\u00edcias\"],\"inLanguage\":\"en-US\",\"potentialAction\":[{\"@type\":\"CommentAction\",\"name\":\"Comment\",\"target\":[\"https:\/\/www.padreeustaquio.com.br\/casa-de-acolhida-e-recuperacao-padre-eustaquio-comemora-3-anos-de-homenagens-em-araguari-mg\/#respond\"]}]},{\"@type\":\"WebPage\",\"@id\":\"https:\/\/www.padreeustaquio.com.br\/casa-de-acolhida-e-recuperacao-padre-eustaquio-comemora-3-anos-de-homenagens-em-araguari-mg\/\",\"url\":\"https:\/\/www.padreeustaquio.com.br\/casa-de-acolhida-e-recuperacao-padre-eustaquio-comemora-3-anos-de-homenagens-em-araguari-mg\/\",\"name\":\"Casa de Acolhida e Recupera\u00e7\u00e3o Padre Eust\u00e1quio comemora 3 anos de homenagens em Araguari-MG\",\"isPartOf\":{\"@id\":\"https:\/\/www.padreeustaquio.com.br\/#website\"},\"primaryImageOfPage\":{\"@id\":\"https:\/\/www.padreeustaquio.com.br\/casa-de-acolhida-e-recuperacao-padre-eustaquio-comemora-3-anos-de-homenagens-em-araguari-mg\/#primaryimage\"},\"image\":{\"@id\":\"https:\/\/www.padreeustaquio.com.br\/casa-de-acolhida-e-recuperacao-padre-eustaquio-comemora-3-anos-de-homenagens-em-araguari-mg\/#primaryimage\"},\"thumbnailUrl\":\"https:\/\/www.padreeustaquio.com.br\/wp-content\/uploads\/2024\/04\/casa-de-recuperacao-e-saude-padre-eustaquio-araguari.jpeg\",\"datePublished\":\"2024-04-12T10:30:52+00:00\",\"description\":\"A Casa de Acolhida e Recupera\u00e7\u00e3o Padre Eust\u00e1quio, localizada em Araguari, no Tri\u00e2ngulo Mineiro, est\u00e1 prestes a comemorar tr\u00eas anos da Galeria dos Patronos. Este espa\u00e7o \u00e9 uma homenagem ao Bem-aventurado Padre Eust\u00e1quio e a uma figura fundamental na hist\u00f3ria da institui\u00e7\u00e3o: Eust\u00e1quio Teixeira de Faria, carinhosamente conhecido como Taquim, que inspirou a cria\u00e7\u00e3o da casa.\",\"breadcrumb\":{\"@id\":\"https:\/\/www.padreeustaquio.com.br\/casa-de-acolhida-e-recuperacao-padre-eustaquio-comemora-3-anos-de-homenagens-em-araguari-mg\/#breadcrumb\"},\"inLanguage\":\"en-US\",\"potentialAction\":[{\"@type\":\"ReadAction\",\"target\":[\"https:\/\/www.padreeustaquio.com.br\/casa-de-acolhida-e-recuperacao-padre-eustaquio-comemora-3-anos-de-homenagens-em-araguari-mg\/\"]}]},{\"@type\":\"ImageObject\",\"inLanguage\":\"en-US\",\"@id\":\"https:\/\/www.padreeustaquio.com.br\/casa-de-acolhida-e-recuperacao-padre-eustaquio-comemora-3-anos-de-homenagens-em-araguari-mg\/#primaryimage\",\"url\":\"https:\/\/www.padreeustaquio.com.br\/wp-content\/uploads\/2024\/04\/casa-de-recuperacao-e-saude-padre-eustaquio-araguari.jpeg\",\"contentUrl\":\"https:\/\/www.padreeustaquio.com.br\/wp-content\/uploads\/2024\/04\/casa-de-recuperacao-e-saude-padre-eustaquio-araguari.jpeg\",\"width\":1080,\"height\":887},{\"@type\":\"BreadcrumbList\",\"@id\":\"https:\/\/www.padreeustaquio.com.br\/casa-de-acolhida-e-recuperacao-padre-eustaquio-comemora-3-anos-de-homenagens-em-araguari-mg\/#breadcrumb\",\"itemListElement\":[{\"@type\":\"ListItem\",\"position\":1,\"name\":\"In\u00edcio\",\"item\":\"https:\/\/www.padreeustaquio.com.br\/\"},{\"@type\":\"ListItem\",\"position\":2,\"name\":\"Casa de Acolhida e Recupera\u00e7\u00e3o Padre Eust\u00e1quio comemora 3 anos de homenagens em Araguari-MG\"}]},{\"@type\":\"WebSite\",\"@id\":\"https:\/\/www.padreeustaquio.com.br\/#website\",\"url\":\"https:\/\/www.padreeustaquio.com.br\/\",\"name\":\"Padre Eust\u00e1quio\",\"description\":\"Sa\u00fade e Paz\",\"publisher\":{\"@id\":\"https:\/\/www.padreeustaquio.com.br\/#organization\"},\"potentialAction\":[{\"@type\":\"SearchAction\",\"target\":{\"@type\":\"EntryPoint\",\"urlTemplate\":\"https:\/\/www.padreeustaquio.com.br\/?s={search_term_string}\"},\"query-input\":{\"@type\":\"PropertyValueSpecification\",\"valueRequired\":true,\"valueName\":\"search_term_string\"}}],\"inLanguage\":\"en-US\"},{\"@type\":\"Organization\",\"@id\":\"https:\/\/www.padreeustaquio.com.br\/#organization\",\"name\":\"Padre Eust\u00e1quio\",\"url\":\"https:\/\/www.padreeustaquio.com.br\/\",\"logo\":{\"@type\":\"ImageObject\",\"inLanguage\":\"en-US\",\"@id\":\"https:\/\/www.padreeustaquio.com.br\/#\/schema\/logo\/image\/\",\"url\":\"https:\/\/www.padreeustaquio.com.br\/wp-content\/uploads\/2019\/08\/marca.png\",\"contentUrl\":\"https:\/\/www.padreeustaquio.com.br\/wp-content\/uploads\/2019\/08\/marca.png\",\"width\":350,\"height\":400,\"caption\":\"Padre Eust\u00e1quio\"},\"image\":{\"@id\":\"https:\/\/www.padreeustaquio.com.br\/#\/schema\/logo\/image\/\"},\"sameAs\":[\"https:\/\/www.facebook.com\/beatopadreeustaquio\/\",\"https:\/\/x.com\/beatopeustaquio\",\"https:\/\/www.instagram.com\/beatopadreeustaquio\/\",\"https:\/\/www.youtube.com\/channel\/UCRhw7vfabnajwLxb1ZXMeIw\"]},{\"@type\":\"Person\",\"@id\":\"https:\/\/www.padreeustaquio.com.br\/#\/schema\/person\/a2a51db1d00f1a7af0204a0f1ddb1566\",\"name\":\"@sscc\",\"image\":{\"@type\":\"ImageObject\",\"inLanguage\":\"en-US\",\"@id\":\"https:\/\/secure.gravatar.com\/avatar\/68cfafa5f44617fea54071e215026e0ff06be366c3d54a8425f04fdcb86f8c5f?s=96&d=mm&r=g\",\"url\":\"https:\/\/secure.gravatar.com\/avatar\/68cfafa5f44617fea54071e215026e0ff06be366c3d54a8425f04fdcb86f8c5f?s=96&d=mm&r=g\",\"contentUrl\":\"https:\/\/secure.gravatar.com\/avatar\/68cfafa5f44617fea54071e215026e0ff06be366c3d54a8425f04fdcb86f8c5f?s=96&d=mm&r=g\",\"caption\":\"@sscc\"},\"url\":\"https:\/\/www.padreeustaquio.com.br\/en\/author\/sscc\/\"}]}<\/script>\n<!-- \/ Yoast SEO plugin. -->","yoast_head_json":{"title":"Padre Eust\u00e1quio Shelter and Recovery Home celebrates 3 years of tributes in Araguari-MG.","description":"The Padre Eust\u00e1quio Shelter and Recovery Home, located in Araguari, in the Tri\u00e2ngulo Mineiro region, is about to celebrate three years of the Patrons&#039; Gallery. This space is a tribute to Blessed Father Eust\u00e1quio and to a key figure in the institution&#039;s history: Eust\u00e1quio Teixeira de Faria, affectionately known as Taquim, who inspired the creation of the home.","robots":{"index":"index","follow":"follow","max-snippet":"max-snippet:-1","max-image-preview":"max-image-preview:large","max-video-preview":"max-video-preview:-1"},"canonical":"https:\/\/www.padreeustaquio.com.br\/en\/padre-eustaquio-shelter-and-recovery-home-celebrates-3-years-of-tributes-in-araguari-mg\/","og_locale":"en_US","og_type":"article","og_title":"Casa de Acolhida e Recupera\u00e7\u00e3o Padre Eust\u00e1quio comemora 3 anos de homenagens em Araguari-MG","og_description":"A Casa de Acolhida e Recupera\u00e7\u00e3o Padre Eust\u00e1quio, localizada em Araguari, no Tri\u00e2ngulo Mineiro, est\u00e1 prestes a comemorar tr\u00eas anos da Galeria dos Patronos. Este espa\u00e7o \u00e9 uma homenagem ao Bem-aventurado Padre Eust\u00e1quio e a uma figura fundamental na hist\u00f3ria da institui\u00e7\u00e3o: Eust\u00e1quio Teixeira de Faria, carinhosamente conhecido como Taquim, que inspirou a cria\u00e7\u00e3o da casa.","og_url":"https:\/\/www.padreeustaquio.com.br\/en\/padre-eustaquio-shelter-and-recovery-home-celebrates-3-years-of-tributes-in-araguari-mg\/","og_site_name":"Padre Eust\u00e1quio","article_publisher":"https:\/\/www.facebook.com\/beatopadreeustaquio\/","article_published_time":"2024-04-12T10:30:52+00:00","og_image":[{"width":1080,"height":887,"url":"https:\/\/www.padreeustaquio.com.br\/wp-content\/uploads\/2024\/04\/casa-de-recuperacao-e-saude-padre-eustaquio-araguari.jpeg","type":"image\/jpeg"}],"author":"@sscc","twitter_card":"summary_large_image","twitter_creator":"@beatopeustaquio","twitter_site":"@beatopeustaquio","twitter_misc":{"Written by":"@sscc","Est. reading time":"3 minutes"},"schema":{"@context":"https:\/\/schema.org","@graph":[{"@type":"Article","@id":"https:\/\/www.padreeustaquio.com.br\/casa-de-acolhida-e-recuperacao-padre-eustaquio-comemora-3-anos-de-homenagens-em-araguari-mg\/#article","isPartOf":{"@id":"https:\/\/www.padreeustaquio.com.br\/casa-de-acolhida-e-recuperacao-padre-eustaquio-comemora-3-anos-de-homenagens-em-araguari-mg\/"},"author":{"name":"@sscc","@id":"https:\/\/www.padreeustaquio.com.br\/#\/schema\/person\/a2a51db1d00f1a7af0204a0f1ddb1566"},"headline":"Casa de Acolhida e Recupera\u00e7\u00e3o Padre Eust\u00e1quio comemora 3 anos de homenagens em Araguari-MG","datePublished":"2024-04-12T10:30:52+00:00","mainEntityOfPage":{"@id":"https:\/\/www.padreeustaquio.com.br\/casa-de-acolhida-e-recuperacao-padre-eustaquio-comemora-3-anos-de-homenagens-em-araguari-mg\/"},"wordCount":397,"commentCount":0,"publisher":{"@id":"https:\/\/www.padreeustaquio.com.br\/#organization"},"image":{"@id":"https:\/\/www.padreeustaquio.com.br\/casa-de-acolhida-e-recuperacao-padre-eustaquio-comemora-3-anos-de-homenagens-em-araguari-mg\/#primaryimage"},"thumbnailUrl":"https:\/\/www.padreeustaquio.com.br\/wp-content\/uploads\/2024\/04\/casa-de-recuperacao-e-saude-padre-eustaquio-araguari.jpeg","articleSection":["Not\u00edcias"],"inLanguage":"en-US","potentialAction":[{"@type":"CommentAction","name":"Comment","target":["https:\/\/www.padreeustaquio.com.br\/casa-de-acolhida-e-recuperacao-padre-eustaquio-comemora-3-anos-de-homenagens-em-araguari-mg\/#respond"]}]},{"@type":"WebPage","@id":"https:\/\/www.padreeustaquio.com.br\/casa-de-acolhida-e-recuperacao-padre-eustaquio-comemora-3-anos-de-homenagens-em-araguari-mg\/","url":"https:\/\/www.padreeustaquio.com.br\/casa-de-acolhida-e-recuperacao-padre-eustaquio-comemora-3-anos-de-homenagens-em-araguari-mg\/","name":"Padre Eust\u00e1quio Shelter and Recovery Home celebrates 3 years of tributes in Araguari-MG.","isPartOf":{"@id":"https:\/\/www.padreeustaquio.com.br\/#website"},"primaryImageOfPage":{"@id":"https:\/\/www.padreeustaquio.com.br\/casa-de-acolhida-e-recuperacao-padre-eustaquio-comemora-3-anos-de-homenagens-em-araguari-mg\/#primaryimage"},"image":{"@id":"https:\/\/www.padreeustaquio.com.br\/casa-de-acolhida-e-recuperacao-padre-eustaquio-comemora-3-anos-de-homenagens-em-araguari-mg\/#primaryimage"},"thumbnailUrl":"https:\/\/www.padreeustaquio.com.br\/wp-content\/uploads\/2024\/04\/casa-de-recuperacao-e-saude-padre-eustaquio-araguari.jpeg","datePublished":"2024-04-12T10:30:52+00:00","description":"The Padre Eust\u00e1quio Shelter and Recovery Home, located in Araguari, in the Tri\u00e2ngulo Mineiro region, is about to celebrate three years of the Patrons&#039; Gallery. This space is a tribute to Blessed Father Eust\u00e1quio and to a key figure in the institution&#039;s history: Eust\u00e1quio Teixeira de Faria, affectionately known as Taquim, who inspired the creation of the home.","breadcrumb":{"@id":"https:\/\/www.padreeustaquio.com.br\/casa-de-acolhida-e-recuperacao-padre-eustaquio-comemora-3-anos-de-homenagens-em-araguari-mg\/#breadcrumb"},"inLanguage":"en-US","potentialAction":[{"@type":"ReadAction","target":["https:\/\/www.padreeustaquio.com.br\/casa-de-acolhida-e-recuperacao-padre-eustaquio-comemora-3-anos-de-homenagens-em-araguari-mg\/"]}]},{"@type":"ImageObject","inLanguage":"en-US","@id":"https:\/\/www.padreeustaquio.com.br\/casa-de-acolhida-e-recuperacao-padre-eustaquio-comemora-3-anos-de-homenagens-em-araguari-mg\/#primaryimage","url":"https:\/\/www.padreeustaquio.com.br\/wp-content\/uploads\/2024\/04\/casa-de-recuperacao-e-saude-padre-eustaquio-araguari.jpeg","contentUrl":"https:\/\/www.padreeustaquio.com.br\/wp-content\/uploads\/2024\/04\/casa-de-recuperacao-e-saude-padre-eustaquio-araguari.jpeg","width":1080,"height":887},{"@type":"BreadcrumbList","@id":"https:\/\/www.padreeustaquio.com.br\/casa-de-acolhida-e-recuperacao-padre-eustaquio-comemora-3-anos-de-homenagens-em-araguari-mg\/#breadcrumb","itemListElement":[{"@type":"ListItem","position":1,"name":"In\u00edcio","item":"https:\/\/www.padreeustaquio.com.br\/"},{"@type":"ListItem","position":2,"name":"Casa de Acolhida e Recupera\u00e7\u00e3o Padre Eust\u00e1quio comemora 3 anos de homenagens em Araguari-MG"}]},{"@type":"WebSite","@id":"https:\/\/www.padreeustaquio.com.br\/#website","url":"https:\/\/www.padreeustaquio.com.br\/","name":"FATHER EUST\u00c1QUIO","description":"Health and Peace","publisher":{"@id":"https:\/\/www.padreeustaquio.com.br\/#organization"},"potentialAction":[{"@type":"SearchAction","target":{"@type":"EntryPoint","urlTemplate":"https:\/\/www.padreeustaquio.com.br\/?s={search_term_string}"},"query-input":{"@type":"PropertyValueSpecification","valueRequired":true,"valueName":"search_term_string"}}],"inLanguage":"en-US"},{"@type":"Organization","@id":"https:\/\/www.padreeustaquio.com.br\/#organization","name":"FATHER EUST\u00c1QUIO","url":"https:\/\/www.padreeustaquio.com.br\/","logo":{"@type":"ImageObject","inLanguage":"en-US","@id":"https:\/\/www.padreeustaquio.com.br\/#\/schema\/logo\/image\/","url":"https:\/\/www.padreeustaquio.com.br\/wp-content\/uploads\/2019\/08\/marca.png","contentUrl":"https:\/\/www.padreeustaquio.com.br\/wp-content\/uploads\/2019\/08\/marca.png","width":350,"height":400,"caption":"Padre Eust\u00e1quio"},"image":{"@id":"https:\/\/www.padreeustaquio.com.br\/#\/schema\/logo\/image\/"},"sameAs":["https:\/\/www.facebook.com\/beatopadreeustaquio\/","https:\/\/x.com\/beatopeustaquio","https:\/\/www.instagram.com\/beatopadreeustaquio\/","https:\/\/www.youtube.com\/channel\/UCRhw7vfabnajwLxb1ZXMeIw"]},{"@type":"Person","@id":"https:\/\/www.padreeustaquio.com.br\/#\/schema\/person\/a2a51db1d00f1a7af0204a0f1ddb1566","name":"@sscc","image":{"@type":"ImageObject","inLanguage":"en-US","@id":"https:\/\/secure.gravatar.com\/avatar\/68cfafa5f44617fea54071e215026e0ff06be366c3d54a8425f04fdcb86f8c5f?s=96&d=mm&r=g","url":"https:\/\/secure.gravatar.com\/avatar\/68cfafa5f44617fea54071e215026e0ff06be366c3d54a8425f04fdcb86f8c5f?s=96&d=mm&r=g","contentUrl":"https:\/\/secure.gravatar.com\/avatar\/68cfafa5f44617fea54071e215026e0ff06be366c3d54a8425f04fdcb86f8c5f?s=96&d=mm&r=g","caption":"@sscc"},"url":"https:\/\/www.padreeustaquio.com.br\/en\/author\/sscc\/"}]}},"_links":{"self":[{"href":"https:\/\/www.padreeustaquio.com.br\/en\/wp-json\/wp\/v2\/posts\/11193","targetHints":{"allow":["GET"]}}],"collection":[{"href":"https:\/\/www.padreeustaquio.com.br\/en\/wp-json\/wp\/v2\/posts"}],"about":[{"href":"https:\/\/www.padreeustaquio.com.br\/en\/wp-json\/wp\/v2\/types\/post"}],"author":[{"embeddable":true,"href":"https:\/\/www.padreeustaquio.com.br\/en\/wp-json\/wp\/v2\/users\/2"}],"replies":[{"embeddable":true,"href":"https:\/\/www.padreeustaquio.com.br\/en\/wp-json\/wp\/v2\/comments?post=11193"}],"version-history":[{"count":0,"href":"https:\/\/www.padreeustaquio.com.br\/en\/wp-json\/wp\/v2\/posts\/11193\/revisions"}],"wp:featuredmedia":[{"embeddable":true,"href":"https:\/\/www.padreeustaquio.com.br\/en\/wp-json\/wp\/v2\/media\/11194"}],"wp:attachment":[{"href":"https:\/\/www.padreeustaquio.com.br\/en\/wp-json\/wp\/v2\/media?parent=11193"}],"wp:term":[{"taxonomy":"category","embeddable":true,"href":"https:\/\/www.padreeustaquio.com.br\/en\/wp-json\/wp\/v2\/categories?post=11193"},{"taxonomy":"post_tag","embeddable":true,"href":"https:\/\/www.padreeustaquio.com.br\/en\/wp-json\/wp\/v2\/tags?post=11193"}],"curies":[{"name":"wp","href":"https:\/\/api.w.org\/{rel}","templated":true}]}}