{"id":11187,"date":"2024-04-10T09:12:39","date_gmt":"2024-04-10T12:12:39","guid":{"rendered":"https:\/\/www.padreeustaquio.com.br\/?p=11187"},"modified":"2024-04-18T21:21:12","modified_gmt":"2024-04-19T00:21:12","slug":"the-padre-eustaquio-neighborhood-in-belo-horizonte-celebrates-75-years-of-history-and-tradition","status":"publish","type":"post","link":"https:\/\/www.padreeustaquio.com.br\/en\/the-padre-eustaquio-neighborhood-in-belo-horizonte-celebrates-75-years-of-history-and-tradition\/","title":{"rendered":"The Padre Eust\u00e1quio neighborhood in Belo Horizonte celebrates 73 years of history and tradition."},"content":{"rendered":"<p>The month of April is special for the residents of the Padre Eust\u00e1quio neighborhood in Belo Horizonte, as it marks the 73rd anniversary of the neighborhood receiving its name, a tribute to Blessed Father Eust\u00e1quio, a revered and beloved figure known for his dedication and kindness to the local community.<\/p>\n<p><strong>A Tribute to Blessed Father Eustace<\/strong><\/p>\n<p>The neighborhood&#039;s name was officially approved in April 1951 as a way to recognize and honor the legacy left by Blessed Father Eustace, who left a great mark on the region during his stay in the 1940s. His presence was marked by his compassion, charisma, and dedication to serving those in need.<\/p>\n<p>Father Eust\u00e1quio won the hearts not only of local residents, but also of important figures, such as President Juscelino Kubitschek, who was mayor of the capital of Minas Gerais at the time.<\/p>\n<p>His message of health and peace resonated deeply with the inhabitants of the region, leaving a legacy of devotion and hope that endures to this day.<\/p>\n<p>Over the years, the Padre Eust\u00e1quio neighborhood has continued to be a place where the presence and influence of Blessed Father Eust\u00e1quio are remembered and celebrated. Even today, with more than 30,000 inhabitants, the charitable works and commitment to the well-being of the less fortunate, legacies of Father Eust\u00e1quio, still inspire those who live in the area, reinforcing the values of solidarity and compassion that he so deeply embodied.<\/p>","protected":false},"excerpt":{"rendered":"<p>O m\u00eas de abril \u00e9 especial para os moradores do Bairro Padre Eust\u00e1quio, em Belo Horizonte, pois marca o anivers\u00e1rio de 73 anos desde que o bairro recebeu seu nome, uma homenagem ao Bem-aventurado Padre Eust\u00e1quio, uma figura reverenciada e amada por sua dedica\u00e7\u00e3o e bondade para com a comunidade local. Uma Homenagem ao Beato Padre Eust\u00e1quio O nome do bairro foi oficialmente aprovado em abril de 1951, como uma forma de reconhecer e honrar o legado deixado pelo Beato Padre Eust\u00e1quio, que deixou uma grande marca na regi\u00e3o durante sua estadia na d\u00e9cada de 1940. Sua presen\u00e7a foi marcada [&hellip;]<\/p>\n","protected":false},"author":2,"featured_media":5618,"comment_status":"open","ping_status":"closed","sticky":false,"template":"","format":"standard","meta":{"_acf_changed":false,"footnotes":""},"categories":[611],"tags":[],"class_list":["post-11187","post","type-post","status-publish","format-standard","has-post-thumbnail","hentry","category-noticias"],"acf":[],"yoast_head":"<!-- This site is optimized with the Yoast SEO plugin v27.2 - https:\/\/yoast.com\/product\/yoast-seo-wordpress\/ -->\n<title>Bairro Padre Eust\u00e1quio, em Belo Horizonte, celebra 73 anos de hist\u00f3ria e tradi\u00e7\u00e3o<\/title>\n<meta name=\"description\" content=\"O m\u00eas de abril \u00e9 especial para os moradores do Bairro Padre Eust\u00e1quio, em Belo Horizonte, pois marca o anivers\u00e1rio de 75 anos desde que o bairro recebeu seu nome, uma homenagem ao Bem-aventurado Padre Eust\u00e1quio, uma figura reverenciada e amada por sua dedica\u00e7\u00e3o e bondade para com a comunidade local.\" \/>\n<meta name=\"robots\" content=\"index, follow, max-snippet:-1, max-image-preview:large, max-video-preview:-1\" \/>\n<link rel=\"canonical\" href=\"https:\/\/www.padreeustaquio.com.br\/en\/the-padre-eustaquio-neighborhood-in-belo-horizonte-celebrates-75-years-of-history-and-tradition\/\" \/>\n<meta property=\"og:locale\" content=\"en_US\" \/>\n<meta property=\"og:type\" content=\"article\" \/>\n<meta property=\"og:title\" content=\"Bairro Padre Eust\u00e1quio, em Belo Horizonte, celebra 73 anos de hist\u00f3ria e tradi\u00e7\u00e3o\" \/>\n<meta property=\"og:description\" content=\"O m\u00eas de abril \u00e9 especial para os moradores do Bairro Padre Eust\u00e1quio, em Belo Horizonte, pois marca o anivers\u00e1rio de 75 anos desde que o bairro recebeu seu nome, uma homenagem ao Bem-aventurado Padre Eust\u00e1quio, uma figura reverenciada e amada por sua dedica\u00e7\u00e3o e bondade para com a comunidade local.\" \/>\n<meta property=\"og:url\" content=\"https:\/\/www.padreeustaquio.com.br\/en\/the-padre-eustaquio-neighborhood-in-belo-horizonte-celebrates-75-years-of-history-and-tradition\/\" \/>\n<meta property=\"og:site_name\" content=\"Padre Eust\u00e1quio\" \/>\n<meta property=\"article:publisher\" content=\"https:\/\/www.facebook.com\/beatopadreeustaquio\/\" \/>\n<meta property=\"article:published_time\" content=\"2024-04-10T12:12:39+00:00\" \/>\n<meta property=\"article:modified_time\" content=\"2024-04-19T00:21:12+00:00\" \/>\n<meta property=\"og:image\" content=\"https:\/\/www.padreeustaquio.com.br\/wp-content\/uploads\/2021\/04\/Bairro-Padre-Eustaquio.jpg\" \/>\n\t<meta property=\"og:image:width\" content=\"748\" \/>\n\t<meta property=\"og:image:height\" content=\"394\" \/>\n\t<meta property=\"og:image:type\" content=\"image\/jpeg\" \/>\n<meta name=\"author\" content=\"@sscc\" \/>\n<meta name=\"twitter:card\" content=\"summary_large_image\" \/>\n<meta name=\"twitter:creator\" content=\"@beatopeustaquio\" \/>\n<meta name=\"twitter:site\" content=\"@beatopeustaquio\" \/>\n<meta name=\"twitter:label1\" content=\"Written by\" \/>\n\t<meta name=\"twitter:data1\" content=\"@sscc\" \/>\n\t<meta name=\"twitter:label2\" content=\"Est. reading time\" \/>\n\t<meta name=\"twitter:data2\" content=\"2 minutes\" \/>\n<script type=\"application\/ld+json\" class=\"yoast-schema-graph\">{\"@context\":\"https:\/\/schema.org\",\"@graph\":[{\"@type\":\"Article\",\"@id\":\"https:\/\/www.padreeustaquio.com.br\/bairro-padre-eustaquio-em-belo-horizonte-celebra-75-anos-de-historia-e-tradicao\/#article\",\"isPartOf\":{\"@id\":\"https:\/\/www.padreeustaquio.com.br\/bairro-padre-eustaquio-em-belo-horizonte-celebra-75-anos-de-historia-e-tradicao\/\"},\"author\":{\"name\":\"@sscc\",\"@id\":\"https:\/\/www.padreeustaquio.com.br\/#\/schema\/person\/a2a51db1d00f1a7af0204a0f1ddb1566\"},\"headline\":\"Bairro Padre Eust\u00e1quio, em Belo Horizonte, celebra 73 anos de hist\u00f3ria e tradi\u00e7\u00e3o\",\"datePublished\":\"2024-04-10T12:12:39+00:00\",\"dateModified\":\"2024-04-19T00:21:12+00:00\",\"mainEntityOfPage\":{\"@id\":\"https:\/\/www.padreeustaquio.com.br\/bairro-padre-eustaquio-em-belo-horizonte-celebra-75-anos-de-historia-e-tradicao\/\"},\"wordCount\":274,\"commentCount\":0,\"publisher\":{\"@id\":\"https:\/\/www.padreeustaquio.com.br\/#organization\"},\"image\":{\"@id\":\"https:\/\/www.padreeustaquio.com.br\/bairro-padre-eustaquio-em-belo-horizonte-celebra-75-anos-de-historia-e-tradicao\/#primaryimage\"},\"thumbnailUrl\":\"https:\/\/www.padreeustaquio.com.br\/wp-content\/uploads\/2021\/04\/Bairro-Padre-Eustaquio.jpg\",\"articleSection\":[\"Not\u00edcias\"],\"inLanguage\":\"en-US\",\"potentialAction\":[{\"@type\":\"CommentAction\",\"name\":\"Comment\",\"target\":[\"https:\/\/www.padreeustaquio.com.br\/bairro-padre-eustaquio-em-belo-horizonte-celebra-75-anos-de-historia-e-tradicao\/#respond\"]}]},{\"@type\":\"WebPage\",\"@id\":\"https:\/\/www.padreeustaquio.com.br\/bairro-padre-eustaquio-em-belo-horizonte-celebra-75-anos-de-historia-e-tradicao\/\",\"url\":\"https:\/\/www.padreeustaquio.com.br\/bairro-padre-eustaquio-em-belo-horizonte-celebra-75-anos-de-historia-e-tradicao\/\",\"name\":\"Bairro Padre Eust\u00e1quio, em Belo Horizonte, celebra 73 anos de hist\u00f3ria e tradi\u00e7\u00e3o\",\"isPartOf\":{\"@id\":\"https:\/\/www.padreeustaquio.com.br\/#website\"},\"primaryImageOfPage\":{\"@id\":\"https:\/\/www.padreeustaquio.com.br\/bairro-padre-eustaquio-em-belo-horizonte-celebra-75-anos-de-historia-e-tradicao\/#primaryimage\"},\"image\":{\"@id\":\"https:\/\/www.padreeustaquio.com.br\/bairro-padre-eustaquio-em-belo-horizonte-celebra-75-anos-de-historia-e-tradicao\/#primaryimage\"},\"thumbnailUrl\":\"https:\/\/www.padreeustaquio.com.br\/wp-content\/uploads\/2021\/04\/Bairro-Padre-Eustaquio.jpg\",\"datePublished\":\"2024-04-10T12:12:39+00:00\",\"dateModified\":\"2024-04-19T00:21:12+00:00\",\"description\":\"O m\u00eas de abril \u00e9 especial para os moradores do Bairro Padre Eust\u00e1quio, em Belo Horizonte, pois marca o anivers\u00e1rio de 75 anos desde que o bairro recebeu seu nome, uma homenagem ao Bem-aventurado Padre Eust\u00e1quio, uma figura reverenciada e amada por sua dedica\u00e7\u00e3o e bondade para com a comunidade local.\",\"breadcrumb\":{\"@id\":\"https:\/\/www.padreeustaquio.com.br\/bairro-padre-eustaquio-em-belo-horizonte-celebra-75-anos-de-historia-e-tradicao\/#breadcrumb\"},\"inLanguage\":\"en-US\",\"potentialAction\":[{\"@type\":\"ReadAction\",\"target\":[\"https:\/\/www.padreeustaquio.com.br\/bairro-padre-eustaquio-em-belo-horizonte-celebra-75-anos-de-historia-e-tradicao\/\"]}]},{\"@type\":\"ImageObject\",\"inLanguage\":\"en-US\",\"@id\":\"https:\/\/www.padreeustaquio.com.br\/bairro-padre-eustaquio-em-belo-horizonte-celebra-75-anos-de-historia-e-tradicao\/#primaryimage\",\"url\":\"https:\/\/www.padreeustaquio.com.br\/wp-content\/uploads\/2021\/04\/Bairro-Padre-Eustaquio.jpg\",\"contentUrl\":\"https:\/\/www.padreeustaquio.com.br\/wp-content\/uploads\/2021\/04\/Bairro-Padre-Eustaquio.jpg\",\"width\":748,\"height\":394},{\"@type\":\"BreadcrumbList\",\"@id\":\"https:\/\/www.padreeustaquio.com.br\/bairro-padre-eustaquio-em-belo-horizonte-celebra-75-anos-de-historia-e-tradicao\/#breadcrumb\",\"itemListElement\":[{\"@type\":\"ListItem\",\"position\":1,\"name\":\"In\u00edcio\",\"item\":\"https:\/\/www.padreeustaquio.com.br\/\"},{\"@type\":\"ListItem\",\"position\":2,\"name\":\"Bairro Padre Eust\u00e1quio, em Belo Horizonte, celebra 73 anos de hist\u00f3ria e tradi\u00e7\u00e3o\"}]},{\"@type\":\"WebSite\",\"@id\":\"https:\/\/www.padreeustaquio.com.br\/#website\",\"url\":\"https:\/\/www.padreeustaquio.com.br\/\",\"name\":\"Padre Eust\u00e1quio\",\"description\":\"Sa\u00fade e Paz\",\"publisher\":{\"@id\":\"https:\/\/www.padreeustaquio.com.br\/#organization\"},\"potentialAction\":[{\"@type\":\"SearchAction\",\"target\":{\"@type\":\"EntryPoint\",\"urlTemplate\":\"https:\/\/www.padreeustaquio.com.br\/?s={search_term_string}\"},\"query-input\":{\"@type\":\"PropertyValueSpecification\",\"valueRequired\":true,\"valueName\":\"search_term_string\"}}],\"inLanguage\":\"en-US\"},{\"@type\":\"Organization\",\"@id\":\"https:\/\/www.padreeustaquio.com.br\/#organization\",\"name\":\"Padre Eust\u00e1quio\",\"url\":\"https:\/\/www.padreeustaquio.com.br\/\",\"logo\":{\"@type\":\"ImageObject\",\"inLanguage\":\"en-US\",\"@id\":\"https:\/\/www.padreeustaquio.com.br\/#\/schema\/logo\/image\/\",\"url\":\"https:\/\/www.padreeustaquio.com.br\/wp-content\/uploads\/2019\/08\/marca.png\",\"contentUrl\":\"https:\/\/www.padreeustaquio.com.br\/wp-content\/uploads\/2019\/08\/marca.png\",\"width\":350,\"height\":400,\"caption\":\"Padre Eust\u00e1quio\"},\"image\":{\"@id\":\"https:\/\/www.padreeustaquio.com.br\/#\/schema\/logo\/image\/\"},\"sameAs\":[\"https:\/\/www.facebook.com\/beatopadreeustaquio\/\",\"https:\/\/x.com\/beatopeustaquio\",\"https:\/\/www.instagram.com\/beatopadreeustaquio\/\",\"https:\/\/www.youtube.com\/channel\/UCRhw7vfabnajwLxb1ZXMeIw\"]},{\"@type\":\"Person\",\"@id\":\"https:\/\/www.padreeustaquio.com.br\/#\/schema\/person\/a2a51db1d00f1a7af0204a0f1ddb1566\",\"name\":\"@sscc\",\"image\":{\"@type\":\"ImageObject\",\"inLanguage\":\"en-US\",\"@id\":\"https:\/\/secure.gravatar.com\/avatar\/68cfafa5f44617fea54071e215026e0ff06be366c3d54a8425f04fdcb86f8c5f?s=96&d=mm&r=g\",\"url\":\"https:\/\/secure.gravatar.com\/avatar\/68cfafa5f44617fea54071e215026e0ff06be366c3d54a8425f04fdcb86f8c5f?s=96&d=mm&r=g\",\"contentUrl\":\"https:\/\/secure.gravatar.com\/avatar\/68cfafa5f44617fea54071e215026e0ff06be366c3d54a8425f04fdcb86f8c5f?s=96&d=mm&r=g\",\"caption\":\"@sscc\"},\"url\":\"https:\/\/www.padreeustaquio.com.br\/en\/author\/sscc\/\"}]}<\/script>\n<!-- \/ Yoast SEO plugin. -->","yoast_head_json":{"title":"The Padre Eust\u00e1quio neighborhood in Belo Horizonte celebrates 73 years of history and tradition.","description":"The month of April is special for the residents of the Padre Eust\u00e1quio neighborhood in Belo Horizonte, as it marks the 75th anniversary of the neighborhood receiving its name, a tribute to Blessed Father Eust\u00e1quio, a figure revered and loved for his dedication and kindness to the local community.","robots":{"index":"index","follow":"follow","max-snippet":"max-snippet:-1","max-image-preview":"max-image-preview:large","max-video-preview":"max-video-preview:-1"},"canonical":"https:\/\/www.padreeustaquio.com.br\/en\/the-padre-eustaquio-neighborhood-in-belo-horizonte-celebrates-75-years-of-history-and-tradition\/","og_locale":"en_US","og_type":"article","og_title":"Bairro Padre Eust\u00e1quio, em Belo Horizonte, celebra 73 anos de hist\u00f3ria e tradi\u00e7\u00e3o","og_description":"O m\u00eas de abril \u00e9 especial para os moradores do Bairro Padre Eust\u00e1quio, em Belo Horizonte, pois marca o anivers\u00e1rio de 75 anos desde que o bairro recebeu seu nome, uma homenagem ao Bem-aventurado Padre Eust\u00e1quio, uma figura reverenciada e amada por sua dedica\u00e7\u00e3o e bondade para com a comunidade local.","og_url":"https:\/\/www.padreeustaquio.com.br\/en\/the-padre-eustaquio-neighborhood-in-belo-horizonte-celebrates-75-years-of-history-and-tradition\/","og_site_name":"Padre Eust\u00e1quio","article_publisher":"https:\/\/www.facebook.com\/beatopadreeustaquio\/","article_published_time":"2024-04-10T12:12:39+00:00","article_modified_time":"2024-04-19T00:21:12+00:00","og_image":[{"width":748,"height":394,"url":"https:\/\/www.padreeustaquio.com.br\/wp-content\/uploads\/2021\/04\/Bairro-Padre-Eustaquio.jpg","type":"image\/jpeg"}],"author":"@sscc","twitter_card":"summary_large_image","twitter_creator":"@beatopeustaquio","twitter_site":"@beatopeustaquio","twitter_misc":{"Written by":"@sscc","Est. reading time":"2 minutes"},"schema":{"@context":"https:\/\/schema.org","@graph":[{"@type":"Article","@id":"https:\/\/www.padreeustaquio.com.br\/bairro-padre-eustaquio-em-belo-horizonte-celebra-75-anos-de-historia-e-tradicao\/#article","isPartOf":{"@id":"https:\/\/www.padreeustaquio.com.br\/bairro-padre-eustaquio-em-belo-horizonte-celebra-75-anos-de-historia-e-tradicao\/"},"author":{"name":"@sscc","@id":"https:\/\/www.padreeustaquio.com.br\/#\/schema\/person\/a2a51db1d00f1a7af0204a0f1ddb1566"},"headline":"Bairro Padre Eust\u00e1quio, em Belo Horizonte, celebra 73 anos de hist\u00f3ria e tradi\u00e7\u00e3o","datePublished":"2024-04-10T12:12:39+00:00","dateModified":"2024-04-19T00:21:12+00:00","mainEntityOfPage":{"@id":"https:\/\/www.padreeustaquio.com.br\/bairro-padre-eustaquio-em-belo-horizonte-celebra-75-anos-de-historia-e-tradicao\/"},"wordCount":274,"commentCount":0,"publisher":{"@id":"https:\/\/www.padreeustaquio.com.br\/#organization"},"image":{"@id":"https:\/\/www.padreeustaquio.com.br\/bairro-padre-eustaquio-em-belo-horizonte-celebra-75-anos-de-historia-e-tradicao\/#primaryimage"},"thumbnailUrl":"https:\/\/www.padreeustaquio.com.br\/wp-content\/uploads\/2021\/04\/Bairro-Padre-Eustaquio.jpg","articleSection":["Not\u00edcias"],"inLanguage":"en-US","potentialAction":[{"@type":"CommentAction","name":"Comment","target":["https:\/\/www.padreeustaquio.com.br\/bairro-padre-eustaquio-em-belo-horizonte-celebra-75-anos-de-historia-e-tradicao\/#respond"]}]},{"@type":"WebPage","@id":"https:\/\/www.padreeustaquio.com.br\/bairro-padre-eustaquio-em-belo-horizonte-celebra-75-anos-de-historia-e-tradicao\/","url":"https:\/\/www.padreeustaquio.com.br\/bairro-padre-eustaquio-em-belo-horizonte-celebra-75-anos-de-historia-e-tradicao\/","name":"The Padre Eust\u00e1quio neighborhood in Belo Horizonte celebrates 73 years of history and tradition.","isPartOf":{"@id":"https:\/\/www.padreeustaquio.com.br\/#website"},"primaryImageOfPage":{"@id":"https:\/\/www.padreeustaquio.com.br\/bairro-padre-eustaquio-em-belo-horizonte-celebra-75-anos-de-historia-e-tradicao\/#primaryimage"},"image":{"@id":"https:\/\/www.padreeustaquio.com.br\/bairro-padre-eustaquio-em-belo-horizonte-celebra-75-anos-de-historia-e-tradicao\/#primaryimage"},"thumbnailUrl":"https:\/\/www.padreeustaquio.com.br\/wp-content\/uploads\/2021\/04\/Bairro-Padre-Eustaquio.jpg","datePublished":"2024-04-10T12:12:39+00:00","dateModified":"2024-04-19T00:21:12+00:00","description":"The month of April is special for the residents of the Padre Eust\u00e1quio neighborhood in Belo Horizonte, as it marks the 75th anniversary of the neighborhood receiving its name, a tribute to Blessed Father Eust\u00e1quio, a figure revered and loved for his dedication and kindness to the local community.","breadcrumb":{"@id":"https:\/\/www.padreeustaquio.com.br\/bairro-padre-eustaquio-em-belo-horizonte-celebra-75-anos-de-historia-e-tradicao\/#breadcrumb"},"inLanguage":"en-US","potentialAction":[{"@type":"ReadAction","target":["https:\/\/www.padreeustaquio.com.br\/bairro-padre-eustaquio-em-belo-horizonte-celebra-75-anos-de-historia-e-tradicao\/"]}]},{"@type":"ImageObject","inLanguage":"en-US","@id":"https:\/\/www.padreeustaquio.com.br\/bairro-padre-eustaquio-em-belo-horizonte-celebra-75-anos-de-historia-e-tradicao\/#primaryimage","url":"https:\/\/www.padreeustaquio.com.br\/wp-content\/uploads\/2021\/04\/Bairro-Padre-Eustaquio.jpg","contentUrl":"https:\/\/www.padreeustaquio.com.br\/wp-content\/uploads\/2021\/04\/Bairro-Padre-Eustaquio.jpg","width":748,"height":394},{"@type":"BreadcrumbList","@id":"https:\/\/www.padreeustaquio.com.br\/bairro-padre-eustaquio-em-belo-horizonte-celebra-75-anos-de-historia-e-tradicao\/#breadcrumb","itemListElement":[{"@type":"ListItem","position":1,"name":"In\u00edcio","item":"https:\/\/www.padreeustaquio.com.br\/"},{"@type":"ListItem","position":2,"name":"Bairro Padre Eust\u00e1quio, em Belo Horizonte, celebra 73 anos de hist\u00f3ria e tradi\u00e7\u00e3o"}]},{"@type":"WebSite","@id":"https:\/\/www.padreeustaquio.com.br\/#website","url":"https:\/\/www.padreeustaquio.com.br\/","name":"FATHER EUST\u00c1QUIO","description":"Health and Peace","publisher":{"@id":"https:\/\/www.padreeustaquio.com.br\/#organization"},"potentialAction":[{"@type":"SearchAction","target":{"@type":"EntryPoint","urlTemplate":"https:\/\/www.padreeustaquio.com.br\/?s={search_term_string}"},"query-input":{"@type":"PropertyValueSpecification","valueRequired":true,"valueName":"search_term_string"}}],"inLanguage":"en-US"},{"@type":"Organization","@id":"https:\/\/www.padreeustaquio.com.br\/#organization","name":"FATHER EUST\u00c1QUIO","url":"https:\/\/www.padreeustaquio.com.br\/","logo":{"@type":"ImageObject","inLanguage":"en-US","@id":"https:\/\/www.padreeustaquio.com.br\/#\/schema\/logo\/image\/","url":"https:\/\/www.padreeustaquio.com.br\/wp-content\/uploads\/2019\/08\/marca.png","contentUrl":"https:\/\/www.padreeustaquio.com.br\/wp-content\/uploads\/2019\/08\/marca.png","width":350,"height":400,"caption":"Padre Eust\u00e1quio"},"image":{"@id":"https:\/\/www.padreeustaquio.com.br\/#\/schema\/logo\/image\/"},"sameAs":["https:\/\/www.facebook.com\/beatopadreeustaquio\/","https:\/\/x.com\/beatopeustaquio","https:\/\/www.instagram.com\/beatopadreeustaquio\/","https:\/\/www.youtube.com\/channel\/UCRhw7vfabnajwLxb1ZXMeIw"]},{"@type":"Person","@id":"https:\/\/www.padreeustaquio.com.br\/#\/schema\/person\/a2a51db1d00f1a7af0204a0f1ddb1566","name":"@sscc","image":{"@type":"ImageObject","inLanguage":"en-US","@id":"https:\/\/secure.gravatar.com\/avatar\/68cfafa5f44617fea54071e215026e0ff06be366c3d54a8425f04fdcb86f8c5f?s=96&d=mm&r=g","url":"https:\/\/secure.gravatar.com\/avatar\/68cfafa5f44617fea54071e215026e0ff06be366c3d54a8425f04fdcb86f8c5f?s=96&d=mm&r=g","contentUrl":"https:\/\/secure.gravatar.com\/avatar\/68cfafa5f44617fea54071e215026e0ff06be366c3d54a8425f04fdcb86f8c5f?s=96&d=mm&r=g","caption":"@sscc"},"url":"https:\/\/www.padreeustaquio.com.br\/en\/author\/sscc\/"}]}},"_links":{"self":[{"href":"https:\/\/www.padreeustaquio.com.br\/en\/wp-json\/wp\/v2\/posts\/11187","targetHints":{"allow":["GET"]}}],"collection":[{"href":"https:\/\/www.padreeustaquio.com.br\/en\/wp-json\/wp\/v2\/posts"}],"about":[{"href":"https:\/\/www.padreeustaquio.com.br\/en\/wp-json\/wp\/v2\/types\/post"}],"author":[{"embeddable":true,"href":"https:\/\/www.padreeustaquio.com.br\/en\/wp-json\/wp\/v2\/users\/2"}],"replies":[{"embeddable":true,"href":"https:\/\/www.padreeustaquio.com.br\/en\/wp-json\/wp\/v2\/comments?post=11187"}],"version-history":[{"count":0,"href":"https:\/\/www.padreeustaquio.com.br\/en\/wp-json\/wp\/v2\/posts\/11187\/revisions"}],"wp:featuredmedia":[{"embeddable":true,"href":"https:\/\/www.padreeustaquio.com.br\/en\/wp-json\/wp\/v2\/media\/5618"}],"wp:attachment":[{"href":"https:\/\/www.padreeustaquio.com.br\/en\/wp-json\/wp\/v2\/media?parent=11187"}],"wp:term":[{"taxonomy":"category","embeddable":true,"href":"https:\/\/www.padreeustaquio.com.br\/en\/wp-json\/wp\/v2\/categories?post=11187"},{"taxonomy":"post_tag","embeddable":true,"href":"https:\/\/www.padreeustaquio.com.br\/en\/wp-json\/wp\/v2\/tags?post=11187"}],"curies":[{"name":"wp","href":"https:\/\/api.w.org\/{rel}","templated":true}]}}