{"id":11181,"date":"2024-04-08T09:04:25","date_gmt":"2024-04-08T12:04:25","guid":{"rendered":"https:\/\/www.padreeustaquio.com.br\/?p=11181"},"modified":"2024-04-10T16:00:07","modified_gmt":"2024-04-10T19:00:07","slug":"82-years-ago-father-eustaquio-became-parish-priest-in-belo-horizonte","status":"publish","type":"post","link":"https:\/\/www.padreeustaquio.com.br\/en\/82-years-ago-father-eustaquio-became-parish-priest-in-belo-horizonte\/","title":{"rendered":"82 years ago, Father Eust\u00e1quio became parish priest in Belo Horizonte."},"content":{"rendered":"<p>After a period of exile, being transferred from one place to another due to high demand from the population, Father Eust\u00e1quio was then given the mission to become a parish priest in Belo Horizonte.<\/p>\n<p>According to records, the new parish priest took office one day after his arrival in the capital of Minas Gerais, on April 8, 1942, a Wednesday. Curiously, this was the day the Church dedicates to Saint Joseph, one of Father Eust\u00e1quio&#039;s great devotions.<\/p>\n<p>That year, Dom Ant\u00f4nio dos Santos Cabral entrusted the parish of S\u00e3o Domingos, in Vila Celeste Imp\u00e9rio (present-day Padre Eust\u00e1quio neighborhood) in Belo Horizonte, to the Congregation of the Sacred Hearts. The new mission field would become yet another fruitful field of apostolate, but only in a short space of time.<\/p>\n<p>In the book, &quot;The Vicar of Po\u00e1,&quot; Father Ven\u00e2ncio Hulselmans recounts the beginning of this apostolate in the capital of Minas Gerais. Check it out:<\/p>\n<p><em>\u201c&quot;For Father Eust\u00e1quio, Belo Horizonte would become the most fruitful and beneficial field of apostolate. If, in all the places where he was, even in passing, he sought to do good to his neighbor, physically and spiritually, in Belo Horizonte his zeal knew no bounds. One might say that a sad premonition, manifested more than once in enigmatic phrases such as:<\/em><\/p>\n<p><em>\u201c&quot;I will not see the end of the war; I started the church but I will not finish it,&quot; impelled him to expand his activity and win an ever-increasing number of souls.<\/em><br \/>\n<em>His reputation as a &quot;miracle worker&quot; preceded him, so that, soon after his arrival on April 7, 1942, people flocked in droves to the chapel of St. Dominic in the &quot;Celestial Empire&quot; village. <\/em><\/p>\n<p><em>Father Eust\u00e1quio, who had hoped to carry out his apostolate in a less crowded environment, felt somewhat embarrassed by the competition, which threatened to make his permanent stay impossible once again.<\/em><br \/>\n<em>He had received strict orders not to attend to people who sought him out at home; not to visit the sick in their residences except those from his own parish; not to give blessings to anyone except through the confessional grille.\u201d<\/em><\/p>","protected":false},"excerpt":{"rendered":"<p>Ap\u00f3s passar por um per\u00edodo de ex\u00edlio, sendo transferido de um lado para o outro, por causa da grande procura da popula\u00e7\u00e3o, Padre Eust\u00e1quio, ent\u00e3o recebeu a miss\u00e3o de se tornar p\u00e1roco em Belo Horizonte. Segundo registros, a posse do novo p\u00e1roco aconteceu um dia ap\u00f3s sua chegada \u00e0 capital mineira, no dia 8 de abril de 1942, uma quarta-feira. Curiosamente, dia em que a Igreja dedica a S\u00e3o Jos\u00e9, uma das grandes devo\u00e7\u00f5es de Padre Eust\u00e1quio. Naquele ano, Dom Ant\u00f4nio dos Santos Cabral, confiou \u00e0 Congrega\u00e7\u00e3o dos Sagrados Cora\u00e7\u00f5es, a par\u00f3quia de S\u00e3o Domingos, na Vila Celeste Imp\u00e9rio (atual [&hellip;]<\/p>\n","protected":false},"author":2,"featured_media":11182,"comment_status":"open","ping_status":"closed","sticky":false,"template":"","format":"standard","meta":{"_acf_changed":false,"footnotes":""},"categories":[611],"tags":[],"class_list":["post-11181","post","type-post","status-publish","format-standard","has-post-thumbnail","hentry","category-noticias"],"acf":[],"yoast_head":"<!-- This site is optimized with the Yoast SEO plugin v27.2 - https:\/\/yoast.com\/product\/yoast-seo-wordpress\/ -->\n<title>H\u00e1 82 anos Padre Eust\u00e1quio se tornava p\u00e1roco em Belo Horizonte<\/title>\n<meta name=\"description\" content=\"Ap\u00f3s passar por um per\u00edodo de ex\u00edlio, sendo transferido de um lado para o outro, por causa da grande procura da popula\u00e7\u00e3o, Padre Eust\u00e1quio, ent\u00e3o recebeu a miss\u00e3o de se tornar p\u00e1roco em Belo Horizonte.\" \/>\n<meta name=\"robots\" content=\"index, follow, max-snippet:-1, max-image-preview:large, max-video-preview:-1\" \/>\n<link rel=\"canonical\" href=\"https:\/\/www.padreeustaquio.com.br\/en\/82-years-ago-father-eustaquio-became-parish-priest-in-belo-horizonte\/\" \/>\n<meta property=\"og:locale\" content=\"en_US\" \/>\n<meta property=\"og:type\" content=\"article\" \/>\n<meta property=\"og:title\" content=\"H\u00e1 82 anos Padre Eust\u00e1quio se tornava p\u00e1roco em Belo Horizonte\" \/>\n<meta property=\"og:description\" content=\"Ap\u00f3s passar por um per\u00edodo de ex\u00edlio, sendo transferido de um lado para o outro, por causa da grande procura da popula\u00e7\u00e3o, Padre Eust\u00e1quio, ent\u00e3o recebeu a miss\u00e3o de se tornar p\u00e1roco em Belo Horizonte.\" \/>\n<meta property=\"og:url\" content=\"https:\/\/www.padreeustaquio.com.br\/en\/82-years-ago-father-eustaquio-became-parish-priest-in-belo-horizonte\/\" \/>\n<meta property=\"og:site_name\" content=\"Padre Eust\u00e1quio\" \/>\n<meta property=\"article:publisher\" content=\"https:\/\/www.facebook.com\/beatopadreeustaquio\/\" \/>\n<meta property=\"article:published_time\" content=\"2024-04-08T12:04:25+00:00\" \/>\n<meta property=\"article:modified_time\" content=\"2024-04-10T19:00:07+00:00\" \/>\n<meta property=\"og:image\" content=\"https:\/\/www.padreeustaquio.com.br\/wp-content\/uploads\/2024\/04\/03-2-scaled.jpg\" \/>\n\t<meta property=\"og:image:width\" content=\"2560\" \/>\n\t<meta property=\"og:image:height\" content=\"1719\" \/>\n\t<meta property=\"og:image:type\" content=\"image\/jpeg\" \/>\n<meta name=\"author\" content=\"@sscc\" \/>\n<meta name=\"twitter:card\" content=\"summary_large_image\" \/>\n<meta name=\"twitter:creator\" content=\"@beatopeustaquio\" \/>\n<meta name=\"twitter:site\" content=\"@beatopeustaquio\" \/>\n<meta name=\"twitter:label1\" content=\"Written by\" \/>\n\t<meta name=\"twitter:data1\" content=\"@sscc\" \/>\n\t<meta name=\"twitter:label2\" content=\"Est. reading time\" \/>\n\t<meta name=\"twitter:data2\" content=\"3 minutes\" \/>\n<script type=\"application\/ld+json\" class=\"yoast-schema-graph\">{\"@context\":\"https:\/\/schema.org\",\"@graph\":[{\"@type\":\"Article\",\"@id\":\"https:\/\/www.padreeustaquio.com.br\/ha-82-anos-padre-eustaquio-se-tornava-paroco-em-belo-horizonte\/#article\",\"isPartOf\":{\"@id\":\"https:\/\/www.padreeustaquio.com.br\/ha-82-anos-padre-eustaquio-se-tornava-paroco-em-belo-horizonte\/\"},\"author\":{\"name\":\"@sscc\",\"@id\":\"https:\/\/www.padreeustaquio.com.br\/#\/schema\/person\/a2a51db1d00f1a7af0204a0f1ddb1566\"},\"headline\":\"H\u00e1 82 anos Padre Eust\u00e1quio se tornava p\u00e1roco em Belo Horizonte\",\"datePublished\":\"2024-04-08T12:04:25+00:00\",\"dateModified\":\"2024-04-10T19:00:07+00:00\",\"mainEntityOfPage\":{\"@id\":\"https:\/\/www.padreeustaquio.com.br\/ha-82-anos-padre-eustaquio-se-tornava-paroco-em-belo-horizonte\/\"},\"wordCount\":387,\"commentCount\":0,\"publisher\":{\"@id\":\"https:\/\/www.padreeustaquio.com.br\/#organization\"},\"image\":{\"@id\":\"https:\/\/www.padreeustaquio.com.br\/ha-82-anos-padre-eustaquio-se-tornava-paroco-em-belo-horizonte\/#primaryimage\"},\"thumbnailUrl\":\"https:\/\/www.padreeustaquio.com.br\/wp-content\/uploads\/2024\/04\/03-2-scaled.jpg\",\"articleSection\":[\"Not\u00edcias\"],\"inLanguage\":\"en-US\",\"potentialAction\":[{\"@type\":\"CommentAction\",\"name\":\"Comment\",\"target\":[\"https:\/\/www.padreeustaquio.com.br\/ha-82-anos-padre-eustaquio-se-tornava-paroco-em-belo-horizonte\/#respond\"]}]},{\"@type\":\"WebPage\",\"@id\":\"https:\/\/www.padreeustaquio.com.br\/ha-82-anos-padre-eustaquio-se-tornava-paroco-em-belo-horizonte\/\",\"url\":\"https:\/\/www.padreeustaquio.com.br\/ha-82-anos-padre-eustaquio-se-tornava-paroco-em-belo-horizonte\/\",\"name\":\"H\u00e1 82 anos Padre Eust\u00e1quio se tornava p\u00e1roco em Belo Horizonte\",\"isPartOf\":{\"@id\":\"https:\/\/www.padreeustaquio.com.br\/#website\"},\"primaryImageOfPage\":{\"@id\":\"https:\/\/www.padreeustaquio.com.br\/ha-82-anos-padre-eustaquio-se-tornava-paroco-em-belo-horizonte\/#primaryimage\"},\"image\":{\"@id\":\"https:\/\/www.padreeustaquio.com.br\/ha-82-anos-padre-eustaquio-se-tornava-paroco-em-belo-horizonte\/#primaryimage\"},\"thumbnailUrl\":\"https:\/\/www.padreeustaquio.com.br\/wp-content\/uploads\/2024\/04\/03-2-scaled.jpg\",\"datePublished\":\"2024-04-08T12:04:25+00:00\",\"dateModified\":\"2024-04-10T19:00:07+00:00\",\"description\":\"Ap\u00f3s passar por um per\u00edodo de ex\u00edlio, sendo transferido de um lado para o outro, por causa da grande procura da popula\u00e7\u00e3o, Padre Eust\u00e1quio, ent\u00e3o recebeu a miss\u00e3o de se tornar p\u00e1roco em Belo Horizonte.\",\"breadcrumb\":{\"@id\":\"https:\/\/www.padreeustaquio.com.br\/ha-82-anos-padre-eustaquio-se-tornava-paroco-em-belo-horizonte\/#breadcrumb\"},\"inLanguage\":\"en-US\",\"potentialAction\":[{\"@type\":\"ReadAction\",\"target\":[\"https:\/\/www.padreeustaquio.com.br\/ha-82-anos-padre-eustaquio-se-tornava-paroco-em-belo-horizonte\/\"]}]},{\"@type\":\"ImageObject\",\"inLanguage\":\"en-US\",\"@id\":\"https:\/\/www.padreeustaquio.com.br\/ha-82-anos-padre-eustaquio-se-tornava-paroco-em-belo-horizonte\/#primaryimage\",\"url\":\"https:\/\/www.padreeustaquio.com.br\/wp-content\/uploads\/2024\/04\/03-2-scaled.jpg\",\"contentUrl\":\"https:\/\/www.padreeustaquio.com.br\/wp-content\/uploads\/2024\/04\/03-2-scaled.jpg\",\"width\":2560,\"height\":1719},{\"@type\":\"BreadcrumbList\",\"@id\":\"https:\/\/www.padreeustaquio.com.br\/ha-82-anos-padre-eustaquio-se-tornava-paroco-em-belo-horizonte\/#breadcrumb\",\"itemListElement\":[{\"@type\":\"ListItem\",\"position\":1,\"name\":\"In\u00edcio\",\"item\":\"https:\/\/www.padreeustaquio.com.br\/\"},{\"@type\":\"ListItem\",\"position\":2,\"name\":\"H\u00e1 82 anos Padre Eust\u00e1quio se tornava p\u00e1roco em Belo Horizonte\"}]},{\"@type\":\"WebSite\",\"@id\":\"https:\/\/www.padreeustaquio.com.br\/#website\",\"url\":\"https:\/\/www.padreeustaquio.com.br\/\",\"name\":\"Padre Eust\u00e1quio\",\"description\":\"Sa\u00fade e Paz\",\"publisher\":{\"@id\":\"https:\/\/www.padreeustaquio.com.br\/#organization\"},\"potentialAction\":[{\"@type\":\"SearchAction\",\"target\":{\"@type\":\"EntryPoint\",\"urlTemplate\":\"https:\/\/www.padreeustaquio.com.br\/?s={search_term_string}\"},\"query-input\":{\"@type\":\"PropertyValueSpecification\",\"valueRequired\":true,\"valueName\":\"search_term_string\"}}],\"inLanguage\":\"en-US\"},{\"@type\":\"Organization\",\"@id\":\"https:\/\/www.padreeustaquio.com.br\/#organization\",\"name\":\"Padre Eust\u00e1quio\",\"url\":\"https:\/\/www.padreeustaquio.com.br\/\",\"logo\":{\"@type\":\"ImageObject\",\"inLanguage\":\"en-US\",\"@id\":\"https:\/\/www.padreeustaquio.com.br\/#\/schema\/logo\/image\/\",\"url\":\"https:\/\/www.padreeustaquio.com.br\/wp-content\/uploads\/2019\/08\/marca.png\",\"contentUrl\":\"https:\/\/www.padreeustaquio.com.br\/wp-content\/uploads\/2019\/08\/marca.png\",\"width\":350,\"height\":400,\"caption\":\"Padre Eust\u00e1quio\"},\"image\":{\"@id\":\"https:\/\/www.padreeustaquio.com.br\/#\/schema\/logo\/image\/\"},\"sameAs\":[\"https:\/\/www.facebook.com\/beatopadreeustaquio\/\",\"https:\/\/x.com\/beatopeustaquio\",\"https:\/\/www.instagram.com\/beatopadreeustaquio\/\",\"https:\/\/www.youtube.com\/channel\/UCRhw7vfabnajwLxb1ZXMeIw\"]},{\"@type\":\"Person\",\"@id\":\"https:\/\/www.padreeustaquio.com.br\/#\/schema\/person\/a2a51db1d00f1a7af0204a0f1ddb1566\",\"name\":\"@sscc\",\"image\":{\"@type\":\"ImageObject\",\"inLanguage\":\"en-US\",\"@id\":\"https:\/\/secure.gravatar.com\/avatar\/68cfafa5f44617fea54071e215026e0ff06be366c3d54a8425f04fdcb86f8c5f?s=96&d=mm&r=g\",\"url\":\"https:\/\/secure.gravatar.com\/avatar\/68cfafa5f44617fea54071e215026e0ff06be366c3d54a8425f04fdcb86f8c5f?s=96&d=mm&r=g\",\"contentUrl\":\"https:\/\/secure.gravatar.com\/avatar\/68cfafa5f44617fea54071e215026e0ff06be366c3d54a8425f04fdcb86f8c5f?s=96&d=mm&r=g\",\"caption\":\"@sscc\"},\"url\":\"https:\/\/www.padreeustaquio.com.br\/en\/author\/sscc\/\"}]}<\/script>\n<!-- \/ Yoast SEO plugin. -->","yoast_head_json":{"title":"82 years ago, Father Eust\u00e1quio became parish priest in Belo Horizonte.","description":"After a period of exile, being transferred from one place to another due to high demand from the population, Father Eust\u00e1quio was then given the mission to become a parish priest in Belo Horizonte.","robots":{"index":"index","follow":"follow","max-snippet":"max-snippet:-1","max-image-preview":"max-image-preview:large","max-video-preview":"max-video-preview:-1"},"canonical":"https:\/\/www.padreeustaquio.com.br\/en\/82-years-ago-father-eustaquio-became-parish-priest-in-belo-horizonte\/","og_locale":"en_US","og_type":"article","og_title":"H\u00e1 82 anos Padre Eust\u00e1quio se tornava p\u00e1roco em Belo Horizonte","og_description":"Ap\u00f3s passar por um per\u00edodo de ex\u00edlio, sendo transferido de um lado para o outro, por causa da grande procura da popula\u00e7\u00e3o, Padre Eust\u00e1quio, ent\u00e3o recebeu a miss\u00e3o de se tornar p\u00e1roco em Belo Horizonte.","og_url":"https:\/\/www.padreeustaquio.com.br\/en\/82-years-ago-father-eustaquio-became-parish-priest-in-belo-horizonte\/","og_site_name":"Padre Eust\u00e1quio","article_publisher":"https:\/\/www.facebook.com\/beatopadreeustaquio\/","article_published_time":"2024-04-08T12:04:25+00:00","article_modified_time":"2024-04-10T19:00:07+00:00","og_image":[{"width":2560,"height":1719,"url":"https:\/\/www.padreeustaquio.com.br\/wp-content\/uploads\/2024\/04\/03-2-scaled.jpg","type":"image\/jpeg"}],"author":"@sscc","twitter_card":"summary_large_image","twitter_creator":"@beatopeustaquio","twitter_site":"@beatopeustaquio","twitter_misc":{"Written by":"@sscc","Est. reading time":"3 minutes"},"schema":{"@context":"https:\/\/schema.org","@graph":[{"@type":"Article","@id":"https:\/\/www.padreeustaquio.com.br\/ha-82-anos-padre-eustaquio-se-tornava-paroco-em-belo-horizonte\/#article","isPartOf":{"@id":"https:\/\/www.padreeustaquio.com.br\/ha-82-anos-padre-eustaquio-se-tornava-paroco-em-belo-horizonte\/"},"author":{"name":"@sscc","@id":"https:\/\/www.padreeustaquio.com.br\/#\/schema\/person\/a2a51db1d00f1a7af0204a0f1ddb1566"},"headline":"H\u00e1 82 anos Padre Eust\u00e1quio se tornava p\u00e1roco em Belo Horizonte","datePublished":"2024-04-08T12:04:25+00:00","dateModified":"2024-04-10T19:00:07+00:00","mainEntityOfPage":{"@id":"https:\/\/www.padreeustaquio.com.br\/ha-82-anos-padre-eustaquio-se-tornava-paroco-em-belo-horizonte\/"},"wordCount":387,"commentCount":0,"publisher":{"@id":"https:\/\/www.padreeustaquio.com.br\/#organization"},"image":{"@id":"https:\/\/www.padreeustaquio.com.br\/ha-82-anos-padre-eustaquio-se-tornava-paroco-em-belo-horizonte\/#primaryimage"},"thumbnailUrl":"https:\/\/www.padreeustaquio.com.br\/wp-content\/uploads\/2024\/04\/03-2-scaled.jpg","articleSection":["Not\u00edcias"],"inLanguage":"en-US","potentialAction":[{"@type":"CommentAction","name":"Comment","target":["https:\/\/www.padreeustaquio.com.br\/ha-82-anos-padre-eustaquio-se-tornava-paroco-em-belo-horizonte\/#respond"]}]},{"@type":"WebPage","@id":"https:\/\/www.padreeustaquio.com.br\/ha-82-anos-padre-eustaquio-se-tornava-paroco-em-belo-horizonte\/","url":"https:\/\/www.padreeustaquio.com.br\/ha-82-anos-padre-eustaquio-se-tornava-paroco-em-belo-horizonte\/","name":"82 years ago, Father Eust\u00e1quio became parish priest in Belo Horizonte.","isPartOf":{"@id":"https:\/\/www.padreeustaquio.com.br\/#website"},"primaryImageOfPage":{"@id":"https:\/\/www.padreeustaquio.com.br\/ha-82-anos-padre-eustaquio-se-tornava-paroco-em-belo-horizonte\/#primaryimage"},"image":{"@id":"https:\/\/www.padreeustaquio.com.br\/ha-82-anos-padre-eustaquio-se-tornava-paroco-em-belo-horizonte\/#primaryimage"},"thumbnailUrl":"https:\/\/www.padreeustaquio.com.br\/wp-content\/uploads\/2024\/04\/03-2-scaled.jpg","datePublished":"2024-04-08T12:04:25+00:00","dateModified":"2024-04-10T19:00:07+00:00","description":"After a period of exile, being transferred from one place to another due to high demand from the population, Father Eust\u00e1quio was then given the mission to become a parish priest in Belo Horizonte.","breadcrumb":{"@id":"https:\/\/www.padreeustaquio.com.br\/ha-82-anos-padre-eustaquio-se-tornava-paroco-em-belo-horizonte\/#breadcrumb"},"inLanguage":"en-US","potentialAction":[{"@type":"ReadAction","target":["https:\/\/www.padreeustaquio.com.br\/ha-82-anos-padre-eustaquio-se-tornava-paroco-em-belo-horizonte\/"]}]},{"@type":"ImageObject","inLanguage":"en-US","@id":"https:\/\/www.padreeustaquio.com.br\/ha-82-anos-padre-eustaquio-se-tornava-paroco-em-belo-horizonte\/#primaryimage","url":"https:\/\/www.padreeustaquio.com.br\/wp-content\/uploads\/2024\/04\/03-2-scaled.jpg","contentUrl":"https:\/\/www.padreeustaquio.com.br\/wp-content\/uploads\/2024\/04\/03-2-scaled.jpg","width":2560,"height":1719},{"@type":"BreadcrumbList","@id":"https:\/\/www.padreeustaquio.com.br\/ha-82-anos-padre-eustaquio-se-tornava-paroco-em-belo-horizonte\/#breadcrumb","itemListElement":[{"@type":"ListItem","position":1,"name":"In\u00edcio","item":"https:\/\/www.padreeustaquio.com.br\/"},{"@type":"ListItem","position":2,"name":"H\u00e1 82 anos Padre Eust\u00e1quio se tornava p\u00e1roco em Belo Horizonte"}]},{"@type":"WebSite","@id":"https:\/\/www.padreeustaquio.com.br\/#website","url":"https:\/\/www.padreeustaquio.com.br\/","name":"FATHER EUST\u00c1QUIO","description":"Health and Peace","publisher":{"@id":"https:\/\/www.padreeustaquio.com.br\/#organization"},"potentialAction":[{"@type":"SearchAction","target":{"@type":"EntryPoint","urlTemplate":"https:\/\/www.padreeustaquio.com.br\/?s={search_term_string}"},"query-input":{"@type":"PropertyValueSpecification","valueRequired":true,"valueName":"search_term_string"}}],"inLanguage":"en-US"},{"@type":"Organization","@id":"https:\/\/www.padreeustaquio.com.br\/#organization","name":"FATHER EUST\u00c1QUIO","url":"https:\/\/www.padreeustaquio.com.br\/","logo":{"@type":"ImageObject","inLanguage":"en-US","@id":"https:\/\/www.padreeustaquio.com.br\/#\/schema\/logo\/image\/","url":"https:\/\/www.padreeustaquio.com.br\/wp-content\/uploads\/2019\/08\/marca.png","contentUrl":"https:\/\/www.padreeustaquio.com.br\/wp-content\/uploads\/2019\/08\/marca.png","width":350,"height":400,"caption":"Padre Eust\u00e1quio"},"image":{"@id":"https:\/\/www.padreeustaquio.com.br\/#\/schema\/logo\/image\/"},"sameAs":["https:\/\/www.facebook.com\/beatopadreeustaquio\/","https:\/\/x.com\/beatopeustaquio","https:\/\/www.instagram.com\/beatopadreeustaquio\/","https:\/\/www.youtube.com\/channel\/UCRhw7vfabnajwLxb1ZXMeIw"]},{"@type":"Person","@id":"https:\/\/www.padreeustaquio.com.br\/#\/schema\/person\/a2a51db1d00f1a7af0204a0f1ddb1566","name":"@sscc","image":{"@type":"ImageObject","inLanguage":"en-US","@id":"https:\/\/secure.gravatar.com\/avatar\/68cfafa5f44617fea54071e215026e0ff06be366c3d54a8425f04fdcb86f8c5f?s=96&d=mm&r=g","url":"https:\/\/secure.gravatar.com\/avatar\/68cfafa5f44617fea54071e215026e0ff06be366c3d54a8425f04fdcb86f8c5f?s=96&d=mm&r=g","contentUrl":"https:\/\/secure.gravatar.com\/avatar\/68cfafa5f44617fea54071e215026e0ff06be366c3d54a8425f04fdcb86f8c5f?s=96&d=mm&r=g","caption":"@sscc"},"url":"https:\/\/www.padreeustaquio.com.br\/en\/author\/sscc\/"}]}},"_links":{"self":[{"href":"https:\/\/www.padreeustaquio.com.br\/en\/wp-json\/wp\/v2\/posts\/11181","targetHints":{"allow":["GET"]}}],"collection":[{"href":"https:\/\/www.padreeustaquio.com.br\/en\/wp-json\/wp\/v2\/posts"}],"about":[{"href":"https:\/\/www.padreeustaquio.com.br\/en\/wp-json\/wp\/v2\/types\/post"}],"author":[{"embeddable":true,"href":"https:\/\/www.padreeustaquio.com.br\/en\/wp-json\/wp\/v2\/users\/2"}],"replies":[{"embeddable":true,"href":"https:\/\/www.padreeustaquio.com.br\/en\/wp-json\/wp\/v2\/comments?post=11181"}],"version-history":[{"count":0,"href":"https:\/\/www.padreeustaquio.com.br\/en\/wp-json\/wp\/v2\/posts\/11181\/revisions"}],"wp:featuredmedia":[{"embeddable":true,"href":"https:\/\/www.padreeustaquio.com.br\/en\/wp-json\/wp\/v2\/media\/11182"}],"wp:attachment":[{"href":"https:\/\/www.padreeustaquio.com.br\/en\/wp-json\/wp\/v2\/media?parent=11181"}],"wp:term":[{"taxonomy":"category","embeddable":true,"href":"https:\/\/www.padreeustaquio.com.br\/en\/wp-json\/wp\/v2\/categories?post=11181"},{"taxonomy":"post_tag","embeddable":true,"href":"https:\/\/www.padreeustaquio.com.br\/en\/wp-json\/wp\/v2\/tags?post=11181"}],"curies":[{"name":"wp","href":"https:\/\/api.w.org\/{rel}","templated":true}]}}