{"id":11177,"date":"2024-04-03T07:10:59","date_gmt":"2024-04-03T10:10:59","guid":{"rendered":"https:\/\/www.padreeustaquio.com.br\/?p=11177"},"modified":"2024-04-03T14:22:27","modified_gmt":"2024-04-03T17:22:27","slug":"bathrooms-and-a-presbytery-are-being-built-in-the-padre-eustaquio-church-in-esmeraldas-mg","status":"publish","type":"post","link":"https:\/\/www.padreeustaquio.com.br\/en\/bathrooms-and-a-presbytery-are-being-built-in-the-padre-eustaquio-church-in-esmeraldas-mg\/","title":{"rendered":"Bathrooms and a presbytery are being built at the Padre Eust\u00e1quio church in Esmeraldas, Minas Gerais."},"content":{"rendered":"<p>In Esmeraldas, Minas Gerais, work continues on the church dedicated to Blessed Father Eust\u00e1quio. Much has already been done, but there is still much work to be done.<\/p>\n<p>Currently, work is focused on the construction of the restrooms and the presbytery of the church, according to the project designed by the architect and designer, Jo\u00e3o Bosco. The community is mobilizing people to raise the necessary funds for the continuation of the works.<\/p>\n<p>Thanks to funds already acquired, this part of the construction has already begun, but the church still needs donations from everyone.<\/p>\n<p><img decoding=\"async\" class=\"size-medium wp-image-11179 alignleft\" src=\"https:\/\/www.padreeustaquio.com.br\/wp-content\/uploads\/2024\/04\/obra-banheiro-igreja-padre-eustaquio-esmeraldas-300x149.jpeg\" alt=\"\" width=\"300\" height=\"149\" srcset=\"https:\/\/www.padreeustaquio.com.br\/wp-content\/uploads\/2024\/04\/obra-banheiro-igreja-padre-eustaquio-esmeraldas-300x149.jpeg 300w, https:\/\/www.padreeustaquio.com.br\/wp-content\/uploads\/2024\/04\/obra-banheiro-igreja-padre-eustaquio-esmeraldas-400x200.jpeg 400w, https:\/\/www.padreeustaquio.com.br\/wp-content\/uploads\/2024\/04\/obra-banheiro-igreja-padre-eustaquio-esmeraldas-600x300.jpeg 600w, https:\/\/www.padreeustaquio.com.br\/wp-content\/uploads\/2024\/04\/obra-banheiro-igreja-padre-eustaquio-esmeraldas.jpeg 619w\" sizes=\"(max-width: 300px) 100vw, 300px\" \/>Donations can be made via bank transfer to the account below:<br \/>\nPostal Code: 739136689-8<br \/>\nOP. 1388 \u2013 Caixa Econ\u00f4mica Federal<br \/>\nAg. 2782<br \/>\nCNPJ: 23.502.227\/0001-30<\/p>\n<p>You can also make your donation via PIX to: 23.502.227\/0001-30<br \/>\nDonations in the name of ABFIPE \u2013 Association of Benefactors of the Future Church of Blessed Father Eust\u00e1quio<\/p>","protected":false},"excerpt":{"rendered":"<p>Em Esmeraldas-MG, as obras na igreja dedicada ao Beato Padre Eust\u00e1quio continuam. Muito j\u00e1 foi feito, mas ainda h\u00e1 muito trabalho a fazer. Atualmente, os trabalhos est\u00e3o focados na constru\u00e7\u00e3o dos banheiros e no presbit\u00e9rio da igreja, conforme o projeto realizado pelo arquiteto e projetista, Jo\u00e3o Bosco. A comunidade est\u00e1 mobilizando as pessoas para angariar os recursos necess\u00e1rios para a continua\u00e7\u00e3o das obras. Gra\u00e7as a recursos j\u00e1 adquiridos, essa parte da constru\u00e7\u00e3o j\u00e1 come\u00e7ou a ser realizada, mas a igreja ainda precisa da doa\u00e7\u00e3o de todos. As doa\u00e7\u00f5es podem ser feitas via transfer\u00eancia banc\u00e1ria na conta abaixo: C\/P.: 739136689-8 OP. [&hellip;]<\/p>\n","protected":false},"author":2,"featured_media":11178,"comment_status":"open","ping_status":"closed","sticky":false,"template":"","format":"standard","meta":{"_acf_changed":false,"footnotes":""},"categories":[611],"tags":[],"class_list":["post-11177","post","type-post","status-publish","format-standard","has-post-thumbnail","hentry","category-noticias"],"acf":[],"yoast_head":"<!-- This site is optimized with the Yoast SEO plugin v27.2 - https:\/\/yoast.com\/product\/yoast-seo-wordpress\/ -->\n<title>Banheiros e presbit\u00e9rio s\u00e3o constru\u00eddos na igreja Padre Eust\u00e1quio de Esmeraldas-MG<\/title>\n<meta name=\"description\" content=\"Atualmente, os trabalhos est\u00e3o focados na constru\u00e7\u00e3o dos banheiros e no presbit\u00e9rio da igreja, conforme o projeto realizado pelo arquiteto e projetista, Jo\u00e3o Bosco. A comunidade est\u00e1 mobilizando as pessoas para angariar os recursos necess\u00e1rios para a continua\u00e7\u00e3o das obras.\" \/>\n<meta name=\"robots\" content=\"index, follow, max-snippet:-1, max-image-preview:large, max-video-preview:-1\" \/>\n<link rel=\"canonical\" href=\"https:\/\/www.padreeustaquio.com.br\/en\/bathrooms-and-a-presbytery-are-being-built-in-the-padre-eustaquio-church-in-esmeraldas-mg\/\" \/>\n<meta property=\"og:locale\" content=\"en_US\" \/>\n<meta property=\"og:type\" content=\"article\" \/>\n<meta property=\"og:title\" content=\"Banheiros e presbit\u00e9rio s\u00e3o constru\u00eddos na igreja Padre Eust\u00e1quio de Esmeraldas-MG\" \/>\n<meta property=\"og:description\" content=\"Atualmente, os trabalhos est\u00e3o focados na constru\u00e7\u00e3o dos banheiros e no presbit\u00e9rio da igreja, conforme o projeto realizado pelo arquiteto e projetista, Jo\u00e3o Bosco. A comunidade est\u00e1 mobilizando as pessoas para angariar os recursos necess\u00e1rios para a continua\u00e7\u00e3o das obras.\" \/>\n<meta property=\"og:url\" content=\"https:\/\/www.padreeustaquio.com.br\/en\/bathrooms-and-a-presbytery-are-being-built-in-the-padre-eustaquio-church-in-esmeraldas-mg\/\" \/>\n<meta property=\"og:site_name\" content=\"Padre Eust\u00e1quio\" \/>\n<meta property=\"article:publisher\" content=\"https:\/\/www.facebook.com\/beatopadreeustaquio\/\" \/>\n<meta property=\"article:published_time\" content=\"2024-04-03T10:10:59+00:00\" \/>\n<meta property=\"article:modified_time\" content=\"2024-04-03T17:22:27+00:00\" \/>\n<meta property=\"og:image\" content=\"https:\/\/www.padreeustaquio.com.br\/wp-content\/uploads\/2024\/04\/obras-igreja-padre-eustaquio-esmeraldas.jpeg\" \/>\n\t<meta property=\"og:image:width\" content=\"568\" \/>\n\t<meta property=\"og:image:height\" content=\"281\" \/>\n\t<meta property=\"og:image:type\" content=\"image\/jpeg\" \/>\n<meta name=\"author\" content=\"@sscc\" \/>\n<meta name=\"twitter:card\" content=\"summary_large_image\" \/>\n<meta name=\"twitter:creator\" content=\"@beatopeustaquio\" \/>\n<meta name=\"twitter:site\" content=\"@beatopeustaquio\" \/>\n<meta name=\"twitter:label1\" content=\"Written by\" \/>\n\t<meta name=\"twitter:data1\" content=\"@sscc\" \/>\n\t<meta name=\"twitter:label2\" content=\"Est. reading time\" \/>\n\t<meta name=\"twitter:data2\" content=\"2 minutes\" \/>\n<script type=\"application\/ld+json\" class=\"yoast-schema-graph\">{\"@context\":\"https:\/\/schema.org\",\"@graph\":[{\"@type\":\"Article\",\"@id\":\"https:\/\/www.padreeustaquio.com.br\/banheiros-e-presbiterio-sao-construidos-na-igreja-padre-eustaquio-de-esmeraldas-mg\/#article\",\"isPartOf\":{\"@id\":\"https:\/\/www.padreeustaquio.com.br\/banheiros-e-presbiterio-sao-construidos-na-igreja-padre-eustaquio-de-esmeraldas-mg\/\"},\"author\":{\"name\":\"@sscc\",\"@id\":\"https:\/\/www.padreeustaquio.com.br\/#\/schema\/person\/a2a51db1d00f1a7af0204a0f1ddb1566\"},\"headline\":\"Banheiros e presbit\u00e9rio s\u00e3o constru\u00eddos na igreja Padre Eust\u00e1quio de Esmeraldas-MG\",\"datePublished\":\"2024-04-03T10:10:59+00:00\",\"dateModified\":\"2024-04-03T17:22:27+00:00\",\"mainEntityOfPage\":{\"@id\":\"https:\/\/www.padreeustaquio.com.br\/banheiros-e-presbiterio-sao-construidos-na-igreja-padre-eustaquio-de-esmeraldas-mg\/\"},\"wordCount\":165,\"commentCount\":0,\"publisher\":{\"@id\":\"https:\/\/www.padreeustaquio.com.br\/#organization\"},\"image\":{\"@id\":\"https:\/\/www.padreeustaquio.com.br\/banheiros-e-presbiterio-sao-construidos-na-igreja-padre-eustaquio-de-esmeraldas-mg\/#primaryimage\"},\"thumbnailUrl\":\"https:\/\/www.padreeustaquio.com.br\/wp-content\/uploads\/2024\/04\/obras-igreja-padre-eustaquio-esmeraldas.jpeg\",\"articleSection\":[\"Not\u00edcias\"],\"inLanguage\":\"en-US\",\"potentialAction\":[{\"@type\":\"CommentAction\",\"name\":\"Comment\",\"target\":[\"https:\/\/www.padreeustaquio.com.br\/banheiros-e-presbiterio-sao-construidos-na-igreja-padre-eustaquio-de-esmeraldas-mg\/#respond\"]}]},{\"@type\":\"WebPage\",\"@id\":\"https:\/\/www.padreeustaquio.com.br\/banheiros-e-presbiterio-sao-construidos-na-igreja-padre-eustaquio-de-esmeraldas-mg\/\",\"url\":\"https:\/\/www.padreeustaquio.com.br\/banheiros-e-presbiterio-sao-construidos-na-igreja-padre-eustaquio-de-esmeraldas-mg\/\",\"name\":\"Banheiros e presbit\u00e9rio s\u00e3o constru\u00eddos na igreja Padre Eust\u00e1quio de Esmeraldas-MG\",\"isPartOf\":{\"@id\":\"https:\/\/www.padreeustaquio.com.br\/#website\"},\"primaryImageOfPage\":{\"@id\":\"https:\/\/www.padreeustaquio.com.br\/banheiros-e-presbiterio-sao-construidos-na-igreja-padre-eustaquio-de-esmeraldas-mg\/#primaryimage\"},\"image\":{\"@id\":\"https:\/\/www.padreeustaquio.com.br\/banheiros-e-presbiterio-sao-construidos-na-igreja-padre-eustaquio-de-esmeraldas-mg\/#primaryimage\"},\"thumbnailUrl\":\"https:\/\/www.padreeustaquio.com.br\/wp-content\/uploads\/2024\/04\/obras-igreja-padre-eustaquio-esmeraldas.jpeg\",\"datePublished\":\"2024-04-03T10:10:59+00:00\",\"dateModified\":\"2024-04-03T17:22:27+00:00\",\"description\":\"Atualmente, os trabalhos est\u00e3o focados na constru\u00e7\u00e3o dos banheiros e no presbit\u00e9rio da igreja, conforme o projeto realizado pelo arquiteto e projetista, Jo\u00e3o Bosco. A comunidade est\u00e1 mobilizando as pessoas para angariar os recursos necess\u00e1rios para a continua\u00e7\u00e3o das obras.\",\"breadcrumb\":{\"@id\":\"https:\/\/www.padreeustaquio.com.br\/banheiros-e-presbiterio-sao-construidos-na-igreja-padre-eustaquio-de-esmeraldas-mg\/#breadcrumb\"},\"inLanguage\":\"en-US\",\"potentialAction\":[{\"@type\":\"ReadAction\",\"target\":[\"https:\/\/www.padreeustaquio.com.br\/banheiros-e-presbiterio-sao-construidos-na-igreja-padre-eustaquio-de-esmeraldas-mg\/\"]}]},{\"@type\":\"ImageObject\",\"inLanguage\":\"en-US\",\"@id\":\"https:\/\/www.padreeustaquio.com.br\/banheiros-e-presbiterio-sao-construidos-na-igreja-padre-eustaquio-de-esmeraldas-mg\/#primaryimage\",\"url\":\"https:\/\/www.padreeustaquio.com.br\/wp-content\/uploads\/2024\/04\/obras-igreja-padre-eustaquio-esmeraldas.jpeg\",\"contentUrl\":\"https:\/\/www.padreeustaquio.com.br\/wp-content\/uploads\/2024\/04\/obras-igreja-padre-eustaquio-esmeraldas.jpeg\",\"width\":568,\"height\":281},{\"@type\":\"BreadcrumbList\",\"@id\":\"https:\/\/www.padreeustaquio.com.br\/banheiros-e-presbiterio-sao-construidos-na-igreja-padre-eustaquio-de-esmeraldas-mg\/#breadcrumb\",\"itemListElement\":[{\"@type\":\"ListItem\",\"position\":1,\"name\":\"In\u00edcio\",\"item\":\"https:\/\/www.padreeustaquio.com.br\/\"},{\"@type\":\"ListItem\",\"position\":2,\"name\":\"Banheiros e presbit\u00e9rio s\u00e3o constru\u00eddos na igreja Padre Eust\u00e1quio de Esmeraldas-MG\"}]},{\"@type\":\"WebSite\",\"@id\":\"https:\/\/www.padreeustaquio.com.br\/#website\",\"url\":\"https:\/\/www.padreeustaquio.com.br\/\",\"name\":\"Padre Eust\u00e1quio\",\"description\":\"Sa\u00fade e Paz\",\"publisher\":{\"@id\":\"https:\/\/www.padreeustaquio.com.br\/#organization\"},\"potentialAction\":[{\"@type\":\"SearchAction\",\"target\":{\"@type\":\"EntryPoint\",\"urlTemplate\":\"https:\/\/www.padreeustaquio.com.br\/?s={search_term_string}\"},\"query-input\":{\"@type\":\"PropertyValueSpecification\",\"valueRequired\":true,\"valueName\":\"search_term_string\"}}],\"inLanguage\":\"en-US\"},{\"@type\":\"Organization\",\"@id\":\"https:\/\/www.padreeustaquio.com.br\/#organization\",\"name\":\"Padre Eust\u00e1quio\",\"url\":\"https:\/\/www.padreeustaquio.com.br\/\",\"logo\":{\"@type\":\"ImageObject\",\"inLanguage\":\"en-US\",\"@id\":\"https:\/\/www.padreeustaquio.com.br\/#\/schema\/logo\/image\/\",\"url\":\"https:\/\/www.padreeustaquio.com.br\/wp-content\/uploads\/2019\/08\/marca.png\",\"contentUrl\":\"https:\/\/www.padreeustaquio.com.br\/wp-content\/uploads\/2019\/08\/marca.png\",\"width\":350,\"height\":400,\"caption\":\"Padre Eust\u00e1quio\"},\"image\":{\"@id\":\"https:\/\/www.padreeustaquio.com.br\/#\/schema\/logo\/image\/\"},\"sameAs\":[\"https:\/\/www.facebook.com\/beatopadreeustaquio\/\",\"https:\/\/x.com\/beatopeustaquio\",\"https:\/\/www.instagram.com\/beatopadreeustaquio\/\",\"https:\/\/www.youtube.com\/channel\/UCRhw7vfabnajwLxb1ZXMeIw\"]},{\"@type\":\"Person\",\"@id\":\"https:\/\/www.padreeustaquio.com.br\/#\/schema\/person\/a2a51db1d00f1a7af0204a0f1ddb1566\",\"name\":\"@sscc\",\"image\":{\"@type\":\"ImageObject\",\"inLanguage\":\"en-US\",\"@id\":\"https:\/\/secure.gravatar.com\/avatar\/68cfafa5f44617fea54071e215026e0ff06be366c3d54a8425f04fdcb86f8c5f?s=96&d=mm&r=g\",\"url\":\"https:\/\/secure.gravatar.com\/avatar\/68cfafa5f44617fea54071e215026e0ff06be366c3d54a8425f04fdcb86f8c5f?s=96&d=mm&r=g\",\"contentUrl\":\"https:\/\/secure.gravatar.com\/avatar\/68cfafa5f44617fea54071e215026e0ff06be366c3d54a8425f04fdcb86f8c5f?s=96&d=mm&r=g\",\"caption\":\"@sscc\"},\"url\":\"https:\/\/www.padreeustaquio.com.br\/en\/author\/sscc\/\"}]}<\/script>\n<!-- \/ Yoast SEO plugin. -->","yoast_head_json":{"title":"Bathrooms and a presbytery are being built at the Padre Eust\u00e1quio church in Esmeraldas, Minas Gerais.","description":"Currently, work is focused on the construction of the restrooms and the presbytery of the church, according to the project designed by the architect and designer, Jo\u00e3o Bosco. The community is mobilizing people to raise the necessary funds for the continuation of the works.","robots":{"index":"index","follow":"follow","max-snippet":"max-snippet:-1","max-image-preview":"max-image-preview:large","max-video-preview":"max-video-preview:-1"},"canonical":"https:\/\/www.padreeustaquio.com.br\/en\/bathrooms-and-a-presbytery-are-being-built-in-the-padre-eustaquio-church-in-esmeraldas-mg\/","og_locale":"en_US","og_type":"article","og_title":"Banheiros e presbit\u00e9rio s\u00e3o constru\u00eddos na igreja Padre Eust\u00e1quio de Esmeraldas-MG","og_description":"Atualmente, os trabalhos est\u00e3o focados na constru\u00e7\u00e3o dos banheiros e no presbit\u00e9rio da igreja, conforme o projeto realizado pelo arquiteto e projetista, Jo\u00e3o Bosco. A comunidade est\u00e1 mobilizando as pessoas para angariar os recursos necess\u00e1rios para a continua\u00e7\u00e3o das obras.","og_url":"https:\/\/www.padreeustaquio.com.br\/en\/bathrooms-and-a-presbytery-are-being-built-in-the-padre-eustaquio-church-in-esmeraldas-mg\/","og_site_name":"Padre Eust\u00e1quio","article_publisher":"https:\/\/www.facebook.com\/beatopadreeustaquio\/","article_published_time":"2024-04-03T10:10:59+00:00","article_modified_time":"2024-04-03T17:22:27+00:00","og_image":[{"width":568,"height":281,"url":"https:\/\/www.padreeustaquio.com.br\/wp-content\/uploads\/2024\/04\/obras-igreja-padre-eustaquio-esmeraldas.jpeg","type":"image\/jpeg"}],"author":"@sscc","twitter_card":"summary_large_image","twitter_creator":"@beatopeustaquio","twitter_site":"@beatopeustaquio","twitter_misc":{"Written by":"@sscc","Est. reading time":"2 minutes"},"schema":{"@context":"https:\/\/schema.org","@graph":[{"@type":"Article","@id":"https:\/\/www.padreeustaquio.com.br\/banheiros-e-presbiterio-sao-construidos-na-igreja-padre-eustaquio-de-esmeraldas-mg\/#article","isPartOf":{"@id":"https:\/\/www.padreeustaquio.com.br\/banheiros-e-presbiterio-sao-construidos-na-igreja-padre-eustaquio-de-esmeraldas-mg\/"},"author":{"name":"@sscc","@id":"https:\/\/www.padreeustaquio.com.br\/#\/schema\/person\/a2a51db1d00f1a7af0204a0f1ddb1566"},"headline":"Banheiros e presbit\u00e9rio s\u00e3o constru\u00eddos na igreja Padre Eust\u00e1quio de Esmeraldas-MG","datePublished":"2024-04-03T10:10:59+00:00","dateModified":"2024-04-03T17:22:27+00:00","mainEntityOfPage":{"@id":"https:\/\/www.padreeustaquio.com.br\/banheiros-e-presbiterio-sao-construidos-na-igreja-padre-eustaquio-de-esmeraldas-mg\/"},"wordCount":165,"commentCount":0,"publisher":{"@id":"https:\/\/www.padreeustaquio.com.br\/#organization"},"image":{"@id":"https:\/\/www.padreeustaquio.com.br\/banheiros-e-presbiterio-sao-construidos-na-igreja-padre-eustaquio-de-esmeraldas-mg\/#primaryimage"},"thumbnailUrl":"https:\/\/www.padreeustaquio.com.br\/wp-content\/uploads\/2024\/04\/obras-igreja-padre-eustaquio-esmeraldas.jpeg","articleSection":["Not\u00edcias"],"inLanguage":"en-US","potentialAction":[{"@type":"CommentAction","name":"Comment","target":["https:\/\/www.padreeustaquio.com.br\/banheiros-e-presbiterio-sao-construidos-na-igreja-padre-eustaquio-de-esmeraldas-mg\/#respond"]}]},{"@type":"WebPage","@id":"https:\/\/www.padreeustaquio.com.br\/banheiros-e-presbiterio-sao-construidos-na-igreja-padre-eustaquio-de-esmeraldas-mg\/","url":"https:\/\/www.padreeustaquio.com.br\/banheiros-e-presbiterio-sao-construidos-na-igreja-padre-eustaquio-de-esmeraldas-mg\/","name":"Bathrooms and a presbytery are being built at the Padre Eust\u00e1quio church in Esmeraldas, Minas Gerais.","isPartOf":{"@id":"https:\/\/www.padreeustaquio.com.br\/#website"},"primaryImageOfPage":{"@id":"https:\/\/www.padreeustaquio.com.br\/banheiros-e-presbiterio-sao-construidos-na-igreja-padre-eustaquio-de-esmeraldas-mg\/#primaryimage"},"image":{"@id":"https:\/\/www.padreeustaquio.com.br\/banheiros-e-presbiterio-sao-construidos-na-igreja-padre-eustaquio-de-esmeraldas-mg\/#primaryimage"},"thumbnailUrl":"https:\/\/www.padreeustaquio.com.br\/wp-content\/uploads\/2024\/04\/obras-igreja-padre-eustaquio-esmeraldas.jpeg","datePublished":"2024-04-03T10:10:59+00:00","dateModified":"2024-04-03T17:22:27+00:00","description":"Currently, work is focused on the construction of the restrooms and the presbytery of the church, according to the project designed by the architect and designer, Jo\u00e3o Bosco. The community is mobilizing people to raise the necessary funds for the continuation of the works.","breadcrumb":{"@id":"https:\/\/www.padreeustaquio.com.br\/banheiros-e-presbiterio-sao-construidos-na-igreja-padre-eustaquio-de-esmeraldas-mg\/#breadcrumb"},"inLanguage":"en-US","potentialAction":[{"@type":"ReadAction","target":["https:\/\/www.padreeustaquio.com.br\/banheiros-e-presbiterio-sao-construidos-na-igreja-padre-eustaquio-de-esmeraldas-mg\/"]}]},{"@type":"ImageObject","inLanguage":"en-US","@id":"https:\/\/www.padreeustaquio.com.br\/banheiros-e-presbiterio-sao-construidos-na-igreja-padre-eustaquio-de-esmeraldas-mg\/#primaryimage","url":"https:\/\/www.padreeustaquio.com.br\/wp-content\/uploads\/2024\/04\/obras-igreja-padre-eustaquio-esmeraldas.jpeg","contentUrl":"https:\/\/www.padreeustaquio.com.br\/wp-content\/uploads\/2024\/04\/obras-igreja-padre-eustaquio-esmeraldas.jpeg","width":568,"height":281},{"@type":"BreadcrumbList","@id":"https:\/\/www.padreeustaquio.com.br\/banheiros-e-presbiterio-sao-construidos-na-igreja-padre-eustaquio-de-esmeraldas-mg\/#breadcrumb","itemListElement":[{"@type":"ListItem","position":1,"name":"In\u00edcio","item":"https:\/\/www.padreeustaquio.com.br\/"},{"@type":"ListItem","position":2,"name":"Banheiros e presbit\u00e9rio s\u00e3o constru\u00eddos na igreja Padre Eust\u00e1quio de Esmeraldas-MG"}]},{"@type":"WebSite","@id":"https:\/\/www.padreeustaquio.com.br\/#website","url":"https:\/\/www.padreeustaquio.com.br\/","name":"FATHER EUST\u00c1QUIO","description":"Health and Peace","publisher":{"@id":"https:\/\/www.padreeustaquio.com.br\/#organization"},"potentialAction":[{"@type":"SearchAction","target":{"@type":"EntryPoint","urlTemplate":"https:\/\/www.padreeustaquio.com.br\/?s={search_term_string}"},"query-input":{"@type":"PropertyValueSpecification","valueRequired":true,"valueName":"search_term_string"}}],"inLanguage":"en-US"},{"@type":"Organization","@id":"https:\/\/www.padreeustaquio.com.br\/#organization","name":"FATHER EUST\u00c1QUIO","url":"https:\/\/www.padreeustaquio.com.br\/","logo":{"@type":"ImageObject","inLanguage":"en-US","@id":"https:\/\/www.padreeustaquio.com.br\/#\/schema\/logo\/image\/","url":"https:\/\/www.padreeustaquio.com.br\/wp-content\/uploads\/2019\/08\/marca.png","contentUrl":"https:\/\/www.padreeustaquio.com.br\/wp-content\/uploads\/2019\/08\/marca.png","width":350,"height":400,"caption":"Padre Eust\u00e1quio"},"image":{"@id":"https:\/\/www.padreeustaquio.com.br\/#\/schema\/logo\/image\/"},"sameAs":["https:\/\/www.facebook.com\/beatopadreeustaquio\/","https:\/\/x.com\/beatopeustaquio","https:\/\/www.instagram.com\/beatopadreeustaquio\/","https:\/\/www.youtube.com\/channel\/UCRhw7vfabnajwLxb1ZXMeIw"]},{"@type":"Person","@id":"https:\/\/www.padreeustaquio.com.br\/#\/schema\/person\/a2a51db1d00f1a7af0204a0f1ddb1566","name":"@sscc","image":{"@type":"ImageObject","inLanguage":"en-US","@id":"https:\/\/secure.gravatar.com\/avatar\/68cfafa5f44617fea54071e215026e0ff06be366c3d54a8425f04fdcb86f8c5f?s=96&d=mm&r=g","url":"https:\/\/secure.gravatar.com\/avatar\/68cfafa5f44617fea54071e215026e0ff06be366c3d54a8425f04fdcb86f8c5f?s=96&d=mm&r=g","contentUrl":"https:\/\/secure.gravatar.com\/avatar\/68cfafa5f44617fea54071e215026e0ff06be366c3d54a8425f04fdcb86f8c5f?s=96&d=mm&r=g","caption":"@sscc"},"url":"https:\/\/www.padreeustaquio.com.br\/en\/author\/sscc\/"}]}},"_links":{"self":[{"href":"https:\/\/www.padreeustaquio.com.br\/en\/wp-json\/wp\/v2\/posts\/11177","targetHints":{"allow":["GET"]}}],"collection":[{"href":"https:\/\/www.padreeustaquio.com.br\/en\/wp-json\/wp\/v2\/posts"}],"about":[{"href":"https:\/\/www.padreeustaquio.com.br\/en\/wp-json\/wp\/v2\/types\/post"}],"author":[{"embeddable":true,"href":"https:\/\/www.padreeustaquio.com.br\/en\/wp-json\/wp\/v2\/users\/2"}],"replies":[{"embeddable":true,"href":"https:\/\/www.padreeustaquio.com.br\/en\/wp-json\/wp\/v2\/comments?post=11177"}],"version-history":[{"count":0,"href":"https:\/\/www.padreeustaquio.com.br\/en\/wp-json\/wp\/v2\/posts\/11177\/revisions"}],"wp:featuredmedia":[{"embeddable":true,"href":"https:\/\/www.padreeustaquio.com.br\/en\/wp-json\/wp\/v2\/media\/11178"}],"wp:attachment":[{"href":"https:\/\/www.padreeustaquio.com.br\/en\/wp-json\/wp\/v2\/media?parent=11177"}],"wp:term":[{"taxonomy":"category","embeddable":true,"href":"https:\/\/www.padreeustaquio.com.br\/en\/wp-json\/wp\/v2\/categories?post=11177"},{"taxonomy":"post_tag","embeddable":true,"href":"https:\/\/www.padreeustaquio.com.br\/en\/wp-json\/wp\/v2\/tags?post=11177"}],"curies":[{"name":"wp","href":"https:\/\/api.w.org\/{rel}","templated":true}]}}