{"id":11165,"date":"2024-03-29T06:04:18","date_gmt":"2024-03-29T09:04:18","guid":{"rendered":"https:\/\/www.padreeustaquio.com.br\/?p=11165"},"modified":"2024-03-29T11:39:13","modified_gmt":"2024-03-29T14:39:13","slug":"a-word-from-father-eustace-let-us-meditate-on-the-sufferings-of-jesus","status":"publish","type":"post","link":"https:\/\/www.padreeustaquio.com.br\/en\/a-word-from-father-eustace-let-us-meditate-on-the-sufferings-of-jesus\/","title":{"rendered":"A word from Father Eust\u00e1quio: Let us meditate on the sufferings of Jesus."},"content":{"rendered":"<p>We are living through the most important week of the Catholic Church, Holy Week. A time for prayer and intimacy with Jesus. A text written by Blessed Father Eustace in 1943 offers a beautiful reflection on this period we are experiencing.<\/p>\n<p><em><span style=\"font-size: 1.21429rem;\">\u201c&quot;The world is going through a time of bloodshed, a time of tears. Children weep for their parents and parents weep for their children. How much pain, how much suffering in the hearts of men!&quot;<\/span><\/em><\/p>\n<p>And what remedies are there for these pains? Will worldly pleasures be able to provide the missing solace? Will entertainment\u2014cinema, dances, concerts\u2014be able to alleviate them? They only make us forget for a moment, but console us? No! A thousand times no! There is no balm in this world that can soothe us, that can take away the pain of our soul, even for a single moment.<\/p>\n<p><em>But let us not despair! There is a very capable source of abundant balm that not only alleviates our sorrows but transforms them into joys. This source is our religion, and in particular, meditation on the passion and death of Our Lord.<\/em><\/p>\n<p><em>Have you never tasted how sweet it is to meditate on the Passion of the Lord? Do you know what it means to mingle your tears with the tears of Jesus? Let us unite our sorrows with those of Jesus! Let us compare our sorrows with his! In the time of our suffering, we should imagine Jesus hanging on the cross, exclaiming: &quot;O you who pass by here, look and see if there is any sorrow like my sorrow!&quot;<\/em><\/p>\n<p><em>Meditating on the sufferings of Jesus not only alleviates our own, but removes them and replaces them with joy. In this time of Passion, let us frequent the Holy Sacraments more often and more frequently. Above all, let us draw closer to the table of communion, for the presence of Jesus cleanses our hearts of all faults.<\/em><\/p>\n<p><em>What better explains the reason for suffering in the world than the very passion and death of our Lord? He wanted to be like us, to whom Divine Providence sends suffering for our own good.<\/em><\/p>\n<p><em>Let us convert to God with all our hearts, the Church prays so many times in the breviary. May the true King, Christ Jesus, reign in your hearts, reign in your families! Renounce the wickedness of our times, which have so provoked God&#039;s wrath!<\/em><\/p>\n<p><em>Far be it from us to have a worldly spirit, and &quot;Today, when you hear the voice of God, do not harden your hearts.&quot;.<\/em><\/p>\n<p><strong>Excerpts taken from the &quot;Bulletin of the Sacred Hearts Parish,&quot; published on April 7, 1946.<\/strong><\/p>","protected":false},"excerpt":{"rendered":"<p>Estamos vivendo a Semana Maior da Igreja Cat\u00f3lica, a Semana Santa. Momento de ora\u00e7\u00e3o e intimidade com Jesus. Um texto escrito pelo Beato Padre Eust\u00e1quio em 1943, traz uma bel\u00edssima reflex\u00e3o sobre este per\u00edodo que estamos vivendo. \u201cO mundo est\u00e1 passando por uma \u00e9poca de sangue, uma \u00e9poca de l\u00e1grimas. Filhos choram os pais e pais choram os filhos. Quantas dores, quantos sofrimentos nos cora\u00e7\u00f5es dos homens! E os rem\u00e9dios para estas dores? Ser\u00e3o os prazeres mundanos capazes de fornecer o consolo que falta? Ser\u00e3o os divertimentos: cinema, bailes, concertos, capazes de aliviar-nos? Apenas, fazem-nos esquecer, por um momento, mas, [&hellip;]<\/p>\n","protected":false},"author":2,"featured_media":10210,"comment_status":"open","ping_status":"closed","sticky":false,"template":"","format":"standard","meta":{"_acf_changed":false,"footnotes":""},"categories":[611],"tags":[],"class_list":["post-11165","post","type-post","status-publish","format-standard","has-post-thumbnail","hentry","category-noticias"],"acf":[],"yoast_head":"<!-- This site is optimized with the Yoast SEO plugin v27.2 - https:\/\/yoast.com\/product\/yoast-seo-wordpress\/ -->\n<title>Palavra do Padre Eust\u00e1quio: Meditemos as dores de Jesus<\/title>\n<meta name=\"description\" content=\"Estamos vivendo a Semana Maior da Igreja Cat\u00f3lica, a Semana Santa. Momento de ora\u00e7\u00e3o e intimidade com Jesus. Um texto escrito pelo Beato Padre Eust\u00e1quio em 1943, traz uma bel\u00edssima reflex\u00e3o sobre este per\u00edodo que estamos vivendo.\" \/>\n<meta name=\"robots\" content=\"index, follow, max-snippet:-1, max-image-preview:large, max-video-preview:-1\" \/>\n<link rel=\"canonical\" href=\"https:\/\/www.padreeustaquio.com.br\/en\/a-word-from-father-eustace-let-us-meditate-on-the-sufferings-of-jesus\/\" \/>\n<meta property=\"og:locale\" content=\"en_US\" \/>\n<meta property=\"og:type\" content=\"article\" \/>\n<meta property=\"og:title\" content=\"Palavra do Padre Eust\u00e1quio: Meditemos as dores de Jesus\" \/>\n<meta property=\"og:description\" content=\"Estamos vivendo a Semana Maior da Igreja Cat\u00f3lica, a Semana Santa. Momento de ora\u00e7\u00e3o e intimidade com Jesus. Um texto escrito pelo Beato Padre Eust\u00e1quio em 1943, traz uma bel\u00edssima reflex\u00e3o sobre este per\u00edodo que estamos vivendo.\" \/>\n<meta property=\"og:url\" content=\"https:\/\/www.padreeustaquio.com.br\/en\/a-word-from-father-eustace-let-us-meditate-on-the-sufferings-of-jesus\/\" \/>\n<meta property=\"og:site_name\" content=\"Padre Eust\u00e1quio\" \/>\n<meta property=\"article:publisher\" content=\"https:\/\/www.facebook.com\/beatopadreeustaquio\/\" \/>\n<meta property=\"article:published_time\" content=\"2024-03-29T09:04:18+00:00\" \/>\n<meta property=\"article:modified_time\" content=\"2024-03-29T14:39:13+00:00\" \/>\n<meta property=\"og:image\" content=\"https:\/\/www.padreeustaquio.com.br\/wp-content\/uploads\/2023\/04\/foto-eustaquio-e1711723146192.jpg\" \/>\n\t<meta property=\"og:image:width\" content=\"640\" \/>\n\t<meta property=\"og:image:height\" content=\"397\" \/>\n\t<meta property=\"og:image:type\" content=\"image\/jpeg\" \/>\n<meta name=\"author\" content=\"@sscc\" \/>\n<meta name=\"twitter:card\" content=\"summary_large_image\" \/>\n<meta name=\"twitter:creator\" content=\"@beatopeustaquio\" \/>\n<meta name=\"twitter:site\" content=\"@beatopeustaquio\" \/>\n<meta name=\"twitter:label1\" content=\"Written by\" \/>\n\t<meta name=\"twitter:data1\" content=\"@sscc\" \/>\n\t<meta name=\"twitter:label2\" content=\"Est. reading time\" \/>\n\t<meta name=\"twitter:data2\" content=\"3 minutes\" \/>\n<script type=\"application\/ld+json\" class=\"yoast-schema-graph\">{\"@context\":\"https:\/\/schema.org\",\"@graph\":[{\"@type\":\"Article\",\"@id\":\"https:\/\/www.padreeustaquio.com.br\/palavra-do-padre-eustaquio-meditemos-as-dores-de-jesus\/#article\",\"isPartOf\":{\"@id\":\"https:\/\/www.padreeustaquio.com.br\/palavra-do-padre-eustaquio-meditemos-as-dores-de-jesus\/\"},\"author\":{\"name\":\"@sscc\",\"@id\":\"https:\/\/www.padreeustaquio.com.br\/#\/schema\/person\/a2a51db1d00f1a7af0204a0f1ddb1566\"},\"headline\":\"Palavra do Padre Eust\u00e1quio: Meditemos as dores de Jesus\",\"datePublished\":\"2024-03-29T09:04:18+00:00\",\"dateModified\":\"2024-03-29T14:39:13+00:00\",\"mainEntityOfPage\":{\"@id\":\"https:\/\/www.padreeustaquio.com.br\/palavra-do-padre-eustaquio-meditemos-as-dores-de-jesus\/\"},\"wordCount\":447,\"commentCount\":0,\"publisher\":{\"@id\":\"https:\/\/www.padreeustaquio.com.br\/#organization\"},\"image\":{\"@id\":\"https:\/\/www.padreeustaquio.com.br\/palavra-do-padre-eustaquio-meditemos-as-dores-de-jesus\/#primaryimage\"},\"thumbnailUrl\":\"https:\/\/www.padreeustaquio.com.br\/wp-content\/uploads\/2023\/04\/foto-eustaquio-e1711723146192.jpg\",\"articleSection\":[\"Not\u00edcias\"],\"inLanguage\":\"en-US\",\"potentialAction\":[{\"@type\":\"CommentAction\",\"name\":\"Comment\",\"target\":[\"https:\/\/www.padreeustaquio.com.br\/palavra-do-padre-eustaquio-meditemos-as-dores-de-jesus\/#respond\"]}]},{\"@type\":\"WebPage\",\"@id\":\"https:\/\/www.padreeustaquio.com.br\/palavra-do-padre-eustaquio-meditemos-as-dores-de-jesus\/\",\"url\":\"https:\/\/www.padreeustaquio.com.br\/palavra-do-padre-eustaquio-meditemos-as-dores-de-jesus\/\",\"name\":\"Palavra do Padre Eust\u00e1quio: Meditemos as dores de Jesus\",\"isPartOf\":{\"@id\":\"https:\/\/www.padreeustaquio.com.br\/#website\"},\"primaryImageOfPage\":{\"@id\":\"https:\/\/www.padreeustaquio.com.br\/palavra-do-padre-eustaquio-meditemos-as-dores-de-jesus\/#primaryimage\"},\"image\":{\"@id\":\"https:\/\/www.padreeustaquio.com.br\/palavra-do-padre-eustaquio-meditemos-as-dores-de-jesus\/#primaryimage\"},\"thumbnailUrl\":\"https:\/\/www.padreeustaquio.com.br\/wp-content\/uploads\/2023\/04\/foto-eustaquio-e1711723146192.jpg\",\"datePublished\":\"2024-03-29T09:04:18+00:00\",\"dateModified\":\"2024-03-29T14:39:13+00:00\",\"description\":\"Estamos vivendo a Semana Maior da Igreja Cat\u00f3lica, a Semana Santa. Momento de ora\u00e7\u00e3o e intimidade com Jesus. Um texto escrito pelo Beato Padre Eust\u00e1quio em 1943, traz uma bel\u00edssima reflex\u00e3o sobre este per\u00edodo que estamos vivendo.\",\"breadcrumb\":{\"@id\":\"https:\/\/www.padreeustaquio.com.br\/palavra-do-padre-eustaquio-meditemos-as-dores-de-jesus\/#breadcrumb\"},\"inLanguage\":\"en-US\",\"potentialAction\":[{\"@type\":\"ReadAction\",\"target\":[\"https:\/\/www.padreeustaquio.com.br\/palavra-do-padre-eustaquio-meditemos-as-dores-de-jesus\/\"]}]},{\"@type\":\"ImageObject\",\"inLanguage\":\"en-US\",\"@id\":\"https:\/\/www.padreeustaquio.com.br\/palavra-do-padre-eustaquio-meditemos-as-dores-de-jesus\/#primaryimage\",\"url\":\"https:\/\/www.padreeustaquio.com.br\/wp-content\/uploads\/2023\/04\/foto-eustaquio-e1711723146192.jpg\",\"contentUrl\":\"https:\/\/www.padreeustaquio.com.br\/wp-content\/uploads\/2023\/04\/foto-eustaquio-e1711723146192.jpg\",\"width\":640,\"height\":397},{\"@type\":\"BreadcrumbList\",\"@id\":\"https:\/\/www.padreeustaquio.com.br\/palavra-do-padre-eustaquio-meditemos-as-dores-de-jesus\/#breadcrumb\",\"itemListElement\":[{\"@type\":\"ListItem\",\"position\":1,\"name\":\"In\u00edcio\",\"item\":\"https:\/\/www.padreeustaquio.com.br\/\"},{\"@type\":\"ListItem\",\"position\":2,\"name\":\"Palavra do Padre Eust\u00e1quio: Meditemos as dores de Jesus\"}]},{\"@type\":\"WebSite\",\"@id\":\"https:\/\/www.padreeustaquio.com.br\/#website\",\"url\":\"https:\/\/www.padreeustaquio.com.br\/\",\"name\":\"Padre Eust\u00e1quio\",\"description\":\"Sa\u00fade e Paz\",\"publisher\":{\"@id\":\"https:\/\/www.padreeustaquio.com.br\/#organization\"},\"potentialAction\":[{\"@type\":\"SearchAction\",\"target\":{\"@type\":\"EntryPoint\",\"urlTemplate\":\"https:\/\/www.padreeustaquio.com.br\/?s={search_term_string}\"},\"query-input\":{\"@type\":\"PropertyValueSpecification\",\"valueRequired\":true,\"valueName\":\"search_term_string\"}}],\"inLanguage\":\"en-US\"},{\"@type\":\"Organization\",\"@id\":\"https:\/\/www.padreeustaquio.com.br\/#organization\",\"name\":\"Padre Eust\u00e1quio\",\"url\":\"https:\/\/www.padreeustaquio.com.br\/\",\"logo\":{\"@type\":\"ImageObject\",\"inLanguage\":\"en-US\",\"@id\":\"https:\/\/www.padreeustaquio.com.br\/#\/schema\/logo\/image\/\",\"url\":\"https:\/\/www.padreeustaquio.com.br\/wp-content\/uploads\/2019\/08\/marca.png\",\"contentUrl\":\"https:\/\/www.padreeustaquio.com.br\/wp-content\/uploads\/2019\/08\/marca.png\",\"width\":350,\"height\":400,\"caption\":\"Padre Eust\u00e1quio\"},\"image\":{\"@id\":\"https:\/\/www.padreeustaquio.com.br\/#\/schema\/logo\/image\/\"},\"sameAs\":[\"https:\/\/www.facebook.com\/beatopadreeustaquio\/\",\"https:\/\/x.com\/beatopeustaquio\",\"https:\/\/www.instagram.com\/beatopadreeustaquio\/\",\"https:\/\/www.youtube.com\/channel\/UCRhw7vfabnajwLxb1ZXMeIw\"]},{\"@type\":\"Person\",\"@id\":\"https:\/\/www.padreeustaquio.com.br\/#\/schema\/person\/a2a51db1d00f1a7af0204a0f1ddb1566\",\"name\":\"@sscc\",\"image\":{\"@type\":\"ImageObject\",\"inLanguage\":\"en-US\",\"@id\":\"https:\/\/secure.gravatar.com\/avatar\/68cfafa5f44617fea54071e215026e0ff06be366c3d54a8425f04fdcb86f8c5f?s=96&d=mm&r=g\",\"url\":\"https:\/\/secure.gravatar.com\/avatar\/68cfafa5f44617fea54071e215026e0ff06be366c3d54a8425f04fdcb86f8c5f?s=96&d=mm&r=g\",\"contentUrl\":\"https:\/\/secure.gravatar.com\/avatar\/68cfafa5f44617fea54071e215026e0ff06be366c3d54a8425f04fdcb86f8c5f?s=96&d=mm&r=g\",\"caption\":\"@sscc\"},\"url\":\"https:\/\/www.padreeustaquio.com.br\/en\/author\/sscc\/\"}]}<\/script>\n<!-- \/ Yoast SEO plugin. -->","yoast_head_json":{"title":"A word from Father Eust\u00e1quio: Let us meditate on the sufferings of Jesus.","description":"We are living through the most important week of the Catholic Church, Holy Week. A time for prayer and intimacy with Jesus. A text written by Blessed Father Eustace in 1943 offers a beautiful reflection on this period we are experiencing.","robots":{"index":"index","follow":"follow","max-snippet":"max-snippet:-1","max-image-preview":"max-image-preview:large","max-video-preview":"max-video-preview:-1"},"canonical":"https:\/\/www.padreeustaquio.com.br\/en\/a-word-from-father-eustace-let-us-meditate-on-the-sufferings-of-jesus\/","og_locale":"en_US","og_type":"article","og_title":"Palavra do Padre Eust\u00e1quio: Meditemos as dores de Jesus","og_description":"Estamos vivendo a Semana Maior da Igreja Cat\u00f3lica, a Semana Santa. Momento de ora\u00e7\u00e3o e intimidade com Jesus. Um texto escrito pelo Beato Padre Eust\u00e1quio em 1943, traz uma bel\u00edssima reflex\u00e3o sobre este per\u00edodo que estamos vivendo.","og_url":"https:\/\/www.padreeustaquio.com.br\/en\/a-word-from-father-eustace-let-us-meditate-on-the-sufferings-of-jesus\/","og_site_name":"Padre Eust\u00e1quio","article_publisher":"https:\/\/www.facebook.com\/beatopadreeustaquio\/","article_published_time":"2024-03-29T09:04:18+00:00","article_modified_time":"2024-03-29T14:39:13+00:00","og_image":[{"width":640,"height":397,"url":"https:\/\/www.padreeustaquio.com.br\/wp-content\/uploads\/2023\/04\/foto-eustaquio-e1711723146192.jpg","type":"image\/jpeg"}],"author":"@sscc","twitter_card":"summary_large_image","twitter_creator":"@beatopeustaquio","twitter_site":"@beatopeustaquio","twitter_misc":{"Written by":"@sscc","Est. reading time":"3 minutes"},"schema":{"@context":"https:\/\/schema.org","@graph":[{"@type":"Article","@id":"https:\/\/www.padreeustaquio.com.br\/palavra-do-padre-eustaquio-meditemos-as-dores-de-jesus\/#article","isPartOf":{"@id":"https:\/\/www.padreeustaquio.com.br\/palavra-do-padre-eustaquio-meditemos-as-dores-de-jesus\/"},"author":{"name":"@sscc","@id":"https:\/\/www.padreeustaquio.com.br\/#\/schema\/person\/a2a51db1d00f1a7af0204a0f1ddb1566"},"headline":"Palavra do Padre Eust\u00e1quio: Meditemos as dores de Jesus","datePublished":"2024-03-29T09:04:18+00:00","dateModified":"2024-03-29T14:39:13+00:00","mainEntityOfPage":{"@id":"https:\/\/www.padreeustaquio.com.br\/palavra-do-padre-eustaquio-meditemos-as-dores-de-jesus\/"},"wordCount":447,"commentCount":0,"publisher":{"@id":"https:\/\/www.padreeustaquio.com.br\/#organization"},"image":{"@id":"https:\/\/www.padreeustaquio.com.br\/palavra-do-padre-eustaquio-meditemos-as-dores-de-jesus\/#primaryimage"},"thumbnailUrl":"https:\/\/www.padreeustaquio.com.br\/wp-content\/uploads\/2023\/04\/foto-eustaquio-e1711723146192.jpg","articleSection":["Not\u00edcias"],"inLanguage":"en-US","potentialAction":[{"@type":"CommentAction","name":"Comment","target":["https:\/\/www.padreeustaquio.com.br\/palavra-do-padre-eustaquio-meditemos-as-dores-de-jesus\/#respond"]}]},{"@type":"WebPage","@id":"https:\/\/www.padreeustaquio.com.br\/palavra-do-padre-eustaquio-meditemos-as-dores-de-jesus\/","url":"https:\/\/www.padreeustaquio.com.br\/palavra-do-padre-eustaquio-meditemos-as-dores-de-jesus\/","name":"A word from Father Eust\u00e1quio: Let us meditate on the sufferings of Jesus.","isPartOf":{"@id":"https:\/\/www.padreeustaquio.com.br\/#website"},"primaryImageOfPage":{"@id":"https:\/\/www.padreeustaquio.com.br\/palavra-do-padre-eustaquio-meditemos-as-dores-de-jesus\/#primaryimage"},"image":{"@id":"https:\/\/www.padreeustaquio.com.br\/palavra-do-padre-eustaquio-meditemos-as-dores-de-jesus\/#primaryimage"},"thumbnailUrl":"https:\/\/www.padreeustaquio.com.br\/wp-content\/uploads\/2023\/04\/foto-eustaquio-e1711723146192.jpg","datePublished":"2024-03-29T09:04:18+00:00","dateModified":"2024-03-29T14:39:13+00:00","description":"We are living through the most important week of the Catholic Church, Holy Week. A time for prayer and intimacy with Jesus. A text written by Blessed Father Eustace in 1943 offers a beautiful reflection on this period we are experiencing.","breadcrumb":{"@id":"https:\/\/www.padreeustaquio.com.br\/palavra-do-padre-eustaquio-meditemos-as-dores-de-jesus\/#breadcrumb"},"inLanguage":"en-US","potentialAction":[{"@type":"ReadAction","target":["https:\/\/www.padreeustaquio.com.br\/palavra-do-padre-eustaquio-meditemos-as-dores-de-jesus\/"]}]},{"@type":"ImageObject","inLanguage":"en-US","@id":"https:\/\/www.padreeustaquio.com.br\/palavra-do-padre-eustaquio-meditemos-as-dores-de-jesus\/#primaryimage","url":"https:\/\/www.padreeustaquio.com.br\/wp-content\/uploads\/2023\/04\/foto-eustaquio-e1711723146192.jpg","contentUrl":"https:\/\/www.padreeustaquio.com.br\/wp-content\/uploads\/2023\/04\/foto-eustaquio-e1711723146192.jpg","width":640,"height":397},{"@type":"BreadcrumbList","@id":"https:\/\/www.padreeustaquio.com.br\/palavra-do-padre-eustaquio-meditemos-as-dores-de-jesus\/#breadcrumb","itemListElement":[{"@type":"ListItem","position":1,"name":"In\u00edcio","item":"https:\/\/www.padreeustaquio.com.br\/"},{"@type":"ListItem","position":2,"name":"Palavra do Padre Eust\u00e1quio: Meditemos as dores de Jesus"}]},{"@type":"WebSite","@id":"https:\/\/www.padreeustaquio.com.br\/#website","url":"https:\/\/www.padreeustaquio.com.br\/","name":"FATHER EUST\u00c1QUIO","description":"Health and Peace","publisher":{"@id":"https:\/\/www.padreeustaquio.com.br\/#organization"},"potentialAction":[{"@type":"SearchAction","target":{"@type":"EntryPoint","urlTemplate":"https:\/\/www.padreeustaquio.com.br\/?s={search_term_string}"},"query-input":{"@type":"PropertyValueSpecification","valueRequired":true,"valueName":"search_term_string"}}],"inLanguage":"en-US"},{"@type":"Organization","@id":"https:\/\/www.padreeustaquio.com.br\/#organization","name":"FATHER EUST\u00c1QUIO","url":"https:\/\/www.padreeustaquio.com.br\/","logo":{"@type":"ImageObject","inLanguage":"en-US","@id":"https:\/\/www.padreeustaquio.com.br\/#\/schema\/logo\/image\/","url":"https:\/\/www.padreeustaquio.com.br\/wp-content\/uploads\/2019\/08\/marca.png","contentUrl":"https:\/\/www.padreeustaquio.com.br\/wp-content\/uploads\/2019\/08\/marca.png","width":350,"height":400,"caption":"Padre Eust\u00e1quio"},"image":{"@id":"https:\/\/www.padreeustaquio.com.br\/#\/schema\/logo\/image\/"},"sameAs":["https:\/\/www.facebook.com\/beatopadreeustaquio\/","https:\/\/x.com\/beatopeustaquio","https:\/\/www.instagram.com\/beatopadreeustaquio\/","https:\/\/www.youtube.com\/channel\/UCRhw7vfabnajwLxb1ZXMeIw"]},{"@type":"Person","@id":"https:\/\/www.padreeustaquio.com.br\/#\/schema\/person\/a2a51db1d00f1a7af0204a0f1ddb1566","name":"@sscc","image":{"@type":"ImageObject","inLanguage":"en-US","@id":"https:\/\/secure.gravatar.com\/avatar\/68cfafa5f44617fea54071e215026e0ff06be366c3d54a8425f04fdcb86f8c5f?s=96&d=mm&r=g","url":"https:\/\/secure.gravatar.com\/avatar\/68cfafa5f44617fea54071e215026e0ff06be366c3d54a8425f04fdcb86f8c5f?s=96&d=mm&r=g","contentUrl":"https:\/\/secure.gravatar.com\/avatar\/68cfafa5f44617fea54071e215026e0ff06be366c3d54a8425f04fdcb86f8c5f?s=96&d=mm&r=g","caption":"@sscc"},"url":"https:\/\/www.padreeustaquio.com.br\/en\/author\/sscc\/"}]}},"_links":{"self":[{"href":"https:\/\/www.padreeustaquio.com.br\/en\/wp-json\/wp\/v2\/posts\/11165","targetHints":{"allow":["GET"]}}],"collection":[{"href":"https:\/\/www.padreeustaquio.com.br\/en\/wp-json\/wp\/v2\/posts"}],"about":[{"href":"https:\/\/www.padreeustaquio.com.br\/en\/wp-json\/wp\/v2\/types\/post"}],"author":[{"embeddable":true,"href":"https:\/\/www.padreeustaquio.com.br\/en\/wp-json\/wp\/v2\/users\/2"}],"replies":[{"embeddable":true,"href":"https:\/\/www.padreeustaquio.com.br\/en\/wp-json\/wp\/v2\/comments?post=11165"}],"version-history":[{"count":0,"href":"https:\/\/www.padreeustaquio.com.br\/en\/wp-json\/wp\/v2\/posts\/11165\/revisions"}],"wp:featuredmedia":[{"embeddable":true,"href":"https:\/\/www.padreeustaquio.com.br\/en\/wp-json\/wp\/v2\/media\/10210"}],"wp:attachment":[{"href":"https:\/\/www.padreeustaquio.com.br\/en\/wp-json\/wp\/v2\/media?parent=11165"}],"wp:term":[{"taxonomy":"category","embeddable":true,"href":"https:\/\/www.padreeustaquio.com.br\/en\/wp-json\/wp\/v2\/categories?post=11165"},{"taxonomy":"post_tag","embeddable":true,"href":"https:\/\/www.padreeustaquio.com.br\/en\/wp-json\/wp\/v2\/tags?post=11165"}],"curies":[{"name":"wp","href":"https:\/\/api.w.org\/{rel}","templated":true}]}}