{"id":11162,"date":"2024-03-27T09:02:14","date_gmt":"2024-03-27T12:02:14","guid":{"rendered":"https:\/\/www.padreeustaquio.com.br\/?p=11162"},"modified":"2024-03-27T09:19:38","modified_gmt":"2024-03-27T12:19:38","slug":"the-traditional-passion-play-will-be-performed-by-young-people-this-friday","status":"publish","type":"post","link":"https:\/\/www.padreeustaquio.com.br\/en\/the-traditional-passion-play-will-be-performed-by-young-people-this-friday\/","title":{"rendered":"TRADITION \u2013 The Passion Play will be performed by young people this Friday."},"content":{"rendered":"<p>On the day the Church celebrates the Passion and Death of Our Lord Jesus Christ, the young people of the Church of Blessed Father Eust\u00e1quio in Belo Horizonte come together to enact and experience the Stations of the Cross. The Passion Play, as it is known, has been performed for several years and attracts the attention of thousands of faithful.<\/p>\n<p>Although spearheaded by the youth of the EJC (Youth Encounter with Christ) and Confirmation classes, the Passion of Christ reenactment unites the entire community, counting on the participation and collaboration of other members of the Sacred Hearts Parish in Belo Horizonte. Typically, nearly 100 people are directly involved in the creation, production, staging, and broadcasting of the theatrical piece.<\/p>\n<p>The scenes are performed inside the Sanctuary for a large crowd. Last year, approximately 1,200 people attended the theatrical performance in the church, and thousands more were able to watch it via the Padre Eust\u00e1quio Channel. This year, expectations are no different; in addition to a full church, the YouTube channel anticipates viewership and participation from many spectators.<\/p>\n<p>The volunteer actors, who are not professionals in the field, give a masterful performance. At various moments, it&#039;s possible to feel the emotion of those watching closely.<\/p>\n<p>This year, the Theater will present 18 scenes, from Jesus&#039; childhood to his crucifixion and death. Everything will be broadcast live on the Padre Eust\u00e1quio Channel., <a href=\"https:\/\/youtube.com\/live\/q_AEnHLHSdo?feature=share\">CLICK HERE<\/a> And send the link to your friends and family so they can follow along too.<\/p>\n<p>Live this week intensely and prepare well for Christ&#039;s Easter.<\/p>","protected":false},"excerpt":{"rendered":"<p>No dia em que a Igreja celebra a Paix\u00e3o e Morte de Nosso Senhor Jesus Cristo, os jovens da Igreja do Beato Padre Eust\u00e1quio em Belo Horizonte se unem para encenar e vivenciar a via crucis. O Teatro da Paix\u00e3o, como \u00e9 conhecido, \u00e9 realizado h\u00e1 v\u00e1rios anos e atrai os olhares de milhares de fi\u00e9is. Apesar de ser encabe\u00e7ado pelos jovens do EJC e da Crisma, a encena\u00e7\u00e3o da Paix\u00e3o de Cristo une toda a comunidade, contando com a participa\u00e7\u00e3o e colabora\u00e7\u00e3o de outros membros da Par\u00f3quia dos Sagrados Cora\u00e7\u00f5es em BH. Normalmente, quase 100 pessoas s\u00e3o envolvidas diretamente [&hellip;]<\/p>\n","protected":false},"author":2,"featured_media":11163,"comment_status":"open","ping_status":"closed","sticky":false,"template":"","format":"standard","meta":{"_acf_changed":false,"footnotes":""},"categories":[611],"tags":[],"class_list":["post-11162","post","type-post","status-publish","format-standard","has-post-thumbnail","hentry","category-noticias"],"acf":[],"yoast_head":"<!-- This site is optimized with the Yoast SEO plugin v27.2 - https:\/\/yoast.com\/product\/yoast-seo-wordpress\/ -->\n<title>TRADI\u00c7\u00c3O - Teatro da Paix\u00e3o ser\u00e1 realizado pelos jovens nesta sexta-feira<\/title>\n<meta name=\"description\" content=\"No dia em que a Igreja celebra a Paix\u00e3o e Morte de Nosso Senhor Jesus Cristo, os jovens da Igreja do Beato Padre Eust\u00e1quio em Belo Horizonte se unem para encenar e vivenciar a via crucis. O Teatro da Paix\u00e3o, como \u00e9 conhecido, \u00e9 realizado h\u00e1 v\u00e1rios anos e atrai os olhares de milhares de fi\u00e9is.\" \/>\n<meta name=\"robots\" content=\"index, follow, max-snippet:-1, max-image-preview:large, max-video-preview:-1\" \/>\n<link rel=\"canonical\" href=\"https:\/\/www.padreeustaquio.com.br\/en\/the-traditional-passion-play-will-be-performed-by-young-people-this-friday\/\" \/>\n<meta property=\"og:locale\" content=\"en_US\" \/>\n<meta property=\"og:type\" content=\"article\" \/>\n<meta property=\"og:title\" content=\"TRADI\u00c7\u00c3O - Teatro da Paix\u00e3o ser\u00e1 realizado pelos jovens nesta sexta-feira\" \/>\n<meta property=\"og:description\" content=\"No dia em que a Igreja celebra a Paix\u00e3o e Morte de Nosso Senhor Jesus Cristo, os jovens da Igreja do Beato Padre Eust\u00e1quio em Belo Horizonte se unem para encenar e vivenciar a via crucis. O Teatro da Paix\u00e3o, como \u00e9 conhecido, \u00e9 realizado h\u00e1 v\u00e1rios anos e atrai os olhares de milhares de fi\u00e9is.\" \/>\n<meta property=\"og:url\" content=\"https:\/\/www.padreeustaquio.com.br\/en\/the-traditional-passion-play-will-be-performed-by-young-people-this-friday\/\" \/>\n<meta property=\"og:site_name\" content=\"Padre Eust\u00e1quio\" \/>\n<meta property=\"article:publisher\" content=\"https:\/\/www.facebook.com\/beatopadreeustaquio\/\" \/>\n<meta property=\"article:published_time\" content=\"2024-03-27T12:02:14+00:00\" \/>\n<meta property=\"article:modified_time\" content=\"2024-03-27T12:19:38+00:00\" \/>\n<meta property=\"og:image\" content=\"https:\/\/www.padreeustaquio.com.br\/wp-content\/uploads\/2024\/03\/Teatro-da-Paixao-e1711539753882.jpeg\" \/>\n\t<meta property=\"og:image:width\" content=\"1200\" \/>\n\t<meta property=\"og:image:height\" content=\"709\" \/>\n\t<meta property=\"og:image:type\" content=\"image\/jpeg\" \/>\n<meta name=\"author\" content=\"@sscc\" \/>\n<meta name=\"twitter:card\" content=\"summary_large_image\" \/>\n<meta name=\"twitter:creator\" content=\"@beatopeustaquio\" \/>\n<meta name=\"twitter:site\" content=\"@beatopeustaquio\" \/>\n<meta name=\"twitter:label1\" content=\"Written by\" \/>\n\t<meta name=\"twitter:data1\" content=\"@sscc\" \/>\n\t<meta name=\"twitter:label2\" content=\"Est. reading time\" \/>\n\t<meta name=\"twitter:data2\" content=\"2 minutes\" \/>\n<script type=\"application\/ld+json\" class=\"yoast-schema-graph\">{\"@context\":\"https:\/\/schema.org\",\"@graph\":[{\"@type\":\"Article\",\"@id\":\"https:\/\/www.padreeustaquio.com.br\/tradicao-teatro-da-paixao-sera-realizado-pelos-jovens-nesta-sexta-feira\/#article\",\"isPartOf\":{\"@id\":\"https:\/\/www.padreeustaquio.com.br\/tradicao-teatro-da-paixao-sera-realizado-pelos-jovens-nesta-sexta-feira\/\"},\"author\":{\"name\":\"@sscc\",\"@id\":\"https:\/\/www.padreeustaquio.com.br\/#\/schema\/person\/a2a51db1d00f1a7af0204a0f1ddb1566\"},\"headline\":\"TRADI\u00c7\u00c3O &#8211; Teatro da Paix\u00e3o ser\u00e1 realizado pelos jovens nesta sexta-feira\",\"datePublished\":\"2024-03-27T12:02:14+00:00\",\"dateModified\":\"2024-03-27T12:19:38+00:00\",\"mainEntityOfPage\":{\"@id\":\"https:\/\/www.padreeustaquio.com.br\/tradicao-teatro-da-paixao-sera-realizado-pelos-jovens-nesta-sexta-feira\/\"},\"wordCount\":291,\"commentCount\":0,\"publisher\":{\"@id\":\"https:\/\/www.padreeustaquio.com.br\/#organization\"},\"image\":{\"@id\":\"https:\/\/www.padreeustaquio.com.br\/tradicao-teatro-da-paixao-sera-realizado-pelos-jovens-nesta-sexta-feira\/#primaryimage\"},\"thumbnailUrl\":\"https:\/\/www.padreeustaquio.com.br\/wp-content\/uploads\/2024\/03\/Teatro-da-Paixao-e1711539753882.jpeg\",\"articleSection\":[\"Not\u00edcias\"],\"inLanguage\":\"en-US\",\"potentialAction\":[{\"@type\":\"CommentAction\",\"name\":\"Comment\",\"target\":[\"https:\/\/www.padreeustaquio.com.br\/tradicao-teatro-da-paixao-sera-realizado-pelos-jovens-nesta-sexta-feira\/#respond\"]}]},{\"@type\":\"WebPage\",\"@id\":\"https:\/\/www.padreeustaquio.com.br\/tradicao-teatro-da-paixao-sera-realizado-pelos-jovens-nesta-sexta-feira\/\",\"url\":\"https:\/\/www.padreeustaquio.com.br\/tradicao-teatro-da-paixao-sera-realizado-pelos-jovens-nesta-sexta-feira\/\",\"name\":\"TRADI\u00c7\u00c3O - Teatro da Paix\u00e3o ser\u00e1 realizado pelos jovens nesta sexta-feira\",\"isPartOf\":{\"@id\":\"https:\/\/www.padreeustaquio.com.br\/#website\"},\"primaryImageOfPage\":{\"@id\":\"https:\/\/www.padreeustaquio.com.br\/tradicao-teatro-da-paixao-sera-realizado-pelos-jovens-nesta-sexta-feira\/#primaryimage\"},\"image\":{\"@id\":\"https:\/\/www.padreeustaquio.com.br\/tradicao-teatro-da-paixao-sera-realizado-pelos-jovens-nesta-sexta-feira\/#primaryimage\"},\"thumbnailUrl\":\"https:\/\/www.padreeustaquio.com.br\/wp-content\/uploads\/2024\/03\/Teatro-da-Paixao-e1711539753882.jpeg\",\"datePublished\":\"2024-03-27T12:02:14+00:00\",\"dateModified\":\"2024-03-27T12:19:38+00:00\",\"description\":\"No dia em que a Igreja celebra a Paix\u00e3o e Morte de Nosso Senhor Jesus Cristo, os jovens da Igreja do Beato Padre Eust\u00e1quio em Belo Horizonte se unem para encenar e vivenciar a via crucis. O Teatro da Paix\u00e3o, como \u00e9 conhecido, \u00e9 realizado h\u00e1 v\u00e1rios anos e atrai os olhares de milhares de fi\u00e9is.\",\"breadcrumb\":{\"@id\":\"https:\/\/www.padreeustaquio.com.br\/tradicao-teatro-da-paixao-sera-realizado-pelos-jovens-nesta-sexta-feira\/#breadcrumb\"},\"inLanguage\":\"en-US\",\"potentialAction\":[{\"@type\":\"ReadAction\",\"target\":[\"https:\/\/www.padreeustaquio.com.br\/tradicao-teatro-da-paixao-sera-realizado-pelos-jovens-nesta-sexta-feira\/\"]}]},{\"@type\":\"ImageObject\",\"inLanguage\":\"en-US\",\"@id\":\"https:\/\/www.padreeustaquio.com.br\/tradicao-teatro-da-paixao-sera-realizado-pelos-jovens-nesta-sexta-feira\/#primaryimage\",\"url\":\"https:\/\/www.padreeustaquio.com.br\/wp-content\/uploads\/2024\/03\/Teatro-da-Paixao-e1711539753882.jpeg\",\"contentUrl\":\"https:\/\/www.padreeustaquio.com.br\/wp-content\/uploads\/2024\/03\/Teatro-da-Paixao-e1711539753882.jpeg\",\"width\":1200,\"height\":709},{\"@type\":\"BreadcrumbList\",\"@id\":\"https:\/\/www.padreeustaquio.com.br\/tradicao-teatro-da-paixao-sera-realizado-pelos-jovens-nesta-sexta-feira\/#breadcrumb\",\"itemListElement\":[{\"@type\":\"ListItem\",\"position\":1,\"name\":\"In\u00edcio\",\"item\":\"https:\/\/www.padreeustaquio.com.br\/\"},{\"@type\":\"ListItem\",\"position\":2,\"name\":\"TRADI\u00c7\u00c3O &#8211; Teatro da Paix\u00e3o ser\u00e1 realizado pelos jovens nesta sexta-feira\"}]},{\"@type\":\"WebSite\",\"@id\":\"https:\/\/www.padreeustaquio.com.br\/#website\",\"url\":\"https:\/\/www.padreeustaquio.com.br\/\",\"name\":\"Padre Eust\u00e1quio\",\"description\":\"Sa\u00fade e Paz\",\"publisher\":{\"@id\":\"https:\/\/www.padreeustaquio.com.br\/#organization\"},\"potentialAction\":[{\"@type\":\"SearchAction\",\"target\":{\"@type\":\"EntryPoint\",\"urlTemplate\":\"https:\/\/www.padreeustaquio.com.br\/?s={search_term_string}\"},\"query-input\":{\"@type\":\"PropertyValueSpecification\",\"valueRequired\":true,\"valueName\":\"search_term_string\"}}],\"inLanguage\":\"en-US\"},{\"@type\":\"Organization\",\"@id\":\"https:\/\/www.padreeustaquio.com.br\/#organization\",\"name\":\"Padre Eust\u00e1quio\",\"url\":\"https:\/\/www.padreeustaquio.com.br\/\",\"logo\":{\"@type\":\"ImageObject\",\"inLanguage\":\"en-US\",\"@id\":\"https:\/\/www.padreeustaquio.com.br\/#\/schema\/logo\/image\/\",\"url\":\"https:\/\/www.padreeustaquio.com.br\/wp-content\/uploads\/2019\/08\/marca.png\",\"contentUrl\":\"https:\/\/www.padreeustaquio.com.br\/wp-content\/uploads\/2019\/08\/marca.png\",\"width\":350,\"height\":400,\"caption\":\"Padre Eust\u00e1quio\"},\"image\":{\"@id\":\"https:\/\/www.padreeustaquio.com.br\/#\/schema\/logo\/image\/\"},\"sameAs\":[\"https:\/\/www.facebook.com\/beatopadreeustaquio\/\",\"https:\/\/x.com\/beatopeustaquio\",\"https:\/\/www.instagram.com\/beatopadreeustaquio\/\",\"https:\/\/www.youtube.com\/channel\/UCRhw7vfabnajwLxb1ZXMeIw\"]},{\"@type\":\"Person\",\"@id\":\"https:\/\/www.padreeustaquio.com.br\/#\/schema\/person\/a2a51db1d00f1a7af0204a0f1ddb1566\",\"name\":\"@sscc\",\"image\":{\"@type\":\"ImageObject\",\"inLanguage\":\"en-US\",\"@id\":\"https:\/\/secure.gravatar.com\/avatar\/68cfafa5f44617fea54071e215026e0ff06be366c3d54a8425f04fdcb86f8c5f?s=96&d=mm&r=g\",\"url\":\"https:\/\/secure.gravatar.com\/avatar\/68cfafa5f44617fea54071e215026e0ff06be366c3d54a8425f04fdcb86f8c5f?s=96&d=mm&r=g\",\"contentUrl\":\"https:\/\/secure.gravatar.com\/avatar\/68cfafa5f44617fea54071e215026e0ff06be366c3d54a8425f04fdcb86f8c5f?s=96&d=mm&r=g\",\"caption\":\"@sscc\"},\"url\":\"https:\/\/www.padreeustaquio.com.br\/en\/author\/sscc\/\"}]}<\/script>\n<!-- \/ Yoast SEO plugin. -->","yoast_head_json":{"title":"TRADITION - Passion Play will be performed by young people this Friday.","description":"On the day the Church celebrates the Passion and Death of Our Lord Jesus Christ, the young people of the Church of Blessed Father Eust\u00e1quio in Belo Horizonte come together to enact and experience the Stations of the Cross. The Passion Play, as it is known, has been performed for several years and attracts the attention of thousands of faithful.","robots":{"index":"index","follow":"follow","max-snippet":"max-snippet:-1","max-image-preview":"max-image-preview:large","max-video-preview":"max-video-preview:-1"},"canonical":"https:\/\/www.padreeustaquio.com.br\/en\/the-traditional-passion-play-will-be-performed-by-young-people-this-friday\/","og_locale":"en_US","og_type":"article","og_title":"TRADI\u00c7\u00c3O - Teatro da Paix\u00e3o ser\u00e1 realizado pelos jovens nesta sexta-feira","og_description":"No dia em que a Igreja celebra a Paix\u00e3o e Morte de Nosso Senhor Jesus Cristo, os jovens da Igreja do Beato Padre Eust\u00e1quio em Belo Horizonte se unem para encenar e vivenciar a via crucis. O Teatro da Paix\u00e3o, como \u00e9 conhecido, \u00e9 realizado h\u00e1 v\u00e1rios anos e atrai os olhares de milhares de fi\u00e9is.","og_url":"https:\/\/www.padreeustaquio.com.br\/en\/the-traditional-passion-play-will-be-performed-by-young-people-this-friday\/","og_site_name":"Padre Eust\u00e1quio","article_publisher":"https:\/\/www.facebook.com\/beatopadreeustaquio\/","article_published_time":"2024-03-27T12:02:14+00:00","article_modified_time":"2024-03-27T12:19:38+00:00","og_image":[{"width":1200,"height":709,"url":"https:\/\/www.padreeustaquio.com.br\/wp-content\/uploads\/2024\/03\/Teatro-da-Paixao-e1711539753882.jpeg","type":"image\/jpeg"}],"author":"@sscc","twitter_card":"summary_large_image","twitter_creator":"@beatopeustaquio","twitter_site":"@beatopeustaquio","twitter_misc":{"Written by":"@sscc","Est. reading time":"2 minutes"},"schema":{"@context":"https:\/\/schema.org","@graph":[{"@type":"Article","@id":"https:\/\/www.padreeustaquio.com.br\/tradicao-teatro-da-paixao-sera-realizado-pelos-jovens-nesta-sexta-feira\/#article","isPartOf":{"@id":"https:\/\/www.padreeustaquio.com.br\/tradicao-teatro-da-paixao-sera-realizado-pelos-jovens-nesta-sexta-feira\/"},"author":{"name":"@sscc","@id":"https:\/\/www.padreeustaquio.com.br\/#\/schema\/person\/a2a51db1d00f1a7af0204a0f1ddb1566"},"headline":"TRADI\u00c7\u00c3O &#8211; Teatro da Paix\u00e3o ser\u00e1 realizado pelos jovens nesta sexta-feira","datePublished":"2024-03-27T12:02:14+00:00","dateModified":"2024-03-27T12:19:38+00:00","mainEntityOfPage":{"@id":"https:\/\/www.padreeustaquio.com.br\/tradicao-teatro-da-paixao-sera-realizado-pelos-jovens-nesta-sexta-feira\/"},"wordCount":291,"commentCount":0,"publisher":{"@id":"https:\/\/www.padreeustaquio.com.br\/#organization"},"image":{"@id":"https:\/\/www.padreeustaquio.com.br\/tradicao-teatro-da-paixao-sera-realizado-pelos-jovens-nesta-sexta-feira\/#primaryimage"},"thumbnailUrl":"https:\/\/www.padreeustaquio.com.br\/wp-content\/uploads\/2024\/03\/Teatro-da-Paixao-e1711539753882.jpeg","articleSection":["Not\u00edcias"],"inLanguage":"en-US","potentialAction":[{"@type":"CommentAction","name":"Comment","target":["https:\/\/www.padreeustaquio.com.br\/tradicao-teatro-da-paixao-sera-realizado-pelos-jovens-nesta-sexta-feira\/#respond"]}]},{"@type":"WebPage","@id":"https:\/\/www.padreeustaquio.com.br\/tradicao-teatro-da-paixao-sera-realizado-pelos-jovens-nesta-sexta-feira\/","url":"https:\/\/www.padreeustaquio.com.br\/tradicao-teatro-da-paixao-sera-realizado-pelos-jovens-nesta-sexta-feira\/","name":"TRADITION - Passion Play will be performed by young people this Friday.","isPartOf":{"@id":"https:\/\/www.padreeustaquio.com.br\/#website"},"primaryImageOfPage":{"@id":"https:\/\/www.padreeustaquio.com.br\/tradicao-teatro-da-paixao-sera-realizado-pelos-jovens-nesta-sexta-feira\/#primaryimage"},"image":{"@id":"https:\/\/www.padreeustaquio.com.br\/tradicao-teatro-da-paixao-sera-realizado-pelos-jovens-nesta-sexta-feira\/#primaryimage"},"thumbnailUrl":"https:\/\/www.padreeustaquio.com.br\/wp-content\/uploads\/2024\/03\/Teatro-da-Paixao-e1711539753882.jpeg","datePublished":"2024-03-27T12:02:14+00:00","dateModified":"2024-03-27T12:19:38+00:00","description":"On the day the Church celebrates the Passion and Death of Our Lord Jesus Christ, the young people of the Church of Blessed Father Eust\u00e1quio in Belo Horizonte come together to enact and experience the Stations of the Cross. The Passion Play, as it is known, has been performed for several years and attracts the attention of thousands of faithful.","breadcrumb":{"@id":"https:\/\/www.padreeustaquio.com.br\/tradicao-teatro-da-paixao-sera-realizado-pelos-jovens-nesta-sexta-feira\/#breadcrumb"},"inLanguage":"en-US","potentialAction":[{"@type":"ReadAction","target":["https:\/\/www.padreeustaquio.com.br\/tradicao-teatro-da-paixao-sera-realizado-pelos-jovens-nesta-sexta-feira\/"]}]},{"@type":"ImageObject","inLanguage":"en-US","@id":"https:\/\/www.padreeustaquio.com.br\/tradicao-teatro-da-paixao-sera-realizado-pelos-jovens-nesta-sexta-feira\/#primaryimage","url":"https:\/\/www.padreeustaquio.com.br\/wp-content\/uploads\/2024\/03\/Teatro-da-Paixao-e1711539753882.jpeg","contentUrl":"https:\/\/www.padreeustaquio.com.br\/wp-content\/uploads\/2024\/03\/Teatro-da-Paixao-e1711539753882.jpeg","width":1200,"height":709},{"@type":"BreadcrumbList","@id":"https:\/\/www.padreeustaquio.com.br\/tradicao-teatro-da-paixao-sera-realizado-pelos-jovens-nesta-sexta-feira\/#breadcrumb","itemListElement":[{"@type":"ListItem","position":1,"name":"In\u00edcio","item":"https:\/\/www.padreeustaquio.com.br\/"},{"@type":"ListItem","position":2,"name":"TRADI\u00c7\u00c3O &#8211; Teatro da Paix\u00e3o ser\u00e1 realizado pelos jovens nesta sexta-feira"}]},{"@type":"WebSite","@id":"https:\/\/www.padreeustaquio.com.br\/#website","url":"https:\/\/www.padreeustaquio.com.br\/","name":"FATHER EUST\u00c1QUIO","description":"Health and Peace","publisher":{"@id":"https:\/\/www.padreeustaquio.com.br\/#organization"},"potentialAction":[{"@type":"SearchAction","target":{"@type":"EntryPoint","urlTemplate":"https:\/\/www.padreeustaquio.com.br\/?s={search_term_string}"},"query-input":{"@type":"PropertyValueSpecification","valueRequired":true,"valueName":"search_term_string"}}],"inLanguage":"en-US"},{"@type":"Organization","@id":"https:\/\/www.padreeustaquio.com.br\/#organization","name":"FATHER EUST\u00c1QUIO","url":"https:\/\/www.padreeustaquio.com.br\/","logo":{"@type":"ImageObject","inLanguage":"en-US","@id":"https:\/\/www.padreeustaquio.com.br\/#\/schema\/logo\/image\/","url":"https:\/\/www.padreeustaquio.com.br\/wp-content\/uploads\/2019\/08\/marca.png","contentUrl":"https:\/\/www.padreeustaquio.com.br\/wp-content\/uploads\/2019\/08\/marca.png","width":350,"height":400,"caption":"Padre Eust\u00e1quio"},"image":{"@id":"https:\/\/www.padreeustaquio.com.br\/#\/schema\/logo\/image\/"},"sameAs":["https:\/\/www.facebook.com\/beatopadreeustaquio\/","https:\/\/x.com\/beatopeustaquio","https:\/\/www.instagram.com\/beatopadreeustaquio\/","https:\/\/www.youtube.com\/channel\/UCRhw7vfabnajwLxb1ZXMeIw"]},{"@type":"Person","@id":"https:\/\/www.padreeustaquio.com.br\/#\/schema\/person\/a2a51db1d00f1a7af0204a0f1ddb1566","name":"@sscc","image":{"@type":"ImageObject","inLanguage":"en-US","@id":"https:\/\/secure.gravatar.com\/avatar\/68cfafa5f44617fea54071e215026e0ff06be366c3d54a8425f04fdcb86f8c5f?s=96&d=mm&r=g","url":"https:\/\/secure.gravatar.com\/avatar\/68cfafa5f44617fea54071e215026e0ff06be366c3d54a8425f04fdcb86f8c5f?s=96&d=mm&r=g","contentUrl":"https:\/\/secure.gravatar.com\/avatar\/68cfafa5f44617fea54071e215026e0ff06be366c3d54a8425f04fdcb86f8c5f?s=96&d=mm&r=g","caption":"@sscc"},"url":"https:\/\/www.padreeustaquio.com.br\/en\/author\/sscc\/"}]}},"_links":{"self":[{"href":"https:\/\/www.padreeustaquio.com.br\/en\/wp-json\/wp\/v2\/posts\/11162","targetHints":{"allow":["GET"]}}],"collection":[{"href":"https:\/\/www.padreeustaquio.com.br\/en\/wp-json\/wp\/v2\/posts"}],"about":[{"href":"https:\/\/www.padreeustaquio.com.br\/en\/wp-json\/wp\/v2\/types\/post"}],"author":[{"embeddable":true,"href":"https:\/\/www.padreeustaquio.com.br\/en\/wp-json\/wp\/v2\/users\/2"}],"replies":[{"embeddable":true,"href":"https:\/\/www.padreeustaquio.com.br\/en\/wp-json\/wp\/v2\/comments?post=11162"}],"version-history":[{"count":0,"href":"https:\/\/www.padreeustaquio.com.br\/en\/wp-json\/wp\/v2\/posts\/11162\/revisions"}],"wp:featuredmedia":[{"embeddable":true,"href":"https:\/\/www.padreeustaquio.com.br\/en\/wp-json\/wp\/v2\/media\/11163"}],"wp:attachment":[{"href":"https:\/\/www.padreeustaquio.com.br\/en\/wp-json\/wp\/v2\/media?parent=11162"}],"wp:term":[{"taxonomy":"category","embeddable":true,"href":"https:\/\/www.padreeustaquio.com.br\/en\/wp-json\/wp\/v2\/categories?post=11162"},{"taxonomy":"post_tag","embeddable":true,"href":"https:\/\/www.padreeustaquio.com.br\/en\/wp-json\/wp\/v2\/tags?post=11162"}],"curies":[{"name":"wp","href":"https:\/\/api.w.org\/{rel}","templated":true}]}}